{"id":9893,"date":"2020-02-18T16:37:25","date_gmt":"2020-02-18T15:37:25","guid":{"rendered":"https:\/\/www.cgtaragonlarioja.org\/fedens2\/noticias\/quieres-ser-antena-de-cgt-en-tu\/"},"modified":"2021-02-07T01:05:24","modified_gmt":"2021-02-07T00:05:24","slug":"quieres-ser-antena-de-cgt-en-tu","status":"publish","type":"post","link":"https:\/\/www.cgtaragonlarioja.org\/fedens\/quieres-ser-antena-de-cgt-en-tu\/","title":{"rendered":"\u00c2\u00bfQuieres ser antena de CGT en tu centro?"},"content":{"rendered":"<p>\u00bfEres afiliad@ de CGT-Ense\u00f1anza?<br \/>\n\u00bfTe preocupa la educaci\u00f3n p\u00fablica?<br \/>\n\u00bfTe interesa mejorar las condiciones laborales de los docentes?<\/p>\n<p>\u00bfQuieres ser ANTENA de CGT en tu centro educativo?<br \/>\n\u00bfQuieres colaborar con tu sindicato desde tu lugar de trabajo?<br \/>\n\u00bfQuieres participar de manera m\u00e1s estrecha con tu sindicato?<\/p>\n<p>Como sab\u00e9is, la capacidad de un sindicato abierto y asambleario como CGT depende en gran medida de sus afiliados y afiliadas. Somos conscientes de que much@s de vosotr@s desar\u00edais participar de manera m\u00e1s activa en el sindicato y que por diversas razones (lejan\u00eda, obligaciones familiares, etc\u2026) encontr\u00e1is dificultades para hacerlo.<br \/>\nDesde CGT-Ense\u00f1anza hemos lanzado el proyecto de crear una red de antenas en los diferentes centros escolares de Arag\u00f3n. <\/p>\n<p>La idea es implicar a los afiliados que lo deseen en la marcha del sindicato, y servir de apoyo y referencia para la comunicaci\u00f3n con sus respectivas comunidades educativas. Las labores de estas antenas ser\u00edan las de transmitir a CGT-Ense\u00f1anza las necesidades y problemas puntuales en su respectivo centro, as\u00ed como ayudar a la dinamizaci\u00f3n y difusi\u00f3n de las actividades del sindicato (poner carteles informativos, servir de orientaci\u00f3n en las visitas escolares, ser primer enlace entre docentes y sindicato, etc\u2026).<\/p>\n<p>Aquell@s interesados pueden ponerse en contacto con el sindicato a trav\u00e9s del mail <\/p>\n<p><strong>ensenanza.zaragoza@cgtaragonlarioja.org<\/strong><\/p>\n<p>S\u00edguenos en la <strong>web<\/strong><br \/>\n<a href=\"https:\/\/cgtfedens.com\/\">https:\/\/cgtfedens.com\/<\/a><br \/>\n<strong>Facebook <\/strong><a href=\"https:\/\/es-es.facebook.com\/login\/?next=https%3A%2F%2Fes-es.facebook.com%2FCGTEnseAragon%2F\">https:\/\/es-es.facebook.com\/CGTEnseAragon\/<\/a> y <strong>Twitter<\/strong><a href=\"https:\/\/twitter.com\/CGTeduAragon\">https:\/\/twitter.com\/CGTeduAragon<\/a><\/p>\n<p>\u00a1Salud!<br \/>\n<figure id=\"attachment_9892\" aria-describedby=\"caption-attachment-9892\" style=\"width: 800px\" class=\"wp-caption alignleft\"><img loading=\"lazy\" decoding=\"async\" class=\" alignleft size-full wp-image-9892\" src=\"https:\/\/www.cgtaragonlarioja.org\/fedens\/wp-content\/uploads\/sites\/2\/2020\/02\/Antenas_CGT.png\" alt=\"\u00c2\u00bfQuieres ser antena de CGT en tu centro?\" title=\"\u00c2\u00bfQuieres ser antena de CGT en tu centro?\" class=\"caption\" align=\"left\" width=\"800\" height=\"2000\" srcset=\"https:\/\/www.cgtaragonlarioja.org\/fedens\/files\/2020\/02\/Antenas_CGT.png 800w, https:\/\/www.cgtaragonlarioja.org\/fedens\/files\/2020\/02\/Antenas_CGT-120x300.png 120w, https:\/\/www.cgtaragonlarioja.org\/fedens\/files\/2020\/02\/Antenas_CGT-410x1024.png 410w, https:\/\/www.cgtaragonlarioja.org\/fedens\/files\/2020\/02\/Antenas_CGT-768x1920.png 768w, https:\/\/www.cgtaragonlarioja.org\/fedens\/files\/2020\/02\/Antenas_CGT-614x1536.png 614w\" sizes=\"auto, (max-width: 800px) 100vw, 800px\" \/><figcaption id=\"caption-attachment-9892\" class=\"wp-caption-text\">\u00c2\u00bfQuieres ser antena de CGT en tu centro?<\/figcaption><\/figure><\/p>\n<div id='gallery-1' class='gallery galleryid-9893 gallery-columns-3 gallery-size-thumbnail'><figure class='gallery-item'>\n\t\t\t<div class='gallery-icon portrait'>\n\t\t\t\t<a href='https:\/\/www.cgtaragonlarioja.org\/fedens\/files\/2020\/02\/Antenas_CGT.png'><img loading=\"lazy\" decoding=\"async\" width=\"150\" height=\"150\" src=\"https:\/\/www.cgtaragonlarioja.org\/fedens\/files\/2020\/02\/Antenas_CGT-150x150.png\" class=\"attachment-thumbnail size-thumbnail\" alt=\"\u00c2\u00bfQuieres ser antena de CGT en tu centro?\" aria-describedby=\"gallery-1-9892\" \/><\/a>\n\t\t\t<\/div>\n\t\t\t\t<figcaption class='wp-caption-text gallery-caption' id='gallery-1-9892'>\n\t\t\t\t\u00c2\u00bfQuieres ser antena de CGT en tu centro?\n\t\t\t\t<\/figcaption><\/figure><figure class='gallery-item'>\n\t\t\t<div class='gallery-icon portrait'>\n\t\t\t\t<a href='https:\/\/www.cgtaragonlarioja.org\/fedens\/files\/2020\/02\/Antenas_CGT-2.png'><img loading=\"lazy\" decoding=\"async\" width=\"150\" height=\"150\" src=\"https:\/\/www.cgtaragonlarioja.org\/fedens\/files\/2020\/02\/Antenas_CGT-2-150x150.png\" class=\"attachment-thumbnail size-thumbnail\" alt=\"\u00c2\u00bfQuieres ser antena de CGT en tu centro?\" aria-describedby=\"gallery-1-9894\" \/><\/a>\n\t\t\t<\/div>\n\t\t\t\t<figcaption class='wp-caption-text gallery-caption' id='gallery-1-9894'>\n\t\t\t\t\u00c2\u00bfQuieres ser antena de CGT en tu centro?\n\t\t\t\t<\/figcaption><\/figure>\n\t\t<\/div>\n\n","protected":false},"excerpt":{"rendered":"<p>\u00bfEres afiliad@ de CGT-Ense\u00f1anza? \u00bfTe preocupa la educaci\u00f3n p\u00fablica? \u00bfTe interesa mejorar las condiciones laborales<\/p>\n","protected":false},"author":485,"featured_media":9892,"comment_status":"open","ping_status":"open","sticky":false,"template":"","format":"standard","meta":{"footnotes":""},"categories":[480],"tags":[],"class_list":["post-9893","post","type-post","status-publish","format-standard","has-post-thumbnail","hentry","category-noticias"],"yoast_head":"<!-- This site is optimized with the Yoast SEO plugin v26.7 - https:\/\/yoast.com\/wordpress\/plugins\/seo\/ -->\n<title>\u00c2\u00bfQuieres ser antena de CGT en tu centro?<\/title>\n<meta name=\"description\" content=\"\u00bfEres afiliad@ de CGT-Ense\u00f1anza? \u00bfTe preocupa la educaci\u00f3n p\u00fablica? \u00bfTe interesa mejorar las condiciones laborales de los docentes? \u00bfQuieres ser ANTENA de\" \/>\n<meta name=\"robots\" content=\"index, follow, max-snippet:-1, max-image-preview:large, max-video-preview:-1\" \/>\n<link rel=\"canonical\" href=\"https:\/\/www.cgtaragonlarioja.org\/fedens\/quieres-ser-antena-de-cgt-en-tu\/\" \/>\n<meta property=\"og:locale\" content=\"es_ES\" \/>\n<meta property=\"og:type\" content=\"article\" \/>\n<meta property=\"og:title\" content=\"\u00c2\u00bfQuieres ser antena de CGT en tu centro?\" \/>\n<meta property=\"og:description\" content=\"\u00bfEres afiliad@ de CGT-Ense\u00f1anza? \u00bfTe preocupa la educaci\u00f3n p\u00fablica? \u00bfTe interesa mejorar las condiciones laborales de los docentes? \u00bfQuieres ser ANTENA de\" \/>\n<meta property=\"og:url\" content=\"https:\/\/www.cgtaragonlarioja.org\/fedens\/quieres-ser-antena-de-cgt-en-tu\/\" \/>\n<meta property=\"og:site_name\" content=\"CGT Arag\u00f3n - La Rioja. ENSE\u00d1ANZA\" \/>\n<meta property=\"article:publisher\" content=\"https:\/\/www.facebook.com\/CGTEnseAragon\/\" \/>\n<meta property=\"article:published_time\" content=\"2020-02-18T15:37:25+00:00\" \/>\n<meta property=\"article:modified_time\" content=\"2021-02-07T00:05:24+00:00\" \/>\n<meta property=\"og:image\" content=\"https:\/\/www.cgtaragonlarioja.org\/fedens\/files\/2020\/02\/Antenas_CGT.png\" \/>\n\t<meta property=\"og:image:width\" content=\"800\" \/>\n\t<meta property=\"og:image:height\" content=\"2000\" \/>\n\t<meta property=\"og:image:type\" content=\"image\/png\" \/>\n<meta name=\"twitter:card\" content=\"summary_large_image\" \/>\n<meta name=\"twitter:creator\" content=\"@CGTeduAragon\" \/>\n<meta name=\"twitter:site\" content=\"@CGTeduAragon\" \/>\n<meta name=\"twitter:label1\" content=\"Escrito por\" \/>\n\t<meta name=\"twitter:data1\" content=\"\" \/>\n\t<meta name=\"twitter:label2\" content=\"Tiempo de lectura\" \/>\n\t<meta name=\"twitter:data2\" content=\"1 minuto\" \/>\n<script type=\"application\/ld+json\" class=\"yoast-schema-graph\">{\"@context\":\"https:\/\/schema.org\",\"@graph\":[{\"@type\":\"Article\",\"@id\":\"https:\/\/www.cgtaragonlarioja.org\/fedens\/quieres-ser-antena-de-cgt-en-tu\/#article\",\"isPartOf\":{\"@id\":\"https:\/\/www.cgtaragonlarioja.org\/fedens\/quieres-ser-antena-de-cgt-en-tu\/\"},\"author\":{\"name\":\"\",\"@id\":\"\"},\"headline\":\"\u00c2\u00bfQuieres ser antena de CGT en tu centro?\",\"datePublished\":\"2020-02-18T15:37:25+00:00\",\"dateModified\":\"2021-02-07T00:05:24+00:00\",\"mainEntityOfPage\":{\"@id\":\"https:\/\/www.cgtaragonlarioja.org\/fedens\/quieres-ser-antena-de-cgt-en-tu\/\"},\"wordCount\":281,\"commentCount\":0,\"publisher\":{\"@id\":\"https:\/\/www.cgtaragonlarioja.org\/fedens\/#organization\"},\"image\":{\"@id\":\"https:\/\/www.cgtaragonlarioja.org\/fedens\/quieres-ser-antena-de-cgt-en-tu\/#primaryimage\"},\"thumbnailUrl\":\"https:\/\/www.cgtaragonlarioja.org\/fedens\/files\/2020\/02\/Antenas_CGT.png\",\"articleSection\":[\"Noticias\"],\"inLanguage\":\"es\",\"potentialAction\":[{\"@type\":\"CommentAction\",\"name\":\"Comment\",\"target\":[\"https:\/\/www.cgtaragonlarioja.org\/fedens\/quieres-ser-antena-de-cgt-en-tu\/#respond\"]}]},{\"@type\":\"WebPage\",\"@id\":\"https:\/\/www.cgtaragonlarioja.org\/fedens\/quieres-ser-antena-de-cgt-en-tu\/\",\"url\":\"https:\/\/www.cgtaragonlarioja.org\/fedens\/quieres-ser-antena-de-cgt-en-tu\/\",\"name\":\"\u00c2\u00bfQuieres ser antena de CGT en tu centro?\",\"isPartOf\":{\"@id\":\"https:\/\/www.cgtaragonlarioja.org\/fedens\/#website\"},\"primaryImageOfPage\":{\"@id\":\"https:\/\/www.cgtaragonlarioja.org\/fedens\/quieres-ser-antena-de-cgt-en-tu\/#primaryimage\"},\"image\":{\"@id\":\"https:\/\/www.cgtaragonlarioja.org\/fedens\/quieres-ser-antena-de-cgt-en-tu\/#primaryimage\"},\"thumbnailUrl\":\"https:\/\/www.cgtaragonlarioja.org\/fedens\/files\/2020\/02\/Antenas_CGT.png\",\"datePublished\":\"2020-02-18T15:37:25+00:00\",\"dateModified\":\"2021-02-07T00:05:24+00:00\",\"description\":\"\u00bfEres afiliad@ de CGT-Ense\u00f1anza? \u00bfTe preocupa la educaci\u00f3n p\u00fablica? \u00bfTe interesa mejorar las condiciones laborales de los docentes? \u00bfQuieres ser ANTENA de\",\"breadcrumb\":{\"@id\":\"https:\/\/www.cgtaragonlarioja.org\/fedens\/quieres-ser-antena-de-cgt-en-tu\/#breadcrumb\"},\"inLanguage\":\"es\",\"potentialAction\":[{\"@type\":\"ReadAction\",\"target\":[\"https:\/\/www.cgtaragonlarioja.org\/fedens\/quieres-ser-antena-de-cgt-en-tu\/\"]}]},{\"@type\":\"ImageObject\",\"inLanguage\":\"es\",\"@id\":\"https:\/\/www.cgtaragonlarioja.org\/fedens\/quieres-ser-antena-de-cgt-en-tu\/#primaryimage\",\"url\":\"https:\/\/www.cgtaragonlarioja.org\/fedens\/files\/2020\/02\/Antenas_CGT.png\",\"contentUrl\":\"https:\/\/www.cgtaragonlarioja.org\/fedens\/files\/2020\/02\/Antenas_CGT.png\",\"width\":800,\"height\":2000,\"caption\":\"\u00c2\u00bfQuieres ser antena de CGT en tu centro?\"},{\"@type\":\"BreadcrumbList\",\"@id\":\"https:\/\/www.cgtaragonlarioja.org\/fedens\/quieres-ser-antena-de-cgt-en-tu\/#breadcrumb\",\"itemListElement\":[{\"@type\":\"ListItem\",\"position\":1,\"name\":\"Portada\",\"item\":\"https:\/\/www.cgtaragonlarioja.org\/fedens\/\"},{\"@type\":\"ListItem\",\"position\":2,\"name\":\"\u00c2\u00bfQuieres ser antena de CGT en tu centro?\"}]},{\"@type\":\"WebSite\",\"@id\":\"https:\/\/www.cgtaragonlarioja.org\/fedens\/#website\",\"url\":\"https:\/\/www.cgtaragonlarioja.org\/fedens\/\",\"name\":\"CGT Arag\u00f3n - La Rioja. ENSE\u00d1ANZA\",\"description\":\"CONTACTAR: Calatayud-Aranda: 654897973 \/ Huesca: 974238404 \/ Teruel: 978619265 \/ Zaragoza: 976922002\",\"publisher\":{\"@id\":\"https:\/\/www.cgtaragonlarioja.org\/fedens\/#organization\"},\"potentialAction\":[{\"@type\":\"SearchAction\",\"target\":{\"@type\":\"EntryPoint\",\"urlTemplate\":\"https:\/\/www.cgtaragonlarioja.org\/fedens\/?s={search_term_string}\"},\"query-input\":{\"@type\":\"PropertyValueSpecification\",\"valueRequired\":true,\"valueName\":\"search_term_string\"}}],\"inLanguage\":\"es\"},{\"@type\":\"Organization\",\"@id\":\"https:\/\/www.cgtaragonlarioja.org\/fedens\/#organization\",\"name\":\"CGT Arag\u00f3n y La Rioja - Ense\u00f1anza\",\"url\":\"https:\/\/www.cgtaragonlarioja.org\/fedens\/\",\"logo\":{\"@type\":\"ImageObject\",\"inLanguage\":\"es\",\"@id\":\"https:\/\/www.cgtaragonlarioja.org\/fedens\/#\/schema\/logo\/image\/\",\"url\":\"https:\/\/www.cgtaragonlarioja.org\/fedens\/files\/2021\/02\/logo_cgt_ense_huesca_170x250.png\",\"contentUrl\":\"https:\/\/www.cgtaragonlarioja.org\/fedens\/files\/2021\/02\/logo_cgt_ense_huesca_170x250.png\",\"width\":170,\"height\":250,\"caption\":\"CGT Arag\u00f3n y La Rioja - Ense\u00f1anza\"},\"image\":{\"@id\":\"https:\/\/www.cgtaragonlarioja.org\/fedens\/#\/schema\/logo\/image\/\"},\"sameAs\":[\"https:\/\/www.facebook.com\/CGTEnseAragon\/\",\"https:\/\/x.com\/CGTeduAragon\"]},{\"@type\":\"Person\",\"@id\":\"\",\"url\":\"https:\/\/www.cgtaragonlarioja.org\/fedens\/author\/\"}]}<\/script>\n<!-- \/ Yoast SEO plugin. -->","yoast_head_json":{"title":"\u00c2\u00bfQuieres ser antena de CGT en tu centro?","description":"\u00bfEres afiliad@ de CGT-Ense\u00f1anza? \u00bfTe preocupa la educaci\u00f3n p\u00fablica? \u00bfTe interesa mejorar las condiciones laborales de los docentes? \u00bfQuieres ser ANTENA de","robots":{"index":"index","follow":"follow","max-snippet":"max-snippet:-1","max-image-preview":"max-image-preview:large","max-video-preview":"max-video-preview:-1"},"canonical":"https:\/\/www.cgtaragonlarioja.org\/fedens\/quieres-ser-antena-de-cgt-en-tu\/","og_locale":"es_ES","og_type":"article","og_title":"\u00c2\u00bfQuieres ser antena de CGT en tu centro?","og_description":"\u00bfEres afiliad@ de CGT-Ense\u00f1anza? \u00bfTe preocupa la educaci\u00f3n p\u00fablica? \u00bfTe interesa mejorar las condiciones laborales de los docentes? \u00bfQuieres ser ANTENA de","og_url":"https:\/\/www.cgtaragonlarioja.org\/fedens\/quieres-ser-antena-de-cgt-en-tu\/","og_site_name":"CGT Arag\u00f3n - La Rioja. ENSE\u00d1ANZA","article_publisher":"https:\/\/www.facebook.com\/CGTEnseAragon\/","article_published_time":"2020-02-18T15:37:25+00:00","article_modified_time":"2021-02-07T00:05:24+00:00","og_image":[{"width":800,"height":2000,"url":"https:\/\/www.cgtaragonlarioja.org\/fedens\/files\/2020\/02\/Antenas_CGT.png","type":"image\/png"}],"twitter_card":"summary_large_image","twitter_creator":"@CGTeduAragon","twitter_site":"@CGTeduAragon","twitter_misc":{"Escrito por":"","Tiempo de lectura":"1 minuto"},"schema":{"@context":"https:\/\/schema.org","@graph":[{"@type":"Article","@id":"https:\/\/www.cgtaragonlarioja.org\/fedens\/quieres-ser-antena-de-cgt-en-tu\/#article","isPartOf":{"@id":"https:\/\/www.cgtaragonlarioja.org\/fedens\/quieres-ser-antena-de-cgt-en-tu\/"},"author":{"name":"","@id":""},"headline":"\u00c2\u00bfQuieres ser antena de CGT en tu centro?","datePublished":"2020-02-18T15:37:25+00:00","dateModified":"2021-02-07T00:05:24+00:00","mainEntityOfPage":{"@id":"https:\/\/www.cgtaragonlarioja.org\/fedens\/quieres-ser-antena-de-cgt-en-tu\/"},"wordCount":281,"commentCount":0,"publisher":{"@id":"https:\/\/www.cgtaragonlarioja.org\/fedens\/#organization"},"image":{"@id":"https:\/\/www.cgtaragonlarioja.org\/fedens\/quieres-ser-antena-de-cgt-en-tu\/#primaryimage"},"thumbnailUrl":"https:\/\/www.cgtaragonlarioja.org\/fedens\/files\/2020\/02\/Antenas_CGT.png","articleSection":["Noticias"],"inLanguage":"es","potentialAction":[{"@type":"CommentAction","name":"Comment","target":["https:\/\/www.cgtaragonlarioja.org\/fedens\/quieres-ser-antena-de-cgt-en-tu\/#respond"]}]},{"@type":"WebPage","@id":"https:\/\/www.cgtaragonlarioja.org\/fedens\/quieres-ser-antena-de-cgt-en-tu\/","url":"https:\/\/www.cgtaragonlarioja.org\/fedens\/quieres-ser-antena-de-cgt-en-tu\/","name":"\u00c2\u00bfQuieres ser antena de CGT en tu centro?","isPartOf":{"@id":"https:\/\/www.cgtaragonlarioja.org\/fedens\/#website"},"primaryImageOfPage":{"@id":"https:\/\/www.cgtaragonlarioja.org\/fedens\/quieres-ser-antena-de-cgt-en-tu\/#primaryimage"},"image":{"@id":"https:\/\/www.cgtaragonlarioja.org\/fedens\/quieres-ser-antena-de-cgt-en-tu\/#primaryimage"},"thumbnailUrl":"https:\/\/www.cgtaragonlarioja.org\/fedens\/files\/2020\/02\/Antenas_CGT.png","datePublished":"2020-02-18T15:37:25+00:00","dateModified":"2021-02-07T00:05:24+00:00","description":"\u00bfEres afiliad@ de CGT-Ense\u00f1anza? \u00bfTe preocupa la educaci\u00f3n p\u00fablica? \u00bfTe interesa mejorar las condiciones laborales de los docentes? \u00bfQuieres ser ANTENA de","breadcrumb":{"@id":"https:\/\/www.cgtaragonlarioja.org\/fedens\/quieres-ser-antena-de-cgt-en-tu\/#breadcrumb"},"inLanguage":"es","potentialAction":[{"@type":"ReadAction","target":["https:\/\/www.cgtaragonlarioja.org\/fedens\/quieres-ser-antena-de-cgt-en-tu\/"]}]},{"@type":"ImageObject","inLanguage":"es","@id":"https:\/\/www.cgtaragonlarioja.org\/fedens\/quieres-ser-antena-de-cgt-en-tu\/#primaryimage","url":"https:\/\/www.cgtaragonlarioja.org\/fedens\/files\/2020\/02\/Antenas_CGT.png","contentUrl":"https:\/\/www.cgtaragonlarioja.org\/fedens\/files\/2020\/02\/Antenas_CGT.png","width":800,"height":2000,"caption":"\u00c2\u00bfQuieres ser antena de CGT en tu centro?"},{"@type":"BreadcrumbList","@id":"https:\/\/www.cgtaragonlarioja.org\/fedens\/quieres-ser-antena-de-cgt-en-tu\/#breadcrumb","itemListElement":[{"@type":"ListItem","position":1,"name":"Portada","item":"https:\/\/www.cgtaragonlarioja.org\/fedens\/"},{"@type":"ListItem","position":2,"name":"\u00c2\u00bfQuieres ser antena de CGT en tu centro?"}]},{"@type":"WebSite","@id":"https:\/\/www.cgtaragonlarioja.org\/fedens\/#website","url":"https:\/\/www.cgtaragonlarioja.org\/fedens\/","name":"CGT Arag\u00f3n - La Rioja. ENSE\u00d1ANZA","description":"CONTACTAR: Calatayud-Aranda: 654897973 \/ Huesca: 974238404 \/ Teruel: 978619265 \/ Zaragoza: 976922002","publisher":{"@id":"https:\/\/www.cgtaragonlarioja.org\/fedens\/#organization"},"potentialAction":[{"@type":"SearchAction","target":{"@type":"EntryPoint","urlTemplate":"https:\/\/www.cgtaragonlarioja.org\/fedens\/?s={search_term_string}"},"query-input":{"@type":"PropertyValueSpecification","valueRequired":true,"valueName":"search_term_string"}}],"inLanguage":"es"},{"@type":"Organization","@id":"https:\/\/www.cgtaragonlarioja.org\/fedens\/#organization","name":"CGT Arag\u00f3n y La Rioja - Ense\u00f1anza","url":"https:\/\/www.cgtaragonlarioja.org\/fedens\/","logo":{"@type":"ImageObject","inLanguage":"es","@id":"https:\/\/www.cgtaragonlarioja.org\/fedens\/#\/schema\/logo\/image\/","url":"https:\/\/www.cgtaragonlarioja.org\/fedens\/files\/2021\/02\/logo_cgt_ense_huesca_170x250.png","contentUrl":"https:\/\/www.cgtaragonlarioja.org\/fedens\/files\/2021\/02\/logo_cgt_ense_huesca_170x250.png","width":170,"height":250,"caption":"CGT Arag\u00f3n y La Rioja - Ense\u00f1anza"},"image":{"@id":"https:\/\/www.cgtaragonlarioja.org\/fedens\/#\/schema\/logo\/image\/"},"sameAs":["https:\/\/www.facebook.com\/CGTEnseAragon\/","https:\/\/x.com\/CGTeduAragon"]},{"@type":"Person","@id":"","url":"https:\/\/www.cgtaragonlarioja.org\/fedens\/author\/"}]}},"_links":{"self":[{"href":"https:\/\/www.cgtaragonlarioja.org\/fedens\/wp-json\/wp\/v2\/posts\/9893","targetHints":{"allow":["GET"]}}],"collection":[{"href":"https:\/\/www.cgtaragonlarioja.org\/fedens\/wp-json\/wp\/v2\/posts"}],"about":[{"href":"https:\/\/www.cgtaragonlarioja.org\/fedens\/wp-json\/wp\/v2\/types\/post"}],"author":[{"embeddable":true,"href":"https:\/\/www.cgtaragonlarioja.org\/fedens\/wp-json\/wp\/v2\/users\/485"}],"replies":[{"embeddable":true,"href":"https:\/\/www.cgtaragonlarioja.org\/fedens\/wp-json\/wp\/v2\/comments?post=9893"}],"version-history":[{"count":2,"href":"https:\/\/www.cgtaragonlarioja.org\/fedens\/wp-json\/wp\/v2\/posts\/9893\/revisions"}],"predecessor-version":[{"id":11139,"href":"https:\/\/www.cgtaragonlarioja.org\/fedens\/wp-json\/wp\/v2\/posts\/9893\/revisions\/11139"}],"wp:featuredmedia":[{"embeddable":true,"href":"https:\/\/www.cgtaragonlarioja.org\/fedens\/wp-json\/wp\/v2\/media\/9892"}],"wp:attachment":[{"href":"https:\/\/www.cgtaragonlarioja.org\/fedens\/wp-json\/wp\/v2\/media?parent=9893"}],"wp:term":[{"taxonomy":"category","embeddable":true,"href":"https:\/\/www.cgtaragonlarioja.org\/fedens\/wp-json\/wp\/v2\/categories?post=9893"},{"taxonomy":"post_tag","embeddable":true,"href":"https:\/\/www.cgtaragonlarioja.org\/fedens\/wp-json\/wp\/v2\/tags?post=9893"}],"curies":[{"name":"wp","href":"https:\/\/api.w.org\/{rel}","templated":true}]}}