{"id":9810,"date":"2019-11-28T16:43:02","date_gmt":"2019-11-28T15:43:02","guid":{"rendered":"https:\/\/www.cgtaragonlarioja.org\/fedens2\/mesas-sectoriales-tecnicas\/resumen-mesa-sectorial-28\/"},"modified":"2021-01-29T09:31:38","modified_gmt":"2021-01-29T08:31:38","slug":"resumen-mesa-sectorial-28","status":"publish","type":"post","link":"https:\/\/www.cgtaragonlarioja.org\/fedens\/resumen-mesa-sectorial-28\/","title":{"rendered":"RESUMEN MESA SECTORIAL 28 NOVIEMBRE 2019"},"content":{"rendered":"En el d\u00eda de hoy nos hemos reunido en Mesa Sectorial los cinco sindicatos representantes con la administraci\u00f3n. El tema principal era la no obligatoriedad de presentarse a las oposiciones para los integrantes de la lista uno de interinos.\nPunto 1.- Se aprueba el acta de la Mesa Sectorial anterior. \nPunto 2.- Modificaci\u00f3n del Decreto 31\/2016 de 22 de marzo, previsi\u00f3n de puestos de interinos, y la Orden ECD\/586\/2016 de 14 de junio, ordenaci\u00f3n, publicaci\u00f3n, adjudicaci\u00f3n, suspensi\u00f3n y decaimiento. \nEn la Mesa T\u00e9cnica del 13 de noviembre que la administraci\u00f3n convoc\u00f3 para negociar las 18\/23 horas, que no sirvi\u00f3 para nada porque no hubo ninguna oferta de su parte, se nos comunic\u00f3 la necesidad de modificar los apartados 12.3 del decreto y el 15.2 a) de la orden. Por ello los y las interinas no tendr\u00edan obligaci\u00f3n de presentarse a las oposiciones. La administraci\u00f3n inform\u00f3 la necesidad de hacerlo de forma r\u00e1pida para que pudiese estar publicada la modificaci\u00f3n antes de la convocatoria de oposiciones pr\u00f3xima. Hoy todos los sindicatos menos CGT han apoyado la propuesta, por lo que estos apartados ser\u00e1n suprimidos de la legislaci\u00f3n.\nCGT ha decidido no apoyar el cambio por dos razones. Primero, CGT aprob\u00f3 una l\u00ednea negociadora en septiembre de no apoyar ninguna negociaci\u00f3n con la administraci\u00f3n si no se realizaba un avance significativo en las negociaciones para la reducci\u00f3n del horario lectivo, por lo tanto es coherente no apoyar esta medida. Adem\u00e1s, a juicio de CGT, la no obligatoriedad de presentarse a las oposiciones se queda incompleta sin nuestra reivindicaci\u00f3n hist\u00f3rica de la no caducidad de notas. Los y las interinas tendr\u00e1n que presentarse obligatoriamente en la cuarta convocatoria porque la nota que punt\u00faa en la lista de interinas es la mejor de tres procesos selectivos. Si una persona no se presenta a la tercera vez de haber sacado una buena nota, esta se convertir\u00e1 en un cero, ya que cada vez que no se presente tendr\u00e1 este valor. \nLa negociaci\u00f3n de la reducci\u00f3n de las horas lectivas en este momento est\u00e1 en v\u00eda muerta. CGT lleva clamando por el inicio de las negociaciones desde que comenz\u00f3 el curso 2019-2020 pero la administraci\u00f3n nos ha ninguneado. Junto con el resto de sindicatos hemos ido reclamando esta negociaci\u00f3n en cada una de las reuniones. CGT ha promovido la unidad sindical con CSIF, STEA y CCOO para reunirnos con todos los grupos pol\u00edticos del gobierno: PSOE, PAR, UP-Equo e Izquierda Unida. Nuestro temor de que el Consejero llevase unos presupuestos sin esta reivindicaci\u00f3n se ha cumplido. Despu\u00e9s de las reuniones con los partidos, la administraci\u00f3n tuvo a bien convocarnos a una Mesa T\u00e9cnica que no sirvi\u00f3 para nada ni se ofreci\u00f3, como es preceptiva, una propuesta para negociar. La sensaci\u00f3n es que nos est\u00e1n tomando el pelo y no tienen ninguna intenci\u00f3n de revertir los recortes que  sufrimos desde hace siete a\u00f1os. CGT quiere denunciar que el Gobierno de Arag\u00f3n no tiene ninguna intenci\u00f3n de apoyar y valorar el esfuerzo que los  docentes estamos realizando. \nPunto 3.- La Administraci\u00f3n nos comunica que la Oferta de Empleo P\u00fablico, tasa de reposici\u00f3n de jubilaciones y fallecimientos, es de 428 plazas. \nPunto 4.- Ruegos y preguntas. (Adjuntadas) La Secretaria General ha comunicado que se est\u00e1n iniciando los tr\u00e1mites para construir una nueva escuela de hosteler\u00eda en Zaragoza. El espacio libre que se generase en el IES Miralbueno se pretende acondicionar para dar un desahogo y mejorar sus instalaciones. \n\n<h2 class=\"wp-block-heading\">Attached documents<\/h2>\n\n\n\n<div class=\"wp-block-file\"><a href=\"https:\/\/www.cgtaragonlarioja.org\/fedens\/wp-content\/uploads\/sites\/2\/2019\/11\/2019_11_28_Ruegos_y_preguntas_MS.pdf\">2019_11_28_Ruegos_y_preguntas_MS.pdf<\/a><\/div>\n\n\n","protected":false},"excerpt":{"rendered":"<p>En el d\u00eda de hoy nos hemos reunido en Mesa Sectorial los cinco sindicatos representantes<\/p>\n","protected":false},"author":485,"featured_media":0,"comment_status":"open","ping_status":"open","sticky":false,"template":"","format":"standard","meta":{"footnotes":""},"categories":[508],"tags":[533],"class_list":["post-9810","post","type-post","status-publish","format-standard","hentry","category-mesas-sectoriales-tecnicas","tag-mesas-sectoriales-y-tecnicas"],"yoast_head":"<!-- This site is optimized with the Yoast SEO plugin v26.7 - https:\/\/yoast.com\/wordpress\/plugins\/seo\/ -->\n<title>RESUMEN MESA SECTORIAL 28 NOVIEMBRE 2019<\/title>\n<meta name=\"description\" content=\"En el d\u00eda de hoy nos hemos reunido en Mesa Sectorial los cinco sindicatos representantes con la administraci\u00f3n. El tema principal era la no obligatoriedad\" \/>\n<meta name=\"robots\" content=\"index, follow, max-snippet:-1, max-image-preview:large, max-video-preview:-1\" \/>\n<link rel=\"canonical\" href=\"https:\/\/www.cgtaragonlarioja.org\/fedens\/resumen-mesa-sectorial-28\/\" \/>\n<meta property=\"og:locale\" content=\"es_ES\" \/>\n<meta property=\"og:type\" content=\"article\" \/>\n<meta property=\"og:title\" content=\"RESUMEN MESA SECTORIAL 28 NOVIEMBRE 2019\" \/>\n<meta property=\"og:description\" content=\"En el d\u00eda de hoy nos hemos reunido en Mesa Sectorial los cinco sindicatos representantes con la administraci\u00f3n. El tema principal era la no obligatoriedad\" \/>\n<meta property=\"og:url\" content=\"https:\/\/www.cgtaragonlarioja.org\/fedens\/resumen-mesa-sectorial-28\/\" \/>\n<meta property=\"og:site_name\" content=\"CGT Arag\u00f3n - La Rioja. ENSE\u00d1ANZA\" \/>\n<meta property=\"article:publisher\" content=\"https:\/\/www.facebook.com\/CGTEnseAragon\/\" \/>\n<meta property=\"article:published_time\" content=\"2019-11-28T15:43:02+00:00\" \/>\n<meta property=\"article:modified_time\" content=\"2021-01-29T08:31:38+00:00\" \/>\n<meta name=\"twitter:card\" content=\"summary_large_image\" \/>\n<meta name=\"twitter:creator\" content=\"@CGTeduAragon\" \/>\n<meta name=\"twitter:site\" content=\"@CGTeduAragon\" \/>\n<meta name=\"twitter:label1\" content=\"Escrito por\" \/>\n\t<meta name=\"twitter:data1\" content=\"\" \/>\n\t<meta name=\"twitter:label2\" content=\"Tiempo de lectura\" \/>\n\t<meta name=\"twitter:data2\" content=\"3 minutos\" \/>\n<script type=\"application\/ld+json\" class=\"yoast-schema-graph\">{\"@context\":\"https:\/\/schema.org\",\"@graph\":[{\"@type\":\"Article\",\"@id\":\"https:\/\/www.cgtaragonlarioja.org\/fedens\/resumen-mesa-sectorial-28\/#article\",\"isPartOf\":{\"@id\":\"https:\/\/www.cgtaragonlarioja.org\/fedens\/resumen-mesa-sectorial-28\/\"},\"author\":{\"name\":\"\",\"@id\":\"\"},\"headline\":\"RESUMEN MESA SECTORIAL 28 NOVIEMBRE 2019\",\"datePublished\":\"2019-11-28T15:43:02+00:00\",\"dateModified\":\"2021-01-29T08:31:38+00:00\",\"mainEntityOfPage\":{\"@id\":\"https:\/\/www.cgtaragonlarioja.org\/fedens\/resumen-mesa-sectorial-28\/\"},\"wordCount\":621,\"commentCount\":0,\"publisher\":{\"@id\":\"https:\/\/www.cgtaragonlarioja.org\/fedens\/#organization\"},\"keywords\":[\"Mesas Sectoriales y T\u00e9cnicas\"],\"articleSection\":[\"Mesas sectoriales-t\u00e9cnicas\"],\"inLanguage\":\"es\",\"potentialAction\":[{\"@type\":\"CommentAction\",\"name\":\"Comment\",\"target\":[\"https:\/\/www.cgtaragonlarioja.org\/fedens\/resumen-mesa-sectorial-28\/#respond\"]}]},{\"@type\":\"WebPage\",\"@id\":\"https:\/\/www.cgtaragonlarioja.org\/fedens\/resumen-mesa-sectorial-28\/\",\"url\":\"https:\/\/www.cgtaragonlarioja.org\/fedens\/resumen-mesa-sectorial-28\/\",\"name\":\"RESUMEN MESA SECTORIAL 28 NOVIEMBRE 2019\",\"isPartOf\":{\"@id\":\"https:\/\/www.cgtaragonlarioja.org\/fedens\/#website\"},\"datePublished\":\"2019-11-28T15:43:02+00:00\",\"dateModified\":\"2021-01-29T08:31:38+00:00\",\"description\":\"En el d\u00eda de hoy nos hemos reunido en Mesa Sectorial los cinco sindicatos representantes con la administraci\u00f3n. El tema principal era la no obligatoriedad\",\"breadcrumb\":{\"@id\":\"https:\/\/www.cgtaragonlarioja.org\/fedens\/resumen-mesa-sectorial-28\/#breadcrumb\"},\"inLanguage\":\"es\",\"potentialAction\":[{\"@type\":\"ReadAction\",\"target\":[\"https:\/\/www.cgtaragonlarioja.org\/fedens\/resumen-mesa-sectorial-28\/\"]}]},{\"@type\":\"BreadcrumbList\",\"@id\":\"https:\/\/www.cgtaragonlarioja.org\/fedens\/resumen-mesa-sectorial-28\/#breadcrumb\",\"itemListElement\":[{\"@type\":\"ListItem\",\"position\":1,\"name\":\"Portada\",\"item\":\"https:\/\/www.cgtaragonlarioja.org\/fedens\/\"},{\"@type\":\"ListItem\",\"position\":2,\"name\":\"RESUMEN MESA SECTORIAL 28 NOVIEMBRE 2019\"}]},{\"@type\":\"WebSite\",\"@id\":\"https:\/\/www.cgtaragonlarioja.org\/fedens\/#website\",\"url\":\"https:\/\/www.cgtaragonlarioja.org\/fedens\/\",\"name\":\"CGT Arag\u00f3n - La Rioja. ENSE\u00d1ANZA\",\"description\":\"CONTACTAR: Calatayud-Aranda: 654897973 \/ Huesca: 974238404 \/ Teruel: 978619265 \/ Zaragoza: 976922002\",\"publisher\":{\"@id\":\"https:\/\/www.cgtaragonlarioja.org\/fedens\/#organization\"},\"potentialAction\":[{\"@type\":\"SearchAction\",\"target\":{\"@type\":\"EntryPoint\",\"urlTemplate\":\"https:\/\/www.cgtaragonlarioja.org\/fedens\/?s={search_term_string}\"},\"query-input\":{\"@type\":\"PropertyValueSpecification\",\"valueRequired\":true,\"valueName\":\"search_term_string\"}}],\"inLanguage\":\"es\"},{\"@type\":\"Organization\",\"@id\":\"https:\/\/www.cgtaragonlarioja.org\/fedens\/#organization\",\"name\":\"CGT Arag\u00f3n y La Rioja - Ense\u00f1anza\",\"url\":\"https:\/\/www.cgtaragonlarioja.org\/fedens\/\",\"logo\":{\"@type\":\"ImageObject\",\"inLanguage\":\"es\",\"@id\":\"https:\/\/www.cgtaragonlarioja.org\/fedens\/#\/schema\/logo\/image\/\",\"url\":\"https:\/\/www.cgtaragonlarioja.org\/fedens\/files\/2021\/02\/logo_cgt_ense_huesca_170x250.png\",\"contentUrl\":\"https:\/\/www.cgtaragonlarioja.org\/fedens\/files\/2021\/02\/logo_cgt_ense_huesca_170x250.png\",\"width\":170,\"height\":250,\"caption\":\"CGT Arag\u00f3n y La Rioja - Ense\u00f1anza\"},\"image\":{\"@id\":\"https:\/\/www.cgtaragonlarioja.org\/fedens\/#\/schema\/logo\/image\/\"},\"sameAs\":[\"https:\/\/www.facebook.com\/CGTEnseAragon\/\",\"https:\/\/x.com\/CGTeduAragon\"]},{\"@type\":\"Person\",\"@id\":\"\",\"url\":\"https:\/\/www.cgtaragonlarioja.org\/fedens\/author\/\"}]}<\/script>\n<!-- \/ Yoast SEO plugin. -->","yoast_head_json":{"title":"RESUMEN MESA SECTORIAL 28 NOVIEMBRE 2019","description":"En el d\u00eda de hoy nos hemos reunido en Mesa Sectorial los cinco sindicatos representantes con la administraci\u00f3n. El tema principal era la no obligatoriedad","robots":{"index":"index","follow":"follow","max-snippet":"max-snippet:-1","max-image-preview":"max-image-preview:large","max-video-preview":"max-video-preview:-1"},"canonical":"https:\/\/www.cgtaragonlarioja.org\/fedens\/resumen-mesa-sectorial-28\/","og_locale":"es_ES","og_type":"article","og_title":"RESUMEN MESA SECTORIAL 28 NOVIEMBRE 2019","og_description":"En el d\u00eda de hoy nos hemos reunido en Mesa Sectorial los cinco sindicatos representantes con la administraci\u00f3n. El tema principal era la no obligatoriedad","og_url":"https:\/\/www.cgtaragonlarioja.org\/fedens\/resumen-mesa-sectorial-28\/","og_site_name":"CGT Arag\u00f3n - La Rioja. ENSE\u00d1ANZA","article_publisher":"https:\/\/www.facebook.com\/CGTEnseAragon\/","article_published_time":"2019-11-28T15:43:02+00:00","article_modified_time":"2021-01-29T08:31:38+00:00","twitter_card":"summary_large_image","twitter_creator":"@CGTeduAragon","twitter_site":"@CGTeduAragon","twitter_misc":{"Escrito por":"","Tiempo de lectura":"3 minutos"},"schema":{"@context":"https:\/\/schema.org","@graph":[{"@type":"Article","@id":"https:\/\/www.cgtaragonlarioja.org\/fedens\/resumen-mesa-sectorial-28\/#article","isPartOf":{"@id":"https:\/\/www.cgtaragonlarioja.org\/fedens\/resumen-mesa-sectorial-28\/"},"author":{"name":"","@id":""},"headline":"RESUMEN MESA SECTORIAL 28 NOVIEMBRE 2019","datePublished":"2019-11-28T15:43:02+00:00","dateModified":"2021-01-29T08:31:38+00:00","mainEntityOfPage":{"@id":"https:\/\/www.cgtaragonlarioja.org\/fedens\/resumen-mesa-sectorial-28\/"},"wordCount":621,"commentCount":0,"publisher":{"@id":"https:\/\/www.cgtaragonlarioja.org\/fedens\/#organization"},"keywords":["Mesas Sectoriales y T\u00e9cnicas"],"articleSection":["Mesas sectoriales-t\u00e9cnicas"],"inLanguage":"es","potentialAction":[{"@type":"CommentAction","name":"Comment","target":["https:\/\/www.cgtaragonlarioja.org\/fedens\/resumen-mesa-sectorial-28\/#respond"]}]},{"@type":"WebPage","@id":"https:\/\/www.cgtaragonlarioja.org\/fedens\/resumen-mesa-sectorial-28\/","url":"https:\/\/www.cgtaragonlarioja.org\/fedens\/resumen-mesa-sectorial-28\/","name":"RESUMEN MESA SECTORIAL 28 NOVIEMBRE 2019","isPartOf":{"@id":"https:\/\/www.cgtaragonlarioja.org\/fedens\/#website"},"datePublished":"2019-11-28T15:43:02+00:00","dateModified":"2021-01-29T08:31:38+00:00","description":"En el d\u00eda de hoy nos hemos reunido en Mesa Sectorial los cinco sindicatos representantes con la administraci\u00f3n. El tema principal era la no obligatoriedad","breadcrumb":{"@id":"https:\/\/www.cgtaragonlarioja.org\/fedens\/resumen-mesa-sectorial-28\/#breadcrumb"},"inLanguage":"es","potentialAction":[{"@type":"ReadAction","target":["https:\/\/www.cgtaragonlarioja.org\/fedens\/resumen-mesa-sectorial-28\/"]}]},{"@type":"BreadcrumbList","@id":"https:\/\/www.cgtaragonlarioja.org\/fedens\/resumen-mesa-sectorial-28\/#breadcrumb","itemListElement":[{"@type":"ListItem","position":1,"name":"Portada","item":"https:\/\/www.cgtaragonlarioja.org\/fedens\/"},{"@type":"ListItem","position":2,"name":"RESUMEN MESA SECTORIAL 28 NOVIEMBRE 2019"}]},{"@type":"WebSite","@id":"https:\/\/www.cgtaragonlarioja.org\/fedens\/#website","url":"https:\/\/www.cgtaragonlarioja.org\/fedens\/","name":"CGT Arag\u00f3n - La Rioja. ENSE\u00d1ANZA","description":"CONTACTAR: Calatayud-Aranda: 654897973 \/ Huesca: 974238404 \/ Teruel: 978619265 \/ Zaragoza: 976922002","publisher":{"@id":"https:\/\/www.cgtaragonlarioja.org\/fedens\/#organization"},"potentialAction":[{"@type":"SearchAction","target":{"@type":"EntryPoint","urlTemplate":"https:\/\/www.cgtaragonlarioja.org\/fedens\/?s={search_term_string}"},"query-input":{"@type":"PropertyValueSpecification","valueRequired":true,"valueName":"search_term_string"}}],"inLanguage":"es"},{"@type":"Organization","@id":"https:\/\/www.cgtaragonlarioja.org\/fedens\/#organization","name":"CGT Arag\u00f3n y La Rioja - Ense\u00f1anza","url":"https:\/\/www.cgtaragonlarioja.org\/fedens\/","logo":{"@type":"ImageObject","inLanguage":"es","@id":"https:\/\/www.cgtaragonlarioja.org\/fedens\/#\/schema\/logo\/image\/","url":"https:\/\/www.cgtaragonlarioja.org\/fedens\/files\/2021\/02\/logo_cgt_ense_huesca_170x250.png","contentUrl":"https:\/\/www.cgtaragonlarioja.org\/fedens\/files\/2021\/02\/logo_cgt_ense_huesca_170x250.png","width":170,"height":250,"caption":"CGT Arag\u00f3n y La Rioja - Ense\u00f1anza"},"image":{"@id":"https:\/\/www.cgtaragonlarioja.org\/fedens\/#\/schema\/logo\/image\/"},"sameAs":["https:\/\/www.facebook.com\/CGTEnseAragon\/","https:\/\/x.com\/CGTeduAragon"]},{"@type":"Person","@id":"","url":"https:\/\/www.cgtaragonlarioja.org\/fedens\/author\/"}]}},"_links":{"self":[{"href":"https:\/\/www.cgtaragonlarioja.org\/fedens\/wp-json\/wp\/v2\/posts\/9810","targetHints":{"allow":["GET"]}}],"collection":[{"href":"https:\/\/www.cgtaragonlarioja.org\/fedens\/wp-json\/wp\/v2\/posts"}],"about":[{"href":"https:\/\/www.cgtaragonlarioja.org\/fedens\/wp-json\/wp\/v2\/types\/post"}],"author":[{"embeddable":true,"href":"https:\/\/www.cgtaragonlarioja.org\/fedens\/wp-json\/wp\/v2\/users\/485"}],"replies":[{"embeddable":true,"href":"https:\/\/www.cgtaragonlarioja.org\/fedens\/wp-json\/wp\/v2\/comments?post=9810"}],"version-history":[{"count":1,"href":"https:\/\/www.cgtaragonlarioja.org\/fedens\/wp-json\/wp\/v2\/posts\/9810\/revisions"}],"predecessor-version":[{"id":9812,"href":"https:\/\/www.cgtaragonlarioja.org\/fedens\/wp-json\/wp\/v2\/posts\/9810\/revisions\/9812"}],"wp:attachment":[{"href":"https:\/\/www.cgtaragonlarioja.org\/fedens\/wp-json\/wp\/v2\/media?parent=9810"}],"wp:term":[{"taxonomy":"category","embeddable":true,"href":"https:\/\/www.cgtaragonlarioja.org\/fedens\/wp-json\/wp\/v2\/categories?post=9810"},{"taxonomy":"post_tag","embeddable":true,"href":"https:\/\/www.cgtaragonlarioja.org\/fedens\/wp-json\/wp\/v2\/tags?post=9810"}],"curies":[{"name":"wp","href":"https:\/\/api.w.org\/{rel}","templated":true}]}}