{"id":9778,"date":"2019-11-20T12:56:55","date_gmt":"2019-11-20T11:56:55","guid":{"rendered":"https:\/\/www.cgtaragonlarioja.org\/fedens2\/noticias\/fechas-y-plazos-de-la-nueva\/"},"modified":"2021-01-29T09:31:31","modified_gmt":"2021-01-29T08:31:31","slug":"fechas-y-plazos-de-la-nueva","status":"publish","type":"post","link":"https:\/\/www.cgtaragonlarioja.org\/fedens\/fechas-y-plazos-de-la-nueva\/","title":{"rendered":"Fechas y plazos de la Nueva Baremaci\u00f3n de Secundaria"},"content":{"rendered":"<p><strong>Nueva Baremaci\u00f3n de Secundaria curso 2019\/2020<\/strong><\/p>\n<p>El pr\u00f3ximo <strong>lunes 25 de noviembre <\/strong> aparecer\u00e1 publicada en el Bolet\u00edn Oficial de Arag\u00f3n la convocatoria de la Nueva Baremaci\u00f3n de Secundaria del curso 19\/20 para las especialidades que ya se encuentran hace semanas en la web.<\/p>\n<p>El p<strong>lazo de solicitudes ser\u00e1 de 20 d\u00edas h\u00e1biles, inici\u00e1ndose el martes 26 de noviembre y concluyendo el jueves 26 de diciembre<\/strong>, ambos incluidos.<\/p>\n<p><img loading=\"lazy\" decoding=\"async\" class=\" aligncenter size-full wp-image-9777\" src=\"https:\/\/www.cgtaragonlarioja.org\/fedens\/wp-content\/uploads\/sites\/2\/2019\/11\/RebaremacionPlazos.jpg\" alt=\"RebaremacionPlazos.jpg\" align=\"center\" width=\"940\" height=\"788\" srcset=\"https:\/\/www.cgtaragonlarioja.org\/fedens\/files\/2019\/11\/RebaremacionPlazos.jpg 940w, https:\/\/www.cgtaragonlarioja.org\/fedens\/files\/2019\/11\/RebaremacionPlazos-300x251.jpg 300w, https:\/\/www.cgtaragonlarioja.org\/fedens\/files\/2019\/11\/RebaremacionPlazos-768x644.jpg 768w\" sizes=\"auto, (max-width: 940px) 100vw, 940px\" \/><div id='gallery-1' class='gallery galleryid-9778 gallery-columns-3 gallery-size-thumbnail'><figure class='gallery-item'>\n\t\t\t<div class='gallery-icon landscape'>\n\t\t\t\t<a href='https:\/\/www.cgtaragonlarioja.org\/fedens\/files\/2019\/11\/RebaremacionPlazos.jpg'><img loading=\"lazy\" decoding=\"async\" width=\"150\" height=\"150\" src=\"https:\/\/www.cgtaragonlarioja.org\/fedens\/files\/2019\/11\/RebaremacionPlazos-150x150.jpg\" class=\"attachment-thumbnail size-thumbnail\" alt=\"RebaremacionPlazos.jpg\" \/><\/a>\n\t\t\t<\/div><\/figure>\n\t\t<\/div>\n<\/p>\n","protected":false},"excerpt":{"rendered":"<p>Nueva Baremaci\u00f3n de Secundaria curso 2019\/2020 El pr\u00f3ximo lunes 25 de noviembre aparecer\u00e1 publicada en<\/p>\n","protected":false},"author":485,"featured_media":9777,"comment_status":"open","ping_status":"open","sticky":false,"template":"","format":"standard","meta":{"footnotes":""},"categories":[480],"tags":[544,527],"class_list":["post-9778","post","type-post","status-publish","format-standard","has-post-thumbnail","hentry","category-noticias","tag-baremaciones","tag-ed-secundaria"],"yoast_head":"<!-- This site is optimized with the Yoast SEO plugin v26.7 - https:\/\/yoast.com\/wordpress\/plugins\/seo\/ -->\n<title>Fechas y plazos de la Nueva Baremaci\u00f3n de Secundaria<\/title>\n<meta name=\"description\" content=\"Nueva Baremaci\u00f3n de Secundaria curso 2019\/2020 El pr\u00f3ximo lunes 25 de noviembre aparecer\u00e1 publicada en el Bolet\u00edn Oficial de Arag\u00f3n la convocatoria de la\" \/>\n<meta name=\"robots\" content=\"index, follow, max-snippet:-1, max-image-preview:large, max-video-preview:-1\" \/>\n<link rel=\"canonical\" href=\"https:\/\/www.cgtaragonlarioja.org\/fedens\/fechas-y-plazos-de-la-nueva\/\" \/>\n<meta property=\"og:locale\" content=\"es_ES\" \/>\n<meta property=\"og:type\" content=\"article\" \/>\n<meta property=\"og:title\" content=\"Fechas y plazos de la Nueva Baremaci\u00f3n de Secundaria\" \/>\n<meta property=\"og:description\" content=\"Nueva Baremaci\u00f3n de Secundaria curso 2019\/2020 El pr\u00f3ximo lunes 25 de noviembre aparecer\u00e1 publicada en el Bolet\u00edn Oficial de Arag\u00f3n la convocatoria de la\" \/>\n<meta property=\"og:url\" content=\"https:\/\/www.cgtaragonlarioja.org\/fedens\/fechas-y-plazos-de-la-nueva\/\" \/>\n<meta property=\"og:site_name\" content=\"CGT Arag\u00f3n - La Rioja. ENSE\u00d1ANZA\" \/>\n<meta property=\"article:publisher\" content=\"https:\/\/www.facebook.com\/CGTEnseAragon\/\" \/>\n<meta property=\"article:published_time\" content=\"2019-11-20T11:56:55+00:00\" \/>\n<meta property=\"article:modified_time\" content=\"2021-01-29T08:31:31+00:00\" \/>\n<meta property=\"og:image\" content=\"https:\/\/www.cgtaragonlarioja.org\/fedens\/files\/2019\/11\/RebaremacionPlazos.jpg\" \/>\n\t<meta property=\"og:image:width\" content=\"940\" \/>\n\t<meta property=\"og:image:height\" content=\"788\" \/>\n\t<meta property=\"og:image:type\" content=\"image\/jpeg\" \/>\n<meta name=\"twitter:card\" content=\"summary_large_image\" \/>\n<meta name=\"twitter:creator\" content=\"@CGTeduAragon\" \/>\n<meta name=\"twitter:site\" content=\"@CGTeduAragon\" \/>\n<meta name=\"twitter:label1\" content=\"Escrito por\" \/>\n\t<meta name=\"twitter:data1\" content=\"\" \/>\n<script type=\"application\/ld+json\" class=\"yoast-schema-graph\">{\"@context\":\"https:\/\/schema.org\",\"@graph\":[{\"@type\":\"Article\",\"@id\":\"https:\/\/www.cgtaragonlarioja.org\/fedens\/fechas-y-plazos-de-la-nueva\/#article\",\"isPartOf\":{\"@id\":\"https:\/\/www.cgtaragonlarioja.org\/fedens\/fechas-y-plazos-de-la-nueva\/\"},\"author\":{\"name\":\"\",\"@id\":\"\"},\"headline\":\"Fechas y plazos de la Nueva Baremaci\u00f3n de Secundaria\",\"datePublished\":\"2019-11-20T11:56:55+00:00\",\"dateModified\":\"2021-01-29T08:31:31+00:00\",\"mainEntityOfPage\":{\"@id\":\"https:\/\/www.cgtaragonlarioja.org\/fedens\/fechas-y-plazos-de-la-nueva\/\"},\"wordCount\":83,\"commentCount\":1,\"publisher\":{\"@id\":\"https:\/\/www.cgtaragonlarioja.org\/fedens\/#organization\"},\"image\":{\"@id\":\"https:\/\/www.cgtaragonlarioja.org\/fedens\/fechas-y-plazos-de-la-nueva\/#primaryimage\"},\"thumbnailUrl\":\"https:\/\/www.cgtaragonlarioja.org\/fedens\/files\/2019\/11\/RebaremacionPlazos.jpg\",\"keywords\":[\"Baremaciones\",\"Ed. Secundaria\"],\"articleSection\":[\"Noticias\"],\"inLanguage\":\"es\",\"potentialAction\":[{\"@type\":\"CommentAction\",\"name\":\"Comment\",\"target\":[\"https:\/\/www.cgtaragonlarioja.org\/fedens\/fechas-y-plazos-de-la-nueva\/#respond\"]}]},{\"@type\":\"WebPage\",\"@id\":\"https:\/\/www.cgtaragonlarioja.org\/fedens\/fechas-y-plazos-de-la-nueva\/\",\"url\":\"https:\/\/www.cgtaragonlarioja.org\/fedens\/fechas-y-plazos-de-la-nueva\/\",\"name\":\"Fechas y plazos de la Nueva Baremaci\u00f3n de Secundaria\",\"isPartOf\":{\"@id\":\"https:\/\/www.cgtaragonlarioja.org\/fedens\/#website\"},\"primaryImageOfPage\":{\"@id\":\"https:\/\/www.cgtaragonlarioja.org\/fedens\/fechas-y-plazos-de-la-nueva\/#primaryimage\"},\"image\":{\"@id\":\"https:\/\/www.cgtaragonlarioja.org\/fedens\/fechas-y-plazos-de-la-nueva\/#primaryimage\"},\"thumbnailUrl\":\"https:\/\/www.cgtaragonlarioja.org\/fedens\/files\/2019\/11\/RebaremacionPlazos.jpg\",\"datePublished\":\"2019-11-20T11:56:55+00:00\",\"dateModified\":\"2021-01-29T08:31:31+00:00\",\"description\":\"Nueva Baremaci\u00f3n de Secundaria curso 2019\/2020 El pr\u00f3ximo lunes 25 de noviembre aparecer\u00e1 publicada en el Bolet\u00edn Oficial de Arag\u00f3n la convocatoria de la\",\"breadcrumb\":{\"@id\":\"https:\/\/www.cgtaragonlarioja.org\/fedens\/fechas-y-plazos-de-la-nueva\/#breadcrumb\"},\"inLanguage\":\"es\",\"potentialAction\":[{\"@type\":\"ReadAction\",\"target\":[\"https:\/\/www.cgtaragonlarioja.org\/fedens\/fechas-y-plazos-de-la-nueva\/\"]}]},{\"@type\":\"ImageObject\",\"inLanguage\":\"es\",\"@id\":\"https:\/\/www.cgtaragonlarioja.org\/fedens\/fechas-y-plazos-de-la-nueva\/#primaryimage\",\"url\":\"https:\/\/www.cgtaragonlarioja.org\/fedens\/files\/2019\/11\/RebaremacionPlazos.jpg\",\"contentUrl\":\"https:\/\/www.cgtaragonlarioja.org\/fedens\/files\/2019\/11\/RebaremacionPlazos.jpg\",\"width\":940,\"height\":788,\"caption\":\"RebaremacionPlazos.jpg\"},{\"@type\":\"BreadcrumbList\",\"@id\":\"https:\/\/www.cgtaragonlarioja.org\/fedens\/fechas-y-plazos-de-la-nueva\/#breadcrumb\",\"itemListElement\":[{\"@type\":\"ListItem\",\"position\":1,\"name\":\"Portada\",\"item\":\"https:\/\/www.cgtaragonlarioja.org\/fedens\/\"},{\"@type\":\"ListItem\",\"position\":2,\"name\":\"Fechas y plazos de la Nueva Baremaci\u00f3n de Secundaria\"}]},{\"@type\":\"WebSite\",\"@id\":\"https:\/\/www.cgtaragonlarioja.org\/fedens\/#website\",\"url\":\"https:\/\/www.cgtaragonlarioja.org\/fedens\/\",\"name\":\"CGT Arag\u00f3n - La Rioja. ENSE\u00d1ANZA\",\"description\":\"CONTACTAR: Calatayud-Aranda: 654897973 \/ Huesca: 974238404 \/ Teruel: 978619265 \/ Zaragoza: 976922002\",\"publisher\":{\"@id\":\"https:\/\/www.cgtaragonlarioja.org\/fedens\/#organization\"},\"potentialAction\":[{\"@type\":\"SearchAction\",\"target\":{\"@type\":\"EntryPoint\",\"urlTemplate\":\"https:\/\/www.cgtaragonlarioja.org\/fedens\/?s={search_term_string}\"},\"query-input\":{\"@type\":\"PropertyValueSpecification\",\"valueRequired\":true,\"valueName\":\"search_term_string\"}}],\"inLanguage\":\"es\"},{\"@type\":\"Organization\",\"@id\":\"https:\/\/www.cgtaragonlarioja.org\/fedens\/#organization\",\"name\":\"CGT Arag\u00f3n y La Rioja - Ense\u00f1anza\",\"url\":\"https:\/\/www.cgtaragonlarioja.org\/fedens\/\",\"logo\":{\"@type\":\"ImageObject\",\"inLanguage\":\"es\",\"@id\":\"https:\/\/www.cgtaragonlarioja.org\/fedens\/#\/schema\/logo\/image\/\",\"url\":\"https:\/\/www.cgtaragonlarioja.org\/fedens\/files\/2021\/02\/logo_cgt_ense_huesca_170x250.png\",\"contentUrl\":\"https:\/\/www.cgtaragonlarioja.org\/fedens\/files\/2021\/02\/logo_cgt_ense_huesca_170x250.png\",\"width\":170,\"height\":250,\"caption\":\"CGT Arag\u00f3n y La Rioja - Ense\u00f1anza\"},\"image\":{\"@id\":\"https:\/\/www.cgtaragonlarioja.org\/fedens\/#\/schema\/logo\/image\/\"},\"sameAs\":[\"https:\/\/www.facebook.com\/CGTEnseAragon\/\",\"https:\/\/x.com\/CGTeduAragon\"]},{\"@type\":\"Person\",\"@id\":\"\",\"url\":\"https:\/\/www.cgtaragonlarioja.org\/fedens\/author\/\"}]}<\/script>\n<!-- \/ Yoast SEO plugin. -->","yoast_head_json":{"title":"Fechas y plazos de la Nueva Baremaci\u00f3n de Secundaria","description":"Nueva Baremaci\u00f3n de Secundaria curso 2019\/2020 El pr\u00f3ximo lunes 25 de noviembre aparecer\u00e1 publicada en el Bolet\u00edn Oficial de Arag\u00f3n la convocatoria de la","robots":{"index":"index","follow":"follow","max-snippet":"max-snippet:-1","max-image-preview":"max-image-preview:large","max-video-preview":"max-video-preview:-1"},"canonical":"https:\/\/www.cgtaragonlarioja.org\/fedens\/fechas-y-plazos-de-la-nueva\/","og_locale":"es_ES","og_type":"article","og_title":"Fechas y plazos de la Nueva Baremaci\u00f3n de Secundaria","og_description":"Nueva Baremaci\u00f3n de Secundaria curso 2019\/2020 El pr\u00f3ximo lunes 25 de noviembre aparecer\u00e1 publicada en el Bolet\u00edn Oficial de Arag\u00f3n la convocatoria de la","og_url":"https:\/\/www.cgtaragonlarioja.org\/fedens\/fechas-y-plazos-de-la-nueva\/","og_site_name":"CGT Arag\u00f3n - La Rioja. ENSE\u00d1ANZA","article_publisher":"https:\/\/www.facebook.com\/CGTEnseAragon\/","article_published_time":"2019-11-20T11:56:55+00:00","article_modified_time":"2021-01-29T08:31:31+00:00","og_image":[{"width":940,"height":788,"url":"https:\/\/www.cgtaragonlarioja.org\/fedens\/files\/2019\/11\/RebaremacionPlazos.jpg","type":"image\/jpeg"}],"twitter_card":"summary_large_image","twitter_creator":"@CGTeduAragon","twitter_site":"@CGTeduAragon","twitter_misc":{"Escrito por":""},"schema":{"@context":"https:\/\/schema.org","@graph":[{"@type":"Article","@id":"https:\/\/www.cgtaragonlarioja.org\/fedens\/fechas-y-plazos-de-la-nueva\/#article","isPartOf":{"@id":"https:\/\/www.cgtaragonlarioja.org\/fedens\/fechas-y-plazos-de-la-nueva\/"},"author":{"name":"","@id":""},"headline":"Fechas y plazos de la Nueva Baremaci\u00f3n de Secundaria","datePublished":"2019-11-20T11:56:55+00:00","dateModified":"2021-01-29T08:31:31+00:00","mainEntityOfPage":{"@id":"https:\/\/www.cgtaragonlarioja.org\/fedens\/fechas-y-plazos-de-la-nueva\/"},"wordCount":83,"commentCount":1,"publisher":{"@id":"https:\/\/www.cgtaragonlarioja.org\/fedens\/#organization"},"image":{"@id":"https:\/\/www.cgtaragonlarioja.org\/fedens\/fechas-y-plazos-de-la-nueva\/#primaryimage"},"thumbnailUrl":"https:\/\/www.cgtaragonlarioja.org\/fedens\/files\/2019\/11\/RebaremacionPlazos.jpg","keywords":["Baremaciones","Ed. Secundaria"],"articleSection":["Noticias"],"inLanguage":"es","potentialAction":[{"@type":"CommentAction","name":"Comment","target":["https:\/\/www.cgtaragonlarioja.org\/fedens\/fechas-y-plazos-de-la-nueva\/#respond"]}]},{"@type":"WebPage","@id":"https:\/\/www.cgtaragonlarioja.org\/fedens\/fechas-y-plazos-de-la-nueva\/","url":"https:\/\/www.cgtaragonlarioja.org\/fedens\/fechas-y-plazos-de-la-nueva\/","name":"Fechas y plazos de la Nueva Baremaci\u00f3n de Secundaria","isPartOf":{"@id":"https:\/\/www.cgtaragonlarioja.org\/fedens\/#website"},"primaryImageOfPage":{"@id":"https:\/\/www.cgtaragonlarioja.org\/fedens\/fechas-y-plazos-de-la-nueva\/#primaryimage"},"image":{"@id":"https:\/\/www.cgtaragonlarioja.org\/fedens\/fechas-y-plazos-de-la-nueva\/#primaryimage"},"thumbnailUrl":"https:\/\/www.cgtaragonlarioja.org\/fedens\/files\/2019\/11\/RebaremacionPlazos.jpg","datePublished":"2019-11-20T11:56:55+00:00","dateModified":"2021-01-29T08:31:31+00:00","description":"Nueva Baremaci\u00f3n de Secundaria curso 2019\/2020 El pr\u00f3ximo lunes 25 de noviembre aparecer\u00e1 publicada en el Bolet\u00edn Oficial de Arag\u00f3n la convocatoria de la","breadcrumb":{"@id":"https:\/\/www.cgtaragonlarioja.org\/fedens\/fechas-y-plazos-de-la-nueva\/#breadcrumb"},"inLanguage":"es","potentialAction":[{"@type":"ReadAction","target":["https:\/\/www.cgtaragonlarioja.org\/fedens\/fechas-y-plazos-de-la-nueva\/"]}]},{"@type":"ImageObject","inLanguage":"es","@id":"https:\/\/www.cgtaragonlarioja.org\/fedens\/fechas-y-plazos-de-la-nueva\/#primaryimage","url":"https:\/\/www.cgtaragonlarioja.org\/fedens\/files\/2019\/11\/RebaremacionPlazos.jpg","contentUrl":"https:\/\/www.cgtaragonlarioja.org\/fedens\/files\/2019\/11\/RebaremacionPlazos.jpg","width":940,"height":788,"caption":"RebaremacionPlazos.jpg"},{"@type":"BreadcrumbList","@id":"https:\/\/www.cgtaragonlarioja.org\/fedens\/fechas-y-plazos-de-la-nueva\/#breadcrumb","itemListElement":[{"@type":"ListItem","position":1,"name":"Portada","item":"https:\/\/www.cgtaragonlarioja.org\/fedens\/"},{"@type":"ListItem","position":2,"name":"Fechas y plazos de la Nueva Baremaci\u00f3n de Secundaria"}]},{"@type":"WebSite","@id":"https:\/\/www.cgtaragonlarioja.org\/fedens\/#website","url":"https:\/\/www.cgtaragonlarioja.org\/fedens\/","name":"CGT Arag\u00f3n - La Rioja. ENSE\u00d1ANZA","description":"CONTACTAR: Calatayud-Aranda: 654897973 \/ Huesca: 974238404 \/ Teruel: 978619265 \/ Zaragoza: 976922002","publisher":{"@id":"https:\/\/www.cgtaragonlarioja.org\/fedens\/#organization"},"potentialAction":[{"@type":"SearchAction","target":{"@type":"EntryPoint","urlTemplate":"https:\/\/www.cgtaragonlarioja.org\/fedens\/?s={search_term_string}"},"query-input":{"@type":"PropertyValueSpecification","valueRequired":true,"valueName":"search_term_string"}}],"inLanguage":"es"},{"@type":"Organization","@id":"https:\/\/www.cgtaragonlarioja.org\/fedens\/#organization","name":"CGT Arag\u00f3n y La Rioja - Ense\u00f1anza","url":"https:\/\/www.cgtaragonlarioja.org\/fedens\/","logo":{"@type":"ImageObject","inLanguage":"es","@id":"https:\/\/www.cgtaragonlarioja.org\/fedens\/#\/schema\/logo\/image\/","url":"https:\/\/www.cgtaragonlarioja.org\/fedens\/files\/2021\/02\/logo_cgt_ense_huesca_170x250.png","contentUrl":"https:\/\/www.cgtaragonlarioja.org\/fedens\/files\/2021\/02\/logo_cgt_ense_huesca_170x250.png","width":170,"height":250,"caption":"CGT Arag\u00f3n y La Rioja - Ense\u00f1anza"},"image":{"@id":"https:\/\/www.cgtaragonlarioja.org\/fedens\/#\/schema\/logo\/image\/"},"sameAs":["https:\/\/www.facebook.com\/CGTEnseAragon\/","https:\/\/x.com\/CGTeduAragon"]},{"@type":"Person","@id":"","url":"https:\/\/www.cgtaragonlarioja.org\/fedens\/author\/"}]}},"_links":{"self":[{"href":"https:\/\/www.cgtaragonlarioja.org\/fedens\/wp-json\/wp\/v2\/posts\/9778","targetHints":{"allow":["GET"]}}],"collection":[{"href":"https:\/\/www.cgtaragonlarioja.org\/fedens\/wp-json\/wp\/v2\/posts"}],"about":[{"href":"https:\/\/www.cgtaragonlarioja.org\/fedens\/wp-json\/wp\/v2\/types\/post"}],"author":[{"embeddable":true,"href":"https:\/\/www.cgtaragonlarioja.org\/fedens\/wp-json\/wp\/v2\/users\/485"}],"replies":[{"embeddable":true,"href":"https:\/\/www.cgtaragonlarioja.org\/fedens\/wp-json\/wp\/v2\/comments?post=9778"}],"version-history":[{"count":1,"href":"https:\/\/www.cgtaragonlarioja.org\/fedens\/wp-json\/wp\/v2\/posts\/9778\/revisions"}],"predecessor-version":[{"id":9779,"href":"https:\/\/www.cgtaragonlarioja.org\/fedens\/wp-json\/wp\/v2\/posts\/9778\/revisions\/9779"}],"wp:featuredmedia":[{"embeddable":true,"href":"https:\/\/www.cgtaragonlarioja.org\/fedens\/wp-json\/wp\/v2\/media\/9777"}],"wp:attachment":[{"href":"https:\/\/www.cgtaragonlarioja.org\/fedens\/wp-json\/wp\/v2\/media?parent=9778"}],"wp:term":[{"taxonomy":"category","embeddable":true,"href":"https:\/\/www.cgtaragonlarioja.org\/fedens\/wp-json\/wp\/v2\/categories?post=9778"},{"taxonomy":"post_tag","embeddable":true,"href":"https:\/\/www.cgtaragonlarioja.org\/fedens\/wp-json\/wp\/v2\/tags?post=9778"}],"curies":[{"name":"wp","href":"https:\/\/api.w.org\/{rel}","templated":true}]}}