{"id":9776,"date":"2019-11-19T17:03:23","date_gmt":"2019-11-19T16:03:23","guid":{"rendered":"https:\/\/www.cgtaragonlarioja.org\/fedens2\/educacion-pensamiento-accion\/la-revuelta-educativa-neocon\/"},"modified":"2021-02-08T22:41:17","modified_gmt":"2021-02-08T21:41:17","slug":"la-revuelta-educativa-neocon","status":"publish","type":"post","link":"https:\/\/www.cgtaragonlarioja.org\/fedens\/la-revuelta-educativa-neocon\/","title":{"rendered":"La revuelta educativa neocon"},"content":{"rendered":"<p><em>Enrique Javier D\u00ed\u00adez Guti\u00e9rrez<\/em><\/p>\n<p>Cela\u00e1 ha reconocido que la libertad de las familias para escoger una educaci\u00f3n religiosa o elegir un centro de ense\u00f1anza para sus hijos e hijas \u00abno son emanaci\u00f3n estricta de la libertad reconocida en el art\u00ed\u00adculo 27 de la Constituci\u00f3n\u00bb.<\/p>\n<p>La alianza neocon (neoliberales y conservadores), abanderada en este caso por los obispos, la jerarqu\u00ed\u00ada cat\u00f3lica y la patronal de la concertada, han puesto el grito en el cielo (met\u00e1fora adecuada en este caso), al o\u00ed\u00adr a la ministra de educaci\u00f3n Cela\u00e1, en la inauguraci\u00f3n del XV Congreso de Escuelas Cat\u00f3licas, asegurar que la \u00ablibre elecci\u00f3n\u00bb de la escuela por las familias no es un derecho recogido en la Constituci\u00f3n. A pesar de la reiterada defensa y apoyo de los conciertos educativos de Cela\u00e1, algo que ha demostrado no solo en su pr\u00e1ctica ministerial durante el gobierno del PSOE, sino como consejera de educaci\u00f3n en el pa\u00ed\u00ads vasco, ha reconocido que, efectivamente, la libertad de las familias para escoger una educaci\u00f3n religiosa o elegir un centro de ense\u00f1anza para sus hijos e hijas \u00abno son emanaci\u00f3n estricta de la libertad reconocida en el art\u00ed\u00adculo 27 de la Constituci\u00f3n\u00bb.<\/p>\n<p>La derecha conservadora, la ultraderecha, los obispos m\u00e1s reaccionarios, la jerarqu\u00ed\u00ada cat\u00f3lica en general y, sobre todo, la patronal cat\u00f3lica de la escuela concertada (que ya ha acaparado el 15% del total del sistema educativo y el 58% de la ense\u00f1anza privada-concertada, es decir, financiada p\u00fablicamente con el dinero de todas y todos) se ha alzado en armas, para anunciar que el nuevo gobierno \u00abbolivariano\u00bb PSOE-Unidas Podemos \u00abcercena el derecho de las familias\u00bb, \u00abadopta posturas radicales\u00bb, \u00abse aleja del pacto constitucional\u00bb, \u00abengrasa la maquinaria de adoctrinamiento\u00bb, \u00abdeclara la guerra\u00bb, etc., etc. Todas expresiones de dirigentes pol\u00ed\u00adticos y medi\u00e1ticos de la alianza neocon.<\/p>\n<p>Sorprende esta reacci\u00f3n en pleno siglo XXI porque es algo bien sabido que la Constituci\u00f3n, el Derecho Constitucional y el propio Tribunal Constitucional da toda la raz\u00f3n, en esta ocasi\u00f3n, a la ministra de educaci\u00f3n, cuando se reafirmaba delante de 2.000 directores y due\u00f1os de centros educativos cat\u00f3licos, tras el murmullo de protesta que se extend\u00ed\u00ada por el Congreso antes sus palabras, declarando que \u00abde ninguna manera puede decirse que el derecho de los padres y madres a escoger una ense\u00f1anza religiosa o a elegir centro educativo podr\u00ed\u00adan ser parte de la libertad de ense\u00f1anza\u00bb, recogida en la Constituci\u00f3n, aludiendo a la sentencia del propio Tribunal Constitucional al respecto.<\/p>\n<p>Ha recordado tambi\u00e9n que el modelo de conciertos de Espa\u00f1a es una anomal\u00ed\u00ada en el panorama europeo. De hecho, somos el tercer pa\u00ed\u00ads de Europa en este tipo de centros, detr\u00e1s de B\u00e9lgica y Malta. En todos los dem\u00e1s pa\u00ed\u00adses, seg\u00fan datos de la OCDE, la educaci\u00f3n es fundamentalmente p\u00fablica (89,2% en educaci\u00f3n primaria y un 83% en secundaria en la UE-28, frente a un 67,3% de Espa\u00f1a).<\/p>\n<p>Inmediatamente, el presidente del PP, Pablo Casado, al servicio de la patronal de la concertada y de la jerarqu\u00ed\u00ada cat\u00f3lica, ha tuiteado (al estilo Trump: pol\u00ed\u00adtica a trav\u00e9s de twitter) que la libertad de ense\u00f1anza es \u00abfundamental\u00bb en democracia y \u00abest\u00e1 garantizada por la Constituci\u00f3n\u00bb. Claro, eso es, efectivamente lo que dice la Constituci\u00f3n: \u00ablibertad de ense\u00f1anza\u00bb, que se sustancia en \u00ablibertad de creaci\u00f3n de centros docentes\u00bb, no de financiaci\u00f3n p\u00fablica de las elecciones privadas. Del art\u00ed\u00adculo 27 no se puede interpretar que el Estado tenga la obligaci\u00f3n de contribuir a financiar y mantenerlas. Pero parece que, a pesar de su cansina reiteraci\u00f3n de autodeclararse constitucionalistas, pocos leen la Constituci\u00f3n.<\/p>\n<p>De acuerdo con la Constituci\u00f3n, la educaci\u00f3n es un derecho social que los poderes p\u00fablicos est\u00e1n obligados a garantizar y organizar a trav\u00e9s de la planificaci\u00f3n general de la ense\u00f1anza, la creaci\u00f3n de centros docentes p\u00fablicos y la participaci\u00f3n efectiva de la sociedad en su gesti\u00f3n. La \u00ablibertad de ense\u00f1anza\u00bb reconocida por la Constituci\u00f3n Espa\u00f1ola (Art\u00ed\u00adculo 27), a la que aluden, se concreta en la Carta Magna en la posibilidad de creaci\u00f3n de centros privados, con arreglo a una normativa estatal, para el reconocimiento y homologaci\u00f3n de sus actuaciones. Pero en modo alguno se contempla en nuestra Constituci\u00f3n, ni en el derecho comparado, la posibilidad de que las familias deban recibir una ayuda p\u00fablica para elegir entre ambas redes, p\u00fablica y privada, ni que \u00e9sta \u00faltima deba ser financiada con fondos p\u00fablicos.<\/p>\n<p>Pero en una interpretaci\u00f3n abusiva de este derecho de creaci\u00f3n de centros, fue voluntad pol\u00ed\u00adtica del gobierno del PSOE de Felipe Gonz\u00e1lez establecer y consagrar, en la ley educativa LODE, que se pudiera elegir entre dos redes, y que ambas fueran financiadas con fondos p\u00fablicos, tanto la p\u00fablica como la privada. Con lo que se quiere confundir el derecho a crear centros privados con el de las familias a recibir una ayuda p\u00fablica para elegirlos, lo que, en modo alguno est\u00e1 ni en nuestra Constituci\u00f3n ni en el derecho comparado.<\/p>\n<p>El texto constitucional establece que la ense\u00f1anza b\u00e1sica es obligatoria y gratuita, pero no indica que el Estado est\u00e9 obligado a otorgar gratuidad a la educaci\u00f3n en centros privados por el simple hecho de que las familias elijan un centro distinto del creado por los poderes p\u00fablicos. As\u00ed\u00ad lo dej\u00f3 asentado el Tribunal Constitucional en la sentencia 86\/1985, de 10 de julio, dictada por su Sala Segunda: \u00ab&#8230;siendo del todo claro que el derecho a la educaci\u00f3n -a la educaci\u00f3n gratuita en la ense\u00f1anza b\u00e1sica- no comprende el derecho a la gratuidad educativa en cualesquiera Centros privados, porque los recursos p\u00fablicos no han de acudir, incondicionadamente, all\u00e1 donde vayan las preferencias individuales.\u00bb Por lo que, como dice Cela\u00e1, en ning\u00fan momento el Constitucional indica que forme parte de la libertad educativa el derecho a elegir centro.<\/p>\n<p>No obstante, poco sorprende que el PP y Casado utilicen esto como arma arrojadiza contra el acuerdo de nuevo gobierno progresista entre PSOE y Unidas Podemos en Espa\u00f1a. As\u00ed\u00ad lo manifiesta en el final de su tuit Casado denunciando \u00abel modelo del nuevo gobierno de izquierda radical. Hablan de libertad, pero la cercenan cuando no se ajusta a su ideolog\u00ed\u00ada\u00bb. Haciendo gala justamente de su pol\u00ed\u00adtica y filosof\u00ed\u00ada habitual, que tilda de adoctrinamiento todo lo que no sea el suyo.<\/p>\n<p>Revuelta neocon a la que se ha sumado el partido neoliberal radical Ciudadanos, a trav\u00e9s de su portavoz Arrimadas, que tambi\u00e9n tuitea en la misma clave: \u00abentregar a Podemos las llaves del Gobierno tiene un precio muy alto para las familias espa\u00f1olas\u00bb. Pero, quiz\u00e1s, quien expone con m\u00e1s claridad los principios esenciales de esta revuelta neocon es el secretario general de la Conferencia Episcopal Espa\u00f1ola (CEE), Luis Arg\u00fcello, asegurando que (y f\u00ed\u00adjense en los t\u00e9rminos que emplea) \u00abla exclusi\u00f3n del derecho de los padres\u00bb supondr\u00ed\u00ada un giro en la pol\u00ed\u00adtica educativa de extraordinaria gravedad para la libertad de ense\u00f1anza en una sociedad tan plural que precisa unas bases educativas \u00abconforme a las convicciones de las familias y su iniciativa social\u00bb, y que \u00ablas administraciones han de garantizar conforme a la Constituci\u00f3n y los tratados internacionales firmados por el Estado\u00bb. Las dos claves esenciales: \u00ablibertad de elecci\u00f3n\u00bb y \u00abdemanda social\u00bb. La base del modelo neoliberal, anclada en la pedagog\u00ed\u00ada del individualismo insolidario, aplicado a la educaci\u00f3n. Filosof\u00ed\u00ada que proclaman con entusiasmo ahora tanto neoliberales como neoconservadores modernizados.<\/p>\n<p>L\u00f3gicamente, a esta reacci\u00f3n neocon se han unido los medios de comunicaci\u00f3n afines. El peri\u00f3dico El Mundo titulaba: \u00abCela\u00e1 declara la guerra a la concertada al negar el derecho constitucional de las familias a escoger colegio\u00bb. Iniciando la cr\u00f3nica con \u00abEn un gui\u00f1o a Podemos&#8230; ha lanzado este jueves toda una declaraci\u00f3n de guerra a la escuela concertada, donde estudia casi una cuarta parte del alumnado espa\u00f1ol\u00bb. Ah\u00ed\u00ad es nada. Parecen frases sacadas del manual de c\u00f3mo articular un lawfare o guerra pol\u00ed\u00adtica de baja intensidad, que est\u00e1n aplicando como alternativa a los golpes de estado armados cl\u00e1sicos en tantos pa\u00ed\u00adses del continente latinoamericano. A este discurso incendiario se apuntan, c\u00f3mo no, otros voceros neocon con titulares similares: \u00abContra la ense\u00f1anza en libertad\u00bb, o la radio de los obispos, la COPE: \u00aboscuros presagios para la libertad educativa en esta legislatura\u00bb.<\/p>\n<p>Lo que tenemos que ser conscientes es que esta reacci\u00f3n neocon, ante siquiera la posibilidad de cuestionamiento te\u00f3rico, que no pr\u00e1ctico (recordemos que la ministra es una fiel defensora de la educaci\u00f3n concertada en toda su trayectoria pol\u00ed\u00adtica hasta ahora), de una de las bases fundamentales de afianzamiento y extensi\u00f3n de su ideolog\u00ed\u00ada, responde a un rearme ideol\u00f3gico, propiciado por el auge de la extrema derecha con quien han pactado y est\u00e1n gobernando en diferentes partes del pa\u00ed\u00ads. Recordarles, como ha hecho recientemente Unidas Podemos, que la Constituci\u00f3n, redactada y pactada tambi\u00e9n incluso por dirigentes de la dictadura, establece que tiene que haber impuestos progresivos, redistribuci\u00f3n de la riqueza o m\u00ed\u00adnimos derechos humanos elementales, les parece infundios bolcheviques, propios de su eterna reencarnaci\u00f3n del mal: el comunismo.<\/p>\n<p>Debemos saber pues, que la alianza de los herederos del franquismo y los neoliberales junto con los ultraderechistas, no est\u00e1 dispuesta a renunciar a ninguno de los privilegios que se ha arrogado, y que mantienen a trav\u00e9s no solo del poder econ\u00f3mico, medi\u00e1tico, judicial y pol\u00ed\u00adtico, sino sobre todo ideol\u00f3gico. Consideran la educaci\u00f3n y el sistema educativo uno de los medios fundamentales de producci\u00f3n ideol\u00f3gica y perpetuaci\u00f3n de su control. Cuestionar sus privilegios en educaci\u00f3n es, para ellos, declararles la guerra. Y ya sabemos c\u00f3mo las gastan en estos casos.<\/p>\n<p><em>Enrique Javier D\u00ed\u00adez Guti\u00e9rrezes Profesor de la Universidad de Le\u00f3n. Coordinador del \u00c1rea Federal de Educaci\u00f3n de Izquierda Unida. Miembro del Grupo de Pensamiento Laico.<\/em><\/p>\n<p><strong>Art\u00ed\u00adculo originalmente publicado en <a href=\"https:\/\/blogs.publico.es\/dominiopublico\/30136\/la-revuelta-educativa-neocon\/\">publico.es<\/a><\/strong><\/p>\n","protected":false},"excerpt":{"rendered":"<p>Enrique Javier D\u00ed\u00adez Guti\u00e9rrez Cela\u00e1 ha reconocido que la libertad de las familias para escoger<\/p>\n","protected":false},"author":485,"featured_media":0,"comment_status":"open","ping_status":"open","sticky":false,"template":"","format":"standard","meta":{"footnotes":""},"categories":[504],"tags":[],"class_list":["post-9776","post","type-post","status-publish","format-standard","hentry","category-a-debate"],"yoast_head":"<!-- This site is optimized with the Yoast SEO plugin v26.7 - https:\/\/yoast.com\/wordpress\/plugins\/seo\/ -->\n<title>La revuelta educativa neocon<\/title>\n<meta name=\"description\" content=\"Enrique Javier D\u00ed\u00adez Guti\u00e9rrez Cela\u00e1 ha reconocido que la libertad de las familias para escoger una educaci\u00f3n religiosa o elegir un centro de ense\u00f1anza\" \/>\n<meta name=\"robots\" content=\"index, follow, max-snippet:-1, max-image-preview:large, max-video-preview:-1\" \/>\n<link rel=\"canonical\" href=\"https:\/\/www.cgtaragonlarioja.org\/fedens\/la-revuelta-educativa-neocon\/\" \/>\n<meta property=\"og:locale\" content=\"es_ES\" \/>\n<meta property=\"og:type\" content=\"article\" \/>\n<meta property=\"og:title\" content=\"La revuelta educativa neocon\" \/>\n<meta property=\"og:description\" content=\"Enrique Javier D\u00ed\u00adez Guti\u00e9rrez Cela\u00e1 ha reconocido que la libertad de las familias para escoger una educaci\u00f3n religiosa o elegir un centro de ense\u00f1anza\" \/>\n<meta property=\"og:url\" content=\"https:\/\/www.cgtaragonlarioja.org\/fedens\/la-revuelta-educativa-neocon\/\" \/>\n<meta property=\"og:site_name\" content=\"CGT Arag\u00f3n - La Rioja. ENSE\u00d1ANZA\" \/>\n<meta property=\"article:publisher\" content=\"https:\/\/www.facebook.com\/CGTEnseAragon\/\" \/>\n<meta property=\"article:published_time\" content=\"2019-11-19T16:03:23+00:00\" \/>\n<meta property=\"article:modified_time\" content=\"2021-02-08T21:41:17+00:00\" \/>\n<meta name=\"twitter:card\" content=\"summary_large_image\" \/>\n<meta name=\"twitter:creator\" content=\"@CGTeduAragon\" \/>\n<meta name=\"twitter:site\" content=\"@CGTeduAragon\" \/>\n<meta name=\"twitter:label1\" content=\"Escrito por\" \/>\n\t<meta name=\"twitter:data1\" content=\"\" \/>\n\t<meta name=\"twitter:label2\" content=\"Tiempo de lectura\" \/>\n\t<meta name=\"twitter:data2\" content=\"7 minutos\" \/>\n<script type=\"application\/ld+json\" class=\"yoast-schema-graph\">{\"@context\":\"https:\/\/schema.org\",\"@graph\":[{\"@type\":\"Article\",\"@id\":\"https:\/\/www.cgtaragonlarioja.org\/fedens\/la-revuelta-educativa-neocon\/#article\",\"isPartOf\":{\"@id\":\"https:\/\/www.cgtaragonlarioja.org\/fedens\/la-revuelta-educativa-neocon\/\"},\"author\":{\"name\":\"\",\"@id\":\"\"},\"headline\":\"La revuelta educativa neocon\",\"datePublished\":\"2019-11-19T16:03:23+00:00\",\"dateModified\":\"2021-02-08T21:41:17+00:00\",\"mainEntityOfPage\":{\"@id\":\"https:\/\/www.cgtaragonlarioja.org\/fedens\/la-revuelta-educativa-neocon\/\"},\"wordCount\":1754,\"commentCount\":0,\"publisher\":{\"@id\":\"https:\/\/www.cgtaragonlarioja.org\/fedens\/#organization\"},\"articleSection\":[\"A Debate\"],\"inLanguage\":\"es\",\"potentialAction\":[{\"@type\":\"CommentAction\",\"name\":\"Comment\",\"target\":[\"https:\/\/www.cgtaragonlarioja.org\/fedens\/la-revuelta-educativa-neocon\/#respond\"]}]},{\"@type\":\"WebPage\",\"@id\":\"https:\/\/www.cgtaragonlarioja.org\/fedens\/la-revuelta-educativa-neocon\/\",\"url\":\"https:\/\/www.cgtaragonlarioja.org\/fedens\/la-revuelta-educativa-neocon\/\",\"name\":\"La revuelta educativa neocon\",\"isPartOf\":{\"@id\":\"https:\/\/www.cgtaragonlarioja.org\/fedens\/#website\"},\"datePublished\":\"2019-11-19T16:03:23+00:00\",\"dateModified\":\"2021-02-08T21:41:17+00:00\",\"description\":\"Enrique Javier D\u00ed\u00adez Guti\u00e9rrez Cela\u00e1 ha reconocido que la libertad de las familias para escoger una educaci\u00f3n religiosa o elegir un centro de ense\u00f1anza\",\"breadcrumb\":{\"@id\":\"https:\/\/www.cgtaragonlarioja.org\/fedens\/la-revuelta-educativa-neocon\/#breadcrumb\"},\"inLanguage\":\"es\",\"potentialAction\":[{\"@type\":\"ReadAction\",\"target\":[\"https:\/\/www.cgtaragonlarioja.org\/fedens\/la-revuelta-educativa-neocon\/\"]}]},{\"@type\":\"BreadcrumbList\",\"@id\":\"https:\/\/www.cgtaragonlarioja.org\/fedens\/la-revuelta-educativa-neocon\/#breadcrumb\",\"itemListElement\":[{\"@type\":\"ListItem\",\"position\":1,\"name\":\"Portada\",\"item\":\"https:\/\/www.cgtaragonlarioja.org\/fedens\/\"},{\"@type\":\"ListItem\",\"position\":2,\"name\":\"La revuelta educativa neocon\"}]},{\"@type\":\"WebSite\",\"@id\":\"https:\/\/www.cgtaragonlarioja.org\/fedens\/#website\",\"url\":\"https:\/\/www.cgtaragonlarioja.org\/fedens\/\",\"name\":\"CGT Arag\u00f3n - La Rioja. ENSE\u00d1ANZA\",\"description\":\"CONTACTAR: Calatayud-Aranda: 654897973 \/ Huesca: 974238404 \/ Teruel: 978619265 \/ Zaragoza: 976922002\",\"publisher\":{\"@id\":\"https:\/\/www.cgtaragonlarioja.org\/fedens\/#organization\"},\"potentialAction\":[{\"@type\":\"SearchAction\",\"target\":{\"@type\":\"EntryPoint\",\"urlTemplate\":\"https:\/\/www.cgtaragonlarioja.org\/fedens\/?s={search_term_string}\"},\"query-input\":{\"@type\":\"PropertyValueSpecification\",\"valueRequired\":true,\"valueName\":\"search_term_string\"}}],\"inLanguage\":\"es\"},{\"@type\":\"Organization\",\"@id\":\"https:\/\/www.cgtaragonlarioja.org\/fedens\/#organization\",\"name\":\"CGT Arag\u00f3n y La Rioja - Ense\u00f1anza\",\"url\":\"https:\/\/www.cgtaragonlarioja.org\/fedens\/\",\"logo\":{\"@type\":\"ImageObject\",\"inLanguage\":\"es\",\"@id\":\"https:\/\/www.cgtaragonlarioja.org\/fedens\/#\/schema\/logo\/image\/\",\"url\":\"https:\/\/www.cgtaragonlarioja.org\/fedens\/files\/2021\/02\/logo_cgt_ense_huesca_170x250.png\",\"contentUrl\":\"https:\/\/www.cgtaragonlarioja.org\/fedens\/files\/2021\/02\/logo_cgt_ense_huesca_170x250.png\",\"width\":170,\"height\":250,\"caption\":\"CGT Arag\u00f3n y La Rioja - Ense\u00f1anza\"},\"image\":{\"@id\":\"https:\/\/www.cgtaragonlarioja.org\/fedens\/#\/schema\/logo\/image\/\"},\"sameAs\":[\"https:\/\/www.facebook.com\/CGTEnseAragon\/\",\"https:\/\/x.com\/CGTeduAragon\"]},{\"@type\":\"Person\",\"@id\":\"\",\"url\":\"https:\/\/www.cgtaragonlarioja.org\/fedens\/author\/\"}]}<\/script>\n<!-- \/ Yoast SEO plugin. -->","yoast_head_json":{"title":"La revuelta educativa neocon","description":"Enrique Javier D\u00ed\u00adez Guti\u00e9rrez Cela\u00e1 ha reconocido que la libertad de las familias para escoger una educaci\u00f3n religiosa o elegir un centro de ense\u00f1anza","robots":{"index":"index","follow":"follow","max-snippet":"max-snippet:-1","max-image-preview":"max-image-preview:large","max-video-preview":"max-video-preview:-1"},"canonical":"https:\/\/www.cgtaragonlarioja.org\/fedens\/la-revuelta-educativa-neocon\/","og_locale":"es_ES","og_type":"article","og_title":"La revuelta educativa neocon","og_description":"Enrique Javier D\u00ed\u00adez Guti\u00e9rrez Cela\u00e1 ha reconocido que la libertad de las familias para escoger una educaci\u00f3n religiosa o elegir un centro de ense\u00f1anza","og_url":"https:\/\/www.cgtaragonlarioja.org\/fedens\/la-revuelta-educativa-neocon\/","og_site_name":"CGT Arag\u00f3n - La Rioja. ENSE\u00d1ANZA","article_publisher":"https:\/\/www.facebook.com\/CGTEnseAragon\/","article_published_time":"2019-11-19T16:03:23+00:00","article_modified_time":"2021-02-08T21:41:17+00:00","twitter_card":"summary_large_image","twitter_creator":"@CGTeduAragon","twitter_site":"@CGTeduAragon","twitter_misc":{"Escrito por":"","Tiempo de lectura":"7 minutos"},"schema":{"@context":"https:\/\/schema.org","@graph":[{"@type":"Article","@id":"https:\/\/www.cgtaragonlarioja.org\/fedens\/la-revuelta-educativa-neocon\/#article","isPartOf":{"@id":"https:\/\/www.cgtaragonlarioja.org\/fedens\/la-revuelta-educativa-neocon\/"},"author":{"name":"","@id":""},"headline":"La revuelta educativa neocon","datePublished":"2019-11-19T16:03:23+00:00","dateModified":"2021-02-08T21:41:17+00:00","mainEntityOfPage":{"@id":"https:\/\/www.cgtaragonlarioja.org\/fedens\/la-revuelta-educativa-neocon\/"},"wordCount":1754,"commentCount":0,"publisher":{"@id":"https:\/\/www.cgtaragonlarioja.org\/fedens\/#organization"},"articleSection":["A Debate"],"inLanguage":"es","potentialAction":[{"@type":"CommentAction","name":"Comment","target":["https:\/\/www.cgtaragonlarioja.org\/fedens\/la-revuelta-educativa-neocon\/#respond"]}]},{"@type":"WebPage","@id":"https:\/\/www.cgtaragonlarioja.org\/fedens\/la-revuelta-educativa-neocon\/","url":"https:\/\/www.cgtaragonlarioja.org\/fedens\/la-revuelta-educativa-neocon\/","name":"La revuelta educativa neocon","isPartOf":{"@id":"https:\/\/www.cgtaragonlarioja.org\/fedens\/#website"},"datePublished":"2019-11-19T16:03:23+00:00","dateModified":"2021-02-08T21:41:17+00:00","description":"Enrique Javier D\u00ed\u00adez Guti\u00e9rrez Cela\u00e1 ha reconocido que la libertad de las familias para escoger una educaci\u00f3n religiosa o elegir un centro de ense\u00f1anza","breadcrumb":{"@id":"https:\/\/www.cgtaragonlarioja.org\/fedens\/la-revuelta-educativa-neocon\/#breadcrumb"},"inLanguage":"es","potentialAction":[{"@type":"ReadAction","target":["https:\/\/www.cgtaragonlarioja.org\/fedens\/la-revuelta-educativa-neocon\/"]}]},{"@type":"BreadcrumbList","@id":"https:\/\/www.cgtaragonlarioja.org\/fedens\/la-revuelta-educativa-neocon\/#breadcrumb","itemListElement":[{"@type":"ListItem","position":1,"name":"Portada","item":"https:\/\/www.cgtaragonlarioja.org\/fedens\/"},{"@type":"ListItem","position":2,"name":"La revuelta educativa neocon"}]},{"@type":"WebSite","@id":"https:\/\/www.cgtaragonlarioja.org\/fedens\/#website","url":"https:\/\/www.cgtaragonlarioja.org\/fedens\/","name":"CGT Arag\u00f3n - La Rioja. ENSE\u00d1ANZA","description":"CONTACTAR: Calatayud-Aranda: 654897973 \/ Huesca: 974238404 \/ Teruel: 978619265 \/ Zaragoza: 976922002","publisher":{"@id":"https:\/\/www.cgtaragonlarioja.org\/fedens\/#organization"},"potentialAction":[{"@type":"SearchAction","target":{"@type":"EntryPoint","urlTemplate":"https:\/\/www.cgtaragonlarioja.org\/fedens\/?s={search_term_string}"},"query-input":{"@type":"PropertyValueSpecification","valueRequired":true,"valueName":"search_term_string"}}],"inLanguage":"es"},{"@type":"Organization","@id":"https:\/\/www.cgtaragonlarioja.org\/fedens\/#organization","name":"CGT Arag\u00f3n y La Rioja - Ense\u00f1anza","url":"https:\/\/www.cgtaragonlarioja.org\/fedens\/","logo":{"@type":"ImageObject","inLanguage":"es","@id":"https:\/\/www.cgtaragonlarioja.org\/fedens\/#\/schema\/logo\/image\/","url":"https:\/\/www.cgtaragonlarioja.org\/fedens\/files\/2021\/02\/logo_cgt_ense_huesca_170x250.png","contentUrl":"https:\/\/www.cgtaragonlarioja.org\/fedens\/files\/2021\/02\/logo_cgt_ense_huesca_170x250.png","width":170,"height":250,"caption":"CGT Arag\u00f3n y La Rioja - Ense\u00f1anza"},"image":{"@id":"https:\/\/www.cgtaragonlarioja.org\/fedens\/#\/schema\/logo\/image\/"},"sameAs":["https:\/\/www.facebook.com\/CGTEnseAragon\/","https:\/\/x.com\/CGTeduAragon"]},{"@type":"Person","@id":"","url":"https:\/\/www.cgtaragonlarioja.org\/fedens\/author\/"}]}},"_links":{"self":[{"href":"https:\/\/www.cgtaragonlarioja.org\/fedens\/wp-json\/wp\/v2\/posts\/9776","targetHints":{"allow":["GET"]}}],"collection":[{"href":"https:\/\/www.cgtaragonlarioja.org\/fedens\/wp-json\/wp\/v2\/posts"}],"about":[{"href":"https:\/\/www.cgtaragonlarioja.org\/fedens\/wp-json\/wp\/v2\/types\/post"}],"author":[{"embeddable":true,"href":"https:\/\/www.cgtaragonlarioja.org\/fedens\/wp-json\/wp\/v2\/users\/485"}],"replies":[{"embeddable":true,"href":"https:\/\/www.cgtaragonlarioja.org\/fedens\/wp-json\/wp\/v2\/comments?post=9776"}],"version-history":[{"count":3,"href":"https:\/\/www.cgtaragonlarioja.org\/fedens\/wp-json\/wp\/v2\/posts\/9776\/revisions"}],"predecessor-version":[{"id":11411,"href":"https:\/\/www.cgtaragonlarioja.org\/fedens\/wp-json\/wp\/v2\/posts\/9776\/revisions\/11411"}],"wp:attachment":[{"href":"https:\/\/www.cgtaragonlarioja.org\/fedens\/wp-json\/wp\/v2\/media?parent=9776"}],"wp:term":[{"taxonomy":"category","embeddable":true,"href":"https:\/\/www.cgtaragonlarioja.org\/fedens\/wp-json\/wp\/v2\/categories?post=9776"},{"taxonomy":"post_tag","embeddable":true,"href":"https:\/\/www.cgtaragonlarioja.org\/fedens\/wp-json\/wp\/v2\/tags?post=9776"}],"curies":[{"name":"wp","href":"https:\/\/api.w.org\/{rel}","templated":true}]}}