{"id":9774,"date":"2019-11-15T18:04:11","date_gmt":"2019-11-15T17:04:11","guid":{"rendered":"https:\/\/www.cgtaragonlarioja.org\/fedens2\/noticias\/la-concertada-no-esta-en-la\/"},"modified":"2021-01-29T09:31:29","modified_gmt":"2021-01-29T08:31:29","slug":"la-concertada-no-esta-en-la","status":"publish","type":"post","link":"https:\/\/www.cgtaragonlarioja.org\/fedens\/la-concertada-no-esta-en-la\/","title":{"rendered":"La concertada no est\u00e1 en la Constituci\u00f3n"},"content":{"rendered":"<p>Las palabras de la ministra Cela\u00e1 magnifican una pol\u00e9mica que ya puso sobre la mesa este sindicato en 2017 durante la campa\u00f1a de renovaci\u00f3n de conciertos educativos: el hecho de que el derecho de las familias a elegir centros no es un derecho constitucional.<\/p>\n<p>Durante el curso 2016\/17 el sindicato de Ense\u00f1anza de CGT puso en marcha una campa\u00f1a para la no renovaci\u00f3n de conciertos educativos. Durante dicha campa\u00f1a, los representantes de las escuelas concertadas reivindicaron una y otra vez el mantra de que la elecci\u00f3n de Centros es un derecho constitucional, algo que desde CGT negamos y que ayer mismo se vio refrendado por las palabras de la ministra de educaci\u00f3n Isabel Cela\u00e1 al pronunciarse en la misma l\u00ednea que defiende CGT.<\/p>\n<p><em>Art\u00edculo 27.3 de la Constituci\u00f3n dice que los poderes p\u00fablicos garantizan el derecho que asiste a los padres para que sus hijos reciban la formaci\u00f3n religiosa y moral que est\u00e9 de acuerdo con sus propias convicciones.<\/p>\n<p>27.6 Se reconoce a las personas f\u00edsicas y jur\u00eddicas la libertad de creaci\u00f3n de centros docentes, dentro del respeto a los principios constitucionales.<\/p>\n<p>27.9 Los poderes p\u00fablicos ayudar\u00e1n a los centros docentes que re\u00fanan los requisitos que la ley establezca.<\/em><\/p>\n<p>Evidentemente, como se lee en el art\u00edculo 27.3, la Constituci\u00f3n no establece que como consecuencia de la libertad de elecci\u00f3n de centro de las familias la administraci\u00f3n se vea obligada a subvencionar mediante conciertos centros privados. De hecho, la creaci\u00f3n por parte del PSOE de la red de centros concertados es posterior a la aprobaci\u00f3n de la Constituci\u00f3n, por lo que dif\u00edcilmente podr\u00eda recogerse algo que a\u00fan no exist\u00eda.<\/p>\n<p>Desde CGT abogamos por una red educativa p\u00fablica y privada pero no por una red concertada que no deja de ser una sistema empresarial, mayoritariamente religioso, financiado en su totalidad con dinero p\u00fablico.<br \/>\nTambi\u00e9n nos parece muy relevante que la ministra hiciera referencia a la segregaci\u00f3n de matr\u00edcula que, como demuestran informes como los de la Fundaci\u00f3n BBVA y el Instituto Ivie de Valencia entre otros, es una realidad en los centros concertados. Realidad que denunci\u00f3 CGT en 2017 junto a los fraudes de matriculaci\u00f3n.<\/p>\n<p>CGT se reivindica en la defensa de un sistema educativo laico y p\u00fablico con una financiaci\u00f3n digna.<\/p>\n<p><img loading=\"lazy\" decoding=\"async\" class=\" alignleft size-full wp-image-9773\" src=\"https:\/\/www.cgtaragonlarioja.org\/fedens\/wp-content\/uploads\/sites\/2\/2019\/11\/educacion-1024x684.jpg\" alt=\"educacion-1024x684.jpg\" align=\"left\" width=\"1024\" height=\"684\" srcset=\"https:\/\/www.cgtaragonlarioja.org\/fedens\/files\/2019\/11\/educacion-1024x684.jpg 1024w, https:\/\/www.cgtaragonlarioja.org\/fedens\/files\/2019\/11\/educacion-1024x684-300x200.jpg 300w, https:\/\/www.cgtaragonlarioja.org\/fedens\/files\/2019\/11\/educacion-1024x684-768x513.jpg 768w\" sizes=\"auto, (max-width: 1024px) 100vw, 1024px\" \/><div id='gallery-1' class='gallery galleryid-9774 gallery-columns-3 gallery-size-thumbnail'><figure class='gallery-item'>\n\t\t\t<div class='gallery-icon landscape'>\n\t\t\t\t<a href='https:\/\/www.cgtaragonlarioja.org\/fedens\/files\/2019\/11\/educacion-1024x684.jpg'><img loading=\"lazy\" decoding=\"async\" width=\"150\" height=\"150\" src=\"https:\/\/www.cgtaragonlarioja.org\/fedens\/files\/2019\/11\/educacion-1024x684-150x150.jpg\" class=\"attachment-thumbnail size-thumbnail\" alt=\"educacion-1024x684.jpg\" \/><\/a>\n\t\t\t<\/div><\/figure>\n\t\t<\/div>\n<\/p>\n","protected":false},"excerpt":{"rendered":"<p>Las palabras de la ministra Cela\u00e1 magnifican una pol\u00e9mica que ya puso sobre la mesa<\/p>\n","protected":false},"author":485,"featured_media":9773,"comment_status":"open","ping_status":"open","sticky":false,"template":"","format":"standard","meta":{"footnotes":""},"categories":[480],"tags":[],"class_list":["post-9774","post","type-post","status-publish","format-standard","has-post-thumbnail","hentry","category-noticias"],"yoast_head":"<!-- This site is optimized with the Yoast SEO plugin v26.7 - https:\/\/yoast.com\/wordpress\/plugins\/seo\/ -->\n<title>La concertada no est\u00e1 en la Constituci\u00f3n<\/title>\n<meta name=\"description\" content=\"Las palabras de la ministra Cela\u00e1 magnifican una pol\u00e9mica que ya puso sobre la mesa este sindicato en 2017 durante la campa\u00f1a de renovaci\u00f3n de conciertos\" \/>\n<meta name=\"robots\" content=\"index, follow, max-snippet:-1, max-image-preview:large, max-video-preview:-1\" \/>\n<link rel=\"canonical\" href=\"https:\/\/www.cgtaragonlarioja.org\/fedens\/la-concertada-no-esta-en-la\/\" \/>\n<meta property=\"og:locale\" content=\"es_ES\" \/>\n<meta property=\"og:type\" content=\"article\" \/>\n<meta property=\"og:title\" content=\"La concertada no est\u00e1 en la Constituci\u00f3n\" \/>\n<meta property=\"og:description\" content=\"Las palabras de la ministra Cela\u00e1 magnifican una pol\u00e9mica que ya puso sobre la mesa este sindicato en 2017 durante la campa\u00f1a de renovaci\u00f3n de conciertos\" \/>\n<meta property=\"og:url\" content=\"https:\/\/www.cgtaragonlarioja.org\/fedens\/la-concertada-no-esta-en-la\/\" \/>\n<meta property=\"og:site_name\" content=\"CGT Arag\u00f3n - La Rioja. ENSE\u00d1ANZA\" \/>\n<meta property=\"article:publisher\" content=\"https:\/\/www.facebook.com\/CGTEnseAragon\/\" \/>\n<meta property=\"article:published_time\" content=\"2019-11-15T17:04:11+00:00\" \/>\n<meta property=\"article:modified_time\" content=\"2021-01-29T08:31:29+00:00\" \/>\n<meta property=\"og:image\" content=\"https:\/\/www.cgtaragonlarioja.org\/fedens\/files\/2019\/11\/educacion-1024x684.jpg\" \/>\n\t<meta property=\"og:image:width\" content=\"1024\" \/>\n\t<meta property=\"og:image:height\" content=\"684\" \/>\n\t<meta property=\"og:image:type\" content=\"image\/jpeg\" \/>\n<meta name=\"twitter:card\" content=\"summary_large_image\" \/>\n<meta name=\"twitter:creator\" content=\"@CGTeduAragon\" \/>\n<meta name=\"twitter:site\" content=\"@CGTeduAragon\" \/>\n<meta name=\"twitter:label1\" content=\"Escrito por\" \/>\n\t<meta name=\"twitter:data1\" content=\"\" \/>\n\t<meta name=\"twitter:label2\" content=\"Tiempo de lectura\" \/>\n\t<meta name=\"twitter:data2\" content=\"2 minutos\" \/>\n<script type=\"application\/ld+json\" class=\"yoast-schema-graph\">{\"@context\":\"https:\/\/schema.org\",\"@graph\":[{\"@type\":\"Article\",\"@id\":\"https:\/\/www.cgtaragonlarioja.org\/fedens\/la-concertada-no-esta-en-la\/#article\",\"isPartOf\":{\"@id\":\"https:\/\/www.cgtaragonlarioja.org\/fedens\/la-concertada-no-esta-en-la\/\"},\"author\":{\"name\":\"\",\"@id\":\"\"},\"headline\":\"La concertada no est\u00e1 en la Constituci\u00f3n\",\"datePublished\":\"2019-11-15T17:04:11+00:00\",\"dateModified\":\"2021-01-29T08:31:29+00:00\",\"mainEntityOfPage\":{\"@id\":\"https:\/\/www.cgtaragonlarioja.org\/fedens\/la-concertada-no-esta-en-la\/\"},\"wordCount\":415,\"commentCount\":0,\"publisher\":{\"@id\":\"https:\/\/www.cgtaragonlarioja.org\/fedens\/#organization\"},\"image\":{\"@id\":\"https:\/\/www.cgtaragonlarioja.org\/fedens\/la-concertada-no-esta-en-la\/#primaryimage\"},\"thumbnailUrl\":\"https:\/\/www.cgtaragonlarioja.org\/fedens\/files\/2019\/11\/educacion-1024x684.jpg\",\"articleSection\":[\"Noticias\"],\"inLanguage\":\"es\",\"potentialAction\":[{\"@type\":\"CommentAction\",\"name\":\"Comment\",\"target\":[\"https:\/\/www.cgtaragonlarioja.org\/fedens\/la-concertada-no-esta-en-la\/#respond\"]}]},{\"@type\":\"WebPage\",\"@id\":\"https:\/\/www.cgtaragonlarioja.org\/fedens\/la-concertada-no-esta-en-la\/\",\"url\":\"https:\/\/www.cgtaragonlarioja.org\/fedens\/la-concertada-no-esta-en-la\/\",\"name\":\"La concertada no est\u00e1 en la Constituci\u00f3n\",\"isPartOf\":{\"@id\":\"https:\/\/www.cgtaragonlarioja.org\/fedens\/#website\"},\"primaryImageOfPage\":{\"@id\":\"https:\/\/www.cgtaragonlarioja.org\/fedens\/la-concertada-no-esta-en-la\/#primaryimage\"},\"image\":{\"@id\":\"https:\/\/www.cgtaragonlarioja.org\/fedens\/la-concertada-no-esta-en-la\/#primaryimage\"},\"thumbnailUrl\":\"https:\/\/www.cgtaragonlarioja.org\/fedens\/files\/2019\/11\/educacion-1024x684.jpg\",\"datePublished\":\"2019-11-15T17:04:11+00:00\",\"dateModified\":\"2021-01-29T08:31:29+00:00\",\"description\":\"Las palabras de la ministra Cela\u00e1 magnifican una pol\u00e9mica que ya puso sobre la mesa este sindicato en 2017 durante la campa\u00f1a de renovaci\u00f3n de conciertos\",\"breadcrumb\":{\"@id\":\"https:\/\/www.cgtaragonlarioja.org\/fedens\/la-concertada-no-esta-en-la\/#breadcrumb\"},\"inLanguage\":\"es\",\"potentialAction\":[{\"@type\":\"ReadAction\",\"target\":[\"https:\/\/www.cgtaragonlarioja.org\/fedens\/la-concertada-no-esta-en-la\/\"]}]},{\"@type\":\"ImageObject\",\"inLanguage\":\"es\",\"@id\":\"https:\/\/www.cgtaragonlarioja.org\/fedens\/la-concertada-no-esta-en-la\/#primaryimage\",\"url\":\"https:\/\/www.cgtaragonlarioja.org\/fedens\/files\/2019\/11\/educacion-1024x684.jpg\",\"contentUrl\":\"https:\/\/www.cgtaragonlarioja.org\/fedens\/files\/2019\/11\/educacion-1024x684.jpg\",\"width\":1024,\"height\":684,\"caption\":\"educacion-1024x684.jpg\"},{\"@type\":\"BreadcrumbList\",\"@id\":\"https:\/\/www.cgtaragonlarioja.org\/fedens\/la-concertada-no-esta-en-la\/#breadcrumb\",\"itemListElement\":[{\"@type\":\"ListItem\",\"position\":1,\"name\":\"Portada\",\"item\":\"https:\/\/www.cgtaragonlarioja.org\/fedens\/\"},{\"@type\":\"ListItem\",\"position\":2,\"name\":\"La concertada no est\u00e1 en la Constituci\u00f3n\"}]},{\"@type\":\"WebSite\",\"@id\":\"https:\/\/www.cgtaragonlarioja.org\/fedens\/#website\",\"url\":\"https:\/\/www.cgtaragonlarioja.org\/fedens\/\",\"name\":\"CGT Arag\u00f3n - La Rioja. ENSE\u00d1ANZA\",\"description\":\"CONTACTAR: Calatayud-Aranda: 654897973 \/ Huesca: 974238404 \/ Teruel: 978619265 \/ Zaragoza: 976922002\",\"publisher\":{\"@id\":\"https:\/\/www.cgtaragonlarioja.org\/fedens\/#organization\"},\"potentialAction\":[{\"@type\":\"SearchAction\",\"target\":{\"@type\":\"EntryPoint\",\"urlTemplate\":\"https:\/\/www.cgtaragonlarioja.org\/fedens\/?s={search_term_string}\"},\"query-input\":{\"@type\":\"PropertyValueSpecification\",\"valueRequired\":true,\"valueName\":\"search_term_string\"}}],\"inLanguage\":\"es\"},{\"@type\":\"Organization\",\"@id\":\"https:\/\/www.cgtaragonlarioja.org\/fedens\/#organization\",\"name\":\"CGT Arag\u00f3n y La Rioja - Ense\u00f1anza\",\"url\":\"https:\/\/www.cgtaragonlarioja.org\/fedens\/\",\"logo\":{\"@type\":\"ImageObject\",\"inLanguage\":\"es\",\"@id\":\"https:\/\/www.cgtaragonlarioja.org\/fedens\/#\/schema\/logo\/image\/\",\"url\":\"https:\/\/www.cgtaragonlarioja.org\/fedens\/files\/2021\/02\/logo_cgt_ense_huesca_170x250.png\",\"contentUrl\":\"https:\/\/www.cgtaragonlarioja.org\/fedens\/files\/2021\/02\/logo_cgt_ense_huesca_170x250.png\",\"width\":170,\"height\":250,\"caption\":\"CGT Arag\u00f3n y La Rioja - Ense\u00f1anza\"},\"image\":{\"@id\":\"https:\/\/www.cgtaragonlarioja.org\/fedens\/#\/schema\/logo\/image\/\"},\"sameAs\":[\"https:\/\/www.facebook.com\/CGTEnseAragon\/\",\"https:\/\/x.com\/CGTeduAragon\"]},{\"@type\":\"Person\",\"@id\":\"\",\"url\":\"https:\/\/www.cgtaragonlarioja.org\/fedens\/author\/\"}]}<\/script>\n<!-- \/ Yoast SEO plugin. -->","yoast_head_json":{"title":"La concertada no est\u00e1 en la Constituci\u00f3n","description":"Las palabras de la ministra Cela\u00e1 magnifican una pol\u00e9mica que ya puso sobre la mesa este sindicato en 2017 durante la campa\u00f1a de renovaci\u00f3n de conciertos","robots":{"index":"index","follow":"follow","max-snippet":"max-snippet:-1","max-image-preview":"max-image-preview:large","max-video-preview":"max-video-preview:-1"},"canonical":"https:\/\/www.cgtaragonlarioja.org\/fedens\/la-concertada-no-esta-en-la\/","og_locale":"es_ES","og_type":"article","og_title":"La concertada no est\u00e1 en la Constituci\u00f3n","og_description":"Las palabras de la ministra Cela\u00e1 magnifican una pol\u00e9mica que ya puso sobre la mesa este sindicato en 2017 durante la campa\u00f1a de renovaci\u00f3n de conciertos","og_url":"https:\/\/www.cgtaragonlarioja.org\/fedens\/la-concertada-no-esta-en-la\/","og_site_name":"CGT Arag\u00f3n - La Rioja. ENSE\u00d1ANZA","article_publisher":"https:\/\/www.facebook.com\/CGTEnseAragon\/","article_published_time":"2019-11-15T17:04:11+00:00","article_modified_time":"2021-01-29T08:31:29+00:00","og_image":[{"width":1024,"height":684,"url":"https:\/\/www.cgtaragonlarioja.org\/fedens\/files\/2019\/11\/educacion-1024x684.jpg","type":"image\/jpeg"}],"twitter_card":"summary_large_image","twitter_creator":"@CGTeduAragon","twitter_site":"@CGTeduAragon","twitter_misc":{"Escrito por":"","Tiempo de lectura":"2 minutos"},"schema":{"@context":"https:\/\/schema.org","@graph":[{"@type":"Article","@id":"https:\/\/www.cgtaragonlarioja.org\/fedens\/la-concertada-no-esta-en-la\/#article","isPartOf":{"@id":"https:\/\/www.cgtaragonlarioja.org\/fedens\/la-concertada-no-esta-en-la\/"},"author":{"name":"","@id":""},"headline":"La concertada no est\u00e1 en la Constituci\u00f3n","datePublished":"2019-11-15T17:04:11+00:00","dateModified":"2021-01-29T08:31:29+00:00","mainEntityOfPage":{"@id":"https:\/\/www.cgtaragonlarioja.org\/fedens\/la-concertada-no-esta-en-la\/"},"wordCount":415,"commentCount":0,"publisher":{"@id":"https:\/\/www.cgtaragonlarioja.org\/fedens\/#organization"},"image":{"@id":"https:\/\/www.cgtaragonlarioja.org\/fedens\/la-concertada-no-esta-en-la\/#primaryimage"},"thumbnailUrl":"https:\/\/www.cgtaragonlarioja.org\/fedens\/files\/2019\/11\/educacion-1024x684.jpg","articleSection":["Noticias"],"inLanguage":"es","potentialAction":[{"@type":"CommentAction","name":"Comment","target":["https:\/\/www.cgtaragonlarioja.org\/fedens\/la-concertada-no-esta-en-la\/#respond"]}]},{"@type":"WebPage","@id":"https:\/\/www.cgtaragonlarioja.org\/fedens\/la-concertada-no-esta-en-la\/","url":"https:\/\/www.cgtaragonlarioja.org\/fedens\/la-concertada-no-esta-en-la\/","name":"La concertada no est\u00e1 en la Constituci\u00f3n","isPartOf":{"@id":"https:\/\/www.cgtaragonlarioja.org\/fedens\/#website"},"primaryImageOfPage":{"@id":"https:\/\/www.cgtaragonlarioja.org\/fedens\/la-concertada-no-esta-en-la\/#primaryimage"},"image":{"@id":"https:\/\/www.cgtaragonlarioja.org\/fedens\/la-concertada-no-esta-en-la\/#primaryimage"},"thumbnailUrl":"https:\/\/www.cgtaragonlarioja.org\/fedens\/files\/2019\/11\/educacion-1024x684.jpg","datePublished":"2019-11-15T17:04:11+00:00","dateModified":"2021-01-29T08:31:29+00:00","description":"Las palabras de la ministra Cela\u00e1 magnifican una pol\u00e9mica que ya puso sobre la mesa este sindicato en 2017 durante la campa\u00f1a de renovaci\u00f3n de conciertos","breadcrumb":{"@id":"https:\/\/www.cgtaragonlarioja.org\/fedens\/la-concertada-no-esta-en-la\/#breadcrumb"},"inLanguage":"es","potentialAction":[{"@type":"ReadAction","target":["https:\/\/www.cgtaragonlarioja.org\/fedens\/la-concertada-no-esta-en-la\/"]}]},{"@type":"ImageObject","inLanguage":"es","@id":"https:\/\/www.cgtaragonlarioja.org\/fedens\/la-concertada-no-esta-en-la\/#primaryimage","url":"https:\/\/www.cgtaragonlarioja.org\/fedens\/files\/2019\/11\/educacion-1024x684.jpg","contentUrl":"https:\/\/www.cgtaragonlarioja.org\/fedens\/files\/2019\/11\/educacion-1024x684.jpg","width":1024,"height":684,"caption":"educacion-1024x684.jpg"},{"@type":"BreadcrumbList","@id":"https:\/\/www.cgtaragonlarioja.org\/fedens\/la-concertada-no-esta-en-la\/#breadcrumb","itemListElement":[{"@type":"ListItem","position":1,"name":"Portada","item":"https:\/\/www.cgtaragonlarioja.org\/fedens\/"},{"@type":"ListItem","position":2,"name":"La concertada no est\u00e1 en la Constituci\u00f3n"}]},{"@type":"WebSite","@id":"https:\/\/www.cgtaragonlarioja.org\/fedens\/#website","url":"https:\/\/www.cgtaragonlarioja.org\/fedens\/","name":"CGT Arag\u00f3n - La Rioja. ENSE\u00d1ANZA","description":"CONTACTAR: Calatayud-Aranda: 654897973 \/ Huesca: 974238404 \/ Teruel: 978619265 \/ Zaragoza: 976922002","publisher":{"@id":"https:\/\/www.cgtaragonlarioja.org\/fedens\/#organization"},"potentialAction":[{"@type":"SearchAction","target":{"@type":"EntryPoint","urlTemplate":"https:\/\/www.cgtaragonlarioja.org\/fedens\/?s={search_term_string}"},"query-input":{"@type":"PropertyValueSpecification","valueRequired":true,"valueName":"search_term_string"}}],"inLanguage":"es"},{"@type":"Organization","@id":"https:\/\/www.cgtaragonlarioja.org\/fedens\/#organization","name":"CGT Arag\u00f3n y La Rioja - Ense\u00f1anza","url":"https:\/\/www.cgtaragonlarioja.org\/fedens\/","logo":{"@type":"ImageObject","inLanguage":"es","@id":"https:\/\/www.cgtaragonlarioja.org\/fedens\/#\/schema\/logo\/image\/","url":"https:\/\/www.cgtaragonlarioja.org\/fedens\/files\/2021\/02\/logo_cgt_ense_huesca_170x250.png","contentUrl":"https:\/\/www.cgtaragonlarioja.org\/fedens\/files\/2021\/02\/logo_cgt_ense_huesca_170x250.png","width":170,"height":250,"caption":"CGT Arag\u00f3n y La Rioja - Ense\u00f1anza"},"image":{"@id":"https:\/\/www.cgtaragonlarioja.org\/fedens\/#\/schema\/logo\/image\/"},"sameAs":["https:\/\/www.facebook.com\/CGTEnseAragon\/","https:\/\/x.com\/CGTeduAragon"]},{"@type":"Person","@id":"","url":"https:\/\/www.cgtaragonlarioja.org\/fedens\/author\/"}]}},"_links":{"self":[{"href":"https:\/\/www.cgtaragonlarioja.org\/fedens\/wp-json\/wp\/v2\/posts\/9774","targetHints":{"allow":["GET"]}}],"collection":[{"href":"https:\/\/www.cgtaragonlarioja.org\/fedens\/wp-json\/wp\/v2\/posts"}],"about":[{"href":"https:\/\/www.cgtaragonlarioja.org\/fedens\/wp-json\/wp\/v2\/types\/post"}],"author":[{"embeddable":true,"href":"https:\/\/www.cgtaragonlarioja.org\/fedens\/wp-json\/wp\/v2\/users\/485"}],"replies":[{"embeddable":true,"href":"https:\/\/www.cgtaragonlarioja.org\/fedens\/wp-json\/wp\/v2\/comments?post=9774"}],"version-history":[{"count":1,"href":"https:\/\/www.cgtaragonlarioja.org\/fedens\/wp-json\/wp\/v2\/posts\/9774\/revisions"}],"predecessor-version":[{"id":9775,"href":"https:\/\/www.cgtaragonlarioja.org\/fedens\/wp-json\/wp\/v2\/posts\/9774\/revisions\/9775"}],"wp:featuredmedia":[{"embeddable":true,"href":"https:\/\/www.cgtaragonlarioja.org\/fedens\/wp-json\/wp\/v2\/media\/9773"}],"wp:attachment":[{"href":"https:\/\/www.cgtaragonlarioja.org\/fedens\/wp-json\/wp\/v2\/media?parent=9774"}],"wp:term":[{"taxonomy":"category","embeddable":true,"href":"https:\/\/www.cgtaragonlarioja.org\/fedens\/wp-json\/wp\/v2\/categories?post=9774"},{"taxonomy":"post_tag","embeddable":true,"href":"https:\/\/www.cgtaragonlarioja.org\/fedens\/wp-json\/wp\/v2\/tags?post=9774"}],"curies":[{"name":"wp","href":"https:\/\/api.w.org\/{rel}","templated":true}]}}