{"id":9766,"date":"2019-11-11T19:12:33","date_gmt":"2019-11-11T18:12:33","guid":{"rendered":"https:\/\/www.cgtaragonlarioja.org\/fedens2\/educacion-pensamiento-accion\/el-consejo-escolar-del-estado\/"},"modified":"2021-02-08T22:59:04","modified_gmt":"2021-02-08T21:59:04","slug":"el-consejo-escolar-del-estado","status":"publish","type":"post","link":"https:\/\/www.cgtaragonlarioja.org\/fedens\/el-consejo-escolar-del-estado\/","title":{"rendered":"El Consejo Escolar del Estado recomienda reducir el horario lectivo de los docentes para equipararlo a la media europea"},"content":{"rendered":"<p style=\"text-align: right;\"><em>Europa Press<\/em><\/p>\n<p>El horario lectivo de los docentes en Primaria supera el 15,41% de la media europea, mientras en Secundaria est\u00e1 un 6,7% por encima y en Bachillerato un 9,1%.<\/p>\n<p>MADRID, 29 Oct. (EUROPA PRESS)<\/p>\n<p>El Consejo Escolar del Estado ha tomado en consideraci\u00f3n este martes en sesi\u00f3n plenaria su informe anual sobre el estado del sistema educativo, donde figuran decenas de propuestas de mejora dirigidas al Ministerio de Educaci\u00f3n y Profesional, entre ellas el incremento de la inversi\u00f3n educativa o la reducci\u00f3n de la carga lectiva de los profesores espa\u00f1oles hasta equipararla a la media europea, seg\u00fan han informado a Europa Press asistentes a la sesi\u00f3n.<\/p>\n<p>En concreto, el informe del Consejo Escolar del Estado recomienda al Ministerio y al resto de administraciones educativas \u00abque modifiquen la normativa actual para reducir el n\u00famero de horas lectivas que debe impartir el profesorado de tal forma que no se sobrepase la media de la Uni\u00f3n Europea.<\/p>\n<p>El profesorado espa\u00f1ol pasa m\u00e1s tiempo en clase que sus colegas europeos. En concreto, el horario lectivo de los docentes en Primaria supera el 15,41% de la media europea, mientras en Secundaria est\u00e1 un 6,7% por encima y en Bachillerato un 9,1%.<\/p>\n<p>El pasado mes de septiembre, el sindicato STEs denunci\u00f3 que comunidades como Madrid, Castilla y Le\u00f3n, Galicia, Murcia, Baleares o Castilla-La Mancha mantienen este curso escolar un horario lectivo por encima incluso de lo que recomienda la ley aprobada este a\u00f1o que revierte recortes en educaci\u00f3n impuestos en 2012 por el Gobierno de Mariano Rajoy, como el aumento de las horas que los docentes deb\u00ed\u00adan pasar impartiendo clase en el aula a la semana.<\/p>\n<p>El sindicato se\u00f1al\u00f3 que estas comunidades mantienen las 20 horas lectivas semanales en Secundaria, cuando la ley recomienda a las comunidades que no superen las 18, y las 25 horas en Infantil y Primaria, cuando no deber\u00ed\u00adan superar las 23. Por encima de las 18 horas semanales en Secundaria tambi\u00e9n se encuentran la Comunidad Valenciana, Catalu\u00f1a, Arag\u00f3n y La Rioja, cuyos profesores tendr\u00e1n que dar 19 horas lectivas a la semana este curso.<\/p>\n<p>Un incumplimiento que se extiende a Ceuta y Melilla, ciudades aut\u00f3nomas donde las competencias escolares siguen dependiendo del Ministerio de Educaci\u00f3n que impuls\u00f3 la ley para reducir el horario lectivo de los profesores.<\/p>\n<p><strong>M\u00c1S FINANCIACI\u00d3N EN EDUCACI\u00d3N<\/strong><\/p>\n<p>El Consejo Escolar del Estado es un \u00f3rgano consultivo integrado representantes de las comunidades aut\u00f3nomas, sindicatos de ense\u00f1anza, patronales, organizaciones de padres de alumnos y estudiantes. Entre las decenas de propuestas que incluye el informe del Consejo Escolar del Estado, tambi\u00e9n destaca \u00abla inmediata correcci\u00f3n\u00bb de la actual inversi\u00f3n en educaci\u00f3n \u00abrecuperando los niveles de inversi\u00f3n educativa previos a la crisis econ\u00f3mica\u00bb, que en 2009 se aproximaban al 5% del Producto Interior Bruto.<\/p>\n<p>Adem\u00e1s, seg\u00fan los asistentes a la sesi\u00f3n plenaria consultados por Europa Press, el Consejo Escolar solicita al Ministerio que realice un \u00abinforme detallado\u00bb sobre las actuaciones realizadas respecto a las recomendaciones que realiza este \u00f3rgano. Ese documento tendr\u00e1 que ser enviado al Consejo Escolar del Estado \u00abpara que este \u00f3rgano pueda valorar su contenido y tomar las decisiones que puedan derivarse de dicha valoraci\u00f3n\u00bb.<\/p>\n<p>Desde la Confederaci\u00f3n Estatal de Asociaciones de Estudiantes CANAE destacan tambi\u00e9n la inclusi\u00f3n de propuestas de mejora para aumentar la financiaci\u00f3n del sistema de becas y ayudas al estudio \u00abespecialmente en el \u00e1mbito no universitario\u00bb.<\/p>\n<div id=\"simple-translate\">\n<div>\n<div class=\"simple-translate-button isShow\" style=\"background-image: url('moz-extension:\/\/accf3f48-9009-48a8-ae2f-6805f9520a66\/icons\/512.png'); height: 22px; width: 22px; top: 1049px; left: 845px;\"><\/div>\n<div class=\"simple-translate-panel \" style=\"width: 500px; height: 300px; top: 0px; left: 0px; font-size: 13px; background-color: #ffffff;\">\n<div class=\"simple-translate-result-wrapper\" style=\"overflow: hidden;\">\n<div class=\"simple-translate-move\" draggable=\"true\"><\/div>\n<div class=\"simple-translate-result-contents\">\n<p class=\"simple-translate-result\" style=\"color: #000000;\">\n<p class=\"simple-translate-candidate\" style=\"color: #737373;\">\n<\/div>\n<\/div>\n<\/div>\n<\/div>\n<\/div>\n","protected":false},"excerpt":{"rendered":"<p>Europa Press El horario lectivo de los docentes en Primaria supera el 15,41% de la<\/p>\n","protected":false},"author":485,"featured_media":0,"comment_status":"open","ping_status":"open","sticky":false,"template":"","format":"standard","meta":{"footnotes":""},"categories":[504],"tags":[],"class_list":["post-9766","post","type-post","status-publish","format-standard","hentry","category-a-debate"],"yoast_head":"<!-- This site is optimized with the Yoast SEO plugin v26.7 - https:\/\/yoast.com\/wordpress\/plugins\/seo\/ -->\n<title>El Consejo Escolar del Estado recomienda reducir el horario lectivo de los docentes para equipararlo a la media europea<\/title>\n<meta name=\"description\" content=\"Europa Press El horario lectivo de los docentes en Primaria supera el 15,41% de la media europea, mientras en Secundaria est\u00e1 un 6,7% por encima y en\" \/>\n<meta name=\"robots\" content=\"index, follow, max-snippet:-1, max-image-preview:large, max-video-preview:-1\" \/>\n<link rel=\"canonical\" href=\"https:\/\/www.cgtaragonlarioja.org\/fedens\/el-consejo-escolar-del-estado\/\" \/>\n<meta property=\"og:locale\" content=\"es_ES\" \/>\n<meta property=\"og:type\" content=\"article\" \/>\n<meta property=\"og:title\" content=\"El Consejo Escolar del Estado recomienda reducir el horario lectivo de los docentes para equipararlo a la media europea\" \/>\n<meta property=\"og:description\" content=\"Europa Press El horario lectivo de los docentes en Primaria supera el 15,41% de la media europea, mientras en Secundaria est\u00e1 un 6,7% por encima y en\" \/>\n<meta property=\"og:url\" content=\"https:\/\/www.cgtaragonlarioja.org\/fedens\/el-consejo-escolar-del-estado\/\" \/>\n<meta property=\"og:site_name\" content=\"CGT Arag\u00f3n - La Rioja. ENSE\u00d1ANZA\" \/>\n<meta property=\"article:publisher\" content=\"https:\/\/www.facebook.com\/CGTEnseAragon\/\" \/>\n<meta property=\"article:published_time\" content=\"2019-11-11T18:12:33+00:00\" \/>\n<meta property=\"article:modified_time\" content=\"2021-02-08T21:59:04+00:00\" \/>\n<meta name=\"twitter:card\" content=\"summary_large_image\" \/>\n<meta name=\"twitter:creator\" content=\"@CGTeduAragon\" \/>\n<meta name=\"twitter:site\" content=\"@CGTeduAragon\" \/>\n<meta name=\"twitter:label1\" content=\"Escrito por\" \/>\n\t<meta name=\"twitter:data1\" content=\"\" \/>\n\t<meta name=\"twitter:label2\" content=\"Tiempo de lectura\" \/>\n\t<meta name=\"twitter:data2\" content=\"3 minutos\" \/>\n<script type=\"application\/ld+json\" class=\"yoast-schema-graph\">{\"@context\":\"https:\/\/schema.org\",\"@graph\":[{\"@type\":\"Article\",\"@id\":\"https:\/\/www.cgtaragonlarioja.org\/fedens\/el-consejo-escolar-del-estado\/#article\",\"isPartOf\":{\"@id\":\"https:\/\/www.cgtaragonlarioja.org\/fedens\/el-consejo-escolar-del-estado\/\"},\"author\":{\"name\":\"\",\"@id\":\"\"},\"headline\":\"El Consejo Escolar del Estado recomienda reducir el horario lectivo de los docentes para equipararlo a la media europea\",\"datePublished\":\"2019-11-11T18:12:33+00:00\",\"dateModified\":\"2021-02-08T21:59:04+00:00\",\"mainEntityOfPage\":{\"@id\":\"https:\/\/www.cgtaragonlarioja.org\/fedens\/el-consejo-escolar-del-estado\/\"},\"wordCount\":599,\"commentCount\":0,\"publisher\":{\"@id\":\"https:\/\/www.cgtaragonlarioja.org\/fedens\/#organization\"},\"articleSection\":[\"A Debate\"],\"inLanguage\":\"es\",\"potentialAction\":[{\"@type\":\"CommentAction\",\"name\":\"Comment\",\"target\":[\"https:\/\/www.cgtaragonlarioja.org\/fedens\/el-consejo-escolar-del-estado\/#respond\"]}]},{\"@type\":\"WebPage\",\"@id\":\"https:\/\/www.cgtaragonlarioja.org\/fedens\/el-consejo-escolar-del-estado\/\",\"url\":\"https:\/\/www.cgtaragonlarioja.org\/fedens\/el-consejo-escolar-del-estado\/\",\"name\":\"El Consejo Escolar del Estado recomienda reducir el horario lectivo de los docentes para equipararlo a la media europea\",\"isPartOf\":{\"@id\":\"https:\/\/www.cgtaragonlarioja.org\/fedens\/#website\"},\"datePublished\":\"2019-11-11T18:12:33+00:00\",\"dateModified\":\"2021-02-08T21:59:04+00:00\",\"description\":\"Europa Press El horario lectivo de los docentes en Primaria supera el 15,41% de la media europea, mientras en Secundaria est\u00e1 un 6,7% por encima y en\",\"breadcrumb\":{\"@id\":\"https:\/\/www.cgtaragonlarioja.org\/fedens\/el-consejo-escolar-del-estado\/#breadcrumb\"},\"inLanguage\":\"es\",\"potentialAction\":[{\"@type\":\"ReadAction\",\"target\":[\"https:\/\/www.cgtaragonlarioja.org\/fedens\/el-consejo-escolar-del-estado\/\"]}]},{\"@type\":\"BreadcrumbList\",\"@id\":\"https:\/\/www.cgtaragonlarioja.org\/fedens\/el-consejo-escolar-del-estado\/#breadcrumb\",\"itemListElement\":[{\"@type\":\"ListItem\",\"position\":1,\"name\":\"Portada\",\"item\":\"https:\/\/www.cgtaragonlarioja.org\/fedens\/\"},{\"@type\":\"ListItem\",\"position\":2,\"name\":\"El Consejo Escolar del Estado recomienda reducir el horario lectivo de los docentes para equipararlo a la media europea\"}]},{\"@type\":\"WebSite\",\"@id\":\"https:\/\/www.cgtaragonlarioja.org\/fedens\/#website\",\"url\":\"https:\/\/www.cgtaragonlarioja.org\/fedens\/\",\"name\":\"CGT Arag\u00f3n - La Rioja. ENSE\u00d1ANZA\",\"description\":\"CONTACTAR: Calatayud-Aranda: 654897973 \/ Huesca: 974238404 \/ Teruel: 978619265 \/ Zaragoza: 976922002\",\"publisher\":{\"@id\":\"https:\/\/www.cgtaragonlarioja.org\/fedens\/#organization\"},\"potentialAction\":[{\"@type\":\"SearchAction\",\"target\":{\"@type\":\"EntryPoint\",\"urlTemplate\":\"https:\/\/www.cgtaragonlarioja.org\/fedens\/?s={search_term_string}\"},\"query-input\":{\"@type\":\"PropertyValueSpecification\",\"valueRequired\":true,\"valueName\":\"search_term_string\"}}],\"inLanguage\":\"es\"},{\"@type\":\"Organization\",\"@id\":\"https:\/\/www.cgtaragonlarioja.org\/fedens\/#organization\",\"name\":\"CGT Arag\u00f3n y La Rioja - Ense\u00f1anza\",\"url\":\"https:\/\/www.cgtaragonlarioja.org\/fedens\/\",\"logo\":{\"@type\":\"ImageObject\",\"inLanguage\":\"es\",\"@id\":\"https:\/\/www.cgtaragonlarioja.org\/fedens\/#\/schema\/logo\/image\/\",\"url\":\"https:\/\/www.cgtaragonlarioja.org\/fedens\/files\/2021\/02\/logo_cgt_ense_huesca_170x250.png\",\"contentUrl\":\"https:\/\/www.cgtaragonlarioja.org\/fedens\/files\/2021\/02\/logo_cgt_ense_huesca_170x250.png\",\"width\":170,\"height\":250,\"caption\":\"CGT Arag\u00f3n y La Rioja - Ense\u00f1anza\"},\"image\":{\"@id\":\"https:\/\/www.cgtaragonlarioja.org\/fedens\/#\/schema\/logo\/image\/\"},\"sameAs\":[\"https:\/\/www.facebook.com\/CGTEnseAragon\/\",\"https:\/\/x.com\/CGTeduAragon\"]},{\"@type\":\"Person\",\"@id\":\"\",\"url\":\"https:\/\/www.cgtaragonlarioja.org\/fedens\/author\/\"}]}<\/script>\n<!-- \/ Yoast SEO plugin. -->","yoast_head_json":{"title":"El Consejo Escolar del Estado recomienda reducir el horario lectivo de los docentes para equipararlo a la media europea","description":"Europa Press El horario lectivo de los docentes en Primaria supera el 15,41% de la media europea, mientras en Secundaria est\u00e1 un 6,7% por encima y en","robots":{"index":"index","follow":"follow","max-snippet":"max-snippet:-1","max-image-preview":"max-image-preview:large","max-video-preview":"max-video-preview:-1"},"canonical":"https:\/\/www.cgtaragonlarioja.org\/fedens\/el-consejo-escolar-del-estado\/","og_locale":"es_ES","og_type":"article","og_title":"El Consejo Escolar del Estado recomienda reducir el horario lectivo de los docentes para equipararlo a la media europea","og_description":"Europa Press El horario lectivo de los docentes en Primaria supera el 15,41% de la media europea, mientras en Secundaria est\u00e1 un 6,7% por encima y en","og_url":"https:\/\/www.cgtaragonlarioja.org\/fedens\/el-consejo-escolar-del-estado\/","og_site_name":"CGT Arag\u00f3n - La Rioja. ENSE\u00d1ANZA","article_publisher":"https:\/\/www.facebook.com\/CGTEnseAragon\/","article_published_time":"2019-11-11T18:12:33+00:00","article_modified_time":"2021-02-08T21:59:04+00:00","twitter_card":"summary_large_image","twitter_creator":"@CGTeduAragon","twitter_site":"@CGTeduAragon","twitter_misc":{"Escrito por":"","Tiempo de lectura":"3 minutos"},"schema":{"@context":"https:\/\/schema.org","@graph":[{"@type":"Article","@id":"https:\/\/www.cgtaragonlarioja.org\/fedens\/el-consejo-escolar-del-estado\/#article","isPartOf":{"@id":"https:\/\/www.cgtaragonlarioja.org\/fedens\/el-consejo-escolar-del-estado\/"},"author":{"name":"","@id":""},"headline":"El Consejo Escolar del Estado recomienda reducir el horario lectivo de los docentes para equipararlo a la media europea","datePublished":"2019-11-11T18:12:33+00:00","dateModified":"2021-02-08T21:59:04+00:00","mainEntityOfPage":{"@id":"https:\/\/www.cgtaragonlarioja.org\/fedens\/el-consejo-escolar-del-estado\/"},"wordCount":599,"commentCount":0,"publisher":{"@id":"https:\/\/www.cgtaragonlarioja.org\/fedens\/#organization"},"articleSection":["A Debate"],"inLanguage":"es","potentialAction":[{"@type":"CommentAction","name":"Comment","target":["https:\/\/www.cgtaragonlarioja.org\/fedens\/el-consejo-escolar-del-estado\/#respond"]}]},{"@type":"WebPage","@id":"https:\/\/www.cgtaragonlarioja.org\/fedens\/el-consejo-escolar-del-estado\/","url":"https:\/\/www.cgtaragonlarioja.org\/fedens\/el-consejo-escolar-del-estado\/","name":"El Consejo Escolar del Estado recomienda reducir el horario lectivo de los docentes para equipararlo a la media europea","isPartOf":{"@id":"https:\/\/www.cgtaragonlarioja.org\/fedens\/#website"},"datePublished":"2019-11-11T18:12:33+00:00","dateModified":"2021-02-08T21:59:04+00:00","description":"Europa Press El horario lectivo de los docentes en Primaria supera el 15,41% de la media europea, mientras en Secundaria est\u00e1 un 6,7% por encima y en","breadcrumb":{"@id":"https:\/\/www.cgtaragonlarioja.org\/fedens\/el-consejo-escolar-del-estado\/#breadcrumb"},"inLanguage":"es","potentialAction":[{"@type":"ReadAction","target":["https:\/\/www.cgtaragonlarioja.org\/fedens\/el-consejo-escolar-del-estado\/"]}]},{"@type":"BreadcrumbList","@id":"https:\/\/www.cgtaragonlarioja.org\/fedens\/el-consejo-escolar-del-estado\/#breadcrumb","itemListElement":[{"@type":"ListItem","position":1,"name":"Portada","item":"https:\/\/www.cgtaragonlarioja.org\/fedens\/"},{"@type":"ListItem","position":2,"name":"El Consejo Escolar del Estado recomienda reducir el horario lectivo de los docentes para equipararlo a la media europea"}]},{"@type":"WebSite","@id":"https:\/\/www.cgtaragonlarioja.org\/fedens\/#website","url":"https:\/\/www.cgtaragonlarioja.org\/fedens\/","name":"CGT Arag\u00f3n - La Rioja. ENSE\u00d1ANZA","description":"CONTACTAR: Calatayud-Aranda: 654897973 \/ Huesca: 974238404 \/ Teruel: 978619265 \/ Zaragoza: 976922002","publisher":{"@id":"https:\/\/www.cgtaragonlarioja.org\/fedens\/#organization"},"potentialAction":[{"@type":"SearchAction","target":{"@type":"EntryPoint","urlTemplate":"https:\/\/www.cgtaragonlarioja.org\/fedens\/?s={search_term_string}"},"query-input":{"@type":"PropertyValueSpecification","valueRequired":true,"valueName":"search_term_string"}}],"inLanguage":"es"},{"@type":"Organization","@id":"https:\/\/www.cgtaragonlarioja.org\/fedens\/#organization","name":"CGT Arag\u00f3n y La Rioja - Ense\u00f1anza","url":"https:\/\/www.cgtaragonlarioja.org\/fedens\/","logo":{"@type":"ImageObject","inLanguage":"es","@id":"https:\/\/www.cgtaragonlarioja.org\/fedens\/#\/schema\/logo\/image\/","url":"https:\/\/www.cgtaragonlarioja.org\/fedens\/files\/2021\/02\/logo_cgt_ense_huesca_170x250.png","contentUrl":"https:\/\/www.cgtaragonlarioja.org\/fedens\/files\/2021\/02\/logo_cgt_ense_huesca_170x250.png","width":170,"height":250,"caption":"CGT Arag\u00f3n y La Rioja - Ense\u00f1anza"},"image":{"@id":"https:\/\/www.cgtaragonlarioja.org\/fedens\/#\/schema\/logo\/image\/"},"sameAs":["https:\/\/www.facebook.com\/CGTEnseAragon\/","https:\/\/x.com\/CGTeduAragon"]},{"@type":"Person","@id":"","url":"https:\/\/www.cgtaragonlarioja.org\/fedens\/author\/"}]}},"_links":{"self":[{"href":"https:\/\/www.cgtaragonlarioja.org\/fedens\/wp-json\/wp\/v2\/posts\/9766","targetHints":{"allow":["GET"]}}],"collection":[{"href":"https:\/\/www.cgtaragonlarioja.org\/fedens\/wp-json\/wp\/v2\/posts"}],"about":[{"href":"https:\/\/www.cgtaragonlarioja.org\/fedens\/wp-json\/wp\/v2\/types\/post"}],"author":[{"embeddable":true,"href":"https:\/\/www.cgtaragonlarioja.org\/fedens\/wp-json\/wp\/v2\/users\/485"}],"replies":[{"embeddable":true,"href":"https:\/\/www.cgtaragonlarioja.org\/fedens\/wp-json\/wp\/v2\/comments?post=9766"}],"version-history":[{"count":1,"href":"https:\/\/www.cgtaragonlarioja.org\/fedens\/wp-json\/wp\/v2\/posts\/9766\/revisions"}],"predecessor-version":[{"id":11417,"href":"https:\/\/www.cgtaragonlarioja.org\/fedens\/wp-json\/wp\/v2\/posts\/9766\/revisions\/11417"}],"wp:attachment":[{"href":"https:\/\/www.cgtaragonlarioja.org\/fedens\/wp-json\/wp\/v2\/media?parent=9766"}],"wp:term":[{"taxonomy":"category","embeddable":true,"href":"https:\/\/www.cgtaragonlarioja.org\/fedens\/wp-json\/wp\/v2\/categories?post=9766"},{"taxonomy":"post_tag","embeddable":true,"href":"https:\/\/www.cgtaragonlarioja.org\/fedens\/wp-json\/wp\/v2\/tags?post=9766"}],"curies":[{"name":"wp","href":"https:\/\/api.w.org\/{rel}","templated":true}]}}