{"id":9742,"date":"2019-10-28T16:45:29","date_gmt":"2019-10-28T15:45:29","guid":{"rendered":"https:\/\/www.cgtaragonlarioja.org\/fedens2\/noticias\/cambios-en-concurso-de-traslados\/"},"modified":"2019-10-28T16:45:29","modified_gmt":"2019-10-28T15:45:29","slug":"cambios-en-concurso-de-traslados","status":"publish","type":"post","link":"https:\/\/www.cgtaragonlarioja.org\/fedens\/cambios-en-concurso-de-traslados\/","title":{"rendered":"CAMBIOS EN CONCURSO DE TRASLADOS PARA PLAZAS BILING\u00dcES"},"content":{"rendered":"<p>Hoy, d\u00eda 28 de octubre de 2019, los cinco sindicatos de la mesa sectorial hemos sido convocados por la administraci\u00f3n para ser informados de algunos cambios en las plazas biling\u00fces del concurso de traslados.<\/p>\n<p>La administraci\u00f3n nos ha comunicado que la convocatoria para el concurso de traslados de este curso va a ser publicada inminentemente, a lo largo de esta semana. La nueva norma ser\u00e1 que para pedir plazas biling\u00fces en Ense\u00f1anzas Medias el t\u00edtulo necesario ser\u00e1 el de C1 como establece la norma estatal. <\/p>\n<p>Todos los sindicatos les hemos hecho ver los problemas que va a generar, principalmente dos:<\/p>\n<p>&#8211; Mientras que a los funcionarios de carrera se les va a pedir el requisito de un C1, a los interinos que accedan esas plazas sobrantes en el llamamiento de agosto de 2020 ser\u00e1 un B2.<br \/>\n&#8211; Mientras que el C1 se convierte en un requisito para acceder a una plaza biling\u00fce, el decreto de concurso de traslados, obsoleto totalmente, solo reconoce como m\u00e9rito el B2 obtenido en las Escuelas Oficiales de Idiomas.<\/p>\n<p>Este requisito ser\u00e1 necesario para aquellas plazas que en la actualidad est\u00e9n vacantes y para obtener las de resultas. Las personas que en otros procesos obtuvieran plaza biling\u00fce con el B2 se mantendr\u00e1n en su plaza, pero si quieren cambiar a otra biling\u00fce deber\u00e1n acreditar el C1, as\u00ed como aquellos o aquellas que quieran concursar a esa plaza si saliera en resultas.<\/p>\n<p>Por lo dem\u00e1s, todos los sindicatos les hemos planteado numerosos problemas que van a producir al realizar este a\u00f1o la solicitud del concurso por primera vez a trav\u00e9s de la plataforma PADDOC. La administraci\u00f3n se ha comprometido a publicar unas instrucciones detalladas para que haya los menores problemas posibles.<\/p>\n","protected":false},"excerpt":{"rendered":"<p>Hoy, d\u00eda 28 de octubre de 2019, los cinco sindicatos de la mesa sectorial hemos<\/p>\n","protected":false},"author":485,"featured_media":0,"comment_status":"open","ping_status":"open","sticky":false,"template":"","format":"standard","meta":{"footnotes":""},"categories":[480],"tags":[534],"class_list":["post-9742","post","type-post","status-publish","format-standard","hentry","category-noticias","tag-concursos-de-traslados"],"yoast_head":"<!-- This site is optimized with the Yoast SEO plugin v26.7 - https:\/\/yoast.com\/wordpress\/plugins\/seo\/ -->\n<title>CAMBIOS EN CONCURSO DE TRASLADOS PARA PLAZAS BILING\u00dcES<\/title>\n<meta name=\"description\" content=\"Hoy, d\u00eda 28 de octubre de 2019, los cinco sindicatos de la mesa sectorial hemos sido convocados por la administraci\u00f3n para ser informados de algunos\" \/>\n<meta name=\"robots\" content=\"index, follow, max-snippet:-1, max-image-preview:large, max-video-preview:-1\" \/>\n<link rel=\"canonical\" href=\"https:\/\/www.cgtaragonlarioja.org\/fedens\/cambios-en-concurso-de-traslados\/\" \/>\n<meta property=\"og:locale\" content=\"es_ES\" \/>\n<meta property=\"og:type\" content=\"article\" \/>\n<meta property=\"og:title\" content=\"CAMBIOS EN CONCURSO DE TRASLADOS PARA PLAZAS BILING\u00dcES\" \/>\n<meta property=\"og:description\" content=\"Hoy, d\u00eda 28 de octubre de 2019, los cinco sindicatos de la mesa sectorial hemos sido convocados por la administraci\u00f3n para ser informados de algunos\" \/>\n<meta property=\"og:url\" content=\"https:\/\/www.cgtaragonlarioja.org\/fedens\/cambios-en-concurso-de-traslados\/\" \/>\n<meta property=\"og:site_name\" content=\"CGT Arag\u00f3n - La Rioja. ENSE\u00d1ANZA\" \/>\n<meta property=\"article:publisher\" content=\"https:\/\/www.facebook.com\/CGTEnseAragon\/\" \/>\n<meta property=\"article:published_time\" content=\"2019-10-28T15:45:29+00:00\" \/>\n<meta name=\"twitter:card\" content=\"summary_large_image\" \/>\n<meta name=\"twitter:creator\" content=\"@CGTeduAragon\" \/>\n<meta name=\"twitter:site\" content=\"@CGTeduAragon\" \/>\n<meta name=\"twitter:label1\" content=\"Escrito por\" \/>\n\t<meta name=\"twitter:data1\" content=\"\" \/>\n\t<meta name=\"twitter:label2\" content=\"Tiempo de lectura\" \/>\n\t<meta name=\"twitter:data2\" content=\"1 minuto\" \/>\n<script type=\"application\/ld+json\" class=\"yoast-schema-graph\">{\"@context\":\"https:\/\/schema.org\",\"@graph\":[{\"@type\":\"Article\",\"@id\":\"https:\/\/www.cgtaragonlarioja.org\/fedens\/cambios-en-concurso-de-traslados\/#article\",\"isPartOf\":{\"@id\":\"https:\/\/www.cgtaragonlarioja.org\/fedens\/cambios-en-concurso-de-traslados\/\"},\"author\":{\"name\":\"\",\"@id\":\"\"},\"headline\":\"CAMBIOS EN CONCURSO DE TRASLADOS PARA PLAZAS BILING\u00dcES\",\"datePublished\":\"2019-10-28T15:45:29+00:00\",\"mainEntityOfPage\":{\"@id\":\"https:\/\/www.cgtaragonlarioja.org\/fedens\/cambios-en-concurso-de-traslados\/\"},\"wordCount\":308,\"commentCount\":0,\"publisher\":{\"@id\":\"https:\/\/www.cgtaragonlarioja.org\/fedens\/#organization\"},\"keywords\":[\"Concursos de traslados\"],\"articleSection\":[\"Noticias\"],\"inLanguage\":\"es\",\"potentialAction\":[{\"@type\":\"CommentAction\",\"name\":\"Comment\",\"target\":[\"https:\/\/www.cgtaragonlarioja.org\/fedens\/cambios-en-concurso-de-traslados\/#respond\"]}]},{\"@type\":\"WebPage\",\"@id\":\"https:\/\/www.cgtaragonlarioja.org\/fedens\/cambios-en-concurso-de-traslados\/\",\"url\":\"https:\/\/www.cgtaragonlarioja.org\/fedens\/cambios-en-concurso-de-traslados\/\",\"name\":\"CAMBIOS EN CONCURSO DE TRASLADOS PARA PLAZAS BILING\u00dcES\",\"isPartOf\":{\"@id\":\"https:\/\/www.cgtaragonlarioja.org\/fedens\/#website\"},\"datePublished\":\"2019-10-28T15:45:29+00:00\",\"description\":\"Hoy, d\u00eda 28 de octubre de 2019, los cinco sindicatos de la mesa sectorial hemos sido convocados por la administraci\u00f3n para ser informados de algunos\",\"breadcrumb\":{\"@id\":\"https:\/\/www.cgtaragonlarioja.org\/fedens\/cambios-en-concurso-de-traslados\/#breadcrumb\"},\"inLanguage\":\"es\",\"potentialAction\":[{\"@type\":\"ReadAction\",\"target\":[\"https:\/\/www.cgtaragonlarioja.org\/fedens\/cambios-en-concurso-de-traslados\/\"]}]},{\"@type\":\"BreadcrumbList\",\"@id\":\"https:\/\/www.cgtaragonlarioja.org\/fedens\/cambios-en-concurso-de-traslados\/#breadcrumb\",\"itemListElement\":[{\"@type\":\"ListItem\",\"position\":1,\"name\":\"Portada\",\"item\":\"https:\/\/www.cgtaragonlarioja.org\/fedens\/\"},{\"@type\":\"ListItem\",\"position\":2,\"name\":\"CAMBIOS EN CONCURSO DE TRASLADOS PARA PLAZAS BILING\u00dcES\"}]},{\"@type\":\"WebSite\",\"@id\":\"https:\/\/www.cgtaragonlarioja.org\/fedens\/#website\",\"url\":\"https:\/\/www.cgtaragonlarioja.org\/fedens\/\",\"name\":\"CGT Arag\u00f3n - La Rioja. ENSE\u00d1ANZA\",\"description\":\"CONTACTAR: Calatayud-Aranda: 654897973 \/ Huesca: 974238404 \/ Teruel: 978619265 \/ Zaragoza: 976922002\",\"publisher\":{\"@id\":\"https:\/\/www.cgtaragonlarioja.org\/fedens\/#organization\"},\"potentialAction\":[{\"@type\":\"SearchAction\",\"target\":{\"@type\":\"EntryPoint\",\"urlTemplate\":\"https:\/\/www.cgtaragonlarioja.org\/fedens\/?s={search_term_string}\"},\"query-input\":{\"@type\":\"PropertyValueSpecification\",\"valueRequired\":true,\"valueName\":\"search_term_string\"}}],\"inLanguage\":\"es\"},{\"@type\":\"Organization\",\"@id\":\"https:\/\/www.cgtaragonlarioja.org\/fedens\/#organization\",\"name\":\"CGT Arag\u00f3n y La Rioja - Ense\u00f1anza\",\"url\":\"https:\/\/www.cgtaragonlarioja.org\/fedens\/\",\"logo\":{\"@type\":\"ImageObject\",\"inLanguage\":\"es\",\"@id\":\"https:\/\/www.cgtaragonlarioja.org\/fedens\/#\/schema\/logo\/image\/\",\"url\":\"https:\/\/www.cgtaragonlarioja.org\/fedens\/files\/2021\/02\/logo_cgt_ense_huesca_170x250.png\",\"contentUrl\":\"https:\/\/www.cgtaragonlarioja.org\/fedens\/files\/2021\/02\/logo_cgt_ense_huesca_170x250.png\",\"width\":170,\"height\":250,\"caption\":\"CGT Arag\u00f3n y La Rioja - Ense\u00f1anza\"},\"image\":{\"@id\":\"https:\/\/www.cgtaragonlarioja.org\/fedens\/#\/schema\/logo\/image\/\"},\"sameAs\":[\"https:\/\/www.facebook.com\/CGTEnseAragon\/\",\"https:\/\/x.com\/CGTeduAragon\"]},{\"@type\":\"Person\",\"@id\":\"\",\"url\":\"https:\/\/www.cgtaragonlarioja.org\/fedens\/author\/\"}]}<\/script>\n<!-- \/ Yoast SEO plugin. -->","yoast_head_json":{"title":"CAMBIOS EN CONCURSO DE TRASLADOS PARA PLAZAS BILING\u00dcES","description":"Hoy, d\u00eda 28 de octubre de 2019, los cinco sindicatos de la mesa sectorial hemos sido convocados por la administraci\u00f3n para ser informados de algunos","robots":{"index":"index","follow":"follow","max-snippet":"max-snippet:-1","max-image-preview":"max-image-preview:large","max-video-preview":"max-video-preview:-1"},"canonical":"https:\/\/www.cgtaragonlarioja.org\/fedens\/cambios-en-concurso-de-traslados\/","og_locale":"es_ES","og_type":"article","og_title":"CAMBIOS EN CONCURSO DE TRASLADOS PARA PLAZAS BILING\u00dcES","og_description":"Hoy, d\u00eda 28 de octubre de 2019, los cinco sindicatos de la mesa sectorial hemos sido convocados por la administraci\u00f3n para ser informados de algunos","og_url":"https:\/\/www.cgtaragonlarioja.org\/fedens\/cambios-en-concurso-de-traslados\/","og_site_name":"CGT Arag\u00f3n - La Rioja. ENSE\u00d1ANZA","article_publisher":"https:\/\/www.facebook.com\/CGTEnseAragon\/","article_published_time":"2019-10-28T15:45:29+00:00","twitter_card":"summary_large_image","twitter_creator":"@CGTeduAragon","twitter_site":"@CGTeduAragon","twitter_misc":{"Escrito por":"","Tiempo de lectura":"1 minuto"},"schema":{"@context":"https:\/\/schema.org","@graph":[{"@type":"Article","@id":"https:\/\/www.cgtaragonlarioja.org\/fedens\/cambios-en-concurso-de-traslados\/#article","isPartOf":{"@id":"https:\/\/www.cgtaragonlarioja.org\/fedens\/cambios-en-concurso-de-traslados\/"},"author":{"name":"","@id":""},"headline":"CAMBIOS EN CONCURSO DE TRASLADOS PARA PLAZAS BILING\u00dcES","datePublished":"2019-10-28T15:45:29+00:00","mainEntityOfPage":{"@id":"https:\/\/www.cgtaragonlarioja.org\/fedens\/cambios-en-concurso-de-traslados\/"},"wordCount":308,"commentCount":0,"publisher":{"@id":"https:\/\/www.cgtaragonlarioja.org\/fedens\/#organization"},"keywords":["Concursos de traslados"],"articleSection":["Noticias"],"inLanguage":"es","potentialAction":[{"@type":"CommentAction","name":"Comment","target":["https:\/\/www.cgtaragonlarioja.org\/fedens\/cambios-en-concurso-de-traslados\/#respond"]}]},{"@type":"WebPage","@id":"https:\/\/www.cgtaragonlarioja.org\/fedens\/cambios-en-concurso-de-traslados\/","url":"https:\/\/www.cgtaragonlarioja.org\/fedens\/cambios-en-concurso-de-traslados\/","name":"CAMBIOS EN CONCURSO DE TRASLADOS PARA PLAZAS BILING\u00dcES","isPartOf":{"@id":"https:\/\/www.cgtaragonlarioja.org\/fedens\/#website"},"datePublished":"2019-10-28T15:45:29+00:00","description":"Hoy, d\u00eda 28 de octubre de 2019, los cinco sindicatos de la mesa sectorial hemos sido convocados por la administraci\u00f3n para ser informados de algunos","breadcrumb":{"@id":"https:\/\/www.cgtaragonlarioja.org\/fedens\/cambios-en-concurso-de-traslados\/#breadcrumb"},"inLanguage":"es","potentialAction":[{"@type":"ReadAction","target":["https:\/\/www.cgtaragonlarioja.org\/fedens\/cambios-en-concurso-de-traslados\/"]}]},{"@type":"BreadcrumbList","@id":"https:\/\/www.cgtaragonlarioja.org\/fedens\/cambios-en-concurso-de-traslados\/#breadcrumb","itemListElement":[{"@type":"ListItem","position":1,"name":"Portada","item":"https:\/\/www.cgtaragonlarioja.org\/fedens\/"},{"@type":"ListItem","position":2,"name":"CAMBIOS EN CONCURSO DE TRASLADOS PARA PLAZAS BILING\u00dcES"}]},{"@type":"WebSite","@id":"https:\/\/www.cgtaragonlarioja.org\/fedens\/#website","url":"https:\/\/www.cgtaragonlarioja.org\/fedens\/","name":"CGT Arag\u00f3n - La Rioja. ENSE\u00d1ANZA","description":"CONTACTAR: Calatayud-Aranda: 654897973 \/ Huesca: 974238404 \/ Teruel: 978619265 \/ Zaragoza: 976922002","publisher":{"@id":"https:\/\/www.cgtaragonlarioja.org\/fedens\/#organization"},"potentialAction":[{"@type":"SearchAction","target":{"@type":"EntryPoint","urlTemplate":"https:\/\/www.cgtaragonlarioja.org\/fedens\/?s={search_term_string}"},"query-input":{"@type":"PropertyValueSpecification","valueRequired":true,"valueName":"search_term_string"}}],"inLanguage":"es"},{"@type":"Organization","@id":"https:\/\/www.cgtaragonlarioja.org\/fedens\/#organization","name":"CGT Arag\u00f3n y La Rioja - Ense\u00f1anza","url":"https:\/\/www.cgtaragonlarioja.org\/fedens\/","logo":{"@type":"ImageObject","inLanguage":"es","@id":"https:\/\/www.cgtaragonlarioja.org\/fedens\/#\/schema\/logo\/image\/","url":"https:\/\/www.cgtaragonlarioja.org\/fedens\/files\/2021\/02\/logo_cgt_ense_huesca_170x250.png","contentUrl":"https:\/\/www.cgtaragonlarioja.org\/fedens\/files\/2021\/02\/logo_cgt_ense_huesca_170x250.png","width":170,"height":250,"caption":"CGT Arag\u00f3n y La Rioja - Ense\u00f1anza"},"image":{"@id":"https:\/\/www.cgtaragonlarioja.org\/fedens\/#\/schema\/logo\/image\/"},"sameAs":["https:\/\/www.facebook.com\/CGTEnseAragon\/","https:\/\/x.com\/CGTeduAragon"]},{"@type":"Person","@id":"","url":"https:\/\/www.cgtaragonlarioja.org\/fedens\/author\/"}]}},"_links":{"self":[{"href":"https:\/\/www.cgtaragonlarioja.org\/fedens\/wp-json\/wp\/v2\/posts\/9742","targetHints":{"allow":["GET"]}}],"collection":[{"href":"https:\/\/www.cgtaragonlarioja.org\/fedens\/wp-json\/wp\/v2\/posts"}],"about":[{"href":"https:\/\/www.cgtaragonlarioja.org\/fedens\/wp-json\/wp\/v2\/types\/post"}],"author":[{"embeddable":true,"href":"https:\/\/www.cgtaragonlarioja.org\/fedens\/wp-json\/wp\/v2\/users\/485"}],"replies":[{"embeddable":true,"href":"https:\/\/www.cgtaragonlarioja.org\/fedens\/wp-json\/wp\/v2\/comments?post=9742"}],"version-history":[{"count":0,"href":"https:\/\/www.cgtaragonlarioja.org\/fedens\/wp-json\/wp\/v2\/posts\/9742\/revisions"}],"wp:attachment":[{"href":"https:\/\/www.cgtaragonlarioja.org\/fedens\/wp-json\/wp\/v2\/media?parent=9742"}],"wp:term":[{"taxonomy":"category","embeddable":true,"href":"https:\/\/www.cgtaragonlarioja.org\/fedens\/wp-json\/wp\/v2\/categories?post=9742"},{"taxonomy":"post_tag","embeddable":true,"href":"https:\/\/www.cgtaragonlarioja.org\/fedens\/wp-json\/wp\/v2\/tags?post=9742"}],"curies":[{"name":"wp","href":"https:\/\/api.w.org\/{rel}","templated":true}]}}