{"id":9723,"date":"2019-10-08T10:51:37","date_gmt":"2019-10-08T08:51:37","guid":{"rendered":"https:\/\/www.cgtaragonlarioja.org\/fedens2\/educacion-pensamiento-accion\/la-desigualdad-que-se-esconde-tras\/"},"modified":"2021-02-07T18:54:27","modified_gmt":"2021-02-07T17:54:27","slug":"la-desigualdad-que-se-esconde-tras","status":"publish","type":"post","link":"https:\/\/www.cgtaragonlarioja.org\/fedens\/la-desigualdad-que-se-esconde-tras\/","title":{"rendered":"La desigualdad que se esconde tras el proyecto educativo del PP"},"content":{"rendered":"<p>Creemos en la libertad de los padres para elegir la educaci\u00f3n de sus hijos. Esa es la esencia de nuestra propuesta educativa para la Comunidad de Madrid y la defendemos abiertamente\u00bb. As\u00ed se pronunci\u00f3 la presidenta de la Comunidad de Madrid Isabel D\u00edaz Ayuso en su discurso de investidura. Fomentar la educaci\u00f3n concertada y privada es el objetivo del PP nacional, pero sobre todo del madrile\u00f1o, que ha decidido enarbolar la bandera de la libertad en esta materia. La medida estrella en el proyecto educativo de los populares es impulsar que los padres y las madres introduzcan a sus hijos en un sistema educativo concertado, que por el momento est\u00e1 irremediablemente condenado a segregar seg\u00fan el contexto social del alumnado y a blanquear la desigualdad de oportunidades entre los estudiantes.<\/p>\n<p>Ayuso lo tiene muy claro, y por ello le ha dedicado una Direcci\u00f3n General a la educaci\u00f3n concertada. En su programa para la Comunidad de Madrid la educaci\u00f3n ocupa un espacio clave, es el primer punto del segundo ep\u00edgrafe, mientras tanto, Madrid sigue siendo la regi\u00f3n que menos invierte en educaci\u00f3n p\u00fablica de todo el pa\u00eds. El consejero de educaci\u00f3n, Enrique Ossorio, no ha descartado abrir m\u00e1s colegios concertados, dice que lo har\u00e1 en funci\u00f3n de la demanda: \u00abVamos a actuar sin ning\u00fan tipo de complejos para defender la libertad de elecci\u00f3n de los padres\u00bb.<\/p>\n<p>Concertar toda la etapa del Bachillerato tambi\u00e9n es otro de los prop\u00f3sitos del Gobierno madrile\u00f1o, bajo el pretexto de que los alumnos no tengan que cambiar de un colegio a otro cuando terminen la ESO. Para ello, el Ejecutivo regional ha destinado 4,5 millones de euros a un sistema de becas destinadas a la educaci\u00f3n concertada que ya se han puesto en marcha este curso.<\/p>\n<p>Los datos hablan por s\u00ed solos: Madrid es la regi\u00f3n con mayor porcentaje de alumnos escolarizados en centros privados (un 9,6 %) y la tercera en concertados (36,9 %), seg\u00fan los \u00faltimos n\u00fameros del Ministerio de Educaci\u00f3n. Adem\u00e1s, la educaci\u00f3n privada y concertada crece a ritmos que la p\u00fablica no llega a alcanzar, por lo que, si sigue siendo menospreciada por el gobierno madrile\u00f1o terminar\u00e1 vi\u00e9ndose superada por las otras dos. Tambi\u00e9n lo evidencia la secuencia de inversiones de la Comunidad de Madrid en los \u00faltimos a\u00f1os: de los 793,31 millones de euros p\u00fablicos que se destinaron a la atenci\u00f3n de convenios con centros concertados en 2009, se ha pasado a los 1.012 millones que los presupuestos regionales de 2018, firmados por el PP y Ciudadanos, destinan a esta partida.<\/p>\n<p>El resultado final de esta estrategia \u00abeducativa\u00bb es que Madrid tambi\u00e9n es la regi\u00f3n que menos invierte en la educaci\u00f3n de cada alumno, 4.494 euros seg\u00fan un estudio de la Fundaci\u00f3n BBVA y el IVIE con datos del Ministerio de Educaci\u00f3n. Con estas cifras, no es de extra\u00f1ar que tambi\u00e9n sean las familias madrile\u00f1as las que m\u00e1s tienen que invertir en gastos escolares, 1.624 euros, un 57 % m\u00e1s que la media espa\u00f1ola.<\/p>\n<p><strong>La segregaci\u00f3n de la concertada: las cuotas<\/strong><\/p>\n<p>La segregaci\u00f3n que se produce con la ense\u00f1anza de pago, que tambi\u00e9n se diferencia de la p\u00fablica por un acceso seg\u00fan el contexto social y econ\u00f3mico de las familias, irrumpe a su vez dentro del propio sistema de la concertada. Seg\u00fan un informe realizado por la consultora independiente Garlic B2B, el 92 % de los centros concertados de Madrid presionan a los padres y a las madres para que paguen ciertas \u00abcuotas\u00bb que, por supuesto, no son obligatorias, chantaje\u00e1ndoles con subir el precio del comedor, o incluso con reducir las horas lectivas y de actividades a sus hijos, y bajo el pretexto de una infrafinanciaci\u00f3n de la concertada. Son irregularidades que la FAPA Giner de los R\u00edos y los sindicatos llevan denunciando largo tiempo, asegurando que el 28 % de los alumnos de la concertada sufre \u00abalg\u00fan tipo de exclusi\u00f3n\u00bb si no paga dichas cuotas.<\/p>\n<p>El cupo base de estos colegios es de 157 euros y sigue aumentando. Por supuesto, deber\u00eda ser voluntario, y aunque algunos centros s\u00ed detallan este aspecto (no todos), tambi\u00e9n a\u00f1aden que los estudiantes dejar\u00e1n de hacer determinadas actividades si los padres y madres se niegan a pagarla.<\/p>\n<p>La responsable de educaci\u00f3n de CCOO Isabel Galv\u00edn tilda el sistema educativo de la regi\u00f3n de un \u00abfracaso\u00bb en materia de igualdad de oportunidades y derecho a la educaci\u00f3n para todos: \u00ab\u00c2\u00bfD\u00f3nde estar\u00eda Madrid si la mitad de los chicos no estuviesen discriminados en funci\u00f3n de la familia en la que han nacido o la localidad?, se pregunta.<\/p>\n<p>La oposici\u00f3n, por su parte, tambi\u00e9n se revuelve al escuchar a Ayuso ensalzar la \u00ablibertad de elecci\u00f3n\u00bb de los padres, un reclamo que form\u00f3 parte de la campa\u00f1a de Vox en las \u00faltimas elecciones auton\u00f3micas, y que ven como un posible gui\u00f1o a este partido, que permiti\u00f3 al PP y a Cs ponerse al frente del Ejecutivo regional.<\/p>\n<p><strong>El programa educativo de Madrid<\/strong><\/p>\n<p>El programa educativo de la Comunidad de Madrid pasa asimismo por incorporar una asignatura de programaci\u00f3n y rob\u00f3tica en primaria, o por incrementar una hora semanal a la asignatura de educaci\u00f3n f\u00edsica. El consejero de educaci\u00f3n, Enrique Ossorio, tambi\u00e9n dio a conocer su intenci\u00f3n de prohibir los m\u00f3viles en las aulas de los colegios p\u00fablicos, una de las 155 medidas acordadas con Ciudadanos, aunque a\u00fan no ha detallado c\u00f3mo aplicar este veto, que dice que ayudar\u00e1 a que los alumnos con peor expediente acad\u00e9mico lo mejoren.<\/p>\n<p>Otro leitmotiv de Ayuso es el biling\u00fcismo desde infantil. Le ha otorgado, como hizo con la concertada, una Direcci\u00f3n General asegurando que la \u00ablibre elecci\u00f3n\u00bb de los padres pasa tambi\u00e9n por poder elegir un colegio biling\u00fce o triling\u00fce.<\/p>\n<p>Sobre el reclamo del profesorado y de los sindicatos de reducir las horas lectivas de los docentes, el Gobierno madrile\u00f1o asegur\u00f3 que \u00abse estudiar\u00eda\u00bb. Esta exigencia viene de un aumento del horario lectivo que fue consecuencia de los recortes del Gobierno de Mariano Rajoy en 2012 en educaci\u00f3n, y por los que se aumentaron las horas del personal hasta los 25 semanales en infantil y las 20 en el resto de ense\u00f1anzas.<\/p>\n<p>La actual ministra de Educaci\u00f3n, Isabel Cela\u00e1, impuls\u00f3 una ley de \u00abmejora de las condiciones para el desempe\u00f1o de la docencia y la ense\u00f1anza no universitaria\u00bb para acabar con estos recortes, y situar en 18 las horas lectivas semanales en Secundaria y en 23 las de Infantil y Primaria. Una ley que no deja de ser papel mojado ya que recomienda, no obliga.<\/p>\n<p>El sindicato de ense\u00f1anza STE ya ha denunciado que la Comunidad de Madrid, Castilla y Le\u00f3n, Murcia, Baleares y Castilla La Mancha hacen caso omiso a las recomendaciones del Gobierno y a los reclamos del profesorado.<\/p>\n<p><strong>El enfoque educativo del PP nacional<\/strong><\/p>\n<p>No distan mucho las propuestas madrile\u00f1as de la l\u00ednea nacional de los populares. El \u00faltimo programa electoral del partido liderado por Pablo Casado hac\u00eda hincapi\u00e9 en que el derecho a la educaci\u00f3n pertenece a las familias, por lo que las Administraciones \u00fanicamente tienen una funci\u00f3n de \u00abcolaboraci\u00f3n\u00bb con ellas. Las principales medidas eran la \u00ablibertad de elecci\u00f3n\u00bb, garantizar el castellano como \u00ablengua vehicular\u00bb en toda Espa\u00f1a, una prueba \u00fanica de acceso a la Universidad para todo el territorio, la ampliaci\u00f3n de los conciertos a Bachillerato y FP inicial, y la promesa de legislar sobre las donaciones (cuotas) a fundaciones de la concertada para equipararlas.<\/p>\n<p>Los populares presentaron esta pasada legislatura una proposici\u00f3n no de ley en el Congreso de los Diputados para restituir la capacidad sancionadora de la Alta Inspecci\u00f3n Educativa cuando se detecten libros de texto \u00abque no se adec\u00faan a ense\u00f1anzas comunes\u00bb y as\u00ed \u00abpreservar los centros docentes como lugares libres de adoctrinamiento\u00bb.<\/p>\n<p>Cuando Casado habla de \u00abadoctrinamiento\u00bb mira a las aulas catalanas, pero en el Gobierno de Murcia tambi\u00e9n lo ha hecho para referirse a lo que llaman \u00abideolog\u00eda de g\u00e9nero\u00bb. Esta regi\u00f3n fue la primera que incorpor\u00f3 con el anterior gobierno en solitario del PP el llamado \u00abPIN Parental\u00bb, la propuesta estrella de Vox, que obliga al centro educativo a solicitar a los padres el consentimiento sobre cualquier actividad que afecte a \u00ablos valores\u00bb del alumno.<\/p>\n<p>El colectivo de ultraderecha \u00abHazte O\u00edr\u00bb se est\u00e1 encargando estos d\u00edas de alertar a las familias de un supuesto \u00abadoctrinamiento de g\u00e9nero\u00bb por el que los escolares estar\u00edan recibiendo \u00abinstrucciones\u00bb sobre \u00abconductas l\u00e9sbicas\u00bb, \u00ababorto\u00bb o qu\u00e9 hacer el d\u00eda del Orgullo LGTBI. El colectivo pide a los tres partidos de la derecha que incorporen el PIN Parental sus propuestas educativas para que los centros informen a los padres sobre cualquier actividad, charla o taller que \u00abafecte\u00bb a los valores del alumno en materia afectivo sexual, identidad y expresi\u00f3n de g\u00e9nero, diversidad sexual y afectiva y diferentes modelos de familia. CCOO ya ha presentado una denuncia a la Fiscal\u00eda para investigar la acci\u00f3n, que podr\u00eda ser constitutiva de un delito de odio.<\/p>\n<p>En definitiva, el sistema educativo que propone el PP ahonda en la desigualdad de oportunidades, mientras que la educaci\u00f3n privada y concertada avanza en las comunidades m\u00e1s pobladas y ricas, la p\u00fablica se despliega en la Espa\u00f1a vaciada, aquella que tiene menos recursos. De toda la Uni\u00f3n Europea, nuestro pa\u00eds es el cuarto con m\u00e1s presencia en educaci\u00f3n privada, un modelo que cronifica las desigualdades entre los alumnos, seleccion\u00e1ndolos seg\u00fan su contexto social y econ\u00f3mico, y ensanchando de esta manera la brecha entre los que m\u00e1s tienen y los que menos.<\/p>\n<p><strong>Art\u00edculo originalmente publicado en <a href=\"https:\/\/www.cuartopoder.es\/espana\/educacion\/2019\/10\/04\/la-desigualdad-que-se-esconde-tras-el-proyecto-educativo-del-pp\/\">cuartopoder.es<\/a><\/strong><\/p>\n","protected":false},"excerpt":{"rendered":"<p>Creemos en la libertad de los padres para elegir la educaci\u00f3n de sus hijos. Esa<\/p>\n","protected":false},"author":485,"featured_media":0,"comment_status":"open","ping_status":"open","sticky":false,"template":"","format":"standard","meta":{"footnotes":""},"categories":[504],"tags":[],"class_list":["post-9723","post","type-post","status-publish","format-standard","hentry","category-a-debate"],"yoast_head":"<!-- This site is optimized with the Yoast SEO plugin v26.7 - https:\/\/yoast.com\/wordpress\/plugins\/seo\/ -->\n<title>La desigualdad que se esconde tras el proyecto educativo del PP<\/title>\n<meta name=\"description\" content=\"Creemos en la libertad de los padres para elegir la educaci\u00f3n de sus hijos. Esa es la esencia de nuestra propuesta educativa para la Comunidad de Madrid y\" \/>\n<meta name=\"robots\" content=\"index, follow, max-snippet:-1, max-image-preview:large, max-video-preview:-1\" \/>\n<link rel=\"canonical\" href=\"https:\/\/www.cgtaragonlarioja.org\/fedens\/la-desigualdad-que-se-esconde-tras\/\" \/>\n<meta property=\"og:locale\" content=\"es_ES\" \/>\n<meta property=\"og:type\" content=\"article\" \/>\n<meta property=\"og:title\" content=\"La desigualdad que se esconde tras el proyecto educativo del PP\" \/>\n<meta property=\"og:description\" content=\"Creemos en la libertad de los padres para elegir la educaci\u00f3n de sus hijos. Esa es la esencia de nuestra propuesta educativa para la Comunidad de Madrid y\" \/>\n<meta property=\"og:url\" content=\"https:\/\/www.cgtaragonlarioja.org\/fedens\/la-desigualdad-que-se-esconde-tras\/\" \/>\n<meta property=\"og:site_name\" content=\"CGT Arag\u00f3n - La Rioja. ENSE\u00d1ANZA\" \/>\n<meta property=\"article:publisher\" content=\"https:\/\/www.facebook.com\/CGTEnseAragon\/\" \/>\n<meta property=\"article:published_time\" content=\"2019-10-08T08:51:37+00:00\" \/>\n<meta property=\"article:modified_time\" content=\"2021-02-07T17:54:27+00:00\" \/>\n<meta name=\"twitter:card\" content=\"summary_large_image\" \/>\n<meta name=\"twitter:creator\" content=\"@CGTeduAragon\" \/>\n<meta name=\"twitter:site\" content=\"@CGTeduAragon\" \/>\n<meta name=\"twitter:label1\" content=\"Escrito por\" \/>\n\t<meta name=\"twitter:data1\" content=\"\" \/>\n\t<meta name=\"twitter:label2\" content=\"Tiempo de lectura\" \/>\n\t<meta name=\"twitter:data2\" content=\"7 minutos\" \/>\n<script type=\"application\/ld+json\" class=\"yoast-schema-graph\">{\"@context\":\"https:\/\/schema.org\",\"@graph\":[{\"@type\":\"Article\",\"@id\":\"https:\/\/www.cgtaragonlarioja.org\/fedens\/la-desigualdad-que-se-esconde-tras\/#article\",\"isPartOf\":{\"@id\":\"https:\/\/www.cgtaragonlarioja.org\/fedens\/la-desigualdad-que-se-esconde-tras\/\"},\"author\":{\"name\":\"\",\"@id\":\"\"},\"headline\":\"La desigualdad que se esconde tras el proyecto educativo del PP\",\"datePublished\":\"2019-10-08T08:51:37+00:00\",\"dateModified\":\"2021-02-07T17:54:27+00:00\",\"mainEntityOfPage\":{\"@id\":\"https:\/\/www.cgtaragonlarioja.org\/fedens\/la-desigualdad-que-se-esconde-tras\/\"},\"wordCount\":1695,\"commentCount\":0,\"publisher\":{\"@id\":\"https:\/\/www.cgtaragonlarioja.org\/fedens\/#organization\"},\"articleSection\":[\"A Debate\"],\"inLanguage\":\"es\",\"potentialAction\":[{\"@type\":\"CommentAction\",\"name\":\"Comment\",\"target\":[\"https:\/\/www.cgtaragonlarioja.org\/fedens\/la-desigualdad-que-se-esconde-tras\/#respond\"]}]},{\"@type\":\"WebPage\",\"@id\":\"https:\/\/www.cgtaragonlarioja.org\/fedens\/la-desigualdad-que-se-esconde-tras\/\",\"url\":\"https:\/\/www.cgtaragonlarioja.org\/fedens\/la-desigualdad-que-se-esconde-tras\/\",\"name\":\"La desigualdad que se esconde tras el proyecto educativo del PP\",\"isPartOf\":{\"@id\":\"https:\/\/www.cgtaragonlarioja.org\/fedens\/#website\"},\"datePublished\":\"2019-10-08T08:51:37+00:00\",\"dateModified\":\"2021-02-07T17:54:27+00:00\",\"description\":\"Creemos en la libertad de los padres para elegir la educaci\u00f3n de sus hijos. Esa es la esencia de nuestra propuesta educativa para la Comunidad de Madrid y\",\"breadcrumb\":{\"@id\":\"https:\/\/www.cgtaragonlarioja.org\/fedens\/la-desigualdad-que-se-esconde-tras\/#breadcrumb\"},\"inLanguage\":\"es\",\"potentialAction\":[{\"@type\":\"ReadAction\",\"target\":[\"https:\/\/www.cgtaragonlarioja.org\/fedens\/la-desigualdad-que-se-esconde-tras\/\"]}]},{\"@type\":\"BreadcrumbList\",\"@id\":\"https:\/\/www.cgtaragonlarioja.org\/fedens\/la-desigualdad-que-se-esconde-tras\/#breadcrumb\",\"itemListElement\":[{\"@type\":\"ListItem\",\"position\":1,\"name\":\"Portada\",\"item\":\"https:\/\/www.cgtaragonlarioja.org\/fedens\/\"},{\"@type\":\"ListItem\",\"position\":2,\"name\":\"La desigualdad que se esconde tras el proyecto educativo del PP\"}]},{\"@type\":\"WebSite\",\"@id\":\"https:\/\/www.cgtaragonlarioja.org\/fedens\/#website\",\"url\":\"https:\/\/www.cgtaragonlarioja.org\/fedens\/\",\"name\":\"CGT Arag\u00f3n - La Rioja. ENSE\u00d1ANZA\",\"description\":\"CONTACTAR: Calatayud-Aranda: 654897973 \/ Huesca: 974238404 \/ Teruel: 978619265 \/ Zaragoza: 976922002\",\"publisher\":{\"@id\":\"https:\/\/www.cgtaragonlarioja.org\/fedens\/#organization\"},\"potentialAction\":[{\"@type\":\"SearchAction\",\"target\":{\"@type\":\"EntryPoint\",\"urlTemplate\":\"https:\/\/www.cgtaragonlarioja.org\/fedens\/?s={search_term_string}\"},\"query-input\":{\"@type\":\"PropertyValueSpecification\",\"valueRequired\":true,\"valueName\":\"search_term_string\"}}],\"inLanguage\":\"es\"},{\"@type\":\"Organization\",\"@id\":\"https:\/\/www.cgtaragonlarioja.org\/fedens\/#organization\",\"name\":\"CGT Arag\u00f3n y La Rioja - Ense\u00f1anza\",\"url\":\"https:\/\/www.cgtaragonlarioja.org\/fedens\/\",\"logo\":{\"@type\":\"ImageObject\",\"inLanguage\":\"es\",\"@id\":\"https:\/\/www.cgtaragonlarioja.org\/fedens\/#\/schema\/logo\/image\/\",\"url\":\"https:\/\/www.cgtaragonlarioja.org\/fedens\/files\/2021\/02\/logo_cgt_ense_huesca_170x250.png\",\"contentUrl\":\"https:\/\/www.cgtaragonlarioja.org\/fedens\/files\/2021\/02\/logo_cgt_ense_huesca_170x250.png\",\"width\":170,\"height\":250,\"caption\":\"CGT Arag\u00f3n y La Rioja - Ense\u00f1anza\"},\"image\":{\"@id\":\"https:\/\/www.cgtaragonlarioja.org\/fedens\/#\/schema\/logo\/image\/\"},\"sameAs\":[\"https:\/\/www.facebook.com\/CGTEnseAragon\/\",\"https:\/\/x.com\/CGTeduAragon\"]},{\"@type\":\"Person\",\"@id\":\"\",\"url\":\"https:\/\/www.cgtaragonlarioja.org\/fedens\/author\/\"}]}<\/script>\n<!-- \/ Yoast SEO plugin. -->","yoast_head_json":{"title":"La desigualdad que se esconde tras el proyecto educativo del PP","description":"Creemos en la libertad de los padres para elegir la educaci\u00f3n de sus hijos. Esa es la esencia de nuestra propuesta educativa para la Comunidad de Madrid y","robots":{"index":"index","follow":"follow","max-snippet":"max-snippet:-1","max-image-preview":"max-image-preview:large","max-video-preview":"max-video-preview:-1"},"canonical":"https:\/\/www.cgtaragonlarioja.org\/fedens\/la-desigualdad-que-se-esconde-tras\/","og_locale":"es_ES","og_type":"article","og_title":"La desigualdad que se esconde tras el proyecto educativo del PP","og_description":"Creemos en la libertad de los padres para elegir la educaci\u00f3n de sus hijos. Esa es la esencia de nuestra propuesta educativa para la Comunidad de Madrid y","og_url":"https:\/\/www.cgtaragonlarioja.org\/fedens\/la-desigualdad-que-se-esconde-tras\/","og_site_name":"CGT Arag\u00f3n - La Rioja. ENSE\u00d1ANZA","article_publisher":"https:\/\/www.facebook.com\/CGTEnseAragon\/","article_published_time":"2019-10-08T08:51:37+00:00","article_modified_time":"2021-02-07T17:54:27+00:00","twitter_card":"summary_large_image","twitter_creator":"@CGTeduAragon","twitter_site":"@CGTeduAragon","twitter_misc":{"Escrito por":"","Tiempo de lectura":"7 minutos"},"schema":{"@context":"https:\/\/schema.org","@graph":[{"@type":"Article","@id":"https:\/\/www.cgtaragonlarioja.org\/fedens\/la-desigualdad-que-se-esconde-tras\/#article","isPartOf":{"@id":"https:\/\/www.cgtaragonlarioja.org\/fedens\/la-desigualdad-que-se-esconde-tras\/"},"author":{"name":"","@id":""},"headline":"La desigualdad que se esconde tras el proyecto educativo del PP","datePublished":"2019-10-08T08:51:37+00:00","dateModified":"2021-02-07T17:54:27+00:00","mainEntityOfPage":{"@id":"https:\/\/www.cgtaragonlarioja.org\/fedens\/la-desigualdad-que-se-esconde-tras\/"},"wordCount":1695,"commentCount":0,"publisher":{"@id":"https:\/\/www.cgtaragonlarioja.org\/fedens\/#organization"},"articleSection":["A Debate"],"inLanguage":"es","potentialAction":[{"@type":"CommentAction","name":"Comment","target":["https:\/\/www.cgtaragonlarioja.org\/fedens\/la-desigualdad-que-se-esconde-tras\/#respond"]}]},{"@type":"WebPage","@id":"https:\/\/www.cgtaragonlarioja.org\/fedens\/la-desigualdad-que-se-esconde-tras\/","url":"https:\/\/www.cgtaragonlarioja.org\/fedens\/la-desigualdad-que-se-esconde-tras\/","name":"La desigualdad que se esconde tras el proyecto educativo del PP","isPartOf":{"@id":"https:\/\/www.cgtaragonlarioja.org\/fedens\/#website"},"datePublished":"2019-10-08T08:51:37+00:00","dateModified":"2021-02-07T17:54:27+00:00","description":"Creemos en la libertad de los padres para elegir la educaci\u00f3n de sus hijos. Esa es la esencia de nuestra propuesta educativa para la Comunidad de Madrid y","breadcrumb":{"@id":"https:\/\/www.cgtaragonlarioja.org\/fedens\/la-desigualdad-que-se-esconde-tras\/#breadcrumb"},"inLanguage":"es","potentialAction":[{"@type":"ReadAction","target":["https:\/\/www.cgtaragonlarioja.org\/fedens\/la-desigualdad-que-se-esconde-tras\/"]}]},{"@type":"BreadcrumbList","@id":"https:\/\/www.cgtaragonlarioja.org\/fedens\/la-desigualdad-que-se-esconde-tras\/#breadcrumb","itemListElement":[{"@type":"ListItem","position":1,"name":"Portada","item":"https:\/\/www.cgtaragonlarioja.org\/fedens\/"},{"@type":"ListItem","position":2,"name":"La desigualdad que se esconde tras el proyecto educativo del PP"}]},{"@type":"WebSite","@id":"https:\/\/www.cgtaragonlarioja.org\/fedens\/#website","url":"https:\/\/www.cgtaragonlarioja.org\/fedens\/","name":"CGT Arag\u00f3n - La Rioja. ENSE\u00d1ANZA","description":"CONTACTAR: Calatayud-Aranda: 654897973 \/ Huesca: 974238404 \/ Teruel: 978619265 \/ Zaragoza: 976922002","publisher":{"@id":"https:\/\/www.cgtaragonlarioja.org\/fedens\/#organization"},"potentialAction":[{"@type":"SearchAction","target":{"@type":"EntryPoint","urlTemplate":"https:\/\/www.cgtaragonlarioja.org\/fedens\/?s={search_term_string}"},"query-input":{"@type":"PropertyValueSpecification","valueRequired":true,"valueName":"search_term_string"}}],"inLanguage":"es"},{"@type":"Organization","@id":"https:\/\/www.cgtaragonlarioja.org\/fedens\/#organization","name":"CGT Arag\u00f3n y La Rioja - Ense\u00f1anza","url":"https:\/\/www.cgtaragonlarioja.org\/fedens\/","logo":{"@type":"ImageObject","inLanguage":"es","@id":"https:\/\/www.cgtaragonlarioja.org\/fedens\/#\/schema\/logo\/image\/","url":"https:\/\/www.cgtaragonlarioja.org\/fedens\/files\/2021\/02\/logo_cgt_ense_huesca_170x250.png","contentUrl":"https:\/\/www.cgtaragonlarioja.org\/fedens\/files\/2021\/02\/logo_cgt_ense_huesca_170x250.png","width":170,"height":250,"caption":"CGT Arag\u00f3n y La Rioja - Ense\u00f1anza"},"image":{"@id":"https:\/\/www.cgtaragonlarioja.org\/fedens\/#\/schema\/logo\/image\/"},"sameAs":["https:\/\/www.facebook.com\/CGTEnseAragon\/","https:\/\/x.com\/CGTeduAragon"]},{"@type":"Person","@id":"","url":"https:\/\/www.cgtaragonlarioja.org\/fedens\/author\/"}]}},"_links":{"self":[{"href":"https:\/\/www.cgtaragonlarioja.org\/fedens\/wp-json\/wp\/v2\/posts\/9723","targetHints":{"allow":["GET"]}}],"collection":[{"href":"https:\/\/www.cgtaragonlarioja.org\/fedens\/wp-json\/wp\/v2\/posts"}],"about":[{"href":"https:\/\/www.cgtaragonlarioja.org\/fedens\/wp-json\/wp\/v2\/types\/post"}],"author":[{"embeddable":true,"href":"https:\/\/www.cgtaragonlarioja.org\/fedens\/wp-json\/wp\/v2\/users\/485"}],"replies":[{"embeddable":true,"href":"https:\/\/www.cgtaragonlarioja.org\/fedens\/wp-json\/wp\/v2\/comments?post=9723"}],"version-history":[{"count":2,"href":"https:\/\/www.cgtaragonlarioja.org\/fedens\/wp-json\/wp\/v2\/posts\/9723\/revisions"}],"predecessor-version":[{"id":11235,"href":"https:\/\/www.cgtaragonlarioja.org\/fedens\/wp-json\/wp\/v2\/posts\/9723\/revisions\/11235"}],"wp:attachment":[{"href":"https:\/\/www.cgtaragonlarioja.org\/fedens\/wp-json\/wp\/v2\/media?parent=9723"}],"wp:term":[{"taxonomy":"category","embeddable":true,"href":"https:\/\/www.cgtaragonlarioja.org\/fedens\/wp-json\/wp\/v2\/categories?post=9723"},{"taxonomy":"post_tag","embeddable":true,"href":"https:\/\/www.cgtaragonlarioja.org\/fedens\/wp-json\/wp\/v2\/tags?post=9723"}],"curies":[{"name":"wp","href":"https:\/\/api.w.org\/{rel}","templated":true}]}}