{"id":9718,"date":"2019-10-03T17:00:13","date_gmt":"2019-10-03T15:00:13","guid":{"rendered":"https:\/\/www.cgtaragonlarioja.org\/fedens2\/noticias\/cgt-ensenanza-aragon-la-rioja2338\/"},"modified":"2021-02-07T19:08:33","modified_gmt":"2021-02-07T18:08:33","slug":"cgt-ensenanza-aragon-la-rioja2338","status":"publish","type":"post","link":"https:\/\/www.cgtaragonlarioja.org\/fedens\/cgt-ensenanza-aragon-la-rioja2338\/","title":{"rendered":"CGT ENSE\u00d1ANZA ARAG\u00d3N-LA RIOJA EXIGE LA RETIRADA DE LA CAMPA\u00d1A DEL AYUNTAMIENTO DE ZARAGOZA CONTRA AGRESIONES SEXISTAS"},"content":{"rendered":"<p>El sindicato de Ense\u00f1anza CGT Arag\u00f3n-La Rioja, se une a las cr\u00edticas hacia la campa\u00f1a del Ayuntamiento de Zaragoza sobre agresiones sexistas y exige su retirada inmediata.<\/p>\n<p>CGT Arag\u00f3n-La Rioja califica de \u00abmuy preocupantes\u00bb\u0080\u009d las ideas y valores derivados de la campa\u00f1a organizada por el Ayuntamiento de Zaragoza contra agresiones sexistas para las Fiestas del Pilar de la capital aragonesa.<br \/>\nDesde el sindicato denuncian la posici\u00f3n de total invisibilidad y pasividad en la que dejan a la mujer, que \u00abqueda fuera cualquier consideraci\u00f3n hacia el deseo. La frase &#8216;Porque no es igual acariciar que manosear&#8217;\u0080\u009d, parece propia de un mal gui\u00f3n del cine de destape\u00bb.<\/p>\n<p>Desde el sindicato de Ense\u00c3\u00f1anza denuncian la lamentable gesti\u00f3n del Ayuntamiento de Zaragoza en unos festejos de gran popularidad, con gran afluencia de visitantes durante esos d\u00edas. Seg\u00fan declaran, \u00ab\u0080\u009clos mensajes que se pueden leer en unos carteles replicados en nuestros barrios son un recordatorio de la posici\u00f3n real de los partidos del gobierno municipal, muy alejada del objetivo de acabar con cualquier violencia machista\u00e2\u0080\u009d. A\u00f1aden que, \u00abes evidente el intento de adoctrinamiento ideol\u00f3gico de la extrema derecha frente a la \u00fanica evidencia, la existencia de m\u00faltiples violencias machistas perpetradas dentro de una sociedad patriarcal\u00bb\u0080\u009d.<\/p>\n<p>Son razones por las que \u00ab\u0080\u009cante la grave irresponsabilidad del Ayuntamiento de Zaragoza, exige la retirada inmediata de toda la carteler\u00ed\u00ada\u00bb\u0080\u009d.<\/p>\n","protected":false},"excerpt":{"rendered":"<p>El sindicato de Ense\u00f1anza CGT Arag\u00f3n-La Rioja, se une a las cr\u00edticas hacia la campa\u00f1a<\/p>\n","protected":false},"author":485,"featured_media":0,"comment_status":"open","ping_status":"open","sticky":false,"template":"","format":"standard","meta":{"footnotes":""},"categories":[480],"tags":[539],"class_list":["post-9718","post","type-post","status-publish","format-standard","hentry","category-noticias","tag-propuestas-de-cgt"],"yoast_head":"<!-- This site is optimized with the Yoast SEO plugin v26.7 - https:\/\/yoast.com\/wordpress\/plugins\/seo\/ -->\n<title>CGT ENSE\u00d1ANZA ARAG\u00d3N-LA RIOJA EXIGE LA RETIRADA DE LA CAMPA\u00d1A DEL AYUNTAMIENTO DE ZARAGOZA CONTRA AGRESIONES SEXISTAS<\/title>\n<meta name=\"description\" content=\"El sindicato de Ense\u00f1anza CGT Arag\u00f3n-La Rioja, se une a las cr\u00edticas hacia la campa\u00f1a del Ayuntamiento de Zaragoza sobre agresiones sexistas y exige su\" \/>\n<meta name=\"robots\" content=\"index, follow, max-snippet:-1, max-image-preview:large, max-video-preview:-1\" \/>\n<link rel=\"canonical\" href=\"https:\/\/www.cgtaragonlarioja.org\/fedens\/cgt-ensenanza-aragon-la-rioja2338\/\" \/>\n<meta property=\"og:locale\" content=\"es_ES\" \/>\n<meta property=\"og:type\" content=\"article\" \/>\n<meta property=\"og:title\" content=\"CGT ENSE\u00d1ANZA ARAG\u00d3N-LA RIOJA EXIGE LA RETIRADA DE LA CAMPA\u00d1A DEL AYUNTAMIENTO DE ZARAGOZA CONTRA AGRESIONES SEXISTAS\" \/>\n<meta property=\"og:description\" content=\"El sindicato de Ense\u00f1anza CGT Arag\u00f3n-La Rioja, se une a las cr\u00edticas hacia la campa\u00f1a del Ayuntamiento de Zaragoza sobre agresiones sexistas y exige su\" \/>\n<meta property=\"og:url\" content=\"https:\/\/www.cgtaragonlarioja.org\/fedens\/cgt-ensenanza-aragon-la-rioja2338\/\" \/>\n<meta property=\"og:site_name\" content=\"CGT Arag\u00f3n - La Rioja. ENSE\u00d1ANZA\" \/>\n<meta property=\"article:publisher\" content=\"https:\/\/www.facebook.com\/CGTEnseAragon\/\" \/>\n<meta property=\"article:published_time\" content=\"2019-10-03T15:00:13+00:00\" \/>\n<meta property=\"article:modified_time\" content=\"2021-02-07T18:08:33+00:00\" \/>\n<meta name=\"twitter:card\" content=\"summary_large_image\" \/>\n<meta name=\"twitter:creator\" content=\"@CGTeduAragon\" \/>\n<meta name=\"twitter:site\" content=\"@CGTeduAragon\" \/>\n<meta name=\"twitter:label1\" content=\"Escrito por\" \/>\n\t<meta name=\"twitter:data1\" content=\"\" \/>\n\t<meta name=\"twitter:label2\" content=\"Tiempo de lectura\" \/>\n\t<meta name=\"twitter:data2\" content=\"1 minuto\" \/>\n<script type=\"application\/ld+json\" class=\"yoast-schema-graph\">{\"@context\":\"https:\/\/schema.org\",\"@graph\":[{\"@type\":\"Article\",\"@id\":\"https:\/\/www.cgtaragonlarioja.org\/fedens\/cgt-ensenanza-aragon-la-rioja2338\/#article\",\"isPartOf\":{\"@id\":\"https:\/\/www.cgtaragonlarioja.org\/fedens\/cgt-ensenanza-aragon-la-rioja2338\/\"},\"author\":{\"name\":\"\",\"@id\":\"\"},\"headline\":\"CGT ENSE\u00d1ANZA ARAG\u00d3N-LA RIOJA EXIGE LA RETIRADA DE LA CAMPA\u00d1A DEL AYUNTAMIENTO DE ZARAGOZA CONTRA AGRESIONES SEXISTAS\",\"datePublished\":\"2019-10-03T15:00:13+00:00\",\"dateModified\":\"2021-02-07T18:08:33+00:00\",\"mainEntityOfPage\":{\"@id\":\"https:\/\/www.cgtaragonlarioja.org\/fedens\/cgt-ensenanza-aragon-la-rioja2338\/\"},\"wordCount\":259,\"commentCount\":0,\"publisher\":{\"@id\":\"https:\/\/www.cgtaragonlarioja.org\/fedens\/#organization\"},\"keywords\":[\"Propuestas de CGT\"],\"articleSection\":[\"Noticias\"],\"inLanguage\":\"es\",\"potentialAction\":[{\"@type\":\"CommentAction\",\"name\":\"Comment\",\"target\":[\"https:\/\/www.cgtaragonlarioja.org\/fedens\/cgt-ensenanza-aragon-la-rioja2338\/#respond\"]}]},{\"@type\":\"WebPage\",\"@id\":\"https:\/\/www.cgtaragonlarioja.org\/fedens\/cgt-ensenanza-aragon-la-rioja2338\/\",\"url\":\"https:\/\/www.cgtaragonlarioja.org\/fedens\/cgt-ensenanza-aragon-la-rioja2338\/\",\"name\":\"CGT ENSE\u00d1ANZA ARAG\u00d3N-LA RIOJA EXIGE LA RETIRADA DE LA CAMPA\u00d1A DEL AYUNTAMIENTO DE ZARAGOZA CONTRA AGRESIONES SEXISTAS\",\"isPartOf\":{\"@id\":\"https:\/\/www.cgtaragonlarioja.org\/fedens\/#website\"},\"datePublished\":\"2019-10-03T15:00:13+00:00\",\"dateModified\":\"2021-02-07T18:08:33+00:00\",\"description\":\"El sindicato de Ense\u00f1anza CGT Arag\u00f3n-La Rioja, se une a las cr\u00edticas hacia la campa\u00f1a del Ayuntamiento de Zaragoza sobre agresiones sexistas y exige su\",\"breadcrumb\":{\"@id\":\"https:\/\/www.cgtaragonlarioja.org\/fedens\/cgt-ensenanza-aragon-la-rioja2338\/#breadcrumb\"},\"inLanguage\":\"es\",\"potentialAction\":[{\"@type\":\"ReadAction\",\"target\":[\"https:\/\/www.cgtaragonlarioja.org\/fedens\/cgt-ensenanza-aragon-la-rioja2338\/\"]}]},{\"@type\":\"BreadcrumbList\",\"@id\":\"https:\/\/www.cgtaragonlarioja.org\/fedens\/cgt-ensenanza-aragon-la-rioja2338\/#breadcrumb\",\"itemListElement\":[{\"@type\":\"ListItem\",\"position\":1,\"name\":\"Portada\",\"item\":\"https:\/\/www.cgtaragonlarioja.org\/fedens\/\"},{\"@type\":\"ListItem\",\"position\":2,\"name\":\"CGT ENSE\u00d1ANZA ARAG\u00d3N-LA RIOJA EXIGE LA RETIRADA DE LA CAMPA\u00d1A DEL AYUNTAMIENTO DE ZARAGOZA CONTRA AGRESIONES SEXISTAS\"}]},{\"@type\":\"WebSite\",\"@id\":\"https:\/\/www.cgtaragonlarioja.org\/fedens\/#website\",\"url\":\"https:\/\/www.cgtaragonlarioja.org\/fedens\/\",\"name\":\"CGT Arag\u00f3n - La Rioja. ENSE\u00d1ANZA\",\"description\":\"CONTACTAR: Calatayud-Aranda: 654897973 \/ Huesca: 974238404 \/ Teruel: 978619265 \/ Zaragoza: 976922002\",\"publisher\":{\"@id\":\"https:\/\/www.cgtaragonlarioja.org\/fedens\/#organization\"},\"potentialAction\":[{\"@type\":\"SearchAction\",\"target\":{\"@type\":\"EntryPoint\",\"urlTemplate\":\"https:\/\/www.cgtaragonlarioja.org\/fedens\/?s={search_term_string}\"},\"query-input\":{\"@type\":\"PropertyValueSpecification\",\"valueRequired\":true,\"valueName\":\"search_term_string\"}}],\"inLanguage\":\"es\"},{\"@type\":\"Organization\",\"@id\":\"https:\/\/www.cgtaragonlarioja.org\/fedens\/#organization\",\"name\":\"CGT Arag\u00f3n y La Rioja - Ense\u00f1anza\",\"url\":\"https:\/\/www.cgtaragonlarioja.org\/fedens\/\",\"logo\":{\"@type\":\"ImageObject\",\"inLanguage\":\"es\",\"@id\":\"https:\/\/www.cgtaragonlarioja.org\/fedens\/#\/schema\/logo\/image\/\",\"url\":\"https:\/\/www.cgtaragonlarioja.org\/fedens\/files\/2021\/02\/logo_cgt_ense_huesca_170x250.png\",\"contentUrl\":\"https:\/\/www.cgtaragonlarioja.org\/fedens\/files\/2021\/02\/logo_cgt_ense_huesca_170x250.png\",\"width\":170,\"height\":250,\"caption\":\"CGT Arag\u00f3n y La Rioja - Ense\u00f1anza\"},\"image\":{\"@id\":\"https:\/\/www.cgtaragonlarioja.org\/fedens\/#\/schema\/logo\/image\/\"},\"sameAs\":[\"https:\/\/www.facebook.com\/CGTEnseAragon\/\",\"https:\/\/x.com\/CGTeduAragon\"]},{\"@type\":\"Person\",\"@id\":\"\",\"url\":\"https:\/\/www.cgtaragonlarioja.org\/fedens\/author\/\"}]}<\/script>\n<!-- \/ Yoast SEO plugin. -->","yoast_head_json":{"title":"CGT ENSE\u00d1ANZA ARAG\u00d3N-LA RIOJA EXIGE LA RETIRADA DE LA CAMPA\u00d1A DEL AYUNTAMIENTO DE ZARAGOZA CONTRA AGRESIONES SEXISTAS","description":"El sindicato de Ense\u00f1anza CGT Arag\u00f3n-La Rioja, se une a las cr\u00edticas hacia la campa\u00f1a del Ayuntamiento de Zaragoza sobre agresiones sexistas y exige su","robots":{"index":"index","follow":"follow","max-snippet":"max-snippet:-1","max-image-preview":"max-image-preview:large","max-video-preview":"max-video-preview:-1"},"canonical":"https:\/\/www.cgtaragonlarioja.org\/fedens\/cgt-ensenanza-aragon-la-rioja2338\/","og_locale":"es_ES","og_type":"article","og_title":"CGT ENSE\u00d1ANZA ARAG\u00d3N-LA RIOJA EXIGE LA RETIRADA DE LA CAMPA\u00d1A DEL AYUNTAMIENTO DE ZARAGOZA CONTRA AGRESIONES SEXISTAS","og_description":"El sindicato de Ense\u00f1anza CGT Arag\u00f3n-La Rioja, se une a las cr\u00edticas hacia la campa\u00f1a del Ayuntamiento de Zaragoza sobre agresiones sexistas y exige su","og_url":"https:\/\/www.cgtaragonlarioja.org\/fedens\/cgt-ensenanza-aragon-la-rioja2338\/","og_site_name":"CGT Arag\u00f3n - La Rioja. ENSE\u00d1ANZA","article_publisher":"https:\/\/www.facebook.com\/CGTEnseAragon\/","article_published_time":"2019-10-03T15:00:13+00:00","article_modified_time":"2021-02-07T18:08:33+00:00","twitter_card":"summary_large_image","twitter_creator":"@CGTeduAragon","twitter_site":"@CGTeduAragon","twitter_misc":{"Escrito por":"","Tiempo de lectura":"1 minuto"},"schema":{"@context":"https:\/\/schema.org","@graph":[{"@type":"Article","@id":"https:\/\/www.cgtaragonlarioja.org\/fedens\/cgt-ensenanza-aragon-la-rioja2338\/#article","isPartOf":{"@id":"https:\/\/www.cgtaragonlarioja.org\/fedens\/cgt-ensenanza-aragon-la-rioja2338\/"},"author":{"name":"","@id":""},"headline":"CGT ENSE\u00d1ANZA ARAG\u00d3N-LA RIOJA EXIGE LA RETIRADA DE LA CAMPA\u00d1A DEL AYUNTAMIENTO DE ZARAGOZA CONTRA AGRESIONES SEXISTAS","datePublished":"2019-10-03T15:00:13+00:00","dateModified":"2021-02-07T18:08:33+00:00","mainEntityOfPage":{"@id":"https:\/\/www.cgtaragonlarioja.org\/fedens\/cgt-ensenanza-aragon-la-rioja2338\/"},"wordCount":259,"commentCount":0,"publisher":{"@id":"https:\/\/www.cgtaragonlarioja.org\/fedens\/#organization"},"keywords":["Propuestas de CGT"],"articleSection":["Noticias"],"inLanguage":"es","potentialAction":[{"@type":"CommentAction","name":"Comment","target":["https:\/\/www.cgtaragonlarioja.org\/fedens\/cgt-ensenanza-aragon-la-rioja2338\/#respond"]}]},{"@type":"WebPage","@id":"https:\/\/www.cgtaragonlarioja.org\/fedens\/cgt-ensenanza-aragon-la-rioja2338\/","url":"https:\/\/www.cgtaragonlarioja.org\/fedens\/cgt-ensenanza-aragon-la-rioja2338\/","name":"CGT ENSE\u00d1ANZA ARAG\u00d3N-LA RIOJA EXIGE LA RETIRADA DE LA CAMPA\u00d1A DEL AYUNTAMIENTO DE ZARAGOZA CONTRA AGRESIONES SEXISTAS","isPartOf":{"@id":"https:\/\/www.cgtaragonlarioja.org\/fedens\/#website"},"datePublished":"2019-10-03T15:00:13+00:00","dateModified":"2021-02-07T18:08:33+00:00","description":"El sindicato de Ense\u00f1anza CGT Arag\u00f3n-La Rioja, se une a las cr\u00edticas hacia la campa\u00f1a del Ayuntamiento de Zaragoza sobre agresiones sexistas y exige su","breadcrumb":{"@id":"https:\/\/www.cgtaragonlarioja.org\/fedens\/cgt-ensenanza-aragon-la-rioja2338\/#breadcrumb"},"inLanguage":"es","potentialAction":[{"@type":"ReadAction","target":["https:\/\/www.cgtaragonlarioja.org\/fedens\/cgt-ensenanza-aragon-la-rioja2338\/"]}]},{"@type":"BreadcrumbList","@id":"https:\/\/www.cgtaragonlarioja.org\/fedens\/cgt-ensenanza-aragon-la-rioja2338\/#breadcrumb","itemListElement":[{"@type":"ListItem","position":1,"name":"Portada","item":"https:\/\/www.cgtaragonlarioja.org\/fedens\/"},{"@type":"ListItem","position":2,"name":"CGT ENSE\u00d1ANZA ARAG\u00d3N-LA RIOJA EXIGE LA RETIRADA DE LA CAMPA\u00d1A DEL AYUNTAMIENTO DE ZARAGOZA CONTRA AGRESIONES SEXISTAS"}]},{"@type":"WebSite","@id":"https:\/\/www.cgtaragonlarioja.org\/fedens\/#website","url":"https:\/\/www.cgtaragonlarioja.org\/fedens\/","name":"CGT Arag\u00f3n - La Rioja. ENSE\u00d1ANZA","description":"CONTACTAR: Calatayud-Aranda: 654897973 \/ Huesca: 974238404 \/ Teruel: 978619265 \/ Zaragoza: 976922002","publisher":{"@id":"https:\/\/www.cgtaragonlarioja.org\/fedens\/#organization"},"potentialAction":[{"@type":"SearchAction","target":{"@type":"EntryPoint","urlTemplate":"https:\/\/www.cgtaragonlarioja.org\/fedens\/?s={search_term_string}"},"query-input":{"@type":"PropertyValueSpecification","valueRequired":true,"valueName":"search_term_string"}}],"inLanguage":"es"},{"@type":"Organization","@id":"https:\/\/www.cgtaragonlarioja.org\/fedens\/#organization","name":"CGT Arag\u00f3n y La Rioja - Ense\u00f1anza","url":"https:\/\/www.cgtaragonlarioja.org\/fedens\/","logo":{"@type":"ImageObject","inLanguage":"es","@id":"https:\/\/www.cgtaragonlarioja.org\/fedens\/#\/schema\/logo\/image\/","url":"https:\/\/www.cgtaragonlarioja.org\/fedens\/files\/2021\/02\/logo_cgt_ense_huesca_170x250.png","contentUrl":"https:\/\/www.cgtaragonlarioja.org\/fedens\/files\/2021\/02\/logo_cgt_ense_huesca_170x250.png","width":170,"height":250,"caption":"CGT Arag\u00f3n y La Rioja - Ense\u00f1anza"},"image":{"@id":"https:\/\/www.cgtaragonlarioja.org\/fedens\/#\/schema\/logo\/image\/"},"sameAs":["https:\/\/www.facebook.com\/CGTEnseAragon\/","https:\/\/x.com\/CGTeduAragon"]},{"@type":"Person","@id":"","url":"https:\/\/www.cgtaragonlarioja.org\/fedens\/author\/"}]}},"_links":{"self":[{"href":"https:\/\/www.cgtaragonlarioja.org\/fedens\/wp-json\/wp\/v2\/posts\/9718","targetHints":{"allow":["GET"]}}],"collection":[{"href":"https:\/\/www.cgtaragonlarioja.org\/fedens\/wp-json\/wp\/v2\/posts"}],"about":[{"href":"https:\/\/www.cgtaragonlarioja.org\/fedens\/wp-json\/wp\/v2\/types\/post"}],"author":[{"embeddable":true,"href":"https:\/\/www.cgtaragonlarioja.org\/fedens\/wp-json\/wp\/v2\/users\/485"}],"replies":[{"embeddable":true,"href":"https:\/\/www.cgtaragonlarioja.org\/fedens\/wp-json\/wp\/v2\/comments?post=9718"}],"version-history":[{"count":2,"href":"https:\/\/www.cgtaragonlarioja.org\/fedens\/wp-json\/wp\/v2\/posts\/9718\/revisions"}],"predecessor-version":[{"id":11239,"href":"https:\/\/www.cgtaragonlarioja.org\/fedens\/wp-json\/wp\/v2\/posts\/9718\/revisions\/11239"}],"wp:attachment":[{"href":"https:\/\/www.cgtaragonlarioja.org\/fedens\/wp-json\/wp\/v2\/media?parent=9718"}],"wp:term":[{"taxonomy":"category","embeddable":true,"href":"https:\/\/www.cgtaragonlarioja.org\/fedens\/wp-json\/wp\/v2\/categories?post=9718"},{"taxonomy":"post_tag","embeddable":true,"href":"https:\/\/www.cgtaragonlarioja.org\/fedens\/wp-json\/wp\/v2\/tags?post=9718"}],"curies":[{"name":"wp","href":"https:\/\/api.w.org\/{rel}","templated":true}]}}