{"id":9689,"date":"2019-07-23T12:43:04","date_gmt":"2019-07-23T10:43:04","guid":{"rendered":"https:\/\/www.cgtaragonlarioja.org\/fedens2\/noticias\/he-conseguido-plaza-y-ahora-que2322\/"},"modified":"2021-01-29T09:31:10","modified_gmt":"2021-01-29T08:31:10","slug":"he-conseguido-plaza-y-ahora-que2322","status":"publish","type":"post","link":"https:\/\/www.cgtaragonlarioja.org\/fedens\/he-conseguido-plaza-y-ahora-que2322\/","title":{"rendered":"He conseguido plaza, \u00bfy ahora qu\u00e9? &#8211; 2019"},"content":{"rendered":"Gu\u00eda de oposiciones en la que encontrar\u00e1s informaci\u00f3n sobre el nombramiento como funcionariado de pr\u00e1cticas, fase de realizaci\u00f3n de pr\u00e1cticas y consecuci\u00f3n de un destino definitivo.\n\n<em>Haz clic en la imagen<\/em>\n\n<figure id=\"attachment_9687\" aria-describedby=\"caption-attachment-9687\" style=\"width: 500px\" class=\"wp-caption aligncenter\"><a href=\"https:\/\/issuu.com\/cgteducacion\/docs\/presentacio_n_de_documentacio_n__1_\"><img loading=\"lazy\" decoding=\"async\" class=\" aligncenter size-full wp-image-9687\" src=\"https:\/\/www.cgtaragonlarioja.org\/fedens\/wp-content\/uploads\/sites\/2\/2019\/07\/1_GUIA-85bb3.jpg\" alt=\"Gu\u00c3\u00ada2019\" title=\"Gu\u00c3\u00ada2019\" class=\"caption\" align=\"center\" width=\"500\" height=\"708\" srcset=\"https:\/\/www.cgtaragonlarioja.org\/fedens\/files\/2019\/07\/1_GUIA-85bb3.jpg 500w, https:\/\/www.cgtaragonlarioja.org\/fedens\/files\/2019\/07\/1_GUIA-85bb3-212x300.jpg 212w\" sizes=\"auto, (max-width: 500px) 100vw, 500px\" \/><\/a><figcaption id=\"caption-attachment-9687\" class=\"wp-caption-text\">Gu\u00c3\u00ada2019<\/figcaption><\/figure>\n\nPuedes descargarte la gu\u00eda en pdf\n\n<a href=\"https:\/\/www.cgtaragonlarioja.org\/fedens\/wp-content\/uploads\/sites\/2\/2019\/07\/PRESENTACIO_N_DE_DOCUMENTACIO_N_1_.pdf\">Gu\u00c3\u00ada2019<\/a>\n\n\n\n\n<div id='gallery-1' class='gallery galleryid-9689 gallery-columns-3 gallery-size-thumbnail'><figure class='gallery-item'>\n\t\t\t<div class='gallery-icon portrait'>\n\t\t\t\t<a href='https:\/\/www.cgtaragonlarioja.org\/fedens\/files\/2019\/07\/1_GUIA-85bb3.jpg'><img loading=\"lazy\" decoding=\"async\" width=\"150\" height=\"150\" src=\"https:\/\/www.cgtaragonlarioja.org\/fedens\/files\/2019\/07\/1_GUIA-85bb3-150x150.jpg\" class=\"attachment-thumbnail size-thumbnail\" alt=\"Gu\u00c3\u00ada2019\" aria-describedby=\"gallery-1-9687\" \/><\/a>\n\t\t\t<\/div>\n\t\t\t\t<figcaption class='wp-caption-text gallery-caption' id='gallery-1-9687'>\n\t\t\t\tGu\u00c3\u00ada2019\n\t\t\t\t<\/figcaption><\/figure>\n\t\t<\/div>\n\n<h2 class=\"wp-block-heading\">Attached documents<\/h2>\n\n\n\n<div class=\"wp-block-file\"><a href=\"https:\/\/www.cgtaragonlarioja.org\/fedens\/wp-content\/uploads\/sites\/2\/2019\/07\/PRESENTACIO_N_DE_DOCUMENTACIO_N_1_.pdf\">Gu\u00c3\u00ada2019<\/a><\/div>\n\n\n","protected":false},"excerpt":{"rendered":"<p>Gu\u00eda de oposiciones en la que encontrar\u00e1s informaci\u00f3n sobre el nombramiento como funcionariado de pr\u00e1cticas,<\/p>\n","protected":false},"author":485,"featured_media":9687,"comment_status":"open","ping_status":"open","sticky":false,"template":"","format":"standard","meta":{"footnotes":""},"categories":[480],"tags":[532],"class_list":["post-9689","post","type-post","status-publish","format-standard","has-post-thumbnail","hentry","category-noticias","tag-oposiciones"],"yoast_head":"<!-- This site is optimized with the Yoast SEO plugin v26.7 - https:\/\/yoast.com\/wordpress\/plugins\/seo\/ -->\n<title>He conseguido plaza, \u00bfy ahora qu\u00e9? - 2019<\/title>\n<meta name=\"description\" content=\"Gu\u00eda de oposiciones en la que encontrar\u00e1s informaci\u00f3n sobre el nombramiento como funcionariado de pr\u00e1cticas, fase de realizaci\u00f3n de pr\u00e1cticas y\" \/>\n<meta name=\"robots\" content=\"index, follow, max-snippet:-1, max-image-preview:large, max-video-preview:-1\" \/>\n<link rel=\"canonical\" href=\"https:\/\/www.cgtaragonlarioja.org\/fedens\/he-conseguido-plaza-y-ahora-que2322\/\" \/>\n<meta property=\"og:locale\" content=\"es_ES\" \/>\n<meta property=\"og:type\" content=\"article\" \/>\n<meta property=\"og:title\" content=\"He conseguido plaza, \u00bfy ahora qu\u00e9? - 2019\" \/>\n<meta property=\"og:description\" content=\"Gu\u00eda de oposiciones en la que encontrar\u00e1s informaci\u00f3n sobre el nombramiento como funcionariado de pr\u00e1cticas, fase de realizaci\u00f3n de pr\u00e1cticas y\" \/>\n<meta property=\"og:url\" content=\"https:\/\/www.cgtaragonlarioja.org\/fedens\/he-conseguido-plaza-y-ahora-que2322\/\" \/>\n<meta property=\"og:site_name\" content=\"CGT Arag\u00f3n - La Rioja. ENSE\u00d1ANZA\" \/>\n<meta property=\"article:publisher\" content=\"https:\/\/www.facebook.com\/CGTEnseAragon\/\" \/>\n<meta property=\"article:published_time\" content=\"2019-07-23T10:43:04+00:00\" \/>\n<meta property=\"article:modified_time\" content=\"2021-01-29T08:31:10+00:00\" \/>\n<meta property=\"og:image\" content=\"https:\/\/www.cgtaragonlarioja.org\/fedens\/files\/2019\/07\/1_GUIA-85bb3.jpg\" \/>\n\t<meta property=\"og:image:width\" content=\"500\" \/>\n\t<meta property=\"og:image:height\" content=\"708\" \/>\n\t<meta property=\"og:image:type\" content=\"image\/jpeg\" \/>\n<meta name=\"twitter:card\" content=\"summary_large_image\" \/>\n<meta name=\"twitter:creator\" content=\"@CGTeduAragon\" \/>\n<meta name=\"twitter:site\" content=\"@CGTeduAragon\" \/>\n<meta name=\"twitter:label1\" content=\"Escrito por\" \/>\n\t<meta name=\"twitter:data1\" content=\"\" \/>\n<script type=\"application\/ld+json\" class=\"yoast-schema-graph\">{\"@context\":\"https:\/\/schema.org\",\"@graph\":[{\"@type\":\"Article\",\"@id\":\"https:\/\/www.cgtaragonlarioja.org\/fedens\/he-conseguido-plaza-y-ahora-que2322\/#article\",\"isPartOf\":{\"@id\":\"https:\/\/www.cgtaragonlarioja.org\/fedens\/he-conseguido-plaza-y-ahora-que2322\/\"},\"author\":{\"name\":\"\",\"@id\":\"\"},\"headline\":\"He conseguido plaza, \u00bfy ahora qu\u00e9? &#8211; 2019\",\"datePublished\":\"2019-07-23T10:43:04+00:00\",\"dateModified\":\"2021-01-29T08:31:10+00:00\",\"mainEntityOfPage\":{\"@id\":\"https:\/\/www.cgtaragonlarioja.org\/fedens\/he-conseguido-plaza-y-ahora-que2322\/\"},\"wordCount\":71,\"commentCount\":0,\"publisher\":{\"@id\":\"https:\/\/www.cgtaragonlarioja.org\/fedens\/#organization\"},\"image\":{\"@id\":\"https:\/\/www.cgtaragonlarioja.org\/fedens\/he-conseguido-plaza-y-ahora-que2322\/#primaryimage\"},\"thumbnailUrl\":\"https:\/\/www.cgtaragonlarioja.org\/fedens\/files\/2019\/07\/1_GUIA-85bb3.jpg\",\"keywords\":[\"Oposiciones\"],\"articleSection\":[\"Noticias\"],\"inLanguage\":\"es\",\"potentialAction\":[{\"@type\":\"CommentAction\",\"name\":\"Comment\",\"target\":[\"https:\/\/www.cgtaragonlarioja.org\/fedens\/he-conseguido-plaza-y-ahora-que2322\/#respond\"]}]},{\"@type\":\"WebPage\",\"@id\":\"https:\/\/www.cgtaragonlarioja.org\/fedens\/he-conseguido-plaza-y-ahora-que2322\/\",\"url\":\"https:\/\/www.cgtaragonlarioja.org\/fedens\/he-conseguido-plaza-y-ahora-que2322\/\",\"name\":\"He conseguido plaza, \u00bfy ahora qu\u00e9? - 2019\",\"isPartOf\":{\"@id\":\"https:\/\/www.cgtaragonlarioja.org\/fedens\/#website\"},\"primaryImageOfPage\":{\"@id\":\"https:\/\/www.cgtaragonlarioja.org\/fedens\/he-conseguido-plaza-y-ahora-que2322\/#primaryimage\"},\"image\":{\"@id\":\"https:\/\/www.cgtaragonlarioja.org\/fedens\/he-conseguido-plaza-y-ahora-que2322\/#primaryimage\"},\"thumbnailUrl\":\"https:\/\/www.cgtaragonlarioja.org\/fedens\/files\/2019\/07\/1_GUIA-85bb3.jpg\",\"datePublished\":\"2019-07-23T10:43:04+00:00\",\"dateModified\":\"2021-01-29T08:31:10+00:00\",\"description\":\"Gu\u00eda de oposiciones en la que encontrar\u00e1s informaci\u00f3n sobre el nombramiento como funcionariado de pr\u00e1cticas, fase de realizaci\u00f3n de pr\u00e1cticas y\",\"breadcrumb\":{\"@id\":\"https:\/\/www.cgtaragonlarioja.org\/fedens\/he-conseguido-plaza-y-ahora-que2322\/#breadcrumb\"},\"inLanguage\":\"es\",\"potentialAction\":[{\"@type\":\"ReadAction\",\"target\":[\"https:\/\/www.cgtaragonlarioja.org\/fedens\/he-conseguido-plaza-y-ahora-que2322\/\"]}]},{\"@type\":\"ImageObject\",\"inLanguage\":\"es\",\"@id\":\"https:\/\/www.cgtaragonlarioja.org\/fedens\/he-conseguido-plaza-y-ahora-que2322\/#primaryimage\",\"url\":\"https:\/\/www.cgtaragonlarioja.org\/fedens\/files\/2019\/07\/1_GUIA-85bb3.jpg\",\"contentUrl\":\"https:\/\/www.cgtaragonlarioja.org\/fedens\/files\/2019\/07\/1_GUIA-85bb3.jpg\",\"width\":500,\"height\":708,\"caption\":\"Gu\u00c3\u00ada2019\"},{\"@type\":\"BreadcrumbList\",\"@id\":\"https:\/\/www.cgtaragonlarioja.org\/fedens\/he-conseguido-plaza-y-ahora-que2322\/#breadcrumb\",\"itemListElement\":[{\"@type\":\"ListItem\",\"position\":1,\"name\":\"Portada\",\"item\":\"https:\/\/www.cgtaragonlarioja.org\/fedens\/\"},{\"@type\":\"ListItem\",\"position\":2,\"name\":\"He conseguido plaza, \u00bfy ahora qu\u00e9? &#8211; 2019\"}]},{\"@type\":\"WebSite\",\"@id\":\"https:\/\/www.cgtaragonlarioja.org\/fedens\/#website\",\"url\":\"https:\/\/www.cgtaragonlarioja.org\/fedens\/\",\"name\":\"CGT Arag\u00f3n - La Rioja. ENSE\u00d1ANZA\",\"description\":\"CONTACTAR: Calatayud-Aranda: 654897973 \/ Huesca: 974238404 \/ Teruel: 978619265 \/ Zaragoza: 976922002\",\"publisher\":{\"@id\":\"https:\/\/www.cgtaragonlarioja.org\/fedens\/#organization\"},\"potentialAction\":[{\"@type\":\"SearchAction\",\"target\":{\"@type\":\"EntryPoint\",\"urlTemplate\":\"https:\/\/www.cgtaragonlarioja.org\/fedens\/?s={search_term_string}\"},\"query-input\":{\"@type\":\"PropertyValueSpecification\",\"valueRequired\":true,\"valueName\":\"search_term_string\"}}],\"inLanguage\":\"es\"},{\"@type\":\"Organization\",\"@id\":\"https:\/\/www.cgtaragonlarioja.org\/fedens\/#organization\",\"name\":\"CGT Arag\u00f3n y La Rioja - Ense\u00f1anza\",\"url\":\"https:\/\/www.cgtaragonlarioja.org\/fedens\/\",\"logo\":{\"@type\":\"ImageObject\",\"inLanguage\":\"es\",\"@id\":\"https:\/\/www.cgtaragonlarioja.org\/fedens\/#\/schema\/logo\/image\/\",\"url\":\"https:\/\/www.cgtaragonlarioja.org\/fedens\/files\/2021\/02\/logo_cgt_ense_huesca_170x250.png\",\"contentUrl\":\"https:\/\/www.cgtaragonlarioja.org\/fedens\/files\/2021\/02\/logo_cgt_ense_huesca_170x250.png\",\"width\":170,\"height\":250,\"caption\":\"CGT Arag\u00f3n y La Rioja - Ense\u00f1anza\"},\"image\":{\"@id\":\"https:\/\/www.cgtaragonlarioja.org\/fedens\/#\/schema\/logo\/image\/\"},\"sameAs\":[\"https:\/\/www.facebook.com\/CGTEnseAragon\/\",\"https:\/\/x.com\/CGTeduAragon\"]},{\"@type\":\"Person\",\"@id\":\"\",\"url\":\"https:\/\/www.cgtaragonlarioja.org\/fedens\/author\/\"}]}<\/script>\n<!-- \/ Yoast SEO plugin. -->","yoast_head_json":{"title":"He conseguido plaza, \u00bfy ahora qu\u00e9? - 2019","description":"Gu\u00eda de oposiciones en la que encontrar\u00e1s informaci\u00f3n sobre el nombramiento como funcionariado de pr\u00e1cticas, fase de realizaci\u00f3n de pr\u00e1cticas y","robots":{"index":"index","follow":"follow","max-snippet":"max-snippet:-1","max-image-preview":"max-image-preview:large","max-video-preview":"max-video-preview:-1"},"canonical":"https:\/\/www.cgtaragonlarioja.org\/fedens\/he-conseguido-plaza-y-ahora-que2322\/","og_locale":"es_ES","og_type":"article","og_title":"He conseguido plaza, \u00bfy ahora qu\u00e9? - 2019","og_description":"Gu\u00eda de oposiciones en la que encontrar\u00e1s informaci\u00f3n sobre el nombramiento como funcionariado de pr\u00e1cticas, fase de realizaci\u00f3n de pr\u00e1cticas y","og_url":"https:\/\/www.cgtaragonlarioja.org\/fedens\/he-conseguido-plaza-y-ahora-que2322\/","og_site_name":"CGT Arag\u00f3n - La Rioja. ENSE\u00d1ANZA","article_publisher":"https:\/\/www.facebook.com\/CGTEnseAragon\/","article_published_time":"2019-07-23T10:43:04+00:00","article_modified_time":"2021-01-29T08:31:10+00:00","og_image":[{"width":500,"height":708,"url":"https:\/\/www.cgtaragonlarioja.org\/fedens\/files\/2019\/07\/1_GUIA-85bb3.jpg","type":"image\/jpeg"}],"twitter_card":"summary_large_image","twitter_creator":"@CGTeduAragon","twitter_site":"@CGTeduAragon","twitter_misc":{"Escrito por":""},"schema":{"@context":"https:\/\/schema.org","@graph":[{"@type":"Article","@id":"https:\/\/www.cgtaragonlarioja.org\/fedens\/he-conseguido-plaza-y-ahora-que2322\/#article","isPartOf":{"@id":"https:\/\/www.cgtaragonlarioja.org\/fedens\/he-conseguido-plaza-y-ahora-que2322\/"},"author":{"name":"","@id":""},"headline":"He conseguido plaza, \u00bfy ahora qu\u00e9? &#8211; 2019","datePublished":"2019-07-23T10:43:04+00:00","dateModified":"2021-01-29T08:31:10+00:00","mainEntityOfPage":{"@id":"https:\/\/www.cgtaragonlarioja.org\/fedens\/he-conseguido-plaza-y-ahora-que2322\/"},"wordCount":71,"commentCount":0,"publisher":{"@id":"https:\/\/www.cgtaragonlarioja.org\/fedens\/#organization"},"image":{"@id":"https:\/\/www.cgtaragonlarioja.org\/fedens\/he-conseguido-plaza-y-ahora-que2322\/#primaryimage"},"thumbnailUrl":"https:\/\/www.cgtaragonlarioja.org\/fedens\/files\/2019\/07\/1_GUIA-85bb3.jpg","keywords":["Oposiciones"],"articleSection":["Noticias"],"inLanguage":"es","potentialAction":[{"@type":"CommentAction","name":"Comment","target":["https:\/\/www.cgtaragonlarioja.org\/fedens\/he-conseguido-plaza-y-ahora-que2322\/#respond"]}]},{"@type":"WebPage","@id":"https:\/\/www.cgtaragonlarioja.org\/fedens\/he-conseguido-plaza-y-ahora-que2322\/","url":"https:\/\/www.cgtaragonlarioja.org\/fedens\/he-conseguido-plaza-y-ahora-que2322\/","name":"He conseguido plaza, \u00bfy ahora qu\u00e9? - 2019","isPartOf":{"@id":"https:\/\/www.cgtaragonlarioja.org\/fedens\/#website"},"primaryImageOfPage":{"@id":"https:\/\/www.cgtaragonlarioja.org\/fedens\/he-conseguido-plaza-y-ahora-que2322\/#primaryimage"},"image":{"@id":"https:\/\/www.cgtaragonlarioja.org\/fedens\/he-conseguido-plaza-y-ahora-que2322\/#primaryimage"},"thumbnailUrl":"https:\/\/www.cgtaragonlarioja.org\/fedens\/files\/2019\/07\/1_GUIA-85bb3.jpg","datePublished":"2019-07-23T10:43:04+00:00","dateModified":"2021-01-29T08:31:10+00:00","description":"Gu\u00eda de oposiciones en la que encontrar\u00e1s informaci\u00f3n sobre el nombramiento como funcionariado de pr\u00e1cticas, fase de realizaci\u00f3n de pr\u00e1cticas y","breadcrumb":{"@id":"https:\/\/www.cgtaragonlarioja.org\/fedens\/he-conseguido-plaza-y-ahora-que2322\/#breadcrumb"},"inLanguage":"es","potentialAction":[{"@type":"ReadAction","target":["https:\/\/www.cgtaragonlarioja.org\/fedens\/he-conseguido-plaza-y-ahora-que2322\/"]}]},{"@type":"ImageObject","inLanguage":"es","@id":"https:\/\/www.cgtaragonlarioja.org\/fedens\/he-conseguido-plaza-y-ahora-que2322\/#primaryimage","url":"https:\/\/www.cgtaragonlarioja.org\/fedens\/files\/2019\/07\/1_GUIA-85bb3.jpg","contentUrl":"https:\/\/www.cgtaragonlarioja.org\/fedens\/files\/2019\/07\/1_GUIA-85bb3.jpg","width":500,"height":708,"caption":"Gu\u00c3\u00ada2019"},{"@type":"BreadcrumbList","@id":"https:\/\/www.cgtaragonlarioja.org\/fedens\/he-conseguido-plaza-y-ahora-que2322\/#breadcrumb","itemListElement":[{"@type":"ListItem","position":1,"name":"Portada","item":"https:\/\/www.cgtaragonlarioja.org\/fedens\/"},{"@type":"ListItem","position":2,"name":"He conseguido plaza, \u00bfy ahora qu\u00e9? &#8211; 2019"}]},{"@type":"WebSite","@id":"https:\/\/www.cgtaragonlarioja.org\/fedens\/#website","url":"https:\/\/www.cgtaragonlarioja.org\/fedens\/","name":"CGT Arag\u00f3n - La Rioja. ENSE\u00d1ANZA","description":"CONTACTAR: Calatayud-Aranda: 654897973 \/ Huesca: 974238404 \/ Teruel: 978619265 \/ Zaragoza: 976922002","publisher":{"@id":"https:\/\/www.cgtaragonlarioja.org\/fedens\/#organization"},"potentialAction":[{"@type":"SearchAction","target":{"@type":"EntryPoint","urlTemplate":"https:\/\/www.cgtaragonlarioja.org\/fedens\/?s={search_term_string}"},"query-input":{"@type":"PropertyValueSpecification","valueRequired":true,"valueName":"search_term_string"}}],"inLanguage":"es"},{"@type":"Organization","@id":"https:\/\/www.cgtaragonlarioja.org\/fedens\/#organization","name":"CGT Arag\u00f3n y La Rioja - Ense\u00f1anza","url":"https:\/\/www.cgtaragonlarioja.org\/fedens\/","logo":{"@type":"ImageObject","inLanguage":"es","@id":"https:\/\/www.cgtaragonlarioja.org\/fedens\/#\/schema\/logo\/image\/","url":"https:\/\/www.cgtaragonlarioja.org\/fedens\/files\/2021\/02\/logo_cgt_ense_huesca_170x250.png","contentUrl":"https:\/\/www.cgtaragonlarioja.org\/fedens\/files\/2021\/02\/logo_cgt_ense_huesca_170x250.png","width":170,"height":250,"caption":"CGT Arag\u00f3n y La Rioja - Ense\u00f1anza"},"image":{"@id":"https:\/\/www.cgtaragonlarioja.org\/fedens\/#\/schema\/logo\/image\/"},"sameAs":["https:\/\/www.facebook.com\/CGTEnseAragon\/","https:\/\/x.com\/CGTeduAragon"]},{"@type":"Person","@id":"","url":"https:\/\/www.cgtaragonlarioja.org\/fedens\/author\/"}]}},"_links":{"self":[{"href":"https:\/\/www.cgtaragonlarioja.org\/fedens\/wp-json\/wp\/v2\/posts\/9689","targetHints":{"allow":["GET"]}}],"collection":[{"href":"https:\/\/www.cgtaragonlarioja.org\/fedens\/wp-json\/wp\/v2\/posts"}],"about":[{"href":"https:\/\/www.cgtaragonlarioja.org\/fedens\/wp-json\/wp\/v2\/types\/post"}],"author":[{"embeddable":true,"href":"https:\/\/www.cgtaragonlarioja.org\/fedens\/wp-json\/wp\/v2\/users\/485"}],"replies":[{"embeddable":true,"href":"https:\/\/www.cgtaragonlarioja.org\/fedens\/wp-json\/wp\/v2\/comments?post=9689"}],"version-history":[{"count":2,"href":"https:\/\/www.cgtaragonlarioja.org\/fedens\/wp-json\/wp\/v2\/posts\/9689\/revisions"}],"predecessor-version":[{"id":9692,"href":"https:\/\/www.cgtaragonlarioja.org\/fedens\/wp-json\/wp\/v2\/posts\/9689\/revisions\/9692"}],"wp:featuredmedia":[{"embeddable":true,"href":"https:\/\/www.cgtaragonlarioja.org\/fedens\/wp-json\/wp\/v2\/media\/9687"}],"wp:attachment":[{"href":"https:\/\/www.cgtaragonlarioja.org\/fedens\/wp-json\/wp\/v2\/media?parent=9689"}],"wp:term":[{"taxonomy":"category","embeddable":true,"href":"https:\/\/www.cgtaragonlarioja.org\/fedens\/wp-json\/wp\/v2\/categories?post=9689"},{"taxonomy":"post_tag","embeddable":true,"href":"https:\/\/www.cgtaragonlarioja.org\/fedens\/wp-json\/wp\/v2\/tags?post=9689"}],"curies":[{"name":"wp","href":"https:\/\/api.w.org\/{rel}","templated":true}]}}