{"id":8244,"date":"2015-11-17T18:48:37","date_gmt":"2015-11-17T17:48:37","guid":{"rendered":"https:\/\/www.cgtaragonlarioja.org\/fedens2\/noticias\/cgt-consigue-un-nuevo-avance-en-el\/"},"modified":"2015-11-17T18:48:37","modified_gmt":"2015-11-17T17:48:37","slug":"cgt-consigue-un-nuevo-avance-en-el","status":"publish","type":"post","link":"https:\/\/www.cgtaragonlarioja.org\/fedens\/cgt-consigue-un-nuevo-avance-en-el\/","title":{"rendered":"CGT consigue un nuevo avance en el reconocimiento del derecho del personal interino a percibir los sexenios."},"content":{"rendered":"<p>Os informamos que el proceso, gestionado por CGT, de reclamaci\u00f3n del derecho a percibir los sexenios por parte del personal interino va por buen camino. Como sabr\u00e9is hace unos meses un compa\u00f1ero interino de CGT Ense\u00f1anza Zaragoza gan\u00f3 con <a href=\"http:\/\/cgtfedens.com\/cgt-ensenanza-consigue-el-pago-de\">sentencia firme<\/a> el reconocimiento de su derecho a percibir el complemento de formaci\u00f3n de los sexenios, as\u00ed como a percibir lo que deber\u00eda haber cobrado en los \u00faltimos 4 a\u00f1os por este concepto. <\/p>\n<p>A ra\u00edz de ello <a href=\"http:\/\/cgtfedens.com\/reclamacion-sexenios-de-las-y-los\">CGT Ense\u00f1anza ha gestionado<\/a> la demanda de m\u00e1s de 100 docentes que han pedido la extensi\u00f3n de la citada sentencia. <\/p>\n<p>Pues bien, las primeras resoluciones a estas demandas de extensi\u00f3n han sido estimadas. Lamentablemente el juzgado no nos permiti\u00f3 presentar todas de golpe, por lo que se han ido presentando gradualmente, por lo que las resoluciones ir\u00e1n llegando tambi\u00e9n de manera gradual, pero es de esperar que todas vayan en la misma l\u00ednea. <\/p>\n<p>Al margen del reconocimiento individual del derecho para estas personas, estas estimaciones suponen un nuevo paso importante de cara a que la administraci\u00f3n reconozca de oficio este derecho del personal interino. No hay excusas, la administraci\u00f3n debe atender los posicionamientos judiciales, y dejar de obligar a los y las docentes a acudir a los juzgados para que sus derechos sean reconocidos.<\/p>\n<p>CGT exige el reconocimiento de oficio de este derecho, as\u00ed como el de la contrataci\u00f3n del 1 de septiembre al 31 de agosto para el funcionariado interino. <\/p>\n","protected":false},"excerpt":{"rendered":"<p>Os informamos que el proceso, gestionado por CGT, de reclamaci\u00f3n del derecho a percibir los<\/p>\n","protected":false},"author":492,"featured_media":0,"comment_status":"open","ping_status":"open","sticky":false,"template":"","format":"standard","meta":{"footnotes":""},"categories":[480],"tags":[536],"class_list":["post-8244","post","type-post","status-publish","format-standard","hentry","category-noticias","tag-recursos-juridicos"],"yoast_head":"<!-- This site is optimized with the Yoast SEO plugin v26.7 - https:\/\/yoast.com\/wordpress\/plugins\/seo\/ -->\n<title>CGT consigue un nuevo avance en el reconocimiento del derecho del personal interino a percibir los sexenios.<\/title>\n<meta name=\"description\" content=\"Os informamos que el proceso, gestionado por CGT, de reclamaci\u00f3n del derecho a percibir los sexenios por parte del personal interino va por buen camino.\" \/>\n<meta name=\"robots\" content=\"index, follow, max-snippet:-1, max-image-preview:large, max-video-preview:-1\" \/>\n<link rel=\"canonical\" href=\"https:\/\/www.cgtaragonlarioja.org\/fedens\/cgt-consigue-un-nuevo-avance-en-el\/\" \/>\n<meta property=\"og:locale\" content=\"es_ES\" \/>\n<meta property=\"og:type\" content=\"article\" \/>\n<meta property=\"og:title\" content=\"CGT consigue un nuevo avance en el reconocimiento del derecho del personal interino a percibir los sexenios.\" \/>\n<meta property=\"og:description\" content=\"Os informamos que el proceso, gestionado por CGT, de reclamaci\u00f3n del derecho a percibir los sexenios por parte del personal interino va por buen camino.\" \/>\n<meta property=\"og:url\" content=\"https:\/\/www.cgtaragonlarioja.org\/fedens\/cgt-consigue-un-nuevo-avance-en-el\/\" \/>\n<meta property=\"og:site_name\" content=\"CGT Arag\u00f3n - La Rioja. ENSE\u00d1ANZA\" \/>\n<meta property=\"article:publisher\" content=\"https:\/\/www.facebook.com\/CGTEnseAragon\/\" \/>\n<meta property=\"article:published_time\" content=\"2015-11-17T17:48:37+00:00\" \/>\n<meta name=\"twitter:card\" content=\"summary_large_image\" \/>\n<meta name=\"twitter:creator\" content=\"@CGTeduAragon\" \/>\n<meta name=\"twitter:site\" content=\"@CGTeduAragon\" \/>\n<meta name=\"twitter:label1\" content=\"Escrito por\" \/>\n\t<meta name=\"twitter:data1\" content=\"\" \/>\n\t<meta name=\"twitter:label2\" content=\"Tiempo de lectura\" \/>\n\t<meta name=\"twitter:data2\" content=\"1 minuto\" \/>\n<script type=\"application\/ld+json\" class=\"yoast-schema-graph\">{\"@context\":\"https:\/\/schema.org\",\"@graph\":[{\"@type\":\"Article\",\"@id\":\"https:\/\/www.cgtaragonlarioja.org\/fedens\/cgt-consigue-un-nuevo-avance-en-el\/#article\",\"isPartOf\":{\"@id\":\"https:\/\/www.cgtaragonlarioja.org\/fedens\/cgt-consigue-un-nuevo-avance-en-el\/\"},\"author\":{\"name\":\"\",\"@id\":\"\"},\"headline\":\"CGT consigue un nuevo avance en el reconocimiento del derecho del personal interino a percibir los sexenios.\",\"datePublished\":\"2015-11-17T17:48:37+00:00\",\"mainEntityOfPage\":{\"@id\":\"https:\/\/www.cgtaragonlarioja.org\/fedens\/cgt-consigue-un-nuevo-avance-en-el\/\"},\"wordCount\":268,\"commentCount\":0,\"publisher\":{\"@id\":\"https:\/\/www.cgtaragonlarioja.org\/fedens\/#organization\"},\"keywords\":[\"Recursos jur\u00eddicos\"],\"articleSection\":[\"Noticias\"],\"inLanguage\":\"es\",\"potentialAction\":[{\"@type\":\"CommentAction\",\"name\":\"Comment\",\"target\":[\"https:\/\/www.cgtaragonlarioja.org\/fedens\/cgt-consigue-un-nuevo-avance-en-el\/#respond\"]}]},{\"@type\":\"WebPage\",\"@id\":\"https:\/\/www.cgtaragonlarioja.org\/fedens\/cgt-consigue-un-nuevo-avance-en-el\/\",\"url\":\"https:\/\/www.cgtaragonlarioja.org\/fedens\/cgt-consigue-un-nuevo-avance-en-el\/\",\"name\":\"CGT consigue un nuevo avance en el reconocimiento del derecho del personal interino a percibir los sexenios.\",\"isPartOf\":{\"@id\":\"https:\/\/www.cgtaragonlarioja.org\/fedens\/#website\"},\"datePublished\":\"2015-11-17T17:48:37+00:00\",\"description\":\"Os informamos que el proceso, gestionado por CGT, de reclamaci\u00f3n del derecho a percibir los sexenios por parte del personal interino va por buen camino.\",\"breadcrumb\":{\"@id\":\"https:\/\/www.cgtaragonlarioja.org\/fedens\/cgt-consigue-un-nuevo-avance-en-el\/#breadcrumb\"},\"inLanguage\":\"es\",\"potentialAction\":[{\"@type\":\"ReadAction\",\"target\":[\"https:\/\/www.cgtaragonlarioja.org\/fedens\/cgt-consigue-un-nuevo-avance-en-el\/\"]}]},{\"@type\":\"BreadcrumbList\",\"@id\":\"https:\/\/www.cgtaragonlarioja.org\/fedens\/cgt-consigue-un-nuevo-avance-en-el\/#breadcrumb\",\"itemListElement\":[{\"@type\":\"ListItem\",\"position\":1,\"name\":\"Portada\",\"item\":\"https:\/\/www.cgtaragonlarioja.org\/fedens\/\"},{\"@type\":\"ListItem\",\"position\":2,\"name\":\"CGT consigue un nuevo avance en el reconocimiento del derecho del personal interino a percibir los sexenios.\"}]},{\"@type\":\"WebSite\",\"@id\":\"https:\/\/www.cgtaragonlarioja.org\/fedens\/#website\",\"url\":\"https:\/\/www.cgtaragonlarioja.org\/fedens\/\",\"name\":\"CGT Arag\u00f3n - La Rioja. ENSE\u00d1ANZA\",\"description\":\"CONTACTAR: Calatayud-Aranda: 654897973 \/ Huesca: 974238404 \/ Teruel: 978619265 \/ Zaragoza: 976922002\",\"publisher\":{\"@id\":\"https:\/\/www.cgtaragonlarioja.org\/fedens\/#organization\"},\"potentialAction\":[{\"@type\":\"SearchAction\",\"target\":{\"@type\":\"EntryPoint\",\"urlTemplate\":\"https:\/\/www.cgtaragonlarioja.org\/fedens\/?s={search_term_string}\"},\"query-input\":{\"@type\":\"PropertyValueSpecification\",\"valueRequired\":true,\"valueName\":\"search_term_string\"}}],\"inLanguage\":\"es\"},{\"@type\":\"Organization\",\"@id\":\"https:\/\/www.cgtaragonlarioja.org\/fedens\/#organization\",\"name\":\"CGT Arag\u00f3n y La Rioja - Ense\u00f1anza\",\"url\":\"https:\/\/www.cgtaragonlarioja.org\/fedens\/\",\"logo\":{\"@type\":\"ImageObject\",\"inLanguage\":\"es\",\"@id\":\"https:\/\/www.cgtaragonlarioja.org\/fedens\/#\/schema\/logo\/image\/\",\"url\":\"https:\/\/www.cgtaragonlarioja.org\/fedens\/files\/2021\/02\/logo_cgt_ense_huesca_170x250.png\",\"contentUrl\":\"https:\/\/www.cgtaragonlarioja.org\/fedens\/files\/2021\/02\/logo_cgt_ense_huesca_170x250.png\",\"width\":170,\"height\":250,\"caption\":\"CGT Arag\u00f3n y La Rioja - Ense\u00f1anza\"},\"image\":{\"@id\":\"https:\/\/www.cgtaragonlarioja.org\/fedens\/#\/schema\/logo\/image\/\"},\"sameAs\":[\"https:\/\/www.facebook.com\/CGTEnseAragon\/\",\"https:\/\/x.com\/CGTeduAragon\"]},{\"@type\":\"Person\",\"@id\":\"\",\"url\":\"https:\/\/www.cgtaragonlarioja.org\/fedens\/author\/\"}]}<\/script>\n<!-- \/ Yoast SEO plugin. -->","yoast_head_json":{"title":"CGT consigue un nuevo avance en el reconocimiento del derecho del personal interino a percibir los sexenios.","description":"Os informamos que el proceso, gestionado por CGT, de reclamaci\u00f3n del derecho a percibir los sexenios por parte del personal interino va por buen camino.","robots":{"index":"index","follow":"follow","max-snippet":"max-snippet:-1","max-image-preview":"max-image-preview:large","max-video-preview":"max-video-preview:-1"},"canonical":"https:\/\/www.cgtaragonlarioja.org\/fedens\/cgt-consigue-un-nuevo-avance-en-el\/","og_locale":"es_ES","og_type":"article","og_title":"CGT consigue un nuevo avance en el reconocimiento del derecho del personal interino a percibir los sexenios.","og_description":"Os informamos que el proceso, gestionado por CGT, de reclamaci\u00f3n del derecho a percibir los sexenios por parte del personal interino va por buen camino.","og_url":"https:\/\/www.cgtaragonlarioja.org\/fedens\/cgt-consigue-un-nuevo-avance-en-el\/","og_site_name":"CGT Arag\u00f3n - La Rioja. ENSE\u00d1ANZA","article_publisher":"https:\/\/www.facebook.com\/CGTEnseAragon\/","article_published_time":"2015-11-17T17:48:37+00:00","twitter_card":"summary_large_image","twitter_creator":"@CGTeduAragon","twitter_site":"@CGTeduAragon","twitter_misc":{"Escrito por":"","Tiempo de lectura":"1 minuto"},"schema":{"@context":"https:\/\/schema.org","@graph":[{"@type":"Article","@id":"https:\/\/www.cgtaragonlarioja.org\/fedens\/cgt-consigue-un-nuevo-avance-en-el\/#article","isPartOf":{"@id":"https:\/\/www.cgtaragonlarioja.org\/fedens\/cgt-consigue-un-nuevo-avance-en-el\/"},"author":{"name":"","@id":""},"headline":"CGT consigue un nuevo avance en el reconocimiento del derecho del personal interino a percibir los sexenios.","datePublished":"2015-11-17T17:48:37+00:00","mainEntityOfPage":{"@id":"https:\/\/www.cgtaragonlarioja.org\/fedens\/cgt-consigue-un-nuevo-avance-en-el\/"},"wordCount":268,"commentCount":0,"publisher":{"@id":"https:\/\/www.cgtaragonlarioja.org\/fedens\/#organization"},"keywords":["Recursos jur\u00eddicos"],"articleSection":["Noticias"],"inLanguage":"es","potentialAction":[{"@type":"CommentAction","name":"Comment","target":["https:\/\/www.cgtaragonlarioja.org\/fedens\/cgt-consigue-un-nuevo-avance-en-el\/#respond"]}]},{"@type":"WebPage","@id":"https:\/\/www.cgtaragonlarioja.org\/fedens\/cgt-consigue-un-nuevo-avance-en-el\/","url":"https:\/\/www.cgtaragonlarioja.org\/fedens\/cgt-consigue-un-nuevo-avance-en-el\/","name":"CGT consigue un nuevo avance en el reconocimiento del derecho del personal interino a percibir los sexenios.","isPartOf":{"@id":"https:\/\/www.cgtaragonlarioja.org\/fedens\/#website"},"datePublished":"2015-11-17T17:48:37+00:00","description":"Os informamos que el proceso, gestionado por CGT, de reclamaci\u00f3n del derecho a percibir los sexenios por parte del personal interino va por buen camino.","breadcrumb":{"@id":"https:\/\/www.cgtaragonlarioja.org\/fedens\/cgt-consigue-un-nuevo-avance-en-el\/#breadcrumb"},"inLanguage":"es","potentialAction":[{"@type":"ReadAction","target":["https:\/\/www.cgtaragonlarioja.org\/fedens\/cgt-consigue-un-nuevo-avance-en-el\/"]}]},{"@type":"BreadcrumbList","@id":"https:\/\/www.cgtaragonlarioja.org\/fedens\/cgt-consigue-un-nuevo-avance-en-el\/#breadcrumb","itemListElement":[{"@type":"ListItem","position":1,"name":"Portada","item":"https:\/\/www.cgtaragonlarioja.org\/fedens\/"},{"@type":"ListItem","position":2,"name":"CGT consigue un nuevo avance en el reconocimiento del derecho del personal interino a percibir los sexenios."}]},{"@type":"WebSite","@id":"https:\/\/www.cgtaragonlarioja.org\/fedens\/#website","url":"https:\/\/www.cgtaragonlarioja.org\/fedens\/","name":"CGT Arag\u00f3n - La Rioja. ENSE\u00d1ANZA","description":"CONTACTAR: Calatayud-Aranda: 654897973 \/ Huesca: 974238404 \/ Teruel: 978619265 \/ Zaragoza: 976922002","publisher":{"@id":"https:\/\/www.cgtaragonlarioja.org\/fedens\/#organization"},"potentialAction":[{"@type":"SearchAction","target":{"@type":"EntryPoint","urlTemplate":"https:\/\/www.cgtaragonlarioja.org\/fedens\/?s={search_term_string}"},"query-input":{"@type":"PropertyValueSpecification","valueRequired":true,"valueName":"search_term_string"}}],"inLanguage":"es"},{"@type":"Organization","@id":"https:\/\/www.cgtaragonlarioja.org\/fedens\/#organization","name":"CGT Arag\u00f3n y La Rioja - Ense\u00f1anza","url":"https:\/\/www.cgtaragonlarioja.org\/fedens\/","logo":{"@type":"ImageObject","inLanguage":"es","@id":"https:\/\/www.cgtaragonlarioja.org\/fedens\/#\/schema\/logo\/image\/","url":"https:\/\/www.cgtaragonlarioja.org\/fedens\/files\/2021\/02\/logo_cgt_ense_huesca_170x250.png","contentUrl":"https:\/\/www.cgtaragonlarioja.org\/fedens\/files\/2021\/02\/logo_cgt_ense_huesca_170x250.png","width":170,"height":250,"caption":"CGT Arag\u00f3n y La Rioja - Ense\u00f1anza"},"image":{"@id":"https:\/\/www.cgtaragonlarioja.org\/fedens\/#\/schema\/logo\/image\/"},"sameAs":["https:\/\/www.facebook.com\/CGTEnseAragon\/","https:\/\/x.com\/CGTeduAragon"]},{"@type":"Person","@id":"","url":"https:\/\/www.cgtaragonlarioja.org\/fedens\/author\/"}]}},"_links":{"self":[{"href":"https:\/\/www.cgtaragonlarioja.org\/fedens\/wp-json\/wp\/v2\/posts\/8244","targetHints":{"allow":["GET"]}}],"collection":[{"href":"https:\/\/www.cgtaragonlarioja.org\/fedens\/wp-json\/wp\/v2\/posts"}],"about":[{"href":"https:\/\/www.cgtaragonlarioja.org\/fedens\/wp-json\/wp\/v2\/types\/post"}],"author":[{"embeddable":true,"href":"https:\/\/www.cgtaragonlarioja.org\/fedens\/wp-json\/wp\/v2\/users\/492"}],"replies":[{"embeddable":true,"href":"https:\/\/www.cgtaragonlarioja.org\/fedens\/wp-json\/wp\/v2\/comments?post=8244"}],"version-history":[{"count":0,"href":"https:\/\/www.cgtaragonlarioja.org\/fedens\/wp-json\/wp\/v2\/posts\/8244\/revisions"}],"wp:attachment":[{"href":"https:\/\/www.cgtaragonlarioja.org\/fedens\/wp-json\/wp\/v2\/media?parent=8244"}],"wp:term":[{"taxonomy":"category","embeddable":true,"href":"https:\/\/www.cgtaragonlarioja.org\/fedens\/wp-json\/wp\/v2\/categories?post=8244"},{"taxonomy":"post_tag","embeddable":true,"href":"https:\/\/www.cgtaragonlarioja.org\/fedens\/wp-json\/wp\/v2\/tags?post=8244"}],"curies":[{"name":"wp","href":"https:\/\/api.w.org\/{rel}","templated":true}]}}