{"id":23005,"date":"2026-04-23T16:45:04","date_gmt":"2026-04-23T14:45:04","guid":{"rendered":"https:\/\/www.cgtaragonlarioja.org\/fedens\/?p=23005"},"modified":"2026-04-23T16:45:04","modified_gmt":"2026-04-23T14:45:04","slug":"7-m-huelga-estatal-de-trabajadoras-de-0-3-anos","status":"publish","type":"post","link":"https:\/\/www.cgtaragonlarioja.org\/fedens\/7-m-huelga-estatal-de-trabajadoras-de-0-3-anos\/","title":{"rendered":"7-M: Huelga estatal de trabajadoras de 0-3 a\u00f1os"},"content":{"rendered":"<p><strong>\u00a1CGT y la PEEI convocan a la huelga estatal el 7 de mayo en defensa del 0-3!<\/strong><\/p>\n<p>Desde CGT animamos a todas las trabajadoras del sector a secundar la huelga y a manifestarse el 23 de mayo en Madrid, porque ahora s\u00ed, \u00a1parece que otro 0-3 es posible!.<\/p>\n<p>Os animamos a participar en la <strong>asamblea abierta<\/strong> que realizaremos el<strong> 28 de abril a las 6:30<\/strong> en la sede de CGT en Zaragoza, Paseo Echegaray 170, y en la que se puede participar tambi\u00e9n a trav\u00e9s de este <a href=\"https:\/\/meet.jit.si\/moderated\/78feead37278823dcd232dba746bbdf710f9c8cff67a14a23a5efa0e44e35570\">enlace.<\/a><\/p>\n<p><img loading=\"lazy\" decoding=\"async\" class=\"alignnone size-medium wp-image-23008\" src=\"https:\/\/www.cgtaragonlarioja.org\/fedens\/files\/2026\/04\/Asamblea-212x300.jpg\" alt=\"\" width=\"212\" height=\"300\" srcset=\"https:\/\/www.cgtaragonlarioja.org\/fedens\/files\/2026\/04\/Asamblea-212x300.jpg 212w, https:\/\/www.cgtaragonlarioja.org\/fedens\/files\/2026\/04\/Asamblea-724x1024.jpg 724w, https:\/\/www.cgtaragonlarioja.org\/fedens\/files\/2026\/04\/Asamblea-768x1086.jpg 768w, https:\/\/www.cgtaragonlarioja.org\/fedens\/files\/2026\/04\/Asamblea.jpg 905w\" sizes=\"auto, (max-width: 212px) 100vw, 212px\" \/><\/p>\n<p><strong>El 7 de mayo saldremos junt@s<\/strong> a la calle a exigir al Gobierno un cambio real del 0-3. Queremos una red p\u00fablica, gratuita y universal, y unas leyes que establezcan las ratios que recomienda la UE, y que a su vez concreten criterios que velen por la dignidad laboral de las trabajadoras y l@s ni\u00f1@s, como ocurre con el resto de etapas educativas.<\/p>\n<p><strong>La cita es en Zaragoza doble:<\/strong><\/p>\n<ul>\n<li><strong>12:00<\/strong> Concentraci\u00f3n frente al Edificio Pignatelli (Paseo M\u00aa Agust\u00edn)<\/li>\n<li><strong>17:30<\/strong> Manifestaci\u00f3n que saldr\u00e1 de Glorieta Sasera a las 17:30 y finalizar\u00e1 en la Plaza del Pilar<\/li>\n<\/ul>\n<p>Las educadoras del 0-3 decimos BASTA.<\/p>\n<p>-Ratios imposibles<br \/>\n-Salarios indignos<br \/>\n-Falta de reconocimiento<\/p>\n<p>Nuestro trabajo sostiene a las familias, a la educaci\u00f3n y a toda la sociedad.\u00a0Y sin nosotras no funciona nada.<\/p>\n<p><strong>REIVINDICACIONES AL MINISTERIO:<\/strong><\/p>\n<ul>\n<li>Inclusi\u00f3n en la nueva Ley educativa que regula las ratios yhoras lectivas de las diferentes etapas educativas.<\/li>\n<li>Ratios acordes a las necesidades de la primera infancia, c\u00f3mo m\u00ednimo la de las recomendaciones de la UE.<\/li>\n<li>Bajada de ratios de 3 beb\u00e9s por educadora, 5 criaturas de 1-2 a\u00f1os por educadora, y 6 criaturas de 2-3 a\u00f1os por educadora. Para aulas mixtas de 0-1\/1-2 a\u00f1os los agrupamientos no podr\u00e1n superar 3 alumnos. Para las aulas mixtas de 1-2\/2-3, o de las tres edades no podr\u00e1n superar m\u00e1s de 5 criaturas.<\/li>\n<li>Regulaci\u00f3n, en la nueva Ley educativa, los apoyos para la atenci\u00f3n a la diversidad, tan importantes en los primeros a\u00f1os de vida. 1 orientadora por 200 alumnos, 1 PT por 100 alumnos, 1 AL por 150 alumnos y 1 PSC por 300 alumnos.<\/li>\n<li>Continuidad en la etapa 3-6, donde se respete la atenci\u00f3n individualizada al menos para el primer a\u00f1o (3-4 a\u00f1os), dotando de pareja educativa este curso.<\/li>\n<li>Calendario laboral igual que el resto de etapas educativas. La primera infancia necesita descansar lo mismo, o m\u00e1s que las criaturas m\u00e1s mayores. La conciliaci\u00f3n laboral no puede pasar por encima de las necesidades reales de los m\u00e1s peque\u00f1os.<\/li>\n<li>Horas no lectivas para todo el trabajo pedag\u00f3gico y burocr\u00e1tico igual al de nuestras compa\u00f1eras docentes de 3-6 a\u00f1os. Lo que corresponde a 5 horas semanales.<\/li>\n<li>Reconocimiento de la categor\u00eda profesional.<\/li>\n<\/ul>\n<p>OS DEJAMOS EN ESTE ENLACE ACCESO A LOS <strong>MATERIALES<\/strong> EN LAS DISTINTAS LENGUAS DEL ESTADO, PULSA\u00a0<a href=\"https:\/\/nextcloud.pangea.org\/s\/6GeNcNncA8YEsWH\">AQU\u00cd<\/a>.<\/p>\n","protected":false},"excerpt":{"rendered":"<p>\u00a1CGT y la PEEI convocan a la huelga estatal el 7 de mayo en defensa<\/p>\n","protected":false},"author":854,"featured_media":23007,"comment_status":"open","ping_status":"open","sticky":false,"template":"","format":"standard","meta":{"footnotes":""},"categories":[702,480],"tags":[],"class_list":["post-23005","post","type-post","status-publish","format-standard","has-post-thumbnail","hentry","category-movilizaciones","category-noticias"],"yoast_head":"<!-- This site is optimized with the Yoast SEO plugin v26.7 - https:\/\/yoast.com\/wordpress\/plugins\/seo\/ -->\n<title>7-M: Huelga estatal de trabajadoras de 0-3 a\u00f1os<\/title>\n<meta name=\"description\" content=\"\u00a1CGT y la PEEI convocan a la huelga estatal el 7 de mayo en defensa del 0-3! Desde CGT animamos a todas las trabajadoras del sector a secundar la huelga y\" \/>\n<meta name=\"robots\" content=\"index, follow, max-snippet:-1, max-image-preview:large, max-video-preview:-1\" \/>\n<link rel=\"canonical\" href=\"https:\/\/www.cgtaragonlarioja.org\/fedens\/7-m-huelga-estatal-de-trabajadoras-de-0-3-anos\/\" \/>\n<meta property=\"og:locale\" content=\"es_ES\" \/>\n<meta property=\"og:type\" content=\"article\" \/>\n<meta property=\"og:title\" content=\"7-M: Huelga estatal de trabajadoras de 0-3 a\u00f1os\" \/>\n<meta property=\"og:description\" content=\"\u00a1CGT y la PEEI convocan a la huelga estatal el 7 de mayo en defensa del 0-3! Desde CGT animamos a todas las trabajadoras del sector a secundar la huelga y\" \/>\n<meta property=\"og:url\" content=\"https:\/\/www.cgtaragonlarioja.org\/fedens\/7-m-huelga-estatal-de-trabajadoras-de-0-3-anos\/\" \/>\n<meta property=\"og:site_name\" content=\"CGT Arag\u00f3n - La Rioja. ENSE\u00d1ANZA\" \/>\n<meta property=\"article:publisher\" content=\"https:\/\/www.facebook.com\/CGTEnseAragon\/\" \/>\n<meta property=\"article:published_time\" content=\"2026-04-23T14:45:04+00:00\" \/>\n<meta property=\"og:image\" content=\"https:\/\/www.cgtaragonlarioja.org\/fedens\/files\/2026\/04\/Huelga-7-mayo.jpeg\" \/>\n\t<meta property=\"og:image:width\" content=\"585\" \/>\n\t<meta property=\"og:image:height\" content=\"827\" \/>\n\t<meta property=\"og:image:type\" content=\"image\/jpeg\" \/>\n<meta name=\"author\" content=\"CGT Ense\u00f1anza Arag\u00f3n\" \/>\n<meta name=\"twitter:card\" content=\"summary_large_image\" \/>\n<meta name=\"twitter:creator\" content=\"@CGTeduAragon\" \/>\n<meta name=\"twitter:site\" content=\"@CGTeduAragon\" \/>\n<meta name=\"twitter:label1\" content=\"Escrito por\" \/>\n\t<meta name=\"twitter:data1\" content=\"CGT Ense\u00f1anza Arag\u00f3n\" \/>\n\t<meta name=\"twitter:label2\" content=\"Tiempo de lectura\" \/>\n\t<meta name=\"twitter:data2\" content=\"3 minutos\" \/>\n<script type=\"application\/ld+json\" class=\"yoast-schema-graph\">{\"@context\":\"https:\/\/schema.org\",\"@graph\":[{\"@type\":\"Article\",\"@id\":\"https:\/\/www.cgtaragonlarioja.org\/fedens\/7-m-huelga-estatal-de-trabajadoras-de-0-3-anos\/#article\",\"isPartOf\":{\"@id\":\"https:\/\/www.cgtaragonlarioja.org\/fedens\/7-m-huelga-estatal-de-trabajadoras-de-0-3-anos\/\"},\"author\":{\"name\":\"CGT Ense\u00f1anza Arag\u00f3n\",\"@id\":\"https:\/\/www.cgtaragonlarioja.org\/fedens\/#\/schema\/person\/f577cbf9ee1fb7519bfd883ac4f4032f\"},\"headline\":\"7-M: Huelga estatal de trabajadoras de 0-3 a\u00f1os\",\"datePublished\":\"2026-04-23T14:45:04+00:00\",\"mainEntityOfPage\":{\"@id\":\"https:\/\/www.cgtaragonlarioja.org\/fedens\/7-m-huelga-estatal-de-trabajadoras-de-0-3-anos\/\"},\"wordCount\":487,\"commentCount\":0,\"publisher\":{\"@id\":\"https:\/\/www.cgtaragonlarioja.org\/fedens\/#organization\"},\"image\":{\"@id\":\"https:\/\/www.cgtaragonlarioja.org\/fedens\/7-m-huelga-estatal-de-trabajadoras-de-0-3-anos\/#primaryimage\"},\"thumbnailUrl\":\"https:\/\/www.cgtaragonlarioja.org\/fedens\/files\/2026\/04\/Huelga-7-mayo.jpeg\",\"articleSection\":[\"Movilizaciones\",\"Noticias\"],\"inLanguage\":\"es\",\"potentialAction\":[{\"@type\":\"CommentAction\",\"name\":\"Comment\",\"target\":[\"https:\/\/www.cgtaragonlarioja.org\/fedens\/7-m-huelga-estatal-de-trabajadoras-de-0-3-anos\/#respond\"]}]},{\"@type\":\"WebPage\",\"@id\":\"https:\/\/www.cgtaragonlarioja.org\/fedens\/7-m-huelga-estatal-de-trabajadoras-de-0-3-anos\/\",\"url\":\"https:\/\/www.cgtaragonlarioja.org\/fedens\/7-m-huelga-estatal-de-trabajadoras-de-0-3-anos\/\",\"name\":\"7-M: Huelga estatal de trabajadoras de 0-3 a\u00f1os\",\"isPartOf\":{\"@id\":\"https:\/\/www.cgtaragonlarioja.org\/fedens\/#website\"},\"primaryImageOfPage\":{\"@id\":\"https:\/\/www.cgtaragonlarioja.org\/fedens\/7-m-huelga-estatal-de-trabajadoras-de-0-3-anos\/#primaryimage\"},\"image\":{\"@id\":\"https:\/\/www.cgtaragonlarioja.org\/fedens\/7-m-huelga-estatal-de-trabajadoras-de-0-3-anos\/#primaryimage\"},\"thumbnailUrl\":\"https:\/\/www.cgtaragonlarioja.org\/fedens\/files\/2026\/04\/Huelga-7-mayo.jpeg\",\"datePublished\":\"2026-04-23T14:45:04+00:00\",\"description\":\"\u00a1CGT y la PEEI convocan a la huelga estatal el 7 de mayo en defensa del 0-3! Desde CGT animamos a todas las trabajadoras del sector a secundar la huelga y\",\"breadcrumb\":{\"@id\":\"https:\/\/www.cgtaragonlarioja.org\/fedens\/7-m-huelga-estatal-de-trabajadoras-de-0-3-anos\/#breadcrumb\"},\"inLanguage\":\"es\",\"potentialAction\":[{\"@type\":\"ReadAction\",\"target\":[\"https:\/\/www.cgtaragonlarioja.org\/fedens\/7-m-huelga-estatal-de-trabajadoras-de-0-3-anos\/\"]}]},{\"@type\":\"ImageObject\",\"inLanguage\":\"es\",\"@id\":\"https:\/\/www.cgtaragonlarioja.org\/fedens\/7-m-huelga-estatal-de-trabajadoras-de-0-3-anos\/#primaryimage\",\"url\":\"https:\/\/www.cgtaragonlarioja.org\/fedens\/files\/2026\/04\/Huelga-7-mayo.jpeg\",\"contentUrl\":\"https:\/\/www.cgtaragonlarioja.org\/fedens\/files\/2026\/04\/Huelga-7-mayo.jpeg\",\"width\":585,\"height\":827},{\"@type\":\"BreadcrumbList\",\"@id\":\"https:\/\/www.cgtaragonlarioja.org\/fedens\/7-m-huelga-estatal-de-trabajadoras-de-0-3-anos\/#breadcrumb\",\"itemListElement\":[{\"@type\":\"ListItem\",\"position\":1,\"name\":\"Portada\",\"item\":\"https:\/\/www.cgtaragonlarioja.org\/fedens\/\"},{\"@type\":\"ListItem\",\"position\":2,\"name\":\"7-M: Huelga estatal de trabajadoras de 0-3 a\u00f1os\"}]},{\"@type\":\"WebSite\",\"@id\":\"https:\/\/www.cgtaragonlarioja.org\/fedens\/#website\",\"url\":\"https:\/\/www.cgtaragonlarioja.org\/fedens\/\",\"name\":\"CGT Arag\u00f3n - La Rioja. ENSE\u00d1ANZA\",\"description\":\"CONTACTAR: Calatayud-Aranda: 654897973 \/ Huesca: 974238404 \/ Teruel: 978619265 \/ Zaragoza: 976922002\",\"publisher\":{\"@id\":\"https:\/\/www.cgtaragonlarioja.org\/fedens\/#organization\"},\"potentialAction\":[{\"@type\":\"SearchAction\",\"target\":{\"@type\":\"EntryPoint\",\"urlTemplate\":\"https:\/\/www.cgtaragonlarioja.org\/fedens\/?s={search_term_string}\"},\"query-input\":{\"@type\":\"PropertyValueSpecification\",\"valueRequired\":true,\"valueName\":\"search_term_string\"}}],\"inLanguage\":\"es\"},{\"@type\":\"Organization\",\"@id\":\"https:\/\/www.cgtaragonlarioja.org\/fedens\/#organization\",\"name\":\"CGT Arag\u00f3n y La Rioja - Ense\u00f1anza\",\"url\":\"https:\/\/www.cgtaragonlarioja.org\/fedens\/\",\"logo\":{\"@type\":\"ImageObject\",\"inLanguage\":\"es\",\"@id\":\"https:\/\/www.cgtaragonlarioja.org\/fedens\/#\/schema\/logo\/image\/\",\"url\":\"https:\/\/www.cgtaragonlarioja.org\/fedens\/files\/2021\/02\/logo_cgt_ense_huesca_170x250.png\",\"contentUrl\":\"https:\/\/www.cgtaragonlarioja.org\/fedens\/files\/2021\/02\/logo_cgt_ense_huesca_170x250.png\",\"width\":170,\"height\":250,\"caption\":\"CGT Arag\u00f3n y La Rioja - Ense\u00f1anza\"},\"image\":{\"@id\":\"https:\/\/www.cgtaragonlarioja.org\/fedens\/#\/schema\/logo\/image\/\"},\"sameAs\":[\"https:\/\/www.facebook.com\/CGTEnseAragon\/\",\"https:\/\/x.com\/CGTeduAragon\"]},{\"@type\":\"Person\",\"@id\":\"https:\/\/www.cgtaragonlarioja.org\/fedens\/#\/schema\/person\/f577cbf9ee1fb7519bfd883ac4f4032f\",\"name\":\"CGT Ense\u00f1anza Arag\u00f3n\",\"image\":{\"@type\":\"ImageObject\",\"inLanguage\":\"es\",\"@id\":\"https:\/\/www.cgtaragonlarioja.org\/fedens\/#\/schema\/person\/image\/\",\"url\":\"https:\/\/secure.gravatar.com\/avatar\/6591cafae8da970274bd48ef06b7f86ae2c2ba705fb2cdafa9b5f7f48c95a765?s=96&d=mm&r=g\",\"contentUrl\":\"https:\/\/secure.gravatar.com\/avatar\/6591cafae8da970274bd48ef06b7f86ae2c2ba705fb2cdafa9b5f7f48c95a765?s=96&d=mm&r=g\",\"caption\":\"CGT Ense\u00f1anza Arag\u00f3n\"},\"url\":\"https:\/\/www.cgtaragonlarioja.org\/fedens\/author\/fasecgt\/\"}]}<\/script>\n<!-- \/ Yoast SEO plugin. -->","yoast_head_json":{"title":"7-M: Huelga estatal de trabajadoras de 0-3 a\u00f1os","description":"\u00a1CGT y la PEEI convocan a la huelga estatal el 7 de mayo en defensa del 0-3! Desde CGT animamos a todas las trabajadoras del sector a secundar la huelga y","robots":{"index":"index","follow":"follow","max-snippet":"max-snippet:-1","max-image-preview":"max-image-preview:large","max-video-preview":"max-video-preview:-1"},"canonical":"https:\/\/www.cgtaragonlarioja.org\/fedens\/7-m-huelga-estatal-de-trabajadoras-de-0-3-anos\/","og_locale":"es_ES","og_type":"article","og_title":"7-M: Huelga estatal de trabajadoras de 0-3 a\u00f1os","og_description":"\u00a1CGT y la PEEI convocan a la huelga estatal el 7 de mayo en defensa del 0-3! Desde CGT animamos a todas las trabajadoras del sector a secundar la huelga y","og_url":"https:\/\/www.cgtaragonlarioja.org\/fedens\/7-m-huelga-estatal-de-trabajadoras-de-0-3-anos\/","og_site_name":"CGT Arag\u00f3n - La Rioja. ENSE\u00d1ANZA","article_publisher":"https:\/\/www.facebook.com\/CGTEnseAragon\/","article_published_time":"2026-04-23T14:45:04+00:00","og_image":[{"width":585,"height":827,"url":"https:\/\/www.cgtaragonlarioja.org\/fedens\/files\/2026\/04\/Huelga-7-mayo.jpeg","type":"image\/jpeg"}],"author":"CGT Ense\u00f1anza Arag\u00f3n","twitter_card":"summary_large_image","twitter_creator":"@CGTeduAragon","twitter_site":"@CGTeduAragon","twitter_misc":{"Escrito por":"CGT Ense\u00f1anza Arag\u00f3n","Tiempo de lectura":"3 minutos"},"schema":{"@context":"https:\/\/schema.org","@graph":[{"@type":"Article","@id":"https:\/\/www.cgtaragonlarioja.org\/fedens\/7-m-huelga-estatal-de-trabajadoras-de-0-3-anos\/#article","isPartOf":{"@id":"https:\/\/www.cgtaragonlarioja.org\/fedens\/7-m-huelga-estatal-de-trabajadoras-de-0-3-anos\/"},"author":{"name":"CGT Ense\u00f1anza Arag\u00f3n","@id":"https:\/\/www.cgtaragonlarioja.org\/fedens\/#\/schema\/person\/f577cbf9ee1fb7519bfd883ac4f4032f"},"headline":"7-M: Huelga estatal de trabajadoras de 0-3 a\u00f1os","datePublished":"2026-04-23T14:45:04+00:00","mainEntityOfPage":{"@id":"https:\/\/www.cgtaragonlarioja.org\/fedens\/7-m-huelga-estatal-de-trabajadoras-de-0-3-anos\/"},"wordCount":487,"commentCount":0,"publisher":{"@id":"https:\/\/www.cgtaragonlarioja.org\/fedens\/#organization"},"image":{"@id":"https:\/\/www.cgtaragonlarioja.org\/fedens\/7-m-huelga-estatal-de-trabajadoras-de-0-3-anos\/#primaryimage"},"thumbnailUrl":"https:\/\/www.cgtaragonlarioja.org\/fedens\/files\/2026\/04\/Huelga-7-mayo.jpeg","articleSection":["Movilizaciones","Noticias"],"inLanguage":"es","potentialAction":[{"@type":"CommentAction","name":"Comment","target":["https:\/\/www.cgtaragonlarioja.org\/fedens\/7-m-huelga-estatal-de-trabajadoras-de-0-3-anos\/#respond"]}]},{"@type":"WebPage","@id":"https:\/\/www.cgtaragonlarioja.org\/fedens\/7-m-huelga-estatal-de-trabajadoras-de-0-3-anos\/","url":"https:\/\/www.cgtaragonlarioja.org\/fedens\/7-m-huelga-estatal-de-trabajadoras-de-0-3-anos\/","name":"7-M: Huelga estatal de trabajadoras de 0-3 a\u00f1os","isPartOf":{"@id":"https:\/\/www.cgtaragonlarioja.org\/fedens\/#website"},"primaryImageOfPage":{"@id":"https:\/\/www.cgtaragonlarioja.org\/fedens\/7-m-huelga-estatal-de-trabajadoras-de-0-3-anos\/#primaryimage"},"image":{"@id":"https:\/\/www.cgtaragonlarioja.org\/fedens\/7-m-huelga-estatal-de-trabajadoras-de-0-3-anos\/#primaryimage"},"thumbnailUrl":"https:\/\/www.cgtaragonlarioja.org\/fedens\/files\/2026\/04\/Huelga-7-mayo.jpeg","datePublished":"2026-04-23T14:45:04+00:00","description":"\u00a1CGT y la PEEI convocan a la huelga estatal el 7 de mayo en defensa del 0-3! Desde CGT animamos a todas las trabajadoras del sector a secundar la huelga y","breadcrumb":{"@id":"https:\/\/www.cgtaragonlarioja.org\/fedens\/7-m-huelga-estatal-de-trabajadoras-de-0-3-anos\/#breadcrumb"},"inLanguage":"es","potentialAction":[{"@type":"ReadAction","target":["https:\/\/www.cgtaragonlarioja.org\/fedens\/7-m-huelga-estatal-de-trabajadoras-de-0-3-anos\/"]}]},{"@type":"ImageObject","inLanguage":"es","@id":"https:\/\/www.cgtaragonlarioja.org\/fedens\/7-m-huelga-estatal-de-trabajadoras-de-0-3-anos\/#primaryimage","url":"https:\/\/www.cgtaragonlarioja.org\/fedens\/files\/2026\/04\/Huelga-7-mayo.jpeg","contentUrl":"https:\/\/www.cgtaragonlarioja.org\/fedens\/files\/2026\/04\/Huelga-7-mayo.jpeg","width":585,"height":827},{"@type":"BreadcrumbList","@id":"https:\/\/www.cgtaragonlarioja.org\/fedens\/7-m-huelga-estatal-de-trabajadoras-de-0-3-anos\/#breadcrumb","itemListElement":[{"@type":"ListItem","position":1,"name":"Portada","item":"https:\/\/www.cgtaragonlarioja.org\/fedens\/"},{"@type":"ListItem","position":2,"name":"7-M: Huelga estatal de trabajadoras de 0-3 a\u00f1os"}]},{"@type":"WebSite","@id":"https:\/\/www.cgtaragonlarioja.org\/fedens\/#website","url":"https:\/\/www.cgtaragonlarioja.org\/fedens\/","name":"CGT Arag\u00f3n - La Rioja. ENSE\u00d1ANZA","description":"CONTACTAR: Calatayud-Aranda: 654897973 \/ Huesca: 974238404 \/ Teruel: 978619265 \/ Zaragoza: 976922002","publisher":{"@id":"https:\/\/www.cgtaragonlarioja.org\/fedens\/#organization"},"potentialAction":[{"@type":"SearchAction","target":{"@type":"EntryPoint","urlTemplate":"https:\/\/www.cgtaragonlarioja.org\/fedens\/?s={search_term_string}"},"query-input":{"@type":"PropertyValueSpecification","valueRequired":true,"valueName":"search_term_string"}}],"inLanguage":"es"},{"@type":"Organization","@id":"https:\/\/www.cgtaragonlarioja.org\/fedens\/#organization","name":"CGT Arag\u00f3n y La Rioja - Ense\u00f1anza","url":"https:\/\/www.cgtaragonlarioja.org\/fedens\/","logo":{"@type":"ImageObject","inLanguage":"es","@id":"https:\/\/www.cgtaragonlarioja.org\/fedens\/#\/schema\/logo\/image\/","url":"https:\/\/www.cgtaragonlarioja.org\/fedens\/files\/2021\/02\/logo_cgt_ense_huesca_170x250.png","contentUrl":"https:\/\/www.cgtaragonlarioja.org\/fedens\/files\/2021\/02\/logo_cgt_ense_huesca_170x250.png","width":170,"height":250,"caption":"CGT Arag\u00f3n y La Rioja - Ense\u00f1anza"},"image":{"@id":"https:\/\/www.cgtaragonlarioja.org\/fedens\/#\/schema\/logo\/image\/"},"sameAs":["https:\/\/www.facebook.com\/CGTEnseAragon\/","https:\/\/x.com\/CGTeduAragon"]},{"@type":"Person","@id":"https:\/\/www.cgtaragonlarioja.org\/fedens\/#\/schema\/person\/f577cbf9ee1fb7519bfd883ac4f4032f","name":"CGT Ense\u00f1anza Arag\u00f3n","image":{"@type":"ImageObject","inLanguage":"es","@id":"https:\/\/www.cgtaragonlarioja.org\/fedens\/#\/schema\/person\/image\/","url":"https:\/\/secure.gravatar.com\/avatar\/6591cafae8da970274bd48ef06b7f86ae2c2ba705fb2cdafa9b5f7f48c95a765?s=96&d=mm&r=g","contentUrl":"https:\/\/secure.gravatar.com\/avatar\/6591cafae8da970274bd48ef06b7f86ae2c2ba705fb2cdafa9b5f7f48c95a765?s=96&d=mm&r=g","caption":"CGT Ense\u00f1anza Arag\u00f3n"},"url":"https:\/\/www.cgtaragonlarioja.org\/fedens\/author\/fasecgt\/"}]}},"_links":{"self":[{"href":"https:\/\/www.cgtaragonlarioja.org\/fedens\/wp-json\/wp\/v2\/posts\/23005","targetHints":{"allow":["GET"]}}],"collection":[{"href":"https:\/\/www.cgtaragonlarioja.org\/fedens\/wp-json\/wp\/v2\/posts"}],"about":[{"href":"https:\/\/www.cgtaragonlarioja.org\/fedens\/wp-json\/wp\/v2\/types\/post"}],"author":[{"embeddable":true,"href":"https:\/\/www.cgtaragonlarioja.org\/fedens\/wp-json\/wp\/v2\/users\/854"}],"replies":[{"embeddable":true,"href":"https:\/\/www.cgtaragonlarioja.org\/fedens\/wp-json\/wp\/v2\/comments?post=23005"}],"version-history":[{"count":2,"href":"https:\/\/www.cgtaragonlarioja.org\/fedens\/wp-json\/wp\/v2\/posts\/23005\/revisions"}],"predecessor-version":[{"id":23009,"href":"https:\/\/www.cgtaragonlarioja.org\/fedens\/wp-json\/wp\/v2\/posts\/23005\/revisions\/23009"}],"wp:featuredmedia":[{"embeddable":true,"href":"https:\/\/www.cgtaragonlarioja.org\/fedens\/wp-json\/wp\/v2\/media\/23007"}],"wp:attachment":[{"href":"https:\/\/www.cgtaragonlarioja.org\/fedens\/wp-json\/wp\/v2\/media?parent=23005"}],"wp:term":[{"taxonomy":"category","embeddable":true,"href":"https:\/\/www.cgtaragonlarioja.org\/fedens\/wp-json\/wp\/v2\/categories?post=23005"},{"taxonomy":"post_tag","embeddable":true,"href":"https:\/\/www.cgtaragonlarioja.org\/fedens\/wp-json\/wp\/v2\/tags?post=23005"}],"curies":[{"name":"wp","href":"https:\/\/api.w.org\/{rel}","templated":true}]}}