{"id":22567,"date":"2026-01-23T19:41:02","date_gmt":"2026-01-23T18:41:02","guid":{"rendered":"https:\/\/www.cgtaragonlarioja.org\/fedens\/?p=22567"},"modified":"2026-01-23T21:24:16","modified_gmt":"2026-01-23T20:24:16","slug":"la-comunidad-educativa-responde-a-la-convocatoria-de-cgt-inundado-las-calles-y-vaciando-las-aulas","status":"publish","type":"post","link":"https:\/\/www.cgtaragonlarioja.org\/fedens\/la-comunidad-educativa-responde-a-la-convocatoria-de-cgt-inundado-las-calles-y-vaciando-las-aulas\/","title":{"rendered":"La comunidad educativa responde a la convocatoria de CGT inundando las calles y vaciando las aulas"},"content":{"rendered":"<p>Los tres d\u00edas de lucha convocados por CGT han terminado con una multitudinaria manifestaci\u00f3n esta tarde en Zaragoza, que ha supuesto un magn\u00edfico cierre a una semana en la que todos los actos y acciones realizadas se han visto desbordadas por la participaci\u00f3n de la gente.<\/p>\n<p>La convocatoria de los tres d\u00edas de huelga ha sido un rotundo \u00e9xito que ha desbordado las previsiones m\u00e1s optimistas, todo pese a unos servicios m\u00ednimos abusivos y a una campa\u00f1a de informaciones sesgadas y falsas que han pretendido desmovilizar al profesorado y a las familias.<br \/>\nA pesar de todo ello, la comunidad educativa ha salido a la calle a defender la Escuela P\u00fablica y a exigir al Gobierno de Arag\u00f3n que eche para atr\u00e1s la concertaci\u00f3n del bachillerato y las subvenciones a las guarder\u00edas privadas, medidas a las que pretende destinar m\u00e1s de 20 millones de euros solo el pr\u00f3ximo curso, dinero que exigimos deber\u00eda ir a mejorar la condiciones de la Escuela P\u00fablica. \u00a1Dinero p\u00fablico para la Escuela P\u00fablica!<\/p>\n<p>Nos ha emocionado especialmente el gran seguimiento de la huelga (muchos centros con el 100% en huelga) y la gran participaci\u00f3n ciudadana en ciudades peque\u00f1as y pueblos por todo Arag\u00f3n, indicativo de que la escuela rural no puede m\u00e1s y exige inversi\u00f3n.<\/p>\n<p>Pero esto no para aqu\u00ed, si no se nos escucha vamos a seguir organiz\u00e1ndonos y saliendo a la calle, necesitamos la fuerza de todas, por lo que volvemos a invitar a todo quien quiera defender la Escuela P\u00fablica y frenar los conciertos educativos a sumarse a estas movilizaciones, es el momento de sumar.<\/p>\n<p>Concertar el bachillerato cuando en centros p\u00fablicos hay 2300 vacantes es derrochar con un objetivo ideol\u00f3gico.<\/p>\n<p>Arag\u00f3n merece que su Gobierno dote a la Escuela P\u00fablica de recursos suficientes, no puede ser que solo destine el 3,5% de su PIB cuando la media estatal es del 4,6% y que ni siquiera se gaste todo el dinero que cada a\u00f1o el Gobierno presupuesta para financiar la Educaci\u00f3n P\u00fablica.<\/p>\n<p>\u00a1Llenemos Arag\u00f3n de orgullo por la Escuela P\u00fablica y digamos a Azc\u00f3n bien claro que basta de privatizar y que el dinero P\u00fablico es para la Escuela P\u00fablica!<\/p>\n<figure id=\"attachment_22569\" aria-describedby=\"caption-attachment-22569\" style=\"width: 300px\" class=\"wp-caption alignnone\"><img loading=\"lazy\" decoding=\"async\" class=\"wp-image-22569 size-medium\" src=\"https:\/\/www.cgtaragonlarioja.org\/fedens\/files\/2026\/01\/Alcaniz-300x225.jpg\" alt=\"\" width=\"300\" height=\"225\" srcset=\"https:\/\/www.cgtaragonlarioja.org\/fedens\/files\/2026\/01\/Alcaniz-300x225.jpg 300w, https:\/\/www.cgtaragonlarioja.org\/fedens\/files\/2026\/01\/Alcaniz-1024x768.jpg 1024w, https:\/\/www.cgtaragonlarioja.org\/fedens\/files\/2026\/01\/Alcaniz-768x576.jpg 768w, https:\/\/www.cgtaragonlarioja.org\/fedens\/files\/2026\/01\/Alcaniz-720x540.jpg 720w, https:\/\/www.cgtaragonlarioja.org\/fedens\/files\/2026\/01\/Alcaniz-600x450.jpg 600w, https:\/\/www.cgtaragonlarioja.org\/fedens\/files\/2026\/01\/Alcaniz.jpg 1280w\" sizes=\"auto, (max-width: 300px) 100vw, 300px\" \/><figcaption id=\"caption-attachment-22569\" class=\"wp-caption-text\">Alca\u00f1iz<\/figcaption><\/figure>\n<figure id=\"attachment_22573\" aria-describedby=\"caption-attachment-22573\" style=\"width: 300px\" class=\"wp-caption alignnone\"><img loading=\"lazy\" decoding=\"async\" class=\"size-medium wp-image-22573\" src=\"https:\/\/www.cgtaragonlarioja.org\/fedens\/files\/2026\/01\/Calamocha-300x200.jpg\" alt=\"\" width=\"300\" height=\"200\" srcset=\"https:\/\/www.cgtaragonlarioja.org\/fedens\/files\/2026\/01\/Calamocha-300x200.jpg 300w, https:\/\/www.cgtaragonlarioja.org\/fedens\/files\/2026\/01\/Calamocha-1024x682.jpg 1024w, https:\/\/www.cgtaragonlarioja.org\/fedens\/files\/2026\/01\/Calamocha-768x512.jpg 768w, https:\/\/www.cgtaragonlarioja.org\/fedens\/files\/2026\/01\/Calamocha.jpg 1280w\" sizes=\"auto, (max-width: 300px) 100vw, 300px\" \/><figcaption id=\"caption-attachment-22573\" class=\"wp-caption-text\">Calamocha<\/figcaption><\/figure>\n<figure id=\"attachment_22571\" aria-describedby=\"caption-attachment-22571\" style=\"width: 226px\" class=\"wp-caption alignnone\"><img loading=\"lazy\" decoding=\"async\" class=\"size-medium wp-image-22571\" src=\"https:\/\/www.cgtaragonlarioja.org\/fedens\/files\/2026\/01\/Andorra-226x300.jpg\" alt=\"\" width=\"226\" height=\"300\" srcset=\"https:\/\/www.cgtaragonlarioja.org\/fedens\/files\/2026\/01\/Andorra-226x300.jpg 226w, https:\/\/www.cgtaragonlarioja.org\/fedens\/files\/2026\/01\/Andorra-771x1024.jpg 771w, https:\/\/www.cgtaragonlarioja.org\/fedens\/files\/2026\/01\/Andorra-768x1020.jpg 768w, https:\/\/www.cgtaragonlarioja.org\/fedens\/files\/2026\/01\/Andorra-450x600.jpg 450w, https:\/\/www.cgtaragonlarioja.org\/fedens\/files\/2026\/01\/Andorra.jpg 964w\" sizes=\"auto, (max-width: 226px) 100vw, 226px\" \/><figcaption id=\"caption-attachment-22571\" class=\"wp-caption-text\">Andorra<\/figcaption><\/figure>\n<figure id=\"attachment_22575\" aria-describedby=\"caption-attachment-22575\" style=\"width: 300px\" class=\"wp-caption alignnone\"><img loading=\"lazy\" decoding=\"async\" class=\"size-medium wp-image-22575\" src=\"https:\/\/www.cgtaragonlarioja.org\/fedens\/files\/2026\/01\/Encierro-Jaca-300x225.jpg\" alt=\"\" width=\"300\" height=\"225\" srcset=\"https:\/\/www.cgtaragonlarioja.org\/fedens\/files\/2026\/01\/Encierro-Jaca-300x225.jpg 300w, https:\/\/www.cgtaragonlarioja.org\/fedens\/files\/2026\/01\/Encierro-Jaca-1024x768.jpg 1024w, https:\/\/www.cgtaragonlarioja.org\/fedens\/files\/2026\/01\/Encierro-Jaca-768x576.jpg 768w, https:\/\/www.cgtaragonlarioja.org\/fedens\/files\/2026\/01\/Encierro-Jaca-720x540.jpg 720w, https:\/\/www.cgtaragonlarioja.org\/fedens\/files\/2026\/01\/Encierro-Jaca-600x450.jpg 600w, https:\/\/www.cgtaragonlarioja.org\/fedens\/files\/2026\/01\/Encierro-Jaca.jpg 1280w\" sizes=\"auto, (max-width: 300px) 100vw, 300px\" \/><figcaption id=\"caption-attachment-22575\" class=\"wp-caption-text\">Jaca<\/figcaption><\/figure>\n<figure id=\"attachment_22576\" aria-describedby=\"caption-attachment-22576\" style=\"width: 300px\" class=\"wp-caption alignnone\"><img loading=\"lazy\" decoding=\"async\" class=\"size-medium wp-image-22576\" src=\"https:\/\/www.cgtaragonlarioja.org\/fedens\/files\/2026\/01\/Fraga-300x169.jpg\" alt=\"\" width=\"300\" height=\"169\" srcset=\"https:\/\/www.cgtaragonlarioja.org\/fedens\/files\/2026\/01\/Fraga-300x169.jpg 300w, https:\/\/www.cgtaragonlarioja.org\/fedens\/files\/2026\/01\/Fraga-1024x576.jpg 1024w, https:\/\/www.cgtaragonlarioja.org\/fedens\/files\/2026\/01\/Fraga-768x432.jpg 768w, https:\/\/www.cgtaragonlarioja.org\/fedens\/files\/2026\/01\/Fraga-1536x864.jpg 1536w, https:\/\/www.cgtaragonlarioja.org\/fedens\/files\/2026\/01\/Fraga-800x450.jpg 800w, https:\/\/www.cgtaragonlarioja.org\/fedens\/files\/2026\/01\/Fraga.jpg 1600w\" sizes=\"auto, (max-width: 300px) 100vw, 300px\" \/><figcaption id=\"caption-attachment-22576\" class=\"wp-caption-text\">Fraga<\/figcaption><\/figure>\n<figure id=\"attachment_22574\" aria-describedby=\"caption-attachment-22574\" style=\"width: 300px\" class=\"wp-caption alignnone\"><img loading=\"lazy\" decoding=\"async\" class=\"size-medium wp-image-22574\" src=\"https:\/\/www.cgtaragonlarioja.org\/fedens\/files\/2026\/01\/Calatayud-300x225.jpg\" alt=\"\" width=\"300\" height=\"225\" srcset=\"https:\/\/www.cgtaragonlarioja.org\/fedens\/files\/2026\/01\/Calatayud-300x225.jpg 300w, https:\/\/www.cgtaragonlarioja.org\/fedens\/files\/2026\/01\/Calatayud-1024x768.jpg 1024w, https:\/\/www.cgtaragonlarioja.org\/fedens\/files\/2026\/01\/Calatayud-768x576.jpg 768w, https:\/\/www.cgtaragonlarioja.org\/fedens\/files\/2026\/01\/Calatayud-720x540.jpg 720w, https:\/\/www.cgtaragonlarioja.org\/fedens\/files\/2026\/01\/Calatayud-600x450.jpg 600w, https:\/\/www.cgtaragonlarioja.org\/fedens\/files\/2026\/01\/Calatayud.jpg 1280w\" sizes=\"auto, (max-width: 300px) 100vw, 300px\" \/><figcaption id=\"caption-attachment-22574\" class=\"wp-caption-text\">Calatayud<\/figcaption><\/figure>\n<figure id=\"attachment_22577\" aria-describedby=\"caption-attachment-22577\" style=\"width: 300px\" class=\"wp-caption alignnone\"><img loading=\"lazy\" decoding=\"async\" class=\"size-medium wp-image-22577\" src=\"https:\/\/www.cgtaragonlarioja.org\/fedens\/files\/2026\/01\/Huesca-1-300x225.jpg\" alt=\"\" width=\"300\" height=\"225\" srcset=\"https:\/\/www.cgtaragonlarioja.org\/fedens\/files\/2026\/01\/Huesca-1-300x225.jpg 300w, https:\/\/www.cgtaragonlarioja.org\/fedens\/files\/2026\/01\/Huesca-1-1024x768.jpg 1024w, https:\/\/www.cgtaragonlarioja.org\/fedens\/files\/2026\/01\/Huesca-1-768x576.jpg 768w, https:\/\/www.cgtaragonlarioja.org\/fedens\/files\/2026\/01\/Huesca-1-720x540.jpg 720w, https:\/\/www.cgtaragonlarioja.org\/fedens\/files\/2026\/01\/Huesca-1-600x450.jpg 600w, https:\/\/www.cgtaragonlarioja.org\/fedens\/files\/2026\/01\/Huesca-1.jpg 1280w\" sizes=\"auto, (max-width: 300px) 100vw, 300px\" \/><figcaption id=\"caption-attachment-22577\" class=\"wp-caption-text\">Huesca<\/figcaption><\/figure>\n<figure id=\"attachment_22578\" aria-describedby=\"caption-attachment-22578\" style=\"width: 300px\" class=\"wp-caption alignnone\"><img loading=\"lazy\" decoding=\"async\" class=\"size-medium wp-image-22578\" src=\"https:\/\/www.cgtaragonlarioja.org\/fedens\/files\/2026\/01\/Sabinanigo-300x225.jpg\" alt=\"\" width=\"300\" height=\"225\" srcset=\"https:\/\/www.cgtaragonlarioja.org\/fedens\/files\/2026\/01\/Sabinanigo-300x225.jpg 300w, https:\/\/www.cgtaragonlarioja.org\/fedens\/files\/2026\/01\/Sabinanigo-1024x768.jpg 1024w, https:\/\/www.cgtaragonlarioja.org\/fedens\/files\/2026\/01\/Sabinanigo-768x576.jpg 768w, https:\/\/www.cgtaragonlarioja.org\/fedens\/files\/2026\/01\/Sabinanigo-720x540.jpg 720w, https:\/\/www.cgtaragonlarioja.org\/fedens\/files\/2026\/01\/Sabinanigo-600x450.jpg 600w, https:\/\/www.cgtaragonlarioja.org\/fedens\/files\/2026\/01\/Sabinanigo.jpg 1280w\" sizes=\"auto, (max-width: 300px) 100vw, 300px\" \/><figcaption id=\"caption-attachment-22578\" class=\"wp-caption-text\">Sabi\u00f1\u00e1nigo<\/figcaption><\/figure>\n<figure id=\"attachment_22572\" aria-describedby=\"caption-attachment-22572\" style=\"width: 169px\" class=\"wp-caption alignnone\"><img loading=\"lazy\" decoding=\"async\" class=\"size-medium wp-image-22572\" src=\"https:\/\/www.cgtaragonlarioja.org\/fedens\/files\/2026\/01\/Barbastro-169x300.jpg\" alt=\"\" width=\"169\" height=\"300\" srcset=\"https:\/\/www.cgtaragonlarioja.org\/fedens\/files\/2026\/01\/Barbastro-169x300.jpg 169w, https:\/\/www.cgtaragonlarioja.org\/fedens\/files\/2026\/01\/Barbastro-576x1024.jpg 576w, https:\/\/www.cgtaragonlarioja.org\/fedens\/files\/2026\/01\/Barbastro.jpg 720w\" sizes=\"auto, (max-width: 169px) 100vw, 169px\" \/><figcaption id=\"caption-attachment-22572\" class=\"wp-caption-text\">Barbastro<\/figcaption><\/figure>\n<figure id=\"attachment_22579\" aria-describedby=\"caption-attachment-22579\" style=\"width: 300px\" class=\"wp-caption alignnone\"><img loading=\"lazy\" decoding=\"async\" class=\"size-medium wp-image-22579\" src=\"https:\/\/www.cgtaragonlarioja.org\/fedens\/files\/2026\/01\/Tarazona-300x168.jpg\" alt=\"\" width=\"300\" height=\"168\" srcset=\"https:\/\/www.cgtaragonlarioja.org\/fedens\/files\/2026\/01\/Tarazona-300x168.jpg 300w, https:\/\/www.cgtaragonlarioja.org\/fedens\/files\/2026\/01\/Tarazona-1024x574.jpg 1024w, https:\/\/www.cgtaragonlarioja.org\/fedens\/files\/2026\/01\/Tarazona-768x431.jpg 768w, https:\/\/www.cgtaragonlarioja.org\/fedens\/files\/2026\/01\/Tarazona-800x450.jpg 800w, https:\/\/www.cgtaragonlarioja.org\/fedens\/files\/2026\/01\/Tarazona.jpg 1280w\" sizes=\"auto, (max-width: 300px) 100vw, 300px\" \/><figcaption id=\"caption-attachment-22579\" class=\"wp-caption-text\">Tarazona<\/figcaption><\/figure>\n<figure id=\"attachment_22580\" aria-describedby=\"caption-attachment-22580\" style=\"width: 300px\" class=\"wp-caption alignnone\"><img loading=\"lazy\" decoding=\"async\" class=\"size-medium wp-image-22580\" src=\"https:\/\/www.cgtaragonlarioja.org\/fedens\/files\/2026\/01\/Teruel-1-300x300.jpg\" alt=\"\" width=\"300\" height=\"300\" srcset=\"https:\/\/www.cgtaragonlarioja.org\/fedens\/files\/2026\/01\/Teruel-1-300x300.jpg 300w, https:\/\/www.cgtaragonlarioja.org\/fedens\/files\/2026\/01\/Teruel-1-1024x1024.jpg 1024w, https:\/\/www.cgtaragonlarioja.org\/fedens\/files\/2026\/01\/Teruel-1-150x150.jpg 150w, https:\/\/www.cgtaragonlarioja.org\/fedens\/files\/2026\/01\/Teruel-1-768x768.jpg 768w, https:\/\/www.cgtaragonlarioja.org\/fedens\/files\/2026\/01\/Teruel-1.jpg 1280w\" sizes=\"auto, (max-width: 300px) 100vw, 300px\" \/><figcaption id=\"caption-attachment-22580\" class=\"wp-caption-text\">Teruel<\/figcaption><\/figure>\n<p>Zaragoza<\/p>\n<p><img loading=\"lazy\" decoding=\"async\" class=\"alignnone size-medium wp-image-22581\" src=\"https:\/\/www.cgtaragonlarioja.org\/fedens\/files\/2026\/01\/charla-300x225.jpg\" alt=\"\" width=\"300\" height=\"225\" srcset=\"https:\/\/www.cgtaragonlarioja.org\/fedens\/files\/2026\/01\/charla-300x225.jpg 300w, https:\/\/www.cgtaragonlarioja.org\/fedens\/files\/2026\/01\/charla-1024x768.jpg 1024w, https:\/\/www.cgtaragonlarioja.org\/fedens\/files\/2026\/01\/charla-768x576.jpg 768w, https:\/\/www.cgtaragonlarioja.org\/fedens\/files\/2026\/01\/charla-720x540.jpg 720w, https:\/\/www.cgtaragonlarioja.org\/fedens\/files\/2026\/01\/charla-600x450.jpg 600w, https:\/\/www.cgtaragonlarioja.org\/fedens\/files\/2026\/01\/charla.jpg 1280w\" sizes=\"auto, (max-width: 300px) 100vw, 300px\" \/> <img loading=\"lazy\" decoding=\"async\" class=\"alignnone size-medium wp-image-22582\" src=\"https:\/\/www.cgtaragonlarioja.org\/fedens\/files\/2026\/01\/concentracion-20-300x226.jpg\" alt=\"\" width=\"300\" height=\"226\" srcset=\"https:\/\/www.cgtaragonlarioja.org\/fedens\/files\/2026\/01\/concentracion-20-300x226.jpg 300w, https:\/\/www.cgtaragonlarioja.org\/fedens\/files\/2026\/01\/concentracion-20-1024x771.jpg 1024w, https:\/\/www.cgtaragonlarioja.org\/fedens\/files\/2026\/01\/concentracion-20-768x578.jpg 768w, https:\/\/www.cgtaragonlarioja.org\/fedens\/files\/2026\/01\/concentracion-20-720x540.jpg 720w, https:\/\/www.cgtaragonlarioja.org\/fedens\/files\/2026\/01\/concentracion-20-600x450.jpg 600w, https:\/\/www.cgtaragonlarioja.org\/fedens\/files\/2026\/01\/concentracion-20.jpg 1280w\" sizes=\"auto, (max-width: 300px) 100vw, 300px\" \/> <img loading=\"lazy\" decoding=\"async\" class=\"alignnone size-medium wp-image-22583\" src=\"https:\/\/www.cgtaragonlarioja.org\/fedens\/files\/2026\/01\/concentracion-martes-300x169.jpg\" alt=\"\" width=\"300\" height=\"169\" srcset=\"https:\/\/www.cgtaragonlarioja.org\/fedens\/files\/2026\/01\/concentracion-martes-300x169.jpg 300w, https:\/\/www.cgtaragonlarioja.org\/fedens\/files\/2026\/01\/concentracion-martes-1024x576.jpg 1024w, https:\/\/www.cgtaragonlarioja.org\/fedens\/files\/2026\/01\/concentracion-martes-768x432.jpg 768w, https:\/\/www.cgtaragonlarioja.org\/fedens\/files\/2026\/01\/concentracion-martes-800x450.jpg 800w, https:\/\/www.cgtaragonlarioja.org\/fedens\/files\/2026\/01\/concentracion-martes.jpg 1280w\" sizes=\"auto, (max-width: 300px) 100vw, 300px\" \/><img loading=\"lazy\" decoding=\"async\" class=\"alignnone size-medium wp-image-22591\" src=\"https:\/\/www.cgtaragonlarioja.org\/fedens\/files\/2026\/01\/1-300x53.jpg\" alt=\"\" width=\"300\" height=\"53\" srcset=\"https:\/\/www.cgtaragonlarioja.org\/fedens\/files\/2026\/01\/1-300x53.jpg 300w, https:\/\/www.cgtaragonlarioja.org\/fedens\/files\/2026\/01\/1-1024x182.jpg 1024w, https:\/\/www.cgtaragonlarioja.org\/fedens\/files\/2026\/01\/1-768x136.jpg 768w, https:\/\/www.cgtaragonlarioja.org\/fedens\/files\/2026\/01\/1.jpg 1280w\" sizes=\"auto, (max-width: 300px) 100vw, 300px\" \/> <img loading=\"lazy\" decoding=\"async\" class=\"alignnone size-medium wp-image-22592\" src=\"https:\/\/www.cgtaragonlarioja.org\/fedens\/files\/2026\/01\/2-226x300.jpg\" alt=\"\" width=\"226\" height=\"300\" srcset=\"https:\/\/www.cgtaragonlarioja.org\/fedens\/files\/2026\/01\/2-226x300.jpg 226w, https:\/\/www.cgtaragonlarioja.org\/fedens\/files\/2026\/01\/2-771x1024.jpg 771w, https:\/\/www.cgtaragonlarioja.org\/fedens\/files\/2026\/01\/2-768x1020.jpg 768w, https:\/\/www.cgtaragonlarioja.org\/fedens\/files\/2026\/01\/2-450x600.jpg 450w, https:\/\/www.cgtaragonlarioja.org\/fedens\/files\/2026\/01\/2.jpg 964w\" sizes=\"auto, (max-width: 226px) 100vw, 226px\" \/> <img loading=\"lazy\" decoding=\"async\" class=\"alignnone size-medium wp-image-22593\" src=\"https:\/\/www.cgtaragonlarioja.org\/fedens\/files\/2026\/01\/3-300x226.jpg\" alt=\"\" width=\"300\" height=\"226\" srcset=\"https:\/\/www.cgtaragonlarioja.org\/fedens\/files\/2026\/01\/3-300x226.jpg 300w, https:\/\/www.cgtaragonlarioja.org\/fedens\/files\/2026\/01\/3-1024x771.jpg 1024w, https:\/\/www.cgtaragonlarioja.org\/fedens\/files\/2026\/01\/3-768x578.jpg 768w, https:\/\/www.cgtaragonlarioja.org\/fedens\/files\/2026\/01\/3-720x540.jpg 720w, https:\/\/www.cgtaragonlarioja.org\/fedens\/files\/2026\/01\/3-600x450.jpg 600w, https:\/\/www.cgtaragonlarioja.org\/fedens\/files\/2026\/01\/3.jpg 1280w\" sizes=\"auto, (max-width: 300px) 100vw, 300px\" \/> <img loading=\"lazy\" decoding=\"async\" class=\"alignnone size-medium wp-image-22594\" src=\"https:\/\/www.cgtaragonlarioja.org\/fedens\/files\/2026\/01\/4-300x240.jpg\" alt=\"\" width=\"300\" height=\"240\" srcset=\"https:\/\/www.cgtaragonlarioja.org\/fedens\/files\/2026\/01\/4-300x240.jpg 300w, https:\/\/www.cgtaragonlarioja.org\/fedens\/files\/2026\/01\/4-768x614.jpg 768w, https:\/\/www.cgtaragonlarioja.org\/fedens\/files\/2026\/01\/4.jpg 960w\" sizes=\"auto, (max-width: 300px) 100vw, 300px\" \/><img loading=\"lazy\" decoding=\"async\" class=\"alignnone size-medium wp-image-22588\" src=\"https:\/\/www.cgtaragonlarioja.org\/fedens\/files\/2026\/01\/Principal-225x300.jpg\" alt=\"\" width=\"225\" height=\"300\" srcset=\"https:\/\/www.cgtaragonlarioja.org\/fedens\/files\/2026\/01\/Principal-225x300.jpg 225w, https:\/\/www.cgtaragonlarioja.org\/fedens\/files\/2026\/01\/Principal-767x1024.jpg 767w, https:\/\/www.cgtaragonlarioja.org\/fedens\/files\/2026\/01\/Principal-768x1025.jpg 768w, https:\/\/www.cgtaragonlarioja.org\/fedens\/files\/2026\/01\/Principal-450x600.jpg 450w, https:\/\/www.cgtaragonlarioja.org\/fedens\/files\/2026\/01\/Principal.jpg 959w\" sizes=\"auto, (max-width: 225px) 100vw, 225px\" \/> <img loading=\"lazy\" decoding=\"async\" class=\"alignnone size-medium wp-image-22589\" src=\"https:\/\/www.cgtaragonlarioja.org\/fedens\/files\/2026\/01\/photo_1_2026-01-23_18-40-52-300x226.jpg\" alt=\"\" width=\"300\" height=\"226\" srcset=\"https:\/\/www.cgtaragonlarioja.org\/fedens\/files\/2026\/01\/photo_1_2026-01-23_18-40-52-300x226.jpg 300w, https:\/\/www.cgtaragonlarioja.org\/fedens\/files\/2026\/01\/photo_1_2026-01-23_18-40-52-1024x771.jpg 1024w, https:\/\/www.cgtaragonlarioja.org\/fedens\/files\/2026\/01\/photo_1_2026-01-23_18-40-52-768x578.jpg 768w, https:\/\/www.cgtaragonlarioja.org\/fedens\/files\/2026\/01\/photo_1_2026-01-23_18-40-52-720x540.jpg 720w, https:\/\/www.cgtaragonlarioja.org\/fedens\/files\/2026\/01\/photo_1_2026-01-23_18-40-52-600x450.jpg 600w, https:\/\/www.cgtaragonlarioja.org\/fedens\/files\/2026\/01\/photo_1_2026-01-23_18-40-52.jpg 1280w\" sizes=\"auto, (max-width: 300px) 100vw, 300px\" \/> <img loading=\"lazy\" decoding=\"async\" class=\"alignnone size-medium wp-image-22590\" src=\"https:\/\/www.cgtaragonlarioja.org\/fedens\/files\/2026\/01\/photo_2_2026-01-23_18-40-52-132x300.jpg\" alt=\"\" width=\"132\" height=\"300\" srcset=\"https:\/\/www.cgtaragonlarioja.org\/fedens\/files\/2026\/01\/photo_2_2026-01-23_18-40-52-132x300.jpg 132w, https:\/\/www.cgtaragonlarioja.org\/fedens\/files\/2026\/01\/photo_2_2026-01-23_18-40-52-450x1024.jpg 450w, https:\/\/www.cgtaragonlarioja.org\/fedens\/files\/2026\/01\/photo_2_2026-01-23_18-40-52.jpg 562w\" sizes=\"auto, (max-width: 132px) 100vw, 132px\" \/> <img loading=\"lazy\" decoding=\"async\" class=\"alignnone size-medium wp-image-22584\" src=\"https:\/\/www.cgtaragonlarioja.org\/fedens\/files\/2026\/01\/Mani-22-manana-300x225.jpg\" alt=\"\" width=\"300\" height=\"225\" srcset=\"https:\/\/www.cgtaragonlarioja.org\/fedens\/files\/2026\/01\/Mani-22-manana-300x225.jpg 300w, https:\/\/www.cgtaragonlarioja.org\/fedens\/files\/2026\/01\/Mani-22-manana-1024x768.jpg 1024w, https:\/\/www.cgtaragonlarioja.org\/fedens\/files\/2026\/01\/Mani-22-manana-768x576.jpg 768w, https:\/\/www.cgtaragonlarioja.org\/fedens\/files\/2026\/01\/Mani-22-manana-720x540.jpg 720w, https:\/\/www.cgtaragonlarioja.org\/fedens\/files\/2026\/01\/Mani-22-manana-600x450.jpg 600w, https:\/\/www.cgtaragonlarioja.org\/fedens\/files\/2026\/01\/Mani-22-manana.jpg 1280w\" sizes=\"auto, (max-width: 300px) 100vw, 300px\" \/> <img loading=\"lazy\" decoding=\"async\" class=\"alignnone size-medium wp-image-22585\" src=\"https:\/\/www.cgtaragonlarioja.org\/fedens\/files\/2026\/01\/Mani22T1-300x200.jpg\" alt=\"\" width=\"300\" height=\"200\" srcset=\"https:\/\/www.cgtaragonlarioja.org\/fedens\/files\/2026\/01\/Mani22T1-300x200.jpg 300w, https:\/\/www.cgtaragonlarioja.org\/fedens\/files\/2026\/01\/Mani22T1-1024x682.jpg 1024w, https:\/\/www.cgtaragonlarioja.org\/fedens\/files\/2026\/01\/Mani22T1-768x512.jpg 768w, https:\/\/www.cgtaragonlarioja.org\/fedens\/files\/2026\/01\/Mani22T1.jpg 1280w\" sizes=\"auto, (max-width: 300px) 100vw, 300px\" \/> <img loading=\"lazy\" decoding=\"async\" class=\"alignnone size-medium wp-image-22586\" src=\"https:\/\/www.cgtaragonlarioja.org\/fedens\/files\/2026\/01\/Mani22T2-300x225.jpg\" alt=\"\" width=\"300\" height=\"225\" srcset=\"https:\/\/www.cgtaragonlarioja.org\/fedens\/files\/2026\/01\/Mani22T2-300x225.jpg 300w, https:\/\/www.cgtaragonlarioja.org\/fedens\/files\/2026\/01\/Mani22T2-1024x769.jpg 1024w, https:\/\/www.cgtaragonlarioja.org\/fedens\/files\/2026\/01\/Mani22T2-768x577.jpg 768w, https:\/\/www.cgtaragonlarioja.org\/fedens\/files\/2026\/01\/Mani22T2-720x540.jpg 720w, https:\/\/www.cgtaragonlarioja.org\/fedens\/files\/2026\/01\/Mani22T2-600x450.jpg 600w, https:\/\/www.cgtaragonlarioja.org\/fedens\/files\/2026\/01\/Mani22T2.jpg 1280w\" sizes=\"auto, (max-width: 300px) 100vw, 300px\" \/> <img loading=\"lazy\" decoding=\"async\" class=\"alignnone size-medium wp-image-22587\" src=\"https:\/\/www.cgtaragonlarioja.org\/fedens\/files\/2026\/01\/ManiT3-300x200.jpg\" alt=\"\" width=\"300\" height=\"200\" srcset=\"https:\/\/www.cgtaragonlarioja.org\/fedens\/files\/2026\/01\/ManiT3-300x200.jpg 300w, https:\/\/www.cgtaragonlarioja.org\/fedens\/files\/2026\/01\/ManiT3-1024x682.jpg 1024w, https:\/\/www.cgtaragonlarioja.org\/fedens\/files\/2026\/01\/ManiT3-768x512.jpg 768w, https:\/\/www.cgtaragonlarioja.org\/fedens\/files\/2026\/01\/ManiT3.jpg 1280w\" sizes=\"auto, (max-width: 300px) 100vw, 300px\" \/><\/p>\n<p><strong>Seguimiento en medios.<\/strong><\/p>\n<p><a href=\"https:\/\/arainfo.org\/huelga-educativa-culmina-aragon-movilizacion-historica-escuela-publica\/\">Arainfo<\/a><\/p>\n<p><a href=\"https:\/\/www.elperiodicodearagon.com\/aragon\/2026\/01\/22\/escuela-publica-recorre-calles-zaragoza-125958418.html\">El Peri\u00f3dico de Arag\u00f3n<\/a><\/p>\n<p><a href=\"https:\/\/www.eldiario.es\/aragon\/sociedad\/aragon-vive-semana-protestas-educativas-exigir-inversion-escuela-publica_1_12927157.html\">Eldiario.es<\/a><\/p>\n<p><a href=\"https:\/\/www.heraldo.es\/noticias\/aragon\/2026\/01\/22\/miles-de-personas-claman-en-zaragoza-por-la-educacion-publica-en-la-manifestacion-que-cierra-tres-dias-de-huelga-1887754.html\">Heraldo de Arag\u00f3n<\/a><\/p>\n<p><a href=\"https:\/\/cadenaser.com\/aragon\/2026\/01\/22\/para-la-privada-nada-miles-de-docentes-y-estudiantes-toman-el-centro-de-zaragoza-se-manifiestan-contra-los-conciertos-educativos-radio-zaragoza\/\">Cadena Ser<\/a><\/p>\n<p><a href=\"https:\/\/www.rtve.es\/noticias\/20260123\/fotografia-educacion-aragon-falta-recursos-personal-problema-comun-escuela-rural-urbana\/16905358.shtml\">TVE Arag\u00f3n<\/a><\/p>\n<p><a href=\"https:\/\/www.europapress.es\/aragon\/noticia-huelga-educacion-aragon-gobierno-cifra-seguimiento-2154-mientras-cgt-eleva-52-ultima-jornada-20260122142942.html\">Europa Press\u00a0<\/a><\/p>\n<p><a href=\"https:\/\/www.cope.es\/emisoras\/aragon\/noticias\/educacion-publica-aragonesa-huelga-tres-dias-protestas-desvio-fondos-concertada-20260119_3289869.html\">Cadena Cope<\/a><\/p>\n<p><a href=\"https:\/\/www.diariodelaltoaragon.es\/noticias\/huesca\/2026\/01\/23\/defensa-de-la-escuela-publica-en-una-protesta-en-zaragoza-1887825-daa.html\">El Diario del Alto Arag\u00f3n<\/a><\/p>\n<p><a href=\"https:\/\/www.diariodeteruel.es\/teruel\/la-huelga-de-tres-dias-en-ensenanza-rozo-el-10-de-seguimiento-en-la-provincia\">Diario de Teruel<\/a><\/p>\n<p><a href=\"https:\/\/www.aragondigital.es\/articulo\/educacion\/educacion-es-negocio-protesta-cgt-llena-centro-zaragoza\/20260122183944962233.html\">Arag\u00f3n Digital<\/a><\/p>\n<p><a href=\"https:\/\/www.izquierdadiario.es\/La-huelga-educativa-en-Aragon-concluye-con-mas-de-un-50-de-seguimiento-y-movilizaciones-historicas\">Izquierda Diario<\/a><\/p>\n<p><a href=\"https:\/\/www.cartv.es\/aragonnoticias\/aragon\/el-21-5-de-los-docentes-aragoneses-secunda-la-huelga-de-la-educacion-publica-en-su-tercer-y-ultima-jornada-36845\">Arag\u00f3n noticias<\/a><\/p>\n<p><a href=\"https:\/\/www.youtube.com\/watch?v=QrPFK9PY0uE\">Arag\u00f3n Digital\u00a0<\/a><\/p>\n<p>&nbsp;<\/p>\n","protected":false},"excerpt":{"rendered":"<p>Los tres d\u00edas de lucha convocados por CGT han terminado con una multitudinaria manifestaci\u00f3n esta<\/p>\n","protected":false},"author":854,"featured_media":22588,"comment_status":"open","ping_status":"open","sticky":false,"template":"","format":"standard","meta":{"footnotes":""},"categories":[702,480],"tags":[],"class_list":["post-22567","post","type-post","status-publish","format-standard","has-post-thumbnail","hentry","category-movilizaciones","category-noticias"],"yoast_head":"<!-- This site is optimized with the Yoast SEO plugin v26.7 - https:\/\/yoast.com\/wordpress\/plugins\/seo\/ -->\n<title>La comunidad educativa responde a la convocatoria de CGT inundando las calles y vaciando las aulas<\/title>\n<meta name=\"description\" content=\"Los tres d\u00edas de lucha convocados por CGT han terminado con una multitudinaria manifestaci\u00f3n esta tarde en Zaragoza, que ha supuesto un magn\u00edfico cierre a\" \/>\n<meta name=\"robots\" content=\"index, follow, max-snippet:-1, max-image-preview:large, max-video-preview:-1\" \/>\n<link rel=\"canonical\" href=\"https:\/\/www.cgtaragonlarioja.org\/fedens\/la-comunidad-educativa-responde-a-la-convocatoria-de-cgt-inundado-las-calles-y-vaciando-las-aulas\/\" \/>\n<meta property=\"og:locale\" content=\"es_ES\" \/>\n<meta property=\"og:type\" content=\"article\" \/>\n<meta property=\"og:title\" content=\"La comunidad educativa responde a la convocatoria de CGT inundando las calles y vaciando las aulas\" \/>\n<meta property=\"og:description\" content=\"Los tres d\u00edas de lucha convocados por CGT han terminado con una multitudinaria manifestaci\u00f3n esta tarde en Zaragoza, que ha supuesto un magn\u00edfico cierre a\" \/>\n<meta property=\"og:url\" content=\"https:\/\/www.cgtaragonlarioja.org\/fedens\/la-comunidad-educativa-responde-a-la-convocatoria-de-cgt-inundado-las-calles-y-vaciando-las-aulas\/\" \/>\n<meta property=\"og:site_name\" content=\"CGT Arag\u00f3n - La Rioja. ENSE\u00d1ANZA\" \/>\n<meta property=\"article:publisher\" content=\"https:\/\/www.facebook.com\/CGTEnseAragon\/\" \/>\n<meta property=\"article:published_time\" content=\"2026-01-23T18:41:02+00:00\" \/>\n<meta property=\"article:modified_time\" content=\"2026-01-23T20:24:16+00:00\" \/>\n<meta property=\"og:image\" content=\"https:\/\/www.cgtaragonlarioja.org\/fedens\/files\/2026\/01\/Principal.jpg\" \/>\n\t<meta property=\"og:image:width\" content=\"959\" \/>\n\t<meta property=\"og:image:height\" content=\"1280\" \/>\n\t<meta property=\"og:image:type\" content=\"image\/jpeg\" \/>\n<meta name=\"author\" content=\"CGT Ense\u00f1anza Arag\u00f3n\" \/>\n<meta name=\"twitter:card\" content=\"summary_large_image\" \/>\n<meta name=\"twitter:creator\" content=\"@CGTeduAragon\" \/>\n<meta name=\"twitter:site\" content=\"@CGTeduAragon\" \/>\n<meta name=\"twitter:label1\" content=\"Escrito por\" \/>\n\t<meta name=\"twitter:data1\" content=\"CGT Ense\u00f1anza Arag\u00f3n\" \/>\n\t<meta name=\"twitter:label2\" content=\"Tiempo de lectura\" \/>\n\t<meta name=\"twitter:data2\" content=\"8 minutos\" \/>\n<script type=\"application\/ld+json\" class=\"yoast-schema-graph\">{\"@context\":\"https:\/\/schema.org\",\"@graph\":[{\"@type\":\"Article\",\"@id\":\"https:\/\/www.cgtaragonlarioja.org\/fedens\/la-comunidad-educativa-responde-a-la-convocatoria-de-cgt-inundado-las-calles-y-vaciando-las-aulas\/#article\",\"isPartOf\":{\"@id\":\"https:\/\/www.cgtaragonlarioja.org\/fedens\/la-comunidad-educativa-responde-a-la-convocatoria-de-cgt-inundado-las-calles-y-vaciando-las-aulas\/\"},\"author\":{\"name\":\"CGT Ense\u00f1anza Arag\u00f3n\",\"@id\":\"https:\/\/www.cgtaragonlarioja.org\/fedens\/#\/schema\/person\/f577cbf9ee1fb7519bfd883ac4f4032f\"},\"headline\":\"La comunidad educativa responde a la convocatoria de CGT inundando las calles y vaciando las aulas\",\"datePublished\":\"2026-01-23T18:41:02+00:00\",\"dateModified\":\"2026-01-23T20:24:16+00:00\",\"mainEntityOfPage\":{\"@id\":\"https:\/\/www.cgtaragonlarioja.org\/fedens\/la-comunidad-educativa-responde-a-la-convocatoria-de-cgt-inundado-las-calles-y-vaciando-las-aulas\/\"},\"wordCount\":543,\"commentCount\":0,\"publisher\":{\"@id\":\"https:\/\/www.cgtaragonlarioja.org\/fedens\/#organization\"},\"image\":{\"@id\":\"https:\/\/www.cgtaragonlarioja.org\/fedens\/la-comunidad-educativa-responde-a-la-convocatoria-de-cgt-inundado-las-calles-y-vaciando-las-aulas\/#primaryimage\"},\"thumbnailUrl\":\"https:\/\/www.cgtaragonlarioja.org\/fedens\/files\/2026\/01\/Principal.jpg\",\"articleSection\":[\"Movilizaciones\",\"Noticias\"],\"inLanguage\":\"es\",\"potentialAction\":[{\"@type\":\"CommentAction\",\"name\":\"Comment\",\"target\":[\"https:\/\/www.cgtaragonlarioja.org\/fedens\/la-comunidad-educativa-responde-a-la-convocatoria-de-cgt-inundado-las-calles-y-vaciando-las-aulas\/#respond\"]}]},{\"@type\":\"WebPage\",\"@id\":\"https:\/\/www.cgtaragonlarioja.org\/fedens\/la-comunidad-educativa-responde-a-la-convocatoria-de-cgt-inundado-las-calles-y-vaciando-las-aulas\/\",\"url\":\"https:\/\/www.cgtaragonlarioja.org\/fedens\/la-comunidad-educativa-responde-a-la-convocatoria-de-cgt-inundado-las-calles-y-vaciando-las-aulas\/\",\"name\":\"La comunidad educativa responde a la convocatoria de CGT inundando las calles y vaciando las aulas\",\"isPartOf\":{\"@id\":\"https:\/\/www.cgtaragonlarioja.org\/fedens\/#website\"},\"primaryImageOfPage\":{\"@id\":\"https:\/\/www.cgtaragonlarioja.org\/fedens\/la-comunidad-educativa-responde-a-la-convocatoria-de-cgt-inundado-las-calles-y-vaciando-las-aulas\/#primaryimage\"},\"image\":{\"@id\":\"https:\/\/www.cgtaragonlarioja.org\/fedens\/la-comunidad-educativa-responde-a-la-convocatoria-de-cgt-inundado-las-calles-y-vaciando-las-aulas\/#primaryimage\"},\"thumbnailUrl\":\"https:\/\/www.cgtaragonlarioja.org\/fedens\/files\/2026\/01\/Principal.jpg\",\"datePublished\":\"2026-01-23T18:41:02+00:00\",\"dateModified\":\"2026-01-23T20:24:16+00:00\",\"description\":\"Los tres d\u00edas de lucha convocados por CGT han terminado con una multitudinaria manifestaci\u00f3n esta tarde en Zaragoza, que ha supuesto un magn\u00edfico cierre a\",\"breadcrumb\":{\"@id\":\"https:\/\/www.cgtaragonlarioja.org\/fedens\/la-comunidad-educativa-responde-a-la-convocatoria-de-cgt-inundado-las-calles-y-vaciando-las-aulas\/#breadcrumb\"},\"inLanguage\":\"es\",\"potentialAction\":[{\"@type\":\"ReadAction\",\"target\":[\"https:\/\/www.cgtaragonlarioja.org\/fedens\/la-comunidad-educativa-responde-a-la-convocatoria-de-cgt-inundado-las-calles-y-vaciando-las-aulas\/\"]}]},{\"@type\":\"ImageObject\",\"inLanguage\":\"es\",\"@id\":\"https:\/\/www.cgtaragonlarioja.org\/fedens\/la-comunidad-educativa-responde-a-la-convocatoria-de-cgt-inundado-las-calles-y-vaciando-las-aulas\/#primaryimage\",\"url\":\"https:\/\/www.cgtaragonlarioja.org\/fedens\/files\/2026\/01\/Principal.jpg\",\"contentUrl\":\"https:\/\/www.cgtaragonlarioja.org\/fedens\/files\/2026\/01\/Principal.jpg\",\"width\":959,\"height\":1280},{\"@type\":\"BreadcrumbList\",\"@id\":\"https:\/\/www.cgtaragonlarioja.org\/fedens\/la-comunidad-educativa-responde-a-la-convocatoria-de-cgt-inundado-las-calles-y-vaciando-las-aulas\/#breadcrumb\",\"itemListElement\":[{\"@type\":\"ListItem\",\"position\":1,\"name\":\"Portada\",\"item\":\"https:\/\/www.cgtaragonlarioja.org\/fedens\/\"},{\"@type\":\"ListItem\",\"position\":2,\"name\":\"La comunidad educativa responde a la convocatoria de CGT inundando las calles y vaciando las aulas\"}]},{\"@type\":\"WebSite\",\"@id\":\"https:\/\/www.cgtaragonlarioja.org\/fedens\/#website\",\"url\":\"https:\/\/www.cgtaragonlarioja.org\/fedens\/\",\"name\":\"CGT Arag\u00f3n - La Rioja. ENSE\u00d1ANZA\",\"description\":\"CONTACTAR: Calatayud-Aranda: 654897973 \/ Huesca: 974238404 \/ Teruel: 978619265 \/ Zaragoza: 976922002\",\"publisher\":{\"@id\":\"https:\/\/www.cgtaragonlarioja.org\/fedens\/#organization\"},\"potentialAction\":[{\"@type\":\"SearchAction\",\"target\":{\"@type\":\"EntryPoint\",\"urlTemplate\":\"https:\/\/www.cgtaragonlarioja.org\/fedens\/?s={search_term_string}\"},\"query-input\":{\"@type\":\"PropertyValueSpecification\",\"valueRequired\":true,\"valueName\":\"search_term_string\"}}],\"inLanguage\":\"es\"},{\"@type\":\"Organization\",\"@id\":\"https:\/\/www.cgtaragonlarioja.org\/fedens\/#organization\",\"name\":\"CGT Arag\u00f3n y La Rioja - Ense\u00f1anza\",\"url\":\"https:\/\/www.cgtaragonlarioja.org\/fedens\/\",\"logo\":{\"@type\":\"ImageObject\",\"inLanguage\":\"es\",\"@id\":\"https:\/\/www.cgtaragonlarioja.org\/fedens\/#\/schema\/logo\/image\/\",\"url\":\"https:\/\/www.cgtaragonlarioja.org\/fedens\/files\/2021\/02\/logo_cgt_ense_huesca_170x250.png\",\"contentUrl\":\"https:\/\/www.cgtaragonlarioja.org\/fedens\/files\/2021\/02\/logo_cgt_ense_huesca_170x250.png\",\"width\":170,\"height\":250,\"caption\":\"CGT Arag\u00f3n y La Rioja - Ense\u00f1anza\"},\"image\":{\"@id\":\"https:\/\/www.cgtaragonlarioja.org\/fedens\/#\/schema\/logo\/image\/\"},\"sameAs\":[\"https:\/\/www.facebook.com\/CGTEnseAragon\/\",\"https:\/\/x.com\/CGTeduAragon\"]},{\"@type\":\"Person\",\"@id\":\"https:\/\/www.cgtaragonlarioja.org\/fedens\/#\/schema\/person\/f577cbf9ee1fb7519bfd883ac4f4032f\",\"name\":\"CGT Ense\u00f1anza Arag\u00f3n\",\"image\":{\"@type\":\"ImageObject\",\"inLanguage\":\"es\",\"@id\":\"https:\/\/www.cgtaragonlarioja.org\/fedens\/#\/schema\/person\/image\/\",\"url\":\"https:\/\/secure.gravatar.com\/avatar\/6591cafae8da970274bd48ef06b7f86ae2c2ba705fb2cdafa9b5f7f48c95a765?s=96&d=mm&r=g\",\"contentUrl\":\"https:\/\/secure.gravatar.com\/avatar\/6591cafae8da970274bd48ef06b7f86ae2c2ba705fb2cdafa9b5f7f48c95a765?s=96&d=mm&r=g\",\"caption\":\"CGT Ense\u00f1anza Arag\u00f3n\"},\"url\":\"https:\/\/www.cgtaragonlarioja.org\/fedens\/author\/fasecgt\/\"}]}<\/script>\n<!-- \/ Yoast SEO plugin. -->","yoast_head_json":{"title":"La comunidad educativa responde a la convocatoria de CGT inundando las calles y vaciando las aulas","description":"Los tres d\u00edas de lucha convocados por CGT han terminado con una multitudinaria manifestaci\u00f3n esta tarde en Zaragoza, que ha supuesto un magn\u00edfico cierre a","robots":{"index":"index","follow":"follow","max-snippet":"max-snippet:-1","max-image-preview":"max-image-preview:large","max-video-preview":"max-video-preview:-1"},"canonical":"https:\/\/www.cgtaragonlarioja.org\/fedens\/la-comunidad-educativa-responde-a-la-convocatoria-de-cgt-inundado-las-calles-y-vaciando-las-aulas\/","og_locale":"es_ES","og_type":"article","og_title":"La comunidad educativa responde a la convocatoria de CGT inundando las calles y vaciando las aulas","og_description":"Los tres d\u00edas de lucha convocados por CGT han terminado con una multitudinaria manifestaci\u00f3n esta tarde en Zaragoza, que ha supuesto un magn\u00edfico cierre a","og_url":"https:\/\/www.cgtaragonlarioja.org\/fedens\/la-comunidad-educativa-responde-a-la-convocatoria-de-cgt-inundado-las-calles-y-vaciando-las-aulas\/","og_site_name":"CGT Arag\u00f3n - La Rioja. ENSE\u00d1ANZA","article_publisher":"https:\/\/www.facebook.com\/CGTEnseAragon\/","article_published_time":"2026-01-23T18:41:02+00:00","article_modified_time":"2026-01-23T20:24:16+00:00","og_image":[{"width":959,"height":1280,"url":"https:\/\/www.cgtaragonlarioja.org\/fedens\/files\/2026\/01\/Principal.jpg","type":"image\/jpeg"}],"author":"CGT Ense\u00f1anza Arag\u00f3n","twitter_card":"summary_large_image","twitter_creator":"@CGTeduAragon","twitter_site":"@CGTeduAragon","twitter_misc":{"Escrito por":"CGT Ense\u00f1anza Arag\u00f3n","Tiempo de lectura":"8 minutos"},"schema":{"@context":"https:\/\/schema.org","@graph":[{"@type":"Article","@id":"https:\/\/www.cgtaragonlarioja.org\/fedens\/la-comunidad-educativa-responde-a-la-convocatoria-de-cgt-inundado-las-calles-y-vaciando-las-aulas\/#article","isPartOf":{"@id":"https:\/\/www.cgtaragonlarioja.org\/fedens\/la-comunidad-educativa-responde-a-la-convocatoria-de-cgt-inundado-las-calles-y-vaciando-las-aulas\/"},"author":{"name":"CGT Ense\u00f1anza Arag\u00f3n","@id":"https:\/\/www.cgtaragonlarioja.org\/fedens\/#\/schema\/person\/f577cbf9ee1fb7519bfd883ac4f4032f"},"headline":"La comunidad educativa responde a la convocatoria de CGT inundando las calles y vaciando las aulas","datePublished":"2026-01-23T18:41:02+00:00","dateModified":"2026-01-23T20:24:16+00:00","mainEntityOfPage":{"@id":"https:\/\/www.cgtaragonlarioja.org\/fedens\/la-comunidad-educativa-responde-a-la-convocatoria-de-cgt-inundado-las-calles-y-vaciando-las-aulas\/"},"wordCount":543,"commentCount":0,"publisher":{"@id":"https:\/\/www.cgtaragonlarioja.org\/fedens\/#organization"},"image":{"@id":"https:\/\/www.cgtaragonlarioja.org\/fedens\/la-comunidad-educativa-responde-a-la-convocatoria-de-cgt-inundado-las-calles-y-vaciando-las-aulas\/#primaryimage"},"thumbnailUrl":"https:\/\/www.cgtaragonlarioja.org\/fedens\/files\/2026\/01\/Principal.jpg","articleSection":["Movilizaciones","Noticias"],"inLanguage":"es","potentialAction":[{"@type":"CommentAction","name":"Comment","target":["https:\/\/www.cgtaragonlarioja.org\/fedens\/la-comunidad-educativa-responde-a-la-convocatoria-de-cgt-inundado-las-calles-y-vaciando-las-aulas\/#respond"]}]},{"@type":"WebPage","@id":"https:\/\/www.cgtaragonlarioja.org\/fedens\/la-comunidad-educativa-responde-a-la-convocatoria-de-cgt-inundado-las-calles-y-vaciando-las-aulas\/","url":"https:\/\/www.cgtaragonlarioja.org\/fedens\/la-comunidad-educativa-responde-a-la-convocatoria-de-cgt-inundado-las-calles-y-vaciando-las-aulas\/","name":"La comunidad educativa responde a la convocatoria de CGT inundando las calles y vaciando las aulas","isPartOf":{"@id":"https:\/\/www.cgtaragonlarioja.org\/fedens\/#website"},"primaryImageOfPage":{"@id":"https:\/\/www.cgtaragonlarioja.org\/fedens\/la-comunidad-educativa-responde-a-la-convocatoria-de-cgt-inundado-las-calles-y-vaciando-las-aulas\/#primaryimage"},"image":{"@id":"https:\/\/www.cgtaragonlarioja.org\/fedens\/la-comunidad-educativa-responde-a-la-convocatoria-de-cgt-inundado-las-calles-y-vaciando-las-aulas\/#primaryimage"},"thumbnailUrl":"https:\/\/www.cgtaragonlarioja.org\/fedens\/files\/2026\/01\/Principal.jpg","datePublished":"2026-01-23T18:41:02+00:00","dateModified":"2026-01-23T20:24:16+00:00","description":"Los tres d\u00edas de lucha convocados por CGT han terminado con una multitudinaria manifestaci\u00f3n esta tarde en Zaragoza, que ha supuesto un magn\u00edfico cierre a","breadcrumb":{"@id":"https:\/\/www.cgtaragonlarioja.org\/fedens\/la-comunidad-educativa-responde-a-la-convocatoria-de-cgt-inundado-las-calles-y-vaciando-las-aulas\/#breadcrumb"},"inLanguage":"es","potentialAction":[{"@type":"ReadAction","target":["https:\/\/www.cgtaragonlarioja.org\/fedens\/la-comunidad-educativa-responde-a-la-convocatoria-de-cgt-inundado-las-calles-y-vaciando-las-aulas\/"]}]},{"@type":"ImageObject","inLanguage":"es","@id":"https:\/\/www.cgtaragonlarioja.org\/fedens\/la-comunidad-educativa-responde-a-la-convocatoria-de-cgt-inundado-las-calles-y-vaciando-las-aulas\/#primaryimage","url":"https:\/\/www.cgtaragonlarioja.org\/fedens\/files\/2026\/01\/Principal.jpg","contentUrl":"https:\/\/www.cgtaragonlarioja.org\/fedens\/files\/2026\/01\/Principal.jpg","width":959,"height":1280},{"@type":"BreadcrumbList","@id":"https:\/\/www.cgtaragonlarioja.org\/fedens\/la-comunidad-educativa-responde-a-la-convocatoria-de-cgt-inundado-las-calles-y-vaciando-las-aulas\/#breadcrumb","itemListElement":[{"@type":"ListItem","position":1,"name":"Portada","item":"https:\/\/www.cgtaragonlarioja.org\/fedens\/"},{"@type":"ListItem","position":2,"name":"La comunidad educativa responde a la convocatoria de CGT inundando las calles y vaciando las aulas"}]},{"@type":"WebSite","@id":"https:\/\/www.cgtaragonlarioja.org\/fedens\/#website","url":"https:\/\/www.cgtaragonlarioja.org\/fedens\/","name":"CGT Arag\u00f3n - La Rioja. ENSE\u00d1ANZA","description":"CONTACTAR: Calatayud-Aranda: 654897973 \/ Huesca: 974238404 \/ Teruel: 978619265 \/ Zaragoza: 976922002","publisher":{"@id":"https:\/\/www.cgtaragonlarioja.org\/fedens\/#organization"},"potentialAction":[{"@type":"SearchAction","target":{"@type":"EntryPoint","urlTemplate":"https:\/\/www.cgtaragonlarioja.org\/fedens\/?s={search_term_string}"},"query-input":{"@type":"PropertyValueSpecification","valueRequired":true,"valueName":"search_term_string"}}],"inLanguage":"es"},{"@type":"Organization","@id":"https:\/\/www.cgtaragonlarioja.org\/fedens\/#organization","name":"CGT Arag\u00f3n y La Rioja - Ense\u00f1anza","url":"https:\/\/www.cgtaragonlarioja.org\/fedens\/","logo":{"@type":"ImageObject","inLanguage":"es","@id":"https:\/\/www.cgtaragonlarioja.org\/fedens\/#\/schema\/logo\/image\/","url":"https:\/\/www.cgtaragonlarioja.org\/fedens\/files\/2021\/02\/logo_cgt_ense_huesca_170x250.png","contentUrl":"https:\/\/www.cgtaragonlarioja.org\/fedens\/files\/2021\/02\/logo_cgt_ense_huesca_170x250.png","width":170,"height":250,"caption":"CGT Arag\u00f3n y La Rioja - Ense\u00f1anza"},"image":{"@id":"https:\/\/www.cgtaragonlarioja.org\/fedens\/#\/schema\/logo\/image\/"},"sameAs":["https:\/\/www.facebook.com\/CGTEnseAragon\/","https:\/\/x.com\/CGTeduAragon"]},{"@type":"Person","@id":"https:\/\/www.cgtaragonlarioja.org\/fedens\/#\/schema\/person\/f577cbf9ee1fb7519bfd883ac4f4032f","name":"CGT Ense\u00f1anza Arag\u00f3n","image":{"@type":"ImageObject","inLanguage":"es","@id":"https:\/\/www.cgtaragonlarioja.org\/fedens\/#\/schema\/person\/image\/","url":"https:\/\/secure.gravatar.com\/avatar\/6591cafae8da970274bd48ef06b7f86ae2c2ba705fb2cdafa9b5f7f48c95a765?s=96&d=mm&r=g","contentUrl":"https:\/\/secure.gravatar.com\/avatar\/6591cafae8da970274bd48ef06b7f86ae2c2ba705fb2cdafa9b5f7f48c95a765?s=96&d=mm&r=g","caption":"CGT Ense\u00f1anza Arag\u00f3n"},"url":"https:\/\/www.cgtaragonlarioja.org\/fedens\/author\/fasecgt\/"}]}},"_links":{"self":[{"href":"https:\/\/www.cgtaragonlarioja.org\/fedens\/wp-json\/wp\/v2\/posts\/22567","targetHints":{"allow":["GET"]}}],"collection":[{"href":"https:\/\/www.cgtaragonlarioja.org\/fedens\/wp-json\/wp\/v2\/posts"}],"about":[{"href":"https:\/\/www.cgtaragonlarioja.org\/fedens\/wp-json\/wp\/v2\/types\/post"}],"author":[{"embeddable":true,"href":"https:\/\/www.cgtaragonlarioja.org\/fedens\/wp-json\/wp\/v2\/users\/854"}],"replies":[{"embeddable":true,"href":"https:\/\/www.cgtaragonlarioja.org\/fedens\/wp-json\/wp\/v2\/comments?post=22567"}],"version-history":[{"count":5,"href":"https:\/\/www.cgtaragonlarioja.org\/fedens\/wp-json\/wp\/v2\/posts\/22567\/revisions"}],"predecessor-version":[{"id":22598,"href":"https:\/\/www.cgtaragonlarioja.org\/fedens\/wp-json\/wp\/v2\/posts\/22567\/revisions\/22598"}],"wp:featuredmedia":[{"embeddable":true,"href":"https:\/\/www.cgtaragonlarioja.org\/fedens\/wp-json\/wp\/v2\/media\/22588"}],"wp:attachment":[{"href":"https:\/\/www.cgtaragonlarioja.org\/fedens\/wp-json\/wp\/v2\/media?parent=22567"}],"wp:term":[{"taxonomy":"category","embeddable":true,"href":"https:\/\/www.cgtaragonlarioja.org\/fedens\/wp-json\/wp\/v2\/categories?post=22567"},{"taxonomy":"post_tag","embeddable":true,"href":"https:\/\/www.cgtaragonlarioja.org\/fedens\/wp-json\/wp\/v2\/tags?post=22567"}],"curies":[{"name":"wp","href":"https:\/\/api.w.org\/{rel}","templated":true}]}}