{"id":22547,"date":"2026-01-20T19:28:13","date_gmt":"2026-01-20T18:28:13","guid":{"rendered":"https:\/\/www.cgtaragonlarioja.org\/fedens\/?p=22547"},"modified":"2026-01-20T19:28:13","modified_gmt":"2026-01-20T18:28:13","slug":"el-profesorado-aragones-defiende-a-la-escuela-publica-en-una-historica-jornada","status":"publish","type":"post","link":"https:\/\/www.cgtaragonlarioja.org\/fedens\/el-profesorado-aragones-defiende-a-la-escuela-publica-en-una-historica-jornada\/","title":{"rendered":"EL profesorado aragon\u00e9s defiende a la Escuela P\u00fablica en una hist\u00f3rica jornada"},"content":{"rendered":"<p>La primera jornada de huelga ha sido un rotundo \u00e9xito que ha desbordado las previsiones m\u00e1s optimistas, alrededor de un 45% del profesorado que pod\u00eda hacerlo ha secundado la huelga, todo pese a unos servicios m\u00ednimos abusivos y a una campa\u00f1a de informaciones sesgadas y falsas que han pretendido desmovilizar.<br \/>\nA pesar de todo ello, la comunidad educativa ha salido a la calle a defender la escuela p\u00fablica, y a exigir al Gobierno de Arag\u00f3n que eche para atr\u00e1s la concertaci\u00f3n del bachillerato y las subvenciones a las guarder\u00edas privadas, medidas a las que pretende destinar m\u00e1s de 20 millones de euros solo el pr\u00f3ximo curso, dinero que exigimos deber\u00eda ir a mejorar la condiciones de la Escuela P\u00fablica. \u00a1Dinero p\u00fablico para la Escuela P\u00fablica!<\/p>\n<p>Esto no para aqu\u00ed, quedan dos jornadas de lucha, y quien no haya estado hoy puede unirse, lo importante es sumar.<\/p>\n<p>Concertar el bachillerato cuando en centros p\u00fablicos hay 2300 vacantes es derrochar con un objetivo ideol\u00f3gico.<\/p>\n<p>Arag\u00f3n merece que su Gobierno dote a la Escuela P\u00fablica de recursos suficientes, no puede ser que solo destine el 3,5% de su PIB cuando la media estatal es del 4,6%.<\/p>\n<p>\u00a1Llenemos Arag\u00f3n de orgullo por la Escuela P\u00fablica y digamos a Azc\u00f3n bien claro que basta de privatizar, y que el dinero P\u00fablico es para la Escuela P\u00fablica!<\/p>\n<div style=\"width: 640px;\" class=\"wp-video\"><video class=\"wp-video-shortcode\" id=\"video-22547-1\" width=\"640\" height=\"1138\" preload=\"metadata\" controls=\"controls\"><source type=\"video\/mp4\" src=\"https:\/\/www.cgtaragonlarioja.org\/fedens\/files\/2026\/01\/video_2026-01-20_19-27-08.mp4?_=1\" \/><a href=\"https:\/\/www.cgtaragonlarioja.org\/fedens\/files\/2026\/01\/video_2026-01-20_19-27-08.mp4\">https:\/\/www.cgtaragonlarioja.org\/fedens\/files\/2026\/01\/video_2026-01-20_19-27-08.mp4<\/a><\/video><\/div>\n<p><a href=\"https:\/\/www.heraldo.es\/noticias\/aragon\/2026\/01\/20\/primera-jornada-huelga-colegios-aragon-gobierno-quien-gobierne-educacion-publica-defiende-1887012.html\">Heraldo de Arag\u00f3n<\/a><\/p>\n<p><a href=\"https:\/\/www.elperiodicodearagon.com\/videos\/aragon\/2026\/01\/20\/primer-dia-huelga-educativa-aragon-125874523.amp.html\">El Peri\u00f3dico de Arag\u00f3n videos<\/a><\/p>\n<p><a href=\"https:\/\/arainfo.org\/la-huelga-educativa-arranca-en-aragon-con-un-seguimiento-cercano-al-50-y-multitudinarias-movilizaciones\/\">Arainfo<\/a><\/p>\n<p><a href=\"https:\/\/www.rtve.es\/play\/videos\/noticias-aragon\/noticias-aragon-20-01-26\/16902331\/\">RTVE<\/a><\/p>\n<p><a href=\"https:\/\/www.cartv.es\/aragonnoticias\/aragon\/primera-jornada-de-huelga-en-la-ensenanza-publica-de-aragon-convocada-por-cgt-36790\">Arag\u00f3n TV<\/a><\/p>\n<p><a href=\"https:\/\/cadenaser.com\/aragon\/2026\/01\/20\/docentes-alumnos-y-familias-sacan-su-lista-de-carencias-escolares-para-combatir-los-conciertos-radio-zaragoza\/\">Cadena Ser<\/a><\/p>\n<p><a href=\"https:\/\/www.ondacero.es\/emisoras\/aragon\/noticias\/sindicato-cgt-sale-calle-defender-escuela-publica_20260120696f7744f21351044da2e888.html\">Onda Cero<\/a><\/p>\n<p><a href=\"https:\/\/www.diariodelaltoaragon.es\/multimedia\/videos\/huesca\/concentracion-en-la-plaza-cervantes-de-huesca-por-la-huelga-de-la-escuela-publica\/\">El diario del Altoarag\u00f3n\u00a0<\/a><\/p>\n<p>&nbsp;<\/p>\n","protected":false},"excerpt":{"rendered":"<p>La primera jornada de huelga ha sido un rotundo \u00e9xito que ha desbordado las previsiones<\/p>\n","protected":false},"author":854,"featured_media":22548,"comment_status":"open","ping_status":"open","sticky":false,"template":"","format":"standard","meta":{"footnotes":""},"categories":[702,480],"tags":[],"class_list":["post-22547","post","type-post","status-publish","format-standard","has-post-thumbnail","hentry","category-movilizaciones","category-noticias"],"yoast_head":"<!-- This site is optimized with the Yoast SEO plugin v26.7 - https:\/\/yoast.com\/wordpress\/plugins\/seo\/ -->\n<title>EL profesorado aragon\u00e9s defiende a la Escuela P\u00fablica en una hist\u00f3rica jornada<\/title>\n<meta name=\"description\" content=\"La primera jornada de huelga ha sido un rotundo \u00e9xito que ha desbordado las previsiones m\u00e1s optimistas, alrededor de un 45% del profesorado que pod\u00eda\" \/>\n<meta name=\"robots\" content=\"index, follow, max-snippet:-1, max-image-preview:large, max-video-preview:-1\" \/>\n<link rel=\"canonical\" href=\"https:\/\/www.cgtaragonlarioja.org\/fedens\/el-profesorado-aragones-defiende-a-la-escuela-publica-en-una-historica-jornada\/\" \/>\n<meta property=\"og:locale\" content=\"es_ES\" \/>\n<meta property=\"og:type\" content=\"article\" \/>\n<meta property=\"og:title\" content=\"EL profesorado aragon\u00e9s defiende a la Escuela P\u00fablica en una hist\u00f3rica jornada\" \/>\n<meta property=\"og:description\" content=\"La primera jornada de huelga ha sido un rotundo \u00e9xito que ha desbordado las previsiones m\u00e1s optimistas, alrededor de un 45% del profesorado que pod\u00eda\" \/>\n<meta property=\"og:url\" content=\"https:\/\/www.cgtaragonlarioja.org\/fedens\/el-profesorado-aragones-defiende-a-la-escuela-publica-en-una-historica-jornada\/\" \/>\n<meta property=\"og:site_name\" content=\"CGT Arag\u00f3n - La Rioja. ENSE\u00d1ANZA\" \/>\n<meta property=\"article:publisher\" content=\"https:\/\/www.facebook.com\/CGTEnseAragon\/\" \/>\n<meta property=\"article:published_time\" content=\"2026-01-20T18:28:13+00:00\" \/>\n<meta property=\"og:image\" content=\"https:\/\/www.cgtaragonlarioja.org\/fedens\/files\/2026\/01\/Huelga-CGT.jpg\" \/>\n\t<meta property=\"og:image:width\" content=\"904\" \/>\n\t<meta property=\"og:image:height\" content=\"1280\" \/>\n\t<meta property=\"og:image:type\" content=\"image\/jpeg\" \/>\n<meta name=\"author\" content=\"CGT Ense\u00f1anza Arag\u00f3n\" \/>\n<meta name=\"twitter:card\" content=\"summary_large_image\" \/>\n<meta name=\"twitter:creator\" content=\"@CGTeduAragon\" \/>\n<meta name=\"twitter:site\" content=\"@CGTeduAragon\" \/>\n<meta name=\"twitter:label1\" content=\"Escrito por\" \/>\n\t<meta name=\"twitter:data1\" content=\"CGT Ense\u00f1anza Arag\u00f3n\" \/>\n\t<meta name=\"twitter:label2\" content=\"Tiempo de lectura\" \/>\n\t<meta name=\"twitter:data2\" content=\"2 minutos\" \/>\n<script type=\"application\/ld+json\" class=\"yoast-schema-graph\">{\"@context\":\"https:\/\/schema.org\",\"@graph\":[{\"@type\":\"Article\",\"@id\":\"https:\/\/www.cgtaragonlarioja.org\/fedens\/el-profesorado-aragones-defiende-a-la-escuela-publica-en-una-historica-jornada\/#article\",\"isPartOf\":{\"@id\":\"https:\/\/www.cgtaragonlarioja.org\/fedens\/el-profesorado-aragones-defiende-a-la-escuela-publica-en-una-historica-jornada\/\"},\"author\":{\"name\":\"CGT Ense\u00f1anza Arag\u00f3n\",\"@id\":\"https:\/\/www.cgtaragonlarioja.org\/fedens\/#\/schema\/person\/f577cbf9ee1fb7519bfd883ac4f4032f\"},\"headline\":\"EL profesorado aragon\u00e9s defiende a la Escuela P\u00fablica en una hist\u00f3rica jornada\",\"datePublished\":\"2026-01-20T18:28:13+00:00\",\"mainEntityOfPage\":{\"@id\":\"https:\/\/www.cgtaragonlarioja.org\/fedens\/el-profesorado-aragones-defiende-a-la-escuela-publica-en-una-historica-jornada\/\"},\"wordCount\":298,\"commentCount\":0,\"publisher\":{\"@id\":\"https:\/\/www.cgtaragonlarioja.org\/fedens\/#organization\"},\"image\":{\"@id\":\"https:\/\/www.cgtaragonlarioja.org\/fedens\/el-profesorado-aragones-defiende-a-la-escuela-publica-en-una-historica-jornada\/#primaryimage\"},\"thumbnailUrl\":\"https:\/\/www.cgtaragonlarioja.org\/fedens\/files\/2026\/01\/Huelga-CGT.jpg\",\"articleSection\":[\"Movilizaciones\",\"Noticias\"],\"inLanguage\":\"es\",\"potentialAction\":[{\"@type\":\"CommentAction\",\"name\":\"Comment\",\"target\":[\"https:\/\/www.cgtaragonlarioja.org\/fedens\/el-profesorado-aragones-defiende-a-la-escuela-publica-en-una-historica-jornada\/#respond\"]}]},{\"@type\":\"WebPage\",\"@id\":\"https:\/\/www.cgtaragonlarioja.org\/fedens\/el-profesorado-aragones-defiende-a-la-escuela-publica-en-una-historica-jornada\/\",\"url\":\"https:\/\/www.cgtaragonlarioja.org\/fedens\/el-profesorado-aragones-defiende-a-la-escuela-publica-en-una-historica-jornada\/\",\"name\":\"EL profesorado aragon\u00e9s defiende a la Escuela P\u00fablica en una hist\u00f3rica jornada\",\"isPartOf\":{\"@id\":\"https:\/\/www.cgtaragonlarioja.org\/fedens\/#website\"},\"primaryImageOfPage\":{\"@id\":\"https:\/\/www.cgtaragonlarioja.org\/fedens\/el-profesorado-aragones-defiende-a-la-escuela-publica-en-una-historica-jornada\/#primaryimage\"},\"image\":{\"@id\":\"https:\/\/www.cgtaragonlarioja.org\/fedens\/el-profesorado-aragones-defiende-a-la-escuela-publica-en-una-historica-jornada\/#primaryimage\"},\"thumbnailUrl\":\"https:\/\/www.cgtaragonlarioja.org\/fedens\/files\/2026\/01\/Huelga-CGT.jpg\",\"datePublished\":\"2026-01-20T18:28:13+00:00\",\"description\":\"La primera jornada de huelga ha sido un rotundo \u00e9xito que ha desbordado las previsiones m\u00e1s optimistas, alrededor de un 45% del profesorado que pod\u00eda\",\"breadcrumb\":{\"@id\":\"https:\/\/www.cgtaragonlarioja.org\/fedens\/el-profesorado-aragones-defiende-a-la-escuela-publica-en-una-historica-jornada\/#breadcrumb\"},\"inLanguage\":\"es\",\"potentialAction\":[{\"@type\":\"ReadAction\",\"target\":[\"https:\/\/www.cgtaragonlarioja.org\/fedens\/el-profesorado-aragones-defiende-a-la-escuela-publica-en-una-historica-jornada\/\"]}]},{\"@type\":\"ImageObject\",\"inLanguage\":\"es\",\"@id\":\"https:\/\/www.cgtaragonlarioja.org\/fedens\/el-profesorado-aragones-defiende-a-la-escuela-publica-en-una-historica-jornada\/#primaryimage\",\"url\":\"https:\/\/www.cgtaragonlarioja.org\/fedens\/files\/2026\/01\/Huelga-CGT.jpg\",\"contentUrl\":\"https:\/\/www.cgtaragonlarioja.org\/fedens\/files\/2026\/01\/Huelga-CGT.jpg\",\"width\":904,\"height\":1280},{\"@type\":\"BreadcrumbList\",\"@id\":\"https:\/\/www.cgtaragonlarioja.org\/fedens\/el-profesorado-aragones-defiende-a-la-escuela-publica-en-una-historica-jornada\/#breadcrumb\",\"itemListElement\":[{\"@type\":\"ListItem\",\"position\":1,\"name\":\"Portada\",\"item\":\"https:\/\/www.cgtaragonlarioja.org\/fedens\/\"},{\"@type\":\"ListItem\",\"position\":2,\"name\":\"EL profesorado aragon\u00e9s defiende a la Escuela P\u00fablica en una hist\u00f3rica jornada\"}]},{\"@type\":\"WebSite\",\"@id\":\"https:\/\/www.cgtaragonlarioja.org\/fedens\/#website\",\"url\":\"https:\/\/www.cgtaragonlarioja.org\/fedens\/\",\"name\":\"CGT Arag\u00f3n - La Rioja. ENSE\u00d1ANZA\",\"description\":\"CONTACTAR: Calatayud-Aranda: 654897973 \/ Huesca: 974238404 \/ Teruel: 978619265 \/ Zaragoza: 976922002\",\"publisher\":{\"@id\":\"https:\/\/www.cgtaragonlarioja.org\/fedens\/#organization\"},\"potentialAction\":[{\"@type\":\"SearchAction\",\"target\":{\"@type\":\"EntryPoint\",\"urlTemplate\":\"https:\/\/www.cgtaragonlarioja.org\/fedens\/?s={search_term_string}\"},\"query-input\":{\"@type\":\"PropertyValueSpecification\",\"valueRequired\":true,\"valueName\":\"search_term_string\"}}],\"inLanguage\":\"es\"},{\"@type\":\"Organization\",\"@id\":\"https:\/\/www.cgtaragonlarioja.org\/fedens\/#organization\",\"name\":\"CGT Arag\u00f3n y La Rioja - Ense\u00f1anza\",\"url\":\"https:\/\/www.cgtaragonlarioja.org\/fedens\/\",\"logo\":{\"@type\":\"ImageObject\",\"inLanguage\":\"es\",\"@id\":\"https:\/\/www.cgtaragonlarioja.org\/fedens\/#\/schema\/logo\/image\/\",\"url\":\"https:\/\/www.cgtaragonlarioja.org\/fedens\/files\/2021\/02\/logo_cgt_ense_huesca_170x250.png\",\"contentUrl\":\"https:\/\/www.cgtaragonlarioja.org\/fedens\/files\/2021\/02\/logo_cgt_ense_huesca_170x250.png\",\"width\":170,\"height\":250,\"caption\":\"CGT Arag\u00f3n y La Rioja - Ense\u00f1anza\"},\"image\":{\"@id\":\"https:\/\/www.cgtaragonlarioja.org\/fedens\/#\/schema\/logo\/image\/\"},\"sameAs\":[\"https:\/\/www.facebook.com\/CGTEnseAragon\/\",\"https:\/\/x.com\/CGTeduAragon\"]},{\"@type\":\"Person\",\"@id\":\"https:\/\/www.cgtaragonlarioja.org\/fedens\/#\/schema\/person\/f577cbf9ee1fb7519bfd883ac4f4032f\",\"name\":\"CGT Ense\u00f1anza Arag\u00f3n\",\"image\":{\"@type\":\"ImageObject\",\"inLanguage\":\"es\",\"@id\":\"https:\/\/www.cgtaragonlarioja.org\/fedens\/#\/schema\/person\/image\/\",\"url\":\"https:\/\/secure.gravatar.com\/avatar\/6591cafae8da970274bd48ef06b7f86ae2c2ba705fb2cdafa9b5f7f48c95a765?s=96&d=mm&r=g\",\"contentUrl\":\"https:\/\/secure.gravatar.com\/avatar\/6591cafae8da970274bd48ef06b7f86ae2c2ba705fb2cdafa9b5f7f48c95a765?s=96&d=mm&r=g\",\"caption\":\"CGT Ense\u00f1anza Arag\u00f3n\"},\"url\":\"https:\/\/www.cgtaragonlarioja.org\/fedens\/author\/fasecgt\/\"}]}<\/script>\n<!-- \/ Yoast SEO plugin. -->","yoast_head_json":{"title":"EL profesorado aragon\u00e9s defiende a la Escuela P\u00fablica en una hist\u00f3rica jornada","description":"La primera jornada de huelga ha sido un rotundo \u00e9xito que ha desbordado las previsiones m\u00e1s optimistas, alrededor de un 45% del profesorado que pod\u00eda","robots":{"index":"index","follow":"follow","max-snippet":"max-snippet:-1","max-image-preview":"max-image-preview:large","max-video-preview":"max-video-preview:-1"},"canonical":"https:\/\/www.cgtaragonlarioja.org\/fedens\/el-profesorado-aragones-defiende-a-la-escuela-publica-en-una-historica-jornada\/","og_locale":"es_ES","og_type":"article","og_title":"EL profesorado aragon\u00e9s defiende a la Escuela P\u00fablica en una hist\u00f3rica jornada","og_description":"La primera jornada de huelga ha sido un rotundo \u00e9xito que ha desbordado las previsiones m\u00e1s optimistas, alrededor de un 45% del profesorado que pod\u00eda","og_url":"https:\/\/www.cgtaragonlarioja.org\/fedens\/el-profesorado-aragones-defiende-a-la-escuela-publica-en-una-historica-jornada\/","og_site_name":"CGT Arag\u00f3n - La Rioja. ENSE\u00d1ANZA","article_publisher":"https:\/\/www.facebook.com\/CGTEnseAragon\/","article_published_time":"2026-01-20T18:28:13+00:00","og_image":[{"width":904,"height":1280,"url":"https:\/\/www.cgtaragonlarioja.org\/fedens\/files\/2026\/01\/Huelga-CGT.jpg","type":"image\/jpeg"}],"author":"CGT Ense\u00f1anza Arag\u00f3n","twitter_card":"summary_large_image","twitter_creator":"@CGTeduAragon","twitter_site":"@CGTeduAragon","twitter_misc":{"Escrito por":"CGT Ense\u00f1anza Arag\u00f3n","Tiempo de lectura":"2 minutos"},"schema":{"@context":"https:\/\/schema.org","@graph":[{"@type":"Article","@id":"https:\/\/www.cgtaragonlarioja.org\/fedens\/el-profesorado-aragones-defiende-a-la-escuela-publica-en-una-historica-jornada\/#article","isPartOf":{"@id":"https:\/\/www.cgtaragonlarioja.org\/fedens\/el-profesorado-aragones-defiende-a-la-escuela-publica-en-una-historica-jornada\/"},"author":{"name":"CGT Ense\u00f1anza Arag\u00f3n","@id":"https:\/\/www.cgtaragonlarioja.org\/fedens\/#\/schema\/person\/f577cbf9ee1fb7519bfd883ac4f4032f"},"headline":"EL profesorado aragon\u00e9s defiende a la Escuela P\u00fablica en una hist\u00f3rica jornada","datePublished":"2026-01-20T18:28:13+00:00","mainEntityOfPage":{"@id":"https:\/\/www.cgtaragonlarioja.org\/fedens\/el-profesorado-aragones-defiende-a-la-escuela-publica-en-una-historica-jornada\/"},"wordCount":298,"commentCount":0,"publisher":{"@id":"https:\/\/www.cgtaragonlarioja.org\/fedens\/#organization"},"image":{"@id":"https:\/\/www.cgtaragonlarioja.org\/fedens\/el-profesorado-aragones-defiende-a-la-escuela-publica-en-una-historica-jornada\/#primaryimage"},"thumbnailUrl":"https:\/\/www.cgtaragonlarioja.org\/fedens\/files\/2026\/01\/Huelga-CGT.jpg","articleSection":["Movilizaciones","Noticias"],"inLanguage":"es","potentialAction":[{"@type":"CommentAction","name":"Comment","target":["https:\/\/www.cgtaragonlarioja.org\/fedens\/el-profesorado-aragones-defiende-a-la-escuela-publica-en-una-historica-jornada\/#respond"]}]},{"@type":"WebPage","@id":"https:\/\/www.cgtaragonlarioja.org\/fedens\/el-profesorado-aragones-defiende-a-la-escuela-publica-en-una-historica-jornada\/","url":"https:\/\/www.cgtaragonlarioja.org\/fedens\/el-profesorado-aragones-defiende-a-la-escuela-publica-en-una-historica-jornada\/","name":"EL profesorado aragon\u00e9s defiende a la Escuela P\u00fablica en una hist\u00f3rica jornada","isPartOf":{"@id":"https:\/\/www.cgtaragonlarioja.org\/fedens\/#website"},"primaryImageOfPage":{"@id":"https:\/\/www.cgtaragonlarioja.org\/fedens\/el-profesorado-aragones-defiende-a-la-escuela-publica-en-una-historica-jornada\/#primaryimage"},"image":{"@id":"https:\/\/www.cgtaragonlarioja.org\/fedens\/el-profesorado-aragones-defiende-a-la-escuela-publica-en-una-historica-jornada\/#primaryimage"},"thumbnailUrl":"https:\/\/www.cgtaragonlarioja.org\/fedens\/files\/2026\/01\/Huelga-CGT.jpg","datePublished":"2026-01-20T18:28:13+00:00","description":"La primera jornada de huelga ha sido un rotundo \u00e9xito que ha desbordado las previsiones m\u00e1s optimistas, alrededor de un 45% del profesorado que pod\u00eda","breadcrumb":{"@id":"https:\/\/www.cgtaragonlarioja.org\/fedens\/el-profesorado-aragones-defiende-a-la-escuela-publica-en-una-historica-jornada\/#breadcrumb"},"inLanguage":"es","potentialAction":[{"@type":"ReadAction","target":["https:\/\/www.cgtaragonlarioja.org\/fedens\/el-profesorado-aragones-defiende-a-la-escuela-publica-en-una-historica-jornada\/"]}]},{"@type":"ImageObject","inLanguage":"es","@id":"https:\/\/www.cgtaragonlarioja.org\/fedens\/el-profesorado-aragones-defiende-a-la-escuela-publica-en-una-historica-jornada\/#primaryimage","url":"https:\/\/www.cgtaragonlarioja.org\/fedens\/files\/2026\/01\/Huelga-CGT.jpg","contentUrl":"https:\/\/www.cgtaragonlarioja.org\/fedens\/files\/2026\/01\/Huelga-CGT.jpg","width":904,"height":1280},{"@type":"BreadcrumbList","@id":"https:\/\/www.cgtaragonlarioja.org\/fedens\/el-profesorado-aragones-defiende-a-la-escuela-publica-en-una-historica-jornada\/#breadcrumb","itemListElement":[{"@type":"ListItem","position":1,"name":"Portada","item":"https:\/\/www.cgtaragonlarioja.org\/fedens\/"},{"@type":"ListItem","position":2,"name":"EL profesorado aragon\u00e9s defiende a la Escuela P\u00fablica en una hist\u00f3rica jornada"}]},{"@type":"WebSite","@id":"https:\/\/www.cgtaragonlarioja.org\/fedens\/#website","url":"https:\/\/www.cgtaragonlarioja.org\/fedens\/","name":"CGT Arag\u00f3n - La Rioja. ENSE\u00d1ANZA","description":"CONTACTAR: Calatayud-Aranda: 654897973 \/ Huesca: 974238404 \/ Teruel: 978619265 \/ Zaragoza: 976922002","publisher":{"@id":"https:\/\/www.cgtaragonlarioja.org\/fedens\/#organization"},"potentialAction":[{"@type":"SearchAction","target":{"@type":"EntryPoint","urlTemplate":"https:\/\/www.cgtaragonlarioja.org\/fedens\/?s={search_term_string}"},"query-input":{"@type":"PropertyValueSpecification","valueRequired":true,"valueName":"search_term_string"}}],"inLanguage":"es"},{"@type":"Organization","@id":"https:\/\/www.cgtaragonlarioja.org\/fedens\/#organization","name":"CGT Arag\u00f3n y La Rioja - Ense\u00f1anza","url":"https:\/\/www.cgtaragonlarioja.org\/fedens\/","logo":{"@type":"ImageObject","inLanguage":"es","@id":"https:\/\/www.cgtaragonlarioja.org\/fedens\/#\/schema\/logo\/image\/","url":"https:\/\/www.cgtaragonlarioja.org\/fedens\/files\/2021\/02\/logo_cgt_ense_huesca_170x250.png","contentUrl":"https:\/\/www.cgtaragonlarioja.org\/fedens\/files\/2021\/02\/logo_cgt_ense_huesca_170x250.png","width":170,"height":250,"caption":"CGT Arag\u00f3n y La Rioja - Ense\u00f1anza"},"image":{"@id":"https:\/\/www.cgtaragonlarioja.org\/fedens\/#\/schema\/logo\/image\/"},"sameAs":["https:\/\/www.facebook.com\/CGTEnseAragon\/","https:\/\/x.com\/CGTeduAragon"]},{"@type":"Person","@id":"https:\/\/www.cgtaragonlarioja.org\/fedens\/#\/schema\/person\/f577cbf9ee1fb7519bfd883ac4f4032f","name":"CGT Ense\u00f1anza Arag\u00f3n","image":{"@type":"ImageObject","inLanguage":"es","@id":"https:\/\/www.cgtaragonlarioja.org\/fedens\/#\/schema\/person\/image\/","url":"https:\/\/secure.gravatar.com\/avatar\/6591cafae8da970274bd48ef06b7f86ae2c2ba705fb2cdafa9b5f7f48c95a765?s=96&d=mm&r=g","contentUrl":"https:\/\/secure.gravatar.com\/avatar\/6591cafae8da970274bd48ef06b7f86ae2c2ba705fb2cdafa9b5f7f48c95a765?s=96&d=mm&r=g","caption":"CGT Ense\u00f1anza Arag\u00f3n"},"url":"https:\/\/www.cgtaragonlarioja.org\/fedens\/author\/fasecgt\/"}]}},"_links":{"self":[{"href":"https:\/\/www.cgtaragonlarioja.org\/fedens\/wp-json\/wp\/v2\/posts\/22547","targetHints":{"allow":["GET"]}}],"collection":[{"href":"https:\/\/www.cgtaragonlarioja.org\/fedens\/wp-json\/wp\/v2\/posts"}],"about":[{"href":"https:\/\/www.cgtaragonlarioja.org\/fedens\/wp-json\/wp\/v2\/types\/post"}],"author":[{"embeddable":true,"href":"https:\/\/www.cgtaragonlarioja.org\/fedens\/wp-json\/wp\/v2\/users\/854"}],"replies":[{"embeddable":true,"href":"https:\/\/www.cgtaragonlarioja.org\/fedens\/wp-json\/wp\/v2\/comments?post=22547"}],"version-history":[{"count":1,"href":"https:\/\/www.cgtaragonlarioja.org\/fedens\/wp-json\/wp\/v2\/posts\/22547\/revisions"}],"predecessor-version":[{"id":22550,"href":"https:\/\/www.cgtaragonlarioja.org\/fedens\/wp-json\/wp\/v2\/posts\/22547\/revisions\/22550"}],"wp:featuredmedia":[{"embeddable":true,"href":"https:\/\/www.cgtaragonlarioja.org\/fedens\/wp-json\/wp\/v2\/media\/22548"}],"wp:attachment":[{"href":"https:\/\/www.cgtaragonlarioja.org\/fedens\/wp-json\/wp\/v2\/media?parent=22547"}],"wp:term":[{"taxonomy":"category","embeddable":true,"href":"https:\/\/www.cgtaragonlarioja.org\/fedens\/wp-json\/wp\/v2\/categories?post=22547"},{"taxonomy":"post_tag","embeddable":true,"href":"https:\/\/www.cgtaragonlarioja.org\/fedens\/wp-json\/wp\/v2\/tags?post=22547"}],"curies":[{"name":"wp","href":"https:\/\/api.w.org\/{rel}","templated":true}]}}