{"id":22532,"date":"2026-02-13T10:20:54","date_gmt":"2026-02-13T09:20:54","guid":{"rendered":"https:\/\/www.cgtaragonlarioja.org\/fedens\/?p=22532"},"modified":"2026-02-17T16:17:38","modified_gmt":"2026-02-17T15:17:38","slug":"por-fin-se-firma-la-orden-de-permisos-y-licencias-aunque-hay-que-esperar-a-que-se-publique-para-su-aplicacion","status":"publish","type":"post","link":"https:\/\/www.cgtaragonlarioja.org\/fedens\/por-fin-se-firma-la-orden-de-permisos-y-licencias-aunque-hay-que-esperar-a-que-se-publique-para-su-aplicacion\/","title":{"rendered":"Publicada, por fin, la orden de permisos y licencias"},"content":{"rendered":"<p><span style=\"font-family: georgia, palatino, serif\">Casi un a\u00f1o despu\u00e9s de que, por primera vez, se aprobara en mesa sectorial la <span style=\"text-align: justify\"><a href=\"https:\/\/www.boa.aragon.es\/cgi-bin\/EBOA\/BRSCGI?CMD=VEROBJ&amp;MLKOB=1435608490505\">nueva orden de permisos y licencias<\/a>, se publica por fin, suponiendo<\/span><span style=\"text-align: justify\">\u00a0una mejora importante respecto a la anterior orden, avanzando en conciliaci\u00f3n y en condiciones y derechos laborales para el profesorado aragon\u00e9s de la ense\u00f1anza p\u00fablica.\u00a0<\/span><\/span><\/p>\n<p align=\"justify\"><span style=\"font-family: georgia, palatino, serif\">Por una parte, la nueva orden <span style=\"font-size: 12pt\">recoge avances ya publicados en el EBEP pero que no afectaban todav\u00eda a los y las docentes aragonesas (por ejemplo, se incrementa de 4 a 6 las semanas del permiso de lactancia acumulada), y por otra, se va m\u00e1s all\u00e1, y se incorporan <\/span><span style=\"font-size: 12pt\">algunas de las principales reivindicaciones de CGT como:\u00a0<\/span><\/span><\/p>\n<ul>\n<li><span style=\"font-family: georgia, palatino, serif;font-size: 12pt\"><strong>Reducci\u00f3n de jornada por inter\u00e9s particular con merma retributiva:<\/strong> Quien tenga una jornada de 80% o m\u00e1s podr\u00e1 realizar una reducci\u00f3n de jornada de entre 1\/2 y 1\/3, con reducci\u00f3n proporcional de haberes. Se solicita con, al menos, 15 d\u00edas h\u00e1biles respecto al inicio de cada trimestre escolar. La concesi\u00f3n ser\u00e1 coincidir con el trimestre, en el tercer trimestre se incluir\u00e1 julio y agosto.<\/span><\/li>\n<li><span style=\"font-family: georgia, palatino, serif;font-size: 12pt\"><strong>Ampliaci\u00f3n de 2 d\u00edas de libre disposici\u00f3n: <\/strong>A a\u00f1adir a los dos ya existentes, condicionados a no poder disfrutarse m\u00e1s de dos consecutivos salvo circunstancias excepcionales debidamente justificadas. Si no se ha disfrutado ninguno antes del 31 de diciembre se pierde, si de esa fecha al 31 de marzo no se ha disfrutado de un d\u00eda tambi\u00e9n se pierde, de manera que en el tercer trimestre solo se puedan tener disponibles dos como m\u00e1ximo (salvo que por concurrir circunstancias excepcionales puedas recuperar los perdidos por no haberse disfrutado en los trimestres anteriores).\u00a0<\/span><\/li>\n<li><span style=\"font-family: georgia, palatino, serif;font-size: 12pt\"><strong>Permiso sin retribuci\u00f3n: <\/strong>Por un m\u00e1ximo de 3 meses por curso, siempre que no perjudique a la organizaci\u00f3n del centro. Se podr\u00e1 fraccionar un m\u00e1ximo de 3 veces. El personal interino con vacante de curso completo, podr\u00e1 acogerse a este permiso hasta el 31 de marzo (salvo supuestos de extrema gravedad).<\/span><\/li>\n<li><span style=\"font-family: georgia, palatino, serif\"><strong>Permiso por embarazo<\/strong> desde la 37\u00aa semana (desde la 35\u00aa si es m\u00faltiple).<\/span><\/li>\n<li><span style=\"font-family: georgia, palatino, serif\"><strong>Acompa\u00f1amiento a ex\u00e1menes prenatales<\/strong> sin l\u00edmite.<\/span><\/li>\n<li><span style=\"font-family: georgia, palatino, serif\"><strong>La lactancia no se vera reducida por la excedencia<\/strong> (tras sentencia judicial de CGT).<\/span><\/li>\n<li><span style=\"font-family: georgia, palatino, serif\"><strong>Permisos por nacimientos para familias monoparentales<\/strong> (tras sentencia judicial de CGT).<\/span><\/li>\n<li><span style=\"font-family: georgia, palatino, serif\"><strong>Vacaciones tras incapacidad o permiso hasta 18 meses despu\u00e9s<\/strong>, incluyendo funcionariado interino.<\/span><div style=\"width: 640px;\" class=\"wp-video\"><video class=\"wp-video-shortcode\" id=\"video-22532-1\" width=\"640\" height=\"1138\" preload=\"metadata\" controls=\"controls\"><source type=\"video\/mp4\" src=\"https:\/\/www.cgtaragonlarioja.org\/fedens\/files\/2025\/04\/cgt-3.mp4?_=1\" \/><a href=\"https:\/\/www.cgtaragonlarioja.org\/fedens\/files\/2025\/04\/cgt-3.mp4\">https:\/\/www.cgtaragonlarioja.org\/fedens\/files\/2025\/04\/cgt-3.mp4<\/a><\/video><\/div>\n<p>Esta orden llevaba parada por la administraci\u00f3n desde julio cuando se lleg\u00f3 a un acuerdo entre todas las organizaciones sindicales y la administraci\u00f3n, y viene a poner fin a m\u00e1s de tres a\u00f1os en los que el funcionariado docente no ha podido disfrutar de las mejoras emanadas de la normativa estatal que el funcionariado no docente de la comunidad s\u00ed ha podido disfrutar.<\/p>\n<p>Os dejamos este documento con todas las novedades. <a href=\"https:\/\/www.cgtaragonlarioja.org\/fedens\/files\/2026\/01\/Novedades-permisos-y-licencias.pdf\">Novedades permisos y licencias<\/a><\/li>\n<\/ul>\n","protected":false},"excerpt":{"rendered":"<p>Casi un a\u00f1o despu\u00e9s de que, por primera vez, se aprobara en mesa sectorial la<\/p>\n","protected":false},"author":854,"featured_media":22661,"comment_status":"open","ping_status":"open","sticky":false,"template":"","format":"standard","meta":{"footnotes":""},"categories":[507,480],"tags":[],"class_list":["post-22532","post","type-post","status-publish","format-standard","has-post-thumbnail","hentry","category-legislacion","category-noticias"],"yoast_head":"<!-- This site is optimized with the Yoast SEO plugin v26.7 - https:\/\/yoast.com\/wordpress\/plugins\/seo\/ -->\n<title>Publicada, por fin, la orden de permisos y licencias<\/title>\n<meta name=\"description\" content=\"Casi un a\u00f1o despu\u00e9s de que, por primera vez, se aprobara en mesa sectorial la nueva orden de permisos y licencias, se publica por fin, suponiendo\u00a0una\" \/>\n<meta name=\"robots\" content=\"index, follow, max-snippet:-1, max-image-preview:large, max-video-preview:-1\" \/>\n<link rel=\"canonical\" href=\"https:\/\/www.cgtaragonlarioja.org\/fedens\/por-fin-se-firma-la-orden-de-permisos-y-licencias-aunque-hay-que-esperar-a-que-se-publique-para-su-aplicacion\/\" \/>\n<meta property=\"og:locale\" content=\"es_ES\" \/>\n<meta property=\"og:type\" content=\"article\" \/>\n<meta property=\"og:title\" content=\"Publicada, por fin, la orden de permisos y licencias\" \/>\n<meta property=\"og:description\" content=\"Casi un a\u00f1o despu\u00e9s de que, por primera vez, se aprobara en mesa sectorial la nueva orden de permisos y licencias, se publica por fin, suponiendo\u00a0una\" \/>\n<meta property=\"og:url\" content=\"https:\/\/www.cgtaragonlarioja.org\/fedens\/por-fin-se-firma-la-orden-de-permisos-y-licencias-aunque-hay-que-esperar-a-que-se-publique-para-su-aplicacion\/\" \/>\n<meta property=\"og:site_name\" content=\"CGT Arag\u00f3n - La Rioja. ENSE\u00d1ANZA\" \/>\n<meta property=\"article:publisher\" content=\"https:\/\/www.facebook.com\/CGTEnseAragon\/\" \/>\n<meta property=\"article:published_time\" content=\"2026-02-13T09:20:54+00:00\" \/>\n<meta property=\"article:modified_time\" content=\"2026-02-17T15:17:38+00:00\" \/>\n<meta property=\"og:image\" content=\"https:\/\/www.cgtaragonlarioja.org\/fedens\/files\/2026\/02\/4.jpg\" \/>\n\t<meta property=\"og:image:width\" content=\"904\" \/>\n\t<meta property=\"og:image:height\" content=\"1280\" \/>\n\t<meta property=\"og:image:type\" content=\"image\/jpeg\" \/>\n<meta name=\"author\" content=\"CGT Ense\u00f1anza Arag\u00f3n\" \/>\n<meta name=\"twitter:card\" content=\"summary_large_image\" \/>\n<meta name=\"twitter:creator\" content=\"@CGTeduAragon\" \/>\n<meta name=\"twitter:site\" content=\"@CGTeduAragon\" \/>\n<meta name=\"twitter:label1\" content=\"Escrito por\" \/>\n\t<meta name=\"twitter:data1\" content=\"CGT Ense\u00f1anza Arag\u00f3n\" \/>\n\t<meta name=\"twitter:label2\" content=\"Tiempo de lectura\" \/>\n\t<meta name=\"twitter:data2\" content=\"3 minutos\" \/>\n<script type=\"application\/ld+json\" class=\"yoast-schema-graph\">{\"@context\":\"https:\/\/schema.org\",\"@graph\":[{\"@type\":\"Article\",\"@id\":\"https:\/\/www.cgtaragonlarioja.org\/fedens\/por-fin-se-firma-la-orden-de-permisos-y-licencias-aunque-hay-que-esperar-a-que-se-publique-para-su-aplicacion\/#article\",\"isPartOf\":{\"@id\":\"https:\/\/www.cgtaragonlarioja.org\/fedens\/por-fin-se-firma-la-orden-de-permisos-y-licencias-aunque-hay-que-esperar-a-que-se-publique-para-su-aplicacion\/\"},\"author\":{\"name\":\"CGT Ense\u00f1anza Arag\u00f3n\",\"@id\":\"https:\/\/www.cgtaragonlarioja.org\/fedens\/#\/schema\/person\/f577cbf9ee1fb7519bfd883ac4f4032f\"},\"headline\":\"Publicada, por fin, la orden de permisos y licencias\",\"datePublished\":\"2026-02-13T09:20:54+00:00\",\"dateModified\":\"2026-02-17T15:17:38+00:00\",\"mainEntityOfPage\":{\"@id\":\"https:\/\/www.cgtaragonlarioja.org\/fedens\/por-fin-se-firma-la-orden-de-permisos-y-licencias-aunque-hay-que-esperar-a-que-se-publique-para-su-aplicacion\/\"},\"wordCount\":490,\"commentCount\":0,\"publisher\":{\"@id\":\"https:\/\/www.cgtaragonlarioja.org\/fedens\/#organization\"},\"image\":{\"@id\":\"https:\/\/www.cgtaragonlarioja.org\/fedens\/por-fin-se-firma-la-orden-de-permisos-y-licencias-aunque-hay-que-esperar-a-que-se-publique-para-su-aplicacion\/#primaryimage\"},\"thumbnailUrl\":\"https:\/\/www.cgtaragonlarioja.org\/fedens\/files\/2026\/02\/4.jpg\",\"articleSection\":[\"Legislaci\u00f3n\",\"Noticias\"],\"inLanguage\":\"es\",\"potentialAction\":[{\"@type\":\"CommentAction\",\"name\":\"Comment\",\"target\":[\"https:\/\/www.cgtaragonlarioja.org\/fedens\/por-fin-se-firma-la-orden-de-permisos-y-licencias-aunque-hay-que-esperar-a-que-se-publique-para-su-aplicacion\/#respond\"]}]},{\"@type\":\"WebPage\",\"@id\":\"https:\/\/www.cgtaragonlarioja.org\/fedens\/por-fin-se-firma-la-orden-de-permisos-y-licencias-aunque-hay-que-esperar-a-que-se-publique-para-su-aplicacion\/\",\"url\":\"https:\/\/www.cgtaragonlarioja.org\/fedens\/por-fin-se-firma-la-orden-de-permisos-y-licencias-aunque-hay-que-esperar-a-que-se-publique-para-su-aplicacion\/\",\"name\":\"Publicada, por fin, la orden de permisos y licencias\",\"isPartOf\":{\"@id\":\"https:\/\/www.cgtaragonlarioja.org\/fedens\/#website\"},\"primaryImageOfPage\":{\"@id\":\"https:\/\/www.cgtaragonlarioja.org\/fedens\/por-fin-se-firma-la-orden-de-permisos-y-licencias-aunque-hay-que-esperar-a-que-se-publique-para-su-aplicacion\/#primaryimage\"},\"image\":{\"@id\":\"https:\/\/www.cgtaragonlarioja.org\/fedens\/por-fin-se-firma-la-orden-de-permisos-y-licencias-aunque-hay-que-esperar-a-que-se-publique-para-su-aplicacion\/#primaryimage\"},\"thumbnailUrl\":\"https:\/\/www.cgtaragonlarioja.org\/fedens\/files\/2026\/02\/4.jpg\",\"datePublished\":\"2026-02-13T09:20:54+00:00\",\"dateModified\":\"2026-02-17T15:17:38+00:00\",\"description\":\"Casi un a\u00f1o despu\u00e9s de que, por primera vez, se aprobara en mesa sectorial la nueva orden de permisos y licencias, se publica por fin, suponiendo\u00a0una\",\"breadcrumb\":{\"@id\":\"https:\/\/www.cgtaragonlarioja.org\/fedens\/por-fin-se-firma-la-orden-de-permisos-y-licencias-aunque-hay-que-esperar-a-que-se-publique-para-su-aplicacion\/#breadcrumb\"},\"inLanguage\":\"es\",\"potentialAction\":[{\"@type\":\"ReadAction\",\"target\":[\"https:\/\/www.cgtaragonlarioja.org\/fedens\/por-fin-se-firma-la-orden-de-permisos-y-licencias-aunque-hay-que-esperar-a-que-se-publique-para-su-aplicacion\/\"]}]},{\"@type\":\"ImageObject\",\"inLanguage\":\"es\",\"@id\":\"https:\/\/www.cgtaragonlarioja.org\/fedens\/por-fin-se-firma-la-orden-de-permisos-y-licencias-aunque-hay-que-esperar-a-que-se-publique-para-su-aplicacion\/#primaryimage\",\"url\":\"https:\/\/www.cgtaragonlarioja.org\/fedens\/files\/2026\/02\/4.jpg\",\"contentUrl\":\"https:\/\/www.cgtaragonlarioja.org\/fedens\/files\/2026\/02\/4.jpg\",\"width\":904,\"height\":1280},{\"@type\":\"BreadcrumbList\",\"@id\":\"https:\/\/www.cgtaragonlarioja.org\/fedens\/por-fin-se-firma-la-orden-de-permisos-y-licencias-aunque-hay-que-esperar-a-que-se-publique-para-su-aplicacion\/#breadcrumb\",\"itemListElement\":[{\"@type\":\"ListItem\",\"position\":1,\"name\":\"Portada\",\"item\":\"https:\/\/www.cgtaragonlarioja.org\/fedens\/\"},{\"@type\":\"ListItem\",\"position\":2,\"name\":\"Publicada, por fin, la orden de permisos y licencias\"}]},{\"@type\":\"WebSite\",\"@id\":\"https:\/\/www.cgtaragonlarioja.org\/fedens\/#website\",\"url\":\"https:\/\/www.cgtaragonlarioja.org\/fedens\/\",\"name\":\"CGT Arag\u00f3n - La Rioja. ENSE\u00d1ANZA\",\"description\":\"CONTACTAR: Calatayud-Aranda: 654897973 \/ Huesca: 974238404 \/ Teruel: 978619265 \/ Zaragoza: 976922002\",\"publisher\":{\"@id\":\"https:\/\/www.cgtaragonlarioja.org\/fedens\/#organization\"},\"potentialAction\":[{\"@type\":\"SearchAction\",\"target\":{\"@type\":\"EntryPoint\",\"urlTemplate\":\"https:\/\/www.cgtaragonlarioja.org\/fedens\/?s={search_term_string}\"},\"query-input\":{\"@type\":\"PropertyValueSpecification\",\"valueRequired\":true,\"valueName\":\"search_term_string\"}}],\"inLanguage\":\"es\"},{\"@type\":\"Organization\",\"@id\":\"https:\/\/www.cgtaragonlarioja.org\/fedens\/#organization\",\"name\":\"CGT Arag\u00f3n y La Rioja - Ense\u00f1anza\",\"url\":\"https:\/\/www.cgtaragonlarioja.org\/fedens\/\",\"logo\":{\"@type\":\"ImageObject\",\"inLanguage\":\"es\",\"@id\":\"https:\/\/www.cgtaragonlarioja.org\/fedens\/#\/schema\/logo\/image\/\",\"url\":\"https:\/\/www.cgtaragonlarioja.org\/fedens\/files\/2021\/02\/logo_cgt_ense_huesca_170x250.png\",\"contentUrl\":\"https:\/\/www.cgtaragonlarioja.org\/fedens\/files\/2021\/02\/logo_cgt_ense_huesca_170x250.png\",\"width\":170,\"height\":250,\"caption\":\"CGT Arag\u00f3n y La Rioja - Ense\u00f1anza\"},\"image\":{\"@id\":\"https:\/\/www.cgtaragonlarioja.org\/fedens\/#\/schema\/logo\/image\/\"},\"sameAs\":[\"https:\/\/www.facebook.com\/CGTEnseAragon\/\",\"https:\/\/x.com\/CGTeduAragon\"]},{\"@type\":\"Person\",\"@id\":\"https:\/\/www.cgtaragonlarioja.org\/fedens\/#\/schema\/person\/f577cbf9ee1fb7519bfd883ac4f4032f\",\"name\":\"CGT Ense\u00f1anza Arag\u00f3n\",\"image\":{\"@type\":\"ImageObject\",\"inLanguage\":\"es\",\"@id\":\"https:\/\/www.cgtaragonlarioja.org\/fedens\/#\/schema\/person\/image\/\",\"url\":\"https:\/\/secure.gravatar.com\/avatar\/6591cafae8da970274bd48ef06b7f86ae2c2ba705fb2cdafa9b5f7f48c95a765?s=96&d=mm&r=g\",\"contentUrl\":\"https:\/\/secure.gravatar.com\/avatar\/6591cafae8da970274bd48ef06b7f86ae2c2ba705fb2cdafa9b5f7f48c95a765?s=96&d=mm&r=g\",\"caption\":\"CGT Ense\u00f1anza Arag\u00f3n\"},\"url\":\"https:\/\/www.cgtaragonlarioja.org\/fedens\/author\/fasecgt\/\"}]}<\/script>\n<!-- \/ Yoast SEO plugin. -->","yoast_head_json":{"title":"Publicada, por fin, la orden de permisos y licencias","description":"Casi un a\u00f1o despu\u00e9s de que, por primera vez, se aprobara en mesa sectorial la nueva orden de permisos y licencias, se publica por fin, suponiendo\u00a0una","robots":{"index":"index","follow":"follow","max-snippet":"max-snippet:-1","max-image-preview":"max-image-preview:large","max-video-preview":"max-video-preview:-1"},"canonical":"https:\/\/www.cgtaragonlarioja.org\/fedens\/por-fin-se-firma-la-orden-de-permisos-y-licencias-aunque-hay-que-esperar-a-que-se-publique-para-su-aplicacion\/","og_locale":"es_ES","og_type":"article","og_title":"Publicada, por fin, la orden de permisos y licencias","og_description":"Casi un a\u00f1o despu\u00e9s de que, por primera vez, se aprobara en mesa sectorial la nueva orden de permisos y licencias, se publica por fin, suponiendo\u00a0una","og_url":"https:\/\/www.cgtaragonlarioja.org\/fedens\/por-fin-se-firma-la-orden-de-permisos-y-licencias-aunque-hay-que-esperar-a-que-se-publique-para-su-aplicacion\/","og_site_name":"CGT Arag\u00f3n - La Rioja. ENSE\u00d1ANZA","article_publisher":"https:\/\/www.facebook.com\/CGTEnseAragon\/","article_published_time":"2026-02-13T09:20:54+00:00","article_modified_time":"2026-02-17T15:17:38+00:00","og_image":[{"width":904,"height":1280,"url":"https:\/\/www.cgtaragonlarioja.org\/fedens\/files\/2026\/02\/4.jpg","type":"image\/jpeg"}],"author":"CGT Ense\u00f1anza Arag\u00f3n","twitter_card":"summary_large_image","twitter_creator":"@CGTeduAragon","twitter_site":"@CGTeduAragon","twitter_misc":{"Escrito por":"CGT Ense\u00f1anza Arag\u00f3n","Tiempo de lectura":"3 minutos"},"schema":{"@context":"https:\/\/schema.org","@graph":[{"@type":"Article","@id":"https:\/\/www.cgtaragonlarioja.org\/fedens\/por-fin-se-firma-la-orden-de-permisos-y-licencias-aunque-hay-que-esperar-a-que-se-publique-para-su-aplicacion\/#article","isPartOf":{"@id":"https:\/\/www.cgtaragonlarioja.org\/fedens\/por-fin-se-firma-la-orden-de-permisos-y-licencias-aunque-hay-que-esperar-a-que-se-publique-para-su-aplicacion\/"},"author":{"name":"CGT Ense\u00f1anza Arag\u00f3n","@id":"https:\/\/www.cgtaragonlarioja.org\/fedens\/#\/schema\/person\/f577cbf9ee1fb7519bfd883ac4f4032f"},"headline":"Publicada, por fin, la orden de permisos y licencias","datePublished":"2026-02-13T09:20:54+00:00","dateModified":"2026-02-17T15:17:38+00:00","mainEntityOfPage":{"@id":"https:\/\/www.cgtaragonlarioja.org\/fedens\/por-fin-se-firma-la-orden-de-permisos-y-licencias-aunque-hay-que-esperar-a-que-se-publique-para-su-aplicacion\/"},"wordCount":490,"commentCount":0,"publisher":{"@id":"https:\/\/www.cgtaragonlarioja.org\/fedens\/#organization"},"image":{"@id":"https:\/\/www.cgtaragonlarioja.org\/fedens\/por-fin-se-firma-la-orden-de-permisos-y-licencias-aunque-hay-que-esperar-a-que-se-publique-para-su-aplicacion\/#primaryimage"},"thumbnailUrl":"https:\/\/www.cgtaragonlarioja.org\/fedens\/files\/2026\/02\/4.jpg","articleSection":["Legislaci\u00f3n","Noticias"],"inLanguage":"es","potentialAction":[{"@type":"CommentAction","name":"Comment","target":["https:\/\/www.cgtaragonlarioja.org\/fedens\/por-fin-se-firma-la-orden-de-permisos-y-licencias-aunque-hay-que-esperar-a-que-se-publique-para-su-aplicacion\/#respond"]}]},{"@type":"WebPage","@id":"https:\/\/www.cgtaragonlarioja.org\/fedens\/por-fin-se-firma-la-orden-de-permisos-y-licencias-aunque-hay-que-esperar-a-que-se-publique-para-su-aplicacion\/","url":"https:\/\/www.cgtaragonlarioja.org\/fedens\/por-fin-se-firma-la-orden-de-permisos-y-licencias-aunque-hay-que-esperar-a-que-se-publique-para-su-aplicacion\/","name":"Publicada, por fin, la orden de permisos y licencias","isPartOf":{"@id":"https:\/\/www.cgtaragonlarioja.org\/fedens\/#website"},"primaryImageOfPage":{"@id":"https:\/\/www.cgtaragonlarioja.org\/fedens\/por-fin-se-firma-la-orden-de-permisos-y-licencias-aunque-hay-que-esperar-a-que-se-publique-para-su-aplicacion\/#primaryimage"},"image":{"@id":"https:\/\/www.cgtaragonlarioja.org\/fedens\/por-fin-se-firma-la-orden-de-permisos-y-licencias-aunque-hay-que-esperar-a-que-se-publique-para-su-aplicacion\/#primaryimage"},"thumbnailUrl":"https:\/\/www.cgtaragonlarioja.org\/fedens\/files\/2026\/02\/4.jpg","datePublished":"2026-02-13T09:20:54+00:00","dateModified":"2026-02-17T15:17:38+00:00","description":"Casi un a\u00f1o despu\u00e9s de que, por primera vez, se aprobara en mesa sectorial la nueva orden de permisos y licencias, se publica por fin, suponiendo\u00a0una","breadcrumb":{"@id":"https:\/\/www.cgtaragonlarioja.org\/fedens\/por-fin-se-firma-la-orden-de-permisos-y-licencias-aunque-hay-que-esperar-a-que-se-publique-para-su-aplicacion\/#breadcrumb"},"inLanguage":"es","potentialAction":[{"@type":"ReadAction","target":["https:\/\/www.cgtaragonlarioja.org\/fedens\/por-fin-se-firma-la-orden-de-permisos-y-licencias-aunque-hay-que-esperar-a-que-se-publique-para-su-aplicacion\/"]}]},{"@type":"ImageObject","inLanguage":"es","@id":"https:\/\/www.cgtaragonlarioja.org\/fedens\/por-fin-se-firma-la-orden-de-permisos-y-licencias-aunque-hay-que-esperar-a-que-se-publique-para-su-aplicacion\/#primaryimage","url":"https:\/\/www.cgtaragonlarioja.org\/fedens\/files\/2026\/02\/4.jpg","contentUrl":"https:\/\/www.cgtaragonlarioja.org\/fedens\/files\/2026\/02\/4.jpg","width":904,"height":1280},{"@type":"BreadcrumbList","@id":"https:\/\/www.cgtaragonlarioja.org\/fedens\/por-fin-se-firma-la-orden-de-permisos-y-licencias-aunque-hay-que-esperar-a-que-se-publique-para-su-aplicacion\/#breadcrumb","itemListElement":[{"@type":"ListItem","position":1,"name":"Portada","item":"https:\/\/www.cgtaragonlarioja.org\/fedens\/"},{"@type":"ListItem","position":2,"name":"Publicada, por fin, la orden de permisos y licencias"}]},{"@type":"WebSite","@id":"https:\/\/www.cgtaragonlarioja.org\/fedens\/#website","url":"https:\/\/www.cgtaragonlarioja.org\/fedens\/","name":"CGT Arag\u00f3n - La Rioja. ENSE\u00d1ANZA","description":"CONTACTAR: Calatayud-Aranda: 654897973 \/ Huesca: 974238404 \/ Teruel: 978619265 \/ Zaragoza: 976922002","publisher":{"@id":"https:\/\/www.cgtaragonlarioja.org\/fedens\/#organization"},"potentialAction":[{"@type":"SearchAction","target":{"@type":"EntryPoint","urlTemplate":"https:\/\/www.cgtaragonlarioja.org\/fedens\/?s={search_term_string}"},"query-input":{"@type":"PropertyValueSpecification","valueRequired":true,"valueName":"search_term_string"}}],"inLanguage":"es"},{"@type":"Organization","@id":"https:\/\/www.cgtaragonlarioja.org\/fedens\/#organization","name":"CGT Arag\u00f3n y La Rioja - Ense\u00f1anza","url":"https:\/\/www.cgtaragonlarioja.org\/fedens\/","logo":{"@type":"ImageObject","inLanguage":"es","@id":"https:\/\/www.cgtaragonlarioja.org\/fedens\/#\/schema\/logo\/image\/","url":"https:\/\/www.cgtaragonlarioja.org\/fedens\/files\/2021\/02\/logo_cgt_ense_huesca_170x250.png","contentUrl":"https:\/\/www.cgtaragonlarioja.org\/fedens\/files\/2021\/02\/logo_cgt_ense_huesca_170x250.png","width":170,"height":250,"caption":"CGT Arag\u00f3n y La Rioja - Ense\u00f1anza"},"image":{"@id":"https:\/\/www.cgtaragonlarioja.org\/fedens\/#\/schema\/logo\/image\/"},"sameAs":["https:\/\/www.facebook.com\/CGTEnseAragon\/","https:\/\/x.com\/CGTeduAragon"]},{"@type":"Person","@id":"https:\/\/www.cgtaragonlarioja.org\/fedens\/#\/schema\/person\/f577cbf9ee1fb7519bfd883ac4f4032f","name":"CGT Ense\u00f1anza Arag\u00f3n","image":{"@type":"ImageObject","inLanguage":"es","@id":"https:\/\/www.cgtaragonlarioja.org\/fedens\/#\/schema\/person\/image\/","url":"https:\/\/secure.gravatar.com\/avatar\/6591cafae8da970274bd48ef06b7f86ae2c2ba705fb2cdafa9b5f7f48c95a765?s=96&d=mm&r=g","contentUrl":"https:\/\/secure.gravatar.com\/avatar\/6591cafae8da970274bd48ef06b7f86ae2c2ba705fb2cdafa9b5f7f48c95a765?s=96&d=mm&r=g","caption":"CGT Ense\u00f1anza Arag\u00f3n"},"url":"https:\/\/www.cgtaragonlarioja.org\/fedens\/author\/fasecgt\/"}]}},"_links":{"self":[{"href":"https:\/\/www.cgtaragonlarioja.org\/fedens\/wp-json\/wp\/v2\/posts\/22532","targetHints":{"allow":["GET"]}}],"collection":[{"href":"https:\/\/www.cgtaragonlarioja.org\/fedens\/wp-json\/wp\/v2\/posts"}],"about":[{"href":"https:\/\/www.cgtaragonlarioja.org\/fedens\/wp-json\/wp\/v2\/types\/post"}],"author":[{"embeddable":true,"href":"https:\/\/www.cgtaragonlarioja.org\/fedens\/wp-json\/wp\/v2\/users\/854"}],"replies":[{"embeddable":true,"href":"https:\/\/www.cgtaragonlarioja.org\/fedens\/wp-json\/wp\/v2\/comments?post=22532"}],"version-history":[{"count":7,"href":"https:\/\/www.cgtaragonlarioja.org\/fedens\/wp-json\/wp\/v2\/posts\/22532\/revisions"}],"predecessor-version":[{"id":22652,"href":"https:\/\/www.cgtaragonlarioja.org\/fedens\/wp-json\/wp\/v2\/posts\/22532\/revisions\/22652"}],"wp:featuredmedia":[{"embeddable":true,"href":"https:\/\/www.cgtaragonlarioja.org\/fedens\/wp-json\/wp\/v2\/media\/22661"}],"wp:attachment":[{"href":"https:\/\/www.cgtaragonlarioja.org\/fedens\/wp-json\/wp\/v2\/media?parent=22532"}],"wp:term":[{"taxonomy":"category","embeddable":true,"href":"https:\/\/www.cgtaragonlarioja.org\/fedens\/wp-json\/wp\/v2\/categories?post=22532"},{"taxonomy":"post_tag","embeddable":true,"href":"https:\/\/www.cgtaragonlarioja.org\/fedens\/wp-json\/wp\/v2\/tags?post=22532"}],"curies":[{"name":"wp","href":"https:\/\/api.w.org\/{rel}","templated":true}]}}