{"id":22295,"date":"2025-10-16T23:24:36","date_gmt":"2025-10-16T21:24:36","guid":{"rendered":"https:\/\/www.cgtaragonlarioja.org\/fedens\/?p=22295"},"modified":"2025-10-16T23:24:36","modified_gmt":"2025-10-16T21:24:36","slug":"cgt-sale-a-la-calle-para-defender-la-ensenanza-publica-y-rechazar-la-concertacion-del-bachillerato-y-de-la-ensenanza-de-0-a-3-anos","status":"publish","type":"post","link":"https:\/\/www.cgtaragonlarioja.org\/fedens\/cgt-sale-a-la-calle-para-defender-la-ensenanza-publica-y-rechazar-la-concertacion-del-bachillerato-y-de-la-ensenanza-de-0-a-3-anos\/","title":{"rendered":"CGT SALE A LA CALLE PARA DEFENDER LA ENSE\u00d1ANZA P\u00daBLICA Y RECHAZAR LA CONCERTACI\u00d3N DEL BACHILLERATO Y DE LA ENSE\u00d1ANZA DE 0 A 3 A\u00d1OS."},"content":{"rendered":"<p align=\"JUSTIFY\"><span style=\"font-size: large\">CGT Ense\u00f1anza y la comunidad educativa nos hemos concentrado hoy en defensa de la educaci\u00f3n p\u00fablica aragonesa. El acto no es solo una manifestaci\u00f3n de nuestro descontento, sino una declaraci\u00f3n firme de nuestro compromiso con una educaci\u00f3n de calidad y accesible para todas las infancias y juventudes de nuestra comunidad.<\/span><\/p>\n<p align=\"JUSTIFY\"><span style=\"font-size: large\">**\u00a1BASTA DE ATAQUES A LA ESCUELA P\u00daBLICA!**<\/span><\/p>\n<p align=\"JUSTIFY\"><span style=\"font-size: large\">Nos encontramos ante un nuevo ataque por parte del Gobierno de Arag\u00f3n que, una vez m\u00e1s, pone en jaque la red p\u00fablica en favor de intereses privados. La reciente decisi\u00f3n de cerrar 30 aulas en nuestros colegios p\u00fablicos es un s\u00edntoma alarmante de un desmantelamiento sistem\u00e1tico que no podemos permitir. La educaci\u00f3n deber\u00e1 ser un derecho fundamental y no un privilegio de unos pocos.<\/span><\/p>\n<p align=\"JUSTIFY\"><span style=\"font-size: large\">**INDIGNACI\u00d3N ANTE LA FALTA DE COMPROMISO**<\/span><\/p>\n<p align=\"JUSTIFY\"><span style=\"font-size: large\">Recibimos con indignaci\u00f3n las declaraciones de Jorge Azc\u00f3n, en las que muestra una falta de compromiso absoluto con el futuro educativo de nuestra sociedad. Anunciar la intenci\u00f3n de concertar ense\u00f1anzas no obligatorias, como el Bachillerato y la educaci\u00f3n infantil de primer ciclo, es un paso m\u00e1s de una pol\u00edtica orientada a beneficiar a entidades privadas, lejos de mejorar nuestro sistema educativo.<\/span><\/p>\n<p align=\"JUSTIFY\"><span style=\"font-size: large\">**UNA EDUCACI\u00d3N PARA TODAS Y TODOS**<\/span><\/p>\n<p align=\"JUSTIFY\"><span style=\"font-size: large\">La red p\u00fablica tiene la capacidad suficiente para acoger a todo el alumnado. No podemos consentir ni justificar el cierre de aulas cuando hay recursos y espacios disponibles para atender a quien lo necesite. La educaci\u00f3n p\u00fablica debe ser un pilar de igualdad, acceso y justicia social, donde cada ni\u00f1o y ni\u00f1a, cada joven, reciba la atenci\u00f3n y el apoyo necesario para su desarrollo integral.<\/span><\/p>\n<p align=\"JUSTIFY\"><span style=\"font-size: large\">**LA EDUCACI\u00d3N NO ES UN NEGOCIO**<\/span><\/p>\n<p align=\"JUSTIFY\"><span style=\"font-size: large\">Defendemos que la calidad educativa debe ser un derecho garantizado por el Estado, no una oportunidad de negocio para entidades privadas. La educaci\u00f3n es un bien com\u00fan, un legado que hemos de transmitir a futuras generaciones. No aceptaremos que se convierta en un negocio que fomente la segregaci\u00f3n y la desigualdad de oportunidades.<\/span><\/p>\n<p align=\"JUSTIFY\"><span style=\"font-size: large\">**RECURSOS P\u00daBLICOS PARA UNA ESCUELA P\u00daBLICA FUERTE**<\/span><\/p>\n<p align=\"JUSTIFY\"><span style=\"font-size: large\">Vemos con una gran preocupaci\u00f3n la actual deriva de la administraci\u00f3n educativa, en la que, por una parte, se cierran decenas de aulas p\u00fablicas cada curso, y por otra, se destina cada vez m\u00e1s dinero p\u00fablico a la ense\u00f1anza privada-concertada, ense\u00f1anza dependiente en su inmensa mayor\u00eda de \u00f3rdenes religiosas con clara voluntad adoctrinadora.<\/span><\/p>\n<p align=\"JUSTIFY\"><span style=\"font-size: large\">Exigimos que todos los recursos p\u00fablicos se destinen a fortalecer la red p\u00fablica de educaci\u00f3n. Solo as\u00ed podremos garantizar una educaci\u00f3n equitativa, justa y de calidad para todos y cada uno de los ni\u00f1os y j\u00f3venes de Arag\u00f3n.<\/span><\/p>\n<p align=\"JUSTIFY\"><span style=\"font-size: large\">**UNIDOS Y UNIDAS POR LA EDUCACI\u00d3N P\u00daBLICA**<\/span><\/p>\n<p align=\"JUSTIFY\"><span style=\"font-size: large\">Nos comprometemos a seguir luchando, organiz\u00e1ndonos y moviliz\u00e1ndonos hasta que se escuchen nuestras demandas. La educaci\u00f3n es un derecho, y no vamos a permitir que se degrade por intereses ajenos al bienestar com\u00fan. Y animamos a todas las organizaciones de nuestro territorio y a toda la comunidad educativa a unirse en las siguientes movilizaciones.\u00a0<\/span><\/p>\n<p align=\"JUSTIFY\"><span style=\"font-size: large\">**\u00a1POR UNA EDUCACI\u00d3N P\u00daBLICA, DE CALIDAD Y INCLUSIVA PARA TODAS Y TODOS!**<\/span><\/p>\n","protected":false},"excerpt":{"rendered":"<p>CGT Ense\u00f1anza y la comunidad educativa nos hemos concentrado hoy en defensa de la educaci\u00f3n<\/p>\n","protected":false},"author":854,"featured_media":22296,"comment_status":"open","ping_status":"open","sticky":false,"template":"","format":"standard","meta":{"footnotes":""},"categories":[702,480],"tags":[],"class_list":["post-22295","post","type-post","status-publish","format-standard","has-post-thumbnail","hentry","category-movilizaciones","category-noticias"],"yoast_head":"<!-- This site is optimized with the Yoast SEO plugin v26.7 - https:\/\/yoast.com\/wordpress\/plugins\/seo\/ -->\n<title>CGT SALE A LA CALLE PARA DEFENDER LA ENSE\u00d1ANZA P\u00daBLICA Y RECHAZAR LA CONCERTACI\u00d3N DEL BACHILLERATO Y DE LA ENSE\u00d1ANZA DE 0 A 3 A\u00d1OS.<\/title>\n<meta name=\"description\" content=\"CGT Ense\u00f1anza y la comunidad educativa nos hemos concentrado hoy en defensa de la educaci\u00f3n p\u00fablica aragonesa. El acto no es solo una manifestaci\u00f3n de\" \/>\n<meta name=\"robots\" content=\"index, follow, max-snippet:-1, max-image-preview:large, max-video-preview:-1\" \/>\n<link rel=\"canonical\" href=\"https:\/\/www.cgtaragonlarioja.org\/fedens\/cgt-sale-a-la-calle-para-defender-la-ensenanza-publica-y-rechazar-la-concertacion-del-bachillerato-y-de-la-ensenanza-de-0-a-3-anos\/\" \/>\n<meta property=\"og:locale\" content=\"es_ES\" \/>\n<meta property=\"og:type\" content=\"article\" \/>\n<meta property=\"og:title\" content=\"CGT SALE A LA CALLE PARA DEFENDER LA ENSE\u00d1ANZA P\u00daBLICA Y RECHAZAR LA CONCERTACI\u00d3N DEL BACHILLERATO Y DE LA ENSE\u00d1ANZA DE 0 A 3 A\u00d1OS.\" \/>\n<meta property=\"og:description\" content=\"CGT Ense\u00f1anza y la comunidad educativa nos hemos concentrado hoy en defensa de la educaci\u00f3n p\u00fablica aragonesa. El acto no es solo una manifestaci\u00f3n de\" \/>\n<meta property=\"og:url\" content=\"https:\/\/www.cgtaragonlarioja.org\/fedens\/cgt-sale-a-la-calle-para-defender-la-ensenanza-publica-y-rechazar-la-concertacion-del-bachillerato-y-de-la-ensenanza-de-0-a-3-anos\/\" \/>\n<meta property=\"og:site_name\" content=\"CGT Arag\u00f3n - La Rioja. ENSE\u00d1ANZA\" \/>\n<meta property=\"article:publisher\" content=\"https:\/\/www.facebook.com\/CGTEnseAragon\/\" \/>\n<meta property=\"article:published_time\" content=\"2025-10-16T21:24:36+00:00\" \/>\n<meta property=\"og:image\" content=\"https:\/\/www.cgtaragonlarioja.org\/fedens\/files\/2025\/10\/photo_2025-10-16_19-59-40.jpg\" \/>\n\t<meta property=\"og:image:width\" content=\"1280\" \/>\n\t<meta property=\"og:image:height\" content=\"964\" \/>\n\t<meta property=\"og:image:type\" content=\"image\/jpeg\" \/>\n<meta name=\"author\" content=\"CGT Ense\u00f1anza Arag\u00f3n\" \/>\n<meta name=\"twitter:card\" content=\"summary_large_image\" \/>\n<meta name=\"twitter:creator\" content=\"@CGTeduAragon\" \/>\n<meta name=\"twitter:site\" content=\"@CGTeduAragon\" \/>\n<meta name=\"twitter:label1\" content=\"Escrito por\" \/>\n\t<meta name=\"twitter:data1\" content=\"CGT Ense\u00f1anza Arag\u00f3n\" \/>\n\t<meta name=\"twitter:label2\" content=\"Tiempo de lectura\" \/>\n\t<meta name=\"twitter:data2\" content=\"3 minutos\" \/>\n<script type=\"application\/ld+json\" class=\"yoast-schema-graph\">{\"@context\":\"https:\/\/schema.org\",\"@graph\":[{\"@type\":\"Article\",\"@id\":\"https:\/\/www.cgtaragonlarioja.org\/fedens\/cgt-sale-a-la-calle-para-defender-la-ensenanza-publica-y-rechazar-la-concertacion-del-bachillerato-y-de-la-ensenanza-de-0-a-3-anos\/#article\",\"isPartOf\":{\"@id\":\"https:\/\/www.cgtaragonlarioja.org\/fedens\/cgt-sale-a-la-calle-para-defender-la-ensenanza-publica-y-rechazar-la-concertacion-del-bachillerato-y-de-la-ensenanza-de-0-a-3-anos\/\"},\"author\":{\"name\":\"CGT Ense\u00f1anza Arag\u00f3n\",\"@id\":\"https:\/\/www.cgtaragonlarioja.org\/fedens\/#\/schema\/person\/f577cbf9ee1fb7519bfd883ac4f4032f\"},\"headline\":\"CGT SALE A LA CALLE PARA DEFENDER LA ENSE\u00d1ANZA P\u00daBLICA Y RECHAZAR LA CONCERTACI\u00d3N DEL BACHILLERATO Y DE LA ENSE\u00d1ANZA DE 0 A 3 A\u00d1OS.\",\"datePublished\":\"2025-10-16T21:24:36+00:00\",\"mainEntityOfPage\":{\"@id\":\"https:\/\/www.cgtaragonlarioja.org\/fedens\/cgt-sale-a-la-calle-para-defender-la-ensenanza-publica-y-rechazar-la-concertacion-del-bachillerato-y-de-la-ensenanza-de-0-a-3-anos\/\"},\"wordCount\":575,\"commentCount\":0,\"publisher\":{\"@id\":\"https:\/\/www.cgtaragonlarioja.org\/fedens\/#organization\"},\"image\":{\"@id\":\"https:\/\/www.cgtaragonlarioja.org\/fedens\/cgt-sale-a-la-calle-para-defender-la-ensenanza-publica-y-rechazar-la-concertacion-del-bachillerato-y-de-la-ensenanza-de-0-a-3-anos\/#primaryimage\"},\"thumbnailUrl\":\"https:\/\/www.cgtaragonlarioja.org\/fedens\/files\/2025\/10\/photo_2025-10-16_19-59-40.jpg\",\"articleSection\":[\"Movilizaciones\",\"Noticias\"],\"inLanguage\":\"es\",\"potentialAction\":[{\"@type\":\"CommentAction\",\"name\":\"Comment\",\"target\":[\"https:\/\/www.cgtaragonlarioja.org\/fedens\/cgt-sale-a-la-calle-para-defender-la-ensenanza-publica-y-rechazar-la-concertacion-del-bachillerato-y-de-la-ensenanza-de-0-a-3-anos\/#respond\"]}]},{\"@type\":\"WebPage\",\"@id\":\"https:\/\/www.cgtaragonlarioja.org\/fedens\/cgt-sale-a-la-calle-para-defender-la-ensenanza-publica-y-rechazar-la-concertacion-del-bachillerato-y-de-la-ensenanza-de-0-a-3-anos\/\",\"url\":\"https:\/\/www.cgtaragonlarioja.org\/fedens\/cgt-sale-a-la-calle-para-defender-la-ensenanza-publica-y-rechazar-la-concertacion-del-bachillerato-y-de-la-ensenanza-de-0-a-3-anos\/\",\"name\":\"CGT SALE A LA CALLE PARA DEFENDER LA ENSE\u00d1ANZA P\u00daBLICA Y RECHAZAR LA CONCERTACI\u00d3N DEL BACHILLERATO Y DE LA ENSE\u00d1ANZA DE 0 A 3 A\u00d1OS.\",\"isPartOf\":{\"@id\":\"https:\/\/www.cgtaragonlarioja.org\/fedens\/#website\"},\"primaryImageOfPage\":{\"@id\":\"https:\/\/www.cgtaragonlarioja.org\/fedens\/cgt-sale-a-la-calle-para-defender-la-ensenanza-publica-y-rechazar-la-concertacion-del-bachillerato-y-de-la-ensenanza-de-0-a-3-anos\/#primaryimage\"},\"image\":{\"@id\":\"https:\/\/www.cgtaragonlarioja.org\/fedens\/cgt-sale-a-la-calle-para-defender-la-ensenanza-publica-y-rechazar-la-concertacion-del-bachillerato-y-de-la-ensenanza-de-0-a-3-anos\/#primaryimage\"},\"thumbnailUrl\":\"https:\/\/www.cgtaragonlarioja.org\/fedens\/files\/2025\/10\/photo_2025-10-16_19-59-40.jpg\",\"datePublished\":\"2025-10-16T21:24:36+00:00\",\"description\":\"CGT Ense\u00f1anza y la comunidad educativa nos hemos concentrado hoy en defensa de la educaci\u00f3n p\u00fablica aragonesa. El acto no es solo una manifestaci\u00f3n de\",\"breadcrumb\":{\"@id\":\"https:\/\/www.cgtaragonlarioja.org\/fedens\/cgt-sale-a-la-calle-para-defender-la-ensenanza-publica-y-rechazar-la-concertacion-del-bachillerato-y-de-la-ensenanza-de-0-a-3-anos\/#breadcrumb\"},\"inLanguage\":\"es\",\"potentialAction\":[{\"@type\":\"ReadAction\",\"target\":[\"https:\/\/www.cgtaragonlarioja.org\/fedens\/cgt-sale-a-la-calle-para-defender-la-ensenanza-publica-y-rechazar-la-concertacion-del-bachillerato-y-de-la-ensenanza-de-0-a-3-anos\/\"]}]},{\"@type\":\"ImageObject\",\"inLanguage\":\"es\",\"@id\":\"https:\/\/www.cgtaragonlarioja.org\/fedens\/cgt-sale-a-la-calle-para-defender-la-ensenanza-publica-y-rechazar-la-concertacion-del-bachillerato-y-de-la-ensenanza-de-0-a-3-anos\/#primaryimage\",\"url\":\"https:\/\/www.cgtaragonlarioja.org\/fedens\/files\/2025\/10\/photo_2025-10-16_19-59-40.jpg\",\"contentUrl\":\"https:\/\/www.cgtaragonlarioja.org\/fedens\/files\/2025\/10\/photo_2025-10-16_19-59-40.jpg\",\"width\":1280,\"height\":964},{\"@type\":\"BreadcrumbList\",\"@id\":\"https:\/\/www.cgtaragonlarioja.org\/fedens\/cgt-sale-a-la-calle-para-defender-la-ensenanza-publica-y-rechazar-la-concertacion-del-bachillerato-y-de-la-ensenanza-de-0-a-3-anos\/#breadcrumb\",\"itemListElement\":[{\"@type\":\"ListItem\",\"position\":1,\"name\":\"Portada\",\"item\":\"https:\/\/www.cgtaragonlarioja.org\/fedens\/\"},{\"@type\":\"ListItem\",\"position\":2,\"name\":\"CGT SALE A LA CALLE PARA DEFENDER LA ENSE\u00d1ANZA P\u00daBLICA Y RECHAZAR LA CONCERTACI\u00d3N DEL BACHILLERATO Y DE LA ENSE\u00d1ANZA DE 0 A 3 A\u00d1OS.\"}]},{\"@type\":\"WebSite\",\"@id\":\"https:\/\/www.cgtaragonlarioja.org\/fedens\/#website\",\"url\":\"https:\/\/www.cgtaragonlarioja.org\/fedens\/\",\"name\":\"CGT Arag\u00f3n - La Rioja. ENSE\u00d1ANZA\",\"description\":\"CONTACTAR: Calatayud-Aranda: 654897973 \/ Huesca: 974238404 \/ Teruel: 978619265 \/ Zaragoza: 976922002\",\"publisher\":{\"@id\":\"https:\/\/www.cgtaragonlarioja.org\/fedens\/#organization\"},\"potentialAction\":[{\"@type\":\"SearchAction\",\"target\":{\"@type\":\"EntryPoint\",\"urlTemplate\":\"https:\/\/www.cgtaragonlarioja.org\/fedens\/?s={search_term_string}\"},\"query-input\":{\"@type\":\"PropertyValueSpecification\",\"valueRequired\":true,\"valueName\":\"search_term_string\"}}],\"inLanguage\":\"es\"},{\"@type\":\"Organization\",\"@id\":\"https:\/\/www.cgtaragonlarioja.org\/fedens\/#organization\",\"name\":\"CGT Arag\u00f3n y La Rioja - Ense\u00f1anza\",\"url\":\"https:\/\/www.cgtaragonlarioja.org\/fedens\/\",\"logo\":{\"@type\":\"ImageObject\",\"inLanguage\":\"es\",\"@id\":\"https:\/\/www.cgtaragonlarioja.org\/fedens\/#\/schema\/logo\/image\/\",\"url\":\"https:\/\/www.cgtaragonlarioja.org\/fedens\/files\/2021\/02\/logo_cgt_ense_huesca_170x250.png\",\"contentUrl\":\"https:\/\/www.cgtaragonlarioja.org\/fedens\/files\/2021\/02\/logo_cgt_ense_huesca_170x250.png\",\"width\":170,\"height\":250,\"caption\":\"CGT Arag\u00f3n y La Rioja - Ense\u00f1anza\"},\"image\":{\"@id\":\"https:\/\/www.cgtaragonlarioja.org\/fedens\/#\/schema\/logo\/image\/\"},\"sameAs\":[\"https:\/\/www.facebook.com\/CGTEnseAragon\/\",\"https:\/\/x.com\/CGTeduAragon\"]},{\"@type\":\"Person\",\"@id\":\"https:\/\/www.cgtaragonlarioja.org\/fedens\/#\/schema\/person\/f577cbf9ee1fb7519bfd883ac4f4032f\",\"name\":\"CGT Ense\u00f1anza Arag\u00f3n\",\"image\":{\"@type\":\"ImageObject\",\"inLanguage\":\"es\",\"@id\":\"https:\/\/www.cgtaragonlarioja.org\/fedens\/#\/schema\/person\/image\/\",\"url\":\"https:\/\/secure.gravatar.com\/avatar\/6591cafae8da970274bd48ef06b7f86ae2c2ba705fb2cdafa9b5f7f48c95a765?s=96&d=mm&r=g\",\"contentUrl\":\"https:\/\/secure.gravatar.com\/avatar\/6591cafae8da970274bd48ef06b7f86ae2c2ba705fb2cdafa9b5f7f48c95a765?s=96&d=mm&r=g\",\"caption\":\"CGT Ense\u00f1anza Arag\u00f3n\"},\"url\":\"https:\/\/www.cgtaragonlarioja.org\/fedens\/author\/fasecgt\/\"}]}<\/script>\n<!-- \/ Yoast SEO plugin. -->","yoast_head_json":{"title":"CGT SALE A LA CALLE PARA DEFENDER LA ENSE\u00d1ANZA P\u00daBLICA Y RECHAZAR LA CONCERTACI\u00d3N DEL BACHILLERATO Y DE LA ENSE\u00d1ANZA DE 0 A 3 A\u00d1OS.","description":"CGT Ense\u00f1anza y la comunidad educativa nos hemos concentrado hoy en defensa de la educaci\u00f3n p\u00fablica aragonesa. El acto no es solo una manifestaci\u00f3n de","robots":{"index":"index","follow":"follow","max-snippet":"max-snippet:-1","max-image-preview":"max-image-preview:large","max-video-preview":"max-video-preview:-1"},"canonical":"https:\/\/www.cgtaragonlarioja.org\/fedens\/cgt-sale-a-la-calle-para-defender-la-ensenanza-publica-y-rechazar-la-concertacion-del-bachillerato-y-de-la-ensenanza-de-0-a-3-anos\/","og_locale":"es_ES","og_type":"article","og_title":"CGT SALE A LA CALLE PARA DEFENDER LA ENSE\u00d1ANZA P\u00daBLICA Y RECHAZAR LA CONCERTACI\u00d3N DEL BACHILLERATO Y DE LA ENSE\u00d1ANZA DE 0 A 3 A\u00d1OS.","og_description":"CGT Ense\u00f1anza y la comunidad educativa nos hemos concentrado hoy en defensa de la educaci\u00f3n p\u00fablica aragonesa. El acto no es solo una manifestaci\u00f3n de","og_url":"https:\/\/www.cgtaragonlarioja.org\/fedens\/cgt-sale-a-la-calle-para-defender-la-ensenanza-publica-y-rechazar-la-concertacion-del-bachillerato-y-de-la-ensenanza-de-0-a-3-anos\/","og_site_name":"CGT Arag\u00f3n - La Rioja. ENSE\u00d1ANZA","article_publisher":"https:\/\/www.facebook.com\/CGTEnseAragon\/","article_published_time":"2025-10-16T21:24:36+00:00","og_image":[{"width":1280,"height":964,"url":"https:\/\/www.cgtaragonlarioja.org\/fedens\/files\/2025\/10\/photo_2025-10-16_19-59-40.jpg","type":"image\/jpeg"}],"author":"CGT Ense\u00f1anza Arag\u00f3n","twitter_card":"summary_large_image","twitter_creator":"@CGTeduAragon","twitter_site":"@CGTeduAragon","twitter_misc":{"Escrito por":"CGT Ense\u00f1anza Arag\u00f3n","Tiempo de lectura":"3 minutos"},"schema":{"@context":"https:\/\/schema.org","@graph":[{"@type":"Article","@id":"https:\/\/www.cgtaragonlarioja.org\/fedens\/cgt-sale-a-la-calle-para-defender-la-ensenanza-publica-y-rechazar-la-concertacion-del-bachillerato-y-de-la-ensenanza-de-0-a-3-anos\/#article","isPartOf":{"@id":"https:\/\/www.cgtaragonlarioja.org\/fedens\/cgt-sale-a-la-calle-para-defender-la-ensenanza-publica-y-rechazar-la-concertacion-del-bachillerato-y-de-la-ensenanza-de-0-a-3-anos\/"},"author":{"name":"CGT Ense\u00f1anza Arag\u00f3n","@id":"https:\/\/www.cgtaragonlarioja.org\/fedens\/#\/schema\/person\/f577cbf9ee1fb7519bfd883ac4f4032f"},"headline":"CGT SALE A LA CALLE PARA DEFENDER LA ENSE\u00d1ANZA P\u00daBLICA Y RECHAZAR LA CONCERTACI\u00d3N DEL BACHILLERATO Y DE LA ENSE\u00d1ANZA DE 0 A 3 A\u00d1OS.","datePublished":"2025-10-16T21:24:36+00:00","mainEntityOfPage":{"@id":"https:\/\/www.cgtaragonlarioja.org\/fedens\/cgt-sale-a-la-calle-para-defender-la-ensenanza-publica-y-rechazar-la-concertacion-del-bachillerato-y-de-la-ensenanza-de-0-a-3-anos\/"},"wordCount":575,"commentCount":0,"publisher":{"@id":"https:\/\/www.cgtaragonlarioja.org\/fedens\/#organization"},"image":{"@id":"https:\/\/www.cgtaragonlarioja.org\/fedens\/cgt-sale-a-la-calle-para-defender-la-ensenanza-publica-y-rechazar-la-concertacion-del-bachillerato-y-de-la-ensenanza-de-0-a-3-anos\/#primaryimage"},"thumbnailUrl":"https:\/\/www.cgtaragonlarioja.org\/fedens\/files\/2025\/10\/photo_2025-10-16_19-59-40.jpg","articleSection":["Movilizaciones","Noticias"],"inLanguage":"es","potentialAction":[{"@type":"CommentAction","name":"Comment","target":["https:\/\/www.cgtaragonlarioja.org\/fedens\/cgt-sale-a-la-calle-para-defender-la-ensenanza-publica-y-rechazar-la-concertacion-del-bachillerato-y-de-la-ensenanza-de-0-a-3-anos\/#respond"]}]},{"@type":"WebPage","@id":"https:\/\/www.cgtaragonlarioja.org\/fedens\/cgt-sale-a-la-calle-para-defender-la-ensenanza-publica-y-rechazar-la-concertacion-del-bachillerato-y-de-la-ensenanza-de-0-a-3-anos\/","url":"https:\/\/www.cgtaragonlarioja.org\/fedens\/cgt-sale-a-la-calle-para-defender-la-ensenanza-publica-y-rechazar-la-concertacion-del-bachillerato-y-de-la-ensenanza-de-0-a-3-anos\/","name":"CGT SALE A LA CALLE PARA DEFENDER LA ENSE\u00d1ANZA P\u00daBLICA Y RECHAZAR LA CONCERTACI\u00d3N DEL BACHILLERATO Y DE LA ENSE\u00d1ANZA DE 0 A 3 A\u00d1OS.","isPartOf":{"@id":"https:\/\/www.cgtaragonlarioja.org\/fedens\/#website"},"primaryImageOfPage":{"@id":"https:\/\/www.cgtaragonlarioja.org\/fedens\/cgt-sale-a-la-calle-para-defender-la-ensenanza-publica-y-rechazar-la-concertacion-del-bachillerato-y-de-la-ensenanza-de-0-a-3-anos\/#primaryimage"},"image":{"@id":"https:\/\/www.cgtaragonlarioja.org\/fedens\/cgt-sale-a-la-calle-para-defender-la-ensenanza-publica-y-rechazar-la-concertacion-del-bachillerato-y-de-la-ensenanza-de-0-a-3-anos\/#primaryimage"},"thumbnailUrl":"https:\/\/www.cgtaragonlarioja.org\/fedens\/files\/2025\/10\/photo_2025-10-16_19-59-40.jpg","datePublished":"2025-10-16T21:24:36+00:00","description":"CGT Ense\u00f1anza y la comunidad educativa nos hemos concentrado hoy en defensa de la educaci\u00f3n p\u00fablica aragonesa. El acto no es solo una manifestaci\u00f3n de","breadcrumb":{"@id":"https:\/\/www.cgtaragonlarioja.org\/fedens\/cgt-sale-a-la-calle-para-defender-la-ensenanza-publica-y-rechazar-la-concertacion-del-bachillerato-y-de-la-ensenanza-de-0-a-3-anos\/#breadcrumb"},"inLanguage":"es","potentialAction":[{"@type":"ReadAction","target":["https:\/\/www.cgtaragonlarioja.org\/fedens\/cgt-sale-a-la-calle-para-defender-la-ensenanza-publica-y-rechazar-la-concertacion-del-bachillerato-y-de-la-ensenanza-de-0-a-3-anos\/"]}]},{"@type":"ImageObject","inLanguage":"es","@id":"https:\/\/www.cgtaragonlarioja.org\/fedens\/cgt-sale-a-la-calle-para-defender-la-ensenanza-publica-y-rechazar-la-concertacion-del-bachillerato-y-de-la-ensenanza-de-0-a-3-anos\/#primaryimage","url":"https:\/\/www.cgtaragonlarioja.org\/fedens\/files\/2025\/10\/photo_2025-10-16_19-59-40.jpg","contentUrl":"https:\/\/www.cgtaragonlarioja.org\/fedens\/files\/2025\/10\/photo_2025-10-16_19-59-40.jpg","width":1280,"height":964},{"@type":"BreadcrumbList","@id":"https:\/\/www.cgtaragonlarioja.org\/fedens\/cgt-sale-a-la-calle-para-defender-la-ensenanza-publica-y-rechazar-la-concertacion-del-bachillerato-y-de-la-ensenanza-de-0-a-3-anos\/#breadcrumb","itemListElement":[{"@type":"ListItem","position":1,"name":"Portada","item":"https:\/\/www.cgtaragonlarioja.org\/fedens\/"},{"@type":"ListItem","position":2,"name":"CGT SALE A LA CALLE PARA DEFENDER LA ENSE\u00d1ANZA P\u00daBLICA Y RECHAZAR LA CONCERTACI\u00d3N DEL BACHILLERATO Y DE LA ENSE\u00d1ANZA DE 0 A 3 A\u00d1OS."}]},{"@type":"WebSite","@id":"https:\/\/www.cgtaragonlarioja.org\/fedens\/#website","url":"https:\/\/www.cgtaragonlarioja.org\/fedens\/","name":"CGT Arag\u00f3n - La Rioja. ENSE\u00d1ANZA","description":"CONTACTAR: Calatayud-Aranda: 654897973 \/ Huesca: 974238404 \/ Teruel: 978619265 \/ Zaragoza: 976922002","publisher":{"@id":"https:\/\/www.cgtaragonlarioja.org\/fedens\/#organization"},"potentialAction":[{"@type":"SearchAction","target":{"@type":"EntryPoint","urlTemplate":"https:\/\/www.cgtaragonlarioja.org\/fedens\/?s={search_term_string}"},"query-input":{"@type":"PropertyValueSpecification","valueRequired":true,"valueName":"search_term_string"}}],"inLanguage":"es"},{"@type":"Organization","@id":"https:\/\/www.cgtaragonlarioja.org\/fedens\/#organization","name":"CGT Arag\u00f3n y La Rioja - Ense\u00f1anza","url":"https:\/\/www.cgtaragonlarioja.org\/fedens\/","logo":{"@type":"ImageObject","inLanguage":"es","@id":"https:\/\/www.cgtaragonlarioja.org\/fedens\/#\/schema\/logo\/image\/","url":"https:\/\/www.cgtaragonlarioja.org\/fedens\/files\/2021\/02\/logo_cgt_ense_huesca_170x250.png","contentUrl":"https:\/\/www.cgtaragonlarioja.org\/fedens\/files\/2021\/02\/logo_cgt_ense_huesca_170x250.png","width":170,"height":250,"caption":"CGT Arag\u00f3n y La Rioja - Ense\u00f1anza"},"image":{"@id":"https:\/\/www.cgtaragonlarioja.org\/fedens\/#\/schema\/logo\/image\/"},"sameAs":["https:\/\/www.facebook.com\/CGTEnseAragon\/","https:\/\/x.com\/CGTeduAragon"]},{"@type":"Person","@id":"https:\/\/www.cgtaragonlarioja.org\/fedens\/#\/schema\/person\/f577cbf9ee1fb7519bfd883ac4f4032f","name":"CGT Ense\u00f1anza Arag\u00f3n","image":{"@type":"ImageObject","inLanguage":"es","@id":"https:\/\/www.cgtaragonlarioja.org\/fedens\/#\/schema\/person\/image\/","url":"https:\/\/secure.gravatar.com\/avatar\/6591cafae8da970274bd48ef06b7f86ae2c2ba705fb2cdafa9b5f7f48c95a765?s=96&d=mm&r=g","contentUrl":"https:\/\/secure.gravatar.com\/avatar\/6591cafae8da970274bd48ef06b7f86ae2c2ba705fb2cdafa9b5f7f48c95a765?s=96&d=mm&r=g","caption":"CGT Ense\u00f1anza Arag\u00f3n"},"url":"https:\/\/www.cgtaragonlarioja.org\/fedens\/author\/fasecgt\/"}]}},"_links":{"self":[{"href":"https:\/\/www.cgtaragonlarioja.org\/fedens\/wp-json\/wp\/v2\/posts\/22295","targetHints":{"allow":["GET"]}}],"collection":[{"href":"https:\/\/www.cgtaragonlarioja.org\/fedens\/wp-json\/wp\/v2\/posts"}],"about":[{"href":"https:\/\/www.cgtaragonlarioja.org\/fedens\/wp-json\/wp\/v2\/types\/post"}],"author":[{"embeddable":true,"href":"https:\/\/www.cgtaragonlarioja.org\/fedens\/wp-json\/wp\/v2\/users\/854"}],"replies":[{"embeddable":true,"href":"https:\/\/www.cgtaragonlarioja.org\/fedens\/wp-json\/wp\/v2\/comments?post=22295"}],"version-history":[{"count":1,"href":"https:\/\/www.cgtaragonlarioja.org\/fedens\/wp-json\/wp\/v2\/posts\/22295\/revisions"}],"predecessor-version":[{"id":22297,"href":"https:\/\/www.cgtaragonlarioja.org\/fedens\/wp-json\/wp\/v2\/posts\/22295\/revisions\/22297"}],"wp:featuredmedia":[{"embeddable":true,"href":"https:\/\/www.cgtaragonlarioja.org\/fedens\/wp-json\/wp\/v2\/media\/22296"}],"wp:attachment":[{"href":"https:\/\/www.cgtaragonlarioja.org\/fedens\/wp-json\/wp\/v2\/media?parent=22295"}],"wp:term":[{"taxonomy":"category","embeddable":true,"href":"https:\/\/www.cgtaragonlarioja.org\/fedens\/wp-json\/wp\/v2\/categories?post=22295"},{"taxonomy":"post_tag","embeddable":true,"href":"https:\/\/www.cgtaragonlarioja.org\/fedens\/wp-json\/wp\/v2\/tags?post=22295"}],"curies":[{"name":"wp","href":"https:\/\/api.w.org\/{rel}","templated":true}]}}