{"id":22256,"date":"2025-10-14T18:32:28","date_gmt":"2025-10-14T16:32:28","guid":{"rendered":"https:\/\/www.cgtaragonlarioja.org\/fedens\/?p=22256"},"modified":"2025-10-14T18:32:28","modified_gmt":"2025-10-14T16:32:28","slug":"defiende-la-escuela-publica-no-a-los-conciertos-en-educacion","status":"publish","type":"post","link":"https:\/\/www.cgtaragonlarioja.org\/fedens\/defiende-la-escuela-publica-no-a-los-conciertos-en-educacion\/","title":{"rendered":"DEFIENDE LA ESCUELA P\u00daBLICA. NO A LOS CONCIERTOS EN EDUCACI\u00d3N"},"content":{"rendered":"<p><span style=\"font-family: arial, helvetica, sans-serif;font-size: 12pt\">Tras el anuncio del Presidente de Arag\u00f3n en Cortes de una pr\u00f3xima concertaci\u00f3n de etapas educativas no obligatorias, CGT Ense\u00f1anza Zaragoza ha convocado una concentraci\u00f3n el jueves 16 de Octubre contra el <b>cierre de aulas<\/b> en la Escuela P\u00fablica, y contra la <b>concertaci\u00f3n <\/b>de las<b> aulas de 0 a 3 a\u00f1os<\/b> y del <b>Bachillerato.\u00a0<\/b><\/span><\/p>\n<p><span style=\"font-family: arial, helvetica, sans-serif;font-size: 12pt\">\u00a1Es momento de luchar por la Escuela P\u00fablica, por la calidad de una Ense\u00f1anza de todas y para todas, y por nuestros puestos de trabajo!<\/span><\/p>\n<p><span style=\"font-family: arial, helvetica, sans-serif;font-size: 12pt\">\u00a1Difunde y acude!<\/span><\/p>\n<p>&nbsp;<\/p>\n","protected":false},"excerpt":{"rendered":"<p>Tras el anuncio del Presidente de Arag\u00f3n en Cortes de una pr\u00f3xima concertaci\u00f3n de etapas<\/p>\n","protected":false},"author":854,"featured_media":22257,"comment_status":"open","ping_status":"open","sticky":false,"template":"","format":"standard","meta":{"footnotes":""},"categories":[702,480],"tags":[],"class_list":["post-22256","post","type-post","status-publish","format-standard","has-post-thumbnail","hentry","category-movilizaciones","category-noticias"],"yoast_head":"<!-- This site is optimized with the Yoast SEO plugin v26.7 - https:\/\/yoast.com\/wordpress\/plugins\/seo\/ -->\n<title>DEFIENDE LA ESCUELA P\u00daBLICA. NO A LOS CONCIERTOS EN EDUCACI\u00d3N<\/title>\n<meta name=\"description\" content=\"Tras el anuncio del Presidente de Arag\u00f3n en Cortes de una pr\u00f3xima concertaci\u00f3n de etapas educativas no obligatorias, CGT Ense\u00f1anza Zaragoza ha convocado\" \/>\n<meta name=\"robots\" content=\"index, follow, max-snippet:-1, max-image-preview:large, max-video-preview:-1\" \/>\n<link rel=\"canonical\" href=\"https:\/\/www.cgtaragonlarioja.org\/fedens\/defiende-la-escuela-publica-no-a-los-conciertos-en-educacion\/\" \/>\n<meta property=\"og:locale\" content=\"es_ES\" \/>\n<meta property=\"og:type\" content=\"article\" \/>\n<meta property=\"og:title\" content=\"DEFIENDE LA ESCUELA P\u00daBLICA. NO A LOS CONCIERTOS EN EDUCACI\u00d3N\" \/>\n<meta property=\"og:description\" content=\"Tras el anuncio del Presidente de Arag\u00f3n en Cortes de una pr\u00f3xima concertaci\u00f3n de etapas educativas no obligatorias, CGT Ense\u00f1anza Zaragoza ha convocado\" \/>\n<meta property=\"og:url\" content=\"https:\/\/www.cgtaragonlarioja.org\/fedens\/defiende-la-escuela-publica-no-a-los-conciertos-en-educacion\/\" \/>\n<meta property=\"og:site_name\" content=\"CGT Arag\u00f3n - La Rioja. ENSE\u00d1ANZA\" \/>\n<meta property=\"article:publisher\" content=\"https:\/\/www.facebook.com\/CGTEnseAragon\/\" \/>\n<meta property=\"article:published_time\" content=\"2025-10-14T16:32:28+00:00\" \/>\n<meta property=\"og:image\" content=\"https:\/\/www.cgtaragonlarioja.org\/fedens\/files\/2025\/10\/5996740146378165399.jpg\" \/>\n\t<meta property=\"og:image:width\" content=\"904\" \/>\n\t<meta property=\"og:image:height\" content=\"1280\" \/>\n\t<meta property=\"og:image:type\" content=\"image\/jpeg\" \/>\n<meta name=\"author\" content=\"CGT Ense\u00f1anza Arag\u00f3n\" \/>\n<meta name=\"twitter:card\" content=\"summary_large_image\" \/>\n<meta name=\"twitter:creator\" content=\"@CGTeduAragon\" \/>\n<meta name=\"twitter:site\" content=\"@CGTeduAragon\" \/>\n<meta name=\"twitter:label1\" content=\"Escrito por\" \/>\n\t<meta name=\"twitter:data1\" content=\"CGT Ense\u00f1anza Arag\u00f3n\" \/>\n\t<meta name=\"twitter:label2\" content=\"Tiempo de lectura\" \/>\n\t<meta name=\"twitter:data2\" content=\"1 minuto\" \/>\n<script type=\"application\/ld+json\" class=\"yoast-schema-graph\">{\"@context\":\"https:\/\/schema.org\",\"@graph\":[{\"@type\":\"Article\",\"@id\":\"https:\/\/www.cgtaragonlarioja.org\/fedens\/defiende-la-escuela-publica-no-a-los-conciertos-en-educacion\/#article\",\"isPartOf\":{\"@id\":\"https:\/\/www.cgtaragonlarioja.org\/fedens\/defiende-la-escuela-publica-no-a-los-conciertos-en-educacion\/\"},\"author\":{\"name\":\"CGT Ense\u00f1anza Arag\u00f3n\",\"@id\":\"https:\/\/www.cgtaragonlarioja.org\/fedens\/#\/schema\/person\/f577cbf9ee1fb7519bfd883ac4f4032f\"},\"headline\":\"DEFIENDE LA ESCUELA P\u00daBLICA. NO A LOS CONCIERTOS EN EDUCACI\u00d3N\",\"datePublished\":\"2025-10-14T16:32:28+00:00\",\"mainEntityOfPage\":{\"@id\":\"https:\/\/www.cgtaragonlarioja.org\/fedens\/defiende-la-escuela-publica-no-a-los-conciertos-en-educacion\/\"},\"wordCount\":102,\"commentCount\":0,\"publisher\":{\"@id\":\"https:\/\/www.cgtaragonlarioja.org\/fedens\/#organization\"},\"image\":{\"@id\":\"https:\/\/www.cgtaragonlarioja.org\/fedens\/defiende-la-escuela-publica-no-a-los-conciertos-en-educacion\/#primaryimage\"},\"thumbnailUrl\":\"https:\/\/www.cgtaragonlarioja.org\/fedens\/files\/2025\/10\/5996740146378165399.jpg\",\"articleSection\":[\"Movilizaciones\",\"Noticias\"],\"inLanguage\":\"es\",\"potentialAction\":[{\"@type\":\"CommentAction\",\"name\":\"Comment\",\"target\":[\"https:\/\/www.cgtaragonlarioja.org\/fedens\/defiende-la-escuela-publica-no-a-los-conciertos-en-educacion\/#respond\"]}]},{\"@type\":\"WebPage\",\"@id\":\"https:\/\/www.cgtaragonlarioja.org\/fedens\/defiende-la-escuela-publica-no-a-los-conciertos-en-educacion\/\",\"url\":\"https:\/\/www.cgtaragonlarioja.org\/fedens\/defiende-la-escuela-publica-no-a-los-conciertos-en-educacion\/\",\"name\":\"DEFIENDE LA ESCUELA P\u00daBLICA. NO A LOS CONCIERTOS EN EDUCACI\u00d3N\",\"isPartOf\":{\"@id\":\"https:\/\/www.cgtaragonlarioja.org\/fedens\/#website\"},\"primaryImageOfPage\":{\"@id\":\"https:\/\/www.cgtaragonlarioja.org\/fedens\/defiende-la-escuela-publica-no-a-los-conciertos-en-educacion\/#primaryimage\"},\"image\":{\"@id\":\"https:\/\/www.cgtaragonlarioja.org\/fedens\/defiende-la-escuela-publica-no-a-los-conciertos-en-educacion\/#primaryimage\"},\"thumbnailUrl\":\"https:\/\/www.cgtaragonlarioja.org\/fedens\/files\/2025\/10\/5996740146378165399.jpg\",\"datePublished\":\"2025-10-14T16:32:28+00:00\",\"description\":\"Tras el anuncio del Presidente de Arag\u00f3n en Cortes de una pr\u00f3xima concertaci\u00f3n de etapas educativas no obligatorias, CGT Ense\u00f1anza Zaragoza ha convocado\",\"breadcrumb\":{\"@id\":\"https:\/\/www.cgtaragonlarioja.org\/fedens\/defiende-la-escuela-publica-no-a-los-conciertos-en-educacion\/#breadcrumb\"},\"inLanguage\":\"es\",\"potentialAction\":[{\"@type\":\"ReadAction\",\"target\":[\"https:\/\/www.cgtaragonlarioja.org\/fedens\/defiende-la-escuela-publica-no-a-los-conciertos-en-educacion\/\"]}]},{\"@type\":\"ImageObject\",\"inLanguage\":\"es\",\"@id\":\"https:\/\/www.cgtaragonlarioja.org\/fedens\/defiende-la-escuela-publica-no-a-los-conciertos-en-educacion\/#primaryimage\",\"url\":\"https:\/\/www.cgtaragonlarioja.org\/fedens\/files\/2025\/10\/5996740146378165399.jpg\",\"contentUrl\":\"https:\/\/www.cgtaragonlarioja.org\/fedens\/files\/2025\/10\/5996740146378165399.jpg\",\"width\":904,\"height\":1280},{\"@type\":\"BreadcrumbList\",\"@id\":\"https:\/\/www.cgtaragonlarioja.org\/fedens\/defiende-la-escuela-publica-no-a-los-conciertos-en-educacion\/#breadcrumb\",\"itemListElement\":[{\"@type\":\"ListItem\",\"position\":1,\"name\":\"Portada\",\"item\":\"https:\/\/www.cgtaragonlarioja.org\/fedens\/\"},{\"@type\":\"ListItem\",\"position\":2,\"name\":\"DEFIENDE LA ESCUELA P\u00daBLICA. NO A LOS CONCIERTOS EN EDUCACI\u00d3N\"}]},{\"@type\":\"WebSite\",\"@id\":\"https:\/\/www.cgtaragonlarioja.org\/fedens\/#website\",\"url\":\"https:\/\/www.cgtaragonlarioja.org\/fedens\/\",\"name\":\"CGT Arag\u00f3n - La Rioja. ENSE\u00d1ANZA\",\"description\":\"CONTACTAR: Calatayud-Aranda: 654897973 \/ Huesca: 974238404 \/ Teruel: 978619265 \/ Zaragoza: 976922002\",\"publisher\":{\"@id\":\"https:\/\/www.cgtaragonlarioja.org\/fedens\/#organization\"},\"potentialAction\":[{\"@type\":\"SearchAction\",\"target\":{\"@type\":\"EntryPoint\",\"urlTemplate\":\"https:\/\/www.cgtaragonlarioja.org\/fedens\/?s={search_term_string}\"},\"query-input\":{\"@type\":\"PropertyValueSpecification\",\"valueRequired\":true,\"valueName\":\"search_term_string\"}}],\"inLanguage\":\"es\"},{\"@type\":\"Organization\",\"@id\":\"https:\/\/www.cgtaragonlarioja.org\/fedens\/#organization\",\"name\":\"CGT Arag\u00f3n y La Rioja - Ense\u00f1anza\",\"url\":\"https:\/\/www.cgtaragonlarioja.org\/fedens\/\",\"logo\":{\"@type\":\"ImageObject\",\"inLanguage\":\"es\",\"@id\":\"https:\/\/www.cgtaragonlarioja.org\/fedens\/#\/schema\/logo\/image\/\",\"url\":\"https:\/\/www.cgtaragonlarioja.org\/fedens\/files\/2021\/02\/logo_cgt_ense_huesca_170x250.png\",\"contentUrl\":\"https:\/\/www.cgtaragonlarioja.org\/fedens\/files\/2021\/02\/logo_cgt_ense_huesca_170x250.png\",\"width\":170,\"height\":250,\"caption\":\"CGT Arag\u00f3n y La Rioja - Ense\u00f1anza\"},\"image\":{\"@id\":\"https:\/\/www.cgtaragonlarioja.org\/fedens\/#\/schema\/logo\/image\/\"},\"sameAs\":[\"https:\/\/www.facebook.com\/CGTEnseAragon\/\",\"https:\/\/x.com\/CGTeduAragon\"]},{\"@type\":\"Person\",\"@id\":\"https:\/\/www.cgtaragonlarioja.org\/fedens\/#\/schema\/person\/f577cbf9ee1fb7519bfd883ac4f4032f\",\"name\":\"CGT Ense\u00f1anza Arag\u00f3n\",\"image\":{\"@type\":\"ImageObject\",\"inLanguage\":\"es\",\"@id\":\"https:\/\/www.cgtaragonlarioja.org\/fedens\/#\/schema\/person\/image\/\",\"url\":\"https:\/\/secure.gravatar.com\/avatar\/6591cafae8da970274bd48ef06b7f86ae2c2ba705fb2cdafa9b5f7f48c95a765?s=96&d=mm&r=g\",\"contentUrl\":\"https:\/\/secure.gravatar.com\/avatar\/6591cafae8da970274bd48ef06b7f86ae2c2ba705fb2cdafa9b5f7f48c95a765?s=96&d=mm&r=g\",\"caption\":\"CGT Ense\u00f1anza Arag\u00f3n\"},\"url\":\"https:\/\/www.cgtaragonlarioja.org\/fedens\/author\/fasecgt\/\"}]}<\/script>\n<!-- \/ Yoast SEO plugin. -->","yoast_head_json":{"title":"DEFIENDE LA ESCUELA P\u00daBLICA. NO A LOS CONCIERTOS EN EDUCACI\u00d3N","description":"Tras el anuncio del Presidente de Arag\u00f3n en Cortes de una pr\u00f3xima concertaci\u00f3n de etapas educativas no obligatorias, CGT Ense\u00f1anza Zaragoza ha convocado","robots":{"index":"index","follow":"follow","max-snippet":"max-snippet:-1","max-image-preview":"max-image-preview:large","max-video-preview":"max-video-preview:-1"},"canonical":"https:\/\/www.cgtaragonlarioja.org\/fedens\/defiende-la-escuela-publica-no-a-los-conciertos-en-educacion\/","og_locale":"es_ES","og_type":"article","og_title":"DEFIENDE LA ESCUELA P\u00daBLICA. NO A LOS CONCIERTOS EN EDUCACI\u00d3N","og_description":"Tras el anuncio del Presidente de Arag\u00f3n en Cortes de una pr\u00f3xima concertaci\u00f3n de etapas educativas no obligatorias, CGT Ense\u00f1anza Zaragoza ha convocado","og_url":"https:\/\/www.cgtaragonlarioja.org\/fedens\/defiende-la-escuela-publica-no-a-los-conciertos-en-educacion\/","og_site_name":"CGT Arag\u00f3n - La Rioja. ENSE\u00d1ANZA","article_publisher":"https:\/\/www.facebook.com\/CGTEnseAragon\/","article_published_time":"2025-10-14T16:32:28+00:00","og_image":[{"width":904,"height":1280,"url":"https:\/\/www.cgtaragonlarioja.org\/fedens\/files\/2025\/10\/5996740146378165399.jpg","type":"image\/jpeg"}],"author":"CGT Ense\u00f1anza Arag\u00f3n","twitter_card":"summary_large_image","twitter_creator":"@CGTeduAragon","twitter_site":"@CGTeduAragon","twitter_misc":{"Escrito por":"CGT Ense\u00f1anza Arag\u00f3n","Tiempo de lectura":"1 minuto"},"schema":{"@context":"https:\/\/schema.org","@graph":[{"@type":"Article","@id":"https:\/\/www.cgtaragonlarioja.org\/fedens\/defiende-la-escuela-publica-no-a-los-conciertos-en-educacion\/#article","isPartOf":{"@id":"https:\/\/www.cgtaragonlarioja.org\/fedens\/defiende-la-escuela-publica-no-a-los-conciertos-en-educacion\/"},"author":{"name":"CGT Ense\u00f1anza Arag\u00f3n","@id":"https:\/\/www.cgtaragonlarioja.org\/fedens\/#\/schema\/person\/f577cbf9ee1fb7519bfd883ac4f4032f"},"headline":"DEFIENDE LA ESCUELA P\u00daBLICA. NO A LOS CONCIERTOS EN EDUCACI\u00d3N","datePublished":"2025-10-14T16:32:28+00:00","mainEntityOfPage":{"@id":"https:\/\/www.cgtaragonlarioja.org\/fedens\/defiende-la-escuela-publica-no-a-los-conciertos-en-educacion\/"},"wordCount":102,"commentCount":0,"publisher":{"@id":"https:\/\/www.cgtaragonlarioja.org\/fedens\/#organization"},"image":{"@id":"https:\/\/www.cgtaragonlarioja.org\/fedens\/defiende-la-escuela-publica-no-a-los-conciertos-en-educacion\/#primaryimage"},"thumbnailUrl":"https:\/\/www.cgtaragonlarioja.org\/fedens\/files\/2025\/10\/5996740146378165399.jpg","articleSection":["Movilizaciones","Noticias"],"inLanguage":"es","potentialAction":[{"@type":"CommentAction","name":"Comment","target":["https:\/\/www.cgtaragonlarioja.org\/fedens\/defiende-la-escuela-publica-no-a-los-conciertos-en-educacion\/#respond"]}]},{"@type":"WebPage","@id":"https:\/\/www.cgtaragonlarioja.org\/fedens\/defiende-la-escuela-publica-no-a-los-conciertos-en-educacion\/","url":"https:\/\/www.cgtaragonlarioja.org\/fedens\/defiende-la-escuela-publica-no-a-los-conciertos-en-educacion\/","name":"DEFIENDE LA ESCUELA P\u00daBLICA. NO A LOS CONCIERTOS EN EDUCACI\u00d3N","isPartOf":{"@id":"https:\/\/www.cgtaragonlarioja.org\/fedens\/#website"},"primaryImageOfPage":{"@id":"https:\/\/www.cgtaragonlarioja.org\/fedens\/defiende-la-escuela-publica-no-a-los-conciertos-en-educacion\/#primaryimage"},"image":{"@id":"https:\/\/www.cgtaragonlarioja.org\/fedens\/defiende-la-escuela-publica-no-a-los-conciertos-en-educacion\/#primaryimage"},"thumbnailUrl":"https:\/\/www.cgtaragonlarioja.org\/fedens\/files\/2025\/10\/5996740146378165399.jpg","datePublished":"2025-10-14T16:32:28+00:00","description":"Tras el anuncio del Presidente de Arag\u00f3n en Cortes de una pr\u00f3xima concertaci\u00f3n de etapas educativas no obligatorias, CGT Ense\u00f1anza Zaragoza ha convocado","breadcrumb":{"@id":"https:\/\/www.cgtaragonlarioja.org\/fedens\/defiende-la-escuela-publica-no-a-los-conciertos-en-educacion\/#breadcrumb"},"inLanguage":"es","potentialAction":[{"@type":"ReadAction","target":["https:\/\/www.cgtaragonlarioja.org\/fedens\/defiende-la-escuela-publica-no-a-los-conciertos-en-educacion\/"]}]},{"@type":"ImageObject","inLanguage":"es","@id":"https:\/\/www.cgtaragonlarioja.org\/fedens\/defiende-la-escuela-publica-no-a-los-conciertos-en-educacion\/#primaryimage","url":"https:\/\/www.cgtaragonlarioja.org\/fedens\/files\/2025\/10\/5996740146378165399.jpg","contentUrl":"https:\/\/www.cgtaragonlarioja.org\/fedens\/files\/2025\/10\/5996740146378165399.jpg","width":904,"height":1280},{"@type":"BreadcrumbList","@id":"https:\/\/www.cgtaragonlarioja.org\/fedens\/defiende-la-escuela-publica-no-a-los-conciertos-en-educacion\/#breadcrumb","itemListElement":[{"@type":"ListItem","position":1,"name":"Portada","item":"https:\/\/www.cgtaragonlarioja.org\/fedens\/"},{"@type":"ListItem","position":2,"name":"DEFIENDE LA ESCUELA P\u00daBLICA. NO A LOS CONCIERTOS EN EDUCACI\u00d3N"}]},{"@type":"WebSite","@id":"https:\/\/www.cgtaragonlarioja.org\/fedens\/#website","url":"https:\/\/www.cgtaragonlarioja.org\/fedens\/","name":"CGT Arag\u00f3n - La Rioja. ENSE\u00d1ANZA","description":"CONTACTAR: Calatayud-Aranda: 654897973 \/ Huesca: 974238404 \/ Teruel: 978619265 \/ Zaragoza: 976922002","publisher":{"@id":"https:\/\/www.cgtaragonlarioja.org\/fedens\/#organization"},"potentialAction":[{"@type":"SearchAction","target":{"@type":"EntryPoint","urlTemplate":"https:\/\/www.cgtaragonlarioja.org\/fedens\/?s={search_term_string}"},"query-input":{"@type":"PropertyValueSpecification","valueRequired":true,"valueName":"search_term_string"}}],"inLanguage":"es"},{"@type":"Organization","@id":"https:\/\/www.cgtaragonlarioja.org\/fedens\/#organization","name":"CGT Arag\u00f3n y La Rioja - Ense\u00f1anza","url":"https:\/\/www.cgtaragonlarioja.org\/fedens\/","logo":{"@type":"ImageObject","inLanguage":"es","@id":"https:\/\/www.cgtaragonlarioja.org\/fedens\/#\/schema\/logo\/image\/","url":"https:\/\/www.cgtaragonlarioja.org\/fedens\/files\/2021\/02\/logo_cgt_ense_huesca_170x250.png","contentUrl":"https:\/\/www.cgtaragonlarioja.org\/fedens\/files\/2021\/02\/logo_cgt_ense_huesca_170x250.png","width":170,"height":250,"caption":"CGT Arag\u00f3n y La Rioja - Ense\u00f1anza"},"image":{"@id":"https:\/\/www.cgtaragonlarioja.org\/fedens\/#\/schema\/logo\/image\/"},"sameAs":["https:\/\/www.facebook.com\/CGTEnseAragon\/","https:\/\/x.com\/CGTeduAragon"]},{"@type":"Person","@id":"https:\/\/www.cgtaragonlarioja.org\/fedens\/#\/schema\/person\/f577cbf9ee1fb7519bfd883ac4f4032f","name":"CGT Ense\u00f1anza Arag\u00f3n","image":{"@type":"ImageObject","inLanguage":"es","@id":"https:\/\/www.cgtaragonlarioja.org\/fedens\/#\/schema\/person\/image\/","url":"https:\/\/secure.gravatar.com\/avatar\/6591cafae8da970274bd48ef06b7f86ae2c2ba705fb2cdafa9b5f7f48c95a765?s=96&d=mm&r=g","contentUrl":"https:\/\/secure.gravatar.com\/avatar\/6591cafae8da970274bd48ef06b7f86ae2c2ba705fb2cdafa9b5f7f48c95a765?s=96&d=mm&r=g","caption":"CGT Ense\u00f1anza Arag\u00f3n"},"url":"https:\/\/www.cgtaragonlarioja.org\/fedens\/author\/fasecgt\/"}]}},"_links":{"self":[{"href":"https:\/\/www.cgtaragonlarioja.org\/fedens\/wp-json\/wp\/v2\/posts\/22256","targetHints":{"allow":["GET"]}}],"collection":[{"href":"https:\/\/www.cgtaragonlarioja.org\/fedens\/wp-json\/wp\/v2\/posts"}],"about":[{"href":"https:\/\/www.cgtaragonlarioja.org\/fedens\/wp-json\/wp\/v2\/types\/post"}],"author":[{"embeddable":true,"href":"https:\/\/www.cgtaragonlarioja.org\/fedens\/wp-json\/wp\/v2\/users\/854"}],"replies":[{"embeddable":true,"href":"https:\/\/www.cgtaragonlarioja.org\/fedens\/wp-json\/wp\/v2\/comments?post=22256"}],"version-history":[{"count":1,"href":"https:\/\/www.cgtaragonlarioja.org\/fedens\/wp-json\/wp\/v2\/posts\/22256\/revisions"}],"predecessor-version":[{"id":22258,"href":"https:\/\/www.cgtaragonlarioja.org\/fedens\/wp-json\/wp\/v2\/posts\/22256\/revisions\/22258"}],"wp:featuredmedia":[{"embeddable":true,"href":"https:\/\/www.cgtaragonlarioja.org\/fedens\/wp-json\/wp\/v2\/media\/22257"}],"wp:attachment":[{"href":"https:\/\/www.cgtaragonlarioja.org\/fedens\/wp-json\/wp\/v2\/media?parent=22256"}],"wp:term":[{"taxonomy":"category","embeddable":true,"href":"https:\/\/www.cgtaragonlarioja.org\/fedens\/wp-json\/wp\/v2\/categories?post=22256"},{"taxonomy":"post_tag","embeddable":true,"href":"https:\/\/www.cgtaragonlarioja.org\/fedens\/wp-json\/wp\/v2\/tags?post=22256"}],"curies":[{"name":"wp","href":"https:\/\/api.w.org\/{rel}","templated":true}]}}