{"id":21707,"date":"2025-07-23T10:18:07","date_gmt":"2025-07-23T08:18:07","guid":{"rendered":"https:\/\/www.cgtaragonlarioja.org\/fedens\/?p=21707"},"modified":"2025-07-23T10:20:57","modified_gmt":"2025-07-23T08:20:57","slug":"ficha-de-afiliacion-a-cgt","status":"publish","type":"post","link":"https:\/\/www.cgtaragonlarioja.org\/fedens\/ficha-de-afiliacion-a-cgt\/","title":{"rendered":"FICHA DE AFILIACI\u00d3N A CGT"},"content":{"rendered":"<p>Nuestra web est\u00e1 en obras y de momento no es posible afiliarse a trav\u00e9s de ella.\u00a0Mientras dure esta situaci\u00f3n pod\u00e9is afiliaros presencialmente en las distintas sedes de CGT en Arag\u00f3n, o bien enviando a los correos electr\u00f3nicos las fichas de afiliaci\u00f3n completadas y escaneadas.<\/p>\n<p>Disculpad las molestias.<\/p>\n<p><a href=\"https:\/\/www.cgtaragonlarioja.org\/fedens\/files\/2025\/07\/ENSENANZA-ZARAGOZA-BOLETIN-AFILIACION.pdf\">ENSE\u00d1ANZA ZARAGOZA BOLET\u00cdN AFILIACI\u00d3N<\/a><\/p>\n<p><a href=\"https:\/\/www.cgtaragonlarioja.org\/fedens\/files\/2025\/07\/ENSENANZA-HUESCA-BOLETIN-AFILIACION.pdf\">ENSE\u00d1ANZA HUESCA BOLET\u00cdN AFILIACI\u00d3N<\/a><\/p>\n<p><a href=\"https:\/\/www.cgtaragonlarioja.org\/fedens\/files\/2025\/07\/OOVV-TERUEL-BOLETIN-AFILIACION.pdf\">OOVV TERUEL BOLET\u00cdN AFILIACI\u00d3N<\/a><\/p>\n<p><a href=\"https:\/\/www.cgtaragonlarioja.org\/fedens\/files\/2025\/07\/OOVV-CALATAYUD-BOLETIN-AFILIACION.pdf\">OOVV CALATAYUD BOLET\u00cdN AFILIACI\u00d3N<\/a><\/p>\n<p><strong>Enviar correo con la ficha completada a afiliacion@cgtaragonlarioja.org\u00a0<\/strong><\/p>\n","protected":false},"excerpt":{"rendered":"<p>Nuestra web est\u00e1 en obras y de momento no es posible afiliarse a trav\u00e9s de<\/p>\n","protected":false},"author":486,"featured_media":21717,"comment_status":"open","ping_status":"open","sticky":false,"template":"","format":"standard","meta":{"footnotes":""},"categories":[480],"tags":[],"class_list":["post-21707","post","type-post","status-publish","format-standard","has-post-thumbnail","hentry","category-noticias"],"yoast_head":"<!-- This site is optimized with the Yoast SEO plugin v26.7 - https:\/\/yoast.com\/wordpress\/plugins\/seo\/ -->\n<title>FICHA DE AFILIACI\u00d3N A CGT<\/title>\n<meta name=\"description\" content=\"Nuestra web est\u00e1 en obras y de momento no es posible afiliarse a trav\u00e9s de ella.\u00a0Mientras dure esta situaci\u00f3n pod\u00e9is afiliaros presencialmente en las\" \/>\n<meta name=\"robots\" content=\"index, follow, max-snippet:-1, max-image-preview:large, max-video-preview:-1\" \/>\n<link rel=\"canonical\" href=\"https:\/\/www.cgtaragonlarioja.org\/fedens\/ficha-de-afiliacion-a-cgt\/\" \/>\n<meta property=\"og:locale\" content=\"es_ES\" \/>\n<meta property=\"og:type\" content=\"article\" \/>\n<meta property=\"og:title\" content=\"FICHA DE AFILIACI\u00d3N A CGT\" \/>\n<meta property=\"og:description\" content=\"Nuestra web est\u00e1 en obras y de momento no es posible afiliarse a trav\u00e9s de ella.\u00a0Mientras dure esta situaci\u00f3n pod\u00e9is afiliaros presencialmente en las\" \/>\n<meta property=\"og:url\" content=\"https:\/\/www.cgtaragonlarioja.org\/fedens\/ficha-de-afiliacion-a-cgt\/\" \/>\n<meta property=\"og:site_name\" content=\"CGT Arag\u00f3n - La Rioja. ENSE\u00d1ANZA\" \/>\n<meta property=\"article:publisher\" content=\"https:\/\/www.facebook.com\/CGTEnseAragon\/\" \/>\n<meta property=\"article:published_time\" content=\"2025-07-23T08:18:07+00:00\" \/>\n<meta property=\"article:modified_time\" content=\"2025-07-23T08:20:57+00:00\" \/>\n<meta property=\"og:image\" content=\"https:\/\/www.cgtaragonlarioja.org\/fedens\/files\/2025\/07\/arton2414.png\" \/>\n\t<meta property=\"og:image:width\" content=\"221\" \/>\n\t<meta property=\"og:image:height\" content=\"228\" \/>\n\t<meta property=\"og:image:type\" content=\"image\/png\" \/>\n<meta name=\"author\" content=\"kike\" \/>\n<meta name=\"twitter:card\" content=\"summary_large_image\" \/>\n<meta name=\"twitter:creator\" content=\"@CGTeduAragon\" \/>\n<meta name=\"twitter:site\" content=\"@CGTeduAragon\" \/>\n<meta name=\"twitter:label1\" content=\"Escrito por\" \/>\n\t<meta name=\"twitter:data1\" content=\"kike\" \/>\n\t<meta name=\"twitter:label2\" content=\"Tiempo de lectura\" \/>\n\t<meta name=\"twitter:data2\" content=\"1 minuto\" \/>\n<script type=\"application\/ld+json\" class=\"yoast-schema-graph\">{\"@context\":\"https:\/\/schema.org\",\"@graph\":[{\"@type\":\"Article\",\"@id\":\"https:\/\/www.cgtaragonlarioja.org\/fedens\/ficha-de-afiliacion-a-cgt\/#article\",\"isPartOf\":{\"@id\":\"https:\/\/www.cgtaragonlarioja.org\/fedens\/ficha-de-afiliacion-a-cgt\/\"},\"author\":{\"name\":\"kike\",\"@id\":\"https:\/\/www.cgtaragonlarioja.org\/fedens\/#\/schema\/person\/dfa7d1616615d62a6d79c9593aa09fc3\"},\"headline\":\"FICHA DE AFILIACI\u00d3N A CGT\",\"datePublished\":\"2025-07-23T08:18:07+00:00\",\"dateModified\":\"2025-07-23T08:20:57+00:00\",\"mainEntityOfPage\":{\"@id\":\"https:\/\/www.cgtaragonlarioja.org\/fedens\/ficha-de-afiliacion-a-cgt\/\"},\"wordCount\":96,\"commentCount\":0,\"publisher\":{\"@id\":\"https:\/\/www.cgtaragonlarioja.org\/fedens\/#organization\"},\"image\":{\"@id\":\"https:\/\/www.cgtaragonlarioja.org\/fedens\/ficha-de-afiliacion-a-cgt\/#primaryimage\"},\"thumbnailUrl\":\"https:\/\/www.cgtaragonlarioja.org\/fedens\/files\/2025\/07\/arton2414.png\",\"articleSection\":[\"Noticias\"],\"inLanguage\":\"es\",\"potentialAction\":[{\"@type\":\"CommentAction\",\"name\":\"Comment\",\"target\":[\"https:\/\/www.cgtaragonlarioja.org\/fedens\/ficha-de-afiliacion-a-cgt\/#respond\"]}]},{\"@type\":\"WebPage\",\"@id\":\"https:\/\/www.cgtaragonlarioja.org\/fedens\/ficha-de-afiliacion-a-cgt\/\",\"url\":\"https:\/\/www.cgtaragonlarioja.org\/fedens\/ficha-de-afiliacion-a-cgt\/\",\"name\":\"FICHA DE AFILIACI\u00d3N A CGT\",\"isPartOf\":{\"@id\":\"https:\/\/www.cgtaragonlarioja.org\/fedens\/#website\"},\"primaryImageOfPage\":{\"@id\":\"https:\/\/www.cgtaragonlarioja.org\/fedens\/ficha-de-afiliacion-a-cgt\/#primaryimage\"},\"image\":{\"@id\":\"https:\/\/www.cgtaragonlarioja.org\/fedens\/ficha-de-afiliacion-a-cgt\/#primaryimage\"},\"thumbnailUrl\":\"https:\/\/www.cgtaragonlarioja.org\/fedens\/files\/2025\/07\/arton2414.png\",\"datePublished\":\"2025-07-23T08:18:07+00:00\",\"dateModified\":\"2025-07-23T08:20:57+00:00\",\"description\":\"Nuestra web est\u00e1 en obras y de momento no es posible afiliarse a trav\u00e9s de ella.\u00a0Mientras dure esta situaci\u00f3n pod\u00e9is afiliaros presencialmente en las\",\"breadcrumb\":{\"@id\":\"https:\/\/www.cgtaragonlarioja.org\/fedens\/ficha-de-afiliacion-a-cgt\/#breadcrumb\"},\"inLanguage\":\"es\",\"potentialAction\":[{\"@type\":\"ReadAction\",\"target\":[\"https:\/\/www.cgtaragonlarioja.org\/fedens\/ficha-de-afiliacion-a-cgt\/\"]}]},{\"@type\":\"ImageObject\",\"inLanguage\":\"es\",\"@id\":\"https:\/\/www.cgtaragonlarioja.org\/fedens\/ficha-de-afiliacion-a-cgt\/#primaryimage\",\"url\":\"https:\/\/www.cgtaragonlarioja.org\/fedens\/files\/2025\/07\/arton2414.png\",\"contentUrl\":\"https:\/\/www.cgtaragonlarioja.org\/fedens\/files\/2025\/07\/arton2414.png\",\"width\":221,\"height\":228},{\"@type\":\"BreadcrumbList\",\"@id\":\"https:\/\/www.cgtaragonlarioja.org\/fedens\/ficha-de-afiliacion-a-cgt\/#breadcrumb\",\"itemListElement\":[{\"@type\":\"ListItem\",\"position\":1,\"name\":\"Portada\",\"item\":\"https:\/\/www.cgtaragonlarioja.org\/fedens\/\"},{\"@type\":\"ListItem\",\"position\":2,\"name\":\"FICHA DE AFILIACI\u00d3N A CGT\"}]},{\"@type\":\"WebSite\",\"@id\":\"https:\/\/www.cgtaragonlarioja.org\/fedens\/#website\",\"url\":\"https:\/\/www.cgtaragonlarioja.org\/fedens\/\",\"name\":\"CGT Arag\u00f3n - La Rioja. ENSE\u00d1ANZA\",\"description\":\"CONTACTAR: Calatayud-Aranda: 654897973 \/ Huesca: 974238404 \/ Teruel: 978619265 \/ Zaragoza: 976922002\",\"publisher\":{\"@id\":\"https:\/\/www.cgtaragonlarioja.org\/fedens\/#organization\"},\"potentialAction\":[{\"@type\":\"SearchAction\",\"target\":{\"@type\":\"EntryPoint\",\"urlTemplate\":\"https:\/\/www.cgtaragonlarioja.org\/fedens\/?s={search_term_string}\"},\"query-input\":{\"@type\":\"PropertyValueSpecification\",\"valueRequired\":true,\"valueName\":\"search_term_string\"}}],\"inLanguage\":\"es\"},{\"@type\":\"Organization\",\"@id\":\"https:\/\/www.cgtaragonlarioja.org\/fedens\/#organization\",\"name\":\"CGT Arag\u00f3n y La Rioja - Ense\u00f1anza\",\"url\":\"https:\/\/www.cgtaragonlarioja.org\/fedens\/\",\"logo\":{\"@type\":\"ImageObject\",\"inLanguage\":\"es\",\"@id\":\"https:\/\/www.cgtaragonlarioja.org\/fedens\/#\/schema\/logo\/image\/\",\"url\":\"https:\/\/www.cgtaragonlarioja.org\/fedens\/files\/2021\/02\/logo_cgt_ense_huesca_170x250.png\",\"contentUrl\":\"https:\/\/www.cgtaragonlarioja.org\/fedens\/files\/2021\/02\/logo_cgt_ense_huesca_170x250.png\",\"width\":170,\"height\":250,\"caption\":\"CGT Arag\u00f3n y La Rioja - Ense\u00f1anza\"},\"image\":{\"@id\":\"https:\/\/www.cgtaragonlarioja.org\/fedens\/#\/schema\/logo\/image\/\"},\"sameAs\":[\"https:\/\/www.facebook.com\/CGTEnseAragon\/\",\"https:\/\/x.com\/CGTeduAragon\"]},{\"@type\":\"Person\",\"@id\":\"https:\/\/www.cgtaragonlarioja.org\/fedens\/#\/schema\/person\/dfa7d1616615d62a6d79c9593aa09fc3\",\"name\":\"kike\",\"image\":{\"@type\":\"ImageObject\",\"inLanguage\":\"es\",\"@id\":\"https:\/\/www.cgtaragonlarioja.org\/fedens\/#\/schema\/person\/image\/\",\"url\":\"https:\/\/secure.gravatar.com\/avatar\/f1c0788a733c3717c5f8c071e064a9c188df22c90b22388027f4ed27abaa4f3b?s=96&d=mm&r=g\",\"contentUrl\":\"https:\/\/secure.gravatar.com\/avatar\/f1c0788a733c3717c5f8c071e064a9c188df22c90b22388027f4ed27abaa4f3b?s=96&d=mm&r=g\",\"caption\":\"kike\"},\"url\":\"https:\/\/www.cgtaragonlarioja.org\/fedens\/author\/kike\/\"}]}<\/script>\n<!-- \/ Yoast SEO plugin. -->","yoast_head_json":{"title":"FICHA DE AFILIACI\u00d3N A CGT","description":"Nuestra web est\u00e1 en obras y de momento no es posible afiliarse a trav\u00e9s de ella.\u00a0Mientras dure esta situaci\u00f3n pod\u00e9is afiliaros presencialmente en las","robots":{"index":"index","follow":"follow","max-snippet":"max-snippet:-1","max-image-preview":"max-image-preview:large","max-video-preview":"max-video-preview:-1"},"canonical":"https:\/\/www.cgtaragonlarioja.org\/fedens\/ficha-de-afiliacion-a-cgt\/","og_locale":"es_ES","og_type":"article","og_title":"FICHA DE AFILIACI\u00d3N A CGT","og_description":"Nuestra web est\u00e1 en obras y de momento no es posible afiliarse a trav\u00e9s de ella.\u00a0Mientras dure esta situaci\u00f3n pod\u00e9is afiliaros presencialmente en las","og_url":"https:\/\/www.cgtaragonlarioja.org\/fedens\/ficha-de-afiliacion-a-cgt\/","og_site_name":"CGT Arag\u00f3n - La Rioja. ENSE\u00d1ANZA","article_publisher":"https:\/\/www.facebook.com\/CGTEnseAragon\/","article_published_time":"2025-07-23T08:18:07+00:00","article_modified_time":"2025-07-23T08:20:57+00:00","og_image":[{"width":221,"height":228,"url":"https:\/\/www.cgtaragonlarioja.org\/fedens\/files\/2025\/07\/arton2414.png","type":"image\/png"}],"author":"kike","twitter_card":"summary_large_image","twitter_creator":"@CGTeduAragon","twitter_site":"@CGTeduAragon","twitter_misc":{"Escrito por":"kike","Tiempo de lectura":"1 minuto"},"schema":{"@context":"https:\/\/schema.org","@graph":[{"@type":"Article","@id":"https:\/\/www.cgtaragonlarioja.org\/fedens\/ficha-de-afiliacion-a-cgt\/#article","isPartOf":{"@id":"https:\/\/www.cgtaragonlarioja.org\/fedens\/ficha-de-afiliacion-a-cgt\/"},"author":{"name":"kike","@id":"https:\/\/www.cgtaragonlarioja.org\/fedens\/#\/schema\/person\/dfa7d1616615d62a6d79c9593aa09fc3"},"headline":"FICHA DE AFILIACI\u00d3N A CGT","datePublished":"2025-07-23T08:18:07+00:00","dateModified":"2025-07-23T08:20:57+00:00","mainEntityOfPage":{"@id":"https:\/\/www.cgtaragonlarioja.org\/fedens\/ficha-de-afiliacion-a-cgt\/"},"wordCount":96,"commentCount":0,"publisher":{"@id":"https:\/\/www.cgtaragonlarioja.org\/fedens\/#organization"},"image":{"@id":"https:\/\/www.cgtaragonlarioja.org\/fedens\/ficha-de-afiliacion-a-cgt\/#primaryimage"},"thumbnailUrl":"https:\/\/www.cgtaragonlarioja.org\/fedens\/files\/2025\/07\/arton2414.png","articleSection":["Noticias"],"inLanguage":"es","potentialAction":[{"@type":"CommentAction","name":"Comment","target":["https:\/\/www.cgtaragonlarioja.org\/fedens\/ficha-de-afiliacion-a-cgt\/#respond"]}]},{"@type":"WebPage","@id":"https:\/\/www.cgtaragonlarioja.org\/fedens\/ficha-de-afiliacion-a-cgt\/","url":"https:\/\/www.cgtaragonlarioja.org\/fedens\/ficha-de-afiliacion-a-cgt\/","name":"FICHA DE AFILIACI\u00d3N A CGT","isPartOf":{"@id":"https:\/\/www.cgtaragonlarioja.org\/fedens\/#website"},"primaryImageOfPage":{"@id":"https:\/\/www.cgtaragonlarioja.org\/fedens\/ficha-de-afiliacion-a-cgt\/#primaryimage"},"image":{"@id":"https:\/\/www.cgtaragonlarioja.org\/fedens\/ficha-de-afiliacion-a-cgt\/#primaryimage"},"thumbnailUrl":"https:\/\/www.cgtaragonlarioja.org\/fedens\/files\/2025\/07\/arton2414.png","datePublished":"2025-07-23T08:18:07+00:00","dateModified":"2025-07-23T08:20:57+00:00","description":"Nuestra web est\u00e1 en obras y de momento no es posible afiliarse a trav\u00e9s de ella.\u00a0Mientras dure esta situaci\u00f3n pod\u00e9is afiliaros presencialmente en las","breadcrumb":{"@id":"https:\/\/www.cgtaragonlarioja.org\/fedens\/ficha-de-afiliacion-a-cgt\/#breadcrumb"},"inLanguage":"es","potentialAction":[{"@type":"ReadAction","target":["https:\/\/www.cgtaragonlarioja.org\/fedens\/ficha-de-afiliacion-a-cgt\/"]}]},{"@type":"ImageObject","inLanguage":"es","@id":"https:\/\/www.cgtaragonlarioja.org\/fedens\/ficha-de-afiliacion-a-cgt\/#primaryimage","url":"https:\/\/www.cgtaragonlarioja.org\/fedens\/files\/2025\/07\/arton2414.png","contentUrl":"https:\/\/www.cgtaragonlarioja.org\/fedens\/files\/2025\/07\/arton2414.png","width":221,"height":228},{"@type":"BreadcrumbList","@id":"https:\/\/www.cgtaragonlarioja.org\/fedens\/ficha-de-afiliacion-a-cgt\/#breadcrumb","itemListElement":[{"@type":"ListItem","position":1,"name":"Portada","item":"https:\/\/www.cgtaragonlarioja.org\/fedens\/"},{"@type":"ListItem","position":2,"name":"FICHA DE AFILIACI\u00d3N A CGT"}]},{"@type":"WebSite","@id":"https:\/\/www.cgtaragonlarioja.org\/fedens\/#website","url":"https:\/\/www.cgtaragonlarioja.org\/fedens\/","name":"CGT Arag\u00f3n - La Rioja. ENSE\u00d1ANZA","description":"CONTACTAR: Calatayud-Aranda: 654897973 \/ Huesca: 974238404 \/ Teruel: 978619265 \/ Zaragoza: 976922002","publisher":{"@id":"https:\/\/www.cgtaragonlarioja.org\/fedens\/#organization"},"potentialAction":[{"@type":"SearchAction","target":{"@type":"EntryPoint","urlTemplate":"https:\/\/www.cgtaragonlarioja.org\/fedens\/?s={search_term_string}"},"query-input":{"@type":"PropertyValueSpecification","valueRequired":true,"valueName":"search_term_string"}}],"inLanguage":"es"},{"@type":"Organization","@id":"https:\/\/www.cgtaragonlarioja.org\/fedens\/#organization","name":"CGT Arag\u00f3n y La Rioja - Ense\u00f1anza","url":"https:\/\/www.cgtaragonlarioja.org\/fedens\/","logo":{"@type":"ImageObject","inLanguage":"es","@id":"https:\/\/www.cgtaragonlarioja.org\/fedens\/#\/schema\/logo\/image\/","url":"https:\/\/www.cgtaragonlarioja.org\/fedens\/files\/2021\/02\/logo_cgt_ense_huesca_170x250.png","contentUrl":"https:\/\/www.cgtaragonlarioja.org\/fedens\/files\/2021\/02\/logo_cgt_ense_huesca_170x250.png","width":170,"height":250,"caption":"CGT Arag\u00f3n y La Rioja - Ense\u00f1anza"},"image":{"@id":"https:\/\/www.cgtaragonlarioja.org\/fedens\/#\/schema\/logo\/image\/"},"sameAs":["https:\/\/www.facebook.com\/CGTEnseAragon\/","https:\/\/x.com\/CGTeduAragon"]},{"@type":"Person","@id":"https:\/\/www.cgtaragonlarioja.org\/fedens\/#\/schema\/person\/dfa7d1616615d62a6d79c9593aa09fc3","name":"kike","image":{"@type":"ImageObject","inLanguage":"es","@id":"https:\/\/www.cgtaragonlarioja.org\/fedens\/#\/schema\/person\/image\/","url":"https:\/\/secure.gravatar.com\/avatar\/f1c0788a733c3717c5f8c071e064a9c188df22c90b22388027f4ed27abaa4f3b?s=96&d=mm&r=g","contentUrl":"https:\/\/secure.gravatar.com\/avatar\/f1c0788a733c3717c5f8c071e064a9c188df22c90b22388027f4ed27abaa4f3b?s=96&d=mm&r=g","caption":"kike"},"url":"https:\/\/www.cgtaragonlarioja.org\/fedens\/author\/kike\/"}]}},"_links":{"self":[{"href":"https:\/\/www.cgtaragonlarioja.org\/fedens\/wp-json\/wp\/v2\/posts\/21707","targetHints":{"allow":["GET"]}}],"collection":[{"href":"https:\/\/www.cgtaragonlarioja.org\/fedens\/wp-json\/wp\/v2\/posts"}],"about":[{"href":"https:\/\/www.cgtaragonlarioja.org\/fedens\/wp-json\/wp\/v2\/types\/post"}],"author":[{"embeddable":true,"href":"https:\/\/www.cgtaragonlarioja.org\/fedens\/wp-json\/wp\/v2\/users\/486"}],"replies":[{"embeddable":true,"href":"https:\/\/www.cgtaragonlarioja.org\/fedens\/wp-json\/wp\/v2\/comments?post=21707"}],"version-history":[{"count":1,"href":"https:\/\/www.cgtaragonlarioja.org\/fedens\/wp-json\/wp\/v2\/posts\/21707\/revisions"}],"predecessor-version":[{"id":21715,"href":"https:\/\/www.cgtaragonlarioja.org\/fedens\/wp-json\/wp\/v2\/posts\/21707\/revisions\/21715"}],"wp:featuredmedia":[{"embeddable":true,"href":"https:\/\/www.cgtaragonlarioja.org\/fedens\/wp-json\/wp\/v2\/media\/21717"}],"wp:attachment":[{"href":"https:\/\/www.cgtaragonlarioja.org\/fedens\/wp-json\/wp\/v2\/media?parent=21707"}],"wp:term":[{"taxonomy":"category","embeddable":true,"href":"https:\/\/www.cgtaragonlarioja.org\/fedens\/wp-json\/wp\/v2\/categories?post=21707"},{"taxonomy":"post_tag","embeddable":true,"href":"https:\/\/www.cgtaragonlarioja.org\/fedens\/wp-json\/wp\/v2\/tags?post=21707"}],"curies":[{"name":"wp","href":"https:\/\/api.w.org\/{rel}","templated":true}]}}