{"id":21679,"date":"2025-07-08T16:11:08","date_gmt":"2025-07-08T14:11:08","guid":{"rendered":"https:\/\/www.cgtaragonlarioja.org\/fedens\/?p=21679"},"modified":"2025-07-08T16:11:08","modified_gmt":"2025-07-08T14:11:08","slug":"cgt-ensenanza-denuncia-el-impago-de-libramientos-para-gastos-de-funcionamiento-a-los-centros-educativos-publicos-de-aragon","status":"publish","type":"post","link":"https:\/\/www.cgtaragonlarioja.org\/fedens\/cgt-ensenanza-denuncia-el-impago-de-libramientos-para-gastos-de-funcionamiento-a-los-centros-educativos-publicos-de-aragon\/","title":{"rendered":"CGT Ense\u00f1anza denuncia el impago de libramientos para gastos de funcionamiento a los centros educativos p\u00fablicos de Arag\u00f3n."},"content":{"rendered":"<p>CGT, segundo sindicato en la ense\u00f1anza p\u00fablica aragonesa, anuncia en rueda de prensa la<br \/>\nreclamaci\u00f3n de los libramientos econ\u00f3micos impagados en cursos anteriores a centros educativos<br \/>\np\u00fablicos de Arag\u00f3n.<\/p>\n<p>CGT denuncia el incumplimiento del Gobierno de Arag\u00f3n del Decreto 111\/2000, de 13 de<br \/>\njunio, en lo respectivo a la dotaci\u00f3n de fondos a los Centros p\u00fablicos educativos, ya que en su art\u00edculo<br \/>\n16 establece de forma expresa el procedimiento y plazos para la transferencia de fondos a los centros<br \/>\neducativos mediante libramientos, con cargo a los cr\u00e9ditos del presupuesto del Departamento de<br \/>\nEducaci\u00f3n y Ciencia, asignados a gastos de funcionamiento de los Centros. Dicho art\u00edculo determina<br \/>\nde manera imperativa la realizaci\u00f3n de dos libramientos diferenciados, sin requisitos adicionales (un<br \/>\nprimer libramiento del 30% del total presupuestado para el curso, a percibir una vez que el<br \/>\npresupuesto aprobado haya sido recibido por el Servicio Provincial de Educaci\u00f3n, y un segundo del<br \/>\n70% restante, a percibir antes del 31 de marzo del ejercicio correspondiente.<\/p>\n<p>Los gastos de funcionamiento que los centros deben percibir anualmente con cargo a lo presupuestado<br \/>\n(los centros env\u00edan su presupuesto en septiembre, en octubre se deber\u00eda abonar el 30% y el resto en marzo),<br \/>\ny que luego, en ocasiones no se ejecutan, dejan a los centros en una situaci\u00f3n muy complicada, ya que, en la<br \/>\npr\u00e1ctica, la administraci\u00f3n educativa diferencia arbitrariamente entre los centros que, en el momento<br \/>\nde realizar el libramiento, disponen de fondos propios acumulados en su cuenta y aquellos que no,<br \/>\ncondicionando la ejecuci\u00f3n de los pagos a la situaci\u00f3n financiera particular de cada centro, sin respaldo<br \/>\nnormativo que lo justifique.<\/p>\n<p>Verbalmente desde la administraci\u00f3n se explica que a centros que tienen \u201csuficiente\u201d dinero en la cuenta en el momento en que se le va a entregar el libramiento ya no se le entrega, un criterio de dif\u00edcil explicaci\u00f3n legal, ya no digamos l\u00f3gica. Para empezar los centros solo tienen una cuenta bancaria, a la que va todo el dinero que gestionan para diferentes proyectos, becas, dinero que est\u00e1 en la cuenta pero est\u00e1 asignado a cuestiones que nada tienen que ver con los gastos de funcionamiento de centro, puedes tener en la cuenta una suma de dinero importante, pero en realidad estar en n\u00famero rojos. Tampoco parece un buen sistema, ya que imposibilitas a los centros planificar a medio plazo sus gastos y acometer obras, reparaciones o proyectos varios, vi\u00e9ndose abocados a planificar el d\u00eda a d\u00eda e ir resolviendo los temas\u00a0como van apareciendo, sin una correcta planificaci\u00f3n.<\/p>\n<p>Para CGT, la falta de estos ingresos afecta directamente a la continuidad de los servicios esenciales; al pago a proveedores, poniendo en riesgo la capacidad de los centros para adquirir materiales educativos, equipamiento tecnol\u00f3gico y otros recursos fundamentales para la ense\u00f1anza y el desarrollo de proyectos educativos y actividades complementarias, esenciales para garantizar una educaci\u00f3n de calidad.<\/p>\n<p>Con estos gastos de funcionamiento se pagan suministros b\u00e1sicos como la luz, agua, gas o gas\u00f3leo, reparaciones, compra de inventariable, obras de mejora y mantenimiento, contratos de renting (fotocopiadoras, por ejemplo), material did\u00e1ctico, etc.<\/p>\n<p>Desde CGT reclamamos el pago de estos importes desde el curso 2021-22, se deben cantidades que van de los 25.000 a los 52.000 y que, seg\u00fan los propios centros, les han perjudicado al obligarles a reducir el horario de encendido de calefacci\u00f3n, cambios de persianas rotas, cristales de ventanas rotos con cartones, arreglos de goteras, cambio de ventanas que no cierran bien&#8230;.<\/p>\n<p>Consideramos que esta situaci\u00f3n vulnera la Constituci\u00f3n y la LOMLOE ya que las administraciones p\u00fablicas deben garantizar la disponibilidad de los recursos econ\u00f3micos necesarios para el adecuado funcionamiento de los centros docentes p\u00fablicos, y que se trata de un ataque m\u00e1s a la ense\u00f1anza p\u00fablica, ya que en contexto de continuos recortes y desmantelamiento de los sistemas p\u00fablicos, estos impagos ahondan en la precariedad en la que se encuentran buena parte de los edificios que sirven de centros educativos, muchos con instalaciones muy deterioradas y poco preparadas para el calor y el fr\u00edo, como vemos cada verano y invierno.<\/p>\n<p>Por todo ello, desde CGT exigimos a la administraci\u00f3n que proceda de manera inmediata al pago de los libramientos no efectuados en a\u00f1os anteriores, correspondientes a los presupuestos de cada centro educativo de la comunidad<br \/>\naut\u00f3noma de Arag\u00f3n, aprobados por el servicio de educaci\u00f3n conforme a lo dispuesto en el art\u00edculo 16 del decreto 111\/2000, as\u00ed como que se convoque una reuni\u00f3n con representantes sindicales y de los centros educativos afectados, a fin de analizar el problema y buscar soluciones concretas que garanticen la estabilidad financiera de los centros docentes. En caso de no ser atendidas iniciaremos la v\u00eda jur\u00eddica exigiendo que se depuren responsabilidades en caso de que persista el incumplimiento de los pagos, adoptando medidas correctivas para evitar la repetici\u00f3n de este tipo de situaciones en el futuro.<\/p>\n<p><a href=\"https:\/\/www.heraldo.es\/noticias\/aragon\/2025\/07\/08\/educacion-adeuda-gastos-funcionamiento-20-centros-zaragoza-algunos-reducen-horas-calefaccion-1837897.html\">Heraldo de Arag\u00f3n\u00a0<\/a><\/p>\n<p><a href=\"https:\/\/arainfo.org\/denuncian-el-impago-de-la-dga-de-los-gastos-de-funcionamiento-a-los-centros-educativos-publicos\/?fbclid=IwQ0xDSwLZ5chjbGNrAtnlx2V4dG4DYWVtAjExAAEe5S1n6Y6lk_8GExcWz5MHzZCTDunzbI1Hf8InI4vH4Ju85sRlWBKL0_CPKAw_aem_NmdgBWW6T8P5ROLlOyHPwA\">Arainfo<\/a><\/p>\n","protected":false},"excerpt":{"rendered":"<p>CGT, segundo sindicato en la ense\u00f1anza p\u00fablica aragonesa, anuncia en rueda de prensa la reclamaci\u00f3n<\/p>\n","protected":false},"author":854,"featured_media":21680,"comment_status":"open","ping_status":"open","sticky":false,"template":"","format":"standard","meta":{"footnotes":""},"categories":[703,480],"tags":[],"class_list":["post-21679","post","type-post","status-publish","format-standard","has-post-thumbnail","hentry","category-accion-juridica","category-noticias"],"yoast_head":"<!-- This site is optimized with the Yoast SEO plugin v26.7 - https:\/\/yoast.com\/wordpress\/plugins\/seo\/ -->\n<title>CGT Ense\u00f1anza denuncia el impago de libramientos para gastos de funcionamiento a los centros educativos p\u00fablicos de Arag\u00f3n.<\/title>\n<meta name=\"description\" content=\"CGT, segundo sindicato en la ense\u00f1anza p\u00fablica aragonesa, anuncia en rueda de prensa la reclamaci\u00f3n de los libramientos econ\u00f3micos impagados en cursos\" \/>\n<meta name=\"robots\" content=\"index, follow, max-snippet:-1, max-image-preview:large, max-video-preview:-1\" \/>\n<link rel=\"canonical\" href=\"https:\/\/www.cgtaragonlarioja.org\/fedens\/cgt-ensenanza-denuncia-el-impago-de-libramientos-para-gastos-de-funcionamiento-a-los-centros-educativos-publicos-de-aragon\/\" \/>\n<meta property=\"og:locale\" content=\"es_ES\" \/>\n<meta property=\"og:type\" content=\"article\" \/>\n<meta property=\"og:title\" content=\"CGT Ense\u00f1anza denuncia el impago de libramientos para gastos de funcionamiento a los centros educativos p\u00fablicos de Arag\u00f3n.\" \/>\n<meta property=\"og:description\" content=\"CGT, segundo sindicato en la ense\u00f1anza p\u00fablica aragonesa, anuncia en rueda de prensa la reclamaci\u00f3n de los libramientos econ\u00f3micos impagados en cursos\" \/>\n<meta property=\"og:url\" content=\"https:\/\/www.cgtaragonlarioja.org\/fedens\/cgt-ensenanza-denuncia-el-impago-de-libramientos-para-gastos-de-funcionamiento-a-los-centros-educativos-publicos-de-aragon\/\" \/>\n<meta property=\"og:site_name\" content=\"CGT Arag\u00f3n - La Rioja. ENSE\u00d1ANZA\" \/>\n<meta property=\"article:publisher\" content=\"https:\/\/www.facebook.com\/CGTEnseAragon\/\" \/>\n<meta property=\"article:published_time\" content=\"2025-07-08T14:11:08+00:00\" \/>\n<meta property=\"og:image\" content=\"https:\/\/www.cgtaragonlarioja.org\/fedens\/files\/2025\/07\/foto.jpg\" \/>\n\t<meta property=\"og:image:width\" content=\"1280\" \/>\n\t<meta property=\"og:image:height\" content=\"960\" \/>\n\t<meta property=\"og:image:type\" content=\"image\/jpeg\" \/>\n<meta name=\"author\" content=\"CGT Ense\u00f1anza Arag\u00f3n\" \/>\n<meta name=\"twitter:card\" content=\"summary_large_image\" \/>\n<meta name=\"twitter:creator\" content=\"@CGTeduAragon\" \/>\n<meta name=\"twitter:site\" content=\"@CGTeduAragon\" \/>\n<meta name=\"twitter:label1\" content=\"Escrito por\" \/>\n\t<meta name=\"twitter:data1\" content=\"CGT Ense\u00f1anza Arag\u00f3n\" \/>\n\t<meta name=\"twitter:label2\" content=\"Tiempo de lectura\" \/>\n\t<meta name=\"twitter:data2\" content=\"4 minutos\" \/>\n<script type=\"application\/ld+json\" class=\"yoast-schema-graph\">{\"@context\":\"https:\/\/schema.org\",\"@graph\":[{\"@type\":\"Article\",\"@id\":\"https:\/\/www.cgtaragonlarioja.org\/fedens\/cgt-ensenanza-denuncia-el-impago-de-libramientos-para-gastos-de-funcionamiento-a-los-centros-educativos-publicos-de-aragon\/#article\",\"isPartOf\":{\"@id\":\"https:\/\/www.cgtaragonlarioja.org\/fedens\/cgt-ensenanza-denuncia-el-impago-de-libramientos-para-gastos-de-funcionamiento-a-los-centros-educativos-publicos-de-aragon\/\"},\"author\":{\"name\":\"CGT Ense\u00f1anza Arag\u00f3n\",\"@id\":\"https:\/\/www.cgtaragonlarioja.org\/fedens\/#\/schema\/person\/f577cbf9ee1fb7519bfd883ac4f4032f\"},\"headline\":\"CGT Ense\u00f1anza denuncia el impago de libramientos para gastos de funcionamiento a los centros educativos p\u00fablicos de Arag\u00f3n.\",\"datePublished\":\"2025-07-08T14:11:08+00:00\",\"mainEntityOfPage\":{\"@id\":\"https:\/\/www.cgtaragonlarioja.org\/fedens\/cgt-ensenanza-denuncia-el-impago-de-libramientos-para-gastos-de-funcionamiento-a-los-centros-educativos-publicos-de-aragon\/\"},\"wordCount\":871,\"commentCount\":0,\"publisher\":{\"@id\":\"https:\/\/www.cgtaragonlarioja.org\/fedens\/#organization\"},\"image\":{\"@id\":\"https:\/\/www.cgtaragonlarioja.org\/fedens\/cgt-ensenanza-denuncia-el-impago-de-libramientos-para-gastos-de-funcionamiento-a-los-centros-educativos-publicos-de-aragon\/#primaryimage\"},\"thumbnailUrl\":\"https:\/\/www.cgtaragonlarioja.org\/fedens\/files\/2025\/07\/foto.jpg\",\"articleSection\":[\"Acci\u00f3n jur\u00eddica\",\"Noticias\"],\"inLanguage\":\"es\",\"potentialAction\":[{\"@type\":\"CommentAction\",\"name\":\"Comment\",\"target\":[\"https:\/\/www.cgtaragonlarioja.org\/fedens\/cgt-ensenanza-denuncia-el-impago-de-libramientos-para-gastos-de-funcionamiento-a-los-centros-educativos-publicos-de-aragon\/#respond\"]}]},{\"@type\":\"WebPage\",\"@id\":\"https:\/\/www.cgtaragonlarioja.org\/fedens\/cgt-ensenanza-denuncia-el-impago-de-libramientos-para-gastos-de-funcionamiento-a-los-centros-educativos-publicos-de-aragon\/\",\"url\":\"https:\/\/www.cgtaragonlarioja.org\/fedens\/cgt-ensenanza-denuncia-el-impago-de-libramientos-para-gastos-de-funcionamiento-a-los-centros-educativos-publicos-de-aragon\/\",\"name\":\"CGT Ense\u00f1anza denuncia el impago de libramientos para gastos de funcionamiento a los centros educativos p\u00fablicos de Arag\u00f3n.\",\"isPartOf\":{\"@id\":\"https:\/\/www.cgtaragonlarioja.org\/fedens\/#website\"},\"primaryImageOfPage\":{\"@id\":\"https:\/\/www.cgtaragonlarioja.org\/fedens\/cgt-ensenanza-denuncia-el-impago-de-libramientos-para-gastos-de-funcionamiento-a-los-centros-educativos-publicos-de-aragon\/#primaryimage\"},\"image\":{\"@id\":\"https:\/\/www.cgtaragonlarioja.org\/fedens\/cgt-ensenanza-denuncia-el-impago-de-libramientos-para-gastos-de-funcionamiento-a-los-centros-educativos-publicos-de-aragon\/#primaryimage\"},\"thumbnailUrl\":\"https:\/\/www.cgtaragonlarioja.org\/fedens\/files\/2025\/07\/foto.jpg\",\"datePublished\":\"2025-07-08T14:11:08+00:00\",\"description\":\"CGT, segundo sindicato en la ense\u00f1anza p\u00fablica aragonesa, anuncia en rueda de prensa la reclamaci\u00f3n de los libramientos econ\u00f3micos impagados en cursos\",\"breadcrumb\":{\"@id\":\"https:\/\/www.cgtaragonlarioja.org\/fedens\/cgt-ensenanza-denuncia-el-impago-de-libramientos-para-gastos-de-funcionamiento-a-los-centros-educativos-publicos-de-aragon\/#breadcrumb\"},\"inLanguage\":\"es\",\"potentialAction\":[{\"@type\":\"ReadAction\",\"target\":[\"https:\/\/www.cgtaragonlarioja.org\/fedens\/cgt-ensenanza-denuncia-el-impago-de-libramientos-para-gastos-de-funcionamiento-a-los-centros-educativos-publicos-de-aragon\/\"]}]},{\"@type\":\"ImageObject\",\"inLanguage\":\"es\",\"@id\":\"https:\/\/www.cgtaragonlarioja.org\/fedens\/cgt-ensenanza-denuncia-el-impago-de-libramientos-para-gastos-de-funcionamiento-a-los-centros-educativos-publicos-de-aragon\/#primaryimage\",\"url\":\"https:\/\/www.cgtaragonlarioja.org\/fedens\/files\/2025\/07\/foto.jpg\",\"contentUrl\":\"https:\/\/www.cgtaragonlarioja.org\/fedens\/files\/2025\/07\/foto.jpg\",\"width\":1280,\"height\":960},{\"@type\":\"BreadcrumbList\",\"@id\":\"https:\/\/www.cgtaragonlarioja.org\/fedens\/cgt-ensenanza-denuncia-el-impago-de-libramientos-para-gastos-de-funcionamiento-a-los-centros-educativos-publicos-de-aragon\/#breadcrumb\",\"itemListElement\":[{\"@type\":\"ListItem\",\"position\":1,\"name\":\"Portada\",\"item\":\"https:\/\/www.cgtaragonlarioja.org\/fedens\/\"},{\"@type\":\"ListItem\",\"position\":2,\"name\":\"CGT Ense\u00f1anza denuncia el impago de libramientos para gastos de funcionamiento a los centros educativos p\u00fablicos de Arag\u00f3n.\"}]},{\"@type\":\"WebSite\",\"@id\":\"https:\/\/www.cgtaragonlarioja.org\/fedens\/#website\",\"url\":\"https:\/\/www.cgtaragonlarioja.org\/fedens\/\",\"name\":\"CGT Arag\u00f3n - La Rioja. ENSE\u00d1ANZA\",\"description\":\"CONTACTAR: Calatayud-Aranda: 654897973 \/ Huesca: 974238404 \/ Teruel: 978619265 \/ Zaragoza: 976922002\",\"publisher\":{\"@id\":\"https:\/\/www.cgtaragonlarioja.org\/fedens\/#organization\"},\"potentialAction\":[{\"@type\":\"SearchAction\",\"target\":{\"@type\":\"EntryPoint\",\"urlTemplate\":\"https:\/\/www.cgtaragonlarioja.org\/fedens\/?s={search_term_string}\"},\"query-input\":{\"@type\":\"PropertyValueSpecification\",\"valueRequired\":true,\"valueName\":\"search_term_string\"}}],\"inLanguage\":\"es\"},{\"@type\":\"Organization\",\"@id\":\"https:\/\/www.cgtaragonlarioja.org\/fedens\/#organization\",\"name\":\"CGT Arag\u00f3n y La Rioja - Ense\u00f1anza\",\"url\":\"https:\/\/www.cgtaragonlarioja.org\/fedens\/\",\"logo\":{\"@type\":\"ImageObject\",\"inLanguage\":\"es\",\"@id\":\"https:\/\/www.cgtaragonlarioja.org\/fedens\/#\/schema\/logo\/image\/\",\"url\":\"https:\/\/www.cgtaragonlarioja.org\/fedens\/files\/2021\/02\/logo_cgt_ense_huesca_170x250.png\",\"contentUrl\":\"https:\/\/www.cgtaragonlarioja.org\/fedens\/files\/2021\/02\/logo_cgt_ense_huesca_170x250.png\",\"width\":170,\"height\":250,\"caption\":\"CGT Arag\u00f3n y La Rioja - Ense\u00f1anza\"},\"image\":{\"@id\":\"https:\/\/www.cgtaragonlarioja.org\/fedens\/#\/schema\/logo\/image\/\"},\"sameAs\":[\"https:\/\/www.facebook.com\/CGTEnseAragon\/\",\"https:\/\/x.com\/CGTeduAragon\"]},{\"@type\":\"Person\",\"@id\":\"https:\/\/www.cgtaragonlarioja.org\/fedens\/#\/schema\/person\/f577cbf9ee1fb7519bfd883ac4f4032f\",\"name\":\"CGT Ense\u00f1anza Arag\u00f3n\",\"image\":{\"@type\":\"ImageObject\",\"inLanguage\":\"es\",\"@id\":\"https:\/\/www.cgtaragonlarioja.org\/fedens\/#\/schema\/person\/image\/\",\"url\":\"https:\/\/secure.gravatar.com\/avatar\/6591cafae8da970274bd48ef06b7f86ae2c2ba705fb2cdafa9b5f7f48c95a765?s=96&d=mm&r=g\",\"contentUrl\":\"https:\/\/secure.gravatar.com\/avatar\/6591cafae8da970274bd48ef06b7f86ae2c2ba705fb2cdafa9b5f7f48c95a765?s=96&d=mm&r=g\",\"caption\":\"CGT Ense\u00f1anza Arag\u00f3n\"},\"url\":\"https:\/\/www.cgtaragonlarioja.org\/fedens\/author\/fasecgt\/\"}]}<\/script>\n<!-- \/ Yoast SEO plugin. -->","yoast_head_json":{"title":"CGT Ense\u00f1anza denuncia el impago de libramientos para gastos de funcionamiento a los centros educativos p\u00fablicos de Arag\u00f3n.","description":"CGT, segundo sindicato en la ense\u00f1anza p\u00fablica aragonesa, anuncia en rueda de prensa la reclamaci\u00f3n de los libramientos econ\u00f3micos impagados en cursos","robots":{"index":"index","follow":"follow","max-snippet":"max-snippet:-1","max-image-preview":"max-image-preview:large","max-video-preview":"max-video-preview:-1"},"canonical":"https:\/\/www.cgtaragonlarioja.org\/fedens\/cgt-ensenanza-denuncia-el-impago-de-libramientos-para-gastos-de-funcionamiento-a-los-centros-educativos-publicos-de-aragon\/","og_locale":"es_ES","og_type":"article","og_title":"CGT Ense\u00f1anza denuncia el impago de libramientos para gastos de funcionamiento a los centros educativos p\u00fablicos de Arag\u00f3n.","og_description":"CGT, segundo sindicato en la ense\u00f1anza p\u00fablica aragonesa, anuncia en rueda de prensa la reclamaci\u00f3n de los libramientos econ\u00f3micos impagados en cursos","og_url":"https:\/\/www.cgtaragonlarioja.org\/fedens\/cgt-ensenanza-denuncia-el-impago-de-libramientos-para-gastos-de-funcionamiento-a-los-centros-educativos-publicos-de-aragon\/","og_site_name":"CGT Arag\u00f3n - La Rioja. ENSE\u00d1ANZA","article_publisher":"https:\/\/www.facebook.com\/CGTEnseAragon\/","article_published_time":"2025-07-08T14:11:08+00:00","og_image":[{"width":1280,"height":960,"url":"https:\/\/www.cgtaragonlarioja.org\/fedens\/files\/2025\/07\/foto.jpg","type":"image\/jpeg"}],"author":"CGT Ense\u00f1anza Arag\u00f3n","twitter_card":"summary_large_image","twitter_creator":"@CGTeduAragon","twitter_site":"@CGTeduAragon","twitter_misc":{"Escrito por":"CGT Ense\u00f1anza Arag\u00f3n","Tiempo de lectura":"4 minutos"},"schema":{"@context":"https:\/\/schema.org","@graph":[{"@type":"Article","@id":"https:\/\/www.cgtaragonlarioja.org\/fedens\/cgt-ensenanza-denuncia-el-impago-de-libramientos-para-gastos-de-funcionamiento-a-los-centros-educativos-publicos-de-aragon\/#article","isPartOf":{"@id":"https:\/\/www.cgtaragonlarioja.org\/fedens\/cgt-ensenanza-denuncia-el-impago-de-libramientos-para-gastos-de-funcionamiento-a-los-centros-educativos-publicos-de-aragon\/"},"author":{"name":"CGT Ense\u00f1anza Arag\u00f3n","@id":"https:\/\/www.cgtaragonlarioja.org\/fedens\/#\/schema\/person\/f577cbf9ee1fb7519bfd883ac4f4032f"},"headline":"CGT Ense\u00f1anza denuncia el impago de libramientos para gastos de funcionamiento a los centros educativos p\u00fablicos de Arag\u00f3n.","datePublished":"2025-07-08T14:11:08+00:00","mainEntityOfPage":{"@id":"https:\/\/www.cgtaragonlarioja.org\/fedens\/cgt-ensenanza-denuncia-el-impago-de-libramientos-para-gastos-de-funcionamiento-a-los-centros-educativos-publicos-de-aragon\/"},"wordCount":871,"commentCount":0,"publisher":{"@id":"https:\/\/www.cgtaragonlarioja.org\/fedens\/#organization"},"image":{"@id":"https:\/\/www.cgtaragonlarioja.org\/fedens\/cgt-ensenanza-denuncia-el-impago-de-libramientos-para-gastos-de-funcionamiento-a-los-centros-educativos-publicos-de-aragon\/#primaryimage"},"thumbnailUrl":"https:\/\/www.cgtaragonlarioja.org\/fedens\/files\/2025\/07\/foto.jpg","articleSection":["Acci\u00f3n jur\u00eddica","Noticias"],"inLanguage":"es","potentialAction":[{"@type":"CommentAction","name":"Comment","target":["https:\/\/www.cgtaragonlarioja.org\/fedens\/cgt-ensenanza-denuncia-el-impago-de-libramientos-para-gastos-de-funcionamiento-a-los-centros-educativos-publicos-de-aragon\/#respond"]}]},{"@type":"WebPage","@id":"https:\/\/www.cgtaragonlarioja.org\/fedens\/cgt-ensenanza-denuncia-el-impago-de-libramientos-para-gastos-de-funcionamiento-a-los-centros-educativos-publicos-de-aragon\/","url":"https:\/\/www.cgtaragonlarioja.org\/fedens\/cgt-ensenanza-denuncia-el-impago-de-libramientos-para-gastos-de-funcionamiento-a-los-centros-educativos-publicos-de-aragon\/","name":"CGT Ense\u00f1anza denuncia el impago de libramientos para gastos de funcionamiento a los centros educativos p\u00fablicos de Arag\u00f3n.","isPartOf":{"@id":"https:\/\/www.cgtaragonlarioja.org\/fedens\/#website"},"primaryImageOfPage":{"@id":"https:\/\/www.cgtaragonlarioja.org\/fedens\/cgt-ensenanza-denuncia-el-impago-de-libramientos-para-gastos-de-funcionamiento-a-los-centros-educativos-publicos-de-aragon\/#primaryimage"},"image":{"@id":"https:\/\/www.cgtaragonlarioja.org\/fedens\/cgt-ensenanza-denuncia-el-impago-de-libramientos-para-gastos-de-funcionamiento-a-los-centros-educativos-publicos-de-aragon\/#primaryimage"},"thumbnailUrl":"https:\/\/www.cgtaragonlarioja.org\/fedens\/files\/2025\/07\/foto.jpg","datePublished":"2025-07-08T14:11:08+00:00","description":"CGT, segundo sindicato en la ense\u00f1anza p\u00fablica aragonesa, anuncia en rueda de prensa la reclamaci\u00f3n de los libramientos econ\u00f3micos impagados en cursos","breadcrumb":{"@id":"https:\/\/www.cgtaragonlarioja.org\/fedens\/cgt-ensenanza-denuncia-el-impago-de-libramientos-para-gastos-de-funcionamiento-a-los-centros-educativos-publicos-de-aragon\/#breadcrumb"},"inLanguage":"es","potentialAction":[{"@type":"ReadAction","target":["https:\/\/www.cgtaragonlarioja.org\/fedens\/cgt-ensenanza-denuncia-el-impago-de-libramientos-para-gastos-de-funcionamiento-a-los-centros-educativos-publicos-de-aragon\/"]}]},{"@type":"ImageObject","inLanguage":"es","@id":"https:\/\/www.cgtaragonlarioja.org\/fedens\/cgt-ensenanza-denuncia-el-impago-de-libramientos-para-gastos-de-funcionamiento-a-los-centros-educativos-publicos-de-aragon\/#primaryimage","url":"https:\/\/www.cgtaragonlarioja.org\/fedens\/files\/2025\/07\/foto.jpg","contentUrl":"https:\/\/www.cgtaragonlarioja.org\/fedens\/files\/2025\/07\/foto.jpg","width":1280,"height":960},{"@type":"BreadcrumbList","@id":"https:\/\/www.cgtaragonlarioja.org\/fedens\/cgt-ensenanza-denuncia-el-impago-de-libramientos-para-gastos-de-funcionamiento-a-los-centros-educativos-publicos-de-aragon\/#breadcrumb","itemListElement":[{"@type":"ListItem","position":1,"name":"Portada","item":"https:\/\/www.cgtaragonlarioja.org\/fedens\/"},{"@type":"ListItem","position":2,"name":"CGT Ense\u00f1anza denuncia el impago de libramientos para gastos de funcionamiento a los centros educativos p\u00fablicos de Arag\u00f3n."}]},{"@type":"WebSite","@id":"https:\/\/www.cgtaragonlarioja.org\/fedens\/#website","url":"https:\/\/www.cgtaragonlarioja.org\/fedens\/","name":"CGT Arag\u00f3n - La Rioja. ENSE\u00d1ANZA","description":"CONTACTAR: Calatayud-Aranda: 654897973 \/ Huesca: 974238404 \/ Teruel: 978619265 \/ Zaragoza: 976922002","publisher":{"@id":"https:\/\/www.cgtaragonlarioja.org\/fedens\/#organization"},"potentialAction":[{"@type":"SearchAction","target":{"@type":"EntryPoint","urlTemplate":"https:\/\/www.cgtaragonlarioja.org\/fedens\/?s={search_term_string}"},"query-input":{"@type":"PropertyValueSpecification","valueRequired":true,"valueName":"search_term_string"}}],"inLanguage":"es"},{"@type":"Organization","@id":"https:\/\/www.cgtaragonlarioja.org\/fedens\/#organization","name":"CGT Arag\u00f3n y La Rioja - Ense\u00f1anza","url":"https:\/\/www.cgtaragonlarioja.org\/fedens\/","logo":{"@type":"ImageObject","inLanguage":"es","@id":"https:\/\/www.cgtaragonlarioja.org\/fedens\/#\/schema\/logo\/image\/","url":"https:\/\/www.cgtaragonlarioja.org\/fedens\/files\/2021\/02\/logo_cgt_ense_huesca_170x250.png","contentUrl":"https:\/\/www.cgtaragonlarioja.org\/fedens\/files\/2021\/02\/logo_cgt_ense_huesca_170x250.png","width":170,"height":250,"caption":"CGT Arag\u00f3n y La Rioja - Ense\u00f1anza"},"image":{"@id":"https:\/\/www.cgtaragonlarioja.org\/fedens\/#\/schema\/logo\/image\/"},"sameAs":["https:\/\/www.facebook.com\/CGTEnseAragon\/","https:\/\/x.com\/CGTeduAragon"]},{"@type":"Person","@id":"https:\/\/www.cgtaragonlarioja.org\/fedens\/#\/schema\/person\/f577cbf9ee1fb7519bfd883ac4f4032f","name":"CGT Ense\u00f1anza Arag\u00f3n","image":{"@type":"ImageObject","inLanguage":"es","@id":"https:\/\/www.cgtaragonlarioja.org\/fedens\/#\/schema\/person\/image\/","url":"https:\/\/secure.gravatar.com\/avatar\/6591cafae8da970274bd48ef06b7f86ae2c2ba705fb2cdafa9b5f7f48c95a765?s=96&d=mm&r=g","contentUrl":"https:\/\/secure.gravatar.com\/avatar\/6591cafae8da970274bd48ef06b7f86ae2c2ba705fb2cdafa9b5f7f48c95a765?s=96&d=mm&r=g","caption":"CGT Ense\u00f1anza Arag\u00f3n"},"url":"https:\/\/www.cgtaragonlarioja.org\/fedens\/author\/fasecgt\/"}]}},"_links":{"self":[{"href":"https:\/\/www.cgtaragonlarioja.org\/fedens\/wp-json\/wp\/v2\/posts\/21679","targetHints":{"allow":["GET"]}}],"collection":[{"href":"https:\/\/www.cgtaragonlarioja.org\/fedens\/wp-json\/wp\/v2\/posts"}],"about":[{"href":"https:\/\/www.cgtaragonlarioja.org\/fedens\/wp-json\/wp\/v2\/types\/post"}],"author":[{"embeddable":true,"href":"https:\/\/www.cgtaragonlarioja.org\/fedens\/wp-json\/wp\/v2\/users\/854"}],"replies":[{"embeddable":true,"href":"https:\/\/www.cgtaragonlarioja.org\/fedens\/wp-json\/wp\/v2\/comments?post=21679"}],"version-history":[{"count":1,"href":"https:\/\/www.cgtaragonlarioja.org\/fedens\/wp-json\/wp\/v2\/posts\/21679\/revisions"}],"predecessor-version":[{"id":21681,"href":"https:\/\/www.cgtaragonlarioja.org\/fedens\/wp-json\/wp\/v2\/posts\/21679\/revisions\/21681"}],"wp:featuredmedia":[{"embeddable":true,"href":"https:\/\/www.cgtaragonlarioja.org\/fedens\/wp-json\/wp\/v2\/media\/21680"}],"wp:attachment":[{"href":"https:\/\/www.cgtaragonlarioja.org\/fedens\/wp-json\/wp\/v2\/media?parent=21679"}],"wp:term":[{"taxonomy":"category","embeddable":true,"href":"https:\/\/www.cgtaragonlarioja.org\/fedens\/wp-json\/wp\/v2\/categories?post=21679"},{"taxonomy":"post_tag","embeddable":true,"href":"https:\/\/www.cgtaragonlarioja.org\/fedens\/wp-json\/wp\/v2\/tags?post=21679"}],"curies":[{"name":"wp","href":"https:\/\/api.w.org\/{rel}","templated":true}]}}