{"id":21673,"date":"2025-07-04T13:44:54","date_gmt":"2025-07-04T11:44:54","guid":{"rendered":"https:\/\/www.cgtaragonlarioja.org\/fedens\/?p=21673"},"modified":"2025-07-11T10:18:04","modified_gmt":"2025-07-11T08:18:04","slug":"cgt-ensenanza-exige-una-reunion-urgente-con-el-director-de-direccion-de-personal-por-el-elevado-numero-de-plazas-que-van-a-quedar-vacantes-en-elactual-proceso-selectivo","status":"publish","type":"post","link":"https:\/\/www.cgtaragonlarioja.org\/fedens\/cgt-ensenanza-exige-una-reunion-urgente-con-el-director-de-direccion-de-personal-por-el-elevado-numero-de-plazas-que-van-a-quedar-vacantes-en-elactual-proceso-selectivo\/","title":{"rendered":"CGT ENSE\u00d1ANZA EXIGE UNA REUNI\u00d3N URGENTE CON EL DIRECTOR GENERAL DE PERSONAL POR EL ELEVADO N\u00daMERO DE PLAZAS QUE VAN A QUEDAR VACANTES EN EL ACTUAL PROCESO SELECTIVO"},"content":{"rendered":"<p>Fracaso absoluto de la administraci\u00f3n en el actual proceso de oposiciones de secundaria: En la mayor\u00eda de las especialidades convocadas quedar\u00e1n plazas desiertas al ser menor el n\u00famero de aspirantes que pasan a la siguiente fase que el de plazas ofertadas. Se trata de una situaci\u00f3n insostenible ante la falta de profesorado,<br \/>\nm\u00e1xime cuando se est\u00e1 contratando a una parte del mismo sin el M\u00e1ster que habilita para ejercer la docencia.<br \/>\nCGT viene avisando desde hace muchos a\u00f1os de los problemas que plantea el actual modelo de acceso a cuerpos docentes, un modelo caduco y con evidentes muestras de agotamiento, y cuya reforma desde la administraci\u00f3n no se quiere abordar. Pruebas basadas en temarios obsoletos y no desarrollados, ejercicios pr\u00e1cticos que poco o nada que ver tienen con la pr\u00e1ctica docente, mucho m\u00e1s exigentes adem\u00e1s que en otras comunidades aut\u00f3nomas, unas r\u00fabricas de calificaci\u00f3n no adaptadas a las caracter\u00edsticas de las pruebas, y unas condiciones indignas de preparaci\u00f3n y realizaci\u00f3n del proceso tanto para los tribunales como para opositores y opositoras, hacen que nos encontremos con unas calificaciones muy bajas que van a tener como consecuencias que una gran parte de las plazas ofertadas queden vacantes.<\/p>\n<p>Desde CGT adem\u00e1s se quiere resaltar que es inaceptable que, tras un proceso de estabilizaci\u00f3n en el que miles de interinos e interinas en fraude de ley quedaron sin plaza, y en el que el porcentaje de profesorado interino apenas descendi\u00f3 por el cicaterismo a la hora de convocar plazas por parte de la Administraci\u00f3n que dirig\u00eda el PSOE, cientos de plazas del mayor proceso de oposici\u00f3n docente vayan a quedar sin asignar. Esto condena a la Escuela P\u00fablica a m\u00e1s precariedad y a las trabajadoras y trabajadores a seguir sufriendo un modelo laboral injusto y cruel.<br \/>\nEste a\u00f1o encontramos especialidades donde ning\u00fan opositor ha aprobado el pr\u00e1ctico, por ejemplo en FOL y en Materiales del Dise\u00f1o, de Escuela de Artes. Aunque este proceso viene regulado en un Real Decreto exigimos una aplicaci\u00f3n del mismo con sentido com\u00fan que respete los principios de m\u00e9rito y capacidad y que permita dar estabilidad a los y las docentes que, curso tras curso, demuestran estar m\u00e1s que preparados para ejercer la labor docente.<br \/>\nCGT Ense\u00f1anza tambi\u00e9n exige unas condiciones dignas que respeten los est\u00e1ndares laborales b\u00e1sicos para los tribunales y las opositoras. Es evidente que junio y julio ya no son meses adecuados para celebrar estas pruebas o, en su defecto, deben buscarse espacios adecuadamente climatizados. Es imposible rendir en una prueba de cinco horas a m\u00e1s de 30o, adem\u00e1s del riesgo para la salud que supone para las personas implicadas en el proceso, por ejemplo en Teruel, una docente miembro de tribunal de Historia tuvo que ser atendida en urgencias tras sufrir un golpe de calor ejerciendo sus tareas laborales. Esta situaci\u00f3n se deriva, adem\u00e1s, del poco tiempo del que disponen los tribunales para preparar las pruebas. Las condiciones de trabajo de estas y estos docentes, como denunciamos recientemente desde CGT, son precarias e ilegales: obligadas a trasladarse fuera de su residencia durante el mes que dura el proceso, excediendo su jornada laboral todos los d\u00edas, con temperaturas por encima de lo que marca la ley y con una remuneraci\u00f3n econ\u00f3mica que es la m\u00e1s baja de todo el pa\u00eds, y que pese a los obst\u00e1culos del proceso y de la administraci\u00f3n han realizado su labor con profesionalidad.<br \/>\nDesde CGT exigimos a la Direcci\u00f3n General de personal y a Inspecci\u00f3n Educativa que se publiquen las r\u00fabricas detalladas y completas antes del proceso y por supuesto deber\u00edan haber estado durante el periodo que tienen los y las opositoras para realizar las alegaciones a las calificaciones y que adopten medidas urgentes para que no queden plazas desiertas en ninguna especialidad y los tribunales lo hagan con las garant\u00edas de trabajo dignas.<br \/>\nAl finalizar el proceso haremos otra valoraci\u00f3n con lo que entendemos deber\u00eda cambiar en los futuros procesos.<\/p>\n<p>Dejamos la tabla de la primera previsi\u00f3n de plazas desiertas previa a la revisi\u00f3n de notas.<\/p>\n","protected":false},"excerpt":{"rendered":"<p>Fracaso absoluto de la administraci\u00f3n en el actual proceso de oposiciones de secundaria: En la<\/p>\n","protected":false},"author":486,"featured_media":21688,"comment_status":"open","ping_status":"open","sticky":false,"template":"","format":"standard","meta":{"footnotes":""},"categories":[570,480],"tags":[],"class_list":["post-21673","post","type-post","status-publish","format-standard","has-post-thumbnail","hentry","category-destacamos","category-noticias"],"yoast_head":"<!-- This site is optimized with the Yoast SEO plugin v26.7 - https:\/\/yoast.com\/wordpress\/plugins\/seo\/ -->\n<title>CGT ENSE\u00d1ANZA EXIGE UNA REUNI\u00d3N URGENTE CON EL DIRECTOR GENERAL DE PERSONAL POR EL ELEVADO N\u00daMERO DE PLAZAS QUE VAN A QUEDAR VACANTES EN EL ACTUAL PROCESO SELECTIVO<\/title>\n<meta name=\"description\" content=\"Fracaso absoluto de la administraci\u00f3n en el actual proceso de oposiciones de secundaria: En la mayor\u00eda de las especialidades convocadas quedar\u00e1n plazas\" \/>\n<meta name=\"robots\" content=\"index, follow, max-snippet:-1, max-image-preview:large, max-video-preview:-1\" \/>\n<link rel=\"canonical\" href=\"https:\/\/www.cgtaragonlarioja.org\/fedens\/cgt-ensenanza-exige-una-reunion-urgente-con-el-director-de-direccion-de-personal-por-el-elevado-numero-de-plazas-que-van-a-quedar-vacantes-en-elactual-proceso-selectivo\/\" \/>\n<meta property=\"og:locale\" content=\"es_ES\" \/>\n<meta property=\"og:type\" content=\"article\" \/>\n<meta property=\"og:title\" content=\"CGT ENSE\u00d1ANZA EXIGE UNA REUNI\u00d3N URGENTE CON EL DIRECTOR GENERAL DE PERSONAL POR EL ELEVADO N\u00daMERO DE PLAZAS QUE VAN A QUEDAR VACANTES EN EL ACTUAL PROCESO SELECTIVO\" \/>\n<meta property=\"og:description\" content=\"Fracaso absoluto de la administraci\u00f3n en el actual proceso de oposiciones de secundaria: En la mayor\u00eda de las especialidades convocadas quedar\u00e1n plazas\" \/>\n<meta property=\"og:url\" content=\"https:\/\/www.cgtaragonlarioja.org\/fedens\/cgt-ensenanza-exige-una-reunion-urgente-con-el-director-de-direccion-de-personal-por-el-elevado-numero-de-plazas-que-van-a-quedar-vacantes-en-elactual-proceso-selectivo\/\" \/>\n<meta property=\"og:site_name\" content=\"CGT Arag\u00f3n - La Rioja. ENSE\u00d1ANZA\" \/>\n<meta property=\"article:publisher\" content=\"https:\/\/www.facebook.com\/CGTEnseAragon\/\" \/>\n<meta property=\"article:published_time\" content=\"2025-07-04T11:44:54+00:00\" \/>\n<meta property=\"article:modified_time\" content=\"2025-07-11T08:18:04+00:00\" \/>\n<meta property=\"og:image\" content=\"https:\/\/www.cgtaragonlarioja.org\/fedens\/files\/2025\/07\/tablaplazas25-e1752219823678.jpg\" \/>\n\t<meta property=\"og:image:width\" content=\"800\" \/>\n\t<meta property=\"og:image:height\" content=\"743\" \/>\n\t<meta property=\"og:image:type\" content=\"image\/jpeg\" \/>\n<meta name=\"author\" content=\"kike\" \/>\n<meta name=\"twitter:card\" content=\"summary_large_image\" \/>\n<meta name=\"twitter:creator\" content=\"@CGTeduAragon\" \/>\n<meta name=\"twitter:site\" content=\"@CGTeduAragon\" \/>\n<meta name=\"twitter:label1\" content=\"Escrito por\" \/>\n\t<meta name=\"twitter:data1\" content=\"kike\" \/>\n\t<meta name=\"twitter:label2\" content=\"Tiempo de lectura\" \/>\n\t<meta name=\"twitter:data2\" content=\"4 minutos\" \/>\n<script type=\"application\/ld+json\" class=\"yoast-schema-graph\">{\"@context\":\"https:\/\/schema.org\",\"@graph\":[{\"@type\":\"Article\",\"@id\":\"https:\/\/www.cgtaragonlarioja.org\/fedens\/cgt-ensenanza-exige-una-reunion-urgente-con-el-director-de-direccion-de-personal-por-el-elevado-numero-de-plazas-que-van-a-quedar-vacantes-en-elactual-proceso-selectivo\/#article\",\"isPartOf\":{\"@id\":\"https:\/\/www.cgtaragonlarioja.org\/fedens\/cgt-ensenanza-exige-una-reunion-urgente-con-el-director-de-direccion-de-personal-por-el-elevado-numero-de-plazas-que-van-a-quedar-vacantes-en-elactual-proceso-selectivo\/\"},\"author\":{\"name\":\"kike\",\"@id\":\"https:\/\/www.cgtaragonlarioja.org\/fedens\/#\/schema\/person\/dfa7d1616615d62a6d79c9593aa09fc3\"},\"headline\":\"CGT ENSE\u00d1ANZA EXIGE UNA REUNI\u00d3N URGENTE CON EL DIRECTOR GENERAL DE PERSONAL POR EL ELEVADO N\u00daMERO DE PLAZAS QUE VAN A QUEDAR VACANTES EN EL ACTUAL PROCESO SELECTIVO\",\"datePublished\":\"2025-07-04T11:44:54+00:00\",\"dateModified\":\"2025-07-11T08:18:04+00:00\",\"mainEntityOfPage\":{\"@id\":\"https:\/\/www.cgtaragonlarioja.org\/fedens\/cgt-ensenanza-exige-una-reunion-urgente-con-el-director-de-direccion-de-personal-por-el-elevado-numero-de-plazas-que-van-a-quedar-vacantes-en-elactual-proceso-selectivo\/\"},\"wordCount\":755,\"commentCount\":0,\"publisher\":{\"@id\":\"https:\/\/www.cgtaragonlarioja.org\/fedens\/#organization\"},\"image\":{\"@id\":\"https:\/\/www.cgtaragonlarioja.org\/fedens\/cgt-ensenanza-exige-una-reunion-urgente-con-el-director-de-direccion-de-personal-por-el-elevado-numero-de-plazas-que-van-a-quedar-vacantes-en-elactual-proceso-selectivo\/#primaryimage\"},\"thumbnailUrl\":\"https:\/\/www.cgtaragonlarioja.org\/fedens\/files\/2025\/07\/tablaplazas25-e1752219823678.jpg\",\"articleSection\":[\"Destacamos\",\"Noticias\"],\"inLanguage\":\"es\",\"potentialAction\":[{\"@type\":\"CommentAction\",\"name\":\"Comment\",\"target\":[\"https:\/\/www.cgtaragonlarioja.org\/fedens\/cgt-ensenanza-exige-una-reunion-urgente-con-el-director-de-direccion-de-personal-por-el-elevado-numero-de-plazas-que-van-a-quedar-vacantes-en-elactual-proceso-selectivo\/#respond\"]}]},{\"@type\":\"WebPage\",\"@id\":\"https:\/\/www.cgtaragonlarioja.org\/fedens\/cgt-ensenanza-exige-una-reunion-urgente-con-el-director-de-direccion-de-personal-por-el-elevado-numero-de-plazas-que-van-a-quedar-vacantes-en-elactual-proceso-selectivo\/\",\"url\":\"https:\/\/www.cgtaragonlarioja.org\/fedens\/cgt-ensenanza-exige-una-reunion-urgente-con-el-director-de-direccion-de-personal-por-el-elevado-numero-de-plazas-que-van-a-quedar-vacantes-en-elactual-proceso-selectivo\/\",\"name\":\"CGT ENSE\u00d1ANZA EXIGE UNA REUNI\u00d3N URGENTE CON EL DIRECTOR GENERAL DE PERSONAL POR EL ELEVADO N\u00daMERO DE PLAZAS QUE VAN A QUEDAR VACANTES EN EL ACTUAL PROCESO SELECTIVO\",\"isPartOf\":{\"@id\":\"https:\/\/www.cgtaragonlarioja.org\/fedens\/#website\"},\"primaryImageOfPage\":{\"@id\":\"https:\/\/www.cgtaragonlarioja.org\/fedens\/cgt-ensenanza-exige-una-reunion-urgente-con-el-director-de-direccion-de-personal-por-el-elevado-numero-de-plazas-que-van-a-quedar-vacantes-en-elactual-proceso-selectivo\/#primaryimage\"},\"image\":{\"@id\":\"https:\/\/www.cgtaragonlarioja.org\/fedens\/cgt-ensenanza-exige-una-reunion-urgente-con-el-director-de-direccion-de-personal-por-el-elevado-numero-de-plazas-que-van-a-quedar-vacantes-en-elactual-proceso-selectivo\/#primaryimage\"},\"thumbnailUrl\":\"https:\/\/www.cgtaragonlarioja.org\/fedens\/files\/2025\/07\/tablaplazas25-e1752219823678.jpg\",\"datePublished\":\"2025-07-04T11:44:54+00:00\",\"dateModified\":\"2025-07-11T08:18:04+00:00\",\"description\":\"Fracaso absoluto de la administraci\u00f3n en el actual proceso de oposiciones de secundaria: En la mayor\u00eda de las especialidades convocadas quedar\u00e1n plazas\",\"breadcrumb\":{\"@id\":\"https:\/\/www.cgtaragonlarioja.org\/fedens\/cgt-ensenanza-exige-una-reunion-urgente-con-el-director-de-direccion-de-personal-por-el-elevado-numero-de-plazas-que-van-a-quedar-vacantes-en-elactual-proceso-selectivo\/#breadcrumb\"},\"inLanguage\":\"es\",\"potentialAction\":[{\"@type\":\"ReadAction\",\"target\":[\"https:\/\/www.cgtaragonlarioja.org\/fedens\/cgt-ensenanza-exige-una-reunion-urgente-con-el-director-de-direccion-de-personal-por-el-elevado-numero-de-plazas-que-van-a-quedar-vacantes-en-elactual-proceso-selectivo\/\"]}]},{\"@type\":\"ImageObject\",\"inLanguage\":\"es\",\"@id\":\"https:\/\/www.cgtaragonlarioja.org\/fedens\/cgt-ensenanza-exige-una-reunion-urgente-con-el-director-de-direccion-de-personal-por-el-elevado-numero-de-plazas-que-van-a-quedar-vacantes-en-elactual-proceso-selectivo\/#primaryimage\",\"url\":\"https:\/\/www.cgtaragonlarioja.org\/fedens\/files\/2025\/07\/tablaplazas25-e1752219823678.jpg\",\"contentUrl\":\"https:\/\/www.cgtaragonlarioja.org\/fedens\/files\/2025\/07\/tablaplazas25-e1752219823678.jpg\",\"width\":800,\"height\":743},{\"@type\":\"BreadcrumbList\",\"@id\":\"https:\/\/www.cgtaragonlarioja.org\/fedens\/cgt-ensenanza-exige-una-reunion-urgente-con-el-director-de-direccion-de-personal-por-el-elevado-numero-de-plazas-que-van-a-quedar-vacantes-en-elactual-proceso-selectivo\/#breadcrumb\",\"itemListElement\":[{\"@type\":\"ListItem\",\"position\":1,\"name\":\"Portada\",\"item\":\"https:\/\/www.cgtaragonlarioja.org\/fedens\/\"},{\"@type\":\"ListItem\",\"position\":2,\"name\":\"CGT ENSE\u00d1ANZA EXIGE UNA REUNI\u00d3N URGENTE CON EL DIRECTOR GENERAL DE PERSONAL POR EL ELEVADO N\u00daMERO DE PLAZAS QUE VAN A QUEDAR VACANTES EN EL ACTUAL PROCESO SELECTIVO\"}]},{\"@type\":\"WebSite\",\"@id\":\"https:\/\/www.cgtaragonlarioja.org\/fedens\/#website\",\"url\":\"https:\/\/www.cgtaragonlarioja.org\/fedens\/\",\"name\":\"CGT Arag\u00f3n - La Rioja. ENSE\u00d1ANZA\",\"description\":\"CONTACTAR: Calatayud-Aranda: 654897973 \/ Huesca: 974238404 \/ Teruel: 978619265 \/ Zaragoza: 976922002\",\"publisher\":{\"@id\":\"https:\/\/www.cgtaragonlarioja.org\/fedens\/#organization\"},\"potentialAction\":[{\"@type\":\"SearchAction\",\"target\":{\"@type\":\"EntryPoint\",\"urlTemplate\":\"https:\/\/www.cgtaragonlarioja.org\/fedens\/?s={search_term_string}\"},\"query-input\":{\"@type\":\"PropertyValueSpecification\",\"valueRequired\":true,\"valueName\":\"search_term_string\"}}],\"inLanguage\":\"es\"},{\"@type\":\"Organization\",\"@id\":\"https:\/\/www.cgtaragonlarioja.org\/fedens\/#organization\",\"name\":\"CGT Arag\u00f3n y La Rioja - Ense\u00f1anza\",\"url\":\"https:\/\/www.cgtaragonlarioja.org\/fedens\/\",\"logo\":{\"@type\":\"ImageObject\",\"inLanguage\":\"es\",\"@id\":\"https:\/\/www.cgtaragonlarioja.org\/fedens\/#\/schema\/logo\/image\/\",\"url\":\"https:\/\/www.cgtaragonlarioja.org\/fedens\/files\/2021\/02\/logo_cgt_ense_huesca_170x250.png\",\"contentUrl\":\"https:\/\/www.cgtaragonlarioja.org\/fedens\/files\/2021\/02\/logo_cgt_ense_huesca_170x250.png\",\"width\":170,\"height\":250,\"caption\":\"CGT Arag\u00f3n y La Rioja - Ense\u00f1anza\"},\"image\":{\"@id\":\"https:\/\/www.cgtaragonlarioja.org\/fedens\/#\/schema\/logo\/image\/\"},\"sameAs\":[\"https:\/\/www.facebook.com\/CGTEnseAragon\/\",\"https:\/\/x.com\/CGTeduAragon\"]},{\"@type\":\"Person\",\"@id\":\"https:\/\/www.cgtaragonlarioja.org\/fedens\/#\/schema\/person\/dfa7d1616615d62a6d79c9593aa09fc3\",\"name\":\"kike\",\"image\":{\"@type\":\"ImageObject\",\"inLanguage\":\"es\",\"@id\":\"https:\/\/www.cgtaragonlarioja.org\/fedens\/#\/schema\/person\/image\/\",\"url\":\"https:\/\/secure.gravatar.com\/avatar\/f1c0788a733c3717c5f8c071e064a9c188df22c90b22388027f4ed27abaa4f3b?s=96&d=mm&r=g\",\"contentUrl\":\"https:\/\/secure.gravatar.com\/avatar\/f1c0788a733c3717c5f8c071e064a9c188df22c90b22388027f4ed27abaa4f3b?s=96&d=mm&r=g\",\"caption\":\"kike\"},\"url\":\"https:\/\/www.cgtaragonlarioja.org\/fedens\/author\/kike\/\"}]}<\/script>\n<!-- \/ Yoast SEO plugin. -->","yoast_head_json":{"title":"CGT ENSE\u00d1ANZA EXIGE UNA REUNI\u00d3N URGENTE CON EL DIRECTOR GENERAL DE PERSONAL POR EL ELEVADO N\u00daMERO DE PLAZAS QUE VAN A QUEDAR VACANTES EN EL ACTUAL PROCESO SELECTIVO","description":"Fracaso absoluto de la administraci\u00f3n en el actual proceso de oposiciones de secundaria: En la mayor\u00eda de las especialidades convocadas quedar\u00e1n plazas","robots":{"index":"index","follow":"follow","max-snippet":"max-snippet:-1","max-image-preview":"max-image-preview:large","max-video-preview":"max-video-preview:-1"},"canonical":"https:\/\/www.cgtaragonlarioja.org\/fedens\/cgt-ensenanza-exige-una-reunion-urgente-con-el-director-de-direccion-de-personal-por-el-elevado-numero-de-plazas-que-van-a-quedar-vacantes-en-elactual-proceso-selectivo\/","og_locale":"es_ES","og_type":"article","og_title":"CGT ENSE\u00d1ANZA EXIGE UNA REUNI\u00d3N URGENTE CON EL DIRECTOR GENERAL DE PERSONAL POR EL ELEVADO N\u00daMERO DE PLAZAS QUE VAN A QUEDAR VACANTES EN EL ACTUAL PROCESO SELECTIVO","og_description":"Fracaso absoluto de la administraci\u00f3n en el actual proceso de oposiciones de secundaria: En la mayor\u00eda de las especialidades convocadas quedar\u00e1n plazas","og_url":"https:\/\/www.cgtaragonlarioja.org\/fedens\/cgt-ensenanza-exige-una-reunion-urgente-con-el-director-de-direccion-de-personal-por-el-elevado-numero-de-plazas-que-van-a-quedar-vacantes-en-elactual-proceso-selectivo\/","og_site_name":"CGT Arag\u00f3n - La Rioja. ENSE\u00d1ANZA","article_publisher":"https:\/\/www.facebook.com\/CGTEnseAragon\/","article_published_time":"2025-07-04T11:44:54+00:00","article_modified_time":"2025-07-11T08:18:04+00:00","og_image":[{"width":800,"height":743,"url":"https:\/\/www.cgtaragonlarioja.org\/fedens\/files\/2025\/07\/tablaplazas25-e1752219823678.jpg","type":"image\/jpeg"}],"author":"kike","twitter_card":"summary_large_image","twitter_creator":"@CGTeduAragon","twitter_site":"@CGTeduAragon","twitter_misc":{"Escrito por":"kike","Tiempo de lectura":"4 minutos"},"schema":{"@context":"https:\/\/schema.org","@graph":[{"@type":"Article","@id":"https:\/\/www.cgtaragonlarioja.org\/fedens\/cgt-ensenanza-exige-una-reunion-urgente-con-el-director-de-direccion-de-personal-por-el-elevado-numero-de-plazas-que-van-a-quedar-vacantes-en-elactual-proceso-selectivo\/#article","isPartOf":{"@id":"https:\/\/www.cgtaragonlarioja.org\/fedens\/cgt-ensenanza-exige-una-reunion-urgente-con-el-director-de-direccion-de-personal-por-el-elevado-numero-de-plazas-que-van-a-quedar-vacantes-en-elactual-proceso-selectivo\/"},"author":{"name":"kike","@id":"https:\/\/www.cgtaragonlarioja.org\/fedens\/#\/schema\/person\/dfa7d1616615d62a6d79c9593aa09fc3"},"headline":"CGT ENSE\u00d1ANZA EXIGE UNA REUNI\u00d3N URGENTE CON EL DIRECTOR GENERAL DE PERSONAL POR EL ELEVADO N\u00daMERO DE PLAZAS QUE VAN A QUEDAR VACANTES EN EL ACTUAL PROCESO SELECTIVO","datePublished":"2025-07-04T11:44:54+00:00","dateModified":"2025-07-11T08:18:04+00:00","mainEntityOfPage":{"@id":"https:\/\/www.cgtaragonlarioja.org\/fedens\/cgt-ensenanza-exige-una-reunion-urgente-con-el-director-de-direccion-de-personal-por-el-elevado-numero-de-plazas-que-van-a-quedar-vacantes-en-elactual-proceso-selectivo\/"},"wordCount":755,"commentCount":0,"publisher":{"@id":"https:\/\/www.cgtaragonlarioja.org\/fedens\/#organization"},"image":{"@id":"https:\/\/www.cgtaragonlarioja.org\/fedens\/cgt-ensenanza-exige-una-reunion-urgente-con-el-director-de-direccion-de-personal-por-el-elevado-numero-de-plazas-que-van-a-quedar-vacantes-en-elactual-proceso-selectivo\/#primaryimage"},"thumbnailUrl":"https:\/\/www.cgtaragonlarioja.org\/fedens\/files\/2025\/07\/tablaplazas25-e1752219823678.jpg","articleSection":["Destacamos","Noticias"],"inLanguage":"es","potentialAction":[{"@type":"CommentAction","name":"Comment","target":["https:\/\/www.cgtaragonlarioja.org\/fedens\/cgt-ensenanza-exige-una-reunion-urgente-con-el-director-de-direccion-de-personal-por-el-elevado-numero-de-plazas-que-van-a-quedar-vacantes-en-elactual-proceso-selectivo\/#respond"]}]},{"@type":"WebPage","@id":"https:\/\/www.cgtaragonlarioja.org\/fedens\/cgt-ensenanza-exige-una-reunion-urgente-con-el-director-de-direccion-de-personal-por-el-elevado-numero-de-plazas-que-van-a-quedar-vacantes-en-elactual-proceso-selectivo\/","url":"https:\/\/www.cgtaragonlarioja.org\/fedens\/cgt-ensenanza-exige-una-reunion-urgente-con-el-director-de-direccion-de-personal-por-el-elevado-numero-de-plazas-que-van-a-quedar-vacantes-en-elactual-proceso-selectivo\/","name":"CGT ENSE\u00d1ANZA EXIGE UNA REUNI\u00d3N URGENTE CON EL DIRECTOR GENERAL DE PERSONAL POR EL ELEVADO N\u00daMERO DE PLAZAS QUE VAN A QUEDAR VACANTES EN EL ACTUAL PROCESO SELECTIVO","isPartOf":{"@id":"https:\/\/www.cgtaragonlarioja.org\/fedens\/#website"},"primaryImageOfPage":{"@id":"https:\/\/www.cgtaragonlarioja.org\/fedens\/cgt-ensenanza-exige-una-reunion-urgente-con-el-director-de-direccion-de-personal-por-el-elevado-numero-de-plazas-que-van-a-quedar-vacantes-en-elactual-proceso-selectivo\/#primaryimage"},"image":{"@id":"https:\/\/www.cgtaragonlarioja.org\/fedens\/cgt-ensenanza-exige-una-reunion-urgente-con-el-director-de-direccion-de-personal-por-el-elevado-numero-de-plazas-que-van-a-quedar-vacantes-en-elactual-proceso-selectivo\/#primaryimage"},"thumbnailUrl":"https:\/\/www.cgtaragonlarioja.org\/fedens\/files\/2025\/07\/tablaplazas25-e1752219823678.jpg","datePublished":"2025-07-04T11:44:54+00:00","dateModified":"2025-07-11T08:18:04+00:00","description":"Fracaso absoluto de la administraci\u00f3n en el actual proceso de oposiciones de secundaria: En la mayor\u00eda de las especialidades convocadas quedar\u00e1n plazas","breadcrumb":{"@id":"https:\/\/www.cgtaragonlarioja.org\/fedens\/cgt-ensenanza-exige-una-reunion-urgente-con-el-director-de-direccion-de-personal-por-el-elevado-numero-de-plazas-que-van-a-quedar-vacantes-en-elactual-proceso-selectivo\/#breadcrumb"},"inLanguage":"es","potentialAction":[{"@type":"ReadAction","target":["https:\/\/www.cgtaragonlarioja.org\/fedens\/cgt-ensenanza-exige-una-reunion-urgente-con-el-director-de-direccion-de-personal-por-el-elevado-numero-de-plazas-que-van-a-quedar-vacantes-en-elactual-proceso-selectivo\/"]}]},{"@type":"ImageObject","inLanguage":"es","@id":"https:\/\/www.cgtaragonlarioja.org\/fedens\/cgt-ensenanza-exige-una-reunion-urgente-con-el-director-de-direccion-de-personal-por-el-elevado-numero-de-plazas-que-van-a-quedar-vacantes-en-elactual-proceso-selectivo\/#primaryimage","url":"https:\/\/www.cgtaragonlarioja.org\/fedens\/files\/2025\/07\/tablaplazas25-e1752219823678.jpg","contentUrl":"https:\/\/www.cgtaragonlarioja.org\/fedens\/files\/2025\/07\/tablaplazas25-e1752219823678.jpg","width":800,"height":743},{"@type":"BreadcrumbList","@id":"https:\/\/www.cgtaragonlarioja.org\/fedens\/cgt-ensenanza-exige-una-reunion-urgente-con-el-director-de-direccion-de-personal-por-el-elevado-numero-de-plazas-que-van-a-quedar-vacantes-en-elactual-proceso-selectivo\/#breadcrumb","itemListElement":[{"@type":"ListItem","position":1,"name":"Portada","item":"https:\/\/www.cgtaragonlarioja.org\/fedens\/"},{"@type":"ListItem","position":2,"name":"CGT ENSE\u00d1ANZA EXIGE UNA REUNI\u00d3N URGENTE CON EL DIRECTOR GENERAL DE PERSONAL POR EL ELEVADO N\u00daMERO DE PLAZAS QUE VAN A QUEDAR VACANTES EN EL ACTUAL PROCESO SELECTIVO"}]},{"@type":"WebSite","@id":"https:\/\/www.cgtaragonlarioja.org\/fedens\/#website","url":"https:\/\/www.cgtaragonlarioja.org\/fedens\/","name":"CGT Arag\u00f3n - La Rioja. ENSE\u00d1ANZA","description":"CONTACTAR: Calatayud-Aranda: 654897973 \/ Huesca: 974238404 \/ Teruel: 978619265 \/ Zaragoza: 976922002","publisher":{"@id":"https:\/\/www.cgtaragonlarioja.org\/fedens\/#organization"},"potentialAction":[{"@type":"SearchAction","target":{"@type":"EntryPoint","urlTemplate":"https:\/\/www.cgtaragonlarioja.org\/fedens\/?s={search_term_string}"},"query-input":{"@type":"PropertyValueSpecification","valueRequired":true,"valueName":"search_term_string"}}],"inLanguage":"es"},{"@type":"Organization","@id":"https:\/\/www.cgtaragonlarioja.org\/fedens\/#organization","name":"CGT Arag\u00f3n y La Rioja - Ense\u00f1anza","url":"https:\/\/www.cgtaragonlarioja.org\/fedens\/","logo":{"@type":"ImageObject","inLanguage":"es","@id":"https:\/\/www.cgtaragonlarioja.org\/fedens\/#\/schema\/logo\/image\/","url":"https:\/\/www.cgtaragonlarioja.org\/fedens\/files\/2021\/02\/logo_cgt_ense_huesca_170x250.png","contentUrl":"https:\/\/www.cgtaragonlarioja.org\/fedens\/files\/2021\/02\/logo_cgt_ense_huesca_170x250.png","width":170,"height":250,"caption":"CGT Arag\u00f3n y La Rioja - Ense\u00f1anza"},"image":{"@id":"https:\/\/www.cgtaragonlarioja.org\/fedens\/#\/schema\/logo\/image\/"},"sameAs":["https:\/\/www.facebook.com\/CGTEnseAragon\/","https:\/\/x.com\/CGTeduAragon"]},{"@type":"Person","@id":"https:\/\/www.cgtaragonlarioja.org\/fedens\/#\/schema\/person\/dfa7d1616615d62a6d79c9593aa09fc3","name":"kike","image":{"@type":"ImageObject","inLanguage":"es","@id":"https:\/\/www.cgtaragonlarioja.org\/fedens\/#\/schema\/person\/image\/","url":"https:\/\/secure.gravatar.com\/avatar\/f1c0788a733c3717c5f8c071e064a9c188df22c90b22388027f4ed27abaa4f3b?s=96&d=mm&r=g","contentUrl":"https:\/\/secure.gravatar.com\/avatar\/f1c0788a733c3717c5f8c071e064a9c188df22c90b22388027f4ed27abaa4f3b?s=96&d=mm&r=g","caption":"kike"},"url":"https:\/\/www.cgtaragonlarioja.org\/fedens\/author\/kike\/"}]}},"_links":{"self":[{"href":"https:\/\/www.cgtaragonlarioja.org\/fedens\/wp-json\/wp\/v2\/posts\/21673","targetHints":{"allow":["GET"]}}],"collection":[{"href":"https:\/\/www.cgtaragonlarioja.org\/fedens\/wp-json\/wp\/v2\/posts"}],"about":[{"href":"https:\/\/www.cgtaragonlarioja.org\/fedens\/wp-json\/wp\/v2\/types\/post"}],"author":[{"embeddable":true,"href":"https:\/\/www.cgtaragonlarioja.org\/fedens\/wp-json\/wp\/v2\/users\/486"}],"replies":[{"embeddable":true,"href":"https:\/\/www.cgtaragonlarioja.org\/fedens\/wp-json\/wp\/v2\/comments?post=21673"}],"version-history":[{"count":5,"href":"https:\/\/www.cgtaragonlarioja.org\/fedens\/wp-json\/wp\/v2\/posts\/21673\/revisions"}],"predecessor-version":[{"id":21689,"href":"https:\/\/www.cgtaragonlarioja.org\/fedens\/wp-json\/wp\/v2\/posts\/21673\/revisions\/21689"}],"wp:featuredmedia":[{"embeddable":true,"href":"https:\/\/www.cgtaragonlarioja.org\/fedens\/wp-json\/wp\/v2\/media\/21688"}],"wp:attachment":[{"href":"https:\/\/www.cgtaragonlarioja.org\/fedens\/wp-json\/wp\/v2\/media?parent=21673"}],"wp:term":[{"taxonomy":"category","embeddable":true,"href":"https:\/\/www.cgtaragonlarioja.org\/fedens\/wp-json\/wp\/v2\/categories?post=21673"},{"taxonomy":"post_tag","embeddable":true,"href":"https:\/\/www.cgtaragonlarioja.org\/fedens\/wp-json\/wp\/v2\/tags?post=21673"}],"curies":[{"name":"wp","href":"https:\/\/api.w.org\/{rel}","templated":true}]}}