{"id":21668,"date":"2025-06-30T09:42:48","date_gmt":"2025-06-30T07:42:48","guid":{"rendered":"https:\/\/www.cgtaragonlarioja.org\/fedens\/?p=21668"},"modified":"2025-06-30T09:43:19","modified_gmt":"2025-06-30T07:43:19","slug":"reunion-con-la-consejera","status":"publish","type":"post","link":"https:\/\/www.cgtaragonlarioja.org\/fedens\/reunion-con-la-consejera\/","title":{"rendered":"Reuni\u00f3n con la Consejera"},"content":{"rendered":"<p><i>CGT<\/i> Ense\u00f1anza Arag\u00f3n se reuni\u00f3 el jueves 26 de junio con la Consejera de Educaci\u00f3n, Cultura y Deporte, Tomasa Hern\u00e1ndez, para trasladarle nuestras preocupaciones, reivindicaciones y propuestas.<\/p>\n<p>Tras agradecer su buena disposici\u00f3n para recibirnos durante todo el curso, le trasladamos nuestras principales preocupaciones: la falta de personal en los Servicios Provinciales y en muchos centros educativos. Todas forman parte de la Comunidad Educativa y su ausencia afecta al alumnado. La falta de dotaci\u00f3n de profesorado en primaria para cumplir con las 24 horas lectivas y mantener apoyos, desdobles\u2026 una vez m\u00e1s ser\u00e1 el alumnado m\u00e1s vulnerable el que sufrir\u00e1 las consecuencias de los recortes. La continuidad de un programa biling\u00fce, a coste cero, discriminador y segregador. La problem\u00e1tica con la pol\u00edtica de libramientos de las dotaciones econ\u00f3micas a los centros educativos, tard\u00eda y parcial, que supone un lastre para su buen funcionamiento. La heterogeneidad de criterios entre las Inspecciones de las tres provincias. El incumplimiento del calendario de negociaci\u00f3n (la Orden de Permisos y Licencias est\u00e1 \u00abcongelada\u00bb y, con ella, la necesaria negociaci\u00f3n del obsoleto Decreto de Interinas). La falta de negociaci\u00f3n en relaci\u00f3n a la \u00abdualizaci\u00f3n\u00bb de la Formaci\u00f3n Profesional (que supone una privatizaci\u00f3n de la misma). La falta de negociaci\u00f3n del calendario escolar (y que esta se produzca en base a criterios pedag\u00f3gicos). El cierre de v\u00edas en la Escuela P\u00fablica (29 contra una sola en la Concertada y la aprobaci\u00f3n de nuevos e innecesarios conciertos, como los de Casetas o Sabi\u00f1\u00e1nigo). La falta absoluta de medidas para afrontar las altas temperaturas en los centros educativos tanto a principio como a final de curso. La deficiente organizaci\u00f3n de los procesos de oposiciones, que afectan tanto a opositoras como a tribunales. Etc. Estas son, tan solo, las m\u00e1s importantes de todas nuestras preocupaciones.<\/p>\n<p>Para solucionar estos problemas, desde <i>CGT<\/i> Ense\u00f1anza Arag\u00f3n le hemos propuesto a la Consejera que promueva un plan integral de \u00abrenaturalizaci\u00f3n\u00bb de los patios y de los centros, que plantee los procesos de oposici\u00f3n durante el curso escolar (con condiciones dignas para los tribunales), que negocie el calendario escolar con criterios pedag\u00f3gicos y que exija a su Gobierno que, al menos, iguale la inversi\u00f3n en Educaci\u00f3n en Arag\u00f3n a la media estatal (un 4,6% del <i>PIB<\/i> contra el 3,65% actual de nuestra Comunidad: \u00a1\u00a1400 millones de euros de diferencia cada a\u00f1o!!).<\/p>\n<p>Asimismo, le hemos exigido el desarrollo y finalizaci\u00f3n de todas las negociaciones pendientes, el cumplimiento de las 24 horas lectivas en primaria sin perjuicio para el alumnado y la priorizaci\u00f3n de la Escuela P\u00fablica como \u00fanica garante de la equidad, la igualdad de oportunidades, la libertad de ense\u00f1anza y la gratuidad para las familias. <strong>\u00a1Por una Escuela P\u00fablica laica y universal de calidad!<\/strong><\/p>\n","protected":false},"excerpt":{"rendered":"<p>CGT Ense\u00f1anza Arag\u00f3n se reuni\u00f3 el jueves 26 de junio con la Consejera de Educaci\u00f3n,<\/p>\n","protected":false},"author":854,"featured_media":21669,"comment_status":"open","ping_status":"open","sticky":false,"template":"","format":"standard","meta":{"footnotes":""},"categories":[702,480],"tags":[],"class_list":["post-21668","post","type-post","status-publish","format-standard","has-post-thumbnail","hentry","category-movilizaciones","category-noticias"],"yoast_head":"<!-- This site is optimized with the Yoast SEO plugin v26.7 - https:\/\/yoast.com\/wordpress\/plugins\/seo\/ -->\n<title>Reuni\u00f3n con la Consejera<\/title>\n<meta name=\"description\" content=\"CGT Ense\u00f1anza Arag\u00f3n se reuni\u00f3 el jueves 26 de junio con la Consejera de Educaci\u00f3n, Cultura y Deporte, Tomasa Hern\u00e1ndez, para trasladarle nuestras\" \/>\n<meta name=\"robots\" content=\"index, follow, max-snippet:-1, max-image-preview:large, max-video-preview:-1\" \/>\n<link rel=\"canonical\" href=\"https:\/\/www.cgtaragonlarioja.org\/fedens\/reunion-con-la-consejera\/\" \/>\n<meta property=\"og:locale\" content=\"es_ES\" \/>\n<meta property=\"og:type\" content=\"article\" \/>\n<meta property=\"og:title\" content=\"Reuni\u00f3n con la Consejera\" \/>\n<meta property=\"og:description\" content=\"CGT Ense\u00f1anza Arag\u00f3n se reuni\u00f3 el jueves 26 de junio con la Consejera de Educaci\u00f3n, Cultura y Deporte, Tomasa Hern\u00e1ndez, para trasladarle nuestras\" \/>\n<meta property=\"og:url\" content=\"https:\/\/www.cgtaragonlarioja.org\/fedens\/reunion-con-la-consejera\/\" \/>\n<meta property=\"og:site_name\" content=\"CGT Arag\u00f3n - La Rioja. ENSE\u00d1ANZA\" \/>\n<meta property=\"article:publisher\" content=\"https:\/\/www.facebook.com\/CGTEnseAragon\/\" \/>\n<meta property=\"article:published_time\" content=\"2025-06-30T07:42:48+00:00\" \/>\n<meta property=\"article:modified_time\" content=\"2025-06-30T07:43:19+00:00\" \/>\n<meta property=\"og:image\" content=\"https:\/\/www.cgtaragonlarioja.org\/fedens\/files\/2025\/06\/No-a-los-recortes.jpgPublica-si-privatizacion-no-e1751269240888.png\" \/>\n\t<meta property=\"og:image:width\" content=\"668\" \/>\n\t<meta property=\"og:image:height\" content=\"616\" \/>\n\t<meta property=\"og:image:type\" content=\"image\/png\" \/>\n<meta name=\"author\" content=\"CGT Ense\u00f1anza Arag\u00f3n\" \/>\n<meta name=\"twitter:card\" content=\"summary_large_image\" \/>\n<meta name=\"twitter:creator\" content=\"@CGTeduAragon\" \/>\n<meta name=\"twitter:site\" content=\"@CGTeduAragon\" \/>\n<meta name=\"twitter:label1\" content=\"Escrito por\" \/>\n\t<meta name=\"twitter:data1\" content=\"CGT Ense\u00f1anza Arag\u00f3n\" \/>\n\t<meta name=\"twitter:label2\" content=\"Tiempo de lectura\" \/>\n\t<meta name=\"twitter:data2\" content=\"3 minutos\" \/>\n<script type=\"application\/ld+json\" class=\"yoast-schema-graph\">{\"@context\":\"https:\/\/schema.org\",\"@graph\":[{\"@type\":\"Article\",\"@id\":\"https:\/\/www.cgtaragonlarioja.org\/fedens\/reunion-con-la-consejera\/#article\",\"isPartOf\":{\"@id\":\"https:\/\/www.cgtaragonlarioja.org\/fedens\/reunion-con-la-consejera\/\"},\"author\":{\"name\":\"CGT Ense\u00f1anza Arag\u00f3n\",\"@id\":\"https:\/\/www.cgtaragonlarioja.org\/fedens\/#\/schema\/person\/f577cbf9ee1fb7519bfd883ac4f4032f\"},\"headline\":\"Reuni\u00f3n con la Consejera\",\"datePublished\":\"2025-06-30T07:42:48+00:00\",\"dateModified\":\"2025-06-30T07:43:19+00:00\",\"mainEntityOfPage\":{\"@id\":\"https:\/\/www.cgtaragonlarioja.org\/fedens\/reunion-con-la-consejera\/\"},\"wordCount\":488,\"commentCount\":0,\"publisher\":{\"@id\":\"https:\/\/www.cgtaragonlarioja.org\/fedens\/#organization\"},\"image\":{\"@id\":\"https:\/\/www.cgtaragonlarioja.org\/fedens\/reunion-con-la-consejera\/#primaryimage\"},\"thumbnailUrl\":\"https:\/\/www.cgtaragonlarioja.org\/fedens\/files\/2025\/06\/No-a-los-recortes.jpgPublica-si-privatizacion-no-e1751269240888.png\",\"articleSection\":[\"Movilizaciones\",\"Noticias\"],\"inLanguage\":\"es\",\"potentialAction\":[{\"@type\":\"CommentAction\",\"name\":\"Comment\",\"target\":[\"https:\/\/www.cgtaragonlarioja.org\/fedens\/reunion-con-la-consejera\/#respond\"]}]},{\"@type\":\"WebPage\",\"@id\":\"https:\/\/www.cgtaragonlarioja.org\/fedens\/reunion-con-la-consejera\/\",\"url\":\"https:\/\/www.cgtaragonlarioja.org\/fedens\/reunion-con-la-consejera\/\",\"name\":\"Reuni\u00f3n con la Consejera\",\"isPartOf\":{\"@id\":\"https:\/\/www.cgtaragonlarioja.org\/fedens\/#website\"},\"primaryImageOfPage\":{\"@id\":\"https:\/\/www.cgtaragonlarioja.org\/fedens\/reunion-con-la-consejera\/#primaryimage\"},\"image\":{\"@id\":\"https:\/\/www.cgtaragonlarioja.org\/fedens\/reunion-con-la-consejera\/#primaryimage\"},\"thumbnailUrl\":\"https:\/\/www.cgtaragonlarioja.org\/fedens\/files\/2025\/06\/No-a-los-recortes.jpgPublica-si-privatizacion-no-e1751269240888.png\",\"datePublished\":\"2025-06-30T07:42:48+00:00\",\"dateModified\":\"2025-06-30T07:43:19+00:00\",\"description\":\"CGT Ense\u00f1anza Arag\u00f3n se reuni\u00f3 el jueves 26 de junio con la Consejera de Educaci\u00f3n, Cultura y Deporte, Tomasa Hern\u00e1ndez, para trasladarle nuestras\",\"breadcrumb\":{\"@id\":\"https:\/\/www.cgtaragonlarioja.org\/fedens\/reunion-con-la-consejera\/#breadcrumb\"},\"inLanguage\":\"es\",\"potentialAction\":[{\"@type\":\"ReadAction\",\"target\":[\"https:\/\/www.cgtaragonlarioja.org\/fedens\/reunion-con-la-consejera\/\"]}]},{\"@type\":\"ImageObject\",\"inLanguage\":\"es\",\"@id\":\"https:\/\/www.cgtaragonlarioja.org\/fedens\/reunion-con-la-consejera\/#primaryimage\",\"url\":\"https:\/\/www.cgtaragonlarioja.org\/fedens\/files\/2025\/06\/No-a-los-recortes.jpgPublica-si-privatizacion-no-e1751269240888.png\",\"contentUrl\":\"https:\/\/www.cgtaragonlarioja.org\/fedens\/files\/2025\/06\/No-a-los-recortes.jpgPublica-si-privatizacion-no-e1751269240888.png\",\"width\":668,\"height\":616},{\"@type\":\"BreadcrumbList\",\"@id\":\"https:\/\/www.cgtaragonlarioja.org\/fedens\/reunion-con-la-consejera\/#breadcrumb\",\"itemListElement\":[{\"@type\":\"ListItem\",\"position\":1,\"name\":\"Portada\",\"item\":\"https:\/\/www.cgtaragonlarioja.org\/fedens\/\"},{\"@type\":\"ListItem\",\"position\":2,\"name\":\"Reuni\u00f3n con la Consejera\"}]},{\"@type\":\"WebSite\",\"@id\":\"https:\/\/www.cgtaragonlarioja.org\/fedens\/#website\",\"url\":\"https:\/\/www.cgtaragonlarioja.org\/fedens\/\",\"name\":\"CGT Arag\u00f3n - La Rioja. ENSE\u00d1ANZA\",\"description\":\"CONTACTAR: Calatayud-Aranda: 654897973 \/ Huesca: 974238404 \/ Teruel: 978619265 \/ Zaragoza: 976922002\",\"publisher\":{\"@id\":\"https:\/\/www.cgtaragonlarioja.org\/fedens\/#organization\"},\"potentialAction\":[{\"@type\":\"SearchAction\",\"target\":{\"@type\":\"EntryPoint\",\"urlTemplate\":\"https:\/\/www.cgtaragonlarioja.org\/fedens\/?s={search_term_string}\"},\"query-input\":{\"@type\":\"PropertyValueSpecification\",\"valueRequired\":true,\"valueName\":\"search_term_string\"}}],\"inLanguage\":\"es\"},{\"@type\":\"Organization\",\"@id\":\"https:\/\/www.cgtaragonlarioja.org\/fedens\/#organization\",\"name\":\"CGT Arag\u00f3n y La Rioja - Ense\u00f1anza\",\"url\":\"https:\/\/www.cgtaragonlarioja.org\/fedens\/\",\"logo\":{\"@type\":\"ImageObject\",\"inLanguage\":\"es\",\"@id\":\"https:\/\/www.cgtaragonlarioja.org\/fedens\/#\/schema\/logo\/image\/\",\"url\":\"https:\/\/www.cgtaragonlarioja.org\/fedens\/files\/2021\/02\/logo_cgt_ense_huesca_170x250.png\",\"contentUrl\":\"https:\/\/www.cgtaragonlarioja.org\/fedens\/files\/2021\/02\/logo_cgt_ense_huesca_170x250.png\",\"width\":170,\"height\":250,\"caption\":\"CGT Arag\u00f3n y La Rioja - Ense\u00f1anza\"},\"image\":{\"@id\":\"https:\/\/www.cgtaragonlarioja.org\/fedens\/#\/schema\/logo\/image\/\"},\"sameAs\":[\"https:\/\/www.facebook.com\/CGTEnseAragon\/\",\"https:\/\/x.com\/CGTeduAragon\"]},{\"@type\":\"Person\",\"@id\":\"https:\/\/www.cgtaragonlarioja.org\/fedens\/#\/schema\/person\/f577cbf9ee1fb7519bfd883ac4f4032f\",\"name\":\"CGT Ense\u00f1anza Arag\u00f3n\",\"image\":{\"@type\":\"ImageObject\",\"inLanguage\":\"es\",\"@id\":\"https:\/\/www.cgtaragonlarioja.org\/fedens\/#\/schema\/person\/image\/\",\"url\":\"https:\/\/secure.gravatar.com\/avatar\/6591cafae8da970274bd48ef06b7f86ae2c2ba705fb2cdafa9b5f7f48c95a765?s=96&d=mm&r=g\",\"contentUrl\":\"https:\/\/secure.gravatar.com\/avatar\/6591cafae8da970274bd48ef06b7f86ae2c2ba705fb2cdafa9b5f7f48c95a765?s=96&d=mm&r=g\",\"caption\":\"CGT Ense\u00f1anza Arag\u00f3n\"},\"url\":\"https:\/\/www.cgtaragonlarioja.org\/fedens\/author\/fasecgt\/\"}]}<\/script>\n<!-- \/ Yoast SEO plugin. -->","yoast_head_json":{"title":"Reuni\u00f3n con la Consejera","description":"CGT Ense\u00f1anza Arag\u00f3n se reuni\u00f3 el jueves 26 de junio con la Consejera de Educaci\u00f3n, Cultura y Deporte, Tomasa Hern\u00e1ndez, para trasladarle nuestras","robots":{"index":"index","follow":"follow","max-snippet":"max-snippet:-1","max-image-preview":"max-image-preview:large","max-video-preview":"max-video-preview:-1"},"canonical":"https:\/\/www.cgtaragonlarioja.org\/fedens\/reunion-con-la-consejera\/","og_locale":"es_ES","og_type":"article","og_title":"Reuni\u00f3n con la Consejera","og_description":"CGT Ense\u00f1anza Arag\u00f3n se reuni\u00f3 el jueves 26 de junio con la Consejera de Educaci\u00f3n, Cultura y Deporte, Tomasa Hern\u00e1ndez, para trasladarle nuestras","og_url":"https:\/\/www.cgtaragonlarioja.org\/fedens\/reunion-con-la-consejera\/","og_site_name":"CGT Arag\u00f3n - La Rioja. ENSE\u00d1ANZA","article_publisher":"https:\/\/www.facebook.com\/CGTEnseAragon\/","article_published_time":"2025-06-30T07:42:48+00:00","article_modified_time":"2025-06-30T07:43:19+00:00","og_image":[{"width":668,"height":616,"url":"https:\/\/www.cgtaragonlarioja.org\/fedens\/files\/2025\/06\/No-a-los-recortes.jpgPublica-si-privatizacion-no-e1751269240888.png","type":"image\/png"}],"author":"CGT Ense\u00f1anza Arag\u00f3n","twitter_card":"summary_large_image","twitter_creator":"@CGTeduAragon","twitter_site":"@CGTeduAragon","twitter_misc":{"Escrito por":"CGT Ense\u00f1anza Arag\u00f3n","Tiempo de lectura":"3 minutos"},"schema":{"@context":"https:\/\/schema.org","@graph":[{"@type":"Article","@id":"https:\/\/www.cgtaragonlarioja.org\/fedens\/reunion-con-la-consejera\/#article","isPartOf":{"@id":"https:\/\/www.cgtaragonlarioja.org\/fedens\/reunion-con-la-consejera\/"},"author":{"name":"CGT Ense\u00f1anza Arag\u00f3n","@id":"https:\/\/www.cgtaragonlarioja.org\/fedens\/#\/schema\/person\/f577cbf9ee1fb7519bfd883ac4f4032f"},"headline":"Reuni\u00f3n con la Consejera","datePublished":"2025-06-30T07:42:48+00:00","dateModified":"2025-06-30T07:43:19+00:00","mainEntityOfPage":{"@id":"https:\/\/www.cgtaragonlarioja.org\/fedens\/reunion-con-la-consejera\/"},"wordCount":488,"commentCount":0,"publisher":{"@id":"https:\/\/www.cgtaragonlarioja.org\/fedens\/#organization"},"image":{"@id":"https:\/\/www.cgtaragonlarioja.org\/fedens\/reunion-con-la-consejera\/#primaryimage"},"thumbnailUrl":"https:\/\/www.cgtaragonlarioja.org\/fedens\/files\/2025\/06\/No-a-los-recortes.jpgPublica-si-privatizacion-no-e1751269240888.png","articleSection":["Movilizaciones","Noticias"],"inLanguage":"es","potentialAction":[{"@type":"CommentAction","name":"Comment","target":["https:\/\/www.cgtaragonlarioja.org\/fedens\/reunion-con-la-consejera\/#respond"]}]},{"@type":"WebPage","@id":"https:\/\/www.cgtaragonlarioja.org\/fedens\/reunion-con-la-consejera\/","url":"https:\/\/www.cgtaragonlarioja.org\/fedens\/reunion-con-la-consejera\/","name":"Reuni\u00f3n con la Consejera","isPartOf":{"@id":"https:\/\/www.cgtaragonlarioja.org\/fedens\/#website"},"primaryImageOfPage":{"@id":"https:\/\/www.cgtaragonlarioja.org\/fedens\/reunion-con-la-consejera\/#primaryimage"},"image":{"@id":"https:\/\/www.cgtaragonlarioja.org\/fedens\/reunion-con-la-consejera\/#primaryimage"},"thumbnailUrl":"https:\/\/www.cgtaragonlarioja.org\/fedens\/files\/2025\/06\/No-a-los-recortes.jpgPublica-si-privatizacion-no-e1751269240888.png","datePublished":"2025-06-30T07:42:48+00:00","dateModified":"2025-06-30T07:43:19+00:00","description":"CGT Ense\u00f1anza Arag\u00f3n se reuni\u00f3 el jueves 26 de junio con la Consejera de Educaci\u00f3n, Cultura y Deporte, Tomasa Hern\u00e1ndez, para trasladarle nuestras","breadcrumb":{"@id":"https:\/\/www.cgtaragonlarioja.org\/fedens\/reunion-con-la-consejera\/#breadcrumb"},"inLanguage":"es","potentialAction":[{"@type":"ReadAction","target":["https:\/\/www.cgtaragonlarioja.org\/fedens\/reunion-con-la-consejera\/"]}]},{"@type":"ImageObject","inLanguage":"es","@id":"https:\/\/www.cgtaragonlarioja.org\/fedens\/reunion-con-la-consejera\/#primaryimage","url":"https:\/\/www.cgtaragonlarioja.org\/fedens\/files\/2025\/06\/No-a-los-recortes.jpgPublica-si-privatizacion-no-e1751269240888.png","contentUrl":"https:\/\/www.cgtaragonlarioja.org\/fedens\/files\/2025\/06\/No-a-los-recortes.jpgPublica-si-privatizacion-no-e1751269240888.png","width":668,"height":616},{"@type":"BreadcrumbList","@id":"https:\/\/www.cgtaragonlarioja.org\/fedens\/reunion-con-la-consejera\/#breadcrumb","itemListElement":[{"@type":"ListItem","position":1,"name":"Portada","item":"https:\/\/www.cgtaragonlarioja.org\/fedens\/"},{"@type":"ListItem","position":2,"name":"Reuni\u00f3n con la Consejera"}]},{"@type":"WebSite","@id":"https:\/\/www.cgtaragonlarioja.org\/fedens\/#website","url":"https:\/\/www.cgtaragonlarioja.org\/fedens\/","name":"CGT Arag\u00f3n - La Rioja. ENSE\u00d1ANZA","description":"CONTACTAR: Calatayud-Aranda: 654897973 \/ Huesca: 974238404 \/ Teruel: 978619265 \/ Zaragoza: 976922002","publisher":{"@id":"https:\/\/www.cgtaragonlarioja.org\/fedens\/#organization"},"potentialAction":[{"@type":"SearchAction","target":{"@type":"EntryPoint","urlTemplate":"https:\/\/www.cgtaragonlarioja.org\/fedens\/?s={search_term_string}"},"query-input":{"@type":"PropertyValueSpecification","valueRequired":true,"valueName":"search_term_string"}}],"inLanguage":"es"},{"@type":"Organization","@id":"https:\/\/www.cgtaragonlarioja.org\/fedens\/#organization","name":"CGT Arag\u00f3n y La Rioja - Ense\u00f1anza","url":"https:\/\/www.cgtaragonlarioja.org\/fedens\/","logo":{"@type":"ImageObject","inLanguage":"es","@id":"https:\/\/www.cgtaragonlarioja.org\/fedens\/#\/schema\/logo\/image\/","url":"https:\/\/www.cgtaragonlarioja.org\/fedens\/files\/2021\/02\/logo_cgt_ense_huesca_170x250.png","contentUrl":"https:\/\/www.cgtaragonlarioja.org\/fedens\/files\/2021\/02\/logo_cgt_ense_huesca_170x250.png","width":170,"height":250,"caption":"CGT Arag\u00f3n y La Rioja - Ense\u00f1anza"},"image":{"@id":"https:\/\/www.cgtaragonlarioja.org\/fedens\/#\/schema\/logo\/image\/"},"sameAs":["https:\/\/www.facebook.com\/CGTEnseAragon\/","https:\/\/x.com\/CGTeduAragon"]},{"@type":"Person","@id":"https:\/\/www.cgtaragonlarioja.org\/fedens\/#\/schema\/person\/f577cbf9ee1fb7519bfd883ac4f4032f","name":"CGT Ense\u00f1anza Arag\u00f3n","image":{"@type":"ImageObject","inLanguage":"es","@id":"https:\/\/www.cgtaragonlarioja.org\/fedens\/#\/schema\/person\/image\/","url":"https:\/\/secure.gravatar.com\/avatar\/6591cafae8da970274bd48ef06b7f86ae2c2ba705fb2cdafa9b5f7f48c95a765?s=96&d=mm&r=g","contentUrl":"https:\/\/secure.gravatar.com\/avatar\/6591cafae8da970274bd48ef06b7f86ae2c2ba705fb2cdafa9b5f7f48c95a765?s=96&d=mm&r=g","caption":"CGT Ense\u00f1anza Arag\u00f3n"},"url":"https:\/\/www.cgtaragonlarioja.org\/fedens\/author\/fasecgt\/"}]}},"_links":{"self":[{"href":"https:\/\/www.cgtaragonlarioja.org\/fedens\/wp-json\/wp\/v2\/posts\/21668","targetHints":{"allow":["GET"]}}],"collection":[{"href":"https:\/\/www.cgtaragonlarioja.org\/fedens\/wp-json\/wp\/v2\/posts"}],"about":[{"href":"https:\/\/www.cgtaragonlarioja.org\/fedens\/wp-json\/wp\/v2\/types\/post"}],"author":[{"embeddable":true,"href":"https:\/\/www.cgtaragonlarioja.org\/fedens\/wp-json\/wp\/v2\/users\/854"}],"replies":[{"embeddable":true,"href":"https:\/\/www.cgtaragonlarioja.org\/fedens\/wp-json\/wp\/v2\/comments?post=21668"}],"version-history":[{"count":2,"href":"https:\/\/www.cgtaragonlarioja.org\/fedens\/wp-json\/wp\/v2\/posts\/21668\/revisions"}],"predecessor-version":[{"id":21671,"href":"https:\/\/www.cgtaragonlarioja.org\/fedens\/wp-json\/wp\/v2\/posts\/21668\/revisions\/21671"}],"wp:featuredmedia":[{"embeddable":true,"href":"https:\/\/www.cgtaragonlarioja.org\/fedens\/wp-json\/wp\/v2\/media\/21669"}],"wp:attachment":[{"href":"https:\/\/www.cgtaragonlarioja.org\/fedens\/wp-json\/wp\/v2\/media?parent=21668"}],"wp:term":[{"taxonomy":"category","embeddable":true,"href":"https:\/\/www.cgtaragonlarioja.org\/fedens\/wp-json\/wp\/v2\/categories?post=21668"},{"taxonomy":"post_tag","embeddable":true,"href":"https:\/\/www.cgtaragonlarioja.org\/fedens\/wp-json\/wp\/v2\/tags?post=21668"}],"curies":[{"name":"wp","href":"https:\/\/api.w.org\/{rel}","templated":true}]}}