{"id":21627,"date":"2025-06-21T23:28:20","date_gmt":"2025-06-21T21:28:20","guid":{"rendered":"https:\/\/www.cgtaragonlarioja.org\/fedens\/?p=21627"},"modified":"2025-06-21T23:28:20","modified_gmt":"2025-06-21T21:28:20","slug":"26-de-junio-movilizate-por-la-defensa-de-lo-publico-no-a-la-privatizacion-de-los-servicios-educativos","status":"publish","type":"post","link":"https:\/\/www.cgtaragonlarioja.org\/fedens\/26-de-junio-movilizate-por-la-defensa-de-lo-publico-no-a-la-privatizacion-de-los-servicios-educativos\/","title":{"rendered":"26 de junio. Movilizate por la Defensa de lo P\u00fablico: \u00a1No a la Privatizaci\u00f3n de los Servicios Educativos!"},"content":{"rendered":"<p>El pr\u00f3ximo<strong> jueves 26 de junio a las 19:30 en Plaza de Espa\u00f1a<\/strong> tenemos una cita para reivindicar desde todas las secciones de CGT Ense\u00f1anza Zaragoza unos servicios p\u00fablicos educativos de calidad: <strong>\u00a1No a la Privatizaci\u00f3n de los Servicios Educativos!<\/strong><\/p>\n<p><span style=\"font-weight: 400\">Tanto desde el Gobierno de Arag\u00f3n como desde el Ayuntamiento se est\u00e1n llevando pol\u00edticas encaminadas a deteriorar los servicios socioeducativos p\u00fablicos y fomentar la progresiva privatizaci\u00f3n de los mismos, con el consiguiente perjuicio para la ciudadan\u00eda usuaria de los mismos y para los y las trabajadoras de estos sectores.\u00a0<\/span><\/p>\n<p><span style=\"font-weight: 400\">Ante la creciente amenaza de la privatizaci\u00f3n de los servicios educativos, la comunidad educativa, estudiantes, familias y ciudadanos en general nos unimos para alzar nuestra voz y manifestar lo siguiente:<\/span><\/p>\n<p>&nbsp;<\/p>\n<p><span style=\"font-weight: 400\">\ud83d\udce2 <\/span><b>Por una Educaci\u00f3n P\u00fablica<\/b><span style=\"font-weight: 400\">\u00a0\u00a0<\/span><\/p>\n<p><span style=\"font-weight: 400\">Creemos firmemente en la educaci\u00f3n como un derecho fundamental que debe ser garantizado para todos y todas, sin distinci\u00f3n alguna. Una educaci\u00f3n p\u00fablica, gratuita y de calidad es esencial para construir una sociedad justa y equitativa. Por ello, rechazamos cualquier intento de desviar recursos hacia el sector privado y defendemos la inversi\u00f3n en lo p\u00fablico.\u00a0<\/span><\/p>\n<p>&nbsp;<\/p>\n<p><span style=\"font-weight: 400\">\ud83d\udce2 <\/span><b>No a los Conciertos<\/b><span style=\"font-weight: 400\">\u00a0\u00a0<\/span><\/p>\n<p><span style=\"font-weight: 400\">Los conciertos educativos s\u00f3lo perpet\u00faan la desigualdad y la fragmentaci\u00f3n del sistema educativo. No permitiremos que se siga legitimando un modelo que permite a las empresas lucrar con la educaci\u00f3n de nuestros j\u00f3venes. La educaci\u00f3n p\u00fablica debe ser suficiente y de calidad para todos, sin necesidad de acudir a la iniciativa privada.<\/span><\/p>\n<p>&nbsp;<\/p>\n<p><span style=\"font-weight: 400\">\ud83d\udce2 <\/span><b>Derogaci\u00f3n de la FP Dual<\/b><span style=\"font-weight: 400\">\u00a0\u00a0<\/span><\/p>\n<p><span style=\"font-weight: 400\">La Formaci\u00f3n Profesional Dual ha demostrado ser una herramienta que favorece la privatizaci\u00f3n de la educaci\u00f3n y favorece a grandes empresas por encima del desarrollo integral de los estudiantes. Exigimos la derogaci\u00f3n de esta medida y la creaci\u00f3n de un modelo de formaci\u00f3n que priorice el aprendizaje en el aula y el acompa\u00f1amiento profesional.\u00a0<\/span><\/p>\n<p>&nbsp;<\/p>\n<p><span style=\"font-weight: 400\">\ud83d\udce2 <\/span><b>Por el Ocio y Tiempo Libre en Defensa de las Zonas J\u00f3venes, PIEES y Casas de Juventud<\/b><span style=\"font-weight: 400\">\u00a0\u00a0<\/span><\/p>\n<p><span style=\"font-weight: 400\">El ocio y el tiempo libre son fundamentales para el desarrollo integral de nuestros j\u00f3venes. Defendemos la continuidad y fortalecimiento de los programas de apoyo en Zonas J\u00f3venes, PIEES y Casas de Juventud, que garantizan espacios seguros y enriquecedores donde nuestros adolescentes pueden crecer, aprender y socializar.<\/span><\/p>\n<p>&nbsp;<\/p>\n<p><span style=\"font-weight: 400\">\ud83d\udce2 <\/span><b>Por el Acompa\u00f1amiento de Menores en Riesgo de Exclusi\u00f3n<\/b><span style=\"font-weight: 400\">\u00a0\u00a0<\/span><\/p>\n<p><span style=\"font-weight: 400\">La atenci\u00f3n a los menores en situaci\u00f3n de vulnerabilidad debe ser una prioridad. Es imprescindible que existan programas de acompa\u00f1amiento y apoyo que garanticen su desarrollo acad\u00e9mico, emocional y social, asegurando que todos los j\u00f3venes tengan las mismas oportunidades de \u00e9xito.<\/span><\/p>\n<p>&nbsp;<\/p>\n<p><span style=\"font-weight: 400\">\ud83d\udce2 <\/span><b>Condiciones Dignas para la Protecci\u00f3n y Reforma de Menores<\/b><span style=\"font-weight: 400\">\u00a0\u00a0<\/span><\/p>\n<p><span style=\"font-weight: 400\">Exigimos condiciones dignas y respetuosas en los centros de protecci\u00f3n y reforma de menores. Todos los j\u00f3venes merecen un entorno que les brinde oportunidades de rehabilitaci\u00f3n y reintegraci\u00f3n en la sociedad. Por un Convenio Aragon\u00e9s de Reforma y Protecci\u00f3n de Menores.<\/span><\/p>\n<p>&nbsp;<\/p>\n<p><span style=\"font-weight: 400\">\ud83d\udcaa\ud83c\udffd <\/span><b>Juntas por lo P\u00fablico<\/b><span style=\"font-weight: 400\">\u00a0\u00a0<\/span><\/p>\n<p><span style=\"font-weight: 400\">La educaci\u00f3n, el ocio y el bienestar de nuestros j\u00f3venes son responsabilidad de todos y todas. Nos oponemos firmemente a la privatizaci\u00f3n de los servicios educativos y a todas las pol\u00edticas que atenten contra el acceso a una educaci\u00f3n p\u00fablica de calidad. Es hora de involucrarnos, actuar y demostrar que la defensa de lo p\u00fablico es una causa que nos une.<\/span><\/p>\n<p>&nbsp;<\/p>\n<p><span style=\"font-weight: 400\">\u00a1Por una educaci\u00f3n p\u00fablica, digna y accesible para todos y todas! \u00a1No a la privatizaci\u00f3n!\u00a0<\/span><\/p>\n<p>&nbsp;<\/p>\n","protected":false},"excerpt":{"rendered":"<p>El pr\u00f3ximo jueves 26 de junio a las 19:30 en Plaza de Espa\u00f1a tenemos una<\/p>\n","protected":false},"author":486,"featured_media":21628,"comment_status":"open","ping_status":"open","sticky":false,"template":"","format":"standard","meta":{"footnotes":""},"categories":[702,480,567],"tags":[],"class_list":["post-21627","post","type-post","status-publish","format-standard","has-post-thumbnail","hentry","category-movilizaciones","category-noticias","category-zaragoza"],"yoast_head":"<!-- This site is optimized with the Yoast SEO plugin v26.7 - https:\/\/yoast.com\/wordpress\/plugins\/seo\/ -->\n<title>26 de junio. Movilizate por la Defensa de lo P\u00fablico: \u00a1No a la Privatizaci\u00f3n de los Servicios Educativos!<\/title>\n<meta name=\"description\" content=\"El pr\u00f3ximo jueves 26 de junio a las 19:30 en Plaza de Espa\u00f1a tenemos una cita para reivindicar desde todas las secciones de CGT Ense\u00f1anza Zaragoza unos\" \/>\n<meta name=\"robots\" content=\"index, follow, max-snippet:-1, max-image-preview:large, max-video-preview:-1\" \/>\n<link rel=\"canonical\" href=\"https:\/\/www.cgtaragonlarioja.org\/fedens\/26-de-junio-movilizate-por-la-defensa-de-lo-publico-no-a-la-privatizacion-de-los-servicios-educativos\/\" \/>\n<meta property=\"og:locale\" content=\"es_ES\" \/>\n<meta property=\"og:type\" content=\"article\" \/>\n<meta property=\"og:title\" content=\"26 de junio. Movilizate por la Defensa de lo P\u00fablico: \u00a1No a la Privatizaci\u00f3n de los Servicios Educativos!\" \/>\n<meta property=\"og:description\" content=\"El pr\u00f3ximo jueves 26 de junio a las 19:30 en Plaza de Espa\u00f1a tenemos una cita para reivindicar desde todas las secciones de CGT Ense\u00f1anza Zaragoza unos\" \/>\n<meta property=\"og:url\" content=\"https:\/\/www.cgtaragonlarioja.org\/fedens\/26-de-junio-movilizate-por-la-defensa-de-lo-publico-no-a-la-privatizacion-de-los-servicios-educativos\/\" \/>\n<meta property=\"og:site_name\" content=\"CGT Arag\u00f3n - La Rioja. ENSE\u00d1ANZA\" \/>\n<meta property=\"article:publisher\" content=\"https:\/\/www.facebook.com\/CGTEnseAragon\/\" \/>\n<meta property=\"article:published_time\" content=\"2025-06-21T21:28:20+00:00\" \/>\n<meta property=\"og:image\" content=\"https:\/\/www.cgtaragonlarioja.org\/fedens\/files\/2025\/06\/No-a-la-privatizacion.jpg\" \/>\n\t<meta property=\"og:image:width\" content=\"904\" \/>\n\t<meta property=\"og:image:height\" content=\"1280\" \/>\n\t<meta property=\"og:image:type\" content=\"image\/jpeg\" \/>\n<meta name=\"author\" content=\"kike\" \/>\n<meta name=\"twitter:card\" content=\"summary_large_image\" \/>\n<meta name=\"twitter:creator\" content=\"@CGTeduAragon\" \/>\n<meta name=\"twitter:site\" content=\"@CGTeduAragon\" \/>\n<meta name=\"twitter:label1\" content=\"Escrito por\" \/>\n\t<meta name=\"twitter:data1\" content=\"kike\" \/>\n\t<meta name=\"twitter:label2\" content=\"Tiempo de lectura\" \/>\n\t<meta name=\"twitter:data2\" content=\"3 minutos\" \/>\n<script type=\"application\/ld+json\" class=\"yoast-schema-graph\">{\"@context\":\"https:\/\/schema.org\",\"@graph\":[{\"@type\":\"Article\",\"@id\":\"https:\/\/www.cgtaragonlarioja.org\/fedens\/26-de-junio-movilizate-por-la-defensa-de-lo-publico-no-a-la-privatizacion-de-los-servicios-educativos\/#article\",\"isPartOf\":{\"@id\":\"https:\/\/www.cgtaragonlarioja.org\/fedens\/26-de-junio-movilizate-por-la-defensa-de-lo-publico-no-a-la-privatizacion-de-los-servicios-educativos\/\"},\"author\":{\"name\":\"kike\",\"@id\":\"https:\/\/www.cgtaragonlarioja.org\/fedens\/#\/schema\/person\/dfa7d1616615d62a6d79c9593aa09fc3\"},\"headline\":\"26 de junio. Movilizate por la Defensa de lo P\u00fablico: \u00a1No a la Privatizaci\u00f3n de los Servicios Educativos!\",\"datePublished\":\"2025-06-21T21:28:20+00:00\",\"mainEntityOfPage\":{\"@id\":\"https:\/\/www.cgtaragonlarioja.org\/fedens\/26-de-junio-movilizate-por-la-defensa-de-lo-publico-no-a-la-privatizacion-de-los-servicios-educativos\/\"},\"wordCount\":626,\"commentCount\":0,\"publisher\":{\"@id\":\"https:\/\/www.cgtaragonlarioja.org\/fedens\/#organization\"},\"image\":{\"@id\":\"https:\/\/www.cgtaragonlarioja.org\/fedens\/26-de-junio-movilizate-por-la-defensa-de-lo-publico-no-a-la-privatizacion-de-los-servicios-educativos\/#primaryimage\"},\"thumbnailUrl\":\"https:\/\/www.cgtaragonlarioja.org\/fedens\/files\/2025\/06\/No-a-la-privatizacion.jpg\",\"articleSection\":[\"Movilizaciones\",\"Noticias\",\"Zaragoza\"],\"inLanguage\":\"es\",\"potentialAction\":[{\"@type\":\"CommentAction\",\"name\":\"Comment\",\"target\":[\"https:\/\/www.cgtaragonlarioja.org\/fedens\/26-de-junio-movilizate-por-la-defensa-de-lo-publico-no-a-la-privatizacion-de-los-servicios-educativos\/#respond\"]}]},{\"@type\":\"WebPage\",\"@id\":\"https:\/\/www.cgtaragonlarioja.org\/fedens\/26-de-junio-movilizate-por-la-defensa-de-lo-publico-no-a-la-privatizacion-de-los-servicios-educativos\/\",\"url\":\"https:\/\/www.cgtaragonlarioja.org\/fedens\/26-de-junio-movilizate-por-la-defensa-de-lo-publico-no-a-la-privatizacion-de-los-servicios-educativos\/\",\"name\":\"26 de junio. Movilizate por la Defensa de lo P\u00fablico: \u00a1No a la Privatizaci\u00f3n de los Servicios Educativos!\",\"isPartOf\":{\"@id\":\"https:\/\/www.cgtaragonlarioja.org\/fedens\/#website\"},\"primaryImageOfPage\":{\"@id\":\"https:\/\/www.cgtaragonlarioja.org\/fedens\/26-de-junio-movilizate-por-la-defensa-de-lo-publico-no-a-la-privatizacion-de-los-servicios-educativos\/#primaryimage\"},\"image\":{\"@id\":\"https:\/\/www.cgtaragonlarioja.org\/fedens\/26-de-junio-movilizate-por-la-defensa-de-lo-publico-no-a-la-privatizacion-de-los-servicios-educativos\/#primaryimage\"},\"thumbnailUrl\":\"https:\/\/www.cgtaragonlarioja.org\/fedens\/files\/2025\/06\/No-a-la-privatizacion.jpg\",\"datePublished\":\"2025-06-21T21:28:20+00:00\",\"description\":\"El pr\u00f3ximo jueves 26 de junio a las 19:30 en Plaza de Espa\u00f1a tenemos una cita para reivindicar desde todas las secciones de CGT Ense\u00f1anza Zaragoza unos\",\"breadcrumb\":{\"@id\":\"https:\/\/www.cgtaragonlarioja.org\/fedens\/26-de-junio-movilizate-por-la-defensa-de-lo-publico-no-a-la-privatizacion-de-los-servicios-educativos\/#breadcrumb\"},\"inLanguage\":\"es\",\"potentialAction\":[{\"@type\":\"ReadAction\",\"target\":[\"https:\/\/www.cgtaragonlarioja.org\/fedens\/26-de-junio-movilizate-por-la-defensa-de-lo-publico-no-a-la-privatizacion-de-los-servicios-educativos\/\"]}]},{\"@type\":\"ImageObject\",\"inLanguage\":\"es\",\"@id\":\"https:\/\/www.cgtaragonlarioja.org\/fedens\/26-de-junio-movilizate-por-la-defensa-de-lo-publico-no-a-la-privatizacion-de-los-servicios-educativos\/#primaryimage\",\"url\":\"https:\/\/www.cgtaragonlarioja.org\/fedens\/files\/2025\/06\/No-a-la-privatizacion.jpg\",\"contentUrl\":\"https:\/\/www.cgtaragonlarioja.org\/fedens\/files\/2025\/06\/No-a-la-privatizacion.jpg\",\"width\":904,\"height\":1280},{\"@type\":\"BreadcrumbList\",\"@id\":\"https:\/\/www.cgtaragonlarioja.org\/fedens\/26-de-junio-movilizate-por-la-defensa-de-lo-publico-no-a-la-privatizacion-de-los-servicios-educativos\/#breadcrumb\",\"itemListElement\":[{\"@type\":\"ListItem\",\"position\":1,\"name\":\"Portada\",\"item\":\"https:\/\/www.cgtaragonlarioja.org\/fedens\/\"},{\"@type\":\"ListItem\",\"position\":2,\"name\":\"26 de junio. Movilizate por la Defensa de lo P\u00fablico: \u00a1No a la Privatizaci\u00f3n de los Servicios Educativos!\"}]},{\"@type\":\"WebSite\",\"@id\":\"https:\/\/www.cgtaragonlarioja.org\/fedens\/#website\",\"url\":\"https:\/\/www.cgtaragonlarioja.org\/fedens\/\",\"name\":\"CGT Arag\u00f3n - La Rioja. ENSE\u00d1ANZA\",\"description\":\"CONTACTAR: Calatayud-Aranda: 654897973 \/ Huesca: 974238404 \/ Teruel: 978619265 \/ Zaragoza: 976922002\",\"publisher\":{\"@id\":\"https:\/\/www.cgtaragonlarioja.org\/fedens\/#organization\"},\"potentialAction\":[{\"@type\":\"SearchAction\",\"target\":{\"@type\":\"EntryPoint\",\"urlTemplate\":\"https:\/\/www.cgtaragonlarioja.org\/fedens\/?s={search_term_string}\"},\"query-input\":{\"@type\":\"PropertyValueSpecification\",\"valueRequired\":true,\"valueName\":\"search_term_string\"}}],\"inLanguage\":\"es\"},{\"@type\":\"Organization\",\"@id\":\"https:\/\/www.cgtaragonlarioja.org\/fedens\/#organization\",\"name\":\"CGT Arag\u00f3n y La Rioja - Ense\u00f1anza\",\"url\":\"https:\/\/www.cgtaragonlarioja.org\/fedens\/\",\"logo\":{\"@type\":\"ImageObject\",\"inLanguage\":\"es\",\"@id\":\"https:\/\/www.cgtaragonlarioja.org\/fedens\/#\/schema\/logo\/image\/\",\"url\":\"https:\/\/www.cgtaragonlarioja.org\/fedens\/files\/2021\/02\/logo_cgt_ense_huesca_170x250.png\",\"contentUrl\":\"https:\/\/www.cgtaragonlarioja.org\/fedens\/files\/2021\/02\/logo_cgt_ense_huesca_170x250.png\",\"width\":170,\"height\":250,\"caption\":\"CGT Arag\u00f3n y La Rioja - Ense\u00f1anza\"},\"image\":{\"@id\":\"https:\/\/www.cgtaragonlarioja.org\/fedens\/#\/schema\/logo\/image\/\"},\"sameAs\":[\"https:\/\/www.facebook.com\/CGTEnseAragon\/\",\"https:\/\/x.com\/CGTeduAragon\"]},{\"@type\":\"Person\",\"@id\":\"https:\/\/www.cgtaragonlarioja.org\/fedens\/#\/schema\/person\/dfa7d1616615d62a6d79c9593aa09fc3\",\"name\":\"kike\",\"image\":{\"@type\":\"ImageObject\",\"inLanguage\":\"es\",\"@id\":\"https:\/\/www.cgtaragonlarioja.org\/fedens\/#\/schema\/person\/image\/\",\"url\":\"https:\/\/secure.gravatar.com\/avatar\/f1c0788a733c3717c5f8c071e064a9c188df22c90b22388027f4ed27abaa4f3b?s=96&d=mm&r=g\",\"contentUrl\":\"https:\/\/secure.gravatar.com\/avatar\/f1c0788a733c3717c5f8c071e064a9c188df22c90b22388027f4ed27abaa4f3b?s=96&d=mm&r=g\",\"caption\":\"kike\"},\"url\":\"https:\/\/www.cgtaragonlarioja.org\/fedens\/author\/kike\/\"}]}<\/script>\n<!-- \/ Yoast SEO plugin. -->","yoast_head_json":{"title":"26 de junio. Movilizate por la Defensa de lo P\u00fablico: \u00a1No a la Privatizaci\u00f3n de los Servicios Educativos!","description":"El pr\u00f3ximo jueves 26 de junio a las 19:30 en Plaza de Espa\u00f1a tenemos una cita para reivindicar desde todas las secciones de CGT Ense\u00f1anza Zaragoza unos","robots":{"index":"index","follow":"follow","max-snippet":"max-snippet:-1","max-image-preview":"max-image-preview:large","max-video-preview":"max-video-preview:-1"},"canonical":"https:\/\/www.cgtaragonlarioja.org\/fedens\/26-de-junio-movilizate-por-la-defensa-de-lo-publico-no-a-la-privatizacion-de-los-servicios-educativos\/","og_locale":"es_ES","og_type":"article","og_title":"26 de junio. Movilizate por la Defensa de lo P\u00fablico: \u00a1No a la Privatizaci\u00f3n de los Servicios Educativos!","og_description":"El pr\u00f3ximo jueves 26 de junio a las 19:30 en Plaza de Espa\u00f1a tenemos una cita para reivindicar desde todas las secciones de CGT Ense\u00f1anza Zaragoza unos","og_url":"https:\/\/www.cgtaragonlarioja.org\/fedens\/26-de-junio-movilizate-por-la-defensa-de-lo-publico-no-a-la-privatizacion-de-los-servicios-educativos\/","og_site_name":"CGT Arag\u00f3n - La Rioja. ENSE\u00d1ANZA","article_publisher":"https:\/\/www.facebook.com\/CGTEnseAragon\/","article_published_time":"2025-06-21T21:28:20+00:00","og_image":[{"width":904,"height":1280,"url":"https:\/\/www.cgtaragonlarioja.org\/fedens\/files\/2025\/06\/No-a-la-privatizacion.jpg","type":"image\/jpeg"}],"author":"kike","twitter_card":"summary_large_image","twitter_creator":"@CGTeduAragon","twitter_site":"@CGTeduAragon","twitter_misc":{"Escrito por":"kike","Tiempo de lectura":"3 minutos"},"schema":{"@context":"https:\/\/schema.org","@graph":[{"@type":"Article","@id":"https:\/\/www.cgtaragonlarioja.org\/fedens\/26-de-junio-movilizate-por-la-defensa-de-lo-publico-no-a-la-privatizacion-de-los-servicios-educativos\/#article","isPartOf":{"@id":"https:\/\/www.cgtaragonlarioja.org\/fedens\/26-de-junio-movilizate-por-la-defensa-de-lo-publico-no-a-la-privatizacion-de-los-servicios-educativos\/"},"author":{"name":"kike","@id":"https:\/\/www.cgtaragonlarioja.org\/fedens\/#\/schema\/person\/dfa7d1616615d62a6d79c9593aa09fc3"},"headline":"26 de junio. Movilizate por la Defensa de lo P\u00fablico: \u00a1No a la Privatizaci\u00f3n de los Servicios Educativos!","datePublished":"2025-06-21T21:28:20+00:00","mainEntityOfPage":{"@id":"https:\/\/www.cgtaragonlarioja.org\/fedens\/26-de-junio-movilizate-por-la-defensa-de-lo-publico-no-a-la-privatizacion-de-los-servicios-educativos\/"},"wordCount":626,"commentCount":0,"publisher":{"@id":"https:\/\/www.cgtaragonlarioja.org\/fedens\/#organization"},"image":{"@id":"https:\/\/www.cgtaragonlarioja.org\/fedens\/26-de-junio-movilizate-por-la-defensa-de-lo-publico-no-a-la-privatizacion-de-los-servicios-educativos\/#primaryimage"},"thumbnailUrl":"https:\/\/www.cgtaragonlarioja.org\/fedens\/files\/2025\/06\/No-a-la-privatizacion.jpg","articleSection":["Movilizaciones","Noticias","Zaragoza"],"inLanguage":"es","potentialAction":[{"@type":"CommentAction","name":"Comment","target":["https:\/\/www.cgtaragonlarioja.org\/fedens\/26-de-junio-movilizate-por-la-defensa-de-lo-publico-no-a-la-privatizacion-de-los-servicios-educativos\/#respond"]}]},{"@type":"WebPage","@id":"https:\/\/www.cgtaragonlarioja.org\/fedens\/26-de-junio-movilizate-por-la-defensa-de-lo-publico-no-a-la-privatizacion-de-los-servicios-educativos\/","url":"https:\/\/www.cgtaragonlarioja.org\/fedens\/26-de-junio-movilizate-por-la-defensa-de-lo-publico-no-a-la-privatizacion-de-los-servicios-educativos\/","name":"26 de junio. Movilizate por la Defensa de lo P\u00fablico: \u00a1No a la Privatizaci\u00f3n de los Servicios Educativos!","isPartOf":{"@id":"https:\/\/www.cgtaragonlarioja.org\/fedens\/#website"},"primaryImageOfPage":{"@id":"https:\/\/www.cgtaragonlarioja.org\/fedens\/26-de-junio-movilizate-por-la-defensa-de-lo-publico-no-a-la-privatizacion-de-los-servicios-educativos\/#primaryimage"},"image":{"@id":"https:\/\/www.cgtaragonlarioja.org\/fedens\/26-de-junio-movilizate-por-la-defensa-de-lo-publico-no-a-la-privatizacion-de-los-servicios-educativos\/#primaryimage"},"thumbnailUrl":"https:\/\/www.cgtaragonlarioja.org\/fedens\/files\/2025\/06\/No-a-la-privatizacion.jpg","datePublished":"2025-06-21T21:28:20+00:00","description":"El pr\u00f3ximo jueves 26 de junio a las 19:30 en Plaza de Espa\u00f1a tenemos una cita para reivindicar desde todas las secciones de CGT Ense\u00f1anza Zaragoza unos","breadcrumb":{"@id":"https:\/\/www.cgtaragonlarioja.org\/fedens\/26-de-junio-movilizate-por-la-defensa-de-lo-publico-no-a-la-privatizacion-de-los-servicios-educativos\/#breadcrumb"},"inLanguage":"es","potentialAction":[{"@type":"ReadAction","target":["https:\/\/www.cgtaragonlarioja.org\/fedens\/26-de-junio-movilizate-por-la-defensa-de-lo-publico-no-a-la-privatizacion-de-los-servicios-educativos\/"]}]},{"@type":"ImageObject","inLanguage":"es","@id":"https:\/\/www.cgtaragonlarioja.org\/fedens\/26-de-junio-movilizate-por-la-defensa-de-lo-publico-no-a-la-privatizacion-de-los-servicios-educativos\/#primaryimage","url":"https:\/\/www.cgtaragonlarioja.org\/fedens\/files\/2025\/06\/No-a-la-privatizacion.jpg","contentUrl":"https:\/\/www.cgtaragonlarioja.org\/fedens\/files\/2025\/06\/No-a-la-privatizacion.jpg","width":904,"height":1280},{"@type":"BreadcrumbList","@id":"https:\/\/www.cgtaragonlarioja.org\/fedens\/26-de-junio-movilizate-por-la-defensa-de-lo-publico-no-a-la-privatizacion-de-los-servicios-educativos\/#breadcrumb","itemListElement":[{"@type":"ListItem","position":1,"name":"Portada","item":"https:\/\/www.cgtaragonlarioja.org\/fedens\/"},{"@type":"ListItem","position":2,"name":"26 de junio. Movilizate por la Defensa de lo P\u00fablico: \u00a1No a la Privatizaci\u00f3n de los Servicios Educativos!"}]},{"@type":"WebSite","@id":"https:\/\/www.cgtaragonlarioja.org\/fedens\/#website","url":"https:\/\/www.cgtaragonlarioja.org\/fedens\/","name":"CGT Arag\u00f3n - La Rioja. ENSE\u00d1ANZA","description":"CONTACTAR: Calatayud-Aranda: 654897973 \/ Huesca: 974238404 \/ Teruel: 978619265 \/ Zaragoza: 976922002","publisher":{"@id":"https:\/\/www.cgtaragonlarioja.org\/fedens\/#organization"},"potentialAction":[{"@type":"SearchAction","target":{"@type":"EntryPoint","urlTemplate":"https:\/\/www.cgtaragonlarioja.org\/fedens\/?s={search_term_string}"},"query-input":{"@type":"PropertyValueSpecification","valueRequired":true,"valueName":"search_term_string"}}],"inLanguage":"es"},{"@type":"Organization","@id":"https:\/\/www.cgtaragonlarioja.org\/fedens\/#organization","name":"CGT Arag\u00f3n y La Rioja - Ense\u00f1anza","url":"https:\/\/www.cgtaragonlarioja.org\/fedens\/","logo":{"@type":"ImageObject","inLanguage":"es","@id":"https:\/\/www.cgtaragonlarioja.org\/fedens\/#\/schema\/logo\/image\/","url":"https:\/\/www.cgtaragonlarioja.org\/fedens\/files\/2021\/02\/logo_cgt_ense_huesca_170x250.png","contentUrl":"https:\/\/www.cgtaragonlarioja.org\/fedens\/files\/2021\/02\/logo_cgt_ense_huesca_170x250.png","width":170,"height":250,"caption":"CGT Arag\u00f3n y La Rioja - Ense\u00f1anza"},"image":{"@id":"https:\/\/www.cgtaragonlarioja.org\/fedens\/#\/schema\/logo\/image\/"},"sameAs":["https:\/\/www.facebook.com\/CGTEnseAragon\/","https:\/\/x.com\/CGTeduAragon"]},{"@type":"Person","@id":"https:\/\/www.cgtaragonlarioja.org\/fedens\/#\/schema\/person\/dfa7d1616615d62a6d79c9593aa09fc3","name":"kike","image":{"@type":"ImageObject","inLanguage":"es","@id":"https:\/\/www.cgtaragonlarioja.org\/fedens\/#\/schema\/person\/image\/","url":"https:\/\/secure.gravatar.com\/avatar\/f1c0788a733c3717c5f8c071e064a9c188df22c90b22388027f4ed27abaa4f3b?s=96&d=mm&r=g","contentUrl":"https:\/\/secure.gravatar.com\/avatar\/f1c0788a733c3717c5f8c071e064a9c188df22c90b22388027f4ed27abaa4f3b?s=96&d=mm&r=g","caption":"kike"},"url":"https:\/\/www.cgtaragonlarioja.org\/fedens\/author\/kike\/"}]}},"_links":{"self":[{"href":"https:\/\/www.cgtaragonlarioja.org\/fedens\/wp-json\/wp\/v2\/posts\/21627","targetHints":{"allow":["GET"]}}],"collection":[{"href":"https:\/\/www.cgtaragonlarioja.org\/fedens\/wp-json\/wp\/v2\/posts"}],"about":[{"href":"https:\/\/www.cgtaragonlarioja.org\/fedens\/wp-json\/wp\/v2\/types\/post"}],"author":[{"embeddable":true,"href":"https:\/\/www.cgtaragonlarioja.org\/fedens\/wp-json\/wp\/v2\/users\/486"}],"replies":[{"embeddable":true,"href":"https:\/\/www.cgtaragonlarioja.org\/fedens\/wp-json\/wp\/v2\/comments?post=21627"}],"version-history":[{"count":1,"href":"https:\/\/www.cgtaragonlarioja.org\/fedens\/wp-json\/wp\/v2\/posts\/21627\/revisions"}],"predecessor-version":[{"id":21629,"href":"https:\/\/www.cgtaragonlarioja.org\/fedens\/wp-json\/wp\/v2\/posts\/21627\/revisions\/21629"}],"wp:featuredmedia":[{"embeddable":true,"href":"https:\/\/www.cgtaragonlarioja.org\/fedens\/wp-json\/wp\/v2\/media\/21628"}],"wp:attachment":[{"href":"https:\/\/www.cgtaragonlarioja.org\/fedens\/wp-json\/wp\/v2\/media?parent=21627"}],"wp:term":[{"taxonomy":"category","embeddable":true,"href":"https:\/\/www.cgtaragonlarioja.org\/fedens\/wp-json\/wp\/v2\/categories?post=21627"},{"taxonomy":"post_tag","embeddable":true,"href":"https:\/\/www.cgtaragonlarioja.org\/fedens\/wp-json\/wp\/v2\/tags?post=21627"}],"curies":[{"name":"wp","href":"https:\/\/api.w.org\/{rel}","templated":true}]}}