{"id":21622,"date":"2025-06-20T12:47:39","date_gmt":"2025-06-20T10:47:39","guid":{"rendered":"https:\/\/www.cgtaragonlarioja.org\/fedens\/?p=21622"},"modified":"2025-06-20T12:47:39","modified_gmt":"2025-06-20T10:47:39","slug":"huelga-26-de-junio-en-el-sector-de-proteccion-y-reforma-juvenil","status":"publish","type":"post","link":"https:\/\/www.cgtaragonlarioja.org\/fedens\/huelga-26-de-junio-en-el-sector-de-proteccion-y-reforma-juvenil\/","title":{"rendered":"HUELGA 26 de JUNIO EN EL SECTOR DE PROTECCI\u00d3N Y REFORMA JUVENIL"},"content":{"rendered":"<p>Finaliza la campa\u00f1a de concentraciones en las empresas del sector: <strong>nos dirigimos hacia la huelga del 26 de junio.<\/strong><\/p>\n<p>Los sindicatos CGT, UGT y CCOO damos por finalizada la campa\u00f1a de concentraciones frente a las sedes de las empresas del sector de reforma y protecci\u00f3n juvenil en Arag\u00f3n, tras haber se\u00f1alado de forma p\u00fablica y directa a Fundaci\u00f3n Rey Ardid, Fundaci\u00f3n Kairos, Aldeas Infantiles SOS, YMCA y Fundaci\u00f3n Federico Ozanam.<\/p>\n<p>Durante estas semanas se han denunciado las condiciones de precariedad, abandono institucional y riesgo real en que trabajan quienes sostienen d\u00eda a d\u00eda los centros de protecci\u00f3n y reforma juvenil en Arag\u00f3n. Se ha insistido en la responsabilidad de las empresas, que siguen obteniendo beneficios mientras se niegan a asumir compromisos concretos en la negociaci\u00f3n del Convenio Auton\u00f3mico.<\/p>\n<p>Nos enfrentamos a la misma pasividad de siempre, a pesar de los episodios recientes de violencia y de una situaci\u00f3n de agotamiento extremo del personal. A d\u00eda de hoy:<\/p>\n<p>No ha habido ninguna propuesta seria por parte de la patronal.<\/p>\n<p>&nbsp;<\/p>\n<p>\ud83d\udea8 El 23 de junio tendr\u00e1 lugar un acto de conciliaci\u00f3n.\u00a0Si no hay avances reales y verificables, los sindicatos se reservan el derecho a proponer medidas m\u00e1s contundentes a su asamblea de trabajadores.<\/p>\n<p>&nbsp;<\/p>\n<p>\ud83d\uded1 Por eso, nos encaminamos con firmeza hacia una jornada de huelga en las tres provincias el pr\u00f3ximo:<\/p>\n<p>\ud83d\udcc5 <strong>26 de junio<\/strong><br \/>\n\ud83d\udd34 <strong>HUELGA<\/strong> en todo el sector de protecci\u00f3n y reforma juvenil de Arag\u00f3n<\/p>\n<p>\ud83d\udd34 <strong>CONCENTRACIONES DE APOYO<\/strong> A NUESTROS COMPA\u00d1EROS Y COMPA\u00d1ERAS<\/p>\n<p style=\"padding-left: 40px\">\ud83d\udea8 Zaragoza: Plaza Espa\u00f1a, 18:00 horas<\/p>\n<p style=\"padding-left: 40px\">\ud83d\udea8 Huesca: Av. Juan XXIII, 2. 10:00 horas<\/p>\n<p style=\"padding-left: 40px\">\ud83d\udea8 Teruel: Calle Sanz Gadea, 11. 10:00 horas<\/p>\n<p>&nbsp;<\/p>\n<p>&nbsp;<\/p>\n<p>&nbsp;<\/p>\n","protected":false},"excerpt":{"rendered":"<p>Finaliza la campa\u00f1a de concentraciones en las empresas del sector: nos dirigimos hacia la huelga<\/p>\n","protected":false},"author":486,"featured_media":21623,"comment_status":"open","ping_status":"open","sticky":false,"template":"","format":"standard","meta":{"footnotes":""},"categories":[570,506,702,480],"tags":[],"class_list":["post-21622","post","type-post","status-publish","format-standard","has-post-thumbnail","hentry","category-destacamos","category-educacion-social","category-movilizaciones","category-noticias"],"yoast_head":"<!-- This site is optimized with the Yoast SEO plugin v26.7 - https:\/\/yoast.com\/wordpress\/plugins\/seo\/ -->\n<title>HUELGA 26 de JUNIO EN EL SECTOR DE PROTECCI\u00d3N Y REFORMA JUVENIL<\/title>\n<meta name=\"description\" content=\"Finaliza la campa\u00f1a de concentraciones en las empresas del sector: nos dirigimos hacia la huelga del 26 de junio. Los sindicatos CGT, UGT y CCOO damos por\" \/>\n<meta name=\"robots\" content=\"index, follow, max-snippet:-1, max-image-preview:large, max-video-preview:-1\" \/>\n<link rel=\"canonical\" href=\"https:\/\/www.cgtaragonlarioja.org\/fedens\/huelga-26-de-junio-en-el-sector-de-proteccion-y-reforma-juvenil\/\" \/>\n<meta property=\"og:locale\" content=\"es_ES\" \/>\n<meta property=\"og:type\" content=\"article\" \/>\n<meta property=\"og:title\" content=\"HUELGA 26 de JUNIO EN EL SECTOR DE PROTECCI\u00d3N Y REFORMA JUVENIL\" \/>\n<meta property=\"og:description\" content=\"Finaliza la campa\u00f1a de concentraciones en las empresas del sector: nos dirigimos hacia la huelga del 26 de junio. Los sindicatos CGT, UGT y CCOO damos por\" \/>\n<meta property=\"og:url\" content=\"https:\/\/www.cgtaragonlarioja.org\/fedens\/huelga-26-de-junio-en-el-sector-de-proteccion-y-reforma-juvenil\/\" \/>\n<meta property=\"og:site_name\" content=\"CGT Arag\u00f3n - La Rioja. ENSE\u00d1ANZA\" \/>\n<meta property=\"article:publisher\" content=\"https:\/\/www.facebook.com\/CGTEnseAragon\/\" \/>\n<meta property=\"article:published_time\" content=\"2025-06-20T10:47:39+00:00\" \/>\n<meta property=\"og:image\" content=\"https:\/\/www.cgtaragonlarioja.org\/fedens\/files\/2025\/06\/HUELGA-PROTECCION-Y-REFORMA.jpg\" \/>\n\t<meta property=\"og:image:width\" content=\"895\" \/>\n\t<meta property=\"og:image:height\" content=\"1280\" \/>\n\t<meta property=\"og:image:type\" content=\"image\/jpeg\" \/>\n<meta name=\"author\" content=\"kike\" \/>\n<meta name=\"twitter:card\" content=\"summary_large_image\" \/>\n<meta name=\"twitter:creator\" content=\"@CGTeduAragon\" \/>\n<meta name=\"twitter:site\" content=\"@CGTeduAragon\" \/>\n<meta name=\"twitter:label1\" content=\"Escrito por\" \/>\n\t<meta name=\"twitter:data1\" content=\"kike\" \/>\n\t<meta name=\"twitter:label2\" content=\"Tiempo de lectura\" \/>\n\t<meta name=\"twitter:data2\" content=\"2 minutos\" \/>\n<script type=\"application\/ld+json\" class=\"yoast-schema-graph\">{\"@context\":\"https:\/\/schema.org\",\"@graph\":[{\"@type\":\"Article\",\"@id\":\"https:\/\/www.cgtaragonlarioja.org\/fedens\/huelga-26-de-junio-en-el-sector-de-proteccion-y-reforma-juvenil\/#article\",\"isPartOf\":{\"@id\":\"https:\/\/www.cgtaragonlarioja.org\/fedens\/huelga-26-de-junio-en-el-sector-de-proteccion-y-reforma-juvenil\/\"},\"author\":{\"name\":\"kike\",\"@id\":\"https:\/\/www.cgtaragonlarioja.org\/fedens\/#\/schema\/person\/dfa7d1616615d62a6d79c9593aa09fc3\"},\"headline\":\"HUELGA 26 de JUNIO EN EL SECTOR DE PROTECCI\u00d3N Y REFORMA JUVENIL\",\"datePublished\":\"2025-06-20T10:47:39+00:00\",\"mainEntityOfPage\":{\"@id\":\"https:\/\/www.cgtaragonlarioja.org\/fedens\/huelga-26-de-junio-en-el-sector-de-proteccion-y-reforma-juvenil\/\"},\"wordCount\":294,\"commentCount\":0,\"publisher\":{\"@id\":\"https:\/\/www.cgtaragonlarioja.org\/fedens\/#organization\"},\"image\":{\"@id\":\"https:\/\/www.cgtaragonlarioja.org\/fedens\/huelga-26-de-junio-en-el-sector-de-proteccion-y-reforma-juvenil\/#primaryimage\"},\"thumbnailUrl\":\"https:\/\/www.cgtaragonlarioja.org\/fedens\/files\/2025\/06\/HUELGA-PROTECCION-Y-REFORMA.jpg\",\"articleSection\":[\"Destacamos\",\"Educaci\u00f3n Social\",\"Movilizaciones\",\"Noticias\"],\"inLanguage\":\"es\",\"potentialAction\":[{\"@type\":\"CommentAction\",\"name\":\"Comment\",\"target\":[\"https:\/\/www.cgtaragonlarioja.org\/fedens\/huelga-26-de-junio-en-el-sector-de-proteccion-y-reforma-juvenil\/#respond\"]}]},{\"@type\":\"WebPage\",\"@id\":\"https:\/\/www.cgtaragonlarioja.org\/fedens\/huelga-26-de-junio-en-el-sector-de-proteccion-y-reforma-juvenil\/\",\"url\":\"https:\/\/www.cgtaragonlarioja.org\/fedens\/huelga-26-de-junio-en-el-sector-de-proteccion-y-reforma-juvenil\/\",\"name\":\"HUELGA 26 de JUNIO EN EL SECTOR DE PROTECCI\u00d3N Y REFORMA JUVENIL\",\"isPartOf\":{\"@id\":\"https:\/\/www.cgtaragonlarioja.org\/fedens\/#website\"},\"primaryImageOfPage\":{\"@id\":\"https:\/\/www.cgtaragonlarioja.org\/fedens\/huelga-26-de-junio-en-el-sector-de-proteccion-y-reforma-juvenil\/#primaryimage\"},\"image\":{\"@id\":\"https:\/\/www.cgtaragonlarioja.org\/fedens\/huelga-26-de-junio-en-el-sector-de-proteccion-y-reforma-juvenil\/#primaryimage\"},\"thumbnailUrl\":\"https:\/\/www.cgtaragonlarioja.org\/fedens\/files\/2025\/06\/HUELGA-PROTECCION-Y-REFORMA.jpg\",\"datePublished\":\"2025-06-20T10:47:39+00:00\",\"description\":\"Finaliza la campa\u00f1a de concentraciones en las empresas del sector: nos dirigimos hacia la huelga del 26 de junio. Los sindicatos CGT, UGT y CCOO damos por\",\"breadcrumb\":{\"@id\":\"https:\/\/www.cgtaragonlarioja.org\/fedens\/huelga-26-de-junio-en-el-sector-de-proteccion-y-reforma-juvenil\/#breadcrumb\"},\"inLanguage\":\"es\",\"potentialAction\":[{\"@type\":\"ReadAction\",\"target\":[\"https:\/\/www.cgtaragonlarioja.org\/fedens\/huelga-26-de-junio-en-el-sector-de-proteccion-y-reforma-juvenil\/\"]}]},{\"@type\":\"ImageObject\",\"inLanguage\":\"es\",\"@id\":\"https:\/\/www.cgtaragonlarioja.org\/fedens\/huelga-26-de-junio-en-el-sector-de-proteccion-y-reforma-juvenil\/#primaryimage\",\"url\":\"https:\/\/www.cgtaragonlarioja.org\/fedens\/files\/2025\/06\/HUELGA-PROTECCION-Y-REFORMA.jpg\",\"contentUrl\":\"https:\/\/www.cgtaragonlarioja.org\/fedens\/files\/2025\/06\/HUELGA-PROTECCION-Y-REFORMA.jpg\",\"width\":895,\"height\":1280},{\"@type\":\"BreadcrumbList\",\"@id\":\"https:\/\/www.cgtaragonlarioja.org\/fedens\/huelga-26-de-junio-en-el-sector-de-proteccion-y-reforma-juvenil\/#breadcrumb\",\"itemListElement\":[{\"@type\":\"ListItem\",\"position\":1,\"name\":\"Portada\",\"item\":\"https:\/\/www.cgtaragonlarioja.org\/fedens\/\"},{\"@type\":\"ListItem\",\"position\":2,\"name\":\"HUELGA 26 de JUNIO EN EL SECTOR DE PROTECCI\u00d3N Y REFORMA JUVENIL\"}]},{\"@type\":\"WebSite\",\"@id\":\"https:\/\/www.cgtaragonlarioja.org\/fedens\/#website\",\"url\":\"https:\/\/www.cgtaragonlarioja.org\/fedens\/\",\"name\":\"CGT Arag\u00f3n - La Rioja. ENSE\u00d1ANZA\",\"description\":\"CONTACTAR: Calatayud-Aranda: 654897973 \/ Huesca: 974238404 \/ Teruel: 978619265 \/ Zaragoza: 976922002\",\"publisher\":{\"@id\":\"https:\/\/www.cgtaragonlarioja.org\/fedens\/#organization\"},\"potentialAction\":[{\"@type\":\"SearchAction\",\"target\":{\"@type\":\"EntryPoint\",\"urlTemplate\":\"https:\/\/www.cgtaragonlarioja.org\/fedens\/?s={search_term_string}\"},\"query-input\":{\"@type\":\"PropertyValueSpecification\",\"valueRequired\":true,\"valueName\":\"search_term_string\"}}],\"inLanguage\":\"es\"},{\"@type\":\"Organization\",\"@id\":\"https:\/\/www.cgtaragonlarioja.org\/fedens\/#organization\",\"name\":\"CGT Arag\u00f3n y La Rioja - Ense\u00f1anza\",\"url\":\"https:\/\/www.cgtaragonlarioja.org\/fedens\/\",\"logo\":{\"@type\":\"ImageObject\",\"inLanguage\":\"es\",\"@id\":\"https:\/\/www.cgtaragonlarioja.org\/fedens\/#\/schema\/logo\/image\/\",\"url\":\"https:\/\/www.cgtaragonlarioja.org\/fedens\/files\/2021\/02\/logo_cgt_ense_huesca_170x250.png\",\"contentUrl\":\"https:\/\/www.cgtaragonlarioja.org\/fedens\/files\/2021\/02\/logo_cgt_ense_huesca_170x250.png\",\"width\":170,\"height\":250,\"caption\":\"CGT Arag\u00f3n y La Rioja - Ense\u00f1anza\"},\"image\":{\"@id\":\"https:\/\/www.cgtaragonlarioja.org\/fedens\/#\/schema\/logo\/image\/\"},\"sameAs\":[\"https:\/\/www.facebook.com\/CGTEnseAragon\/\",\"https:\/\/x.com\/CGTeduAragon\"]},{\"@type\":\"Person\",\"@id\":\"https:\/\/www.cgtaragonlarioja.org\/fedens\/#\/schema\/person\/dfa7d1616615d62a6d79c9593aa09fc3\",\"name\":\"kike\",\"image\":{\"@type\":\"ImageObject\",\"inLanguage\":\"es\",\"@id\":\"https:\/\/www.cgtaragonlarioja.org\/fedens\/#\/schema\/person\/image\/\",\"url\":\"https:\/\/secure.gravatar.com\/avatar\/f1c0788a733c3717c5f8c071e064a9c188df22c90b22388027f4ed27abaa4f3b?s=96&d=mm&r=g\",\"contentUrl\":\"https:\/\/secure.gravatar.com\/avatar\/f1c0788a733c3717c5f8c071e064a9c188df22c90b22388027f4ed27abaa4f3b?s=96&d=mm&r=g\",\"caption\":\"kike\"},\"url\":\"https:\/\/www.cgtaragonlarioja.org\/fedens\/author\/kike\/\"}]}<\/script>\n<!-- \/ Yoast SEO plugin. -->","yoast_head_json":{"title":"HUELGA 26 de JUNIO EN EL SECTOR DE PROTECCI\u00d3N Y REFORMA JUVENIL","description":"Finaliza la campa\u00f1a de concentraciones en las empresas del sector: nos dirigimos hacia la huelga del 26 de junio. Los sindicatos CGT, UGT y CCOO damos por","robots":{"index":"index","follow":"follow","max-snippet":"max-snippet:-1","max-image-preview":"max-image-preview:large","max-video-preview":"max-video-preview:-1"},"canonical":"https:\/\/www.cgtaragonlarioja.org\/fedens\/huelga-26-de-junio-en-el-sector-de-proteccion-y-reforma-juvenil\/","og_locale":"es_ES","og_type":"article","og_title":"HUELGA 26 de JUNIO EN EL SECTOR DE PROTECCI\u00d3N Y REFORMA JUVENIL","og_description":"Finaliza la campa\u00f1a de concentraciones en las empresas del sector: nos dirigimos hacia la huelga del 26 de junio. Los sindicatos CGT, UGT y CCOO damos por","og_url":"https:\/\/www.cgtaragonlarioja.org\/fedens\/huelga-26-de-junio-en-el-sector-de-proteccion-y-reforma-juvenil\/","og_site_name":"CGT Arag\u00f3n - La Rioja. ENSE\u00d1ANZA","article_publisher":"https:\/\/www.facebook.com\/CGTEnseAragon\/","article_published_time":"2025-06-20T10:47:39+00:00","og_image":[{"width":895,"height":1280,"url":"https:\/\/www.cgtaragonlarioja.org\/fedens\/files\/2025\/06\/HUELGA-PROTECCION-Y-REFORMA.jpg","type":"image\/jpeg"}],"author":"kike","twitter_card":"summary_large_image","twitter_creator":"@CGTeduAragon","twitter_site":"@CGTeduAragon","twitter_misc":{"Escrito por":"kike","Tiempo de lectura":"2 minutos"},"schema":{"@context":"https:\/\/schema.org","@graph":[{"@type":"Article","@id":"https:\/\/www.cgtaragonlarioja.org\/fedens\/huelga-26-de-junio-en-el-sector-de-proteccion-y-reforma-juvenil\/#article","isPartOf":{"@id":"https:\/\/www.cgtaragonlarioja.org\/fedens\/huelga-26-de-junio-en-el-sector-de-proteccion-y-reforma-juvenil\/"},"author":{"name":"kike","@id":"https:\/\/www.cgtaragonlarioja.org\/fedens\/#\/schema\/person\/dfa7d1616615d62a6d79c9593aa09fc3"},"headline":"HUELGA 26 de JUNIO EN EL SECTOR DE PROTECCI\u00d3N Y REFORMA JUVENIL","datePublished":"2025-06-20T10:47:39+00:00","mainEntityOfPage":{"@id":"https:\/\/www.cgtaragonlarioja.org\/fedens\/huelga-26-de-junio-en-el-sector-de-proteccion-y-reforma-juvenil\/"},"wordCount":294,"commentCount":0,"publisher":{"@id":"https:\/\/www.cgtaragonlarioja.org\/fedens\/#organization"},"image":{"@id":"https:\/\/www.cgtaragonlarioja.org\/fedens\/huelga-26-de-junio-en-el-sector-de-proteccion-y-reforma-juvenil\/#primaryimage"},"thumbnailUrl":"https:\/\/www.cgtaragonlarioja.org\/fedens\/files\/2025\/06\/HUELGA-PROTECCION-Y-REFORMA.jpg","articleSection":["Destacamos","Educaci\u00f3n Social","Movilizaciones","Noticias"],"inLanguage":"es","potentialAction":[{"@type":"CommentAction","name":"Comment","target":["https:\/\/www.cgtaragonlarioja.org\/fedens\/huelga-26-de-junio-en-el-sector-de-proteccion-y-reforma-juvenil\/#respond"]}]},{"@type":"WebPage","@id":"https:\/\/www.cgtaragonlarioja.org\/fedens\/huelga-26-de-junio-en-el-sector-de-proteccion-y-reforma-juvenil\/","url":"https:\/\/www.cgtaragonlarioja.org\/fedens\/huelga-26-de-junio-en-el-sector-de-proteccion-y-reforma-juvenil\/","name":"HUELGA 26 de JUNIO EN EL SECTOR DE PROTECCI\u00d3N Y REFORMA JUVENIL","isPartOf":{"@id":"https:\/\/www.cgtaragonlarioja.org\/fedens\/#website"},"primaryImageOfPage":{"@id":"https:\/\/www.cgtaragonlarioja.org\/fedens\/huelga-26-de-junio-en-el-sector-de-proteccion-y-reforma-juvenil\/#primaryimage"},"image":{"@id":"https:\/\/www.cgtaragonlarioja.org\/fedens\/huelga-26-de-junio-en-el-sector-de-proteccion-y-reforma-juvenil\/#primaryimage"},"thumbnailUrl":"https:\/\/www.cgtaragonlarioja.org\/fedens\/files\/2025\/06\/HUELGA-PROTECCION-Y-REFORMA.jpg","datePublished":"2025-06-20T10:47:39+00:00","description":"Finaliza la campa\u00f1a de concentraciones en las empresas del sector: nos dirigimos hacia la huelga del 26 de junio. Los sindicatos CGT, UGT y CCOO damos por","breadcrumb":{"@id":"https:\/\/www.cgtaragonlarioja.org\/fedens\/huelga-26-de-junio-en-el-sector-de-proteccion-y-reforma-juvenil\/#breadcrumb"},"inLanguage":"es","potentialAction":[{"@type":"ReadAction","target":["https:\/\/www.cgtaragonlarioja.org\/fedens\/huelga-26-de-junio-en-el-sector-de-proteccion-y-reforma-juvenil\/"]}]},{"@type":"ImageObject","inLanguage":"es","@id":"https:\/\/www.cgtaragonlarioja.org\/fedens\/huelga-26-de-junio-en-el-sector-de-proteccion-y-reforma-juvenil\/#primaryimage","url":"https:\/\/www.cgtaragonlarioja.org\/fedens\/files\/2025\/06\/HUELGA-PROTECCION-Y-REFORMA.jpg","contentUrl":"https:\/\/www.cgtaragonlarioja.org\/fedens\/files\/2025\/06\/HUELGA-PROTECCION-Y-REFORMA.jpg","width":895,"height":1280},{"@type":"BreadcrumbList","@id":"https:\/\/www.cgtaragonlarioja.org\/fedens\/huelga-26-de-junio-en-el-sector-de-proteccion-y-reforma-juvenil\/#breadcrumb","itemListElement":[{"@type":"ListItem","position":1,"name":"Portada","item":"https:\/\/www.cgtaragonlarioja.org\/fedens\/"},{"@type":"ListItem","position":2,"name":"HUELGA 26 de JUNIO EN EL SECTOR DE PROTECCI\u00d3N Y REFORMA JUVENIL"}]},{"@type":"WebSite","@id":"https:\/\/www.cgtaragonlarioja.org\/fedens\/#website","url":"https:\/\/www.cgtaragonlarioja.org\/fedens\/","name":"CGT Arag\u00f3n - La Rioja. ENSE\u00d1ANZA","description":"CONTACTAR: Calatayud-Aranda: 654897973 \/ Huesca: 974238404 \/ Teruel: 978619265 \/ Zaragoza: 976922002","publisher":{"@id":"https:\/\/www.cgtaragonlarioja.org\/fedens\/#organization"},"potentialAction":[{"@type":"SearchAction","target":{"@type":"EntryPoint","urlTemplate":"https:\/\/www.cgtaragonlarioja.org\/fedens\/?s={search_term_string}"},"query-input":{"@type":"PropertyValueSpecification","valueRequired":true,"valueName":"search_term_string"}}],"inLanguage":"es"},{"@type":"Organization","@id":"https:\/\/www.cgtaragonlarioja.org\/fedens\/#organization","name":"CGT Arag\u00f3n y La Rioja - Ense\u00f1anza","url":"https:\/\/www.cgtaragonlarioja.org\/fedens\/","logo":{"@type":"ImageObject","inLanguage":"es","@id":"https:\/\/www.cgtaragonlarioja.org\/fedens\/#\/schema\/logo\/image\/","url":"https:\/\/www.cgtaragonlarioja.org\/fedens\/files\/2021\/02\/logo_cgt_ense_huesca_170x250.png","contentUrl":"https:\/\/www.cgtaragonlarioja.org\/fedens\/files\/2021\/02\/logo_cgt_ense_huesca_170x250.png","width":170,"height":250,"caption":"CGT Arag\u00f3n y La Rioja - Ense\u00f1anza"},"image":{"@id":"https:\/\/www.cgtaragonlarioja.org\/fedens\/#\/schema\/logo\/image\/"},"sameAs":["https:\/\/www.facebook.com\/CGTEnseAragon\/","https:\/\/x.com\/CGTeduAragon"]},{"@type":"Person","@id":"https:\/\/www.cgtaragonlarioja.org\/fedens\/#\/schema\/person\/dfa7d1616615d62a6d79c9593aa09fc3","name":"kike","image":{"@type":"ImageObject","inLanguage":"es","@id":"https:\/\/www.cgtaragonlarioja.org\/fedens\/#\/schema\/person\/image\/","url":"https:\/\/secure.gravatar.com\/avatar\/f1c0788a733c3717c5f8c071e064a9c188df22c90b22388027f4ed27abaa4f3b?s=96&d=mm&r=g","contentUrl":"https:\/\/secure.gravatar.com\/avatar\/f1c0788a733c3717c5f8c071e064a9c188df22c90b22388027f4ed27abaa4f3b?s=96&d=mm&r=g","caption":"kike"},"url":"https:\/\/www.cgtaragonlarioja.org\/fedens\/author\/kike\/"}]}},"_links":{"self":[{"href":"https:\/\/www.cgtaragonlarioja.org\/fedens\/wp-json\/wp\/v2\/posts\/21622","targetHints":{"allow":["GET"]}}],"collection":[{"href":"https:\/\/www.cgtaragonlarioja.org\/fedens\/wp-json\/wp\/v2\/posts"}],"about":[{"href":"https:\/\/www.cgtaragonlarioja.org\/fedens\/wp-json\/wp\/v2\/types\/post"}],"author":[{"embeddable":true,"href":"https:\/\/www.cgtaragonlarioja.org\/fedens\/wp-json\/wp\/v2\/users\/486"}],"replies":[{"embeddable":true,"href":"https:\/\/www.cgtaragonlarioja.org\/fedens\/wp-json\/wp\/v2\/comments?post=21622"}],"version-history":[{"count":2,"href":"https:\/\/www.cgtaragonlarioja.org\/fedens\/wp-json\/wp\/v2\/posts\/21622\/revisions"}],"predecessor-version":[{"id":21626,"href":"https:\/\/www.cgtaragonlarioja.org\/fedens\/wp-json\/wp\/v2\/posts\/21622\/revisions\/21626"}],"wp:featuredmedia":[{"embeddable":true,"href":"https:\/\/www.cgtaragonlarioja.org\/fedens\/wp-json\/wp\/v2\/media\/21623"}],"wp:attachment":[{"href":"https:\/\/www.cgtaragonlarioja.org\/fedens\/wp-json\/wp\/v2\/media?parent=21622"}],"wp:term":[{"taxonomy":"category","embeddable":true,"href":"https:\/\/www.cgtaragonlarioja.org\/fedens\/wp-json\/wp\/v2\/categories?post=21622"},{"taxonomy":"post_tag","embeddable":true,"href":"https:\/\/www.cgtaragonlarioja.org\/fedens\/wp-json\/wp\/v2\/tags?post=21622"}],"curies":[{"name":"wp","href":"https:\/\/api.w.org\/{rel}","templated":true}]}}