{"id":21586,"date":"2025-06-10T10:07:26","date_gmt":"2025-06-10T08:07:26","guid":{"rendered":"https:\/\/www.cgtaragonlarioja.org\/fedens\/?p=21586"},"modified":"2025-06-10T10:07:26","modified_gmt":"2025-06-10T08:07:26","slug":"los-ceos-de-las-grandes-empresas-ia-llevan-ya-mucho-cargando-contra-los-profesores-humanos-no-tiene-nada-de-casual","status":"publish","type":"post","link":"https:\/\/www.cgtaragonlarioja.org\/fedens\/los-ceos-de-las-grandes-empresas-ia-llevan-ya-mucho-cargando-contra-los-profesores-humanos-no-tiene-nada-de-casual\/","title":{"rendered":"Los CEOs de las grandes empresas IA llevan ya mucho cargando contra los profesores humanos. No tiene nada de casual"},"content":{"rendered":"<section class=\"post-entradilla\">\n<div class=\"post-entradilla-inner\">\n<ul>\n<li><strong>La educaci\u00f3n tradicional lleva a\u00f1os sugiriendo c\u00f3mo la tecnolog\u00eda iba a revolucionarla<\/strong><\/li>\n<li><strong>Las tabletas han provocado <a href=\"https:\/\/www.xataka.com\/empresas-y-economia\/contrarrevolucion-digital-llega-a-aulas-siete-comunidades-dan-marcha-atras-pantallas-marcan-cambio-tendencia\">el efecto contrario<\/a> al esperado: ahora la esperanza de las empresas es convertir a la IA en una profesora 24\/7<\/strong><\/li>\n<\/ul>\n<p><strong>JAVIER PASTOR<\/strong><\/p>\n<p>Todos quisi\u00e9ramos tener a un <a class=\"text-outboundlink\" href=\"https:\/\/www.espinof.com\/criticas\/peter-weir-el-club-de-los-poetas-muertos-carpe-diem\" data-vars-post-title=\"Peter Weir: 'El club de los poetas muertos', \u00a1carpe diem!\" data-vars-post-url=\"https:\/\/www.espinof.com\/criticas\/peter-weir-el-club-de-los-poetas-muertos-carpe-diem\">profesor Keating<\/a> en nuestras vidas. Uno que nos hiciera subirnos a los pupitres para ver las cosas desde una perspectiva distinta y que nos ense\u00f1ara que la lecci\u00f3n m\u00e1s importante que tiene para nosotros se resume en las palabras \u00abcarpe diem\u00bb. Hay muy pocos que se acerquen a esa imagen, pero a todos ellos, malos o buenos, les amenaza el mismo futuro que a <a class=\"text-outboundlink\" href=\"https:\/\/www.xataka.com.mx\/robotica-e-ia\/me-quedan-tres-anos-trabajo-cada-vez-directivos-ia-piensa-que-inteligencia-artificial-les-quitara-su-empleo\" data-vars-post-title=\" &quot;Me quedan tres a\u00f1os de trabajo&quot;: cada vez m\u00e1s directivos de IA piensan que la inteligencia artificial les quitar\u00e1 su empleo\" data-vars-post-url=\"https:\/\/www.xataka.com.mx\/robotica-e-ia\/me-quedan-tres-anos-trabajo-cada-vez-directivos-ia-piensa-que-inteligencia-artificial-les-quitara-su-empleo\">otras profesiones<\/a>: ser reemplazados por una IA.<\/p>\n<p><strong>Profesor 24\/7<\/strong>. La narrativa de varias empresas de IA es clara: el profesor humano es un cuello de botella. Cada uno de ellos atiende a muchos estudiantes, sus conocimientos son limitados y su disponibilidad finita. La IA, aseguran esas empresas, <a class=\"text-outboundlink\" href=\"https:\/\/www.xataka.com\/robotica-e-ia\/humanos-no-seran-necesarios-para-mayoria-cosas-bill-gates-no-cree-que-medicos-profesores-tengan-futuro\" data-vars-post-title=\"&quot;Los humanos no ser\u00e1n necesarios para la mayor\u00eda de las cosas&quot;: Bill Gates no cree que m\u00e9dicos y profesores tengan futuro\" data-vars-post-url=\"https:\/\/www.xataka.com\/robotica-e-ia\/humanos-no-seran-necesarios-para-mayoria-cosas-bill-gates-no-cree-que-medicos-profesores-tengan-futuro\">plantea una alternativa notable<\/a>. Profesores personalizados 24\/7 con paciencia infinita y acceso a todo el conocimiento del mundo. Hay un problema claro: ese mensaje deval\u00faa la funci\u00f3n del docente como gu\u00eda, mentor y catalizador de la curiosidad y lo reduce a un mero transmisor de informaci\u00f3n.<\/p>\n<p><strong>Evaluaciones continuas<\/strong>. Otro de los pilares del sistema educativo \u2014y una de las tareas que m\u00e1s consume al profesorado\u2014 es <a class=\"text-outboundlink\" href=\"https:\/\/www.xataka.com\/magnet\/que-nota-sacarias-en-un-examen-escolar-del-siglo-xix-ahora-podemos-saberlo\" data-vars-post-title=\"\u00bfQu\u00e9 nota sacar\u00edas en un examen escolar del siglo XIX? Ahora podemos saberlo\" data-vars-post-url=\"https:\/\/www.xataka.com\/magnet\/que-nota-sacarias-en-un-examen-escolar-del-siglo-xix-ahora-podemos-saberlo\">la evaluaci\u00f3n del alumno<\/a>. La IA promete corregir de forma eficiente, masiva e inmediata, liberando al profesor para otras tareas. Pero de nuevo en la evaluaci\u00f3n humana hay mucho m\u00e1s que una mera correcci\u00f3n de errores. Se eval\u00faa el esfuerzo, el proceso de razonamiento, la creatividad, la originalidad o incluso el contexto personal del estudiante. Los sesgos tambi\u00e9n plantean una amenaza clara para esas evaluaciones, adem\u00e1s de promoverse un modelo <a class=\"text-outboundlink\" href=\"https:\/\/www.xataka.com\/robotica-e-ia\/gpt-4-acaba-volver-obsoletos-examenes-tradicionales-eso-incluye-nivel-universitario\" data-vars-post-title=\"GPT-4 acaba de volver obsoletos los ex\u00e1menes tradicionales (y eso incluye los de nivel universitario)\" data-vars-post-url=\"https:\/\/www.xataka.com\/robotica-e-ia\/gpt-4-acaba-volver-obsoletos-examenes-tradicionales-eso-incluye-nivel-universitario\">basado en la respuesta correcta<\/a> y no en el proceso reflexivo.<\/p>\n<p><strong>Mi cole es OpenAI<\/strong>. Hasta ahora los colegios, universidades y otras instituciones acad\u00e9micas son los garantes de un curr\u00edculu te\u00f3ricamente coherente y de calidad. El planteamiento de las empresas de IA ser\u00eda el de <a class=\"text-outboundlink\" href=\"https:\/\/www.xataka.com\/robotica-e-ia\/china-tiene-plan-para-ganar-carrera-ia-sus-alumnos-tendran-cursos-ia-cole\" data-vars-post-title=\"China est\u00e1 planificando su futuro en tres dimensiones. Por eso va a poner una asignatura de IA en los colegios\" data-vars-post-url=\"https:\/\/www.xataka.com\/robotica-e-ia\/china-tiene-plan-para-ganar-carrera-ia-sus-alumnos-tendran-cursos-ia-cole\">convertirse ellas<\/a> en \u00abguardianas del conocimiento\u00bb decidiendo qu\u00e9 es importante aprender y c\u00f3mo. El riesgo: llevar a una educaci\u00f3n fragmentada y dictada por los intereses del mercado, erosionando el papel de la educaci\u00f3n como pilar de la sociedad.<\/p>\n<p><strong>Amenaza para las humanidades<\/strong>. La IA tambi\u00e9n plantea la irrelevancia de la memorizaci\u00f3n \u2014laIA ya nos puede dar respuesta a todo el conocimiento conocido\u2014 y apuesta por habilidades como el \u00ab<a class=\"text-outboundlink\" href=\"https:\/\/www.xataka.com\/robotica-e-ia\/ia-ha-generado-nuevo-trabajo-moda-muy-bien-pagado-industria-tecnologica-prompt-engineer\" data-vars-post-title=\"La IA ya ha generado el nuevo trabajo de moda (con salariazo) en la industria tecnol\u00f3gica: &quot;prompt engineer&quot;\" data-vars-post-url=\"https:\/\/www.xataka.com\/robotica-e-ia\/ia-ha-generado-nuevo-trabajo-moda-muy-bien-pagado-industria-tecnologica-prompt-engineer\">prompt engineering<\/a>\u00bb (saber preguntarle cosas a la IA) o las <a class=\"text-outboundlink\" href=\"https:\/\/www.xataka.com\/magnet\/arranque-nuevo-curso-ha-destapado-gran-problema-educacion-espana-faltan-profesores-cualificados-stem\" data-vars-post-title=\"El arranque del nuevo curso ha destapado un gran problema en la educaci\u00f3n en Espa\u00f1a: faltan profesores cualificados en STEM\" data-vars-post-url=\"https:\/\/www.xataka.com\/magnet\/arranque-nuevo-curso-ha-destapado-gran-problema-educacion-espana-faltan-profesores-cualificados-stem\">materias t\u00e9cnicas<\/a> (STEM). Eso sugiere un claro impacto a las materias de humanidades y al pensamiento cr\u00edtico que no aplicamos directamente. Campos como la filosof\u00eda, el arte o las habilidades sociales, dif\u00edcilmente cuantificables, pasar\u00edan a un segundo plano. El objetivo no ser\u00eda tanto formar como preparar trabajadores para la industria tecnol\u00f3gica.<\/p>\n<p><strong>Adi\u00f3s a la inversi\u00f3n social<\/strong>. Las empresas que apuestan por ese modelo tienen un objetivo claro: escalar y ser rentables. La tecnolog\u00eda de IA aplicada a la educaci\u00f3n promete mucho ahorro (menos infraestructuras f\u00edsicas, menos profesores) y un negocio altamente escalable. Pero tambi\u00e9n impone una preocupante revoluci\u00f3n a uno de los pilares de la sociedad.<\/p>\n<p><strong>Bill Gates cree en el futuro de los profesores de IA<\/strong>. Entre los expertos que esbozan esa idea destaca la figura de Bill Gates, cofundador de Microsoft. <a class=\"text-outboundlink\" href=\"https:\/\/www.xataka.com\/robotica-e-ia\/ia-seran-buenos-profesores-como-cualquier-humano-bill-gates-ve-aulas-18-meses\" data-vars-post-title=\"Bill Gates cree que en 18 meses las IA ense\u00f1ar\u00e1n a leer: &quot;Ser\u00e1n tan buenos profesores como los humanos&quot;\" data-vars-post-url=\"https:\/\/www.xataka.com\/robotica-e-ia\/ia-seran-buenos-profesores-como-cualquier-humano-bill-gates-ve-aulas-18-meses\">Su apuesta por los profesores de IA<\/a> fue temprana: ChatGPT llevaba apenas cinco meses en el mercado cuando asegur\u00f3 que \u00abLas IA llegar\u00e1n a esa capacidad, a ser tan buenos tutores como cualquier ser humano\u00bb. Para \u00e9l adem\u00e1s esta tecnolog\u00eda deber\u00eda ser una \u00abniveladora\u00bb para la sociedad. Seg\u00fan Gates \u00abtener acceso a un tutor es demasiado costoso para la mayor\u00eda de estudiantes, sobre todo si ese tutor se adapta y recuerda todo lo que has hecho y revisa tu trabajo\u00bb.<\/p>\n<p><strong>OpenAI y Khan Academy tienen la misma visi\u00f3n<\/strong>. Hace un a\u00f1o la presentaci\u00f3n de <a class=\"text-outboundlink\" href=\"https:\/\/www.xataka.com\/robotica-e-ia\/openai-quiere-volver-a-revolucionar-ia-presenta-nuevo-modelo-multimodal-que-trabaja-voz-imagenes-video\" data-vars-post-title=\"OpenAI presenta GPT-4o: un sorprendente modelo de IA gratuito que trabaja con voz, texto e imagen al mismo tiempo\" data-vars-post-url=\"https:\/\/www.xataka.com\/robotica-e-ia\/openai-quiere-volver-a-revolucionar-ia-presenta-nuevo-modelo-multimodal-que-trabaja-voz-imagenes-video\">GPT-4o<\/a> sorprendi\u00f3 entre otras cosas por esa capacidad que ofrec\u00eda este modelo de IA para <a class=\"text-outboundlink\" href=\"https:\/\/www.xataka.com\/robotica-e-ia\/openai-acaba-acercarnos-que-nunca-a-her-su-nuevo-modelo-voz-nos-acompanara-quizas-enamorara\" data-vars-post-title=\"OpenAI acaba de acercarnos m\u00e1s que nunca a 'Her': su nuevo modelo de voz nos acompa\u00f1ar\u00e1 (y quiz\u00e1s enamorar\u00e1)\" data-vars-post-url=\"https:\/\/www.xataka.com\/robotica-e-ia\/openai-acaba-acercarnos-que-nunca-a-her-su-nuevo-modelo-voz-nos-acompanara-quizas-enamorara\">hablar directamente con \u00e9l<\/a>. Una de las demos de OpenAI, realizada en colaboraci\u00f3n con <a class=\"text-outboundlink\" href=\"https:\/\/www.xataka.com\/otros\/khan-academy-web-que-ensena-a-millones-alumnos-ciencia-programacion-gana-premio-princesa-asturias-cooperacion-internacional-2019\" data-vars-post-title=\"Khan Academy, la innovadora web educativa y su modelo de clases invertidas, gana el Premio Princesa de Asturias de Cooperaci\u00f3n Internacional 2019\" data-vars-post-url=\"https:\/\/www.xataka.com\/otros\/khan-academy-web-que-ensena-a-millones-alumnos-ciencia-programacion-gana-premio-princesa-asturias-cooperacion-internacional-2019\">Khan Academy<\/a>, mostraba a Sal Khan, su fundador, contemplando c\u00f3mo su hijo utilizaba el modelo para recibir una lecci\u00f3n de geometr\u00eda. <a class=\"text-outboundlink\" href=\"https:\/\/www.xataka.com\/robotica-e-ia\/gracias-a-gpt-4o-chatgpt-se-convierte-profesor-particular-ideal-otra-revolucion-para-ensenanza\" data-vars-post-title=\"Gracias a GPT-4o, ChatGPT se convierte en el profesor particular ideal. Es otra revoluci\u00f3n para la ense\u00f1anza \" data-vars-post-url=\"https:\/\/www.xataka.com\/robotica-e-ia\/gracias-a-gpt-4o-chatgpt-se-convierte-profesor-particular-ideal-otra-revolucion-para-ensenanza\">La interacci\u00f3n era impecable<\/a> y apuntaba a un futuro lleno de profesores de IA encerrados en nuestra tablet, nuestro m\u00f3vil o nuestro ordenador. Khan es desde luego parte interesada, pero no est\u00e1 de m\u00e1s <a href=\"https:\/\/www.ted.com\/talks\/sal_khan_how_ai_could_save_not_destroy_education?language=es\" rel=\"noopener, noreferrer\">ver su charla TED<\/a> sobre \u00abC\u00f3mo la IA podr\u00eda salvar (no destruir) la educaci\u00f3n\u00bb.<\/p>\n<p><strong>Colegios convertidos en guarder\u00edas<\/strong>. Luis von Ahn, <a class=\"text-outboundlink\" href=\"https:\/\/www.xataka.com\/otros\/las-certificaciones-y-las-conversaciones-llegaran-pronto-luis-von-ahn-de-duolingo\" data-vars-post-title=\"Luis von Ahn, de Duolingo: las certificaciones y las conversaciones llegar\u00e1n pronto\" data-vars-post-url=\"https:\/\/www.xataka.com\/otros\/las-certificaciones-y-las-conversaciones-llegaran-pronto-luis-von-ahn-de-duolingo\">fundador de Duolingo<\/a>, la poular aplicaci\u00f3n para aprender idiomas, tambi\u00e9n lleva tiempo <a class=\"text-outboundlink\" href=\"https:\/\/www.xataka.com\/robotica-e-ia\/duolingo-inaugura-nueva-era-cuando-talento-humano-no-imprescindible\" data-vars-post-title=\"Duolingo inaugura una nueva era: cuando el talento humano ya no es imprescindible \" data-vars-post-url=\"https:\/\/www.xataka.com\/robotica-e-ia\/duolingo-inaugura-nueva-era-cuando-talento-humano-no-imprescindible\">virando hacia la IA<\/a>. Hace unos d\u00edas \u00a0particip\u00f3 en el podcast <a href=\"https:\/\/www.youtube.com\/watch?v=st6uE-dlunY&amp;list=PLMKa0PxGwad7jf8hwwX8w5FHitXZ1L_h1&amp;index=2\" rel=\"noopener, noreferrer\">No Priors<\/a>, y all\u00ed coment\u00f3 c\u00f3mo aunque hay profesores muy buenos, \u00abno hay muchos\u00bb. Para \u00e9l la educaci\u00f3n cambiar\u00e1 radicalmente porque \u00abes mucho m\u00e1s escalable ense\u00f1ar con IA que con profesores\u00bb. Aun as\u00ed <a class=\"text-outboundlink\" href=\"https:\/\/www.genbeta.com\/actualidad\/ceo-duolingo-ve-viable-educar-ia-cree-que-profesores-colegios-seguiran-porque-se-necesita-cuidar-a-ninos\" data-vars-post-title=\"La IA educar\u00e1 en los colegios y los maestros servir\u00e1n para cuidar a los ni\u00f1os: as\u00ed ve el CEO de Duolingo el futuro cercano\" data-vars-post-url=\"https:\/\/www.genbeta.com\/actualidad\/ceo-duolingo-ve-viable-educar-ia-cree-que-profesores-colegios-seguiran-porque-se-necesita-cuidar-a-ninos\">se\u00f1al\u00f3<\/a> que eso no significa que los profesores desaparezcan: \u00abseguir\u00e1s necesitando gente que cuide de los estudiantes\u00bb, pero los enfocaba a un nuevo papel: \u00abno creo que los colegios desaparezcan, porque necesitas guarder\u00edas\u00bb.<\/p>\n<p><strong>Este art\u00edculo fue originalmente publicado en <a href=\"https:\/\/www.xataka.com\/robotica-e-ia\/hay-guerra-soterrada-que-empresas-ia-le-han-declarado-al-profesorado-humano\/amp\" target=\"_blank\" rel=\"noopener\">xataca.com<\/a><\/strong><\/p>\n<p>&nbsp;<\/p>\n<\/div>\n<\/section>\n","protected":false},"excerpt":{"rendered":"<p>La educaci\u00f3n tradicional lleva a\u00f1os sugiriendo c\u00f3mo la tecnolog\u00eda iba a revolucionarla Las tabletas han<\/p>\n","protected":false},"author":854,"featured_media":21587,"comment_status":"open","ping_status":"open","sticky":false,"template":"","format":"standard","meta":{"footnotes":""},"categories":[504],"tags":[],"class_list":["post-21586","post","type-post","status-publish","format-standard","has-post-thumbnail","hentry","category-a-debate"],"yoast_head":"<!-- This site is optimized with the Yoast SEO plugin v26.7 - https:\/\/yoast.com\/wordpress\/plugins\/seo\/ -->\n<title>Los CEOs de las grandes empresas IA llevan ya mucho cargando contra los profesores humanos. No tiene nada de casual<\/title>\n<meta name=\"description\" content=\"La educaci\u00f3n tradicional lleva a\u00f1os sugiriendo c\u00f3mo la tecnolog\u00eda iba a revolucionarla Las tabletas han provocado el efecto contrario al esperado: ahora\" \/>\n<meta name=\"robots\" content=\"index, follow, max-snippet:-1, max-image-preview:large, max-video-preview:-1\" \/>\n<link rel=\"canonical\" href=\"https:\/\/www.cgtaragonlarioja.org\/fedens\/los-ceos-de-las-grandes-empresas-ia-llevan-ya-mucho-cargando-contra-los-profesores-humanos-no-tiene-nada-de-casual\/\" \/>\n<meta property=\"og:locale\" content=\"es_ES\" \/>\n<meta property=\"og:type\" content=\"article\" \/>\n<meta property=\"og:title\" content=\"Los CEOs de las grandes empresas IA llevan ya mucho cargando contra los profesores humanos. No tiene nada de casual\" \/>\n<meta property=\"og:description\" content=\"La educaci\u00f3n tradicional lleva a\u00f1os sugiriendo c\u00f3mo la tecnolog\u00eda iba a revolucionarla Las tabletas han provocado el efecto contrario al esperado: ahora\" \/>\n<meta property=\"og:url\" content=\"https:\/\/www.cgtaragonlarioja.org\/fedens\/los-ceos-de-las-grandes-empresas-ia-llevan-ya-mucho-cargando-contra-los-profesores-humanos-no-tiene-nada-de-casual\/\" \/>\n<meta property=\"og:site_name\" content=\"CGT Arag\u00f3n - La Rioja. ENSE\u00d1ANZA\" \/>\n<meta property=\"article:publisher\" content=\"https:\/\/www.facebook.com\/CGTEnseAragon\/\" \/>\n<meta property=\"article:published_time\" content=\"2025-06-10T08:07:26+00:00\" \/>\n<meta property=\"og:image\" content=\"https:\/\/www.cgtaragonlarioja.org\/fedens\/files\/2025\/06\/Gemini_Generated_Image_z7dezhz7dezhz7de.jpg\" \/>\n\t<meta property=\"og:image:width\" content=\"1536\" \/>\n\t<meta property=\"og:image:height\" content=\"1536\" \/>\n\t<meta property=\"og:image:type\" content=\"image\/jpeg\" \/>\n<meta name=\"author\" content=\"CGT Ense\u00f1anza Arag\u00f3n\" \/>\n<meta name=\"twitter:card\" content=\"summary_large_image\" \/>\n<meta name=\"twitter:creator\" content=\"@CGTeduAragon\" \/>\n<meta name=\"twitter:site\" content=\"@CGTeduAragon\" \/>\n<meta name=\"twitter:label1\" content=\"Escrito por\" \/>\n\t<meta name=\"twitter:data1\" content=\"CGT Ense\u00f1anza Arag\u00f3n\" \/>\n\t<meta name=\"twitter:label2\" content=\"Tiempo de lectura\" \/>\n\t<meta name=\"twitter:data2\" content=\"5 minutos\" \/>\n<script type=\"application\/ld+json\" class=\"yoast-schema-graph\">{\"@context\":\"https:\/\/schema.org\",\"@graph\":[{\"@type\":\"Article\",\"@id\":\"https:\/\/www.cgtaragonlarioja.org\/fedens\/los-ceos-de-las-grandes-empresas-ia-llevan-ya-mucho-cargando-contra-los-profesores-humanos-no-tiene-nada-de-casual\/#article\",\"isPartOf\":{\"@id\":\"https:\/\/www.cgtaragonlarioja.org\/fedens\/los-ceos-de-las-grandes-empresas-ia-llevan-ya-mucho-cargando-contra-los-profesores-humanos-no-tiene-nada-de-casual\/\"},\"author\":{\"name\":\"CGT Ense\u00f1anza Arag\u00f3n\",\"@id\":\"https:\/\/www.cgtaragonlarioja.org\/fedens\/#\/schema\/person\/f577cbf9ee1fb7519bfd883ac4f4032f\"},\"headline\":\"Los CEOs de las grandes empresas IA llevan ya mucho cargando contra los profesores humanos. No tiene nada de casual\",\"datePublished\":\"2025-06-10T08:07:26+00:00\",\"mainEntityOfPage\":{\"@id\":\"https:\/\/www.cgtaragonlarioja.org\/fedens\/los-ceos-de-las-grandes-empresas-ia-llevan-ya-mucho-cargando-contra-los-profesores-humanos-no-tiene-nada-de-casual\/\"},\"wordCount\":936,\"commentCount\":0,\"publisher\":{\"@id\":\"https:\/\/www.cgtaragonlarioja.org\/fedens\/#organization\"},\"image\":{\"@id\":\"https:\/\/www.cgtaragonlarioja.org\/fedens\/los-ceos-de-las-grandes-empresas-ia-llevan-ya-mucho-cargando-contra-los-profesores-humanos-no-tiene-nada-de-casual\/#primaryimage\"},\"thumbnailUrl\":\"https:\/\/www.cgtaragonlarioja.org\/fedens\/files\/2025\/06\/Gemini_Generated_Image_z7dezhz7dezhz7de.jpg\",\"articleSection\":[\"A Debate\"],\"inLanguage\":\"es\",\"potentialAction\":[{\"@type\":\"CommentAction\",\"name\":\"Comment\",\"target\":[\"https:\/\/www.cgtaragonlarioja.org\/fedens\/los-ceos-de-las-grandes-empresas-ia-llevan-ya-mucho-cargando-contra-los-profesores-humanos-no-tiene-nada-de-casual\/#respond\"]}]},{\"@type\":\"WebPage\",\"@id\":\"https:\/\/www.cgtaragonlarioja.org\/fedens\/los-ceos-de-las-grandes-empresas-ia-llevan-ya-mucho-cargando-contra-los-profesores-humanos-no-tiene-nada-de-casual\/\",\"url\":\"https:\/\/www.cgtaragonlarioja.org\/fedens\/los-ceos-de-las-grandes-empresas-ia-llevan-ya-mucho-cargando-contra-los-profesores-humanos-no-tiene-nada-de-casual\/\",\"name\":\"Los CEOs de las grandes empresas IA llevan ya mucho cargando contra los profesores humanos. No tiene nada de casual\",\"isPartOf\":{\"@id\":\"https:\/\/www.cgtaragonlarioja.org\/fedens\/#website\"},\"primaryImageOfPage\":{\"@id\":\"https:\/\/www.cgtaragonlarioja.org\/fedens\/los-ceos-de-las-grandes-empresas-ia-llevan-ya-mucho-cargando-contra-los-profesores-humanos-no-tiene-nada-de-casual\/#primaryimage\"},\"image\":{\"@id\":\"https:\/\/www.cgtaragonlarioja.org\/fedens\/los-ceos-de-las-grandes-empresas-ia-llevan-ya-mucho-cargando-contra-los-profesores-humanos-no-tiene-nada-de-casual\/#primaryimage\"},\"thumbnailUrl\":\"https:\/\/www.cgtaragonlarioja.org\/fedens\/files\/2025\/06\/Gemini_Generated_Image_z7dezhz7dezhz7de.jpg\",\"datePublished\":\"2025-06-10T08:07:26+00:00\",\"description\":\"La educaci\u00f3n tradicional lleva a\u00f1os sugiriendo c\u00f3mo la tecnolog\u00eda iba a revolucionarla Las tabletas han provocado el efecto contrario al esperado: ahora\",\"breadcrumb\":{\"@id\":\"https:\/\/www.cgtaragonlarioja.org\/fedens\/los-ceos-de-las-grandes-empresas-ia-llevan-ya-mucho-cargando-contra-los-profesores-humanos-no-tiene-nada-de-casual\/#breadcrumb\"},\"inLanguage\":\"es\",\"potentialAction\":[{\"@type\":\"ReadAction\",\"target\":[\"https:\/\/www.cgtaragonlarioja.org\/fedens\/los-ceos-de-las-grandes-empresas-ia-llevan-ya-mucho-cargando-contra-los-profesores-humanos-no-tiene-nada-de-casual\/\"]}]},{\"@type\":\"ImageObject\",\"inLanguage\":\"es\",\"@id\":\"https:\/\/www.cgtaragonlarioja.org\/fedens\/los-ceos-de-las-grandes-empresas-ia-llevan-ya-mucho-cargando-contra-los-profesores-humanos-no-tiene-nada-de-casual\/#primaryimage\",\"url\":\"https:\/\/www.cgtaragonlarioja.org\/fedens\/files\/2025\/06\/Gemini_Generated_Image_z7dezhz7dezhz7de.jpg\",\"contentUrl\":\"https:\/\/www.cgtaragonlarioja.org\/fedens\/files\/2025\/06\/Gemini_Generated_Image_z7dezhz7dezhz7de.jpg\",\"width\":1536,\"height\":1536},{\"@type\":\"BreadcrumbList\",\"@id\":\"https:\/\/www.cgtaragonlarioja.org\/fedens\/los-ceos-de-las-grandes-empresas-ia-llevan-ya-mucho-cargando-contra-los-profesores-humanos-no-tiene-nada-de-casual\/#breadcrumb\",\"itemListElement\":[{\"@type\":\"ListItem\",\"position\":1,\"name\":\"Portada\",\"item\":\"https:\/\/www.cgtaragonlarioja.org\/fedens\/\"},{\"@type\":\"ListItem\",\"position\":2,\"name\":\"Los CEOs de las grandes empresas IA llevan ya mucho cargando contra los profesores humanos. No tiene nada de casual\"}]},{\"@type\":\"WebSite\",\"@id\":\"https:\/\/www.cgtaragonlarioja.org\/fedens\/#website\",\"url\":\"https:\/\/www.cgtaragonlarioja.org\/fedens\/\",\"name\":\"CGT Arag\u00f3n - La Rioja. ENSE\u00d1ANZA\",\"description\":\"CONTACTAR: Calatayud-Aranda: 654897973 \/ Huesca: 974238404 \/ Teruel: 978619265 \/ Zaragoza: 976922002\",\"publisher\":{\"@id\":\"https:\/\/www.cgtaragonlarioja.org\/fedens\/#organization\"},\"potentialAction\":[{\"@type\":\"SearchAction\",\"target\":{\"@type\":\"EntryPoint\",\"urlTemplate\":\"https:\/\/www.cgtaragonlarioja.org\/fedens\/?s={search_term_string}\"},\"query-input\":{\"@type\":\"PropertyValueSpecification\",\"valueRequired\":true,\"valueName\":\"search_term_string\"}}],\"inLanguage\":\"es\"},{\"@type\":\"Organization\",\"@id\":\"https:\/\/www.cgtaragonlarioja.org\/fedens\/#organization\",\"name\":\"CGT Arag\u00f3n y La Rioja - Ense\u00f1anza\",\"url\":\"https:\/\/www.cgtaragonlarioja.org\/fedens\/\",\"logo\":{\"@type\":\"ImageObject\",\"inLanguage\":\"es\",\"@id\":\"https:\/\/www.cgtaragonlarioja.org\/fedens\/#\/schema\/logo\/image\/\",\"url\":\"https:\/\/www.cgtaragonlarioja.org\/fedens\/files\/2021\/02\/logo_cgt_ense_huesca_170x250.png\",\"contentUrl\":\"https:\/\/www.cgtaragonlarioja.org\/fedens\/files\/2021\/02\/logo_cgt_ense_huesca_170x250.png\",\"width\":170,\"height\":250,\"caption\":\"CGT Arag\u00f3n y La Rioja - Ense\u00f1anza\"},\"image\":{\"@id\":\"https:\/\/www.cgtaragonlarioja.org\/fedens\/#\/schema\/logo\/image\/\"},\"sameAs\":[\"https:\/\/www.facebook.com\/CGTEnseAragon\/\",\"https:\/\/x.com\/CGTeduAragon\"]},{\"@type\":\"Person\",\"@id\":\"https:\/\/www.cgtaragonlarioja.org\/fedens\/#\/schema\/person\/f577cbf9ee1fb7519bfd883ac4f4032f\",\"name\":\"CGT Ense\u00f1anza Arag\u00f3n\",\"image\":{\"@type\":\"ImageObject\",\"inLanguage\":\"es\",\"@id\":\"https:\/\/www.cgtaragonlarioja.org\/fedens\/#\/schema\/person\/image\/\",\"url\":\"https:\/\/secure.gravatar.com\/avatar\/6591cafae8da970274bd48ef06b7f86ae2c2ba705fb2cdafa9b5f7f48c95a765?s=96&d=mm&r=g\",\"contentUrl\":\"https:\/\/secure.gravatar.com\/avatar\/6591cafae8da970274bd48ef06b7f86ae2c2ba705fb2cdafa9b5f7f48c95a765?s=96&d=mm&r=g\",\"caption\":\"CGT Ense\u00f1anza Arag\u00f3n\"},\"url\":\"https:\/\/www.cgtaragonlarioja.org\/fedens\/author\/fasecgt\/\"}]}<\/script>\n<!-- \/ Yoast SEO plugin. -->","yoast_head_json":{"title":"Los CEOs de las grandes empresas IA llevan ya mucho cargando contra los profesores humanos. No tiene nada de casual","description":"La educaci\u00f3n tradicional lleva a\u00f1os sugiriendo c\u00f3mo la tecnolog\u00eda iba a revolucionarla Las tabletas han provocado el efecto contrario al esperado: ahora","robots":{"index":"index","follow":"follow","max-snippet":"max-snippet:-1","max-image-preview":"max-image-preview:large","max-video-preview":"max-video-preview:-1"},"canonical":"https:\/\/www.cgtaragonlarioja.org\/fedens\/los-ceos-de-las-grandes-empresas-ia-llevan-ya-mucho-cargando-contra-los-profesores-humanos-no-tiene-nada-de-casual\/","og_locale":"es_ES","og_type":"article","og_title":"Los CEOs de las grandes empresas IA llevan ya mucho cargando contra los profesores humanos. No tiene nada de casual","og_description":"La educaci\u00f3n tradicional lleva a\u00f1os sugiriendo c\u00f3mo la tecnolog\u00eda iba a revolucionarla Las tabletas han provocado el efecto contrario al esperado: ahora","og_url":"https:\/\/www.cgtaragonlarioja.org\/fedens\/los-ceos-de-las-grandes-empresas-ia-llevan-ya-mucho-cargando-contra-los-profesores-humanos-no-tiene-nada-de-casual\/","og_site_name":"CGT Arag\u00f3n - La Rioja. ENSE\u00d1ANZA","article_publisher":"https:\/\/www.facebook.com\/CGTEnseAragon\/","article_published_time":"2025-06-10T08:07:26+00:00","og_image":[{"width":1536,"height":1536,"url":"https:\/\/www.cgtaragonlarioja.org\/fedens\/files\/2025\/06\/Gemini_Generated_Image_z7dezhz7dezhz7de.jpg","type":"image\/jpeg"}],"author":"CGT Ense\u00f1anza Arag\u00f3n","twitter_card":"summary_large_image","twitter_creator":"@CGTeduAragon","twitter_site":"@CGTeduAragon","twitter_misc":{"Escrito por":"CGT Ense\u00f1anza Arag\u00f3n","Tiempo de lectura":"5 minutos"},"schema":{"@context":"https:\/\/schema.org","@graph":[{"@type":"Article","@id":"https:\/\/www.cgtaragonlarioja.org\/fedens\/los-ceos-de-las-grandes-empresas-ia-llevan-ya-mucho-cargando-contra-los-profesores-humanos-no-tiene-nada-de-casual\/#article","isPartOf":{"@id":"https:\/\/www.cgtaragonlarioja.org\/fedens\/los-ceos-de-las-grandes-empresas-ia-llevan-ya-mucho-cargando-contra-los-profesores-humanos-no-tiene-nada-de-casual\/"},"author":{"name":"CGT Ense\u00f1anza Arag\u00f3n","@id":"https:\/\/www.cgtaragonlarioja.org\/fedens\/#\/schema\/person\/f577cbf9ee1fb7519bfd883ac4f4032f"},"headline":"Los CEOs de las grandes empresas IA llevan ya mucho cargando contra los profesores humanos. No tiene nada de casual","datePublished":"2025-06-10T08:07:26+00:00","mainEntityOfPage":{"@id":"https:\/\/www.cgtaragonlarioja.org\/fedens\/los-ceos-de-las-grandes-empresas-ia-llevan-ya-mucho-cargando-contra-los-profesores-humanos-no-tiene-nada-de-casual\/"},"wordCount":936,"commentCount":0,"publisher":{"@id":"https:\/\/www.cgtaragonlarioja.org\/fedens\/#organization"},"image":{"@id":"https:\/\/www.cgtaragonlarioja.org\/fedens\/los-ceos-de-las-grandes-empresas-ia-llevan-ya-mucho-cargando-contra-los-profesores-humanos-no-tiene-nada-de-casual\/#primaryimage"},"thumbnailUrl":"https:\/\/www.cgtaragonlarioja.org\/fedens\/files\/2025\/06\/Gemini_Generated_Image_z7dezhz7dezhz7de.jpg","articleSection":["A Debate"],"inLanguage":"es","potentialAction":[{"@type":"CommentAction","name":"Comment","target":["https:\/\/www.cgtaragonlarioja.org\/fedens\/los-ceos-de-las-grandes-empresas-ia-llevan-ya-mucho-cargando-contra-los-profesores-humanos-no-tiene-nada-de-casual\/#respond"]}]},{"@type":"WebPage","@id":"https:\/\/www.cgtaragonlarioja.org\/fedens\/los-ceos-de-las-grandes-empresas-ia-llevan-ya-mucho-cargando-contra-los-profesores-humanos-no-tiene-nada-de-casual\/","url":"https:\/\/www.cgtaragonlarioja.org\/fedens\/los-ceos-de-las-grandes-empresas-ia-llevan-ya-mucho-cargando-contra-los-profesores-humanos-no-tiene-nada-de-casual\/","name":"Los CEOs de las grandes empresas IA llevan ya mucho cargando contra los profesores humanos. No tiene nada de casual","isPartOf":{"@id":"https:\/\/www.cgtaragonlarioja.org\/fedens\/#website"},"primaryImageOfPage":{"@id":"https:\/\/www.cgtaragonlarioja.org\/fedens\/los-ceos-de-las-grandes-empresas-ia-llevan-ya-mucho-cargando-contra-los-profesores-humanos-no-tiene-nada-de-casual\/#primaryimage"},"image":{"@id":"https:\/\/www.cgtaragonlarioja.org\/fedens\/los-ceos-de-las-grandes-empresas-ia-llevan-ya-mucho-cargando-contra-los-profesores-humanos-no-tiene-nada-de-casual\/#primaryimage"},"thumbnailUrl":"https:\/\/www.cgtaragonlarioja.org\/fedens\/files\/2025\/06\/Gemini_Generated_Image_z7dezhz7dezhz7de.jpg","datePublished":"2025-06-10T08:07:26+00:00","description":"La educaci\u00f3n tradicional lleva a\u00f1os sugiriendo c\u00f3mo la tecnolog\u00eda iba a revolucionarla Las tabletas han provocado el efecto contrario al esperado: ahora","breadcrumb":{"@id":"https:\/\/www.cgtaragonlarioja.org\/fedens\/los-ceos-de-las-grandes-empresas-ia-llevan-ya-mucho-cargando-contra-los-profesores-humanos-no-tiene-nada-de-casual\/#breadcrumb"},"inLanguage":"es","potentialAction":[{"@type":"ReadAction","target":["https:\/\/www.cgtaragonlarioja.org\/fedens\/los-ceos-de-las-grandes-empresas-ia-llevan-ya-mucho-cargando-contra-los-profesores-humanos-no-tiene-nada-de-casual\/"]}]},{"@type":"ImageObject","inLanguage":"es","@id":"https:\/\/www.cgtaragonlarioja.org\/fedens\/los-ceos-de-las-grandes-empresas-ia-llevan-ya-mucho-cargando-contra-los-profesores-humanos-no-tiene-nada-de-casual\/#primaryimage","url":"https:\/\/www.cgtaragonlarioja.org\/fedens\/files\/2025\/06\/Gemini_Generated_Image_z7dezhz7dezhz7de.jpg","contentUrl":"https:\/\/www.cgtaragonlarioja.org\/fedens\/files\/2025\/06\/Gemini_Generated_Image_z7dezhz7dezhz7de.jpg","width":1536,"height":1536},{"@type":"BreadcrumbList","@id":"https:\/\/www.cgtaragonlarioja.org\/fedens\/los-ceos-de-las-grandes-empresas-ia-llevan-ya-mucho-cargando-contra-los-profesores-humanos-no-tiene-nada-de-casual\/#breadcrumb","itemListElement":[{"@type":"ListItem","position":1,"name":"Portada","item":"https:\/\/www.cgtaragonlarioja.org\/fedens\/"},{"@type":"ListItem","position":2,"name":"Los CEOs de las grandes empresas IA llevan ya mucho cargando contra los profesores humanos. No tiene nada de casual"}]},{"@type":"WebSite","@id":"https:\/\/www.cgtaragonlarioja.org\/fedens\/#website","url":"https:\/\/www.cgtaragonlarioja.org\/fedens\/","name":"CGT Arag\u00f3n - La Rioja. ENSE\u00d1ANZA","description":"CONTACTAR: Calatayud-Aranda: 654897973 \/ Huesca: 974238404 \/ Teruel: 978619265 \/ Zaragoza: 976922002","publisher":{"@id":"https:\/\/www.cgtaragonlarioja.org\/fedens\/#organization"},"potentialAction":[{"@type":"SearchAction","target":{"@type":"EntryPoint","urlTemplate":"https:\/\/www.cgtaragonlarioja.org\/fedens\/?s={search_term_string}"},"query-input":{"@type":"PropertyValueSpecification","valueRequired":true,"valueName":"search_term_string"}}],"inLanguage":"es"},{"@type":"Organization","@id":"https:\/\/www.cgtaragonlarioja.org\/fedens\/#organization","name":"CGT Arag\u00f3n y La Rioja - Ense\u00f1anza","url":"https:\/\/www.cgtaragonlarioja.org\/fedens\/","logo":{"@type":"ImageObject","inLanguage":"es","@id":"https:\/\/www.cgtaragonlarioja.org\/fedens\/#\/schema\/logo\/image\/","url":"https:\/\/www.cgtaragonlarioja.org\/fedens\/files\/2021\/02\/logo_cgt_ense_huesca_170x250.png","contentUrl":"https:\/\/www.cgtaragonlarioja.org\/fedens\/files\/2021\/02\/logo_cgt_ense_huesca_170x250.png","width":170,"height":250,"caption":"CGT Arag\u00f3n y La Rioja - Ense\u00f1anza"},"image":{"@id":"https:\/\/www.cgtaragonlarioja.org\/fedens\/#\/schema\/logo\/image\/"},"sameAs":["https:\/\/www.facebook.com\/CGTEnseAragon\/","https:\/\/x.com\/CGTeduAragon"]},{"@type":"Person","@id":"https:\/\/www.cgtaragonlarioja.org\/fedens\/#\/schema\/person\/f577cbf9ee1fb7519bfd883ac4f4032f","name":"CGT Ense\u00f1anza Arag\u00f3n","image":{"@type":"ImageObject","inLanguage":"es","@id":"https:\/\/www.cgtaragonlarioja.org\/fedens\/#\/schema\/person\/image\/","url":"https:\/\/secure.gravatar.com\/avatar\/6591cafae8da970274bd48ef06b7f86ae2c2ba705fb2cdafa9b5f7f48c95a765?s=96&d=mm&r=g","contentUrl":"https:\/\/secure.gravatar.com\/avatar\/6591cafae8da970274bd48ef06b7f86ae2c2ba705fb2cdafa9b5f7f48c95a765?s=96&d=mm&r=g","caption":"CGT Ense\u00f1anza Arag\u00f3n"},"url":"https:\/\/www.cgtaragonlarioja.org\/fedens\/author\/fasecgt\/"}]}},"_links":{"self":[{"href":"https:\/\/www.cgtaragonlarioja.org\/fedens\/wp-json\/wp\/v2\/posts\/21586","targetHints":{"allow":["GET"]}}],"collection":[{"href":"https:\/\/www.cgtaragonlarioja.org\/fedens\/wp-json\/wp\/v2\/posts"}],"about":[{"href":"https:\/\/www.cgtaragonlarioja.org\/fedens\/wp-json\/wp\/v2\/types\/post"}],"author":[{"embeddable":true,"href":"https:\/\/www.cgtaragonlarioja.org\/fedens\/wp-json\/wp\/v2\/users\/854"}],"replies":[{"embeddable":true,"href":"https:\/\/www.cgtaragonlarioja.org\/fedens\/wp-json\/wp\/v2\/comments?post=21586"}],"version-history":[{"count":1,"href":"https:\/\/www.cgtaragonlarioja.org\/fedens\/wp-json\/wp\/v2\/posts\/21586\/revisions"}],"predecessor-version":[{"id":21588,"href":"https:\/\/www.cgtaragonlarioja.org\/fedens\/wp-json\/wp\/v2\/posts\/21586\/revisions\/21588"}],"wp:featuredmedia":[{"embeddable":true,"href":"https:\/\/www.cgtaragonlarioja.org\/fedens\/wp-json\/wp\/v2\/media\/21587"}],"wp:attachment":[{"href":"https:\/\/www.cgtaragonlarioja.org\/fedens\/wp-json\/wp\/v2\/media?parent=21586"}],"wp:term":[{"taxonomy":"category","embeddable":true,"href":"https:\/\/www.cgtaragonlarioja.org\/fedens\/wp-json\/wp\/v2\/categories?post=21586"},{"taxonomy":"post_tag","embeddable":true,"href":"https:\/\/www.cgtaragonlarioja.org\/fedens\/wp-json\/wp\/v2\/tags?post=21586"}],"curies":[{"name":"wp","href":"https:\/\/api.w.org\/{rel}","templated":true}]}}