{"id":21574,"date":"2025-06-03T10:11:20","date_gmt":"2025-06-03T08:11:20","guid":{"rendered":"https:\/\/www.cgtaragonlarioja.org\/fedens\/?p=21574"},"modified":"2025-06-03T10:11:20","modified_gmt":"2025-06-03T08:11:20","slug":"el-profesorado-comunitario-hacia-una-nueva-cultura-docente-y-de-compromiso-social","status":"publish","type":"post","link":"https:\/\/www.cgtaragonlarioja.org\/fedens\/el-profesorado-comunitario-hacia-una-nueva-cultura-docente-y-de-compromiso-social\/","title":{"rendered":"El profesorado comunitario: hacia una nueva cultura docente y de compromiso social"},"content":{"rendered":"<p><strong>La ense\u00f1anza convencional, anclada en rutinas y enfoques individualistas, est\u00e1 dando paso a una perspectiva m\u00e1s hol\u00edstica e inclusiva: la ense\u00f1anza comunitaria.<\/strong><\/p>\n<p><strong>FRANCESC IMBERNON<\/strong><\/p>\n<p>La educaci\u00f3n contempor\u00e1nea se enfrenta a la paradoja de operar con una estructura escolar concebida en el siglo XVIII y asentada en el XIX, transformada superficialmente por los movimientos pedag\u00f3gicos del siglo XX, pero con la ardua tarea de educar a la juventud del siglo XXI. Esta distancia entre el dise\u00f1o institucional y las necesidades de los estudiantes ha generado una profunda reflexi\u00f3n sobre el modelo tradicional, impulsando la b\u00fasqueda de alternativas que incorporen a la comunidad y al entorno como pilares fundamentales del proceso de aprendizaje.<\/p>\n<p>En la actualidad, el contexto social, econ\u00f3mico y familiar en el que viven muchos ni\u00f1os, ni\u00f1as y adolescentes ejerce una influencia determinante en sus trayectorias educativas. Lejos de ser un simple escenario, este contexto se imbrica de manera intr\u00ednseca en sus experiencias de aprendizaje, su capacidad de permanencia en el sistema educativo y, en \u00faltima instancia, en la consecuci\u00f3n del \u00e9xito acad\u00e9mico y personal.<\/p>\n<p>En un n\u00famero considerable de situaciones, las condiciones marcadas por la vulnerabilidad, socioecon\u00f3mica, las profundas desigualdades en el acceso a recursos y oportunidades o la ausencia de acompa\u00f1amiento familiar y comunitario se convierten en factores de riesgo. Estos elementos pueden socavar significativamente su motivaci\u00f3n, dificultar la adquisici\u00f3n de conocimientos y habilidades fundamentales y, en los casos m\u00e1s preocupantes, propiciar el rezago acad\u00e9mico, el abandono prematuro de los estudios y la exclusi\u00f3n del sistema educativo, perpetuando as\u00ed mayor una desventaja social.<\/p>\n<p>El magisterio convencional, anclado en rutinas y enfoques individualistas, est\u00e1 cediendo terreno a una perspectiva m\u00e1s hol\u00edstica e inclusiva: el magisterio comunitario. Esta nueva concepci\u00f3n de la ense\u00f1anza trasciende los muros de la escuela, e integra al docente en el entramado social donde ejerce su labor. Se promueve as\u00ed una colaboraci\u00f3n activa entre diversos agentes locales \u2013familias, asociaciones, entidades p\u00fablicas, voluntarios\u2013 con el objetivo de enriquecer la experiencia educativa y cultivar un sentido colectivo de responsabilidad hacia el aprendizaje.<\/p>\n<p>La urgencia de esta transformaci\u00f3n se hace patente al observar la din\u00e1mica de la sociedad actual, marcada por desaf\u00edos complejos que exigen una nueva mirada hacia la educaci\u00f3n. La escuela actual requiere la implicaci\u00f3n de todas las instancias de socializaci\u00f3n para asegurar una educaci\u00f3n democr\u00e1tica y de calidad para cada ni\u00f1o y adolescente. En este escenario, el profesorado comunitario emerge como un actor clave, caracterizado por una comprensi\u00f3n profunda de la cultura, la historia, las necesidades y los recursos de su entorno.<\/p>\n<p>Este profesorado establece lazos estrechos con familias, l\u00edderes comunitarios y organizaciones locales, y fomenta un clima de aprendizaje basado en la cooperaci\u00f3n y el di\u00e1logo constante. En este proceso, la escuela deja de ser una entidad aislada para convertirse en un nodo din\u00e1mico de interacciones, donde la comunidad y el contexto desempe\u00f1an un papel activo y significativo en la formaci\u00f3n de los estudiantes.<\/p>\n<p>De esta manera, la escuela se transforma en un verdadero motor de cambio social, capaz de fortalecer la autoestima y el potencial de aprendizaje de sus alumnos. Adem\u00e1s, valora intr\u00ednsecamente la diversidad cultural, ling\u00fc\u00edstica y socioecon\u00f3mica presente en su contexto, y adapta sus m\u00e9todos y materiales pedag\u00f3gicos a las necesidades espec\u00edficas de cada estudiante. El profesorado comunitario impulsa as\u00ed un ambiente inclusivo donde la solidaridad, la participaci\u00f3n y el compromiso colectivo se erigen como valores fundamentales.<\/p>\n<p>En este marco, la labor del profesorado comunitario adquiere una relevancia singular. Su compromiso se extiende m\u00e1s all\u00e1 de las aulas, al involucrarse en proyectos que benefician directamente a la comunidad y promueven el desarrollo integral de los estudiantes. Este profesorado respeta y celebra la riqueza cultural de su contexto, e integra diversas perspectivas y experiencias en su pr\u00e1ctica docente para construir un ambiente educativo inclusivo y enriquecedor para todos.<\/p>\n<p>El profesorado comunitario es, por consiguiente, mucho m\u00e1s que un mero instructor: es un agente activo y transformador dentro del contexto, alguien que aboga por una educaci\u00f3n de calidad y por el bienestar integral de sus estudiantes y por la mejora de las condiciones de vida de la comunidad. Participa en iniciativas locales que impactan positivamente en su contexto, impulsa un aprendizaje significativo y desarrolla estrategias pedag\u00f3gicas innovadoras que responden a los desaf\u00edos espec\u00edficos del contexto. Adem\u00e1s, establece v\u00ednculos y colabora estrechamente con las familias e instituciones del territorio, co-creando proyectos educativos que articulen lo escolar con lo social.<\/p>\n<p>Mediante propuestas l\u00fadicas, educativas, expresivas e inclusivas, el profesorado comunitario acompa\u00f1a de forma cercana los procesos de aprendizaje del alumnado, ofreci\u00e9ndoles apoyo para afrontar y superar obst\u00e1culos tanto emocionales como acad\u00e9micos. Este acompa\u00f1amiento personalizado se construye a partir de acuerdos compartidos y una coordinaci\u00f3n constante con el equipo docente, lo que garantiza una atenci\u00f3n coherente y sostenida que favorece el desarrollo integral y el avance en su trayectoria educativa.<\/p>\n<p>El profesorado comunitario impulsa activamente la participaci\u00f3n de las familias e instituciones en el proceso educativo, invit\u00e1ndolas a compartir saberes, experiencias y formas de hacer propias del territorio. Este intercambio bidireccional enriquece tanto el aprendizaje del alumnado como la vida comunitaria, fortaleciendo los v\u00ednculos entre la escuela y la sociedad en su conjunto. Al integrar a las familias y el contexto en el proceso educativo, se crea un ambiente educativo m\u00e1s completo, coherente y conectado con la realidad, donde el rendimiento acad\u00e9mico mejora y el aprendizaje se convierte en una experiencia colectiva, compartida y socialmente valorada.<\/p>\n<p>Con una sensibilidad especial hacia las trayectorias escolares complejas, que a menudo implican desaf\u00edos de integraci\u00f3n tanto en el aula como en el hogar, el profesorado comunitario act\u00faa como un acompa\u00f1ante cercano, emp\u00e1tico y comprometido. Ofrece un apoyo individualizado y adaptado a las necesidades particulares de cada estudiante, dentro de un marco de colaboraci\u00f3n estrecha entre la escuela y la familia.<\/p>\n<p>Este papel comunitario representa una alternativa transformadora al modelo educativo tradicional, al reconocer que la educaci\u00f3n no se limita al espacio escolar, sino que constituye una tarea colectiva que involucra a toda la comunidad. Desde esta perspectiva, se construyen entornos educativos inclusivos y personalizados, donde los estudiantes no solo adquieren conocimientos y desarrollan habilidades, sino que tambi\u00e9n fortalecen valores que les permiten participar de forma activa y equitativa en la vida social. Este enfoque no solo educa, tambi\u00e9n transforma realidades y contribuye a tejer comunidades m\u00e1s cohesionadas y justas.<\/p>\n<p>Todo ello debe integrarse de manera coherente y articulada en la formaci\u00f3n inicial y permanente del profesorado, asegurando la continuidad entre la construcci\u00f3n de bases s\u00f3lidas profesionales y el desarrollo a lo largo de la vida docente. De este modo, se fortalece no solo sus competencias pedag\u00f3gicas, sino tambi\u00e9n su capacidad cr\u00edtica, su compromiso con la equidad y su papel activo como agentes transformadores dentro de sus comunidades educativas y sociales.<\/p>\n<p>La formaci\u00f3n debe preparar a los docentes para reconocer y valorar la diversidad cultural y social presente en sus contextos, as\u00ed como para promover la participaci\u00f3n de familias, estudiantes y otros actores locales en los procesos educativos.<\/p>\n<p>Es fundamental promover pr\u00e1cticas pedag\u00f3gicas contextualizadas y cr\u00edticas, que vinculen la formaci\u00f3n del profesorado con las realidades y desaf\u00edos espec\u00edficos de la comunidad, estimulando tanto el pensamiento cr\u00edtico como la acci\u00f3n colectiva. La formaci\u00f3n docente debe entenderse un proceso integral que impulsa el empoderamiento y el desarrollo comunitario, posicionando la educaci\u00f3n como una herramienta esencial para la justicia social y la construcci\u00f3n de sociedades m\u00e1s inclusivas, democr\u00e1ticas y solidarias.<\/p>\n<p><strong>Este art\u00edculo fue originalmente publicado en <a href=\"https:\/\/eldiariodelaeducacion.com\/2025\/05\/26\/el-profesorado-comunitario-hacia-una-nueva-cultura-docente-y-de-compromiso-social\/\" target=\"_blank\" rel=\"noopener\">eldiariodelaeducacion.com<\/a><\/strong><\/p>\n","protected":false},"excerpt":{"rendered":"<p>La ense\u00f1anza convencional, anclada en rutinas y enfoques individualistas, est\u00e1 dando paso a una perspectiva<\/p>\n","protected":false},"author":854,"featured_media":21575,"comment_status":"open","ping_status":"open","sticky":false,"template":"","format":"standard","meta":{"footnotes":""},"categories":[504],"tags":[],"class_list":["post-21574","post","type-post","status-publish","format-standard","has-post-thumbnail","hentry","category-a-debate"],"yoast_head":"<!-- This site is optimized with the Yoast SEO plugin v26.7 - https:\/\/yoast.com\/wordpress\/plugins\/seo\/ -->\n<title>El profesorado comunitario: hacia una nueva cultura docente y de compromiso social<\/title>\n<meta name=\"description\" content=\"La ense\u00f1anza convencional, anclada en rutinas y enfoques individualistas, est\u00e1 dando paso a una perspectiva m\u00e1s hol\u00edstica e inclusiva: la ense\u00f1anza\" \/>\n<meta name=\"robots\" content=\"index, follow, max-snippet:-1, max-image-preview:large, max-video-preview:-1\" \/>\n<link rel=\"canonical\" href=\"https:\/\/www.cgtaragonlarioja.org\/fedens\/el-profesorado-comunitario-hacia-una-nueva-cultura-docente-y-de-compromiso-social\/\" \/>\n<meta property=\"og:locale\" content=\"es_ES\" \/>\n<meta property=\"og:type\" content=\"article\" \/>\n<meta property=\"og:title\" content=\"El profesorado comunitario: hacia una nueva cultura docente y de compromiso social\" \/>\n<meta property=\"og:description\" content=\"La ense\u00f1anza convencional, anclada en rutinas y enfoques individualistas, est\u00e1 dando paso a una perspectiva m\u00e1s hol\u00edstica e inclusiva: la ense\u00f1anza\" \/>\n<meta property=\"og:url\" content=\"https:\/\/www.cgtaragonlarioja.org\/fedens\/el-profesorado-comunitario-hacia-una-nueva-cultura-docente-y-de-compromiso-social\/\" \/>\n<meta property=\"og:site_name\" content=\"CGT Arag\u00f3n - La Rioja. ENSE\u00d1ANZA\" \/>\n<meta property=\"article:publisher\" content=\"https:\/\/www.facebook.com\/CGTEnseAragon\/\" \/>\n<meta property=\"article:published_time\" content=\"2025-06-03T08:11:20+00:00\" \/>\n<meta property=\"og:image\" content=\"https:\/\/www.cgtaragonlarioja.org\/fedens\/files\/2025\/06\/01_padres_de_familia_enmjn-1-989375249.jpg\" \/>\n\t<meta property=\"og:image:width\" content=\"1280\" \/>\n\t<meta property=\"og:image:height\" content=\"560\" \/>\n\t<meta property=\"og:image:type\" content=\"image\/jpeg\" \/>\n<meta name=\"author\" content=\"CGT Ense\u00f1anza Arag\u00f3n\" \/>\n<meta name=\"twitter:card\" content=\"summary_large_image\" \/>\n<meta name=\"twitter:creator\" content=\"@CGTeduAragon\" \/>\n<meta name=\"twitter:site\" content=\"@CGTeduAragon\" \/>\n<meta name=\"twitter:label1\" content=\"Escrito por\" \/>\n\t<meta name=\"twitter:data1\" content=\"CGT Ense\u00f1anza Arag\u00f3n\" \/>\n\t<meta name=\"twitter:label2\" content=\"Tiempo de lectura\" \/>\n\t<meta name=\"twitter:data2\" content=\"6 minutos\" \/>\n<script type=\"application\/ld+json\" class=\"yoast-schema-graph\">{\"@context\":\"https:\/\/schema.org\",\"@graph\":[{\"@type\":\"Article\",\"@id\":\"https:\/\/www.cgtaragonlarioja.org\/fedens\/el-profesorado-comunitario-hacia-una-nueva-cultura-docente-y-de-compromiso-social\/#article\",\"isPartOf\":{\"@id\":\"https:\/\/www.cgtaragonlarioja.org\/fedens\/el-profesorado-comunitario-hacia-una-nueva-cultura-docente-y-de-compromiso-social\/\"},\"author\":{\"name\":\"CGT Ense\u00f1anza Arag\u00f3n\",\"@id\":\"https:\/\/www.cgtaragonlarioja.org\/fedens\/#\/schema\/person\/f577cbf9ee1fb7519bfd883ac4f4032f\"},\"headline\":\"El profesorado comunitario: hacia una nueva cultura docente y de compromiso social\",\"datePublished\":\"2025-06-03T08:11:20+00:00\",\"mainEntityOfPage\":{\"@id\":\"https:\/\/www.cgtaragonlarioja.org\/fedens\/el-profesorado-comunitario-hacia-una-nueva-cultura-docente-y-de-compromiso-social\/\"},\"wordCount\":1344,\"commentCount\":0,\"publisher\":{\"@id\":\"https:\/\/www.cgtaragonlarioja.org\/fedens\/#organization\"},\"image\":{\"@id\":\"https:\/\/www.cgtaragonlarioja.org\/fedens\/el-profesorado-comunitario-hacia-una-nueva-cultura-docente-y-de-compromiso-social\/#primaryimage\"},\"thumbnailUrl\":\"https:\/\/www.cgtaragonlarioja.org\/fedens\/files\/2025\/06\/01_padres_de_familia_enmjn-1-989375249.jpg\",\"articleSection\":[\"A Debate\"],\"inLanguage\":\"es\",\"potentialAction\":[{\"@type\":\"CommentAction\",\"name\":\"Comment\",\"target\":[\"https:\/\/www.cgtaragonlarioja.org\/fedens\/el-profesorado-comunitario-hacia-una-nueva-cultura-docente-y-de-compromiso-social\/#respond\"]}]},{\"@type\":\"WebPage\",\"@id\":\"https:\/\/www.cgtaragonlarioja.org\/fedens\/el-profesorado-comunitario-hacia-una-nueva-cultura-docente-y-de-compromiso-social\/\",\"url\":\"https:\/\/www.cgtaragonlarioja.org\/fedens\/el-profesorado-comunitario-hacia-una-nueva-cultura-docente-y-de-compromiso-social\/\",\"name\":\"El profesorado comunitario: hacia una nueva cultura docente y de compromiso social\",\"isPartOf\":{\"@id\":\"https:\/\/www.cgtaragonlarioja.org\/fedens\/#website\"},\"primaryImageOfPage\":{\"@id\":\"https:\/\/www.cgtaragonlarioja.org\/fedens\/el-profesorado-comunitario-hacia-una-nueva-cultura-docente-y-de-compromiso-social\/#primaryimage\"},\"image\":{\"@id\":\"https:\/\/www.cgtaragonlarioja.org\/fedens\/el-profesorado-comunitario-hacia-una-nueva-cultura-docente-y-de-compromiso-social\/#primaryimage\"},\"thumbnailUrl\":\"https:\/\/www.cgtaragonlarioja.org\/fedens\/files\/2025\/06\/01_padres_de_familia_enmjn-1-989375249.jpg\",\"datePublished\":\"2025-06-03T08:11:20+00:00\",\"description\":\"La ense\u00f1anza convencional, anclada en rutinas y enfoques individualistas, est\u00e1 dando paso a una perspectiva m\u00e1s hol\u00edstica e inclusiva: la ense\u00f1anza\",\"breadcrumb\":{\"@id\":\"https:\/\/www.cgtaragonlarioja.org\/fedens\/el-profesorado-comunitario-hacia-una-nueva-cultura-docente-y-de-compromiso-social\/#breadcrumb\"},\"inLanguage\":\"es\",\"potentialAction\":[{\"@type\":\"ReadAction\",\"target\":[\"https:\/\/www.cgtaragonlarioja.org\/fedens\/el-profesorado-comunitario-hacia-una-nueva-cultura-docente-y-de-compromiso-social\/\"]}]},{\"@type\":\"ImageObject\",\"inLanguage\":\"es\",\"@id\":\"https:\/\/www.cgtaragonlarioja.org\/fedens\/el-profesorado-comunitario-hacia-una-nueva-cultura-docente-y-de-compromiso-social\/#primaryimage\",\"url\":\"https:\/\/www.cgtaragonlarioja.org\/fedens\/files\/2025\/06\/01_padres_de_familia_enmjn-1-989375249.jpg\",\"contentUrl\":\"https:\/\/www.cgtaragonlarioja.org\/fedens\/files\/2025\/06\/01_padres_de_familia_enmjn-1-989375249.jpg\",\"width\":1280,\"height\":560},{\"@type\":\"BreadcrumbList\",\"@id\":\"https:\/\/www.cgtaragonlarioja.org\/fedens\/el-profesorado-comunitario-hacia-una-nueva-cultura-docente-y-de-compromiso-social\/#breadcrumb\",\"itemListElement\":[{\"@type\":\"ListItem\",\"position\":1,\"name\":\"Portada\",\"item\":\"https:\/\/www.cgtaragonlarioja.org\/fedens\/\"},{\"@type\":\"ListItem\",\"position\":2,\"name\":\"El profesorado comunitario: hacia una nueva cultura docente y de compromiso social\"}]},{\"@type\":\"WebSite\",\"@id\":\"https:\/\/www.cgtaragonlarioja.org\/fedens\/#website\",\"url\":\"https:\/\/www.cgtaragonlarioja.org\/fedens\/\",\"name\":\"CGT Arag\u00f3n - La Rioja. ENSE\u00d1ANZA\",\"description\":\"CONTACTAR: Calatayud-Aranda: 654897973 \/ Huesca: 974238404 \/ Teruel: 978619265 \/ Zaragoza: 976922002\",\"publisher\":{\"@id\":\"https:\/\/www.cgtaragonlarioja.org\/fedens\/#organization\"},\"potentialAction\":[{\"@type\":\"SearchAction\",\"target\":{\"@type\":\"EntryPoint\",\"urlTemplate\":\"https:\/\/www.cgtaragonlarioja.org\/fedens\/?s={search_term_string}\"},\"query-input\":{\"@type\":\"PropertyValueSpecification\",\"valueRequired\":true,\"valueName\":\"search_term_string\"}}],\"inLanguage\":\"es\"},{\"@type\":\"Organization\",\"@id\":\"https:\/\/www.cgtaragonlarioja.org\/fedens\/#organization\",\"name\":\"CGT Arag\u00f3n y La Rioja - Ense\u00f1anza\",\"url\":\"https:\/\/www.cgtaragonlarioja.org\/fedens\/\",\"logo\":{\"@type\":\"ImageObject\",\"inLanguage\":\"es\",\"@id\":\"https:\/\/www.cgtaragonlarioja.org\/fedens\/#\/schema\/logo\/image\/\",\"url\":\"https:\/\/www.cgtaragonlarioja.org\/fedens\/files\/2021\/02\/logo_cgt_ense_huesca_170x250.png\",\"contentUrl\":\"https:\/\/www.cgtaragonlarioja.org\/fedens\/files\/2021\/02\/logo_cgt_ense_huesca_170x250.png\",\"width\":170,\"height\":250,\"caption\":\"CGT Arag\u00f3n y La Rioja - Ense\u00f1anza\"},\"image\":{\"@id\":\"https:\/\/www.cgtaragonlarioja.org\/fedens\/#\/schema\/logo\/image\/\"},\"sameAs\":[\"https:\/\/www.facebook.com\/CGTEnseAragon\/\",\"https:\/\/x.com\/CGTeduAragon\"]},{\"@type\":\"Person\",\"@id\":\"https:\/\/www.cgtaragonlarioja.org\/fedens\/#\/schema\/person\/f577cbf9ee1fb7519bfd883ac4f4032f\",\"name\":\"CGT Ense\u00f1anza Arag\u00f3n\",\"image\":{\"@type\":\"ImageObject\",\"inLanguage\":\"es\",\"@id\":\"https:\/\/www.cgtaragonlarioja.org\/fedens\/#\/schema\/person\/image\/\",\"url\":\"https:\/\/secure.gravatar.com\/avatar\/6591cafae8da970274bd48ef06b7f86ae2c2ba705fb2cdafa9b5f7f48c95a765?s=96&d=mm&r=g\",\"contentUrl\":\"https:\/\/secure.gravatar.com\/avatar\/6591cafae8da970274bd48ef06b7f86ae2c2ba705fb2cdafa9b5f7f48c95a765?s=96&d=mm&r=g\",\"caption\":\"CGT Ense\u00f1anza Arag\u00f3n\"},\"url\":\"https:\/\/www.cgtaragonlarioja.org\/fedens\/author\/fasecgt\/\"}]}<\/script>\n<!-- \/ Yoast SEO plugin. -->","yoast_head_json":{"title":"El profesorado comunitario: hacia una nueva cultura docente y de compromiso social","description":"La ense\u00f1anza convencional, anclada en rutinas y enfoques individualistas, est\u00e1 dando paso a una perspectiva m\u00e1s hol\u00edstica e inclusiva: la ense\u00f1anza","robots":{"index":"index","follow":"follow","max-snippet":"max-snippet:-1","max-image-preview":"max-image-preview:large","max-video-preview":"max-video-preview:-1"},"canonical":"https:\/\/www.cgtaragonlarioja.org\/fedens\/el-profesorado-comunitario-hacia-una-nueva-cultura-docente-y-de-compromiso-social\/","og_locale":"es_ES","og_type":"article","og_title":"El profesorado comunitario: hacia una nueva cultura docente y de compromiso social","og_description":"La ense\u00f1anza convencional, anclada en rutinas y enfoques individualistas, est\u00e1 dando paso a una perspectiva m\u00e1s hol\u00edstica e inclusiva: la ense\u00f1anza","og_url":"https:\/\/www.cgtaragonlarioja.org\/fedens\/el-profesorado-comunitario-hacia-una-nueva-cultura-docente-y-de-compromiso-social\/","og_site_name":"CGT Arag\u00f3n - La Rioja. ENSE\u00d1ANZA","article_publisher":"https:\/\/www.facebook.com\/CGTEnseAragon\/","article_published_time":"2025-06-03T08:11:20+00:00","og_image":[{"width":1280,"height":560,"url":"https:\/\/www.cgtaragonlarioja.org\/fedens\/files\/2025\/06\/01_padres_de_familia_enmjn-1-989375249.jpg","type":"image\/jpeg"}],"author":"CGT Ense\u00f1anza Arag\u00f3n","twitter_card":"summary_large_image","twitter_creator":"@CGTeduAragon","twitter_site":"@CGTeduAragon","twitter_misc":{"Escrito por":"CGT Ense\u00f1anza Arag\u00f3n","Tiempo de lectura":"6 minutos"},"schema":{"@context":"https:\/\/schema.org","@graph":[{"@type":"Article","@id":"https:\/\/www.cgtaragonlarioja.org\/fedens\/el-profesorado-comunitario-hacia-una-nueva-cultura-docente-y-de-compromiso-social\/#article","isPartOf":{"@id":"https:\/\/www.cgtaragonlarioja.org\/fedens\/el-profesorado-comunitario-hacia-una-nueva-cultura-docente-y-de-compromiso-social\/"},"author":{"name":"CGT Ense\u00f1anza Arag\u00f3n","@id":"https:\/\/www.cgtaragonlarioja.org\/fedens\/#\/schema\/person\/f577cbf9ee1fb7519bfd883ac4f4032f"},"headline":"El profesorado comunitario: hacia una nueva cultura docente y de compromiso social","datePublished":"2025-06-03T08:11:20+00:00","mainEntityOfPage":{"@id":"https:\/\/www.cgtaragonlarioja.org\/fedens\/el-profesorado-comunitario-hacia-una-nueva-cultura-docente-y-de-compromiso-social\/"},"wordCount":1344,"commentCount":0,"publisher":{"@id":"https:\/\/www.cgtaragonlarioja.org\/fedens\/#organization"},"image":{"@id":"https:\/\/www.cgtaragonlarioja.org\/fedens\/el-profesorado-comunitario-hacia-una-nueva-cultura-docente-y-de-compromiso-social\/#primaryimage"},"thumbnailUrl":"https:\/\/www.cgtaragonlarioja.org\/fedens\/files\/2025\/06\/01_padres_de_familia_enmjn-1-989375249.jpg","articleSection":["A Debate"],"inLanguage":"es","potentialAction":[{"@type":"CommentAction","name":"Comment","target":["https:\/\/www.cgtaragonlarioja.org\/fedens\/el-profesorado-comunitario-hacia-una-nueva-cultura-docente-y-de-compromiso-social\/#respond"]}]},{"@type":"WebPage","@id":"https:\/\/www.cgtaragonlarioja.org\/fedens\/el-profesorado-comunitario-hacia-una-nueva-cultura-docente-y-de-compromiso-social\/","url":"https:\/\/www.cgtaragonlarioja.org\/fedens\/el-profesorado-comunitario-hacia-una-nueva-cultura-docente-y-de-compromiso-social\/","name":"El profesorado comunitario: hacia una nueva cultura docente y de compromiso social","isPartOf":{"@id":"https:\/\/www.cgtaragonlarioja.org\/fedens\/#website"},"primaryImageOfPage":{"@id":"https:\/\/www.cgtaragonlarioja.org\/fedens\/el-profesorado-comunitario-hacia-una-nueva-cultura-docente-y-de-compromiso-social\/#primaryimage"},"image":{"@id":"https:\/\/www.cgtaragonlarioja.org\/fedens\/el-profesorado-comunitario-hacia-una-nueva-cultura-docente-y-de-compromiso-social\/#primaryimage"},"thumbnailUrl":"https:\/\/www.cgtaragonlarioja.org\/fedens\/files\/2025\/06\/01_padres_de_familia_enmjn-1-989375249.jpg","datePublished":"2025-06-03T08:11:20+00:00","description":"La ense\u00f1anza convencional, anclada en rutinas y enfoques individualistas, est\u00e1 dando paso a una perspectiva m\u00e1s hol\u00edstica e inclusiva: la ense\u00f1anza","breadcrumb":{"@id":"https:\/\/www.cgtaragonlarioja.org\/fedens\/el-profesorado-comunitario-hacia-una-nueva-cultura-docente-y-de-compromiso-social\/#breadcrumb"},"inLanguage":"es","potentialAction":[{"@type":"ReadAction","target":["https:\/\/www.cgtaragonlarioja.org\/fedens\/el-profesorado-comunitario-hacia-una-nueva-cultura-docente-y-de-compromiso-social\/"]}]},{"@type":"ImageObject","inLanguage":"es","@id":"https:\/\/www.cgtaragonlarioja.org\/fedens\/el-profesorado-comunitario-hacia-una-nueva-cultura-docente-y-de-compromiso-social\/#primaryimage","url":"https:\/\/www.cgtaragonlarioja.org\/fedens\/files\/2025\/06\/01_padres_de_familia_enmjn-1-989375249.jpg","contentUrl":"https:\/\/www.cgtaragonlarioja.org\/fedens\/files\/2025\/06\/01_padres_de_familia_enmjn-1-989375249.jpg","width":1280,"height":560},{"@type":"BreadcrumbList","@id":"https:\/\/www.cgtaragonlarioja.org\/fedens\/el-profesorado-comunitario-hacia-una-nueva-cultura-docente-y-de-compromiso-social\/#breadcrumb","itemListElement":[{"@type":"ListItem","position":1,"name":"Portada","item":"https:\/\/www.cgtaragonlarioja.org\/fedens\/"},{"@type":"ListItem","position":2,"name":"El profesorado comunitario: hacia una nueva cultura docente y de compromiso social"}]},{"@type":"WebSite","@id":"https:\/\/www.cgtaragonlarioja.org\/fedens\/#website","url":"https:\/\/www.cgtaragonlarioja.org\/fedens\/","name":"CGT Arag\u00f3n - La Rioja. ENSE\u00d1ANZA","description":"CONTACTAR: Calatayud-Aranda: 654897973 \/ Huesca: 974238404 \/ Teruel: 978619265 \/ Zaragoza: 976922002","publisher":{"@id":"https:\/\/www.cgtaragonlarioja.org\/fedens\/#organization"},"potentialAction":[{"@type":"SearchAction","target":{"@type":"EntryPoint","urlTemplate":"https:\/\/www.cgtaragonlarioja.org\/fedens\/?s={search_term_string}"},"query-input":{"@type":"PropertyValueSpecification","valueRequired":true,"valueName":"search_term_string"}}],"inLanguage":"es"},{"@type":"Organization","@id":"https:\/\/www.cgtaragonlarioja.org\/fedens\/#organization","name":"CGT Arag\u00f3n y La Rioja - Ense\u00f1anza","url":"https:\/\/www.cgtaragonlarioja.org\/fedens\/","logo":{"@type":"ImageObject","inLanguage":"es","@id":"https:\/\/www.cgtaragonlarioja.org\/fedens\/#\/schema\/logo\/image\/","url":"https:\/\/www.cgtaragonlarioja.org\/fedens\/files\/2021\/02\/logo_cgt_ense_huesca_170x250.png","contentUrl":"https:\/\/www.cgtaragonlarioja.org\/fedens\/files\/2021\/02\/logo_cgt_ense_huesca_170x250.png","width":170,"height":250,"caption":"CGT Arag\u00f3n y La Rioja - Ense\u00f1anza"},"image":{"@id":"https:\/\/www.cgtaragonlarioja.org\/fedens\/#\/schema\/logo\/image\/"},"sameAs":["https:\/\/www.facebook.com\/CGTEnseAragon\/","https:\/\/x.com\/CGTeduAragon"]},{"@type":"Person","@id":"https:\/\/www.cgtaragonlarioja.org\/fedens\/#\/schema\/person\/f577cbf9ee1fb7519bfd883ac4f4032f","name":"CGT Ense\u00f1anza Arag\u00f3n","image":{"@type":"ImageObject","inLanguage":"es","@id":"https:\/\/www.cgtaragonlarioja.org\/fedens\/#\/schema\/person\/image\/","url":"https:\/\/secure.gravatar.com\/avatar\/6591cafae8da970274bd48ef06b7f86ae2c2ba705fb2cdafa9b5f7f48c95a765?s=96&d=mm&r=g","contentUrl":"https:\/\/secure.gravatar.com\/avatar\/6591cafae8da970274bd48ef06b7f86ae2c2ba705fb2cdafa9b5f7f48c95a765?s=96&d=mm&r=g","caption":"CGT Ense\u00f1anza Arag\u00f3n"},"url":"https:\/\/www.cgtaragonlarioja.org\/fedens\/author\/fasecgt\/"}]}},"_links":{"self":[{"href":"https:\/\/www.cgtaragonlarioja.org\/fedens\/wp-json\/wp\/v2\/posts\/21574","targetHints":{"allow":["GET"]}}],"collection":[{"href":"https:\/\/www.cgtaragonlarioja.org\/fedens\/wp-json\/wp\/v2\/posts"}],"about":[{"href":"https:\/\/www.cgtaragonlarioja.org\/fedens\/wp-json\/wp\/v2\/types\/post"}],"author":[{"embeddable":true,"href":"https:\/\/www.cgtaragonlarioja.org\/fedens\/wp-json\/wp\/v2\/users\/854"}],"replies":[{"embeddable":true,"href":"https:\/\/www.cgtaragonlarioja.org\/fedens\/wp-json\/wp\/v2\/comments?post=21574"}],"version-history":[{"count":1,"href":"https:\/\/www.cgtaragonlarioja.org\/fedens\/wp-json\/wp\/v2\/posts\/21574\/revisions"}],"predecessor-version":[{"id":21576,"href":"https:\/\/www.cgtaragonlarioja.org\/fedens\/wp-json\/wp\/v2\/posts\/21574\/revisions\/21576"}],"wp:featuredmedia":[{"embeddable":true,"href":"https:\/\/www.cgtaragonlarioja.org\/fedens\/wp-json\/wp\/v2\/media\/21575"}],"wp:attachment":[{"href":"https:\/\/www.cgtaragonlarioja.org\/fedens\/wp-json\/wp\/v2\/media?parent=21574"}],"wp:term":[{"taxonomy":"category","embeddable":true,"href":"https:\/\/www.cgtaragonlarioja.org\/fedens\/wp-json\/wp\/v2\/categories?post=21574"},{"taxonomy":"post_tag","embeddable":true,"href":"https:\/\/www.cgtaragonlarioja.org\/fedens\/wp-json\/wp\/v2\/tags?post=21574"}],"curies":[{"name":"wp","href":"https:\/\/api.w.org\/{rel}","templated":true}]}}