{"id":21563,"date":"2025-05-29T17:30:57","date_gmt":"2025-05-29T15:30:57","guid":{"rendered":"https:\/\/www.cgtaragonlarioja.org\/fedens\/?p=21563"},"modified":"2025-05-29T18:03:03","modified_gmt":"2025-05-29T16:03:03","slug":"inaccion-climatica-de-las-administraciones","status":"publish","type":"post","link":"https:\/\/www.cgtaragonlarioja.org\/fedens\/inaccion-climatica-de-las-administraciones\/","title":{"rendered":"INACCI\u00d3N CLIM\u00c1TICA DE LAS ADMINISTRACIONES"},"content":{"rendered":"<h1 class=\"western\" lang=\"\" align=\"CENTER\"><span style=\"color: #000000;font-family: verdana, geneva, sans-serif;font-size: 12pt\"><u>CGT critica la inacci\u00f3n clim\u00e1tica de las administraciones\u00a0<\/u><\/span><\/h1>\n<p align=\"JUSTIFY\"><span style=\"color: #000000;font-family: verdana, geneva, sans-serif;font-size: 10pt\">Con el aumento (cada a\u00f1o de r\u00e9cord) de las temperaturas, podemos llegar a\u00a0 tener aulas a 36\u00ba desde el inicio de las clases, con 25 ni\u00f1os; y a la una de la tarde superar los 37 grados, quedando todav\u00eda las reuniones de evaluaci\u00f3n, coordinaci\u00f3n y tutor\u00edas. Los golpes de calor e insolaciones generan \u00edndices de absentismo entre el alumnado similares a los que provocan gripes y virus respiratorios en invierno, y las docentes resisten como pueden apurando sus fuerzas f\u00edsicas a costa de su salud.<\/span><\/p>\n<p align=\"JUSTIFY\"><span style=\"font-family: verdana, geneva, sans-serif;font-size: 10pt\">El tema de riesgos laborales y altas temperaturas es subsidiario de un problema medioambiental global; <strong>para CGT Ense\u00f1anza la lucha es el desarrollo de un Plan Integral de Sostenibilidad, Eficiencia Energ\u00e9tica y Adaptaci\u00f3n al Cambio Clim\u00e1tico en los centros educativos p\u00fablicos<\/strong>.<\/span><br \/>\n<span style=\"font-family: verdana, geneva, sans-serif;font-size: 10pt\"><span style=\"color: #000000\">Tanto el Ayuntamiento como el Departamento de Educaci\u00f3n tienen competencias y responsabilidades al respecto que no est\u00e1n asumiendo: <\/span><span style=\"color: #000000\">el curso pasado iniciaron la instalaci\u00f3n de placas solares en algunos centros sin que logr\u00e1ramos que se nos informara de la previsi\u00f3n y plazos para cubrir la instalaci\u00f3n en todos los centros aragoneses.<\/span><\/span><\/p>\n<p align=\"JUSTIFY\"><span style=\"font-family: verdana, geneva, sans-serif;font-size: 10pt\"><span style=\"color: #000000\">Persisten en su afrontamiento anecd\u00f3tico, m\u00e1s ret\u00f3rico que pr\u00e1ctico, en lo que a\u00a0 la <strong>Renaturalizaci\u00f3n<\/strong> de patios escolares se refiere.\u00a0Se trata de un modelo escandalosamente insuficiente y segregador, ya que al ser la comunidad educativa la que debe dise\u00f1ar y redactar el proyecto, el nivel sociocultural y econ\u00f3mico determina el acceso a esa renaturalizaci\u00f3n, puesto que el tiempo necesario y la capacidad de coordinar, dise\u00f1ar y redactar el complejo documento requerido est\u00e1 condicionado por la posibilidad de conciliaci\u00f3n (mayor en puestos m\u00e1s cualificados) y la formaci\u00f3n suficiente (de nuevo, mayor en la poblaci\u00f3n de unos barrios frente a otros). Adem\u00e1s, se vuelca el trabajo de coordinaci\u00f3n\u00a0 (dise\u00f1o, desarrollo e implantaci\u00f3n) en el cuerpo docente, que impulsa estos proyectos a\u00f1adiendo m\u00e1s labores extras que exceden sus funciones y jornadas laborales. La participaci\u00f3n de la comunidad educativa es un valor, sin duda, pero el derecho a acceder a mejores condiciones de aprendizaje y de trabajo, debe ser igual para todo el alumnado y profesorado, independientemente de que su proyecto sea seleccionado o no.<\/span><\/span><\/p>\n<p align=\"JUSTIFY\"><span style=\"font-family: verdana, geneva, sans-serif;font-size: 10pt;color: #000000\">Desde CGT entendemos que el dise\u00f1o de proyectos de remodelaci\u00f3n de espacios escolares debe ser realizado e impulsado desde las Administraciones P\u00fablicas, ya que es su competencia, abriendo dichos proyectos a la participaci\u00f3n de la comunidad educativa para su adaptaci\u00f3n a los entornos particulares. Hasta que Ayuntamiento y Gobierno no realicen un Plan Integral y coordinado entre los departamentos implicados\u00a0 (Medio Ambiente y Educaci\u00f3n entre otros) , no se pondr\u00e1 remedio a este <strong>problema de salud p\u00fablica y laboral<\/strong>. Dicho Plan debe incluir medidas paliativas m\u00ednimas generalizadas a todos los centros: la reducci\u00f3n del cemento en patios escolares; los puntos de agua para refrigerarse ye hidratarse la creaci\u00f3n de zonas verdes y de sombra que respeten las necesidades l\u00fadicas y educativas; y una climatizaci\u00f3n adecuada y sostenible de los espacios escolares, para mantener las aulas dentro de la normativa laboral (17\u00ba-27\u00ba para trabajos sedentarios \/ 14\u00ba-25\u00ba en trabajos que impliquen actividad ligera). Esto solo ser\u00e1 posible cuando se fijen plazos y se acuerde una partida presupuestaria suficiente.<\/span><\/p>\n<p align=\"JUSTIFY\"><span style=\"font-family: verdana, geneva, sans-serif;font-size: 10pt;color: #000000\">Tendr\u00edan una motivaci\u00f3n extra nuestros esquivos gestores si comprendieran de una vez que este Plan integral de bioconstrucci\u00f3n y adaptaci\u00f3n de edificios educativos p\u00fablicos generar\u00eda un <strong>sector econ\u00f3mico, profesional y productivo estrat\u00e9gico para la comunidad de Arag\u00f3n<\/strong>: instalaci\u00f3n de cerramientos en ventanas, placas, naturalizaci\u00f3n,&#8230;\u00a0 Igual que han hecho con los centros de datos en los que se van a invertir <strong>de 50 a 70<\/strong> <strong>millones,<\/strong> podr\u00edan saltarse tr\u00e1mites y agilizar la puesta en marcha de aqu\u00ed a un a\u00f1o. <\/span><\/p>\n<p style=\"text-align: center\" align=\"JUSTIFY\"><strong><span style=\"font-family: verdana, geneva, sans-serif;font-size: 10pt\">Que al menos lleven a cabo las mismas medidas e inversiones en sostenibilidad que en contaminaci\u00f3n.<\/span><\/strong><\/p>\n<div style=\"width: 640px;\" class=\"wp-video\"><video class=\"wp-video-shortcode\" id=\"video-21563-1\" width=\"640\" height=\"360\" preload=\"metadata\" controls=\"controls\"><source type=\"video\/mp4\" src=\"https:\/\/www.cgtaragonlarioja.org\/fedens\/files\/2025\/05\/altas-temperaturas-2025TVE-Aragon.mp4?_=1\" \/><a href=\"https:\/\/www.cgtaragonlarioja.org\/fedens\/files\/2025\/05\/altas-temperaturas-2025TVE-Aragon.mp4\">https:\/\/www.cgtaragonlarioja.org\/fedens\/files\/2025\/05\/altas-temperaturas-2025TVE-Aragon.mp4<\/a><\/video><\/div>\n<p>&nbsp;<\/p>\n<p><span style=\"font-family: verdana, geneva, sans-serif;font-size: 10pt\">Como de momento persisten en su inacci\u00f3n, persistamos en nuestro activismo y <strong>ANTE LA LLEGADA DE ALTAS TEMPERATURAS, RECUERDA<\/strong>:<\/span><\/p>\n<p><span style=\"font-family: verdana, geneva, sans-serif;font-size: 10pt\">\u2705 Puedes denunciar el incumplimiento de la legislaci\u00f3n laboral ante Inspecci\u00f3n de Trabajo<\/span><\/p>\n<p><span style=\"font-family: verdana, geneva, sans-serif;font-size: 10pt\">\u2705 Si sufres golpe de calor o insolaci\u00f3n, tienes que presentar parte de accidente de trabajo\u00a0<\/span><\/p>\n<h1 class=\"western\" lang=\"\" align=\"CENTER\"><span style=\"color: #000000;font-family: verdana, geneva, sans-serif;font-size: 12pt\"><u><img loading=\"lazy\" decoding=\"async\" class=\"size-medium wp-image-21565 aligncenter\" src=\"https:\/\/www.cgtaragonlarioja.org\/fedens\/files\/2025\/05\/IMG_20250529_150157_394-225x300.jpg\" alt=\"\" width=\"225\" height=\"300\" srcset=\"https:\/\/www.cgtaragonlarioja.org\/fedens\/files\/2025\/05\/IMG_20250529_150157_394-225x300.jpg 225w, https:\/\/www.cgtaragonlarioja.org\/fedens\/files\/2025\/05\/IMG_20250529_150157_394-768x1024.jpg 768w, https:\/\/www.cgtaragonlarioja.org\/fedens\/files\/2025\/05\/IMG_20250529_150157_394-450x600.jpg 450w, https:\/\/www.cgtaragonlarioja.org\/fedens\/files\/2025\/05\/IMG_20250529_150157_394.jpg 960w\" sizes=\"auto, (max-width: 225px) 100vw, 225px\" \/><\/u><\/span><\/h1>\n","protected":false},"excerpt":{"rendered":"<p>CGT critica la inacci\u00f3n clim\u00e1tica de las administraciones\u00a0 Con el aumento (cada a\u00f1o de r\u00e9cord)<\/p>\n","protected":false},"author":854,"featured_media":21571,"comment_status":"open","ping_status":"open","sticky":false,"template":"","format":"standard","meta":{"footnotes":""},"categories":[480],"tags":[],"class_list":["post-21563","post","type-post","status-publish","format-standard","has-post-thumbnail","hentry","category-noticias"],"yoast_head":"<!-- This site is optimized with the Yoast SEO plugin v26.7 - https:\/\/yoast.com\/wordpress\/plugins\/seo\/ -->\n<title>INACCI\u00d3N CLIM\u00c1TICA DE LAS ADMINISTRACIONES<\/title>\n<meta name=\"description\" content=\"CGT critica la inacci\u00f3n clim\u00e1tica de las administraciones\u00a0 Con el aumento (cada a\u00f1o de r\u00e9cord) de las temperaturas, podemos llegar a\u00a0 tener aulas a 36\u00ba\" \/>\n<meta name=\"robots\" content=\"index, follow, max-snippet:-1, max-image-preview:large, max-video-preview:-1\" \/>\n<link rel=\"canonical\" href=\"https:\/\/www.cgtaragonlarioja.org\/fedens\/inaccion-climatica-de-las-administraciones\/\" \/>\n<meta property=\"og:locale\" content=\"es_ES\" \/>\n<meta property=\"og:type\" content=\"article\" \/>\n<meta property=\"og:title\" content=\"INACCI\u00d3N CLIM\u00c1TICA DE LAS ADMINISTRACIONES\" \/>\n<meta property=\"og:description\" content=\"CGT critica la inacci\u00f3n clim\u00e1tica de las administraciones\u00a0 Con el aumento (cada a\u00f1o de r\u00e9cord) de las temperaturas, podemos llegar a\u00a0 tener aulas a 36\u00ba\" \/>\n<meta property=\"og:url\" content=\"https:\/\/www.cgtaragonlarioja.org\/fedens\/inaccion-climatica-de-las-administraciones\/\" \/>\n<meta property=\"og:site_name\" content=\"CGT Arag\u00f3n - La Rioja. ENSE\u00d1ANZA\" \/>\n<meta property=\"article:publisher\" content=\"https:\/\/www.facebook.com\/CGTEnseAragon\/\" \/>\n<meta property=\"article:published_time\" content=\"2025-05-29T15:30:57+00:00\" \/>\n<meta property=\"article:modified_time\" content=\"2025-05-29T16:03:03+00:00\" \/>\n<meta property=\"og:image\" content=\"https:\/\/www.cgtaragonlarioja.org\/fedens\/files\/2025\/05\/renatralizacion-de-patios.jpg\" \/>\n\t<meta property=\"og:image:width\" content=\"905\" \/>\n\t<meta property=\"og:image:height\" content=\"1280\" \/>\n\t<meta property=\"og:image:type\" content=\"image\/jpeg\" \/>\n<meta name=\"author\" content=\"CGT Ense\u00f1anza Arag\u00f3n\" \/>\n<meta name=\"twitter:card\" content=\"summary_large_image\" \/>\n<meta name=\"twitter:creator\" content=\"@CGTeduAragon\" \/>\n<meta name=\"twitter:site\" content=\"@CGTeduAragon\" \/>\n<meta name=\"twitter:label1\" content=\"Escrito por\" \/>\n\t<meta name=\"twitter:data1\" content=\"CGT Ense\u00f1anza Arag\u00f3n\" \/>\n\t<meta name=\"twitter:label2\" content=\"Tiempo de lectura\" \/>\n\t<meta name=\"twitter:data2\" content=\"4 minutos\" \/>\n<script type=\"application\/ld+json\" class=\"yoast-schema-graph\">{\"@context\":\"https:\/\/schema.org\",\"@graph\":[{\"@type\":\"Article\",\"@id\":\"https:\/\/www.cgtaragonlarioja.org\/fedens\/inaccion-climatica-de-las-administraciones\/#article\",\"isPartOf\":{\"@id\":\"https:\/\/www.cgtaragonlarioja.org\/fedens\/inaccion-climatica-de-las-administraciones\/\"},\"author\":{\"name\":\"CGT Ense\u00f1anza Arag\u00f3n\",\"@id\":\"https:\/\/www.cgtaragonlarioja.org\/fedens\/#\/schema\/person\/f577cbf9ee1fb7519bfd883ac4f4032f\"},\"headline\":\"INACCI\u00d3N CLIM\u00c1TICA DE LAS ADMINISTRACIONES\",\"datePublished\":\"2025-05-29T15:30:57+00:00\",\"dateModified\":\"2025-05-29T16:03:03+00:00\",\"mainEntityOfPage\":{\"@id\":\"https:\/\/www.cgtaragonlarioja.org\/fedens\/inaccion-climatica-de-las-administraciones\/\"},\"wordCount\":752,\"commentCount\":0,\"publisher\":{\"@id\":\"https:\/\/www.cgtaragonlarioja.org\/fedens\/#organization\"},\"image\":{\"@id\":\"https:\/\/www.cgtaragonlarioja.org\/fedens\/inaccion-climatica-de-las-administraciones\/#primaryimage\"},\"thumbnailUrl\":\"https:\/\/www.cgtaragonlarioja.org\/fedens\/files\/2025\/05\/renatralizacion-de-patios.jpg\",\"articleSection\":[\"Noticias\"],\"inLanguage\":\"es\",\"potentialAction\":[{\"@type\":\"CommentAction\",\"name\":\"Comment\",\"target\":[\"https:\/\/www.cgtaragonlarioja.org\/fedens\/inaccion-climatica-de-las-administraciones\/#respond\"]}]},{\"@type\":\"WebPage\",\"@id\":\"https:\/\/www.cgtaragonlarioja.org\/fedens\/inaccion-climatica-de-las-administraciones\/\",\"url\":\"https:\/\/www.cgtaragonlarioja.org\/fedens\/inaccion-climatica-de-las-administraciones\/\",\"name\":\"INACCI\u00d3N CLIM\u00c1TICA DE LAS ADMINISTRACIONES\",\"isPartOf\":{\"@id\":\"https:\/\/www.cgtaragonlarioja.org\/fedens\/#website\"},\"primaryImageOfPage\":{\"@id\":\"https:\/\/www.cgtaragonlarioja.org\/fedens\/inaccion-climatica-de-las-administraciones\/#primaryimage\"},\"image\":{\"@id\":\"https:\/\/www.cgtaragonlarioja.org\/fedens\/inaccion-climatica-de-las-administraciones\/#primaryimage\"},\"thumbnailUrl\":\"https:\/\/www.cgtaragonlarioja.org\/fedens\/files\/2025\/05\/renatralizacion-de-patios.jpg\",\"datePublished\":\"2025-05-29T15:30:57+00:00\",\"dateModified\":\"2025-05-29T16:03:03+00:00\",\"description\":\"CGT critica la inacci\u00f3n clim\u00e1tica de las administraciones\u00a0 Con el aumento (cada a\u00f1o de r\u00e9cord) de las temperaturas, podemos llegar a\u00a0 tener aulas a 36\u00ba\",\"breadcrumb\":{\"@id\":\"https:\/\/www.cgtaragonlarioja.org\/fedens\/inaccion-climatica-de-las-administraciones\/#breadcrumb\"},\"inLanguage\":\"es\",\"potentialAction\":[{\"@type\":\"ReadAction\",\"target\":[\"https:\/\/www.cgtaragonlarioja.org\/fedens\/inaccion-climatica-de-las-administraciones\/\"]}]},{\"@type\":\"ImageObject\",\"inLanguage\":\"es\",\"@id\":\"https:\/\/www.cgtaragonlarioja.org\/fedens\/inaccion-climatica-de-las-administraciones\/#primaryimage\",\"url\":\"https:\/\/www.cgtaragonlarioja.org\/fedens\/files\/2025\/05\/renatralizacion-de-patios.jpg\",\"contentUrl\":\"https:\/\/www.cgtaragonlarioja.org\/fedens\/files\/2025\/05\/renatralizacion-de-patios.jpg\",\"width\":905,\"height\":1280},{\"@type\":\"BreadcrumbList\",\"@id\":\"https:\/\/www.cgtaragonlarioja.org\/fedens\/inaccion-climatica-de-las-administraciones\/#breadcrumb\",\"itemListElement\":[{\"@type\":\"ListItem\",\"position\":1,\"name\":\"Portada\",\"item\":\"https:\/\/www.cgtaragonlarioja.org\/fedens\/\"},{\"@type\":\"ListItem\",\"position\":2,\"name\":\"INACCI\u00d3N CLIM\u00c1TICA DE LAS ADMINISTRACIONES\"}]},{\"@type\":\"WebSite\",\"@id\":\"https:\/\/www.cgtaragonlarioja.org\/fedens\/#website\",\"url\":\"https:\/\/www.cgtaragonlarioja.org\/fedens\/\",\"name\":\"CGT Arag\u00f3n - La Rioja. ENSE\u00d1ANZA\",\"description\":\"CONTACTAR: Calatayud-Aranda: 654897973 \/ Huesca: 974238404 \/ Teruel: 978619265 \/ Zaragoza: 976922002\",\"publisher\":{\"@id\":\"https:\/\/www.cgtaragonlarioja.org\/fedens\/#organization\"},\"potentialAction\":[{\"@type\":\"SearchAction\",\"target\":{\"@type\":\"EntryPoint\",\"urlTemplate\":\"https:\/\/www.cgtaragonlarioja.org\/fedens\/?s={search_term_string}\"},\"query-input\":{\"@type\":\"PropertyValueSpecification\",\"valueRequired\":true,\"valueName\":\"search_term_string\"}}],\"inLanguage\":\"es\"},{\"@type\":\"Organization\",\"@id\":\"https:\/\/www.cgtaragonlarioja.org\/fedens\/#organization\",\"name\":\"CGT Arag\u00f3n y La Rioja - Ense\u00f1anza\",\"url\":\"https:\/\/www.cgtaragonlarioja.org\/fedens\/\",\"logo\":{\"@type\":\"ImageObject\",\"inLanguage\":\"es\",\"@id\":\"https:\/\/www.cgtaragonlarioja.org\/fedens\/#\/schema\/logo\/image\/\",\"url\":\"https:\/\/www.cgtaragonlarioja.org\/fedens\/files\/2021\/02\/logo_cgt_ense_huesca_170x250.png\",\"contentUrl\":\"https:\/\/www.cgtaragonlarioja.org\/fedens\/files\/2021\/02\/logo_cgt_ense_huesca_170x250.png\",\"width\":170,\"height\":250,\"caption\":\"CGT Arag\u00f3n y La Rioja - Ense\u00f1anza\"},\"image\":{\"@id\":\"https:\/\/www.cgtaragonlarioja.org\/fedens\/#\/schema\/logo\/image\/\"},\"sameAs\":[\"https:\/\/www.facebook.com\/CGTEnseAragon\/\",\"https:\/\/x.com\/CGTeduAragon\"]},{\"@type\":\"Person\",\"@id\":\"https:\/\/www.cgtaragonlarioja.org\/fedens\/#\/schema\/person\/f577cbf9ee1fb7519bfd883ac4f4032f\",\"name\":\"CGT Ense\u00f1anza Arag\u00f3n\",\"image\":{\"@type\":\"ImageObject\",\"inLanguage\":\"es\",\"@id\":\"https:\/\/www.cgtaragonlarioja.org\/fedens\/#\/schema\/person\/image\/\",\"url\":\"https:\/\/secure.gravatar.com\/avatar\/6591cafae8da970274bd48ef06b7f86ae2c2ba705fb2cdafa9b5f7f48c95a765?s=96&d=mm&r=g\",\"contentUrl\":\"https:\/\/secure.gravatar.com\/avatar\/6591cafae8da970274bd48ef06b7f86ae2c2ba705fb2cdafa9b5f7f48c95a765?s=96&d=mm&r=g\",\"caption\":\"CGT Ense\u00f1anza Arag\u00f3n\"},\"url\":\"https:\/\/www.cgtaragonlarioja.org\/fedens\/author\/fasecgt\/\"}]}<\/script>\n<!-- \/ Yoast SEO plugin. -->","yoast_head_json":{"title":"INACCI\u00d3N CLIM\u00c1TICA DE LAS ADMINISTRACIONES","description":"CGT critica la inacci\u00f3n clim\u00e1tica de las administraciones\u00a0 Con el aumento (cada a\u00f1o de r\u00e9cord) de las temperaturas, podemos llegar a\u00a0 tener aulas a 36\u00ba","robots":{"index":"index","follow":"follow","max-snippet":"max-snippet:-1","max-image-preview":"max-image-preview:large","max-video-preview":"max-video-preview:-1"},"canonical":"https:\/\/www.cgtaragonlarioja.org\/fedens\/inaccion-climatica-de-las-administraciones\/","og_locale":"es_ES","og_type":"article","og_title":"INACCI\u00d3N CLIM\u00c1TICA DE LAS ADMINISTRACIONES","og_description":"CGT critica la inacci\u00f3n clim\u00e1tica de las administraciones\u00a0 Con el aumento (cada a\u00f1o de r\u00e9cord) de las temperaturas, podemos llegar a\u00a0 tener aulas a 36\u00ba","og_url":"https:\/\/www.cgtaragonlarioja.org\/fedens\/inaccion-climatica-de-las-administraciones\/","og_site_name":"CGT Arag\u00f3n - La Rioja. ENSE\u00d1ANZA","article_publisher":"https:\/\/www.facebook.com\/CGTEnseAragon\/","article_published_time":"2025-05-29T15:30:57+00:00","article_modified_time":"2025-05-29T16:03:03+00:00","og_image":[{"width":905,"height":1280,"url":"https:\/\/www.cgtaragonlarioja.org\/fedens\/files\/2025\/05\/renatralizacion-de-patios.jpg","type":"image\/jpeg"}],"author":"CGT Ense\u00f1anza Arag\u00f3n","twitter_card":"summary_large_image","twitter_creator":"@CGTeduAragon","twitter_site":"@CGTeduAragon","twitter_misc":{"Escrito por":"CGT Ense\u00f1anza Arag\u00f3n","Tiempo de lectura":"4 minutos"},"schema":{"@context":"https:\/\/schema.org","@graph":[{"@type":"Article","@id":"https:\/\/www.cgtaragonlarioja.org\/fedens\/inaccion-climatica-de-las-administraciones\/#article","isPartOf":{"@id":"https:\/\/www.cgtaragonlarioja.org\/fedens\/inaccion-climatica-de-las-administraciones\/"},"author":{"name":"CGT Ense\u00f1anza Arag\u00f3n","@id":"https:\/\/www.cgtaragonlarioja.org\/fedens\/#\/schema\/person\/f577cbf9ee1fb7519bfd883ac4f4032f"},"headline":"INACCI\u00d3N CLIM\u00c1TICA DE LAS ADMINISTRACIONES","datePublished":"2025-05-29T15:30:57+00:00","dateModified":"2025-05-29T16:03:03+00:00","mainEntityOfPage":{"@id":"https:\/\/www.cgtaragonlarioja.org\/fedens\/inaccion-climatica-de-las-administraciones\/"},"wordCount":752,"commentCount":0,"publisher":{"@id":"https:\/\/www.cgtaragonlarioja.org\/fedens\/#organization"},"image":{"@id":"https:\/\/www.cgtaragonlarioja.org\/fedens\/inaccion-climatica-de-las-administraciones\/#primaryimage"},"thumbnailUrl":"https:\/\/www.cgtaragonlarioja.org\/fedens\/files\/2025\/05\/renatralizacion-de-patios.jpg","articleSection":["Noticias"],"inLanguage":"es","potentialAction":[{"@type":"CommentAction","name":"Comment","target":["https:\/\/www.cgtaragonlarioja.org\/fedens\/inaccion-climatica-de-las-administraciones\/#respond"]}]},{"@type":"WebPage","@id":"https:\/\/www.cgtaragonlarioja.org\/fedens\/inaccion-climatica-de-las-administraciones\/","url":"https:\/\/www.cgtaragonlarioja.org\/fedens\/inaccion-climatica-de-las-administraciones\/","name":"INACCI\u00d3N CLIM\u00c1TICA DE LAS ADMINISTRACIONES","isPartOf":{"@id":"https:\/\/www.cgtaragonlarioja.org\/fedens\/#website"},"primaryImageOfPage":{"@id":"https:\/\/www.cgtaragonlarioja.org\/fedens\/inaccion-climatica-de-las-administraciones\/#primaryimage"},"image":{"@id":"https:\/\/www.cgtaragonlarioja.org\/fedens\/inaccion-climatica-de-las-administraciones\/#primaryimage"},"thumbnailUrl":"https:\/\/www.cgtaragonlarioja.org\/fedens\/files\/2025\/05\/renatralizacion-de-patios.jpg","datePublished":"2025-05-29T15:30:57+00:00","dateModified":"2025-05-29T16:03:03+00:00","description":"CGT critica la inacci\u00f3n clim\u00e1tica de las administraciones\u00a0 Con el aumento (cada a\u00f1o de r\u00e9cord) de las temperaturas, podemos llegar a\u00a0 tener aulas a 36\u00ba","breadcrumb":{"@id":"https:\/\/www.cgtaragonlarioja.org\/fedens\/inaccion-climatica-de-las-administraciones\/#breadcrumb"},"inLanguage":"es","potentialAction":[{"@type":"ReadAction","target":["https:\/\/www.cgtaragonlarioja.org\/fedens\/inaccion-climatica-de-las-administraciones\/"]}]},{"@type":"ImageObject","inLanguage":"es","@id":"https:\/\/www.cgtaragonlarioja.org\/fedens\/inaccion-climatica-de-las-administraciones\/#primaryimage","url":"https:\/\/www.cgtaragonlarioja.org\/fedens\/files\/2025\/05\/renatralizacion-de-patios.jpg","contentUrl":"https:\/\/www.cgtaragonlarioja.org\/fedens\/files\/2025\/05\/renatralizacion-de-patios.jpg","width":905,"height":1280},{"@type":"BreadcrumbList","@id":"https:\/\/www.cgtaragonlarioja.org\/fedens\/inaccion-climatica-de-las-administraciones\/#breadcrumb","itemListElement":[{"@type":"ListItem","position":1,"name":"Portada","item":"https:\/\/www.cgtaragonlarioja.org\/fedens\/"},{"@type":"ListItem","position":2,"name":"INACCI\u00d3N CLIM\u00c1TICA DE LAS ADMINISTRACIONES"}]},{"@type":"WebSite","@id":"https:\/\/www.cgtaragonlarioja.org\/fedens\/#website","url":"https:\/\/www.cgtaragonlarioja.org\/fedens\/","name":"CGT Arag\u00f3n - La Rioja. ENSE\u00d1ANZA","description":"CONTACTAR: Calatayud-Aranda: 654897973 \/ Huesca: 974238404 \/ Teruel: 978619265 \/ Zaragoza: 976922002","publisher":{"@id":"https:\/\/www.cgtaragonlarioja.org\/fedens\/#organization"},"potentialAction":[{"@type":"SearchAction","target":{"@type":"EntryPoint","urlTemplate":"https:\/\/www.cgtaragonlarioja.org\/fedens\/?s={search_term_string}"},"query-input":{"@type":"PropertyValueSpecification","valueRequired":true,"valueName":"search_term_string"}}],"inLanguage":"es"},{"@type":"Organization","@id":"https:\/\/www.cgtaragonlarioja.org\/fedens\/#organization","name":"CGT Arag\u00f3n y La Rioja - Ense\u00f1anza","url":"https:\/\/www.cgtaragonlarioja.org\/fedens\/","logo":{"@type":"ImageObject","inLanguage":"es","@id":"https:\/\/www.cgtaragonlarioja.org\/fedens\/#\/schema\/logo\/image\/","url":"https:\/\/www.cgtaragonlarioja.org\/fedens\/files\/2021\/02\/logo_cgt_ense_huesca_170x250.png","contentUrl":"https:\/\/www.cgtaragonlarioja.org\/fedens\/files\/2021\/02\/logo_cgt_ense_huesca_170x250.png","width":170,"height":250,"caption":"CGT Arag\u00f3n y La Rioja - Ense\u00f1anza"},"image":{"@id":"https:\/\/www.cgtaragonlarioja.org\/fedens\/#\/schema\/logo\/image\/"},"sameAs":["https:\/\/www.facebook.com\/CGTEnseAragon\/","https:\/\/x.com\/CGTeduAragon"]},{"@type":"Person","@id":"https:\/\/www.cgtaragonlarioja.org\/fedens\/#\/schema\/person\/f577cbf9ee1fb7519bfd883ac4f4032f","name":"CGT Ense\u00f1anza Arag\u00f3n","image":{"@type":"ImageObject","inLanguage":"es","@id":"https:\/\/www.cgtaragonlarioja.org\/fedens\/#\/schema\/person\/image\/","url":"https:\/\/secure.gravatar.com\/avatar\/6591cafae8da970274bd48ef06b7f86ae2c2ba705fb2cdafa9b5f7f48c95a765?s=96&d=mm&r=g","contentUrl":"https:\/\/secure.gravatar.com\/avatar\/6591cafae8da970274bd48ef06b7f86ae2c2ba705fb2cdafa9b5f7f48c95a765?s=96&d=mm&r=g","caption":"CGT Ense\u00f1anza Arag\u00f3n"},"url":"https:\/\/www.cgtaragonlarioja.org\/fedens\/author\/fasecgt\/"}]}},"_links":{"self":[{"href":"https:\/\/www.cgtaragonlarioja.org\/fedens\/wp-json\/wp\/v2\/posts\/21563","targetHints":{"allow":["GET"]}}],"collection":[{"href":"https:\/\/www.cgtaragonlarioja.org\/fedens\/wp-json\/wp\/v2\/posts"}],"about":[{"href":"https:\/\/www.cgtaragonlarioja.org\/fedens\/wp-json\/wp\/v2\/types\/post"}],"author":[{"embeddable":true,"href":"https:\/\/www.cgtaragonlarioja.org\/fedens\/wp-json\/wp\/v2\/users\/854"}],"replies":[{"embeddable":true,"href":"https:\/\/www.cgtaragonlarioja.org\/fedens\/wp-json\/wp\/v2\/comments?post=21563"}],"version-history":[{"count":6,"href":"https:\/\/www.cgtaragonlarioja.org\/fedens\/wp-json\/wp\/v2\/posts\/21563\/revisions"}],"predecessor-version":[{"id":21572,"href":"https:\/\/www.cgtaragonlarioja.org\/fedens\/wp-json\/wp\/v2\/posts\/21563\/revisions\/21572"}],"wp:featuredmedia":[{"embeddable":true,"href":"https:\/\/www.cgtaragonlarioja.org\/fedens\/wp-json\/wp\/v2\/media\/21571"}],"wp:attachment":[{"href":"https:\/\/www.cgtaragonlarioja.org\/fedens\/wp-json\/wp\/v2\/media?parent=21563"}],"wp:term":[{"taxonomy":"category","embeddable":true,"href":"https:\/\/www.cgtaragonlarioja.org\/fedens\/wp-json\/wp\/v2\/categories?post=21563"},{"taxonomy":"post_tag","embeddable":true,"href":"https:\/\/www.cgtaragonlarioja.org\/fedens\/wp-json\/wp\/v2\/tags?post=21563"}],"curies":[{"name":"wp","href":"https:\/\/api.w.org\/{rel}","templated":true}]}}