{"id":21559,"date":"2025-05-29T11:39:46","date_gmt":"2025-05-29T09:39:46","guid":{"rendered":"https:\/\/www.cgtaragonlarioja.org\/fedens\/?p=21559"},"modified":"2025-05-29T11:39:46","modified_gmt":"2025-05-29T09:39:46","slug":"por-un-programa-escolar-de-consumo-de-fruta-saludable-y-sostenible","status":"publish","type":"post","link":"https:\/\/www.cgtaragonlarioja.org\/fedens\/por-un-programa-escolar-de-consumo-de-fruta-saludable-y-sostenible\/","title":{"rendered":"Por un Programa Escolar de consumo de fruta saludable y sostenible"},"content":{"rendered":"<p><em>CGT<\/em> Ense\u00f1anza Arag\u00f3n ha solicitado una reuni\u00f3n con la Consejera, Tomasa Hern\u00e1ndez, para presentarle el informe que ha elaborado sobre el Programa Escolar de Consumo de Fruta, Hortalizas y Verdura para una dieta sana: fruta tra\u00edda tarde, en malas condiciones y desde muy lejos (Sud\u00e1frica y Egipto).<\/p>\n<p>El programa est\u00e1 dirigido a unos 490 centros escolares, con casi 98.000 alumnas en contextos de disponibilidad de productores locales cercanos.<\/p>\n<p>\u00a1Exigimos un desarrollo del programa local y sostenible!<\/p>\n<p><a href=\"https:\/\/www.cgtaragonlarioja.org\/fedens\/files\/2025\/05\/INFORME-CGT-SOBRE-LA-FRUTA-DE-LEJANIA-EN-COLES.pdf\">INFORME CGT SOBRE LA FRUTA DE LEJAN\u00cdA EN COLES<\/a><\/p>\n","protected":false},"excerpt":{"rendered":"<p>CGT Ense\u00f1anza Arag\u00f3n ha solicitado una reuni\u00f3n con la Consejera, Tomasa Hern\u00e1ndez, para presentarle el<\/p>\n","protected":false},"author":854,"featured_media":21561,"comment_status":"open","ping_status":"open","sticky":false,"template":"","format":"standard","meta":{"footnotes":""},"categories":[480],"tags":[728,727,726,729],"class_list":["post-21559","post","type-post","status-publish","format-standard","has-post-thumbnail","hentry","category-noticias","tag-cgt-ensenanza-aragon-exige","tag-dieta-sana","tag-fruta-escolar","tag-sostenibilidad"],"yoast_head":"<!-- This site is optimized with the Yoast SEO plugin v26.7 - https:\/\/yoast.com\/wordpress\/plugins\/seo\/ -->\n<title>Por un Programa Escolar de consumo de fruta saludable y sostenible<\/title>\n<meta name=\"description\" content=\"CGT Ense\u00f1anza Arag\u00f3n ha solicitado una reuni\u00f3n con la Consejera, Tomasa Hern\u00e1ndez, para presentarle el informe que ha elaborado sobre el Programa Escolar\" \/>\n<meta name=\"robots\" content=\"index, follow, max-snippet:-1, max-image-preview:large, max-video-preview:-1\" \/>\n<link rel=\"canonical\" href=\"https:\/\/www.cgtaragonlarioja.org\/fedens\/por-un-programa-escolar-de-consumo-de-fruta-saludable-y-sostenible\/\" \/>\n<meta property=\"og:locale\" content=\"es_ES\" \/>\n<meta property=\"og:type\" content=\"article\" \/>\n<meta property=\"og:title\" content=\"Por un Programa Escolar de consumo de fruta saludable y sostenible\" \/>\n<meta property=\"og:description\" content=\"CGT Ense\u00f1anza Arag\u00f3n ha solicitado una reuni\u00f3n con la Consejera, Tomasa Hern\u00e1ndez, para presentarle el informe que ha elaborado sobre el Programa Escolar\" \/>\n<meta property=\"og:url\" content=\"https:\/\/www.cgtaragonlarioja.org\/fedens\/por-un-programa-escolar-de-consumo-de-fruta-saludable-y-sostenible\/\" \/>\n<meta property=\"og:site_name\" content=\"CGT Arag\u00f3n - La Rioja. ENSE\u00d1ANZA\" \/>\n<meta property=\"article:publisher\" content=\"https:\/\/www.facebook.com\/CGTEnseAragon\/\" \/>\n<meta property=\"article:published_time\" content=\"2025-05-29T09:39:46+00:00\" \/>\n<meta property=\"og:image\" content=\"https:\/\/www.cgtaragonlarioja.org\/fedens\/files\/2025\/05\/photo_2025-05-29_11-34-00-e1748511490466.jpg\" \/>\n\t<meta property=\"og:image:width\" content=\"500\" \/>\n\t<meta property=\"og:image:height\" content=\"500\" \/>\n\t<meta property=\"og:image:type\" content=\"image\/jpeg\" \/>\n<meta name=\"author\" content=\"CGT Ense\u00f1anza Arag\u00f3n\" \/>\n<meta name=\"twitter:card\" content=\"summary_large_image\" \/>\n<meta name=\"twitter:creator\" content=\"@CGTeduAragon\" \/>\n<meta name=\"twitter:site\" content=\"@CGTeduAragon\" \/>\n<meta name=\"twitter:label1\" content=\"Escrito por\" \/>\n\t<meta name=\"twitter:data1\" content=\"CGT Ense\u00f1anza Arag\u00f3n\" \/>\n\t<meta name=\"twitter:label2\" content=\"Tiempo de lectura\" \/>\n\t<meta name=\"twitter:data2\" content=\"1 minuto\" \/>\n<script type=\"application\/ld+json\" class=\"yoast-schema-graph\">{\"@context\":\"https:\/\/schema.org\",\"@graph\":[{\"@type\":\"Article\",\"@id\":\"https:\/\/www.cgtaragonlarioja.org\/fedens\/por-un-programa-escolar-de-consumo-de-fruta-saludable-y-sostenible\/#article\",\"isPartOf\":{\"@id\":\"https:\/\/www.cgtaragonlarioja.org\/fedens\/por-un-programa-escolar-de-consumo-de-fruta-saludable-y-sostenible\/\"},\"author\":{\"name\":\"CGT Ense\u00f1anza Arag\u00f3n\",\"@id\":\"https:\/\/www.cgtaragonlarioja.org\/fedens\/#\/schema\/person\/f577cbf9ee1fb7519bfd883ac4f4032f\"},\"headline\":\"Por un Programa Escolar de consumo de fruta saludable y sostenible\",\"datePublished\":\"2025-05-29T09:39:46+00:00\",\"mainEntityOfPage\":{\"@id\":\"https:\/\/www.cgtaragonlarioja.org\/fedens\/por-un-programa-escolar-de-consumo-de-fruta-saludable-y-sostenible\/\"},\"wordCount\":101,\"commentCount\":0,\"publisher\":{\"@id\":\"https:\/\/www.cgtaragonlarioja.org\/fedens\/#organization\"},\"image\":{\"@id\":\"https:\/\/www.cgtaragonlarioja.org\/fedens\/por-un-programa-escolar-de-consumo-de-fruta-saludable-y-sostenible\/#primaryimage\"},\"thumbnailUrl\":\"https:\/\/www.cgtaragonlarioja.org\/fedens\/files\/2025\/05\/photo_2025-05-29_11-34-00-e1748511490466.jpg\",\"keywords\":[\"CGT Ense\u00f1anza Arag\u00f3n exige\",\"dieta sana\",\"fruta escolar\",\"sostenibilidad\"],\"articleSection\":[\"Noticias\"],\"inLanguage\":\"es\",\"potentialAction\":[{\"@type\":\"CommentAction\",\"name\":\"Comment\",\"target\":[\"https:\/\/www.cgtaragonlarioja.org\/fedens\/por-un-programa-escolar-de-consumo-de-fruta-saludable-y-sostenible\/#respond\"]}]},{\"@type\":\"WebPage\",\"@id\":\"https:\/\/www.cgtaragonlarioja.org\/fedens\/por-un-programa-escolar-de-consumo-de-fruta-saludable-y-sostenible\/\",\"url\":\"https:\/\/www.cgtaragonlarioja.org\/fedens\/por-un-programa-escolar-de-consumo-de-fruta-saludable-y-sostenible\/\",\"name\":\"Por un Programa Escolar de consumo de fruta saludable y sostenible\",\"isPartOf\":{\"@id\":\"https:\/\/www.cgtaragonlarioja.org\/fedens\/#website\"},\"primaryImageOfPage\":{\"@id\":\"https:\/\/www.cgtaragonlarioja.org\/fedens\/por-un-programa-escolar-de-consumo-de-fruta-saludable-y-sostenible\/#primaryimage\"},\"image\":{\"@id\":\"https:\/\/www.cgtaragonlarioja.org\/fedens\/por-un-programa-escolar-de-consumo-de-fruta-saludable-y-sostenible\/#primaryimage\"},\"thumbnailUrl\":\"https:\/\/www.cgtaragonlarioja.org\/fedens\/files\/2025\/05\/photo_2025-05-29_11-34-00-e1748511490466.jpg\",\"datePublished\":\"2025-05-29T09:39:46+00:00\",\"description\":\"CGT Ense\u00f1anza Arag\u00f3n ha solicitado una reuni\u00f3n con la Consejera, Tomasa Hern\u00e1ndez, para presentarle el informe que ha elaborado sobre el Programa Escolar\",\"breadcrumb\":{\"@id\":\"https:\/\/www.cgtaragonlarioja.org\/fedens\/por-un-programa-escolar-de-consumo-de-fruta-saludable-y-sostenible\/#breadcrumb\"},\"inLanguage\":\"es\",\"potentialAction\":[{\"@type\":\"ReadAction\",\"target\":[\"https:\/\/www.cgtaragonlarioja.org\/fedens\/por-un-programa-escolar-de-consumo-de-fruta-saludable-y-sostenible\/\"]}]},{\"@type\":\"ImageObject\",\"inLanguage\":\"es\",\"@id\":\"https:\/\/www.cgtaragonlarioja.org\/fedens\/por-un-programa-escolar-de-consumo-de-fruta-saludable-y-sostenible\/#primaryimage\",\"url\":\"https:\/\/www.cgtaragonlarioja.org\/fedens\/files\/2025\/05\/photo_2025-05-29_11-34-00-e1748511490466.jpg\",\"contentUrl\":\"https:\/\/www.cgtaragonlarioja.org\/fedens\/files\/2025\/05\/photo_2025-05-29_11-34-00-e1748511490466.jpg\",\"width\":500,\"height\":500},{\"@type\":\"BreadcrumbList\",\"@id\":\"https:\/\/www.cgtaragonlarioja.org\/fedens\/por-un-programa-escolar-de-consumo-de-fruta-saludable-y-sostenible\/#breadcrumb\",\"itemListElement\":[{\"@type\":\"ListItem\",\"position\":1,\"name\":\"Portada\",\"item\":\"https:\/\/www.cgtaragonlarioja.org\/fedens\/\"},{\"@type\":\"ListItem\",\"position\":2,\"name\":\"Por un Programa Escolar de consumo de fruta saludable y sostenible\"}]},{\"@type\":\"WebSite\",\"@id\":\"https:\/\/www.cgtaragonlarioja.org\/fedens\/#website\",\"url\":\"https:\/\/www.cgtaragonlarioja.org\/fedens\/\",\"name\":\"CGT Arag\u00f3n - La Rioja. ENSE\u00d1ANZA\",\"description\":\"CONTACTAR: Calatayud-Aranda: 654897973 \/ Huesca: 974238404 \/ Teruel: 978619265 \/ Zaragoza: 976922002\",\"publisher\":{\"@id\":\"https:\/\/www.cgtaragonlarioja.org\/fedens\/#organization\"},\"potentialAction\":[{\"@type\":\"SearchAction\",\"target\":{\"@type\":\"EntryPoint\",\"urlTemplate\":\"https:\/\/www.cgtaragonlarioja.org\/fedens\/?s={search_term_string}\"},\"query-input\":{\"@type\":\"PropertyValueSpecification\",\"valueRequired\":true,\"valueName\":\"search_term_string\"}}],\"inLanguage\":\"es\"},{\"@type\":\"Organization\",\"@id\":\"https:\/\/www.cgtaragonlarioja.org\/fedens\/#organization\",\"name\":\"CGT Arag\u00f3n y La Rioja - Ense\u00f1anza\",\"url\":\"https:\/\/www.cgtaragonlarioja.org\/fedens\/\",\"logo\":{\"@type\":\"ImageObject\",\"inLanguage\":\"es\",\"@id\":\"https:\/\/www.cgtaragonlarioja.org\/fedens\/#\/schema\/logo\/image\/\",\"url\":\"https:\/\/www.cgtaragonlarioja.org\/fedens\/files\/2021\/02\/logo_cgt_ense_huesca_170x250.png\",\"contentUrl\":\"https:\/\/www.cgtaragonlarioja.org\/fedens\/files\/2021\/02\/logo_cgt_ense_huesca_170x250.png\",\"width\":170,\"height\":250,\"caption\":\"CGT Arag\u00f3n y La Rioja - Ense\u00f1anza\"},\"image\":{\"@id\":\"https:\/\/www.cgtaragonlarioja.org\/fedens\/#\/schema\/logo\/image\/\"},\"sameAs\":[\"https:\/\/www.facebook.com\/CGTEnseAragon\/\",\"https:\/\/x.com\/CGTeduAragon\"]},{\"@type\":\"Person\",\"@id\":\"https:\/\/www.cgtaragonlarioja.org\/fedens\/#\/schema\/person\/f577cbf9ee1fb7519bfd883ac4f4032f\",\"name\":\"CGT Ense\u00f1anza Arag\u00f3n\",\"image\":{\"@type\":\"ImageObject\",\"inLanguage\":\"es\",\"@id\":\"https:\/\/www.cgtaragonlarioja.org\/fedens\/#\/schema\/person\/image\/\",\"url\":\"https:\/\/secure.gravatar.com\/avatar\/6591cafae8da970274bd48ef06b7f86ae2c2ba705fb2cdafa9b5f7f48c95a765?s=96&d=mm&r=g\",\"contentUrl\":\"https:\/\/secure.gravatar.com\/avatar\/6591cafae8da970274bd48ef06b7f86ae2c2ba705fb2cdafa9b5f7f48c95a765?s=96&d=mm&r=g\",\"caption\":\"CGT Ense\u00f1anza Arag\u00f3n\"},\"url\":\"https:\/\/www.cgtaragonlarioja.org\/fedens\/author\/fasecgt\/\"}]}<\/script>\n<!-- \/ Yoast SEO plugin. -->","yoast_head_json":{"title":"Por un Programa Escolar de consumo de fruta saludable y sostenible","description":"CGT Ense\u00f1anza Arag\u00f3n ha solicitado una reuni\u00f3n con la Consejera, Tomasa Hern\u00e1ndez, para presentarle el informe que ha elaborado sobre el Programa Escolar","robots":{"index":"index","follow":"follow","max-snippet":"max-snippet:-1","max-image-preview":"max-image-preview:large","max-video-preview":"max-video-preview:-1"},"canonical":"https:\/\/www.cgtaragonlarioja.org\/fedens\/por-un-programa-escolar-de-consumo-de-fruta-saludable-y-sostenible\/","og_locale":"es_ES","og_type":"article","og_title":"Por un Programa Escolar de consumo de fruta saludable y sostenible","og_description":"CGT Ense\u00f1anza Arag\u00f3n ha solicitado una reuni\u00f3n con la Consejera, Tomasa Hern\u00e1ndez, para presentarle el informe que ha elaborado sobre el Programa Escolar","og_url":"https:\/\/www.cgtaragonlarioja.org\/fedens\/por-un-programa-escolar-de-consumo-de-fruta-saludable-y-sostenible\/","og_site_name":"CGT Arag\u00f3n - La Rioja. ENSE\u00d1ANZA","article_publisher":"https:\/\/www.facebook.com\/CGTEnseAragon\/","article_published_time":"2025-05-29T09:39:46+00:00","og_image":[{"width":500,"height":500,"url":"https:\/\/www.cgtaragonlarioja.org\/fedens\/files\/2025\/05\/photo_2025-05-29_11-34-00-e1748511490466.jpg","type":"image\/jpeg"}],"author":"CGT Ense\u00f1anza Arag\u00f3n","twitter_card":"summary_large_image","twitter_creator":"@CGTeduAragon","twitter_site":"@CGTeduAragon","twitter_misc":{"Escrito por":"CGT Ense\u00f1anza Arag\u00f3n","Tiempo de lectura":"1 minuto"},"schema":{"@context":"https:\/\/schema.org","@graph":[{"@type":"Article","@id":"https:\/\/www.cgtaragonlarioja.org\/fedens\/por-un-programa-escolar-de-consumo-de-fruta-saludable-y-sostenible\/#article","isPartOf":{"@id":"https:\/\/www.cgtaragonlarioja.org\/fedens\/por-un-programa-escolar-de-consumo-de-fruta-saludable-y-sostenible\/"},"author":{"name":"CGT Ense\u00f1anza Arag\u00f3n","@id":"https:\/\/www.cgtaragonlarioja.org\/fedens\/#\/schema\/person\/f577cbf9ee1fb7519bfd883ac4f4032f"},"headline":"Por un Programa Escolar de consumo de fruta saludable y sostenible","datePublished":"2025-05-29T09:39:46+00:00","mainEntityOfPage":{"@id":"https:\/\/www.cgtaragonlarioja.org\/fedens\/por-un-programa-escolar-de-consumo-de-fruta-saludable-y-sostenible\/"},"wordCount":101,"commentCount":0,"publisher":{"@id":"https:\/\/www.cgtaragonlarioja.org\/fedens\/#organization"},"image":{"@id":"https:\/\/www.cgtaragonlarioja.org\/fedens\/por-un-programa-escolar-de-consumo-de-fruta-saludable-y-sostenible\/#primaryimage"},"thumbnailUrl":"https:\/\/www.cgtaragonlarioja.org\/fedens\/files\/2025\/05\/photo_2025-05-29_11-34-00-e1748511490466.jpg","keywords":["CGT Ense\u00f1anza Arag\u00f3n exige","dieta sana","fruta escolar","sostenibilidad"],"articleSection":["Noticias"],"inLanguage":"es","potentialAction":[{"@type":"CommentAction","name":"Comment","target":["https:\/\/www.cgtaragonlarioja.org\/fedens\/por-un-programa-escolar-de-consumo-de-fruta-saludable-y-sostenible\/#respond"]}]},{"@type":"WebPage","@id":"https:\/\/www.cgtaragonlarioja.org\/fedens\/por-un-programa-escolar-de-consumo-de-fruta-saludable-y-sostenible\/","url":"https:\/\/www.cgtaragonlarioja.org\/fedens\/por-un-programa-escolar-de-consumo-de-fruta-saludable-y-sostenible\/","name":"Por un Programa Escolar de consumo de fruta saludable y sostenible","isPartOf":{"@id":"https:\/\/www.cgtaragonlarioja.org\/fedens\/#website"},"primaryImageOfPage":{"@id":"https:\/\/www.cgtaragonlarioja.org\/fedens\/por-un-programa-escolar-de-consumo-de-fruta-saludable-y-sostenible\/#primaryimage"},"image":{"@id":"https:\/\/www.cgtaragonlarioja.org\/fedens\/por-un-programa-escolar-de-consumo-de-fruta-saludable-y-sostenible\/#primaryimage"},"thumbnailUrl":"https:\/\/www.cgtaragonlarioja.org\/fedens\/files\/2025\/05\/photo_2025-05-29_11-34-00-e1748511490466.jpg","datePublished":"2025-05-29T09:39:46+00:00","description":"CGT Ense\u00f1anza Arag\u00f3n ha solicitado una reuni\u00f3n con la Consejera, Tomasa Hern\u00e1ndez, para presentarle el informe que ha elaborado sobre el Programa Escolar","breadcrumb":{"@id":"https:\/\/www.cgtaragonlarioja.org\/fedens\/por-un-programa-escolar-de-consumo-de-fruta-saludable-y-sostenible\/#breadcrumb"},"inLanguage":"es","potentialAction":[{"@type":"ReadAction","target":["https:\/\/www.cgtaragonlarioja.org\/fedens\/por-un-programa-escolar-de-consumo-de-fruta-saludable-y-sostenible\/"]}]},{"@type":"ImageObject","inLanguage":"es","@id":"https:\/\/www.cgtaragonlarioja.org\/fedens\/por-un-programa-escolar-de-consumo-de-fruta-saludable-y-sostenible\/#primaryimage","url":"https:\/\/www.cgtaragonlarioja.org\/fedens\/files\/2025\/05\/photo_2025-05-29_11-34-00-e1748511490466.jpg","contentUrl":"https:\/\/www.cgtaragonlarioja.org\/fedens\/files\/2025\/05\/photo_2025-05-29_11-34-00-e1748511490466.jpg","width":500,"height":500},{"@type":"BreadcrumbList","@id":"https:\/\/www.cgtaragonlarioja.org\/fedens\/por-un-programa-escolar-de-consumo-de-fruta-saludable-y-sostenible\/#breadcrumb","itemListElement":[{"@type":"ListItem","position":1,"name":"Portada","item":"https:\/\/www.cgtaragonlarioja.org\/fedens\/"},{"@type":"ListItem","position":2,"name":"Por un Programa Escolar de consumo de fruta saludable y sostenible"}]},{"@type":"WebSite","@id":"https:\/\/www.cgtaragonlarioja.org\/fedens\/#website","url":"https:\/\/www.cgtaragonlarioja.org\/fedens\/","name":"CGT Arag\u00f3n - La Rioja. ENSE\u00d1ANZA","description":"CONTACTAR: Calatayud-Aranda: 654897973 \/ Huesca: 974238404 \/ Teruel: 978619265 \/ Zaragoza: 976922002","publisher":{"@id":"https:\/\/www.cgtaragonlarioja.org\/fedens\/#organization"},"potentialAction":[{"@type":"SearchAction","target":{"@type":"EntryPoint","urlTemplate":"https:\/\/www.cgtaragonlarioja.org\/fedens\/?s={search_term_string}"},"query-input":{"@type":"PropertyValueSpecification","valueRequired":true,"valueName":"search_term_string"}}],"inLanguage":"es"},{"@type":"Organization","@id":"https:\/\/www.cgtaragonlarioja.org\/fedens\/#organization","name":"CGT Arag\u00f3n y La Rioja - Ense\u00f1anza","url":"https:\/\/www.cgtaragonlarioja.org\/fedens\/","logo":{"@type":"ImageObject","inLanguage":"es","@id":"https:\/\/www.cgtaragonlarioja.org\/fedens\/#\/schema\/logo\/image\/","url":"https:\/\/www.cgtaragonlarioja.org\/fedens\/files\/2021\/02\/logo_cgt_ense_huesca_170x250.png","contentUrl":"https:\/\/www.cgtaragonlarioja.org\/fedens\/files\/2021\/02\/logo_cgt_ense_huesca_170x250.png","width":170,"height":250,"caption":"CGT Arag\u00f3n y La Rioja - Ense\u00f1anza"},"image":{"@id":"https:\/\/www.cgtaragonlarioja.org\/fedens\/#\/schema\/logo\/image\/"},"sameAs":["https:\/\/www.facebook.com\/CGTEnseAragon\/","https:\/\/x.com\/CGTeduAragon"]},{"@type":"Person","@id":"https:\/\/www.cgtaragonlarioja.org\/fedens\/#\/schema\/person\/f577cbf9ee1fb7519bfd883ac4f4032f","name":"CGT Ense\u00f1anza Arag\u00f3n","image":{"@type":"ImageObject","inLanguage":"es","@id":"https:\/\/www.cgtaragonlarioja.org\/fedens\/#\/schema\/person\/image\/","url":"https:\/\/secure.gravatar.com\/avatar\/6591cafae8da970274bd48ef06b7f86ae2c2ba705fb2cdafa9b5f7f48c95a765?s=96&d=mm&r=g","contentUrl":"https:\/\/secure.gravatar.com\/avatar\/6591cafae8da970274bd48ef06b7f86ae2c2ba705fb2cdafa9b5f7f48c95a765?s=96&d=mm&r=g","caption":"CGT Ense\u00f1anza Arag\u00f3n"},"url":"https:\/\/www.cgtaragonlarioja.org\/fedens\/author\/fasecgt\/"}]}},"_links":{"self":[{"href":"https:\/\/www.cgtaragonlarioja.org\/fedens\/wp-json\/wp\/v2\/posts\/21559","targetHints":{"allow":["GET"]}}],"collection":[{"href":"https:\/\/www.cgtaragonlarioja.org\/fedens\/wp-json\/wp\/v2\/posts"}],"about":[{"href":"https:\/\/www.cgtaragonlarioja.org\/fedens\/wp-json\/wp\/v2\/types\/post"}],"author":[{"embeddable":true,"href":"https:\/\/www.cgtaragonlarioja.org\/fedens\/wp-json\/wp\/v2\/users\/854"}],"replies":[{"embeddable":true,"href":"https:\/\/www.cgtaragonlarioja.org\/fedens\/wp-json\/wp\/v2\/comments?post=21559"}],"version-history":[{"count":1,"href":"https:\/\/www.cgtaragonlarioja.org\/fedens\/wp-json\/wp\/v2\/posts\/21559\/revisions"}],"predecessor-version":[{"id":21562,"href":"https:\/\/www.cgtaragonlarioja.org\/fedens\/wp-json\/wp\/v2\/posts\/21559\/revisions\/21562"}],"wp:featuredmedia":[{"embeddable":true,"href":"https:\/\/www.cgtaragonlarioja.org\/fedens\/wp-json\/wp\/v2\/media\/21561"}],"wp:attachment":[{"href":"https:\/\/www.cgtaragonlarioja.org\/fedens\/wp-json\/wp\/v2\/media?parent=21559"}],"wp:term":[{"taxonomy":"category","embeddable":true,"href":"https:\/\/www.cgtaragonlarioja.org\/fedens\/wp-json\/wp\/v2\/categories?post=21559"},{"taxonomy":"post_tag","embeddable":true,"href":"https:\/\/www.cgtaragonlarioja.org\/fedens\/wp-json\/wp\/v2\/tags?post=21559"}],"curies":[{"name":"wp","href":"https:\/\/api.w.org\/{rel}","templated":true}]}}