{"id":21536,"date":"2025-05-27T10:01:16","date_gmt":"2025-05-27T08:01:16","guid":{"rendered":"https:\/\/www.cgtaragonlarioja.org\/fedens\/?p=21536"},"modified":"2025-05-27T10:01:16","modified_gmt":"2025-05-27T08:01:16","slug":"capitalismo-digital-el-adn-de-la-ia-esta-marcado-por-la-retorica-neoliberal-libertariana-de-la-denominada-silicon-doctrine","status":"publish","type":"post","link":"https:\/\/www.cgtaragonlarioja.org\/fedens\/capitalismo-digital-el-adn-de-la-ia-esta-marcado-por-la-retorica-neoliberal-libertariana-de-la-denominada-silicon-doctrine\/","title":{"rendered":"Capitalismo digital: el ADN de la IA est\u00e1 marcado por la ret\u00f3rica neoliberal libertariana de la denominada Silicon Doctrine"},"content":{"rendered":"<p><strong>La narrativa dominante de expansi\u00f3n, adopci\u00f3n y uso de IA en educaci\u00f3n es un subproducto del despliegue del capitalismo digital en el \u00e1mbito educativo. <\/strong><\/p>\n<p><strong>ENRIQUE D\u00cdEZ<\/strong><\/p>\n<p>La narrativa dominante que se nos vende, de forma acr\u00edtica, sobre la Inteligencia Artificial Generativa (IAG) como la innovaci\u00f3n educativa radical que \u201cre-evolucionar\u00e1 la educaci\u00f3n del Siglo XXI\u201d es un subproducto del despliegue del capitalismo digital en el \u00e1mbito educativo, bajo el mantra de la innovaci\u00f3n tecnol\u00f3gica y la modernizaci\u00f3n del sistema educativo.<\/p>\n<p>Este capitalismo digital funciona a partir de la concentraci\u00f3n monop\u00f3lica y el control de la tecnolog\u00eda en unas pocas BigTech y del <em>extractivismo<\/em> sistem\u00e1tico de datos masivos (el nuevo oro blanco del siglo XXI) que se usan para predecir comportamientos y moldear deseos.<\/p>\n<h2 class=\"wp-block-heading\"><span style=\"font-size: 14pt\"><strong>Narrativa de re-evoluci\u00f3n digital<\/strong><\/span><\/h2>\n<p>Con demasiada ligereza se ha llegado a \u201cnaturalizar\u201d paulatinamente la IA como una herramienta inevitable cuyo horizonte parece constituir la base del supuesto cambio educativo o innovaci\u00f3n <em>revolucionaria<\/em> del siglo XXI. En ello han colaborado voces del sector privado, las BigTech, organismos multilaterales y acad\u00e9micos, afines a perspectivas tecno-optimistas y tecno-deterministas, para quienes la incorporaci\u00f3n de IA representa el parteaguas de una transformaci\u00f3n radical de la educaci\u00f3n.<\/p>\n<p>En distintos pa\u00edses, es posible ver c\u00f3mo un n\u00famero cada vez mayor de Instituciones de Educaci\u00f3n adoptan, publican o producen manuales para el correcto uso de la IA en educaci\u00f3n, en los cuales se muestran las <em>mejores pr\u00e1cticas<\/em> que permiten incrementar la productividad del trabajo docente, as\u00ed como la eficiencia de los resultados de los estudiantes. Dichos manuales, por lo general, no distan del discurso corporativo que ha constituido el mantra de innovaci\u00f3n educativa que, forjado en Silicon Valley, ha terminado por expandirse a nivel global.<\/p>\n<p>Este discurso, que parte del principio de la inevitabilidad de la tecnolog\u00eda corporativa (producida, gestionada y controlada por el gran capital privado) para el avance de la humanidad, es impulsado prioritariamente por las BigTech y sus socios, entre quienes destacan Google y Open AI, cuyo fin es, esencialmente, expandir un modelo de negocio en el lucrativo campo de la educaci\u00f3n, consolidar posiciones monop\u00f3licas en el mercado de la tecnolog\u00eda a nivel global y ocupar cada vez m\u00e1s espacios estrat\u00e9gicos de gobernanza en los sistemas educativos.<\/p>\n<p>En suma, la narrativa dominante de expansi\u00f3n, adopci\u00f3n y uso de IA en educaci\u00f3n es un subproducto del despliegue del capitalismo digital en el \u00e1mbito educativo. Sin ser conscientes muchas veces de las consecuencias y los riesgos educativos de la incorporaci\u00f3n de forma acr\u00edtica de la IA generativa en la Educaci\u00f3n en un contexto de capitalismo digital y del uso de tecnolog\u00eda orientada a la ganancia.<\/p>\n<h2 class=\"wp-block-heading\"><span style=\"font-size: 14pt\"><strong>Modelo de negocio<\/strong><\/span><\/h2>\n<p>El modelo de negocio de las plataformas digitales busca la generaci\u00f3n de ganancias. Conjuga la explotaci\u00f3n, el <em>rentismo<\/em> y la especulaci\u00f3n. Todo ello centrado en la extracci\u00f3n de informaci\u00f3n de las actividades humanas y la consolidaci\u00f3n de infraestructuras digitales para modular, rastrear, intervenir y obtener ganancias del comportamiento de los usuarios. Elementos esenciales que conforman el despliegue de la IA generativa.<\/p>\n<p>El modelo de plataforma funciona a trav\u00e9s de una l\u00f3gica monop\u00f3lica que busca incrementar permanentemente el n\u00famero total de usuarios dados de alta en ella, ya que eso hace que dichas infraestructuras atraigan a su vez m\u00e1s usuarios y por ende pueden obtener m\u00e1s relevancia (Amazon, AirBnB, Facebook, etc.). Esas mismas empresas resultan cruciales en la expansi\u00f3n y crecimiento de los servicios de IA, ya que controlan la infraestructura digital sobre la cual se montan los procesos de <em>data mining<\/em> fundamentales para el desarrollo de contenido por parte de los proveedores de IA.<\/p>\n<p>Sin capitalismo digital, la IA no existir\u00eda, y sin IA, el capitalismo digital perder\u00eda un importante enclave de extracci\u00f3n de conocimiento socialmente producido.<br \/>\nAdem\u00e1s de la econom\u00eda extractiva de datos, en el capitalismo digital se han desarrollado otros esquemas de negocio que han impactado ya directamente a la educaci\u00f3n y que representan nuevas formas de transferencia de recursos del sector p\u00fablico al sector privado.<\/p>\n<h2 class=\"wp-block-heading\"><span style=\"font-size: 14pt\"><strong>Propiedad y control de los medios de producci\u00f3n digital<\/strong><\/span><\/h2>\n<p>La reciente ca\u00edda de la nube de Microsoft en una actualizaci\u00f3n del antivirus CrowdStrike Falcon y con ello las consecuencias diversas que esto provoc\u00f3 en distintos sectores de la vida social, nos muestra con claridad el nivel de concentraci\u00f3n de la propiedad relativa a los recursos de infraestructura digital con los cuales la sociedad lleva a cabo sus actividades cotidianamente. Esto nos permite tambi\u00e9n comprender la relevancia del debate sobre la propiedad de las infraestructuras digitales.<\/p>\n<p>La concentraci\u00f3n monop\u00f3lica de las empresas BigTech sobre la infraestructura digital constituye una barrera de entrada muy complicada de superar, adem\u00e1s de que han logrado que distintos sectores anexos dependan de sus decisiones ejecutivas. Las pol\u00edticas de expansi\u00f3n, por otro lado, mediante compras de empresas menores o financiamiento a <em>startups<\/em> con el objetivo de mantenerlos en su esfera de influencia, nos permite ver que a la par de un control tecnol\u00f3gico, se consolida tambi\u00e9n un poder pol\u00edtico, como se ha visto recientemente con el apoyo expl\u00edcito y sostenido del due\u00f1o de la red social X a Trump en Estados Unidos.<\/p>\n<p>Para algunos expertos nos encontramos en un orden <em>tecnofeudal<\/em> en el cual unos grandes \u201cse\u00f1ores digitales\u201d controlan sin l\u00edmite, adem\u00e1s de la infraestructura digital, una renta permanente derivada de un flujo constante y continuado de extracci\u00f3n de datos de toda la humanidad.<\/p>\n<p>Un elemento clave de este control es la dependencia estructural de la IA respecto a estos monopolios digitales de la BigTech. Pero a ello se a\u00f1ade otro m\u00e1s, vinculado a los supuestos que subyacen al dise\u00f1o y control de la IA, que se est\u00e1n llevando a cabo a partir de criterios que parten de los intereses y necesidades de quienes controlan esas BigTech, generalmente hombres blancos de familias adineradas y entornos privilegiados, donde proyectan su forma de entender el mundo, no la de sus participantes. Incluso la concepci\u00f3n misma de Inteligencia Artificial, moldeada por las perspectivas generales de Silicon Valley, apunta a pensar que el ADN de la IA generativa est\u00e1 marcado por la ret\u00f3rica neoliberal libertariana que se desprende de la denominada <em>Silicon Doctrine<\/em>.<\/p>\n<h2 class=\"wp-block-heading\"><span style=\"font-size: 14pt\"><strong>La Doctrina Silicon<\/strong><\/span><\/h2>\n<p>La <em>Silicon Doctrine<\/em>, moldeada por la industria armament\u00edstica y los fondos de inversi\u00f3n especulativos, demanda \u201clibertad para las corporaciones, sometimiento para los consumidores\u201d. Su desaf\u00edo radical frente a cualquier intento de regulaci\u00f3n de su modelo capitalista de concentraci\u00f3n pol\u00edtica de poder se mezcla con una ret\u00f3rica individualista de reconocimiento de minor\u00edas \u00e9tnicas, culturales y sexuales. Exige limitar la acci\u00f3n de los Estados y fomentar la presencia de actores privados en educaci\u00f3n, sanidad, servicios p\u00fablicos, etc., regidos por las \u201creglas\u201d del mercado. El progreso o el fracaso es responsabilidad personal de cada uno. El consumidor est\u00e1 en el centro de su fe, una versi\u00f3n monetizada del individuo, entusiasmado con la perspectiva de ascender socialmente en el ecosistema de la meritocracia tecnol\u00f3gica.<\/p>\n<p>Como analizan Aitor Jimenez, profesor de la Universidad de Auckland (Australia) o Jaime Caro Morente, la <em>Silicon Doctrine <\/em>se basa en tres pilares:<\/p>\n<ul class=\"wp-block-list\">\n<li>un modelo productivo basado en la extracci\u00f3n de datos de los usuarios-trabajadores digitales;<\/li>\n<li>una gobernanza libertariana de la red: la producci\u00f3n, la informaci\u00f3n y los flujos de comunicaci\u00f3n deben estar regulados por agentes privados seg\u00fan las \u201creglas\u201d del mercado (cuestiona la legislaci\u00f3n basada en derechos como un obst\u00e1culo para el desarrollo);<\/li>\n<li>un mercado laboral \u201cliberalizado\u201d: es decir, caracterizado por relaciones laborales sin negociaci\u00f3n colectiva, basado en criterios radicales de temporalidad, flexibilidad y finitud, exigiendo desmantelar el Estado de Bienestar Social y el Estado de Derecho.<\/li>\n<\/ul>\n<p>En resumen, la Doctrina Silicon Valley propone un modelo legal coherente con su proyecto ideol\u00f3gico capitalista, neoliberal, neocolonial y libertariano. M\u00e1s que una novedad, la Doctrina Silicon Valley reinventa el proyecto neoliberal, adapt\u00e1ndolo a la era digital. Esta doctrina que subyace, define y condiciona el dise\u00f1o y la concepci\u00f3n de la tecnolog\u00eda, de la IAG y marca el uso que se hace de ella en las aulas, el cual, insistimos, no es <em>neutral<\/em>.<\/p>\n<p>Por eso, este nuevo escenario que tenemos frente a nosotros requiere un abordaje integral en el \u00e1mbito de la educaci\u00f3n que vaya m\u00e1s all\u00e1 del lugar com\u00fan de pensar la tecnolog\u00eda digital como una <em>herramienta<\/em> disponible para su utilizaci\u00f3n, una herramienta sin historia, sin un contexto de producci\u00f3n espec\u00edfico, sin pol\u00edtica previa.<\/p>\n<p>La tecnolog\u00eda actual est\u00e1 impulsada por un contexto social en el cual el capitalismo digital se ha expandido en cada vez m\u00e1s esferas de la sociedad, contribuyendo ahora a un modelo de negocio basado en una actividad extractiva de datos que consiste en la <em>sangre<\/em> del sistema. Esta actividad extractiva termina por apuntalar un esquema de expropiaci\u00f3n del conocimiento socialmente producido, \u00fatil para <em>entrenar a las tecnolog\u00edas<\/em> y mejorar su capacidad y alcance en la producci\u00f3n de respuestas y contenido que est\u00e1n dise\u00f1ando el futuro. No es que est\u00e9n vigilando nuestro futuro, sino que est\u00e1n condicionando nuestro presente para que, llegado el momento, nos comportemos tal como imagina quien dise\u00f1a ese futuro.<\/p>\n<p>Puede leerse m\u00e1s al respecto en el art\u00edculo recientemente publicado: D\u00edez-Guti\u00e9rrez, E.-J., &amp; Jarqu\u00edn-Ram\u00edrez, M. (2025). Capitalismo digital y universidades: una reflexi\u00f3n sobre los riesgos educativos del uso de tecnolog\u00eda orientada a la ganancia. <em>Sintaxis<\/em>, (14), 49\u201368. <a href=\"https:\/\/doi.org\/10.36105\/stx.2025n14.04\">https:\/\/doi.org\/10.36105\/stx.2025n14.04<\/a><\/p>\n<p><strong>Este art\u00edculo fue originalmente publicado en <a href=\"https:\/\/eldiariodelaeducacion.com\/2025\/05\/23\/capitalismo-digital-el-adn-de-la-ia-esta-marcado-por-la-retorica-neoliberal-libertariana-de-la-denominada-silicon-doctrine\/\" target=\"_blank\" rel=\"noopener\">eldiariodelaeducacion.com<\/a><\/strong><\/p>\n","protected":false},"excerpt":{"rendered":"<p>La narrativa dominante de expansi\u00f3n, adopci\u00f3n y uso de IA en educaci\u00f3n es un subproducto<\/p>\n","protected":false},"author":854,"featured_media":21537,"comment_status":"open","ping_status":"open","sticky":false,"template":"","format":"standard","meta":{"footnotes":""},"categories":[504],"tags":[],"class_list":["post-21536","post","type-post","status-publish","format-standard","has-post-thumbnail","hentry","category-a-debate"],"yoast_head":"<!-- This site is optimized with the Yoast SEO plugin v26.7 - https:\/\/yoast.com\/wordpress\/plugins\/seo\/ -->\n<title>Capitalismo digital: el ADN de la IA est\u00e1 marcado por la ret\u00f3rica neoliberal libertariana de la denominada Silicon Doctrine<\/title>\n<meta name=\"description\" content=\"La narrativa dominante de expansi\u00f3n, adopci\u00f3n y uso de IA en educaci\u00f3n es un subproducto del despliegue del capitalismo digital en el \u00e1mbito educativo.\" \/>\n<meta name=\"robots\" content=\"index, follow, max-snippet:-1, max-image-preview:large, max-video-preview:-1\" \/>\n<link rel=\"canonical\" href=\"https:\/\/www.cgtaragonlarioja.org\/fedens\/capitalismo-digital-el-adn-de-la-ia-esta-marcado-por-la-retorica-neoliberal-libertariana-de-la-denominada-silicon-doctrine\/\" \/>\n<meta property=\"og:locale\" content=\"es_ES\" \/>\n<meta property=\"og:type\" content=\"article\" \/>\n<meta property=\"og:title\" content=\"Capitalismo digital: el ADN de la IA est\u00e1 marcado por la ret\u00f3rica neoliberal libertariana de la denominada Silicon Doctrine\" \/>\n<meta property=\"og:description\" content=\"La narrativa dominante de expansi\u00f3n, adopci\u00f3n y uso de IA en educaci\u00f3n es un subproducto del despliegue del capitalismo digital en el \u00e1mbito educativo.\" \/>\n<meta property=\"og:url\" content=\"https:\/\/www.cgtaragonlarioja.org\/fedens\/capitalismo-digital-el-adn-de-la-ia-esta-marcado-por-la-retorica-neoliberal-libertariana-de-la-denominada-silicon-doctrine\/\" \/>\n<meta property=\"og:site_name\" content=\"CGT Arag\u00f3n - La Rioja. ENSE\u00d1ANZA\" \/>\n<meta property=\"article:publisher\" content=\"https:\/\/www.facebook.com\/CGTEnseAragon\/\" \/>\n<meta property=\"article:published_time\" content=\"2025-05-27T08:01:16+00:00\" \/>\n<meta property=\"og:image\" content=\"https:\/\/www.cgtaragonlarioja.org\/fedens\/files\/2025\/05\/silicon-valley-2-768x477-1.jpg\" \/>\n\t<meta property=\"og:image:width\" content=\"768\" \/>\n\t<meta property=\"og:image:height\" content=\"477\" \/>\n\t<meta property=\"og:image:type\" content=\"image\/jpeg\" \/>\n<meta name=\"author\" content=\"CGT Ense\u00f1anza Arag\u00f3n\" \/>\n<meta name=\"twitter:card\" content=\"summary_large_image\" \/>\n<meta name=\"twitter:creator\" content=\"@CGTeduAragon\" \/>\n<meta name=\"twitter:site\" content=\"@CGTeduAragon\" \/>\n<meta name=\"twitter:label1\" content=\"Escrito por\" \/>\n\t<meta name=\"twitter:data1\" content=\"CGT Ense\u00f1anza Arag\u00f3n\" \/>\n\t<meta name=\"twitter:label2\" content=\"Tiempo de lectura\" \/>\n\t<meta name=\"twitter:data2\" content=\"8 minutos\" \/>\n<script type=\"application\/ld+json\" class=\"yoast-schema-graph\">{\"@context\":\"https:\/\/schema.org\",\"@graph\":[{\"@type\":\"Article\",\"@id\":\"https:\/\/www.cgtaragonlarioja.org\/fedens\/capitalismo-digital-el-adn-de-la-ia-esta-marcado-por-la-retorica-neoliberal-libertariana-de-la-denominada-silicon-doctrine\/#article\",\"isPartOf\":{\"@id\":\"https:\/\/www.cgtaragonlarioja.org\/fedens\/capitalismo-digital-el-adn-de-la-ia-esta-marcado-por-la-retorica-neoliberal-libertariana-de-la-denominada-silicon-doctrine\/\"},\"author\":{\"name\":\"CGT Ense\u00f1anza Arag\u00f3n\",\"@id\":\"https:\/\/www.cgtaragonlarioja.org\/fedens\/#\/schema\/person\/f577cbf9ee1fb7519bfd883ac4f4032f\"},\"headline\":\"Capitalismo digital: el ADN de la IA est\u00e1 marcado por la ret\u00f3rica neoliberal libertariana de la denominada Silicon Doctrine\",\"datePublished\":\"2025-05-27T08:01:16+00:00\",\"mainEntityOfPage\":{\"@id\":\"https:\/\/www.cgtaragonlarioja.org\/fedens\/capitalismo-digital-el-adn-de-la-ia-esta-marcado-por-la-retorica-neoliberal-libertariana-de-la-denominada-silicon-doctrine\/\"},\"wordCount\":1678,\"commentCount\":0,\"publisher\":{\"@id\":\"https:\/\/www.cgtaragonlarioja.org\/fedens\/#organization\"},\"image\":{\"@id\":\"https:\/\/www.cgtaragonlarioja.org\/fedens\/capitalismo-digital-el-adn-de-la-ia-esta-marcado-por-la-retorica-neoliberal-libertariana-de-la-denominada-silicon-doctrine\/#primaryimage\"},\"thumbnailUrl\":\"https:\/\/www.cgtaragonlarioja.org\/fedens\/files\/2025\/05\/silicon-valley-2-768x477-1.jpg\",\"articleSection\":[\"A Debate\"],\"inLanguage\":\"es\",\"potentialAction\":[{\"@type\":\"CommentAction\",\"name\":\"Comment\",\"target\":[\"https:\/\/www.cgtaragonlarioja.org\/fedens\/capitalismo-digital-el-adn-de-la-ia-esta-marcado-por-la-retorica-neoliberal-libertariana-de-la-denominada-silicon-doctrine\/#respond\"]}]},{\"@type\":\"WebPage\",\"@id\":\"https:\/\/www.cgtaragonlarioja.org\/fedens\/capitalismo-digital-el-adn-de-la-ia-esta-marcado-por-la-retorica-neoliberal-libertariana-de-la-denominada-silicon-doctrine\/\",\"url\":\"https:\/\/www.cgtaragonlarioja.org\/fedens\/capitalismo-digital-el-adn-de-la-ia-esta-marcado-por-la-retorica-neoliberal-libertariana-de-la-denominada-silicon-doctrine\/\",\"name\":\"Capitalismo digital: el ADN de la IA est\u00e1 marcado por la ret\u00f3rica neoliberal libertariana de la denominada Silicon Doctrine\",\"isPartOf\":{\"@id\":\"https:\/\/www.cgtaragonlarioja.org\/fedens\/#website\"},\"primaryImageOfPage\":{\"@id\":\"https:\/\/www.cgtaragonlarioja.org\/fedens\/capitalismo-digital-el-adn-de-la-ia-esta-marcado-por-la-retorica-neoliberal-libertariana-de-la-denominada-silicon-doctrine\/#primaryimage\"},\"image\":{\"@id\":\"https:\/\/www.cgtaragonlarioja.org\/fedens\/capitalismo-digital-el-adn-de-la-ia-esta-marcado-por-la-retorica-neoliberal-libertariana-de-la-denominada-silicon-doctrine\/#primaryimage\"},\"thumbnailUrl\":\"https:\/\/www.cgtaragonlarioja.org\/fedens\/files\/2025\/05\/silicon-valley-2-768x477-1.jpg\",\"datePublished\":\"2025-05-27T08:01:16+00:00\",\"description\":\"La narrativa dominante de expansi\u00f3n, adopci\u00f3n y uso de IA en educaci\u00f3n es un subproducto del despliegue del capitalismo digital en el \u00e1mbito educativo.\",\"breadcrumb\":{\"@id\":\"https:\/\/www.cgtaragonlarioja.org\/fedens\/capitalismo-digital-el-adn-de-la-ia-esta-marcado-por-la-retorica-neoliberal-libertariana-de-la-denominada-silicon-doctrine\/#breadcrumb\"},\"inLanguage\":\"es\",\"potentialAction\":[{\"@type\":\"ReadAction\",\"target\":[\"https:\/\/www.cgtaragonlarioja.org\/fedens\/capitalismo-digital-el-adn-de-la-ia-esta-marcado-por-la-retorica-neoliberal-libertariana-de-la-denominada-silicon-doctrine\/\"]}]},{\"@type\":\"ImageObject\",\"inLanguage\":\"es\",\"@id\":\"https:\/\/www.cgtaragonlarioja.org\/fedens\/capitalismo-digital-el-adn-de-la-ia-esta-marcado-por-la-retorica-neoliberal-libertariana-de-la-denominada-silicon-doctrine\/#primaryimage\",\"url\":\"https:\/\/www.cgtaragonlarioja.org\/fedens\/files\/2025\/05\/silicon-valley-2-768x477-1.jpg\",\"contentUrl\":\"https:\/\/www.cgtaragonlarioja.org\/fedens\/files\/2025\/05\/silicon-valley-2-768x477-1.jpg\",\"width\":768,\"height\":477},{\"@type\":\"BreadcrumbList\",\"@id\":\"https:\/\/www.cgtaragonlarioja.org\/fedens\/capitalismo-digital-el-adn-de-la-ia-esta-marcado-por-la-retorica-neoliberal-libertariana-de-la-denominada-silicon-doctrine\/#breadcrumb\",\"itemListElement\":[{\"@type\":\"ListItem\",\"position\":1,\"name\":\"Portada\",\"item\":\"https:\/\/www.cgtaragonlarioja.org\/fedens\/\"},{\"@type\":\"ListItem\",\"position\":2,\"name\":\"Capitalismo digital: el ADN de la IA est\u00e1 marcado por la ret\u00f3rica neoliberal libertariana de la denominada Silicon Doctrine\"}]},{\"@type\":\"WebSite\",\"@id\":\"https:\/\/www.cgtaragonlarioja.org\/fedens\/#website\",\"url\":\"https:\/\/www.cgtaragonlarioja.org\/fedens\/\",\"name\":\"CGT Arag\u00f3n - La Rioja. ENSE\u00d1ANZA\",\"description\":\"CONTACTAR: Calatayud-Aranda: 654897973 \/ Huesca: 974238404 \/ Teruel: 978619265 \/ Zaragoza: 976922002\",\"publisher\":{\"@id\":\"https:\/\/www.cgtaragonlarioja.org\/fedens\/#organization\"},\"potentialAction\":[{\"@type\":\"SearchAction\",\"target\":{\"@type\":\"EntryPoint\",\"urlTemplate\":\"https:\/\/www.cgtaragonlarioja.org\/fedens\/?s={search_term_string}\"},\"query-input\":{\"@type\":\"PropertyValueSpecification\",\"valueRequired\":true,\"valueName\":\"search_term_string\"}}],\"inLanguage\":\"es\"},{\"@type\":\"Organization\",\"@id\":\"https:\/\/www.cgtaragonlarioja.org\/fedens\/#organization\",\"name\":\"CGT Arag\u00f3n y La Rioja - Ense\u00f1anza\",\"url\":\"https:\/\/www.cgtaragonlarioja.org\/fedens\/\",\"logo\":{\"@type\":\"ImageObject\",\"inLanguage\":\"es\",\"@id\":\"https:\/\/www.cgtaragonlarioja.org\/fedens\/#\/schema\/logo\/image\/\",\"url\":\"https:\/\/www.cgtaragonlarioja.org\/fedens\/files\/2021\/02\/logo_cgt_ense_huesca_170x250.png\",\"contentUrl\":\"https:\/\/www.cgtaragonlarioja.org\/fedens\/files\/2021\/02\/logo_cgt_ense_huesca_170x250.png\",\"width\":170,\"height\":250,\"caption\":\"CGT Arag\u00f3n y La Rioja - Ense\u00f1anza\"},\"image\":{\"@id\":\"https:\/\/www.cgtaragonlarioja.org\/fedens\/#\/schema\/logo\/image\/\"},\"sameAs\":[\"https:\/\/www.facebook.com\/CGTEnseAragon\/\",\"https:\/\/x.com\/CGTeduAragon\"]},{\"@type\":\"Person\",\"@id\":\"https:\/\/www.cgtaragonlarioja.org\/fedens\/#\/schema\/person\/f577cbf9ee1fb7519bfd883ac4f4032f\",\"name\":\"CGT Ense\u00f1anza Arag\u00f3n\",\"image\":{\"@type\":\"ImageObject\",\"inLanguage\":\"es\",\"@id\":\"https:\/\/www.cgtaragonlarioja.org\/fedens\/#\/schema\/person\/image\/\",\"url\":\"https:\/\/secure.gravatar.com\/avatar\/6591cafae8da970274bd48ef06b7f86ae2c2ba705fb2cdafa9b5f7f48c95a765?s=96&d=mm&r=g\",\"contentUrl\":\"https:\/\/secure.gravatar.com\/avatar\/6591cafae8da970274bd48ef06b7f86ae2c2ba705fb2cdafa9b5f7f48c95a765?s=96&d=mm&r=g\",\"caption\":\"CGT Ense\u00f1anza Arag\u00f3n\"},\"url\":\"https:\/\/www.cgtaragonlarioja.org\/fedens\/author\/fasecgt\/\"}]}<\/script>\n<!-- \/ Yoast SEO plugin. -->","yoast_head_json":{"title":"Capitalismo digital: el ADN de la IA est\u00e1 marcado por la ret\u00f3rica neoliberal libertariana de la denominada Silicon Doctrine","description":"La narrativa dominante de expansi\u00f3n, adopci\u00f3n y uso de IA en educaci\u00f3n es un subproducto del despliegue del capitalismo digital en el \u00e1mbito educativo.","robots":{"index":"index","follow":"follow","max-snippet":"max-snippet:-1","max-image-preview":"max-image-preview:large","max-video-preview":"max-video-preview:-1"},"canonical":"https:\/\/www.cgtaragonlarioja.org\/fedens\/capitalismo-digital-el-adn-de-la-ia-esta-marcado-por-la-retorica-neoliberal-libertariana-de-la-denominada-silicon-doctrine\/","og_locale":"es_ES","og_type":"article","og_title":"Capitalismo digital: el ADN de la IA est\u00e1 marcado por la ret\u00f3rica neoliberal libertariana de la denominada Silicon Doctrine","og_description":"La narrativa dominante de expansi\u00f3n, adopci\u00f3n y uso de IA en educaci\u00f3n es un subproducto del despliegue del capitalismo digital en el \u00e1mbito educativo.","og_url":"https:\/\/www.cgtaragonlarioja.org\/fedens\/capitalismo-digital-el-adn-de-la-ia-esta-marcado-por-la-retorica-neoliberal-libertariana-de-la-denominada-silicon-doctrine\/","og_site_name":"CGT Arag\u00f3n - La Rioja. ENSE\u00d1ANZA","article_publisher":"https:\/\/www.facebook.com\/CGTEnseAragon\/","article_published_time":"2025-05-27T08:01:16+00:00","og_image":[{"width":768,"height":477,"url":"https:\/\/www.cgtaragonlarioja.org\/fedens\/files\/2025\/05\/silicon-valley-2-768x477-1.jpg","type":"image\/jpeg"}],"author":"CGT Ense\u00f1anza Arag\u00f3n","twitter_card":"summary_large_image","twitter_creator":"@CGTeduAragon","twitter_site":"@CGTeduAragon","twitter_misc":{"Escrito por":"CGT Ense\u00f1anza Arag\u00f3n","Tiempo de lectura":"8 minutos"},"schema":{"@context":"https:\/\/schema.org","@graph":[{"@type":"Article","@id":"https:\/\/www.cgtaragonlarioja.org\/fedens\/capitalismo-digital-el-adn-de-la-ia-esta-marcado-por-la-retorica-neoliberal-libertariana-de-la-denominada-silicon-doctrine\/#article","isPartOf":{"@id":"https:\/\/www.cgtaragonlarioja.org\/fedens\/capitalismo-digital-el-adn-de-la-ia-esta-marcado-por-la-retorica-neoliberal-libertariana-de-la-denominada-silicon-doctrine\/"},"author":{"name":"CGT Ense\u00f1anza Arag\u00f3n","@id":"https:\/\/www.cgtaragonlarioja.org\/fedens\/#\/schema\/person\/f577cbf9ee1fb7519bfd883ac4f4032f"},"headline":"Capitalismo digital: el ADN de la IA est\u00e1 marcado por la ret\u00f3rica neoliberal libertariana de la denominada Silicon Doctrine","datePublished":"2025-05-27T08:01:16+00:00","mainEntityOfPage":{"@id":"https:\/\/www.cgtaragonlarioja.org\/fedens\/capitalismo-digital-el-adn-de-la-ia-esta-marcado-por-la-retorica-neoliberal-libertariana-de-la-denominada-silicon-doctrine\/"},"wordCount":1678,"commentCount":0,"publisher":{"@id":"https:\/\/www.cgtaragonlarioja.org\/fedens\/#organization"},"image":{"@id":"https:\/\/www.cgtaragonlarioja.org\/fedens\/capitalismo-digital-el-adn-de-la-ia-esta-marcado-por-la-retorica-neoliberal-libertariana-de-la-denominada-silicon-doctrine\/#primaryimage"},"thumbnailUrl":"https:\/\/www.cgtaragonlarioja.org\/fedens\/files\/2025\/05\/silicon-valley-2-768x477-1.jpg","articleSection":["A Debate"],"inLanguage":"es","potentialAction":[{"@type":"CommentAction","name":"Comment","target":["https:\/\/www.cgtaragonlarioja.org\/fedens\/capitalismo-digital-el-adn-de-la-ia-esta-marcado-por-la-retorica-neoliberal-libertariana-de-la-denominada-silicon-doctrine\/#respond"]}]},{"@type":"WebPage","@id":"https:\/\/www.cgtaragonlarioja.org\/fedens\/capitalismo-digital-el-adn-de-la-ia-esta-marcado-por-la-retorica-neoliberal-libertariana-de-la-denominada-silicon-doctrine\/","url":"https:\/\/www.cgtaragonlarioja.org\/fedens\/capitalismo-digital-el-adn-de-la-ia-esta-marcado-por-la-retorica-neoliberal-libertariana-de-la-denominada-silicon-doctrine\/","name":"Capitalismo digital: el ADN de la IA est\u00e1 marcado por la ret\u00f3rica neoliberal libertariana de la denominada Silicon Doctrine","isPartOf":{"@id":"https:\/\/www.cgtaragonlarioja.org\/fedens\/#website"},"primaryImageOfPage":{"@id":"https:\/\/www.cgtaragonlarioja.org\/fedens\/capitalismo-digital-el-adn-de-la-ia-esta-marcado-por-la-retorica-neoliberal-libertariana-de-la-denominada-silicon-doctrine\/#primaryimage"},"image":{"@id":"https:\/\/www.cgtaragonlarioja.org\/fedens\/capitalismo-digital-el-adn-de-la-ia-esta-marcado-por-la-retorica-neoliberal-libertariana-de-la-denominada-silicon-doctrine\/#primaryimage"},"thumbnailUrl":"https:\/\/www.cgtaragonlarioja.org\/fedens\/files\/2025\/05\/silicon-valley-2-768x477-1.jpg","datePublished":"2025-05-27T08:01:16+00:00","description":"La narrativa dominante de expansi\u00f3n, adopci\u00f3n y uso de IA en educaci\u00f3n es un subproducto del despliegue del capitalismo digital en el \u00e1mbito educativo.","breadcrumb":{"@id":"https:\/\/www.cgtaragonlarioja.org\/fedens\/capitalismo-digital-el-adn-de-la-ia-esta-marcado-por-la-retorica-neoliberal-libertariana-de-la-denominada-silicon-doctrine\/#breadcrumb"},"inLanguage":"es","potentialAction":[{"@type":"ReadAction","target":["https:\/\/www.cgtaragonlarioja.org\/fedens\/capitalismo-digital-el-adn-de-la-ia-esta-marcado-por-la-retorica-neoliberal-libertariana-de-la-denominada-silicon-doctrine\/"]}]},{"@type":"ImageObject","inLanguage":"es","@id":"https:\/\/www.cgtaragonlarioja.org\/fedens\/capitalismo-digital-el-adn-de-la-ia-esta-marcado-por-la-retorica-neoliberal-libertariana-de-la-denominada-silicon-doctrine\/#primaryimage","url":"https:\/\/www.cgtaragonlarioja.org\/fedens\/files\/2025\/05\/silicon-valley-2-768x477-1.jpg","contentUrl":"https:\/\/www.cgtaragonlarioja.org\/fedens\/files\/2025\/05\/silicon-valley-2-768x477-1.jpg","width":768,"height":477},{"@type":"BreadcrumbList","@id":"https:\/\/www.cgtaragonlarioja.org\/fedens\/capitalismo-digital-el-adn-de-la-ia-esta-marcado-por-la-retorica-neoliberal-libertariana-de-la-denominada-silicon-doctrine\/#breadcrumb","itemListElement":[{"@type":"ListItem","position":1,"name":"Portada","item":"https:\/\/www.cgtaragonlarioja.org\/fedens\/"},{"@type":"ListItem","position":2,"name":"Capitalismo digital: el ADN de la IA est\u00e1 marcado por la ret\u00f3rica neoliberal libertariana de la denominada Silicon Doctrine"}]},{"@type":"WebSite","@id":"https:\/\/www.cgtaragonlarioja.org\/fedens\/#website","url":"https:\/\/www.cgtaragonlarioja.org\/fedens\/","name":"CGT Arag\u00f3n - La Rioja. ENSE\u00d1ANZA","description":"CONTACTAR: Calatayud-Aranda: 654897973 \/ Huesca: 974238404 \/ Teruel: 978619265 \/ Zaragoza: 976922002","publisher":{"@id":"https:\/\/www.cgtaragonlarioja.org\/fedens\/#organization"},"potentialAction":[{"@type":"SearchAction","target":{"@type":"EntryPoint","urlTemplate":"https:\/\/www.cgtaragonlarioja.org\/fedens\/?s={search_term_string}"},"query-input":{"@type":"PropertyValueSpecification","valueRequired":true,"valueName":"search_term_string"}}],"inLanguage":"es"},{"@type":"Organization","@id":"https:\/\/www.cgtaragonlarioja.org\/fedens\/#organization","name":"CGT Arag\u00f3n y La Rioja - Ense\u00f1anza","url":"https:\/\/www.cgtaragonlarioja.org\/fedens\/","logo":{"@type":"ImageObject","inLanguage":"es","@id":"https:\/\/www.cgtaragonlarioja.org\/fedens\/#\/schema\/logo\/image\/","url":"https:\/\/www.cgtaragonlarioja.org\/fedens\/files\/2021\/02\/logo_cgt_ense_huesca_170x250.png","contentUrl":"https:\/\/www.cgtaragonlarioja.org\/fedens\/files\/2021\/02\/logo_cgt_ense_huesca_170x250.png","width":170,"height":250,"caption":"CGT Arag\u00f3n y La Rioja - Ense\u00f1anza"},"image":{"@id":"https:\/\/www.cgtaragonlarioja.org\/fedens\/#\/schema\/logo\/image\/"},"sameAs":["https:\/\/www.facebook.com\/CGTEnseAragon\/","https:\/\/x.com\/CGTeduAragon"]},{"@type":"Person","@id":"https:\/\/www.cgtaragonlarioja.org\/fedens\/#\/schema\/person\/f577cbf9ee1fb7519bfd883ac4f4032f","name":"CGT Ense\u00f1anza Arag\u00f3n","image":{"@type":"ImageObject","inLanguage":"es","@id":"https:\/\/www.cgtaragonlarioja.org\/fedens\/#\/schema\/person\/image\/","url":"https:\/\/secure.gravatar.com\/avatar\/6591cafae8da970274bd48ef06b7f86ae2c2ba705fb2cdafa9b5f7f48c95a765?s=96&d=mm&r=g","contentUrl":"https:\/\/secure.gravatar.com\/avatar\/6591cafae8da970274bd48ef06b7f86ae2c2ba705fb2cdafa9b5f7f48c95a765?s=96&d=mm&r=g","caption":"CGT Ense\u00f1anza Arag\u00f3n"},"url":"https:\/\/www.cgtaragonlarioja.org\/fedens\/author\/fasecgt\/"}]}},"_links":{"self":[{"href":"https:\/\/www.cgtaragonlarioja.org\/fedens\/wp-json\/wp\/v2\/posts\/21536","targetHints":{"allow":["GET"]}}],"collection":[{"href":"https:\/\/www.cgtaragonlarioja.org\/fedens\/wp-json\/wp\/v2\/posts"}],"about":[{"href":"https:\/\/www.cgtaragonlarioja.org\/fedens\/wp-json\/wp\/v2\/types\/post"}],"author":[{"embeddable":true,"href":"https:\/\/www.cgtaragonlarioja.org\/fedens\/wp-json\/wp\/v2\/users\/854"}],"replies":[{"embeddable":true,"href":"https:\/\/www.cgtaragonlarioja.org\/fedens\/wp-json\/wp\/v2\/comments?post=21536"}],"version-history":[{"count":2,"href":"https:\/\/www.cgtaragonlarioja.org\/fedens\/wp-json\/wp\/v2\/posts\/21536\/revisions"}],"predecessor-version":[{"id":21539,"href":"https:\/\/www.cgtaragonlarioja.org\/fedens\/wp-json\/wp\/v2\/posts\/21536\/revisions\/21539"}],"wp:featuredmedia":[{"embeddable":true,"href":"https:\/\/www.cgtaragonlarioja.org\/fedens\/wp-json\/wp\/v2\/media\/21537"}],"wp:attachment":[{"href":"https:\/\/www.cgtaragonlarioja.org\/fedens\/wp-json\/wp\/v2\/media?parent=21536"}],"wp:term":[{"taxonomy":"category","embeddable":true,"href":"https:\/\/www.cgtaragonlarioja.org\/fedens\/wp-json\/wp\/v2\/categories?post=21536"},{"taxonomy":"post_tag","embeddable":true,"href":"https:\/\/www.cgtaragonlarioja.org\/fedens\/wp-json\/wp\/v2\/tags?post=21536"}],"curies":[{"name":"wp","href":"https:\/\/api.w.org\/{rel}","templated":true}]}}