{"id":21519,"date":"2025-05-20T10:05:57","date_gmt":"2025-05-20T08:05:57","guid":{"rendered":"https:\/\/www.cgtaragonlarioja.org\/fedens\/?p=21519"},"modified":"2025-05-20T10:05:57","modified_gmt":"2025-05-20T08:05:57","slug":"la-escuela-publica-hacer-barrio-y-hacer-democracia-desde-el-aula","status":"publish","type":"post","link":"https:\/\/www.cgtaragonlarioja.org\/fedens\/la-escuela-publica-hacer-barrio-y-hacer-democracia-desde-el-aula\/","title":{"rendered":"La escuela p\u00fablica: hacer barrio y hacer democracia desde el aula"},"content":{"rendered":"<p><strong>Defender la ense\u00f1anza p\u00fablica no es nostalgia, ni romanticismo. Es urgencia. Es compromiso con el presente y con el futuro.<\/strong><\/p>\n<p><strong>ESTEBAN \u00c1LVAREZ LE\u00d3N<\/strong><\/p>\n<p class=\"paragraph text-xl pb-7 w-full text-pretty [&amp;_&gt;a]:text-link-normal dark:[&amp;_&gt;a]:text-link-dark [&amp;_&gt;a]:decoration-1 [&amp;_&gt;a:hover]:underline [&amp;_&gt;a:hover]:text-link-hover [&amp;_&gt;a:hover]:decoration-2 [&amp;_b_a]:text-link-normal dark:[&amp;_b_a]:text-link-dark [&amp;_b_a]:decoration-1 [&amp;_b_a:hover]:underline [&amp;_b_a:hover]:text-link-hover desktop:leading-relaxed break-words font-serif\" data-original-text-size=\"text-xl\">Hay algo que pasa desapercibido hasta que falta: la escuela p\u00fablica. Puede que no tenga la fachada m\u00e1s bonita, ni las instalaciones m\u00e1s modernas, pero cuando est\u00e1, lo cambia todo. Y cuando no est\u00e1, la ausencia pesa. Porque la escuela p\u00fablica es mucho m\u00e1s que un lugar donde aprender a leer, sumar o saber qui\u00e9n fue Galileo. Es un lugar de encuentro donde se construye comunidad cada d\u00eda. La educaci\u00f3n p\u00fablica es un elemento fundamental de cohesi\u00f3n social. Por eso, ahora que estamos en el per\u00edodo de admisi\u00f3n en escuelas, colegios e institutos, es el momento de defender los centros p\u00fablicos e incorporarnos a su comunidad educativa.<\/p>\n<p class=\"paragraph text-xl pb-7 w-full text-pretty [&amp;_&gt;a]:text-link-normal dark:[&amp;_&gt;a]:text-link-dark [&amp;_&gt;a]:decoration-1 [&amp;_&gt;a:hover]:underline [&amp;_&gt;a:hover]:text-link-hover [&amp;_&gt;a:hover]:decoration-2 [&amp;_b_a]:text-link-normal dark:[&amp;_b_a]:text-link-dark [&amp;_b_a]:decoration-1 [&amp;_b_a:hover]:underline [&amp;_b_a:hover]:text-link-hover desktop:leading-relaxed break-words font-serif\" data-original-text-size=\"text-xl\">A menudo, cuando se habla de educaci\u00f3n, pensamos en leyes, curr\u00edculos, evaluaciones\u2026 Pero m\u00e1s all\u00e1 de eso, la escuela p\u00fablica es antes que nada la posibilidad de que todos y todas, vengan de donde vengan, tengan la oportunidad de construir su vida, de que ning\u00fan ni\u00f1o o ni\u00f1a se quede atr\u00e1s por no tener recursos, por venir de otra cultura o por vivir en un barrio olvidado.<\/p>\n<p data-original-text-size=\"text-xl\">Hay historias que nos recuerdan de d\u00f3nde venimos. Barrios levantados a pulso por familias trabajadoras, donde las casas eran chabolas y el agua corriente llegaba mucho despu\u00e9s que los sue\u00f1os. En esos rincones, donde todo faltaba, la lucha por una escuela no era un lujo, era una necesidad. Porque si no hay escuela, no hay futuro. El barrio de Palomeras Bajas, donde se encuentra hoy la Asamblea de Madrid, es un buen ejemplo de ello. Quienes crecimos all\u00ed, lo sabemos bien.<\/p>\n<p class=\"paragraph text-xl pb-7 w-full text-pretty [&amp;_&gt;a]:text-link-normal dark:[&amp;_&gt;a]:text-link-dark [&amp;_&gt;a]:decoration-1 [&amp;_&gt;a:hover]:underline [&amp;_&gt;a:hover]:text-link-hover [&amp;_&gt;a:hover]:decoration-2 [&amp;_b_a]:text-link-normal dark:[&amp;_b_a]:text-link-dark [&amp;_b_a]:decoration-1 [&amp;_b_a:hover]:underline [&amp;_b_a:hover]:text-link-hover desktop:leading-relaxed break-words font-serif\" data-original-text-size=\"text-xl\">Levantar una escuela p\u00fablica, aunque no lo parezca, es casi un acto de rebeld\u00eda. De los buenos. De esos que cambian las cosas desde abajo, sin ruido, pero con fuerza. Es decirle que s\u00ed a lo que nos une y a lo que nos diferencia, es decir que s\u00ed al respeto y a aprender de quien no piensa como t\u00fa. A lo justo. A que nadie se quede atr\u00e1s solo porque le toc\u00f3 nacer en un sitio complicado. A que aqu\u00ed cabemos todos sin importar de d\u00f3nde vinimos, qui\u00e9nes son nuestros padres o cu\u00e1nto dinero tienen. Al bien com\u00fan. La justicia social y la igualdad de oportunidades y condiciones. Al final, se trata de eso: de hacer barrio, y hacer democracia desde el aula.<\/p>\n<p class=\"paragraph text-xl pb-7 w-full text-pretty [&amp;_&gt;a]:text-link-normal dark:[&amp;_&gt;a]:text-link-dark [&amp;_&gt;a]:decoration-1 [&amp;_&gt;a:hover]:underline [&amp;_&gt;a:hover]:text-link-hover [&amp;_&gt;a:hover]:decoration-2 [&amp;_b_a]:text-link-normal dark:[&amp;_b_a]:text-link-dark [&amp;_b_a]:decoration-1 [&amp;_b_a:hover]:underline [&amp;_b_a:hover]:text-link-hover desktop:leading-relaxed break-words font-serif\" data-original-text-size=\"text-xl\">Los colegios p\u00fablicos son m\u00e1s que horarios y temarios. Hay algo ah\u00ed que no entra en el bolet\u00edn, pero se nota. Es lo que pasa en el patio, en la puerta, en las charlas entre familias. Est\u00e1n las maestras y maestros que, muchas veces sin los medios necesarios, sacan adelante a grupos diversos, complejos, con cari\u00f1o y vocaci\u00f3n. Est\u00e1n los ni\u00f1os, las ni\u00f1as y los j\u00f3venes, que aprenden, s\u00ed, pero tambi\u00e9n conviven, que escuchan, que entienden que hay otras formas de ver el mundo.<\/p>\n<p class=\"paragraph text-xl pb-7 w-full text-pretty [&amp;_&gt;a]:text-link-normal dark:[&amp;_&gt;a]:text-link-dark [&amp;_&gt;a]:decoration-1 [&amp;_&gt;a:hover]:underline [&amp;_&gt;a:hover]:text-link-hover [&amp;_&gt;a:hover]:decoration-2 [&amp;_b_a]:text-link-normal dark:[&amp;_b_a]:text-link-dark [&amp;_b_a]:decoration-1 [&amp;_b_a:hover]:underline [&amp;_b_a:hover]:text-link-hover desktop:leading-relaxed break-words font-serif\" data-original-text-size=\"text-xl\">Y cuando una comunidad se organiza para defender su escuela, para mejorarla, para cuidarla, est\u00e1 haciendo algo mucho m\u00e1s grande que pelear por un edificio o una l\u00ednea m\u00e1s de presupuesto. Est\u00e1 defendiendo su identidad, su dignidad, su derecho a existir.<\/p>\n<p class=\"paragraph text-xl pb-7 w-full text-pretty [&amp;_&gt;a]:text-link-normal dark:[&amp;_&gt;a]:text-link-dark [&amp;_&gt;a]:decoration-1 [&amp;_&gt;a:hover]:underline [&amp;_&gt;a:hover]:text-link-hover [&amp;_&gt;a:hover]:decoration-2 [&amp;_b_a]:text-link-normal dark:[&amp;_b_a]:text-link-dark [&amp;_b_a]:decoration-1 [&amp;_b_a:hover]:underline [&amp;_b_a:hover]:text-link-hover desktop:leading-relaxed break-words font-serif\" data-original-text-size=\"text-xl\">No es casualidad que cuando se recortan presupuestos, una de las primeras v\u00edctimas suela ser la educaci\u00f3n p\u00fablica. Porque lo p\u00fablico molesta. Molesta a quienes prefieren convertir derechos en negocios. Molesta a quienes ven la escuela no como un lugar\u00a0para formar ciudadanos cr\u00edticos, sino como un espacio donde entrenar consumidores obedientes.<\/p>\n<p class=\"paragraph text-xl pb-7 w-full text-pretty [&amp;_&gt;a]:text-link-normal dark:[&amp;_&gt;a]:text-link-dark [&amp;_&gt;a]:decoration-1 [&amp;_&gt;a:hover]:underline [&amp;_&gt;a:hover]:text-link-hover [&amp;_&gt;a:hover]:decoration-2 [&amp;_b_a]:text-link-normal dark:[&amp;_b_a]:text-link-dark [&amp;_b_a]:decoration-1 [&amp;_b_a:hover]:underline [&amp;_b_a:hover]:text-link-hover desktop:leading-relaxed break-words font-serif\" data-original-text-size=\"text-xl\">Pero la escuela p\u00fablica resiste. Sobrevive. Porque hay gente que se deja la piel, que no ense\u00f1a solo para aprobar ex\u00e1menes, sino para para acompa\u00f1ar, para cambiar vidas a paso lento pero firme. Y eso, claro, no gusta a quienes no quieren que nada cambie.<\/p>\n<p class=\"paragraph text-xl pb-7 w-full text-pretty [&amp;_&gt;a]:text-link-normal dark:[&amp;_&gt;a]:text-link-dark [&amp;_&gt;a]:decoration-1 [&amp;_&gt;a:hover]:underline [&amp;_&gt;a:hover]:text-link-hover [&amp;_&gt;a:hover]:decoration-2 [&amp;_b_a]:text-link-normal dark:[&amp;_b_a]:text-link-dark [&amp;_b_a]:decoration-1 [&amp;_b_a:hover]:underline [&amp;_b_a:hover]:text-link-hover desktop:leading-relaxed break-words font-serif\" data-original-text-size=\"text-xl\">En los pueblos m\u00e1s alejados, esos colegios donde estudian unos cuantos ni\u00f1os, cumplen una funci\u00f3n que ning\u00fan algoritmo puede reemplazar. Son motor cultural, centro social, esperanza de vida. Hacen comunidad sin necesidad de grandes discursos. Con solo estar. Y eso lo sabemos bien quienes cada d\u00eda llevamos a nuestros hijos a centros como el de Cabanillas de la Sierra, peque\u00f1o, pero nuestro.<\/p>\n<p class=\"paragraph text-xl pb-7 w-full text-pretty [&amp;_&gt;a]:text-link-normal dark:[&amp;_&gt;a]:text-link-dark [&amp;_&gt;a]:decoration-1 [&amp;_&gt;a:hover]:underline [&amp;_&gt;a:hover]:text-link-hover [&amp;_&gt;a:hover]:decoration-2 [&amp;_b_a]:text-link-normal dark:[&amp;_b_a]:text-link-dark [&amp;_b_a]:decoration-1 [&amp;_b_a:hover]:underline [&amp;_b_a:hover]:text-link-hover desktop:leading-relaxed break-words font-serif\" data-original-text-size=\"text-xl\">Y cuando miramos hacia pa\u00edses que salieron adelante gracias a una apuesta firme por la educaci\u00f3n p\u00fablica \u2014una educaci\u00f3n con los pies en la tierra, ligada al entorno, al trabajo comunitario, al respeto mutuo\u2014 vemos que hay un patr\u00f3n que se repite: la educaci\u00f3n p\u00fablica es el principio de una sociedad fuerte y solidaria donde cabemos todos y todas.<\/p>\n<p class=\"paragraph text-xl pb-7 w-full text-pretty [&amp;_&gt;a]:text-link-normal dark:[&amp;_&gt;a]:text-link-dark [&amp;_&gt;a]:decoration-1 [&amp;_&gt;a:hover]:underline [&amp;_&gt;a:hover]:text-link-hover [&amp;_&gt;a:hover]:decoration-2 [&amp;_b_a]:text-link-normal dark:[&amp;_b_a]:text-link-dark [&amp;_b_a]:decoration-1 [&amp;_b_a:hover]:underline [&amp;_b_a:hover]:text-link-hover desktop:leading-relaxed break-words font-serif\" data-original-text-size=\"text-xl\">Por eso, defender la ense\u00f1anza p\u00fablica no es nostalgia, ni romanticismo. Es urgencia. Es compromiso con el presente y con el futuro. Es entender que no hay democracia plena sin educaci\u00f3n accesible, equitativa y de calidad. Y que ning\u00fan pa\u00eds puede avanzar si deja a una parte de su gente en el and\u00e9n, mirando c\u00f3mo pasa el tren sin poder subirse.<\/p>\n<p class=\"paragraph text-xl pb-7 w-full text-pretty [&amp;_&gt;a]:text-link-normal dark:[&amp;_&gt;a]:text-link-dark [&amp;_&gt;a]:decoration-1 [&amp;_&gt;a:hover]:underline [&amp;_&gt;a:hover]:text-link-hover [&amp;_&gt;a:hover]:decoration-2 [&amp;_b_a]:text-link-normal dark:[&amp;_b_a]:text-link-dark [&amp;_b_a]:decoration-1 [&amp;_b_a:hover]:underline [&amp;_b_a:hover]:text-link-hover desktop:leading-relaxed break-words font-serif\" data-original-text-size=\"text-xl\">La escuela p\u00fablica es mucho m\u00e1s que un edificio. Es ese lugar al que vas sabiendo que alguien te espera. Y eso, perdonad que insista, no se compra ni se vende.<\/p>\n<p data-original-text-size=\"text-xl\"><strong>Este art\u00edculo fue originalmente publicado en <a href=\"https:\/\/www.publico.es\/opinion\/tribunas\/escuela-publica-barrio-democracia-aula.html\" target=\"_blank\" rel=\"noopener\">publico.es.<\/a><\/strong><\/p>\n","protected":false},"excerpt":{"rendered":"<p>Defender la ense\u00f1anza p\u00fablica no es nostalgia, ni romanticismo. Es urgencia. Es compromiso con el<\/p>\n","protected":false},"author":854,"featured_media":18966,"comment_status":"open","ping_status":"open","sticky":false,"template":"","format":"standard","meta":{"footnotes":""},"categories":[504],"tags":[],"class_list":["post-21519","post","type-post","status-publish","format-standard","has-post-thumbnail","hentry","category-a-debate"],"yoast_head":"<!-- This site is optimized with the Yoast SEO plugin v26.7 - https:\/\/yoast.com\/wordpress\/plugins\/seo\/ -->\n<title>La escuela p\u00fablica: hacer barrio y hacer democracia desde el aula<\/title>\n<meta name=\"description\" content=\"Defender la ense\u00f1anza p\u00fablica no es nostalgia, ni romanticismo. Es urgencia. Es compromiso con el presente y con el futuro. ESTEBAN \u00c1LVAREZ LE\u00d3N Hay algo\" \/>\n<meta name=\"robots\" content=\"index, follow, max-snippet:-1, max-image-preview:large, max-video-preview:-1\" \/>\n<link rel=\"canonical\" href=\"https:\/\/www.cgtaragonlarioja.org\/fedens\/la-escuela-publica-hacer-barrio-y-hacer-democracia-desde-el-aula\/\" \/>\n<meta property=\"og:locale\" content=\"es_ES\" \/>\n<meta property=\"og:type\" content=\"article\" \/>\n<meta property=\"og:title\" content=\"La escuela p\u00fablica: hacer barrio y hacer democracia desde el aula\" \/>\n<meta property=\"og:description\" content=\"Defender la ense\u00f1anza p\u00fablica no es nostalgia, ni romanticismo. Es urgencia. Es compromiso con el presente y con el futuro. ESTEBAN \u00c1LVAREZ LE\u00d3N Hay algo\" \/>\n<meta property=\"og:url\" content=\"https:\/\/www.cgtaragonlarioja.org\/fedens\/la-escuela-publica-hacer-barrio-y-hacer-democracia-desde-el-aula\/\" \/>\n<meta property=\"og:site_name\" content=\"CGT Arag\u00f3n - La Rioja. ENSE\u00d1ANZA\" \/>\n<meta property=\"article:publisher\" content=\"https:\/\/www.facebook.com\/CGTEnseAragon\/\" \/>\n<meta property=\"article:published_time\" content=\"2025-05-20T08:05:57+00:00\" \/>\n<meta property=\"og:image\" content=\"https:\/\/www.cgtaragonlarioja.org\/fedens\/files\/2024\/03\/e_publica-tods-2653985005.esc_.jpg\" \/>\n\t<meta property=\"og:image:width\" content=\"1250\" \/>\n\t<meta property=\"og:image:height\" content=\"914\" \/>\n\t<meta property=\"og:image:type\" content=\"image\/jpeg\" \/>\n<meta name=\"author\" content=\"CGT Ense\u00f1anza Arag\u00f3n\" \/>\n<meta name=\"twitter:card\" content=\"summary_large_image\" \/>\n<meta name=\"twitter:creator\" content=\"@CGTeduAragon\" \/>\n<meta name=\"twitter:site\" content=\"@CGTeduAragon\" \/>\n<meta name=\"twitter:label1\" content=\"Escrito por\" \/>\n\t<meta name=\"twitter:data1\" content=\"CGT Ense\u00f1anza Arag\u00f3n\" \/>\n\t<meta name=\"twitter:label2\" content=\"Tiempo de lectura\" \/>\n\t<meta name=\"twitter:data2\" content=\"5 minutos\" \/>\n<script type=\"application\/ld+json\" class=\"yoast-schema-graph\">{\"@context\":\"https:\/\/schema.org\",\"@graph\":[{\"@type\":\"Article\",\"@id\":\"https:\/\/www.cgtaragonlarioja.org\/fedens\/la-escuela-publica-hacer-barrio-y-hacer-democracia-desde-el-aula\/#article\",\"isPartOf\":{\"@id\":\"https:\/\/www.cgtaragonlarioja.org\/fedens\/la-escuela-publica-hacer-barrio-y-hacer-democracia-desde-el-aula\/\"},\"author\":{\"name\":\"CGT Ense\u00f1anza Arag\u00f3n\",\"@id\":\"https:\/\/www.cgtaragonlarioja.org\/fedens\/#\/schema\/person\/f577cbf9ee1fb7519bfd883ac4f4032f\"},\"headline\":\"La escuela p\u00fablica: hacer barrio y hacer democracia desde el aula\",\"datePublished\":\"2025-05-20T08:05:57+00:00\",\"mainEntityOfPage\":{\"@id\":\"https:\/\/www.cgtaragonlarioja.org\/fedens\/la-escuela-publica-hacer-barrio-y-hacer-democracia-desde-el-aula\/\"},\"wordCount\":937,\"commentCount\":1,\"publisher\":{\"@id\":\"https:\/\/www.cgtaragonlarioja.org\/fedens\/#organization\"},\"image\":{\"@id\":\"https:\/\/www.cgtaragonlarioja.org\/fedens\/la-escuela-publica-hacer-barrio-y-hacer-democracia-desde-el-aula\/#primaryimage\"},\"thumbnailUrl\":\"https:\/\/www.cgtaragonlarioja.org\/fedens\/files\/2024\/03\/e_publica-tods-2653985005.esc_.jpg\",\"articleSection\":[\"A Debate\"],\"inLanguage\":\"es\",\"potentialAction\":[{\"@type\":\"CommentAction\",\"name\":\"Comment\",\"target\":[\"https:\/\/www.cgtaragonlarioja.org\/fedens\/la-escuela-publica-hacer-barrio-y-hacer-democracia-desde-el-aula\/#respond\"]}]},{\"@type\":\"WebPage\",\"@id\":\"https:\/\/www.cgtaragonlarioja.org\/fedens\/la-escuela-publica-hacer-barrio-y-hacer-democracia-desde-el-aula\/\",\"url\":\"https:\/\/www.cgtaragonlarioja.org\/fedens\/la-escuela-publica-hacer-barrio-y-hacer-democracia-desde-el-aula\/\",\"name\":\"La escuela p\u00fablica: hacer barrio y hacer democracia desde el aula\",\"isPartOf\":{\"@id\":\"https:\/\/www.cgtaragonlarioja.org\/fedens\/#website\"},\"primaryImageOfPage\":{\"@id\":\"https:\/\/www.cgtaragonlarioja.org\/fedens\/la-escuela-publica-hacer-barrio-y-hacer-democracia-desde-el-aula\/#primaryimage\"},\"image\":{\"@id\":\"https:\/\/www.cgtaragonlarioja.org\/fedens\/la-escuela-publica-hacer-barrio-y-hacer-democracia-desde-el-aula\/#primaryimage\"},\"thumbnailUrl\":\"https:\/\/www.cgtaragonlarioja.org\/fedens\/files\/2024\/03\/e_publica-tods-2653985005.esc_.jpg\",\"datePublished\":\"2025-05-20T08:05:57+00:00\",\"description\":\"Defender la ense\u00f1anza p\u00fablica no es nostalgia, ni romanticismo. Es urgencia. Es compromiso con el presente y con el futuro. ESTEBAN \u00c1LVAREZ LE\u00d3N Hay algo\",\"breadcrumb\":{\"@id\":\"https:\/\/www.cgtaragonlarioja.org\/fedens\/la-escuela-publica-hacer-barrio-y-hacer-democracia-desde-el-aula\/#breadcrumb\"},\"inLanguage\":\"es\",\"potentialAction\":[{\"@type\":\"ReadAction\",\"target\":[\"https:\/\/www.cgtaragonlarioja.org\/fedens\/la-escuela-publica-hacer-barrio-y-hacer-democracia-desde-el-aula\/\"]}]},{\"@type\":\"ImageObject\",\"inLanguage\":\"es\",\"@id\":\"https:\/\/www.cgtaragonlarioja.org\/fedens\/la-escuela-publica-hacer-barrio-y-hacer-democracia-desde-el-aula\/#primaryimage\",\"url\":\"https:\/\/www.cgtaragonlarioja.org\/fedens\/files\/2024\/03\/e_publica-tods-2653985005.esc_.jpg\",\"contentUrl\":\"https:\/\/www.cgtaragonlarioja.org\/fedens\/files\/2024\/03\/e_publica-tods-2653985005.esc_.jpg\",\"width\":1250,\"height\":914},{\"@type\":\"BreadcrumbList\",\"@id\":\"https:\/\/www.cgtaragonlarioja.org\/fedens\/la-escuela-publica-hacer-barrio-y-hacer-democracia-desde-el-aula\/#breadcrumb\",\"itemListElement\":[{\"@type\":\"ListItem\",\"position\":1,\"name\":\"Portada\",\"item\":\"https:\/\/www.cgtaragonlarioja.org\/fedens\/\"},{\"@type\":\"ListItem\",\"position\":2,\"name\":\"La escuela p\u00fablica: hacer barrio y hacer democracia desde el aula\"}]},{\"@type\":\"WebSite\",\"@id\":\"https:\/\/www.cgtaragonlarioja.org\/fedens\/#website\",\"url\":\"https:\/\/www.cgtaragonlarioja.org\/fedens\/\",\"name\":\"CGT Arag\u00f3n - La Rioja. ENSE\u00d1ANZA\",\"description\":\"CONTACTAR: Calatayud-Aranda: 654897973 \/ Huesca: 974238404 \/ Teruel: 978619265 \/ Zaragoza: 976922002\",\"publisher\":{\"@id\":\"https:\/\/www.cgtaragonlarioja.org\/fedens\/#organization\"},\"potentialAction\":[{\"@type\":\"SearchAction\",\"target\":{\"@type\":\"EntryPoint\",\"urlTemplate\":\"https:\/\/www.cgtaragonlarioja.org\/fedens\/?s={search_term_string}\"},\"query-input\":{\"@type\":\"PropertyValueSpecification\",\"valueRequired\":true,\"valueName\":\"search_term_string\"}}],\"inLanguage\":\"es\"},{\"@type\":\"Organization\",\"@id\":\"https:\/\/www.cgtaragonlarioja.org\/fedens\/#organization\",\"name\":\"CGT Arag\u00f3n y La Rioja - Ense\u00f1anza\",\"url\":\"https:\/\/www.cgtaragonlarioja.org\/fedens\/\",\"logo\":{\"@type\":\"ImageObject\",\"inLanguage\":\"es\",\"@id\":\"https:\/\/www.cgtaragonlarioja.org\/fedens\/#\/schema\/logo\/image\/\",\"url\":\"https:\/\/www.cgtaragonlarioja.org\/fedens\/files\/2021\/02\/logo_cgt_ense_huesca_170x250.png\",\"contentUrl\":\"https:\/\/www.cgtaragonlarioja.org\/fedens\/files\/2021\/02\/logo_cgt_ense_huesca_170x250.png\",\"width\":170,\"height\":250,\"caption\":\"CGT Arag\u00f3n y La Rioja - Ense\u00f1anza\"},\"image\":{\"@id\":\"https:\/\/www.cgtaragonlarioja.org\/fedens\/#\/schema\/logo\/image\/\"},\"sameAs\":[\"https:\/\/www.facebook.com\/CGTEnseAragon\/\",\"https:\/\/x.com\/CGTeduAragon\"]},{\"@type\":\"Person\",\"@id\":\"https:\/\/www.cgtaragonlarioja.org\/fedens\/#\/schema\/person\/f577cbf9ee1fb7519bfd883ac4f4032f\",\"name\":\"CGT Ense\u00f1anza Arag\u00f3n\",\"image\":{\"@type\":\"ImageObject\",\"inLanguage\":\"es\",\"@id\":\"https:\/\/www.cgtaragonlarioja.org\/fedens\/#\/schema\/person\/image\/\",\"url\":\"https:\/\/secure.gravatar.com\/avatar\/6591cafae8da970274bd48ef06b7f86ae2c2ba705fb2cdafa9b5f7f48c95a765?s=96&d=mm&r=g\",\"contentUrl\":\"https:\/\/secure.gravatar.com\/avatar\/6591cafae8da970274bd48ef06b7f86ae2c2ba705fb2cdafa9b5f7f48c95a765?s=96&d=mm&r=g\",\"caption\":\"CGT Ense\u00f1anza Arag\u00f3n\"},\"url\":\"https:\/\/www.cgtaragonlarioja.org\/fedens\/author\/fasecgt\/\"}]}<\/script>\n<!-- \/ Yoast SEO plugin. -->","yoast_head_json":{"title":"La escuela p\u00fablica: hacer barrio y hacer democracia desde el aula","description":"Defender la ense\u00f1anza p\u00fablica no es nostalgia, ni romanticismo. Es urgencia. Es compromiso con el presente y con el futuro. ESTEBAN \u00c1LVAREZ LE\u00d3N Hay algo","robots":{"index":"index","follow":"follow","max-snippet":"max-snippet:-1","max-image-preview":"max-image-preview:large","max-video-preview":"max-video-preview:-1"},"canonical":"https:\/\/www.cgtaragonlarioja.org\/fedens\/la-escuela-publica-hacer-barrio-y-hacer-democracia-desde-el-aula\/","og_locale":"es_ES","og_type":"article","og_title":"La escuela p\u00fablica: hacer barrio y hacer democracia desde el aula","og_description":"Defender la ense\u00f1anza p\u00fablica no es nostalgia, ni romanticismo. Es urgencia. Es compromiso con el presente y con el futuro. ESTEBAN \u00c1LVAREZ LE\u00d3N Hay algo","og_url":"https:\/\/www.cgtaragonlarioja.org\/fedens\/la-escuela-publica-hacer-barrio-y-hacer-democracia-desde-el-aula\/","og_site_name":"CGT Arag\u00f3n - La Rioja. ENSE\u00d1ANZA","article_publisher":"https:\/\/www.facebook.com\/CGTEnseAragon\/","article_published_time":"2025-05-20T08:05:57+00:00","og_image":[{"width":1250,"height":914,"url":"https:\/\/www.cgtaragonlarioja.org\/fedens\/files\/2024\/03\/e_publica-tods-2653985005.esc_.jpg","type":"image\/jpeg"}],"author":"CGT Ense\u00f1anza Arag\u00f3n","twitter_card":"summary_large_image","twitter_creator":"@CGTeduAragon","twitter_site":"@CGTeduAragon","twitter_misc":{"Escrito por":"CGT Ense\u00f1anza Arag\u00f3n","Tiempo de lectura":"5 minutos"},"schema":{"@context":"https:\/\/schema.org","@graph":[{"@type":"Article","@id":"https:\/\/www.cgtaragonlarioja.org\/fedens\/la-escuela-publica-hacer-barrio-y-hacer-democracia-desde-el-aula\/#article","isPartOf":{"@id":"https:\/\/www.cgtaragonlarioja.org\/fedens\/la-escuela-publica-hacer-barrio-y-hacer-democracia-desde-el-aula\/"},"author":{"name":"CGT Ense\u00f1anza Arag\u00f3n","@id":"https:\/\/www.cgtaragonlarioja.org\/fedens\/#\/schema\/person\/f577cbf9ee1fb7519bfd883ac4f4032f"},"headline":"La escuela p\u00fablica: hacer barrio y hacer democracia desde el aula","datePublished":"2025-05-20T08:05:57+00:00","mainEntityOfPage":{"@id":"https:\/\/www.cgtaragonlarioja.org\/fedens\/la-escuela-publica-hacer-barrio-y-hacer-democracia-desde-el-aula\/"},"wordCount":937,"commentCount":1,"publisher":{"@id":"https:\/\/www.cgtaragonlarioja.org\/fedens\/#organization"},"image":{"@id":"https:\/\/www.cgtaragonlarioja.org\/fedens\/la-escuela-publica-hacer-barrio-y-hacer-democracia-desde-el-aula\/#primaryimage"},"thumbnailUrl":"https:\/\/www.cgtaragonlarioja.org\/fedens\/files\/2024\/03\/e_publica-tods-2653985005.esc_.jpg","articleSection":["A Debate"],"inLanguage":"es","potentialAction":[{"@type":"CommentAction","name":"Comment","target":["https:\/\/www.cgtaragonlarioja.org\/fedens\/la-escuela-publica-hacer-barrio-y-hacer-democracia-desde-el-aula\/#respond"]}]},{"@type":"WebPage","@id":"https:\/\/www.cgtaragonlarioja.org\/fedens\/la-escuela-publica-hacer-barrio-y-hacer-democracia-desde-el-aula\/","url":"https:\/\/www.cgtaragonlarioja.org\/fedens\/la-escuela-publica-hacer-barrio-y-hacer-democracia-desde-el-aula\/","name":"La escuela p\u00fablica: hacer barrio y hacer democracia desde el aula","isPartOf":{"@id":"https:\/\/www.cgtaragonlarioja.org\/fedens\/#website"},"primaryImageOfPage":{"@id":"https:\/\/www.cgtaragonlarioja.org\/fedens\/la-escuela-publica-hacer-barrio-y-hacer-democracia-desde-el-aula\/#primaryimage"},"image":{"@id":"https:\/\/www.cgtaragonlarioja.org\/fedens\/la-escuela-publica-hacer-barrio-y-hacer-democracia-desde-el-aula\/#primaryimage"},"thumbnailUrl":"https:\/\/www.cgtaragonlarioja.org\/fedens\/files\/2024\/03\/e_publica-tods-2653985005.esc_.jpg","datePublished":"2025-05-20T08:05:57+00:00","description":"Defender la ense\u00f1anza p\u00fablica no es nostalgia, ni romanticismo. Es urgencia. Es compromiso con el presente y con el futuro. ESTEBAN \u00c1LVAREZ LE\u00d3N Hay algo","breadcrumb":{"@id":"https:\/\/www.cgtaragonlarioja.org\/fedens\/la-escuela-publica-hacer-barrio-y-hacer-democracia-desde-el-aula\/#breadcrumb"},"inLanguage":"es","potentialAction":[{"@type":"ReadAction","target":["https:\/\/www.cgtaragonlarioja.org\/fedens\/la-escuela-publica-hacer-barrio-y-hacer-democracia-desde-el-aula\/"]}]},{"@type":"ImageObject","inLanguage":"es","@id":"https:\/\/www.cgtaragonlarioja.org\/fedens\/la-escuela-publica-hacer-barrio-y-hacer-democracia-desde-el-aula\/#primaryimage","url":"https:\/\/www.cgtaragonlarioja.org\/fedens\/files\/2024\/03\/e_publica-tods-2653985005.esc_.jpg","contentUrl":"https:\/\/www.cgtaragonlarioja.org\/fedens\/files\/2024\/03\/e_publica-tods-2653985005.esc_.jpg","width":1250,"height":914},{"@type":"BreadcrumbList","@id":"https:\/\/www.cgtaragonlarioja.org\/fedens\/la-escuela-publica-hacer-barrio-y-hacer-democracia-desde-el-aula\/#breadcrumb","itemListElement":[{"@type":"ListItem","position":1,"name":"Portada","item":"https:\/\/www.cgtaragonlarioja.org\/fedens\/"},{"@type":"ListItem","position":2,"name":"La escuela p\u00fablica: hacer barrio y hacer democracia desde el aula"}]},{"@type":"WebSite","@id":"https:\/\/www.cgtaragonlarioja.org\/fedens\/#website","url":"https:\/\/www.cgtaragonlarioja.org\/fedens\/","name":"CGT Arag\u00f3n - La Rioja. ENSE\u00d1ANZA","description":"CONTACTAR: Calatayud-Aranda: 654897973 \/ Huesca: 974238404 \/ Teruel: 978619265 \/ Zaragoza: 976922002","publisher":{"@id":"https:\/\/www.cgtaragonlarioja.org\/fedens\/#organization"},"potentialAction":[{"@type":"SearchAction","target":{"@type":"EntryPoint","urlTemplate":"https:\/\/www.cgtaragonlarioja.org\/fedens\/?s={search_term_string}"},"query-input":{"@type":"PropertyValueSpecification","valueRequired":true,"valueName":"search_term_string"}}],"inLanguage":"es"},{"@type":"Organization","@id":"https:\/\/www.cgtaragonlarioja.org\/fedens\/#organization","name":"CGT Arag\u00f3n y La Rioja - Ense\u00f1anza","url":"https:\/\/www.cgtaragonlarioja.org\/fedens\/","logo":{"@type":"ImageObject","inLanguage":"es","@id":"https:\/\/www.cgtaragonlarioja.org\/fedens\/#\/schema\/logo\/image\/","url":"https:\/\/www.cgtaragonlarioja.org\/fedens\/files\/2021\/02\/logo_cgt_ense_huesca_170x250.png","contentUrl":"https:\/\/www.cgtaragonlarioja.org\/fedens\/files\/2021\/02\/logo_cgt_ense_huesca_170x250.png","width":170,"height":250,"caption":"CGT Arag\u00f3n y La Rioja - Ense\u00f1anza"},"image":{"@id":"https:\/\/www.cgtaragonlarioja.org\/fedens\/#\/schema\/logo\/image\/"},"sameAs":["https:\/\/www.facebook.com\/CGTEnseAragon\/","https:\/\/x.com\/CGTeduAragon"]},{"@type":"Person","@id":"https:\/\/www.cgtaragonlarioja.org\/fedens\/#\/schema\/person\/f577cbf9ee1fb7519bfd883ac4f4032f","name":"CGT Ense\u00f1anza Arag\u00f3n","image":{"@type":"ImageObject","inLanguage":"es","@id":"https:\/\/www.cgtaragonlarioja.org\/fedens\/#\/schema\/person\/image\/","url":"https:\/\/secure.gravatar.com\/avatar\/6591cafae8da970274bd48ef06b7f86ae2c2ba705fb2cdafa9b5f7f48c95a765?s=96&d=mm&r=g","contentUrl":"https:\/\/secure.gravatar.com\/avatar\/6591cafae8da970274bd48ef06b7f86ae2c2ba705fb2cdafa9b5f7f48c95a765?s=96&d=mm&r=g","caption":"CGT Ense\u00f1anza Arag\u00f3n"},"url":"https:\/\/www.cgtaragonlarioja.org\/fedens\/author\/fasecgt\/"}]}},"_links":{"self":[{"href":"https:\/\/www.cgtaragonlarioja.org\/fedens\/wp-json\/wp\/v2\/posts\/21519","targetHints":{"allow":["GET"]}}],"collection":[{"href":"https:\/\/www.cgtaragonlarioja.org\/fedens\/wp-json\/wp\/v2\/posts"}],"about":[{"href":"https:\/\/www.cgtaragonlarioja.org\/fedens\/wp-json\/wp\/v2\/types\/post"}],"author":[{"embeddable":true,"href":"https:\/\/www.cgtaragonlarioja.org\/fedens\/wp-json\/wp\/v2\/users\/854"}],"replies":[{"embeddable":true,"href":"https:\/\/www.cgtaragonlarioja.org\/fedens\/wp-json\/wp\/v2\/comments?post=21519"}],"version-history":[{"count":1,"href":"https:\/\/www.cgtaragonlarioja.org\/fedens\/wp-json\/wp\/v2\/posts\/21519\/revisions"}],"predecessor-version":[{"id":21520,"href":"https:\/\/www.cgtaragonlarioja.org\/fedens\/wp-json\/wp\/v2\/posts\/21519\/revisions\/21520"}],"wp:featuredmedia":[{"embeddable":true,"href":"https:\/\/www.cgtaragonlarioja.org\/fedens\/wp-json\/wp\/v2\/media\/18966"}],"wp:attachment":[{"href":"https:\/\/www.cgtaragonlarioja.org\/fedens\/wp-json\/wp\/v2\/media?parent=21519"}],"wp:term":[{"taxonomy":"category","embeddable":true,"href":"https:\/\/www.cgtaragonlarioja.org\/fedens\/wp-json\/wp\/v2\/categories?post=21519"},{"taxonomy":"post_tag","embeddable":true,"href":"https:\/\/www.cgtaragonlarioja.org\/fedens\/wp-json\/wp\/v2\/tags?post=21519"}],"curies":[{"name":"wp","href":"https:\/\/api.w.org\/{rel}","templated":true}]}}