{"id":21164,"date":"2025-04-03T13:00:52","date_gmt":"2025-04-03T11:00:52","guid":{"rendered":"https:\/\/www.cgtaragonlarioja.org\/fedens\/?p=21164"},"modified":"2025-04-03T14:35:54","modified_gmt":"2025-04-03T12:35:54","slug":"mesa-sectorial-del-4-de-abril-de-2025-calendario-escolar","status":"publish","type":"post","link":"https:\/\/www.cgtaragonlarioja.org\/fedens\/mesa-sectorial-del-4-de-abril-de-2025-calendario-escolar\/","title":{"rendered":"Mesa sectorial del 4 de abril de 2025. Calendario escolar"},"content":{"rendered":"<p><strong><u>La administraci\u00f3n educativa impone un calendario escolar para los dos pr\u00f3ximos cursos con el rechazo de toda la mesa sectorial.<\/u><\/strong><\/p>\n<p>La administraci\u00f3n no ha logrado que ning\u00fan sindicato apoye\u00a0 en mesa sectorial su propuesta de calendario escolar para los dos pr\u00f3ximos cursos.<\/p>\n<p>Hay que recordar que el calendario escolar no se negociaba en mesa sectorial, pero que, tras una sentencia judicial ganada por CGT, la administraci\u00f3n tiene la obligaci\u00f3n de negociarlo en mesa sectorial. Por ello resulta m\u00e1s parad\u00f3jico todav\u00eda, que en la mesa t\u00e9cnica convocada para iniciar la negociaci\u00f3n el Director General de Planificaci\u00f3n, Luis Mallada, cort\u00f3 a la representante de CGT cuando estaba explicando su propuesta de un calendario racional y pedag\u00f3gico, dici\u00e9ndole que era un desgaste innecesario y una p\u00e9rdida de tiempo. Tras esos comentarios que consideramos una falta de respeto hacia nuestra organizaci\u00f3n, las representantes de CGT se levantaron de la mesa\u00a0 y abandonaron la \u00abnegociaci\u00f3n\u00bb. Lo m\u00ednimo cuando se est\u00e1 en una mesa de negociaci\u00f3n es escuchar a todas las partes.<\/p>\n<p>CGT aboga por un calendario escolar dise\u00f1ado en criterios racionales y pedag\u00f3gicos, y no en festividades religiosas, ya que \u00e9ste \u00faltimo genera desajustes cada a\u00f1o, como trimestres de duraci\u00f3n no equilibrada, y periodos lectivos muy largos sin descanso.<\/p>\n<p>Por otra parte, <span class=\"translatable-message\">os informamos que, en la misma mesa, se hab\u00eda llegado a un <\/span><span class=\"translatable-message\">acuerdo en lo referido a una nueva orden de Permisos y Licencias y s, cuando la administraci\u00f3n de manera unilateral, ha decidido anular dicho acuerdo minutos despu\u00e9s de alcanzar el acuerdo y tras recibir una llamada telef\u00f3nica de una persona ajena a la mesa. Se ha suspendido la negociaci\u00f3n hasta nueva fecha.<\/span><\/p>\n<p>&nbsp;<\/p>\n<p>&nbsp;<\/p>\n<p><a href=\"https:\/\/www.cgtaragonlarioja.org\/fedens\/files\/2025\/04\/RyP-Actual.pdf\">Ruegos y preguntas de CGT<\/a><\/p>\n<p>&nbsp;<\/p>\n<p>&nbsp;<\/p>\n","protected":false},"excerpt":{"rendered":"<p>La administraci\u00f3n educativa impone un calendario escolar para los dos pr\u00f3ximos cursos con el rechazo<\/p>\n","protected":false},"author":486,"featured_media":21173,"comment_status":"open","ping_status":"open","sticky":false,"template":"","format":"standard","meta":{"footnotes":""},"categories":[508,480],"tags":[],"class_list":["post-21164","post","type-post","status-publish","format-standard","has-post-thumbnail","hentry","category-mesas-sectoriales-tecnicas","category-noticias"],"yoast_head":"<!-- This site is optimized with the Yoast SEO plugin v26.7 - https:\/\/yoast.com\/wordpress\/plugins\/seo\/ -->\n<title>Mesa sectorial del 4 de abril de 2025. Calendario escolar<\/title>\n<meta name=\"description\" content=\"La administraci\u00f3n educativa impone un calendario escolar para los dos pr\u00f3ximos cursos con el rechazo de toda la mesa sectorial. La administraci\u00f3n no ha\" \/>\n<meta name=\"robots\" content=\"index, follow, max-snippet:-1, max-image-preview:large, max-video-preview:-1\" \/>\n<link rel=\"canonical\" href=\"https:\/\/www.cgtaragonlarioja.org\/fedens\/mesa-sectorial-del-4-de-abril-de-2025-calendario-escolar\/\" \/>\n<meta property=\"og:locale\" content=\"es_ES\" \/>\n<meta property=\"og:type\" content=\"article\" \/>\n<meta property=\"og:title\" content=\"Mesa sectorial del 4 de abril de 2025. Calendario escolar\" \/>\n<meta property=\"og:description\" content=\"La administraci\u00f3n educativa impone un calendario escolar para los dos pr\u00f3ximos cursos con el rechazo de toda la mesa sectorial. La administraci\u00f3n no ha\" \/>\n<meta property=\"og:url\" content=\"https:\/\/www.cgtaragonlarioja.org\/fedens\/mesa-sectorial-del-4-de-abril-de-2025-calendario-escolar\/\" \/>\n<meta property=\"og:site_name\" content=\"CGT Arag\u00f3n - La Rioja. ENSE\u00d1ANZA\" \/>\n<meta property=\"article:publisher\" content=\"https:\/\/www.facebook.com\/CGTEnseAragon\/\" \/>\n<meta property=\"article:published_time\" content=\"2025-04-03T11:00:52+00:00\" \/>\n<meta property=\"article:modified_time\" content=\"2025-04-03T12:35:54+00:00\" \/>\n<meta property=\"og:image\" content=\"https:\/\/www.cgtaragonlarioja.org\/fedens\/files\/2025\/04\/photo_6014976100775609324_y.jpg\" \/>\n\t<meta property=\"og:image:width\" content=\"1080\" \/>\n\t<meta property=\"og:image:height\" content=\"1080\" \/>\n\t<meta property=\"og:image:type\" content=\"image\/jpeg\" \/>\n<meta name=\"author\" content=\"kike\" \/>\n<meta name=\"twitter:card\" content=\"summary_large_image\" \/>\n<meta name=\"twitter:creator\" content=\"@CGTeduAragon\" \/>\n<meta name=\"twitter:site\" content=\"@CGTeduAragon\" \/>\n<meta name=\"twitter:label1\" content=\"Escrito por\" \/>\n\t<meta name=\"twitter:data1\" content=\"kike\" \/>\n\t<meta name=\"twitter:label2\" content=\"Tiempo de lectura\" \/>\n\t<meta name=\"twitter:data2\" content=\"2 minutos\" \/>\n<script type=\"application\/ld+json\" class=\"yoast-schema-graph\">{\"@context\":\"https:\/\/schema.org\",\"@graph\":[{\"@type\":\"Article\",\"@id\":\"https:\/\/www.cgtaragonlarioja.org\/fedens\/mesa-sectorial-del-4-de-abril-de-2025-calendario-escolar\/#article\",\"isPartOf\":{\"@id\":\"https:\/\/www.cgtaragonlarioja.org\/fedens\/mesa-sectorial-del-4-de-abril-de-2025-calendario-escolar\/\"},\"author\":{\"name\":\"kike\",\"@id\":\"https:\/\/www.cgtaragonlarioja.org\/fedens\/#\/schema\/person\/dfa7d1616615d62a6d79c9593aa09fc3\"},\"headline\":\"Mesa sectorial del 4 de abril de 2025. Calendario escolar\",\"datePublished\":\"2025-04-03T11:00:52+00:00\",\"dateModified\":\"2025-04-03T12:35:54+00:00\",\"mainEntityOfPage\":{\"@id\":\"https:\/\/www.cgtaragonlarioja.org\/fedens\/mesa-sectorial-del-4-de-abril-de-2025-calendario-escolar\/\"},\"wordCount\":317,\"commentCount\":0,\"publisher\":{\"@id\":\"https:\/\/www.cgtaragonlarioja.org\/fedens\/#organization\"},\"image\":{\"@id\":\"https:\/\/www.cgtaragonlarioja.org\/fedens\/mesa-sectorial-del-4-de-abril-de-2025-calendario-escolar\/#primaryimage\"},\"thumbnailUrl\":\"https:\/\/www.cgtaragonlarioja.org\/fedens\/files\/2025\/04\/photo_6014976100775609324_y.jpg\",\"articleSection\":[\"Mesas sectoriales-t\u00e9cnicas\",\"Noticias\"],\"inLanguage\":\"es\",\"potentialAction\":[{\"@type\":\"CommentAction\",\"name\":\"Comment\",\"target\":[\"https:\/\/www.cgtaragonlarioja.org\/fedens\/mesa-sectorial-del-4-de-abril-de-2025-calendario-escolar\/#respond\"]}]},{\"@type\":\"WebPage\",\"@id\":\"https:\/\/www.cgtaragonlarioja.org\/fedens\/mesa-sectorial-del-4-de-abril-de-2025-calendario-escolar\/\",\"url\":\"https:\/\/www.cgtaragonlarioja.org\/fedens\/mesa-sectorial-del-4-de-abril-de-2025-calendario-escolar\/\",\"name\":\"Mesa sectorial del 4 de abril de 2025. Calendario escolar\",\"isPartOf\":{\"@id\":\"https:\/\/www.cgtaragonlarioja.org\/fedens\/#website\"},\"primaryImageOfPage\":{\"@id\":\"https:\/\/www.cgtaragonlarioja.org\/fedens\/mesa-sectorial-del-4-de-abril-de-2025-calendario-escolar\/#primaryimage\"},\"image\":{\"@id\":\"https:\/\/www.cgtaragonlarioja.org\/fedens\/mesa-sectorial-del-4-de-abril-de-2025-calendario-escolar\/#primaryimage\"},\"thumbnailUrl\":\"https:\/\/www.cgtaragonlarioja.org\/fedens\/files\/2025\/04\/photo_6014976100775609324_y.jpg\",\"datePublished\":\"2025-04-03T11:00:52+00:00\",\"dateModified\":\"2025-04-03T12:35:54+00:00\",\"description\":\"La administraci\u00f3n educativa impone un calendario escolar para los dos pr\u00f3ximos cursos con el rechazo de toda la mesa sectorial. La administraci\u00f3n no ha\",\"breadcrumb\":{\"@id\":\"https:\/\/www.cgtaragonlarioja.org\/fedens\/mesa-sectorial-del-4-de-abril-de-2025-calendario-escolar\/#breadcrumb\"},\"inLanguage\":\"es\",\"potentialAction\":[{\"@type\":\"ReadAction\",\"target\":[\"https:\/\/www.cgtaragonlarioja.org\/fedens\/mesa-sectorial-del-4-de-abril-de-2025-calendario-escolar\/\"]}]},{\"@type\":\"ImageObject\",\"inLanguage\":\"es\",\"@id\":\"https:\/\/www.cgtaragonlarioja.org\/fedens\/mesa-sectorial-del-4-de-abril-de-2025-calendario-escolar\/#primaryimage\",\"url\":\"https:\/\/www.cgtaragonlarioja.org\/fedens\/files\/2025\/04\/photo_6014976100775609324_y.jpg\",\"contentUrl\":\"https:\/\/www.cgtaragonlarioja.org\/fedens\/files\/2025\/04\/photo_6014976100775609324_y.jpg\",\"width\":1080,\"height\":1080},{\"@type\":\"BreadcrumbList\",\"@id\":\"https:\/\/www.cgtaragonlarioja.org\/fedens\/mesa-sectorial-del-4-de-abril-de-2025-calendario-escolar\/#breadcrumb\",\"itemListElement\":[{\"@type\":\"ListItem\",\"position\":1,\"name\":\"Portada\",\"item\":\"https:\/\/www.cgtaragonlarioja.org\/fedens\/\"},{\"@type\":\"ListItem\",\"position\":2,\"name\":\"Mesa sectorial del 4 de abril de 2025. Calendario escolar\"}]},{\"@type\":\"WebSite\",\"@id\":\"https:\/\/www.cgtaragonlarioja.org\/fedens\/#website\",\"url\":\"https:\/\/www.cgtaragonlarioja.org\/fedens\/\",\"name\":\"CGT Arag\u00f3n - La Rioja. ENSE\u00d1ANZA\",\"description\":\"CONTACTAR: Calatayud-Aranda: 654897973 \/ Huesca: 974238404 \/ Teruel: 978619265 \/ Zaragoza: 976922002\",\"publisher\":{\"@id\":\"https:\/\/www.cgtaragonlarioja.org\/fedens\/#organization\"},\"potentialAction\":[{\"@type\":\"SearchAction\",\"target\":{\"@type\":\"EntryPoint\",\"urlTemplate\":\"https:\/\/www.cgtaragonlarioja.org\/fedens\/?s={search_term_string}\"},\"query-input\":{\"@type\":\"PropertyValueSpecification\",\"valueRequired\":true,\"valueName\":\"search_term_string\"}}],\"inLanguage\":\"es\"},{\"@type\":\"Organization\",\"@id\":\"https:\/\/www.cgtaragonlarioja.org\/fedens\/#organization\",\"name\":\"CGT Arag\u00f3n y La Rioja - Ense\u00f1anza\",\"url\":\"https:\/\/www.cgtaragonlarioja.org\/fedens\/\",\"logo\":{\"@type\":\"ImageObject\",\"inLanguage\":\"es\",\"@id\":\"https:\/\/www.cgtaragonlarioja.org\/fedens\/#\/schema\/logo\/image\/\",\"url\":\"https:\/\/www.cgtaragonlarioja.org\/fedens\/files\/2021\/02\/logo_cgt_ense_huesca_170x250.png\",\"contentUrl\":\"https:\/\/www.cgtaragonlarioja.org\/fedens\/files\/2021\/02\/logo_cgt_ense_huesca_170x250.png\",\"width\":170,\"height\":250,\"caption\":\"CGT Arag\u00f3n y La Rioja - Ense\u00f1anza\"},\"image\":{\"@id\":\"https:\/\/www.cgtaragonlarioja.org\/fedens\/#\/schema\/logo\/image\/\"},\"sameAs\":[\"https:\/\/www.facebook.com\/CGTEnseAragon\/\",\"https:\/\/x.com\/CGTeduAragon\"]},{\"@type\":\"Person\",\"@id\":\"https:\/\/www.cgtaragonlarioja.org\/fedens\/#\/schema\/person\/dfa7d1616615d62a6d79c9593aa09fc3\",\"name\":\"kike\",\"image\":{\"@type\":\"ImageObject\",\"inLanguage\":\"es\",\"@id\":\"https:\/\/www.cgtaragonlarioja.org\/fedens\/#\/schema\/person\/image\/\",\"url\":\"https:\/\/secure.gravatar.com\/avatar\/f1c0788a733c3717c5f8c071e064a9c188df22c90b22388027f4ed27abaa4f3b?s=96&d=mm&r=g\",\"contentUrl\":\"https:\/\/secure.gravatar.com\/avatar\/f1c0788a733c3717c5f8c071e064a9c188df22c90b22388027f4ed27abaa4f3b?s=96&d=mm&r=g\",\"caption\":\"kike\"},\"url\":\"https:\/\/www.cgtaragonlarioja.org\/fedens\/author\/kike\/\"}]}<\/script>\n<!-- \/ Yoast SEO plugin. -->","yoast_head_json":{"title":"Mesa sectorial del 4 de abril de 2025. Calendario escolar","description":"La administraci\u00f3n educativa impone un calendario escolar para los dos pr\u00f3ximos cursos con el rechazo de toda la mesa sectorial. La administraci\u00f3n no ha","robots":{"index":"index","follow":"follow","max-snippet":"max-snippet:-1","max-image-preview":"max-image-preview:large","max-video-preview":"max-video-preview:-1"},"canonical":"https:\/\/www.cgtaragonlarioja.org\/fedens\/mesa-sectorial-del-4-de-abril-de-2025-calendario-escolar\/","og_locale":"es_ES","og_type":"article","og_title":"Mesa sectorial del 4 de abril de 2025. Calendario escolar","og_description":"La administraci\u00f3n educativa impone un calendario escolar para los dos pr\u00f3ximos cursos con el rechazo de toda la mesa sectorial. La administraci\u00f3n no ha","og_url":"https:\/\/www.cgtaragonlarioja.org\/fedens\/mesa-sectorial-del-4-de-abril-de-2025-calendario-escolar\/","og_site_name":"CGT Arag\u00f3n - La Rioja. ENSE\u00d1ANZA","article_publisher":"https:\/\/www.facebook.com\/CGTEnseAragon\/","article_published_time":"2025-04-03T11:00:52+00:00","article_modified_time":"2025-04-03T12:35:54+00:00","og_image":[{"width":1080,"height":1080,"url":"https:\/\/www.cgtaragonlarioja.org\/fedens\/files\/2025\/04\/photo_6014976100775609324_y.jpg","type":"image\/jpeg"}],"author":"kike","twitter_card":"summary_large_image","twitter_creator":"@CGTeduAragon","twitter_site":"@CGTeduAragon","twitter_misc":{"Escrito por":"kike","Tiempo de lectura":"2 minutos"},"schema":{"@context":"https:\/\/schema.org","@graph":[{"@type":"Article","@id":"https:\/\/www.cgtaragonlarioja.org\/fedens\/mesa-sectorial-del-4-de-abril-de-2025-calendario-escolar\/#article","isPartOf":{"@id":"https:\/\/www.cgtaragonlarioja.org\/fedens\/mesa-sectorial-del-4-de-abril-de-2025-calendario-escolar\/"},"author":{"name":"kike","@id":"https:\/\/www.cgtaragonlarioja.org\/fedens\/#\/schema\/person\/dfa7d1616615d62a6d79c9593aa09fc3"},"headline":"Mesa sectorial del 4 de abril de 2025. Calendario escolar","datePublished":"2025-04-03T11:00:52+00:00","dateModified":"2025-04-03T12:35:54+00:00","mainEntityOfPage":{"@id":"https:\/\/www.cgtaragonlarioja.org\/fedens\/mesa-sectorial-del-4-de-abril-de-2025-calendario-escolar\/"},"wordCount":317,"commentCount":0,"publisher":{"@id":"https:\/\/www.cgtaragonlarioja.org\/fedens\/#organization"},"image":{"@id":"https:\/\/www.cgtaragonlarioja.org\/fedens\/mesa-sectorial-del-4-de-abril-de-2025-calendario-escolar\/#primaryimage"},"thumbnailUrl":"https:\/\/www.cgtaragonlarioja.org\/fedens\/files\/2025\/04\/photo_6014976100775609324_y.jpg","articleSection":["Mesas sectoriales-t\u00e9cnicas","Noticias"],"inLanguage":"es","potentialAction":[{"@type":"CommentAction","name":"Comment","target":["https:\/\/www.cgtaragonlarioja.org\/fedens\/mesa-sectorial-del-4-de-abril-de-2025-calendario-escolar\/#respond"]}]},{"@type":"WebPage","@id":"https:\/\/www.cgtaragonlarioja.org\/fedens\/mesa-sectorial-del-4-de-abril-de-2025-calendario-escolar\/","url":"https:\/\/www.cgtaragonlarioja.org\/fedens\/mesa-sectorial-del-4-de-abril-de-2025-calendario-escolar\/","name":"Mesa sectorial del 4 de abril de 2025. Calendario escolar","isPartOf":{"@id":"https:\/\/www.cgtaragonlarioja.org\/fedens\/#website"},"primaryImageOfPage":{"@id":"https:\/\/www.cgtaragonlarioja.org\/fedens\/mesa-sectorial-del-4-de-abril-de-2025-calendario-escolar\/#primaryimage"},"image":{"@id":"https:\/\/www.cgtaragonlarioja.org\/fedens\/mesa-sectorial-del-4-de-abril-de-2025-calendario-escolar\/#primaryimage"},"thumbnailUrl":"https:\/\/www.cgtaragonlarioja.org\/fedens\/files\/2025\/04\/photo_6014976100775609324_y.jpg","datePublished":"2025-04-03T11:00:52+00:00","dateModified":"2025-04-03T12:35:54+00:00","description":"La administraci\u00f3n educativa impone un calendario escolar para los dos pr\u00f3ximos cursos con el rechazo de toda la mesa sectorial. La administraci\u00f3n no ha","breadcrumb":{"@id":"https:\/\/www.cgtaragonlarioja.org\/fedens\/mesa-sectorial-del-4-de-abril-de-2025-calendario-escolar\/#breadcrumb"},"inLanguage":"es","potentialAction":[{"@type":"ReadAction","target":["https:\/\/www.cgtaragonlarioja.org\/fedens\/mesa-sectorial-del-4-de-abril-de-2025-calendario-escolar\/"]}]},{"@type":"ImageObject","inLanguage":"es","@id":"https:\/\/www.cgtaragonlarioja.org\/fedens\/mesa-sectorial-del-4-de-abril-de-2025-calendario-escolar\/#primaryimage","url":"https:\/\/www.cgtaragonlarioja.org\/fedens\/files\/2025\/04\/photo_6014976100775609324_y.jpg","contentUrl":"https:\/\/www.cgtaragonlarioja.org\/fedens\/files\/2025\/04\/photo_6014976100775609324_y.jpg","width":1080,"height":1080},{"@type":"BreadcrumbList","@id":"https:\/\/www.cgtaragonlarioja.org\/fedens\/mesa-sectorial-del-4-de-abril-de-2025-calendario-escolar\/#breadcrumb","itemListElement":[{"@type":"ListItem","position":1,"name":"Portada","item":"https:\/\/www.cgtaragonlarioja.org\/fedens\/"},{"@type":"ListItem","position":2,"name":"Mesa sectorial del 4 de abril de 2025. Calendario escolar"}]},{"@type":"WebSite","@id":"https:\/\/www.cgtaragonlarioja.org\/fedens\/#website","url":"https:\/\/www.cgtaragonlarioja.org\/fedens\/","name":"CGT Arag\u00f3n - La Rioja. ENSE\u00d1ANZA","description":"CONTACTAR: Calatayud-Aranda: 654897973 \/ Huesca: 974238404 \/ Teruel: 978619265 \/ Zaragoza: 976922002","publisher":{"@id":"https:\/\/www.cgtaragonlarioja.org\/fedens\/#organization"},"potentialAction":[{"@type":"SearchAction","target":{"@type":"EntryPoint","urlTemplate":"https:\/\/www.cgtaragonlarioja.org\/fedens\/?s={search_term_string}"},"query-input":{"@type":"PropertyValueSpecification","valueRequired":true,"valueName":"search_term_string"}}],"inLanguage":"es"},{"@type":"Organization","@id":"https:\/\/www.cgtaragonlarioja.org\/fedens\/#organization","name":"CGT Arag\u00f3n y La Rioja - Ense\u00f1anza","url":"https:\/\/www.cgtaragonlarioja.org\/fedens\/","logo":{"@type":"ImageObject","inLanguage":"es","@id":"https:\/\/www.cgtaragonlarioja.org\/fedens\/#\/schema\/logo\/image\/","url":"https:\/\/www.cgtaragonlarioja.org\/fedens\/files\/2021\/02\/logo_cgt_ense_huesca_170x250.png","contentUrl":"https:\/\/www.cgtaragonlarioja.org\/fedens\/files\/2021\/02\/logo_cgt_ense_huesca_170x250.png","width":170,"height":250,"caption":"CGT Arag\u00f3n y La Rioja - Ense\u00f1anza"},"image":{"@id":"https:\/\/www.cgtaragonlarioja.org\/fedens\/#\/schema\/logo\/image\/"},"sameAs":["https:\/\/www.facebook.com\/CGTEnseAragon\/","https:\/\/x.com\/CGTeduAragon"]},{"@type":"Person","@id":"https:\/\/www.cgtaragonlarioja.org\/fedens\/#\/schema\/person\/dfa7d1616615d62a6d79c9593aa09fc3","name":"kike","image":{"@type":"ImageObject","inLanguage":"es","@id":"https:\/\/www.cgtaragonlarioja.org\/fedens\/#\/schema\/person\/image\/","url":"https:\/\/secure.gravatar.com\/avatar\/f1c0788a733c3717c5f8c071e064a9c188df22c90b22388027f4ed27abaa4f3b?s=96&d=mm&r=g","contentUrl":"https:\/\/secure.gravatar.com\/avatar\/f1c0788a733c3717c5f8c071e064a9c188df22c90b22388027f4ed27abaa4f3b?s=96&d=mm&r=g","caption":"kike"},"url":"https:\/\/www.cgtaragonlarioja.org\/fedens\/author\/kike\/"}]}},"_links":{"self":[{"href":"https:\/\/www.cgtaragonlarioja.org\/fedens\/wp-json\/wp\/v2\/posts\/21164","targetHints":{"allow":["GET"]}}],"collection":[{"href":"https:\/\/www.cgtaragonlarioja.org\/fedens\/wp-json\/wp\/v2\/posts"}],"about":[{"href":"https:\/\/www.cgtaragonlarioja.org\/fedens\/wp-json\/wp\/v2\/types\/post"}],"author":[{"embeddable":true,"href":"https:\/\/www.cgtaragonlarioja.org\/fedens\/wp-json\/wp\/v2\/users\/486"}],"replies":[{"embeddable":true,"href":"https:\/\/www.cgtaragonlarioja.org\/fedens\/wp-json\/wp\/v2\/comments?post=21164"}],"version-history":[{"count":4,"href":"https:\/\/www.cgtaragonlarioja.org\/fedens\/wp-json\/wp\/v2\/posts\/21164\/revisions"}],"predecessor-version":[{"id":21169,"href":"https:\/\/www.cgtaragonlarioja.org\/fedens\/wp-json\/wp\/v2\/posts\/21164\/revisions\/21169"}],"wp:featuredmedia":[{"embeddable":true,"href":"https:\/\/www.cgtaragonlarioja.org\/fedens\/wp-json\/wp\/v2\/media\/21173"}],"wp:attachment":[{"href":"https:\/\/www.cgtaragonlarioja.org\/fedens\/wp-json\/wp\/v2\/media?parent=21164"}],"wp:term":[{"taxonomy":"category","embeddable":true,"href":"https:\/\/www.cgtaragonlarioja.org\/fedens\/wp-json\/wp\/v2\/categories?post=21164"},{"taxonomy":"post_tag","embeddable":true,"href":"https:\/\/www.cgtaragonlarioja.org\/fedens\/wp-json\/wp\/v2\/tags?post=21164"}],"curies":[{"name":"wp","href":"https:\/\/api.w.org\/{rel}","templated":true}]}}