{"id":21149,"date":"2025-04-01T11:47:24","date_gmt":"2025-04-01T09:47:24","guid":{"rendered":"https:\/\/www.cgtaragonlarioja.org\/fedens\/?p=21149"},"modified":"2025-04-04T10:48:42","modified_gmt":"2025-04-04T08:48:42","slug":"dignidad_tribunales","status":"publish","type":"post","link":"https:\/\/www.cgtaragonlarioja.org\/fedens\/dignidad_tribunales\/","title":{"rendered":"CONDICIONES DIGNAS PARA LOS TRIBUNALES DE OPOSICIONES: \u00bfQu\u00e9 ha reclamado CGT?"},"content":{"rendered":"<p><strong>CONDICIONES DIGNAS PARA LOS <u>TRIBUNALES DE OPOSICIONES<\/u>: \u00bfQu\u00e9 ha reclamado CGT?<\/strong><\/p>\n<p><strong><u>MEJORA EN LA INFORMACI\u00d3N DEL PROCESO:<\/u><\/strong><\/p>\n<p>Cuando se exige un cambio de funciones y la asunci\u00f3n de una responsabilidad importante como es valorar con diversas pruebas qu\u00e9\u00a0 personas candidatas pueden optar a conseguir una plaza como funcionaria de carrera,\u00a0 <strong>se necesita una informaci\u00f3n y formaci\u00f3n de calidad.<\/strong><\/p>\n<p>Es imprescindible <strong>que se dote al conjunto de las personas trabajadoras que componen los Tribunales de la misma informaci\u00f3n y formaci\u00f3n<\/strong>, para que act\u00faen del mismo modo independientemente de la especialidad o provincia en la que intervengan. Deben disponer de toda la informaci\u00f3n relevante con suficiente tiempo para su comprensi\u00f3n, antes de ejercer sus funciones. As\u00ed mismo, deben tener el acompa\u00f1amiento continuo de personas coordinadoras.<\/p>\n<p><strong><u>MATERIAL NECESARIO:<\/u><\/strong><\/p>\n<p>Los Tribunales y la Inspecci\u00f3n y <strong>Coordinaci\u00f3n deben reunirse para preparar con el suficiente tiempo todo el material necesario<\/strong> para la primera prueba, de tal manera que est\u00e9 preparado antes del d\u00eda de la convocatoria.<\/p>\n<p>Cada centro con Tribunal <strong>debe tener el material fungible preciso<\/strong>, consistente en agua, grapadoras, celo, gomas, fundas transparentes, folios y todo aqu\u00e9l que sea imprescindible para poder trabajar de una forma c\u00f3moda y tranquila.<\/p>\n<p><strong><u>EXCESO DE HORAS:<\/u><\/strong><\/p>\n<p>La jornada laboral ordinaria para el personal docente de Arag\u00f3n est\u00e1 establecida actualmente en 37,5 horas semanales, por lo que no corresponder\u00eda desarrollar m\u00e1s tiempo de trabajo. As\u00ed pues es necesario:<\/p>\n<ul>\n<li><strong>Ampliaci\u00f3n de los tiempos asignados para las correcciones<\/strong>, que impidan jornadas maratonianas, estableciendo la jornada diaria m\u00e1xima regular de 9 horas diarias, tal y como establece la normativa laboral.<\/li>\n<li><strong>Incorporaci\u00f3n de un n\u00famero mayor de Tribunales<\/strong>, permitiendo reorganizarlos en el caso de que el n\u00famero de opositores y opositoras se reduzca.<\/li>\n<li><strong>Reconocimiento del exceso de jornada como horas extraordinarias<\/strong>, debiendo ser abonadas o compensadas por tiempo de descanso en septiembre, con un valor para la compensaci\u00f3n o el abono del 150% de la hora ordinaria.<\/li>\n<\/ul>\n<p><strong><u>ALOJAMIENTO<\/u><\/strong><\/p>\n<p>Todas las personas trabajadoras miembros del Tribunal que est\u00e9n desplazadas de su localidad de residencia deber\u00e1n <strong>conocer y disponer con la antelaci\u00f3n suficiente de un alojamiento que cumpla unos m\u00ednimos de calidad y condiciones<\/strong>, debiendo ser reservado y abonado siempre por parte de la administraci\u00f3n.<\/p>\n<p>Si las condiciones del alojamiento se consideran no adecuadas por parte de la persona trabajadora, la administraci\u00f3n <strong>deber\u00e1 proponer nuevas instalaciones de forma urgente<\/strong>, para que desde la primera noche resida en un lugar digno.<\/p>\n<p><strong><u>PAGO DE DIETAS Y TRANSPORTES<\/u><\/strong><\/p>\n<p>Todas las personas integrantes de los Tribunales en todas las especialidades y provincias aragonesas<strong> tendr\u00e1n derecho a las dietas correspondientes establecidas en la normativa<\/strong>, no siendo posible diferenciar abonos para quienes viven en la localidad, cubriendo exclusivamente el gasto efectuado.<\/p>\n<p>En los casos en los que la persona trabajadora deba de adelantar los gastos de dietas y\/o locomoci\u00f3n, la administraci\u00f3n estar\u00e1 obligada a su <strong>abono puntual al mes siguiente de dicho gasto<\/strong>, una vez tenga conocimiento del mismo, tal y como se establece en la normativa laboral de uso y costumbre.<\/p>\n<p><strong><u>RETRIBUCI\u00d3N ESPECIAL\u00a0 POR LOS SERVICIOS EXCEPCIONALES PRESTADOS:<\/u><\/strong><\/p>\n<p>Ser miembro de un Tribunal supone una responsabilidad y desarrollar multifuncionalidad, jornadas irregulares, traslados obligatorios y otras modificaciones importantes, por lo que se hace necesario<strong> valorar el reconocimiento econ\u00f3mico de esta disponibilidad y compromiso<\/strong>, facilitando una asignaci\u00f3n retributiva especial, con la denominaci\u00f3n de <strong>Complemento Espec\u00edfico por ejercer como miembro de Tribunal<\/strong>.<\/p>\n<p><strong><u>DERECHO A LA PREVENCI\u00d3N DE RIESGOS LABORALES:<\/u><\/strong><\/p>\n<p>Las condiciones medioambientales establecen que en los locales de trabajo cerrados, para la realizaci\u00f3n de los trabajos propios de oficinas y similares, como ser\u00eda el caso, las temperaturas estar\u00e1n situadas\u00a0 entre los 17 y 27 \u00baC, por lo que hay que seleccionar para las <strong>sedes de oposiciones aquellos centros cuyas instalaciones faciliten aire acondicionado o climatizadores que permitan dichas temperaturas<\/strong>.<\/p>\n<p>En cuanto a las condiciones ergon\u00f3micas, se hace imprescindible que se realice por parte de la administraci\u00f3n <strong>una evaluaci\u00f3n de riesgos psicosociales<\/strong><strong>, identificando\u00a0 y evaluando los factores que pueden contribuir a la carga mental<\/strong>, como el estr\u00e9s, la sobrecarga de trabajo, la falta de control sobre el trabajo, y las relaciones interpersonales en el entorno laboral, situaciones que se generan en el \u00e1mbito de trabajo de los Tribunales de oposiciones.<\/p>\n<p><strong><u>ERRADICACI\u00d3N DE LA<\/u><\/strong> <strong><u>DISCRIMINACI\u00d3N TERRITORIAL:<\/u><\/strong><\/p>\n<p>Se debe plantear la participaci\u00f3n en Tribunales de todas las personas competentes, independientemente de su localidad de residencia.<\/p>\n<p><strong><u>EXENCIONES:<\/u><\/strong><\/p>\n<p>Quienes tengan a su cargo menores de 3 a\u00f1os o siendo familias monoparentales con menores de 12 a\u00f1os de otra provincia, no formar\u00e1n parte de los Tribunales.<\/p>\n<p>Os dejamos archivo PDF para colgar en vuestros centros <a href=\"https:\/\/www.cgtaragonlarioja.org\/fedens\/files\/2025\/04\/ALrecreoTribunales.pdf\">ALrecreoTribunales<\/a><\/p>\n","protected":false},"excerpt":{"rendered":"<p>CONDICIONES DIGNAS PARA LOS TRIBUNALES DE OPOSICIONES: \u00bfQu\u00e9 ha reclamado CGT? MEJORA EN LA INFORMACI\u00d3N<\/p>\n","protected":false},"author":486,"featured_media":21150,"comment_status":"open","ping_status":"open","sticky":false,"template":"","format":"standard","meta":{"footnotes":""},"categories":[513,480],"tags":[],"class_list":["post-21149","post","type-post","status-publish","format-standard","has-post-thumbnail","hentry","category-al-recreo","category-noticias"],"yoast_head":"<!-- This site is optimized with the Yoast SEO plugin v26.7 - https:\/\/yoast.com\/wordpress\/plugins\/seo\/ -->\n<title>CONDICIONES DIGNAS PARA LOS TRIBUNALES DE OPOSICIONES: \u00bfQu\u00e9 ha reclamado CGT?<\/title>\n<meta name=\"description\" content=\"CONDICIONES DIGNAS PARA LOS TRIBUNALES DE OPOSICIONES: \u00bfQu\u00e9 ha reclamado CGT? MEJORA EN LA INFORMACI\u00d3N DEL PROCESO: Cuando se exige un cambio de funciones\" \/>\n<meta name=\"robots\" content=\"index, follow, max-snippet:-1, max-image-preview:large, max-video-preview:-1\" \/>\n<link rel=\"canonical\" href=\"https:\/\/www.cgtaragonlarioja.org\/fedens\/dignidad_tribunales\/\" \/>\n<meta property=\"og:locale\" content=\"es_ES\" \/>\n<meta property=\"og:type\" content=\"article\" \/>\n<meta property=\"og:title\" content=\"CONDICIONES DIGNAS PARA LOS TRIBUNALES DE OPOSICIONES: \u00bfQu\u00e9 ha reclamado CGT?\" \/>\n<meta property=\"og:description\" content=\"CONDICIONES DIGNAS PARA LOS TRIBUNALES DE OPOSICIONES: \u00bfQu\u00e9 ha reclamado CGT? MEJORA EN LA INFORMACI\u00d3N DEL PROCESO: Cuando se exige un cambio de funciones\" \/>\n<meta property=\"og:url\" content=\"https:\/\/www.cgtaragonlarioja.org\/fedens\/dignidad_tribunales\/\" \/>\n<meta property=\"og:site_name\" content=\"CGT Arag\u00f3n - La Rioja. ENSE\u00d1ANZA\" \/>\n<meta property=\"article:publisher\" content=\"https:\/\/www.facebook.com\/CGTEnseAragon\/\" \/>\n<meta property=\"article:published_time\" content=\"2025-04-01T09:47:24+00:00\" \/>\n<meta property=\"article:modified_time\" content=\"2025-04-04T08:48:42+00:00\" \/>\n<meta property=\"og:image\" content=\"https:\/\/www.cgtaragonlarioja.org\/fedens\/files\/2025\/04\/Tribunales-e1743500805399.jpg\" \/>\n\t<meta property=\"og:image:width\" content=\"414\" \/>\n\t<meta property=\"og:image:height\" content=\"586\" \/>\n\t<meta property=\"og:image:type\" content=\"image\/jpeg\" \/>\n<meta name=\"author\" content=\"kike\" \/>\n<meta name=\"twitter:card\" content=\"summary_large_image\" \/>\n<meta name=\"twitter:creator\" content=\"@CGTeduAragon\" \/>\n<meta name=\"twitter:site\" content=\"@CGTeduAragon\" \/>\n<meta name=\"twitter:label1\" content=\"Escrito por\" \/>\n\t<meta name=\"twitter:data1\" content=\"kike\" \/>\n\t<meta name=\"twitter:label2\" content=\"Tiempo de lectura\" \/>\n\t<meta name=\"twitter:data2\" content=\"4 minutos\" \/>\n<script type=\"application\/ld+json\" class=\"yoast-schema-graph\">{\"@context\":\"https:\/\/schema.org\",\"@graph\":[{\"@type\":\"Article\",\"@id\":\"https:\/\/www.cgtaragonlarioja.org\/fedens\/dignidad_tribunales\/#article\",\"isPartOf\":{\"@id\":\"https:\/\/www.cgtaragonlarioja.org\/fedens\/dignidad_tribunales\/\"},\"author\":{\"name\":\"kike\",\"@id\":\"https:\/\/www.cgtaragonlarioja.org\/fedens\/#\/schema\/person\/dfa7d1616615d62a6d79c9593aa09fc3\"},\"headline\":\"CONDICIONES DIGNAS PARA LOS TRIBUNALES DE OPOSICIONES: \u00bfQu\u00e9 ha reclamado CGT?\",\"datePublished\":\"2025-04-01T09:47:24+00:00\",\"dateModified\":\"2025-04-04T08:48:42+00:00\",\"mainEntityOfPage\":{\"@id\":\"https:\/\/www.cgtaragonlarioja.org\/fedens\/dignidad_tribunales\/\"},\"wordCount\":803,\"commentCount\":0,\"publisher\":{\"@id\":\"https:\/\/www.cgtaragonlarioja.org\/fedens\/#organization\"},\"image\":{\"@id\":\"https:\/\/www.cgtaragonlarioja.org\/fedens\/dignidad_tribunales\/#primaryimage\"},\"thumbnailUrl\":\"https:\/\/www.cgtaragonlarioja.org\/fedens\/files\/2025\/04\/Tribunales-e1743500805399.jpg\",\"articleSection\":[\"Al Recreo\",\"Noticias\"],\"inLanguage\":\"es\",\"potentialAction\":[{\"@type\":\"CommentAction\",\"name\":\"Comment\",\"target\":[\"https:\/\/www.cgtaragonlarioja.org\/fedens\/dignidad_tribunales\/#respond\"]}]},{\"@type\":\"WebPage\",\"@id\":\"https:\/\/www.cgtaragonlarioja.org\/fedens\/dignidad_tribunales\/\",\"url\":\"https:\/\/www.cgtaragonlarioja.org\/fedens\/dignidad_tribunales\/\",\"name\":\"CONDICIONES DIGNAS PARA LOS TRIBUNALES DE OPOSICIONES: \u00bfQu\u00e9 ha reclamado CGT?\",\"isPartOf\":{\"@id\":\"https:\/\/www.cgtaragonlarioja.org\/fedens\/#website\"},\"primaryImageOfPage\":{\"@id\":\"https:\/\/www.cgtaragonlarioja.org\/fedens\/dignidad_tribunales\/#primaryimage\"},\"image\":{\"@id\":\"https:\/\/www.cgtaragonlarioja.org\/fedens\/dignidad_tribunales\/#primaryimage\"},\"thumbnailUrl\":\"https:\/\/www.cgtaragonlarioja.org\/fedens\/files\/2025\/04\/Tribunales-e1743500805399.jpg\",\"datePublished\":\"2025-04-01T09:47:24+00:00\",\"dateModified\":\"2025-04-04T08:48:42+00:00\",\"description\":\"CONDICIONES DIGNAS PARA LOS TRIBUNALES DE OPOSICIONES: \u00bfQu\u00e9 ha reclamado CGT? MEJORA EN LA INFORMACI\u00d3N DEL PROCESO: Cuando se exige un cambio de funciones\",\"breadcrumb\":{\"@id\":\"https:\/\/www.cgtaragonlarioja.org\/fedens\/dignidad_tribunales\/#breadcrumb\"},\"inLanguage\":\"es\",\"potentialAction\":[{\"@type\":\"ReadAction\",\"target\":[\"https:\/\/www.cgtaragonlarioja.org\/fedens\/dignidad_tribunales\/\"]}]},{\"@type\":\"ImageObject\",\"inLanguage\":\"es\",\"@id\":\"https:\/\/www.cgtaragonlarioja.org\/fedens\/dignidad_tribunales\/#primaryimage\",\"url\":\"https:\/\/www.cgtaragonlarioja.org\/fedens\/files\/2025\/04\/Tribunales-e1743500805399.jpg\",\"contentUrl\":\"https:\/\/www.cgtaragonlarioja.org\/fedens\/files\/2025\/04\/Tribunales-e1743500805399.jpg\",\"width\":414,\"height\":586},{\"@type\":\"BreadcrumbList\",\"@id\":\"https:\/\/www.cgtaragonlarioja.org\/fedens\/dignidad_tribunales\/#breadcrumb\",\"itemListElement\":[{\"@type\":\"ListItem\",\"position\":1,\"name\":\"Portada\",\"item\":\"https:\/\/www.cgtaragonlarioja.org\/fedens\/\"},{\"@type\":\"ListItem\",\"position\":2,\"name\":\"CONDICIONES DIGNAS PARA LOS TRIBUNALES DE OPOSICIONES: \u00bfQu\u00e9 ha reclamado CGT?\"}]},{\"@type\":\"WebSite\",\"@id\":\"https:\/\/www.cgtaragonlarioja.org\/fedens\/#website\",\"url\":\"https:\/\/www.cgtaragonlarioja.org\/fedens\/\",\"name\":\"CGT Arag\u00f3n - La Rioja. ENSE\u00d1ANZA\",\"description\":\"CONTACTAR: Calatayud-Aranda: 654897973 \/ Huesca: 974238404 \/ Teruel: 978619265 \/ Zaragoza: 976922002\",\"publisher\":{\"@id\":\"https:\/\/www.cgtaragonlarioja.org\/fedens\/#organization\"},\"potentialAction\":[{\"@type\":\"SearchAction\",\"target\":{\"@type\":\"EntryPoint\",\"urlTemplate\":\"https:\/\/www.cgtaragonlarioja.org\/fedens\/?s={search_term_string}\"},\"query-input\":{\"@type\":\"PropertyValueSpecification\",\"valueRequired\":true,\"valueName\":\"search_term_string\"}}],\"inLanguage\":\"es\"},{\"@type\":\"Organization\",\"@id\":\"https:\/\/www.cgtaragonlarioja.org\/fedens\/#organization\",\"name\":\"CGT Arag\u00f3n y La Rioja - Ense\u00f1anza\",\"url\":\"https:\/\/www.cgtaragonlarioja.org\/fedens\/\",\"logo\":{\"@type\":\"ImageObject\",\"inLanguage\":\"es\",\"@id\":\"https:\/\/www.cgtaragonlarioja.org\/fedens\/#\/schema\/logo\/image\/\",\"url\":\"https:\/\/www.cgtaragonlarioja.org\/fedens\/files\/2021\/02\/logo_cgt_ense_huesca_170x250.png\",\"contentUrl\":\"https:\/\/www.cgtaragonlarioja.org\/fedens\/files\/2021\/02\/logo_cgt_ense_huesca_170x250.png\",\"width\":170,\"height\":250,\"caption\":\"CGT Arag\u00f3n y La Rioja - Ense\u00f1anza\"},\"image\":{\"@id\":\"https:\/\/www.cgtaragonlarioja.org\/fedens\/#\/schema\/logo\/image\/\"},\"sameAs\":[\"https:\/\/www.facebook.com\/CGTEnseAragon\/\",\"https:\/\/x.com\/CGTeduAragon\"]},{\"@type\":\"Person\",\"@id\":\"https:\/\/www.cgtaragonlarioja.org\/fedens\/#\/schema\/person\/dfa7d1616615d62a6d79c9593aa09fc3\",\"name\":\"kike\",\"image\":{\"@type\":\"ImageObject\",\"inLanguage\":\"es\",\"@id\":\"https:\/\/www.cgtaragonlarioja.org\/fedens\/#\/schema\/person\/image\/\",\"url\":\"https:\/\/secure.gravatar.com\/avatar\/f1c0788a733c3717c5f8c071e064a9c188df22c90b22388027f4ed27abaa4f3b?s=96&d=mm&r=g\",\"contentUrl\":\"https:\/\/secure.gravatar.com\/avatar\/f1c0788a733c3717c5f8c071e064a9c188df22c90b22388027f4ed27abaa4f3b?s=96&d=mm&r=g\",\"caption\":\"kike\"},\"url\":\"https:\/\/www.cgtaragonlarioja.org\/fedens\/author\/kike\/\"}]}<\/script>\n<!-- \/ Yoast SEO plugin. -->","yoast_head_json":{"title":"CONDICIONES DIGNAS PARA LOS TRIBUNALES DE OPOSICIONES: \u00bfQu\u00e9 ha reclamado CGT?","description":"CONDICIONES DIGNAS PARA LOS TRIBUNALES DE OPOSICIONES: \u00bfQu\u00e9 ha reclamado CGT? MEJORA EN LA INFORMACI\u00d3N DEL PROCESO: Cuando se exige un cambio de funciones","robots":{"index":"index","follow":"follow","max-snippet":"max-snippet:-1","max-image-preview":"max-image-preview:large","max-video-preview":"max-video-preview:-1"},"canonical":"https:\/\/www.cgtaragonlarioja.org\/fedens\/dignidad_tribunales\/","og_locale":"es_ES","og_type":"article","og_title":"CONDICIONES DIGNAS PARA LOS TRIBUNALES DE OPOSICIONES: \u00bfQu\u00e9 ha reclamado CGT?","og_description":"CONDICIONES DIGNAS PARA LOS TRIBUNALES DE OPOSICIONES: \u00bfQu\u00e9 ha reclamado CGT? MEJORA EN LA INFORMACI\u00d3N DEL PROCESO: Cuando se exige un cambio de funciones","og_url":"https:\/\/www.cgtaragonlarioja.org\/fedens\/dignidad_tribunales\/","og_site_name":"CGT Arag\u00f3n - La Rioja. ENSE\u00d1ANZA","article_publisher":"https:\/\/www.facebook.com\/CGTEnseAragon\/","article_published_time":"2025-04-01T09:47:24+00:00","article_modified_time":"2025-04-04T08:48:42+00:00","og_image":[{"width":414,"height":586,"url":"https:\/\/www.cgtaragonlarioja.org\/fedens\/files\/2025\/04\/Tribunales-e1743500805399.jpg","type":"image\/jpeg"}],"author":"kike","twitter_card":"summary_large_image","twitter_creator":"@CGTeduAragon","twitter_site":"@CGTeduAragon","twitter_misc":{"Escrito por":"kike","Tiempo de lectura":"4 minutos"},"schema":{"@context":"https:\/\/schema.org","@graph":[{"@type":"Article","@id":"https:\/\/www.cgtaragonlarioja.org\/fedens\/dignidad_tribunales\/#article","isPartOf":{"@id":"https:\/\/www.cgtaragonlarioja.org\/fedens\/dignidad_tribunales\/"},"author":{"name":"kike","@id":"https:\/\/www.cgtaragonlarioja.org\/fedens\/#\/schema\/person\/dfa7d1616615d62a6d79c9593aa09fc3"},"headline":"CONDICIONES DIGNAS PARA LOS TRIBUNALES DE OPOSICIONES: \u00bfQu\u00e9 ha reclamado CGT?","datePublished":"2025-04-01T09:47:24+00:00","dateModified":"2025-04-04T08:48:42+00:00","mainEntityOfPage":{"@id":"https:\/\/www.cgtaragonlarioja.org\/fedens\/dignidad_tribunales\/"},"wordCount":803,"commentCount":0,"publisher":{"@id":"https:\/\/www.cgtaragonlarioja.org\/fedens\/#organization"},"image":{"@id":"https:\/\/www.cgtaragonlarioja.org\/fedens\/dignidad_tribunales\/#primaryimage"},"thumbnailUrl":"https:\/\/www.cgtaragonlarioja.org\/fedens\/files\/2025\/04\/Tribunales-e1743500805399.jpg","articleSection":["Al Recreo","Noticias"],"inLanguage":"es","potentialAction":[{"@type":"CommentAction","name":"Comment","target":["https:\/\/www.cgtaragonlarioja.org\/fedens\/dignidad_tribunales\/#respond"]}]},{"@type":"WebPage","@id":"https:\/\/www.cgtaragonlarioja.org\/fedens\/dignidad_tribunales\/","url":"https:\/\/www.cgtaragonlarioja.org\/fedens\/dignidad_tribunales\/","name":"CONDICIONES DIGNAS PARA LOS TRIBUNALES DE OPOSICIONES: \u00bfQu\u00e9 ha reclamado CGT?","isPartOf":{"@id":"https:\/\/www.cgtaragonlarioja.org\/fedens\/#website"},"primaryImageOfPage":{"@id":"https:\/\/www.cgtaragonlarioja.org\/fedens\/dignidad_tribunales\/#primaryimage"},"image":{"@id":"https:\/\/www.cgtaragonlarioja.org\/fedens\/dignidad_tribunales\/#primaryimage"},"thumbnailUrl":"https:\/\/www.cgtaragonlarioja.org\/fedens\/files\/2025\/04\/Tribunales-e1743500805399.jpg","datePublished":"2025-04-01T09:47:24+00:00","dateModified":"2025-04-04T08:48:42+00:00","description":"CONDICIONES DIGNAS PARA LOS TRIBUNALES DE OPOSICIONES: \u00bfQu\u00e9 ha reclamado CGT? MEJORA EN LA INFORMACI\u00d3N DEL PROCESO: Cuando se exige un cambio de funciones","breadcrumb":{"@id":"https:\/\/www.cgtaragonlarioja.org\/fedens\/dignidad_tribunales\/#breadcrumb"},"inLanguage":"es","potentialAction":[{"@type":"ReadAction","target":["https:\/\/www.cgtaragonlarioja.org\/fedens\/dignidad_tribunales\/"]}]},{"@type":"ImageObject","inLanguage":"es","@id":"https:\/\/www.cgtaragonlarioja.org\/fedens\/dignidad_tribunales\/#primaryimage","url":"https:\/\/www.cgtaragonlarioja.org\/fedens\/files\/2025\/04\/Tribunales-e1743500805399.jpg","contentUrl":"https:\/\/www.cgtaragonlarioja.org\/fedens\/files\/2025\/04\/Tribunales-e1743500805399.jpg","width":414,"height":586},{"@type":"BreadcrumbList","@id":"https:\/\/www.cgtaragonlarioja.org\/fedens\/dignidad_tribunales\/#breadcrumb","itemListElement":[{"@type":"ListItem","position":1,"name":"Portada","item":"https:\/\/www.cgtaragonlarioja.org\/fedens\/"},{"@type":"ListItem","position":2,"name":"CONDICIONES DIGNAS PARA LOS TRIBUNALES DE OPOSICIONES: \u00bfQu\u00e9 ha reclamado CGT?"}]},{"@type":"WebSite","@id":"https:\/\/www.cgtaragonlarioja.org\/fedens\/#website","url":"https:\/\/www.cgtaragonlarioja.org\/fedens\/","name":"CGT Arag\u00f3n - La Rioja. ENSE\u00d1ANZA","description":"CONTACTAR: Calatayud-Aranda: 654897973 \/ Huesca: 974238404 \/ Teruel: 978619265 \/ Zaragoza: 976922002","publisher":{"@id":"https:\/\/www.cgtaragonlarioja.org\/fedens\/#organization"},"potentialAction":[{"@type":"SearchAction","target":{"@type":"EntryPoint","urlTemplate":"https:\/\/www.cgtaragonlarioja.org\/fedens\/?s={search_term_string}"},"query-input":{"@type":"PropertyValueSpecification","valueRequired":true,"valueName":"search_term_string"}}],"inLanguage":"es"},{"@type":"Organization","@id":"https:\/\/www.cgtaragonlarioja.org\/fedens\/#organization","name":"CGT Arag\u00f3n y La Rioja - Ense\u00f1anza","url":"https:\/\/www.cgtaragonlarioja.org\/fedens\/","logo":{"@type":"ImageObject","inLanguage":"es","@id":"https:\/\/www.cgtaragonlarioja.org\/fedens\/#\/schema\/logo\/image\/","url":"https:\/\/www.cgtaragonlarioja.org\/fedens\/files\/2021\/02\/logo_cgt_ense_huesca_170x250.png","contentUrl":"https:\/\/www.cgtaragonlarioja.org\/fedens\/files\/2021\/02\/logo_cgt_ense_huesca_170x250.png","width":170,"height":250,"caption":"CGT Arag\u00f3n y La Rioja - Ense\u00f1anza"},"image":{"@id":"https:\/\/www.cgtaragonlarioja.org\/fedens\/#\/schema\/logo\/image\/"},"sameAs":["https:\/\/www.facebook.com\/CGTEnseAragon\/","https:\/\/x.com\/CGTeduAragon"]},{"@type":"Person","@id":"https:\/\/www.cgtaragonlarioja.org\/fedens\/#\/schema\/person\/dfa7d1616615d62a6d79c9593aa09fc3","name":"kike","image":{"@type":"ImageObject","inLanguage":"es","@id":"https:\/\/www.cgtaragonlarioja.org\/fedens\/#\/schema\/person\/image\/","url":"https:\/\/secure.gravatar.com\/avatar\/f1c0788a733c3717c5f8c071e064a9c188df22c90b22388027f4ed27abaa4f3b?s=96&d=mm&r=g","contentUrl":"https:\/\/secure.gravatar.com\/avatar\/f1c0788a733c3717c5f8c071e064a9c188df22c90b22388027f4ed27abaa4f3b?s=96&d=mm&r=g","caption":"kike"},"url":"https:\/\/www.cgtaragonlarioja.org\/fedens\/author\/kike\/"}]}},"_links":{"self":[{"href":"https:\/\/www.cgtaragonlarioja.org\/fedens\/wp-json\/wp\/v2\/posts\/21149","targetHints":{"allow":["GET"]}}],"collection":[{"href":"https:\/\/www.cgtaragonlarioja.org\/fedens\/wp-json\/wp\/v2\/posts"}],"about":[{"href":"https:\/\/www.cgtaragonlarioja.org\/fedens\/wp-json\/wp\/v2\/types\/post"}],"author":[{"embeddable":true,"href":"https:\/\/www.cgtaragonlarioja.org\/fedens\/wp-json\/wp\/v2\/users\/486"}],"replies":[{"embeddable":true,"href":"https:\/\/www.cgtaragonlarioja.org\/fedens\/wp-json\/wp\/v2\/comments?post=21149"}],"version-history":[{"count":3,"href":"https:\/\/www.cgtaragonlarioja.org\/fedens\/wp-json\/wp\/v2\/posts\/21149\/revisions"}],"predecessor-version":[{"id":21177,"href":"https:\/\/www.cgtaragonlarioja.org\/fedens\/wp-json\/wp\/v2\/posts\/21149\/revisions\/21177"}],"wp:featuredmedia":[{"embeddable":true,"href":"https:\/\/www.cgtaragonlarioja.org\/fedens\/wp-json\/wp\/v2\/media\/21150"}],"wp:attachment":[{"href":"https:\/\/www.cgtaragonlarioja.org\/fedens\/wp-json\/wp\/v2\/media?parent=21149"}],"wp:term":[{"taxonomy":"category","embeddable":true,"href":"https:\/\/www.cgtaragonlarioja.org\/fedens\/wp-json\/wp\/v2\/categories?post=21149"},{"taxonomy":"post_tag","embeddable":true,"href":"https:\/\/www.cgtaragonlarioja.org\/fedens\/wp-json\/wp\/v2\/tags?post=21149"}],"curies":[{"name":"wp","href":"https:\/\/api.w.org\/{rel}","templated":true}]}}