{"id":20967,"date":"2025-07-15T13:11:08","date_gmt":"2025-07-15T11:11:08","guid":{"rendered":"https:\/\/www.cgtaragonlarioja.org\/fedens\/?p=20967"},"modified":"2025-07-15T13:11:20","modified_gmt":"2025-07-15T11:11:20","slug":"mesa-sectorial-15-de-julio-de-2025","status":"publish","type":"post","link":"https:\/\/www.cgtaragonlarioja.org\/fedens\/mesa-sectorial-15-de-julio-de-2025\/","title":{"rendered":"Mesa sectorial 15 de julio de 2025. Orden de permisos"},"content":{"rendered":"<div style=\"width: 640px;\" class=\"wp-video\"><video class=\"wp-video-shortcode\" id=\"video-20967-1\" width=\"640\" height=\"1138\" preload=\"metadata\" controls=\"controls\"><source type=\"video\/mp4\" src=\"https:\/\/www.cgtaragonlarioja.org\/fedens\/files\/2025\/04\/cgt-3.mp4?_=1\" \/><a href=\"https:\/\/www.cgtaragonlarioja.org\/fedens\/files\/2025\/04\/cgt-3.mp4\">https:\/\/www.cgtaragonlarioja.org\/fedens\/files\/2025\/04\/cgt-3.mp4<\/a><\/video><\/div>\n<p>Por fin se aprueba en mesa sectorial la\u00a0<span style=\"font-family: arial, helvetica, sans-serif;text-align: justify\">nueva orden de permisos y licencias, que\u00a0<\/span><span style=\"font-family: arial, helvetica, sans-serif;text-align: justify\">supone una mejora importante respecto a la anterior orden, avanzando en conciliaci\u00f3n y en condiciones y derechos laborales para el profesorado aragon\u00e9s de la ense\u00f1anza p\u00fablica.\u00a0<\/span><\/p>\n<p align=\"justify\">Por una parte, la nueva orden <span style=\"font-family: arial, helvetica, sans-serif;font-size: 12pt\">recoge avances ya publicados en el EBEP pero que no afectaban todav\u00eda\u00a0 a los y las docentes aragonesas (por ejemplo, se incrementa de 4 a 6 las semanas del permiso de lactancia acumulada), y por otra, se va m\u00e1s all\u00e1, y se incorporan <\/span><span style=\"font-family: arial, helvetica, sans-serif;font-size: 12pt\">algunas de las principales reivindicaciones de CGT como:\u00a0<\/span><\/p>\n<ul>\n<li><span style=\"font-family: arial, helvetica, sans-serif;font-size: 12pt\"><strong>Reducci\u00f3n de jornada con merma retributiva:<\/strong> Quien tenga una jornada de 80% o m\u00e1s podr\u00e1 realizar una reducci\u00f3n de jornada de entre 1\/2 y 1\/3, con reducci\u00f3n proporcional de haberes. Se solicita con, al menos, 15 d\u00edas h\u00e1biles respecto al inicio de cada trimestre escolar. La concesi\u00f3n ser\u00e1 coincidir con el trimestre, en el tercer trimestre se incluir\u00e1 julio y agosto.<\/span><\/li>\n<li><span style=\"font-family: arial, helvetica, sans-serif;font-size: 12pt\"><strong>Permiso por asuntos particulares: <\/strong>X d\u00edas por asuntos particulares, a a\u00f1adir los 2 d\u00edas de libre disposici\u00f3n.<\/span><\/li>\n<li><span style=\"font-family: arial, helvetica, sans-serif;font-size: 12pt\"><strong>Permiso sin retribuci\u00f3n: <\/strong>Por un m\u00e1ximo de 3 meses por curso, siempre que no perjudique a la organizaci\u00f3n del centro. Se podr\u00e1 fraccionar un m\u00e1ximo de 3 veces. El personal interino con vacante de curso completo, podr\u00e1 acogerse a este permiso hasta el 31 de marzo (salvo supuestos de extrema gravedad).<\/span><\/li>\n<li><strong>Permiso por embarazo<\/strong> desde la 37\u00aa semana (desde la 35\u00aa si es m\u00faltiple).<\/li>\n<li><strong>Acompa\u00f1amiento a ex\u00e1menes prenatales<\/strong> sin l\u00edmite.<\/li>\n<li><strong>La lactancia no se vera reducida por la excedencia<\/strong> (tras sentencia judicial de CGT).<\/li>\n<li><strong>Permisos por nacimientos para familias monoparentales<\/strong> (tras sentencia judicial de CGT).<\/li>\n<li><strong>Vacaciones tras incapacidad o permiso hasta 18 meses despu\u00e9s<\/strong>, incluyendo funcionariado interino.<\/li>\n<\/ul>\n<p>Adem\u00e1s en la mesa sectorial se ha aprobado <strong>ampliar la oferta de permisos de a\u00f1o sab\u00e1tico a 90 docentes<\/strong>, ya que la oferta inicial era de 80 y por primera vez ha quedado rebasada por el n\u00famero de solicitudes (86).<\/p>\n<p>La administraci\u00f3n tambi\u00e9n ha propuesto conceder una 4\u00aa jefatura de estudios adjunta a todos los IES con al menos 60 unidades y 1500 alumnos y alumnas. Desde CGT vemos absolutamente insuficiente la medida, ya que actualmente solo un centro de Arag\u00f3n cumple esos requisitos.<\/p>\n<p>Adem\u00e1s CGT ha vuelto a transmitir propuestas para modificar los procesos de selecci\u00f3n de docentes.<\/p>\n<ol>\n<li>\n<p align=\"JUSTIFY\">Los procesos selectivos deben ir encaminados a la estabilizaci\u00f3n de las plantillas, preferentemente estabilizando al personal interino que lleva desarrollando sus funciones sin incidentes.<\/p>\n<\/li>\n<li>\n<p align=\"JUSTIFY\">Los procesos selectivos deben ser previsibles en su realizaci\u00f3n, tanto en los contenidos de las pruebas y sus criterios de calificaci\u00f3n, como en las plazas convocadas, los momentos y plazos de realizaci\u00f3n y en el horizonte a largo plazo de la convocatoria de procesos y disponibilidad de plazas.<\/p>\n<\/li>\n<li>\n<p align=\"JUSTIFY\">Los procesos selectivos deben realizarse en unas condiciones adecuadas para el correcto rendimiento de las personas opositoras, sin estr\u00e9s t\u00e9rmico ni situaciones que supongan mayor angustia que la que ya genera de por s\u00ed el propio proceso. Se deber\u00e1 respetar adem\u00e1s las situaciones personales como enfermedad, embarazo o condiciones personales espec\u00edficas de las personas opositoras.<\/p>\n<\/li>\n<\/ol>\n<p><a href=\"https:\/\/www.cgtaragonlarioja.org\/fedens\/files\/2025\/07\/Ruegos-y-preguntas-julio.odt\">Ruegos y preguntas julio<\/a><\/p>\n","protected":false},"excerpt":{"rendered":"<p>Por fin se aprueba en mesa sectorial la\u00a0nueva orden de permisos y licencias, que\u00a0supone una<\/p>\n","protected":false},"author":854,"featured_media":21162,"comment_status":"open","ping_status":"open","sticky":false,"template":"","format":"standard","meta":{"footnotes":""},"categories":[508,480],"tags":[],"class_list":["post-20967","post","type-post","status-publish","format-standard","has-post-thumbnail","hentry","category-mesas-sectoriales-tecnicas","category-noticias"],"yoast_head":"<!-- This site is optimized with the Yoast SEO plugin v26.7 - https:\/\/yoast.com\/wordpress\/plugins\/seo\/ -->\n<title>Mesa sectorial 15 de julio de 2025. Orden de permisos<\/title>\n<meta name=\"description\" content=\"Por fin se aprueba en mesa sectorial la\u00a0nueva orden de permisos y licencias, que\u00a0supone una mejora importante respecto a la anterior orden, avanzando en\" \/>\n<meta name=\"robots\" content=\"index, follow, max-snippet:-1, max-image-preview:large, max-video-preview:-1\" \/>\n<link rel=\"canonical\" href=\"https:\/\/www.cgtaragonlarioja.org\/fedens\/mesa-sectorial-15-de-julio-de-2025\/\" \/>\n<meta property=\"og:locale\" content=\"es_ES\" \/>\n<meta property=\"og:type\" content=\"article\" \/>\n<meta property=\"og:title\" content=\"Mesa sectorial 15 de julio de 2025. Orden de permisos\" \/>\n<meta property=\"og:description\" content=\"Por fin se aprueba en mesa sectorial la\u00a0nueva orden de permisos y licencias, que\u00a0supone una mejora importante respecto a la anterior orden, avanzando en\" \/>\n<meta property=\"og:url\" content=\"https:\/\/www.cgtaragonlarioja.org\/fedens\/mesa-sectorial-15-de-julio-de-2025\/\" \/>\n<meta property=\"og:site_name\" content=\"CGT Arag\u00f3n - La Rioja. ENSE\u00d1ANZA\" \/>\n<meta property=\"article:publisher\" content=\"https:\/\/www.facebook.com\/CGTEnseAragon\/\" \/>\n<meta property=\"article:published_time\" content=\"2025-07-15T11:11:08+00:00\" \/>\n<meta property=\"article:modified_time\" content=\"2025-07-15T11:11:20+00:00\" \/>\n<meta property=\"og:image\" content=\"https:\/\/www.cgtaragonlarioja.org\/fedens\/files\/2025\/03\/permisos.jpg\" \/>\n\t<meta property=\"og:image:width\" content=\"1080\" \/>\n\t<meta property=\"og:image:height\" content=\"1080\" \/>\n\t<meta property=\"og:image:type\" content=\"image\/jpeg\" \/>\n<meta name=\"author\" content=\"CGT Ense\u00f1anza Arag\u00f3n\" \/>\n<meta name=\"twitter:card\" content=\"summary_large_image\" \/>\n<meta name=\"twitter:creator\" content=\"@CGTeduAragon\" \/>\n<meta name=\"twitter:site\" content=\"@CGTeduAragon\" \/>\n<meta name=\"twitter:label1\" content=\"Escrito por\" \/>\n\t<meta name=\"twitter:data1\" content=\"CGT Ense\u00f1anza Arag\u00f3n\" \/>\n\t<meta name=\"twitter:label2\" content=\"Tiempo de lectura\" \/>\n\t<meta name=\"twitter:data2\" content=\"3 minutos\" \/>\n<script type=\"application\/ld+json\" class=\"yoast-schema-graph\">{\"@context\":\"https:\/\/schema.org\",\"@graph\":[{\"@type\":\"Article\",\"@id\":\"https:\/\/www.cgtaragonlarioja.org\/fedens\/mesa-sectorial-15-de-julio-de-2025\/#article\",\"isPartOf\":{\"@id\":\"https:\/\/www.cgtaragonlarioja.org\/fedens\/mesa-sectorial-15-de-julio-de-2025\/\"},\"author\":{\"name\":\"CGT Ense\u00f1anza Arag\u00f3n\",\"@id\":\"https:\/\/www.cgtaragonlarioja.org\/fedens\/#\/schema\/person\/f577cbf9ee1fb7519bfd883ac4f4032f\"},\"headline\":\"Mesa sectorial 15 de julio de 2025. Orden de permisos\",\"datePublished\":\"2025-07-15T11:11:08+00:00\",\"dateModified\":\"2025-07-15T11:11:20+00:00\",\"mainEntityOfPage\":{\"@id\":\"https:\/\/www.cgtaragonlarioja.org\/fedens\/mesa-sectorial-15-de-julio-de-2025\/\"},\"wordCount\":558,\"commentCount\":1,\"publisher\":{\"@id\":\"https:\/\/www.cgtaragonlarioja.org\/fedens\/#organization\"},\"image\":{\"@id\":\"https:\/\/www.cgtaragonlarioja.org\/fedens\/mesa-sectorial-15-de-julio-de-2025\/#primaryimage\"},\"thumbnailUrl\":\"https:\/\/www.cgtaragonlarioja.org\/fedens\/files\/2025\/03\/permisos.jpg\",\"articleSection\":[\"Mesas sectoriales-t\u00e9cnicas\",\"Noticias\"],\"inLanguage\":\"es\",\"potentialAction\":[{\"@type\":\"CommentAction\",\"name\":\"Comment\",\"target\":[\"https:\/\/www.cgtaragonlarioja.org\/fedens\/mesa-sectorial-15-de-julio-de-2025\/#respond\"]}]},{\"@type\":\"WebPage\",\"@id\":\"https:\/\/www.cgtaragonlarioja.org\/fedens\/mesa-sectorial-15-de-julio-de-2025\/\",\"url\":\"https:\/\/www.cgtaragonlarioja.org\/fedens\/mesa-sectorial-15-de-julio-de-2025\/\",\"name\":\"Mesa sectorial 15 de julio de 2025. Orden de permisos\",\"isPartOf\":{\"@id\":\"https:\/\/www.cgtaragonlarioja.org\/fedens\/#website\"},\"primaryImageOfPage\":{\"@id\":\"https:\/\/www.cgtaragonlarioja.org\/fedens\/mesa-sectorial-15-de-julio-de-2025\/#primaryimage\"},\"image\":{\"@id\":\"https:\/\/www.cgtaragonlarioja.org\/fedens\/mesa-sectorial-15-de-julio-de-2025\/#primaryimage\"},\"thumbnailUrl\":\"https:\/\/www.cgtaragonlarioja.org\/fedens\/files\/2025\/03\/permisos.jpg\",\"datePublished\":\"2025-07-15T11:11:08+00:00\",\"dateModified\":\"2025-07-15T11:11:20+00:00\",\"description\":\"Por fin se aprueba en mesa sectorial la\u00a0nueva orden de permisos y licencias, que\u00a0supone una mejora importante respecto a la anterior orden, avanzando en\",\"breadcrumb\":{\"@id\":\"https:\/\/www.cgtaragonlarioja.org\/fedens\/mesa-sectorial-15-de-julio-de-2025\/#breadcrumb\"},\"inLanguage\":\"es\",\"potentialAction\":[{\"@type\":\"ReadAction\",\"target\":[\"https:\/\/www.cgtaragonlarioja.org\/fedens\/mesa-sectorial-15-de-julio-de-2025\/\"]}]},{\"@type\":\"ImageObject\",\"inLanguage\":\"es\",\"@id\":\"https:\/\/www.cgtaragonlarioja.org\/fedens\/mesa-sectorial-15-de-julio-de-2025\/#primaryimage\",\"url\":\"https:\/\/www.cgtaragonlarioja.org\/fedens\/files\/2025\/03\/permisos.jpg\",\"contentUrl\":\"https:\/\/www.cgtaragonlarioja.org\/fedens\/files\/2025\/03\/permisos.jpg\",\"width\":1080,\"height\":1080},{\"@type\":\"BreadcrumbList\",\"@id\":\"https:\/\/www.cgtaragonlarioja.org\/fedens\/mesa-sectorial-15-de-julio-de-2025\/#breadcrumb\",\"itemListElement\":[{\"@type\":\"ListItem\",\"position\":1,\"name\":\"Portada\",\"item\":\"https:\/\/www.cgtaragonlarioja.org\/fedens\/\"},{\"@type\":\"ListItem\",\"position\":2,\"name\":\"Mesa sectorial 15 de julio de 2025. Orden de permisos\"}]},{\"@type\":\"WebSite\",\"@id\":\"https:\/\/www.cgtaragonlarioja.org\/fedens\/#website\",\"url\":\"https:\/\/www.cgtaragonlarioja.org\/fedens\/\",\"name\":\"CGT Arag\u00f3n - La Rioja. ENSE\u00d1ANZA\",\"description\":\"CONTACTAR: Calatayud-Aranda: 654897973 \/ Huesca: 974238404 \/ Teruel: 978619265 \/ Zaragoza: 976922002\",\"publisher\":{\"@id\":\"https:\/\/www.cgtaragonlarioja.org\/fedens\/#organization\"},\"potentialAction\":[{\"@type\":\"SearchAction\",\"target\":{\"@type\":\"EntryPoint\",\"urlTemplate\":\"https:\/\/www.cgtaragonlarioja.org\/fedens\/?s={search_term_string}\"},\"query-input\":{\"@type\":\"PropertyValueSpecification\",\"valueRequired\":true,\"valueName\":\"search_term_string\"}}],\"inLanguage\":\"es\"},{\"@type\":\"Organization\",\"@id\":\"https:\/\/www.cgtaragonlarioja.org\/fedens\/#organization\",\"name\":\"CGT Arag\u00f3n y La Rioja - Ense\u00f1anza\",\"url\":\"https:\/\/www.cgtaragonlarioja.org\/fedens\/\",\"logo\":{\"@type\":\"ImageObject\",\"inLanguage\":\"es\",\"@id\":\"https:\/\/www.cgtaragonlarioja.org\/fedens\/#\/schema\/logo\/image\/\",\"url\":\"https:\/\/www.cgtaragonlarioja.org\/fedens\/files\/2021\/02\/logo_cgt_ense_huesca_170x250.png\",\"contentUrl\":\"https:\/\/www.cgtaragonlarioja.org\/fedens\/files\/2021\/02\/logo_cgt_ense_huesca_170x250.png\",\"width\":170,\"height\":250,\"caption\":\"CGT Arag\u00f3n y La Rioja - Ense\u00f1anza\"},\"image\":{\"@id\":\"https:\/\/www.cgtaragonlarioja.org\/fedens\/#\/schema\/logo\/image\/\"},\"sameAs\":[\"https:\/\/www.facebook.com\/CGTEnseAragon\/\",\"https:\/\/x.com\/CGTeduAragon\"]},{\"@type\":\"Person\",\"@id\":\"https:\/\/www.cgtaragonlarioja.org\/fedens\/#\/schema\/person\/f577cbf9ee1fb7519bfd883ac4f4032f\",\"name\":\"CGT Ense\u00f1anza Arag\u00f3n\",\"image\":{\"@type\":\"ImageObject\",\"inLanguage\":\"es\",\"@id\":\"https:\/\/www.cgtaragonlarioja.org\/fedens\/#\/schema\/person\/image\/\",\"url\":\"https:\/\/secure.gravatar.com\/avatar\/6591cafae8da970274bd48ef06b7f86ae2c2ba705fb2cdafa9b5f7f48c95a765?s=96&d=mm&r=g\",\"contentUrl\":\"https:\/\/secure.gravatar.com\/avatar\/6591cafae8da970274bd48ef06b7f86ae2c2ba705fb2cdafa9b5f7f48c95a765?s=96&d=mm&r=g\",\"caption\":\"CGT Ense\u00f1anza Arag\u00f3n\"},\"url\":\"https:\/\/www.cgtaragonlarioja.org\/fedens\/author\/fasecgt\/\"}]}<\/script>\n<!-- \/ Yoast SEO plugin. -->","yoast_head_json":{"title":"Mesa sectorial 15 de julio de 2025. Orden de permisos","description":"Por fin se aprueba en mesa sectorial la\u00a0nueva orden de permisos y licencias, que\u00a0supone una mejora importante respecto a la anterior orden, avanzando en","robots":{"index":"index","follow":"follow","max-snippet":"max-snippet:-1","max-image-preview":"max-image-preview:large","max-video-preview":"max-video-preview:-1"},"canonical":"https:\/\/www.cgtaragonlarioja.org\/fedens\/mesa-sectorial-15-de-julio-de-2025\/","og_locale":"es_ES","og_type":"article","og_title":"Mesa sectorial 15 de julio de 2025. Orden de permisos","og_description":"Por fin se aprueba en mesa sectorial la\u00a0nueva orden de permisos y licencias, que\u00a0supone una mejora importante respecto a la anterior orden, avanzando en","og_url":"https:\/\/www.cgtaragonlarioja.org\/fedens\/mesa-sectorial-15-de-julio-de-2025\/","og_site_name":"CGT Arag\u00f3n - La Rioja. ENSE\u00d1ANZA","article_publisher":"https:\/\/www.facebook.com\/CGTEnseAragon\/","article_published_time":"2025-07-15T11:11:08+00:00","article_modified_time":"2025-07-15T11:11:20+00:00","og_image":[{"width":1080,"height":1080,"url":"https:\/\/www.cgtaragonlarioja.org\/fedens\/files\/2025\/03\/permisos.jpg","type":"image\/jpeg"}],"author":"CGT Ense\u00f1anza Arag\u00f3n","twitter_card":"summary_large_image","twitter_creator":"@CGTeduAragon","twitter_site":"@CGTeduAragon","twitter_misc":{"Escrito por":"CGT Ense\u00f1anza Arag\u00f3n","Tiempo de lectura":"3 minutos"},"schema":{"@context":"https:\/\/schema.org","@graph":[{"@type":"Article","@id":"https:\/\/www.cgtaragonlarioja.org\/fedens\/mesa-sectorial-15-de-julio-de-2025\/#article","isPartOf":{"@id":"https:\/\/www.cgtaragonlarioja.org\/fedens\/mesa-sectorial-15-de-julio-de-2025\/"},"author":{"name":"CGT Ense\u00f1anza Arag\u00f3n","@id":"https:\/\/www.cgtaragonlarioja.org\/fedens\/#\/schema\/person\/f577cbf9ee1fb7519bfd883ac4f4032f"},"headline":"Mesa sectorial 15 de julio de 2025. Orden de permisos","datePublished":"2025-07-15T11:11:08+00:00","dateModified":"2025-07-15T11:11:20+00:00","mainEntityOfPage":{"@id":"https:\/\/www.cgtaragonlarioja.org\/fedens\/mesa-sectorial-15-de-julio-de-2025\/"},"wordCount":558,"commentCount":1,"publisher":{"@id":"https:\/\/www.cgtaragonlarioja.org\/fedens\/#organization"},"image":{"@id":"https:\/\/www.cgtaragonlarioja.org\/fedens\/mesa-sectorial-15-de-julio-de-2025\/#primaryimage"},"thumbnailUrl":"https:\/\/www.cgtaragonlarioja.org\/fedens\/files\/2025\/03\/permisos.jpg","articleSection":["Mesas sectoriales-t\u00e9cnicas","Noticias"],"inLanguage":"es","potentialAction":[{"@type":"CommentAction","name":"Comment","target":["https:\/\/www.cgtaragonlarioja.org\/fedens\/mesa-sectorial-15-de-julio-de-2025\/#respond"]}]},{"@type":"WebPage","@id":"https:\/\/www.cgtaragonlarioja.org\/fedens\/mesa-sectorial-15-de-julio-de-2025\/","url":"https:\/\/www.cgtaragonlarioja.org\/fedens\/mesa-sectorial-15-de-julio-de-2025\/","name":"Mesa sectorial 15 de julio de 2025. Orden de permisos","isPartOf":{"@id":"https:\/\/www.cgtaragonlarioja.org\/fedens\/#website"},"primaryImageOfPage":{"@id":"https:\/\/www.cgtaragonlarioja.org\/fedens\/mesa-sectorial-15-de-julio-de-2025\/#primaryimage"},"image":{"@id":"https:\/\/www.cgtaragonlarioja.org\/fedens\/mesa-sectorial-15-de-julio-de-2025\/#primaryimage"},"thumbnailUrl":"https:\/\/www.cgtaragonlarioja.org\/fedens\/files\/2025\/03\/permisos.jpg","datePublished":"2025-07-15T11:11:08+00:00","dateModified":"2025-07-15T11:11:20+00:00","description":"Por fin se aprueba en mesa sectorial la\u00a0nueva orden de permisos y licencias, que\u00a0supone una mejora importante respecto a la anterior orden, avanzando en","breadcrumb":{"@id":"https:\/\/www.cgtaragonlarioja.org\/fedens\/mesa-sectorial-15-de-julio-de-2025\/#breadcrumb"},"inLanguage":"es","potentialAction":[{"@type":"ReadAction","target":["https:\/\/www.cgtaragonlarioja.org\/fedens\/mesa-sectorial-15-de-julio-de-2025\/"]}]},{"@type":"ImageObject","inLanguage":"es","@id":"https:\/\/www.cgtaragonlarioja.org\/fedens\/mesa-sectorial-15-de-julio-de-2025\/#primaryimage","url":"https:\/\/www.cgtaragonlarioja.org\/fedens\/files\/2025\/03\/permisos.jpg","contentUrl":"https:\/\/www.cgtaragonlarioja.org\/fedens\/files\/2025\/03\/permisos.jpg","width":1080,"height":1080},{"@type":"BreadcrumbList","@id":"https:\/\/www.cgtaragonlarioja.org\/fedens\/mesa-sectorial-15-de-julio-de-2025\/#breadcrumb","itemListElement":[{"@type":"ListItem","position":1,"name":"Portada","item":"https:\/\/www.cgtaragonlarioja.org\/fedens\/"},{"@type":"ListItem","position":2,"name":"Mesa sectorial 15 de julio de 2025. Orden de permisos"}]},{"@type":"WebSite","@id":"https:\/\/www.cgtaragonlarioja.org\/fedens\/#website","url":"https:\/\/www.cgtaragonlarioja.org\/fedens\/","name":"CGT Arag\u00f3n - La Rioja. ENSE\u00d1ANZA","description":"CONTACTAR: Calatayud-Aranda: 654897973 \/ Huesca: 974238404 \/ Teruel: 978619265 \/ Zaragoza: 976922002","publisher":{"@id":"https:\/\/www.cgtaragonlarioja.org\/fedens\/#organization"},"potentialAction":[{"@type":"SearchAction","target":{"@type":"EntryPoint","urlTemplate":"https:\/\/www.cgtaragonlarioja.org\/fedens\/?s={search_term_string}"},"query-input":{"@type":"PropertyValueSpecification","valueRequired":true,"valueName":"search_term_string"}}],"inLanguage":"es"},{"@type":"Organization","@id":"https:\/\/www.cgtaragonlarioja.org\/fedens\/#organization","name":"CGT Arag\u00f3n y La Rioja - Ense\u00f1anza","url":"https:\/\/www.cgtaragonlarioja.org\/fedens\/","logo":{"@type":"ImageObject","inLanguage":"es","@id":"https:\/\/www.cgtaragonlarioja.org\/fedens\/#\/schema\/logo\/image\/","url":"https:\/\/www.cgtaragonlarioja.org\/fedens\/files\/2021\/02\/logo_cgt_ense_huesca_170x250.png","contentUrl":"https:\/\/www.cgtaragonlarioja.org\/fedens\/files\/2021\/02\/logo_cgt_ense_huesca_170x250.png","width":170,"height":250,"caption":"CGT Arag\u00f3n y La Rioja - Ense\u00f1anza"},"image":{"@id":"https:\/\/www.cgtaragonlarioja.org\/fedens\/#\/schema\/logo\/image\/"},"sameAs":["https:\/\/www.facebook.com\/CGTEnseAragon\/","https:\/\/x.com\/CGTeduAragon"]},{"@type":"Person","@id":"https:\/\/www.cgtaragonlarioja.org\/fedens\/#\/schema\/person\/f577cbf9ee1fb7519bfd883ac4f4032f","name":"CGT Ense\u00f1anza Arag\u00f3n","image":{"@type":"ImageObject","inLanguage":"es","@id":"https:\/\/www.cgtaragonlarioja.org\/fedens\/#\/schema\/person\/image\/","url":"https:\/\/secure.gravatar.com\/avatar\/6591cafae8da970274bd48ef06b7f86ae2c2ba705fb2cdafa9b5f7f48c95a765?s=96&d=mm&r=g","contentUrl":"https:\/\/secure.gravatar.com\/avatar\/6591cafae8da970274bd48ef06b7f86ae2c2ba705fb2cdafa9b5f7f48c95a765?s=96&d=mm&r=g","caption":"CGT Ense\u00f1anza Arag\u00f3n"},"url":"https:\/\/www.cgtaragonlarioja.org\/fedens\/author\/fasecgt\/"}]}},"_links":{"self":[{"href":"https:\/\/www.cgtaragonlarioja.org\/fedens\/wp-json\/wp\/v2\/posts\/20967","targetHints":{"allow":["GET"]}}],"collection":[{"href":"https:\/\/www.cgtaragonlarioja.org\/fedens\/wp-json\/wp\/v2\/posts"}],"about":[{"href":"https:\/\/www.cgtaragonlarioja.org\/fedens\/wp-json\/wp\/v2\/types\/post"}],"author":[{"embeddable":true,"href":"https:\/\/www.cgtaragonlarioja.org\/fedens\/wp-json\/wp\/v2\/users\/854"}],"replies":[{"embeddable":true,"href":"https:\/\/www.cgtaragonlarioja.org\/fedens\/wp-json\/wp\/v2\/comments?post=20967"}],"version-history":[{"count":15,"href":"https:\/\/www.cgtaragonlarioja.org\/fedens\/wp-json\/wp\/v2\/posts\/20967\/revisions"}],"predecessor-version":[{"id":21697,"href":"https:\/\/www.cgtaragonlarioja.org\/fedens\/wp-json\/wp\/v2\/posts\/20967\/revisions\/21697"}],"wp:featuredmedia":[{"embeddable":true,"href":"https:\/\/www.cgtaragonlarioja.org\/fedens\/wp-json\/wp\/v2\/media\/21162"}],"wp:attachment":[{"href":"https:\/\/www.cgtaragonlarioja.org\/fedens\/wp-json\/wp\/v2\/media?parent=20967"}],"wp:term":[{"taxonomy":"category","embeddable":true,"href":"https:\/\/www.cgtaragonlarioja.org\/fedens\/wp-json\/wp\/v2\/categories?post=20967"},{"taxonomy":"post_tag","embeddable":true,"href":"https:\/\/www.cgtaragonlarioja.org\/fedens\/wp-json\/wp\/v2\/tags?post=20967"}],"curies":[{"name":"wp","href":"https:\/\/api.w.org\/{rel}","templated":true}]}}