{"id":20530,"date":"2025-02-21T13:18:19","date_gmt":"2025-02-21T12:18:19","guid":{"rendered":"https:\/\/www.cgtaragonlarioja.org\/fedens\/?p=20530"},"modified":"2025-03-06T09:23:09","modified_gmt":"2025-03-06T08:23:09","slug":"curso-software-libre-vi-geogebra","status":"publish","type":"post","link":"https:\/\/www.cgtaragonlarioja.org\/fedens\/curso-software-libre-vi-geogebra\/","title":{"rendered":"Curso: Software Libre VI GeoGebra"},"content":{"rendered":"<p>Abrimos plazo de inscripci\u00f3n para el curso <em>Software Libre VI: GeoGebra. Iniciaci\u00f3n a la aplicaci\u00f3n pr\u00e1ctica en el aula<\/em>. El curso consta de 5 sesiones presenciales y contenidos en el <a href=\"https:\/\/www.cgtaragonlarioja.org\/auladigital\/\">Aula Digital<\/a>.<\/p>\n<p>Las sesiones presenciales se desarrollar\u00e1n en la sede de <em>CGT<\/em> Arag\u00f3n en Zaragoza (paseo Echegaray y Caballero, 170) pero ser\u00e1n accesibles tambi\u00e9n desde casa. Las personas que asistan f\u00edsicamente tendr\u00e1n que llevar su propio equipo inform\u00e1tico.<\/p>\n<p>Las fechas de las sesiones son los martes 4 y 18 de marzo a las 18 y 11 y 25 de marzo y 1 de abril a las 18:30. Los contenidos de las mismas ser\u00e1n: introducci\u00f3n; aplicaciones para 1\u00ba y 2\u00ba de <em>ESO<\/em>; aplicaciones para 3\u00ba y 4\u00ba de <em>ESO<\/em>; Bachillerato y b\u00fasqueda y uso de repositorios, y; otros recursos.<\/p>\n<p>El curso certifica B1 de la Competencia Digital Docente en los apartados 1.3, 1.4, 2.1, 2.2, 2.3, 3.1, 3.4, 5.2 y 6.3.<\/p>\n<p>El curso est\u00e1 homologado, es gratuito y abierto a todo el profesorado con preferencia para la afiliaci\u00f3n. 30 plazas.<\/p>\n<p>El plazo de inscripci\u00f3n finaliza el 28 de febrero de 2025. En el formulario de inscripci\u00f3n, en el apartado \u00abCentro de trabajo\u00bb, indica si vendr\u00e1s presencial o si asistir\u00e1s de manera telem\u00e1tica.<\/p>\n<p>**El plazo de inscripci\u00f3n ya ha finalizado. Si quieres inscribirte (a\u00fan quedan plazas libres), escribe a formacionfaseARROBAcgtaragonlarioja.org.**<\/p>\n","protected":false},"excerpt":{"rendered":"<p>Abrimos plazo de inscripci\u00f3n para el curso Software Libre VI: GeoGebra. Iniciaci\u00f3n a la aplicaci\u00f3n<\/p>\n","protected":false},"author":486,"featured_media":20592,"comment_status":"open","ping_status":"open","sticky":false,"template":"","format":"standard","meta":{"footnotes":""},"categories":[49,481,604,480],"tags":[],"class_list":["post-20530","post","type-post","status-publish","format-standard","has-post-thumbnail","hentry","category-auladigital","category-formacion","category-pedagogia","category-noticias"],"yoast_head":"<!-- This site is optimized with the Yoast SEO plugin v26.7 - https:\/\/yoast.com\/wordpress\/plugins\/seo\/ -->\n<title>Curso: Software Libre VI GeoGebra<\/title>\n<meta name=\"description\" content=\"Abrimos plazo de inscripci\u00f3n para el curso Software Libre VI: GeoGebra. Iniciaci\u00f3n a la aplicaci\u00f3n pr\u00e1ctica en el aula. El curso consta de 5 sesiones\" \/>\n<meta name=\"robots\" content=\"index, follow, max-snippet:-1, max-image-preview:large, max-video-preview:-1\" \/>\n<link rel=\"canonical\" href=\"https:\/\/www.cgtaragonlarioja.org\/fedens\/curso-software-libre-vi-geogebra\/\" \/>\n<meta property=\"og:locale\" content=\"es_ES\" \/>\n<meta property=\"og:type\" content=\"article\" \/>\n<meta property=\"og:title\" content=\"Curso: Software Libre VI GeoGebra\" \/>\n<meta property=\"og:description\" content=\"Abrimos plazo de inscripci\u00f3n para el curso Software Libre VI: GeoGebra. Iniciaci\u00f3n a la aplicaci\u00f3n pr\u00e1ctica en el aula. El curso consta de 5 sesiones\" \/>\n<meta property=\"og:url\" content=\"https:\/\/www.cgtaragonlarioja.org\/fedens\/curso-software-libre-vi-geogebra\/\" \/>\n<meta property=\"og:site_name\" content=\"CGT Arag\u00f3n - La Rioja. ENSE\u00d1ANZA\" \/>\n<meta property=\"article:publisher\" content=\"https:\/\/www.facebook.com\/CGTEnseAragon\/\" \/>\n<meta property=\"article:published_time\" content=\"2025-02-21T12:18:19+00:00\" \/>\n<meta property=\"article:modified_time\" content=\"2025-03-06T08:23:09+00:00\" \/>\n<meta property=\"og:image\" content=\"https:\/\/www.cgtaragonlarioja.org\/fedens\/files\/2025\/02\/cartel-e1739957841926.jpg\" \/>\n\t<meta property=\"og:image:width\" content=\"354\" \/>\n\t<meta property=\"og:image:height\" content=\"500\" \/>\n\t<meta property=\"og:image:type\" content=\"image\/jpeg\" \/>\n<meta name=\"author\" content=\"kike\" \/>\n<meta name=\"twitter:card\" content=\"summary_large_image\" \/>\n<meta name=\"twitter:creator\" content=\"@CGTeduAragon\" \/>\n<meta name=\"twitter:site\" content=\"@CGTeduAragon\" \/>\n<meta name=\"twitter:label1\" content=\"Escrito por\" \/>\n\t<meta name=\"twitter:data1\" content=\"kike\" \/>\n\t<meta name=\"twitter:label2\" content=\"Tiempo de lectura\" \/>\n\t<meta name=\"twitter:data2\" content=\"2 minutos\" \/>\n<script type=\"application\/ld+json\" class=\"yoast-schema-graph\">{\"@context\":\"https:\/\/schema.org\",\"@graph\":[{\"@type\":\"Article\",\"@id\":\"https:\/\/www.cgtaragonlarioja.org\/fedens\/curso-software-libre-vi-geogebra\/#article\",\"isPartOf\":{\"@id\":\"https:\/\/www.cgtaragonlarioja.org\/fedens\/curso-software-libre-vi-geogebra\/\"},\"author\":{\"name\":\"kike\",\"@id\":\"https:\/\/www.cgtaragonlarioja.org\/fedens\/#\/schema\/person\/dfa7d1616615d62a6d79c9593aa09fc3\"},\"headline\":\"Curso: Software Libre VI GeoGebra\",\"datePublished\":\"2025-02-21T12:18:19+00:00\",\"dateModified\":\"2025-03-06T08:23:09+00:00\",\"mainEntityOfPage\":{\"@id\":\"https:\/\/www.cgtaragonlarioja.org\/fedens\/curso-software-libre-vi-geogebra\/\"},\"wordCount\":221,\"commentCount\":0,\"publisher\":{\"@id\":\"https:\/\/www.cgtaragonlarioja.org\/fedens\/#organization\"},\"image\":{\"@id\":\"https:\/\/www.cgtaragonlarioja.org\/fedens\/curso-software-libre-vi-geogebra\/#primaryimage\"},\"thumbnailUrl\":\"https:\/\/www.cgtaragonlarioja.org\/fedens\/files\/2025\/02\/cartel-e1739957841926.jpg\",\"articleSection\":[\"Aula Digital\",\"Formaci\u00f3n\",\"Materiales Pedag\u00f3gicos\",\"Noticias\"],\"inLanguage\":\"es\",\"potentialAction\":[{\"@type\":\"CommentAction\",\"name\":\"Comment\",\"target\":[\"https:\/\/www.cgtaragonlarioja.org\/fedens\/curso-software-libre-vi-geogebra\/#respond\"]}]},{\"@type\":\"WebPage\",\"@id\":\"https:\/\/www.cgtaragonlarioja.org\/fedens\/curso-software-libre-vi-geogebra\/\",\"url\":\"https:\/\/www.cgtaragonlarioja.org\/fedens\/curso-software-libre-vi-geogebra\/\",\"name\":\"Curso: Software Libre VI GeoGebra\",\"isPartOf\":{\"@id\":\"https:\/\/www.cgtaragonlarioja.org\/fedens\/#website\"},\"primaryImageOfPage\":{\"@id\":\"https:\/\/www.cgtaragonlarioja.org\/fedens\/curso-software-libre-vi-geogebra\/#primaryimage\"},\"image\":{\"@id\":\"https:\/\/www.cgtaragonlarioja.org\/fedens\/curso-software-libre-vi-geogebra\/#primaryimage\"},\"thumbnailUrl\":\"https:\/\/www.cgtaragonlarioja.org\/fedens\/files\/2025\/02\/cartel-e1739957841926.jpg\",\"datePublished\":\"2025-02-21T12:18:19+00:00\",\"dateModified\":\"2025-03-06T08:23:09+00:00\",\"description\":\"Abrimos plazo de inscripci\u00f3n para el curso Software Libre VI: GeoGebra. Iniciaci\u00f3n a la aplicaci\u00f3n pr\u00e1ctica en el aula. El curso consta de 5 sesiones\",\"breadcrumb\":{\"@id\":\"https:\/\/www.cgtaragonlarioja.org\/fedens\/curso-software-libre-vi-geogebra\/#breadcrumb\"},\"inLanguage\":\"es\",\"potentialAction\":[{\"@type\":\"ReadAction\",\"target\":[\"https:\/\/www.cgtaragonlarioja.org\/fedens\/curso-software-libre-vi-geogebra\/\"]}]},{\"@type\":\"ImageObject\",\"inLanguage\":\"es\",\"@id\":\"https:\/\/www.cgtaragonlarioja.org\/fedens\/curso-software-libre-vi-geogebra\/#primaryimage\",\"url\":\"https:\/\/www.cgtaragonlarioja.org\/fedens\/files\/2025\/02\/cartel-e1739957841926.jpg\",\"contentUrl\":\"https:\/\/www.cgtaragonlarioja.org\/fedens\/files\/2025\/02\/cartel-e1739957841926.jpg\",\"width\":354,\"height\":500},{\"@type\":\"BreadcrumbList\",\"@id\":\"https:\/\/www.cgtaragonlarioja.org\/fedens\/curso-software-libre-vi-geogebra\/#breadcrumb\",\"itemListElement\":[{\"@type\":\"ListItem\",\"position\":1,\"name\":\"Portada\",\"item\":\"https:\/\/www.cgtaragonlarioja.org\/fedens\/\"},{\"@type\":\"ListItem\",\"position\":2,\"name\":\"Curso: Software Libre VI GeoGebra\"}]},{\"@type\":\"WebSite\",\"@id\":\"https:\/\/www.cgtaragonlarioja.org\/fedens\/#website\",\"url\":\"https:\/\/www.cgtaragonlarioja.org\/fedens\/\",\"name\":\"CGT Arag\u00f3n - La Rioja. ENSE\u00d1ANZA\",\"description\":\"CONTACTAR: Calatayud-Aranda: 654897973 \/ Huesca: 974238404 \/ Teruel: 978619265 \/ Zaragoza: 976922002\",\"publisher\":{\"@id\":\"https:\/\/www.cgtaragonlarioja.org\/fedens\/#organization\"},\"potentialAction\":[{\"@type\":\"SearchAction\",\"target\":{\"@type\":\"EntryPoint\",\"urlTemplate\":\"https:\/\/www.cgtaragonlarioja.org\/fedens\/?s={search_term_string}\"},\"query-input\":{\"@type\":\"PropertyValueSpecification\",\"valueRequired\":true,\"valueName\":\"search_term_string\"}}],\"inLanguage\":\"es\"},{\"@type\":\"Organization\",\"@id\":\"https:\/\/www.cgtaragonlarioja.org\/fedens\/#organization\",\"name\":\"CGT Arag\u00f3n y La Rioja - Ense\u00f1anza\",\"url\":\"https:\/\/www.cgtaragonlarioja.org\/fedens\/\",\"logo\":{\"@type\":\"ImageObject\",\"inLanguage\":\"es\",\"@id\":\"https:\/\/www.cgtaragonlarioja.org\/fedens\/#\/schema\/logo\/image\/\",\"url\":\"https:\/\/www.cgtaragonlarioja.org\/fedens\/files\/2021\/02\/logo_cgt_ense_huesca_170x250.png\",\"contentUrl\":\"https:\/\/www.cgtaragonlarioja.org\/fedens\/files\/2021\/02\/logo_cgt_ense_huesca_170x250.png\",\"width\":170,\"height\":250,\"caption\":\"CGT Arag\u00f3n y La Rioja - Ense\u00f1anza\"},\"image\":{\"@id\":\"https:\/\/www.cgtaragonlarioja.org\/fedens\/#\/schema\/logo\/image\/\"},\"sameAs\":[\"https:\/\/www.facebook.com\/CGTEnseAragon\/\",\"https:\/\/x.com\/CGTeduAragon\"]},{\"@type\":\"Person\",\"@id\":\"https:\/\/www.cgtaragonlarioja.org\/fedens\/#\/schema\/person\/dfa7d1616615d62a6d79c9593aa09fc3\",\"name\":\"kike\",\"image\":{\"@type\":\"ImageObject\",\"inLanguage\":\"es\",\"@id\":\"https:\/\/www.cgtaragonlarioja.org\/fedens\/#\/schema\/person\/image\/\",\"url\":\"https:\/\/secure.gravatar.com\/avatar\/f1c0788a733c3717c5f8c071e064a9c188df22c90b22388027f4ed27abaa4f3b?s=96&d=mm&r=g\",\"contentUrl\":\"https:\/\/secure.gravatar.com\/avatar\/f1c0788a733c3717c5f8c071e064a9c188df22c90b22388027f4ed27abaa4f3b?s=96&d=mm&r=g\",\"caption\":\"kike\"},\"url\":\"https:\/\/www.cgtaragonlarioja.org\/fedens\/author\/kike\/\"}]}<\/script>\n<!-- \/ Yoast SEO plugin. -->","yoast_head_json":{"title":"Curso: Software Libre VI GeoGebra","description":"Abrimos plazo de inscripci\u00f3n para el curso Software Libre VI: GeoGebra. Iniciaci\u00f3n a la aplicaci\u00f3n pr\u00e1ctica en el aula. El curso consta de 5 sesiones","robots":{"index":"index","follow":"follow","max-snippet":"max-snippet:-1","max-image-preview":"max-image-preview:large","max-video-preview":"max-video-preview:-1"},"canonical":"https:\/\/www.cgtaragonlarioja.org\/fedens\/curso-software-libre-vi-geogebra\/","og_locale":"es_ES","og_type":"article","og_title":"Curso: Software Libre VI GeoGebra","og_description":"Abrimos plazo de inscripci\u00f3n para el curso Software Libre VI: GeoGebra. Iniciaci\u00f3n a la aplicaci\u00f3n pr\u00e1ctica en el aula. El curso consta de 5 sesiones","og_url":"https:\/\/www.cgtaragonlarioja.org\/fedens\/curso-software-libre-vi-geogebra\/","og_site_name":"CGT Arag\u00f3n - La Rioja. ENSE\u00d1ANZA","article_publisher":"https:\/\/www.facebook.com\/CGTEnseAragon\/","article_published_time":"2025-02-21T12:18:19+00:00","article_modified_time":"2025-03-06T08:23:09+00:00","og_image":[{"width":354,"height":500,"url":"https:\/\/www.cgtaragonlarioja.org\/fedens\/files\/2025\/02\/cartel-e1739957841926.jpg","type":"image\/jpeg"}],"author":"kike","twitter_card":"summary_large_image","twitter_creator":"@CGTeduAragon","twitter_site":"@CGTeduAragon","twitter_misc":{"Escrito por":"kike","Tiempo de lectura":"2 minutos"},"schema":{"@context":"https:\/\/schema.org","@graph":[{"@type":"Article","@id":"https:\/\/www.cgtaragonlarioja.org\/fedens\/curso-software-libre-vi-geogebra\/#article","isPartOf":{"@id":"https:\/\/www.cgtaragonlarioja.org\/fedens\/curso-software-libre-vi-geogebra\/"},"author":{"name":"kike","@id":"https:\/\/www.cgtaragonlarioja.org\/fedens\/#\/schema\/person\/dfa7d1616615d62a6d79c9593aa09fc3"},"headline":"Curso: Software Libre VI GeoGebra","datePublished":"2025-02-21T12:18:19+00:00","dateModified":"2025-03-06T08:23:09+00:00","mainEntityOfPage":{"@id":"https:\/\/www.cgtaragonlarioja.org\/fedens\/curso-software-libre-vi-geogebra\/"},"wordCount":221,"commentCount":0,"publisher":{"@id":"https:\/\/www.cgtaragonlarioja.org\/fedens\/#organization"},"image":{"@id":"https:\/\/www.cgtaragonlarioja.org\/fedens\/curso-software-libre-vi-geogebra\/#primaryimage"},"thumbnailUrl":"https:\/\/www.cgtaragonlarioja.org\/fedens\/files\/2025\/02\/cartel-e1739957841926.jpg","articleSection":["Aula Digital","Formaci\u00f3n","Materiales Pedag\u00f3gicos","Noticias"],"inLanguage":"es","potentialAction":[{"@type":"CommentAction","name":"Comment","target":["https:\/\/www.cgtaragonlarioja.org\/fedens\/curso-software-libre-vi-geogebra\/#respond"]}]},{"@type":"WebPage","@id":"https:\/\/www.cgtaragonlarioja.org\/fedens\/curso-software-libre-vi-geogebra\/","url":"https:\/\/www.cgtaragonlarioja.org\/fedens\/curso-software-libre-vi-geogebra\/","name":"Curso: Software Libre VI GeoGebra","isPartOf":{"@id":"https:\/\/www.cgtaragonlarioja.org\/fedens\/#website"},"primaryImageOfPage":{"@id":"https:\/\/www.cgtaragonlarioja.org\/fedens\/curso-software-libre-vi-geogebra\/#primaryimage"},"image":{"@id":"https:\/\/www.cgtaragonlarioja.org\/fedens\/curso-software-libre-vi-geogebra\/#primaryimage"},"thumbnailUrl":"https:\/\/www.cgtaragonlarioja.org\/fedens\/files\/2025\/02\/cartel-e1739957841926.jpg","datePublished":"2025-02-21T12:18:19+00:00","dateModified":"2025-03-06T08:23:09+00:00","description":"Abrimos plazo de inscripci\u00f3n para el curso Software Libre VI: GeoGebra. Iniciaci\u00f3n a la aplicaci\u00f3n pr\u00e1ctica en el aula. El curso consta de 5 sesiones","breadcrumb":{"@id":"https:\/\/www.cgtaragonlarioja.org\/fedens\/curso-software-libre-vi-geogebra\/#breadcrumb"},"inLanguage":"es","potentialAction":[{"@type":"ReadAction","target":["https:\/\/www.cgtaragonlarioja.org\/fedens\/curso-software-libre-vi-geogebra\/"]}]},{"@type":"ImageObject","inLanguage":"es","@id":"https:\/\/www.cgtaragonlarioja.org\/fedens\/curso-software-libre-vi-geogebra\/#primaryimage","url":"https:\/\/www.cgtaragonlarioja.org\/fedens\/files\/2025\/02\/cartel-e1739957841926.jpg","contentUrl":"https:\/\/www.cgtaragonlarioja.org\/fedens\/files\/2025\/02\/cartel-e1739957841926.jpg","width":354,"height":500},{"@type":"BreadcrumbList","@id":"https:\/\/www.cgtaragonlarioja.org\/fedens\/curso-software-libre-vi-geogebra\/#breadcrumb","itemListElement":[{"@type":"ListItem","position":1,"name":"Portada","item":"https:\/\/www.cgtaragonlarioja.org\/fedens\/"},{"@type":"ListItem","position":2,"name":"Curso: Software Libre VI GeoGebra"}]},{"@type":"WebSite","@id":"https:\/\/www.cgtaragonlarioja.org\/fedens\/#website","url":"https:\/\/www.cgtaragonlarioja.org\/fedens\/","name":"CGT Arag\u00f3n - La Rioja. ENSE\u00d1ANZA","description":"CONTACTAR: Calatayud-Aranda: 654897973 \/ Huesca: 974238404 \/ Teruel: 978619265 \/ Zaragoza: 976922002","publisher":{"@id":"https:\/\/www.cgtaragonlarioja.org\/fedens\/#organization"},"potentialAction":[{"@type":"SearchAction","target":{"@type":"EntryPoint","urlTemplate":"https:\/\/www.cgtaragonlarioja.org\/fedens\/?s={search_term_string}"},"query-input":{"@type":"PropertyValueSpecification","valueRequired":true,"valueName":"search_term_string"}}],"inLanguage":"es"},{"@type":"Organization","@id":"https:\/\/www.cgtaragonlarioja.org\/fedens\/#organization","name":"CGT Arag\u00f3n y La Rioja - Ense\u00f1anza","url":"https:\/\/www.cgtaragonlarioja.org\/fedens\/","logo":{"@type":"ImageObject","inLanguage":"es","@id":"https:\/\/www.cgtaragonlarioja.org\/fedens\/#\/schema\/logo\/image\/","url":"https:\/\/www.cgtaragonlarioja.org\/fedens\/files\/2021\/02\/logo_cgt_ense_huesca_170x250.png","contentUrl":"https:\/\/www.cgtaragonlarioja.org\/fedens\/files\/2021\/02\/logo_cgt_ense_huesca_170x250.png","width":170,"height":250,"caption":"CGT Arag\u00f3n y La Rioja - Ense\u00f1anza"},"image":{"@id":"https:\/\/www.cgtaragonlarioja.org\/fedens\/#\/schema\/logo\/image\/"},"sameAs":["https:\/\/www.facebook.com\/CGTEnseAragon\/","https:\/\/x.com\/CGTeduAragon"]},{"@type":"Person","@id":"https:\/\/www.cgtaragonlarioja.org\/fedens\/#\/schema\/person\/dfa7d1616615d62a6d79c9593aa09fc3","name":"kike","image":{"@type":"ImageObject","inLanguage":"es","@id":"https:\/\/www.cgtaragonlarioja.org\/fedens\/#\/schema\/person\/image\/","url":"https:\/\/secure.gravatar.com\/avatar\/f1c0788a733c3717c5f8c071e064a9c188df22c90b22388027f4ed27abaa4f3b?s=96&d=mm&r=g","contentUrl":"https:\/\/secure.gravatar.com\/avatar\/f1c0788a733c3717c5f8c071e064a9c188df22c90b22388027f4ed27abaa4f3b?s=96&d=mm&r=g","caption":"kike"},"url":"https:\/\/www.cgtaragonlarioja.org\/fedens\/author\/kike\/"}]}},"_links":{"self":[{"href":"https:\/\/www.cgtaragonlarioja.org\/fedens\/wp-json\/wp\/v2\/posts\/20530","targetHints":{"allow":["GET"]}}],"collection":[{"href":"https:\/\/www.cgtaragonlarioja.org\/fedens\/wp-json\/wp\/v2\/posts"}],"about":[{"href":"https:\/\/www.cgtaragonlarioja.org\/fedens\/wp-json\/wp\/v2\/types\/post"}],"author":[{"embeddable":true,"href":"https:\/\/www.cgtaragonlarioja.org\/fedens\/wp-json\/wp\/v2\/users\/486"}],"replies":[{"embeddable":true,"href":"https:\/\/www.cgtaragonlarioja.org\/fedens\/wp-json\/wp\/v2\/comments?post=20530"}],"version-history":[{"count":11,"href":"https:\/\/www.cgtaragonlarioja.org\/fedens\/wp-json\/wp\/v2\/posts\/20530\/revisions"}],"predecessor-version":[{"id":20906,"href":"https:\/\/www.cgtaragonlarioja.org\/fedens\/wp-json\/wp\/v2\/posts\/20530\/revisions\/20906"}],"wp:featuredmedia":[{"embeddable":true,"href":"https:\/\/www.cgtaragonlarioja.org\/fedens\/wp-json\/wp\/v2\/media\/20592"}],"wp:attachment":[{"href":"https:\/\/www.cgtaragonlarioja.org\/fedens\/wp-json\/wp\/v2\/media?parent=20530"}],"wp:term":[{"taxonomy":"category","embeddable":true,"href":"https:\/\/www.cgtaragonlarioja.org\/fedens\/wp-json\/wp\/v2\/categories?post=20530"},{"taxonomy":"post_tag","embeddable":true,"href":"https:\/\/www.cgtaragonlarioja.org\/fedens\/wp-json\/wp\/v2\/tags?post=20530"}],"curies":[{"name":"wp","href":"https:\/\/api.w.org\/{rel}","templated":true}]}}