{"id":20418,"date":"2025-01-27T12:22:41","date_gmt":"2025-01-27T11:22:41","guid":{"rendered":"https:\/\/www.cgtaragonlarioja.org\/fedens\/?p=20418"},"modified":"2025-01-27T12:22:41","modified_gmt":"2025-01-27T11:22:41","slug":"el-cpifp-los-enlaces-referente-en-la-familia-profesional-de-informatica-y-comunicaciones-sin-conexion-a-internet","status":"publish","type":"post","link":"https:\/\/www.cgtaragonlarioja.org\/fedens\/el-cpifp-los-enlaces-referente-en-la-familia-profesional-de-informatica-y-comunicaciones-sin-conexion-a-internet\/","title":{"rendered":"El CPIFP Los Enlaces, referente en la\u00a0familia profesional de Inform\u00e1tica y Comunicaciones, sin conexi\u00f3n a internet."},"content":{"rendered":"<p><span style=\"font-family: arial, helvetica, sans-serif\">CGT Ense\u00f1anza ha acudido hoy al Servicio Provincial, para apoyar la concentraci\u00f3n del <strong>CPIFP Los Enlaces<\/strong>. Seg\u00fan nos ha explicado el Frente de Estudiantes de Arag\u00f3n, convocantes de la protesta, en el centro llevan desde el principio del segundo trimestre sin internet. Denuncian que el centro est\u00e1 afrontando unos recortes que han propiciado <span style=\"color: #000000\">la cancelaci\u00f3n del acceso a <\/span>internet hasta cambiar de proveedor de conexi\u00f3n. Siendo un centro referente en la familia profesional de <em>Inform\u00e1tica y Comunicaciones<\/em>, los grados que all\u00ed se imparten no pueden desarrollar sus\u00a0 clases en condiciones. Intentando minimizar el perjuicio en su formaci\u00f3n, el alumnado que tiene posibilidad comparte sus datos desde los m\u00f3viles, haciendo gasto personal. <\/span><\/p>\n<p><span style=\"font-family: arial, helvetica, sans-serif\">La Administraci\u00f3n ha ofrecido hoy habilitar una red dom\u00e9stica, sin embargo este parche no permitir\u00eda restablecer la normalidad ya que los especialistas insisten en que har\u00eda falta al menos una red profesional de internet.\u00a0<\/span><\/p>\n<p><span style=\"font-family: arial, helvetica, sans-serif\">Desde CGT seguiremos pendientes de que se solucione esta situaci\u00f3n\u00a0 y se pueda restablecer la calidad educativa que durante a\u00f1os se ha forjado como se\u00f1a de identidad de este ic\u00f3nico centro p\u00fablico.<\/span><\/p>\n","protected":false},"excerpt":{"rendered":"<p>CGT Ense\u00f1anza ha acudido hoy al Servicio Provincial, para apoyar la concentraci\u00f3n del CPIFP Los<\/p>\n","protected":false},"author":854,"featured_media":20419,"comment_status":"open","ping_status":"open","sticky":false,"template":"","format":"standard","meta":{"footnotes":""},"categories":[702,480,567],"tags":[595,527,585,525],"class_list":["post-20418","post","type-post","status-publish","format-standard","has-post-thumbnail","hentry","category-movilizaciones","category-noticias","category-zaragoza","tag-docentes","tag-ed-secundaria","tag-educacion","tag-formacion-profesional"],"yoast_head":"<!-- This site is optimized with the Yoast SEO plugin v26.7 - https:\/\/yoast.com\/wordpress\/plugins\/seo\/ -->\n<title>El CPIFP Los Enlaces, referente en la\u00a0familia profesional de Inform\u00e1tica y Comunicaciones, sin conexi\u00f3n a internet.<\/title>\n<meta name=\"description\" content=\"CGT Ense\u00f1anza ha acudido hoy al Servicio Provincial, para apoyar la concentraci\u00f3n del CPIFP Los Enlaces. Seg\u00fan nos ha explicado el Frente de Estudiantes\" \/>\n<meta name=\"robots\" content=\"index, follow, max-snippet:-1, max-image-preview:large, max-video-preview:-1\" \/>\n<link rel=\"canonical\" href=\"https:\/\/www.cgtaragonlarioja.org\/fedens\/el-cpifp-los-enlaces-referente-en-la-familia-profesional-de-informatica-y-comunicaciones-sin-conexion-a-internet\/\" \/>\n<meta property=\"og:locale\" content=\"es_ES\" \/>\n<meta property=\"og:type\" content=\"article\" \/>\n<meta property=\"og:title\" content=\"El CPIFP Los Enlaces, referente en la\u00a0familia profesional de Inform\u00e1tica y Comunicaciones, sin conexi\u00f3n a internet.\" \/>\n<meta property=\"og:description\" content=\"CGT Ense\u00f1anza ha acudido hoy al Servicio Provincial, para apoyar la concentraci\u00f3n del CPIFP Los Enlaces. Seg\u00fan nos ha explicado el Frente de Estudiantes\" \/>\n<meta property=\"og:url\" content=\"https:\/\/www.cgtaragonlarioja.org\/fedens\/el-cpifp-los-enlaces-referente-en-la-familia-profesional-de-informatica-y-comunicaciones-sin-conexion-a-internet\/\" \/>\n<meta property=\"og:site_name\" content=\"CGT Arag\u00f3n - La Rioja. ENSE\u00d1ANZA\" \/>\n<meta property=\"article:publisher\" content=\"https:\/\/www.facebook.com\/CGTEnseAragon\/\" \/>\n<meta property=\"article:published_time\" content=\"2025-01-27T11:22:41+00:00\" \/>\n<meta property=\"og:image\" content=\"https:\/\/www.cgtaragonlarioja.org\/fedens\/files\/2025\/01\/foto-concentracion-Enlaces.jpg\" \/>\n\t<meta property=\"og:image:width\" content=\"1600\" \/>\n\t<meta property=\"og:image:height\" content=\"900\" \/>\n\t<meta property=\"og:image:type\" content=\"image\/jpeg\" \/>\n<meta name=\"author\" content=\"CGT Ense\u00f1anza Arag\u00f3n\" \/>\n<meta name=\"twitter:card\" content=\"summary_large_image\" \/>\n<meta name=\"twitter:creator\" content=\"@CGTeduAragon\" \/>\n<meta name=\"twitter:site\" content=\"@CGTeduAragon\" \/>\n<meta name=\"twitter:label1\" content=\"Escrito por\" \/>\n\t<meta name=\"twitter:data1\" content=\"CGT Ense\u00f1anza Arag\u00f3n\" \/>\n\t<meta name=\"twitter:label2\" content=\"Tiempo de lectura\" \/>\n\t<meta name=\"twitter:data2\" content=\"2 minutos\" \/>\n<script type=\"application\/ld+json\" class=\"yoast-schema-graph\">{\"@context\":\"https:\/\/schema.org\",\"@graph\":[{\"@type\":\"Article\",\"@id\":\"https:\/\/www.cgtaragonlarioja.org\/fedens\/el-cpifp-los-enlaces-referente-en-la-familia-profesional-de-informatica-y-comunicaciones-sin-conexion-a-internet\/#article\",\"isPartOf\":{\"@id\":\"https:\/\/www.cgtaragonlarioja.org\/fedens\/el-cpifp-los-enlaces-referente-en-la-familia-profesional-de-informatica-y-comunicaciones-sin-conexion-a-internet\/\"},\"author\":{\"name\":\"CGT Ense\u00f1anza Arag\u00f3n\",\"@id\":\"https:\/\/www.cgtaragonlarioja.org\/fedens\/#\/schema\/person\/f577cbf9ee1fb7519bfd883ac4f4032f\"},\"headline\":\"El CPIFP Los Enlaces, referente en la\u00a0familia profesional de Inform\u00e1tica y Comunicaciones, sin conexi\u00f3n a internet.\",\"datePublished\":\"2025-01-27T11:22:41+00:00\",\"mainEntityOfPage\":{\"@id\":\"https:\/\/www.cgtaragonlarioja.org\/fedens\/el-cpifp-los-enlaces-referente-en-la-familia-profesional-de-informatica-y-comunicaciones-sin-conexion-a-internet\/\"},\"wordCount\":214,\"commentCount\":0,\"publisher\":{\"@id\":\"https:\/\/www.cgtaragonlarioja.org\/fedens\/#organization\"},\"image\":{\"@id\":\"https:\/\/www.cgtaragonlarioja.org\/fedens\/el-cpifp-los-enlaces-referente-en-la-familia-profesional-de-informatica-y-comunicaciones-sin-conexion-a-internet\/#primaryimage\"},\"thumbnailUrl\":\"https:\/\/www.cgtaragonlarioja.org\/fedens\/files\/2025\/01\/foto-concentracion-Enlaces.jpg\",\"keywords\":[\"docentes\",\"Ed. Secundaria\",\"educaci\u00f3n\",\"Formaci\u00f3n Profesional\"],\"articleSection\":[\"Movilizaciones\",\"Noticias\",\"Zaragoza\"],\"inLanguage\":\"es\",\"potentialAction\":[{\"@type\":\"CommentAction\",\"name\":\"Comment\",\"target\":[\"https:\/\/www.cgtaragonlarioja.org\/fedens\/el-cpifp-los-enlaces-referente-en-la-familia-profesional-de-informatica-y-comunicaciones-sin-conexion-a-internet\/#respond\"]}]},{\"@type\":\"WebPage\",\"@id\":\"https:\/\/www.cgtaragonlarioja.org\/fedens\/el-cpifp-los-enlaces-referente-en-la-familia-profesional-de-informatica-y-comunicaciones-sin-conexion-a-internet\/\",\"url\":\"https:\/\/www.cgtaragonlarioja.org\/fedens\/el-cpifp-los-enlaces-referente-en-la-familia-profesional-de-informatica-y-comunicaciones-sin-conexion-a-internet\/\",\"name\":\"El CPIFP Los Enlaces, referente en la\u00a0familia profesional de Inform\u00e1tica y Comunicaciones, sin conexi\u00f3n a internet.\",\"isPartOf\":{\"@id\":\"https:\/\/www.cgtaragonlarioja.org\/fedens\/#website\"},\"primaryImageOfPage\":{\"@id\":\"https:\/\/www.cgtaragonlarioja.org\/fedens\/el-cpifp-los-enlaces-referente-en-la-familia-profesional-de-informatica-y-comunicaciones-sin-conexion-a-internet\/#primaryimage\"},\"image\":{\"@id\":\"https:\/\/www.cgtaragonlarioja.org\/fedens\/el-cpifp-los-enlaces-referente-en-la-familia-profesional-de-informatica-y-comunicaciones-sin-conexion-a-internet\/#primaryimage\"},\"thumbnailUrl\":\"https:\/\/www.cgtaragonlarioja.org\/fedens\/files\/2025\/01\/foto-concentracion-Enlaces.jpg\",\"datePublished\":\"2025-01-27T11:22:41+00:00\",\"description\":\"CGT Ense\u00f1anza ha acudido hoy al Servicio Provincial, para apoyar la concentraci\u00f3n del CPIFP Los Enlaces. Seg\u00fan nos ha explicado el Frente de Estudiantes\",\"breadcrumb\":{\"@id\":\"https:\/\/www.cgtaragonlarioja.org\/fedens\/el-cpifp-los-enlaces-referente-en-la-familia-profesional-de-informatica-y-comunicaciones-sin-conexion-a-internet\/#breadcrumb\"},\"inLanguage\":\"es\",\"potentialAction\":[{\"@type\":\"ReadAction\",\"target\":[\"https:\/\/www.cgtaragonlarioja.org\/fedens\/el-cpifp-los-enlaces-referente-en-la-familia-profesional-de-informatica-y-comunicaciones-sin-conexion-a-internet\/\"]}]},{\"@type\":\"ImageObject\",\"inLanguage\":\"es\",\"@id\":\"https:\/\/www.cgtaragonlarioja.org\/fedens\/el-cpifp-los-enlaces-referente-en-la-familia-profesional-de-informatica-y-comunicaciones-sin-conexion-a-internet\/#primaryimage\",\"url\":\"https:\/\/www.cgtaragonlarioja.org\/fedens\/files\/2025\/01\/foto-concentracion-Enlaces.jpg\",\"contentUrl\":\"https:\/\/www.cgtaragonlarioja.org\/fedens\/files\/2025\/01\/foto-concentracion-Enlaces.jpg\",\"width\":1600,\"height\":900},{\"@type\":\"BreadcrumbList\",\"@id\":\"https:\/\/www.cgtaragonlarioja.org\/fedens\/el-cpifp-los-enlaces-referente-en-la-familia-profesional-de-informatica-y-comunicaciones-sin-conexion-a-internet\/#breadcrumb\",\"itemListElement\":[{\"@type\":\"ListItem\",\"position\":1,\"name\":\"Portada\",\"item\":\"https:\/\/www.cgtaragonlarioja.org\/fedens\/\"},{\"@type\":\"ListItem\",\"position\":2,\"name\":\"El CPIFP Los Enlaces, referente en la\u00a0familia profesional de Inform\u00e1tica y Comunicaciones, sin conexi\u00f3n a internet.\"}]},{\"@type\":\"WebSite\",\"@id\":\"https:\/\/www.cgtaragonlarioja.org\/fedens\/#website\",\"url\":\"https:\/\/www.cgtaragonlarioja.org\/fedens\/\",\"name\":\"CGT Arag\u00f3n - La Rioja. ENSE\u00d1ANZA\",\"description\":\"CONTACTAR: Calatayud-Aranda: 654897973 \/ Huesca: 974238404 \/ Teruel: 978619265 \/ Zaragoza: 976922002\",\"publisher\":{\"@id\":\"https:\/\/www.cgtaragonlarioja.org\/fedens\/#organization\"},\"potentialAction\":[{\"@type\":\"SearchAction\",\"target\":{\"@type\":\"EntryPoint\",\"urlTemplate\":\"https:\/\/www.cgtaragonlarioja.org\/fedens\/?s={search_term_string}\"},\"query-input\":{\"@type\":\"PropertyValueSpecification\",\"valueRequired\":true,\"valueName\":\"search_term_string\"}}],\"inLanguage\":\"es\"},{\"@type\":\"Organization\",\"@id\":\"https:\/\/www.cgtaragonlarioja.org\/fedens\/#organization\",\"name\":\"CGT Arag\u00f3n y La Rioja - Ense\u00f1anza\",\"url\":\"https:\/\/www.cgtaragonlarioja.org\/fedens\/\",\"logo\":{\"@type\":\"ImageObject\",\"inLanguage\":\"es\",\"@id\":\"https:\/\/www.cgtaragonlarioja.org\/fedens\/#\/schema\/logo\/image\/\",\"url\":\"https:\/\/www.cgtaragonlarioja.org\/fedens\/files\/2021\/02\/logo_cgt_ense_huesca_170x250.png\",\"contentUrl\":\"https:\/\/www.cgtaragonlarioja.org\/fedens\/files\/2021\/02\/logo_cgt_ense_huesca_170x250.png\",\"width\":170,\"height\":250,\"caption\":\"CGT Arag\u00f3n y La Rioja - Ense\u00f1anza\"},\"image\":{\"@id\":\"https:\/\/www.cgtaragonlarioja.org\/fedens\/#\/schema\/logo\/image\/\"},\"sameAs\":[\"https:\/\/www.facebook.com\/CGTEnseAragon\/\",\"https:\/\/x.com\/CGTeduAragon\"]},{\"@type\":\"Person\",\"@id\":\"https:\/\/www.cgtaragonlarioja.org\/fedens\/#\/schema\/person\/f577cbf9ee1fb7519bfd883ac4f4032f\",\"name\":\"CGT Ense\u00f1anza Arag\u00f3n\",\"image\":{\"@type\":\"ImageObject\",\"inLanguage\":\"es\",\"@id\":\"https:\/\/www.cgtaragonlarioja.org\/fedens\/#\/schema\/person\/image\/\",\"url\":\"https:\/\/secure.gravatar.com\/avatar\/6591cafae8da970274bd48ef06b7f86ae2c2ba705fb2cdafa9b5f7f48c95a765?s=96&d=mm&r=g\",\"contentUrl\":\"https:\/\/secure.gravatar.com\/avatar\/6591cafae8da970274bd48ef06b7f86ae2c2ba705fb2cdafa9b5f7f48c95a765?s=96&d=mm&r=g\",\"caption\":\"CGT Ense\u00f1anza Arag\u00f3n\"},\"url\":\"https:\/\/www.cgtaragonlarioja.org\/fedens\/author\/fasecgt\/\"}]}<\/script>\n<!-- \/ Yoast SEO plugin. -->","yoast_head_json":{"title":"El CPIFP Los Enlaces, referente en la\u00a0familia profesional de Inform\u00e1tica y Comunicaciones, sin conexi\u00f3n a internet.","description":"CGT Ense\u00f1anza ha acudido hoy al Servicio Provincial, para apoyar la concentraci\u00f3n del CPIFP Los Enlaces. Seg\u00fan nos ha explicado el Frente de Estudiantes","robots":{"index":"index","follow":"follow","max-snippet":"max-snippet:-1","max-image-preview":"max-image-preview:large","max-video-preview":"max-video-preview:-1"},"canonical":"https:\/\/www.cgtaragonlarioja.org\/fedens\/el-cpifp-los-enlaces-referente-en-la-familia-profesional-de-informatica-y-comunicaciones-sin-conexion-a-internet\/","og_locale":"es_ES","og_type":"article","og_title":"El CPIFP Los Enlaces, referente en la\u00a0familia profesional de Inform\u00e1tica y Comunicaciones, sin conexi\u00f3n a internet.","og_description":"CGT Ense\u00f1anza ha acudido hoy al Servicio Provincial, para apoyar la concentraci\u00f3n del CPIFP Los Enlaces. Seg\u00fan nos ha explicado el Frente de Estudiantes","og_url":"https:\/\/www.cgtaragonlarioja.org\/fedens\/el-cpifp-los-enlaces-referente-en-la-familia-profesional-de-informatica-y-comunicaciones-sin-conexion-a-internet\/","og_site_name":"CGT Arag\u00f3n - La Rioja. ENSE\u00d1ANZA","article_publisher":"https:\/\/www.facebook.com\/CGTEnseAragon\/","article_published_time":"2025-01-27T11:22:41+00:00","og_image":[{"width":1600,"height":900,"url":"https:\/\/www.cgtaragonlarioja.org\/fedens\/files\/2025\/01\/foto-concentracion-Enlaces.jpg","type":"image\/jpeg"}],"author":"CGT Ense\u00f1anza Arag\u00f3n","twitter_card":"summary_large_image","twitter_creator":"@CGTeduAragon","twitter_site":"@CGTeduAragon","twitter_misc":{"Escrito por":"CGT Ense\u00f1anza Arag\u00f3n","Tiempo de lectura":"2 minutos"},"schema":{"@context":"https:\/\/schema.org","@graph":[{"@type":"Article","@id":"https:\/\/www.cgtaragonlarioja.org\/fedens\/el-cpifp-los-enlaces-referente-en-la-familia-profesional-de-informatica-y-comunicaciones-sin-conexion-a-internet\/#article","isPartOf":{"@id":"https:\/\/www.cgtaragonlarioja.org\/fedens\/el-cpifp-los-enlaces-referente-en-la-familia-profesional-de-informatica-y-comunicaciones-sin-conexion-a-internet\/"},"author":{"name":"CGT Ense\u00f1anza Arag\u00f3n","@id":"https:\/\/www.cgtaragonlarioja.org\/fedens\/#\/schema\/person\/f577cbf9ee1fb7519bfd883ac4f4032f"},"headline":"El CPIFP Los Enlaces, referente en la\u00a0familia profesional de Inform\u00e1tica y Comunicaciones, sin conexi\u00f3n a internet.","datePublished":"2025-01-27T11:22:41+00:00","mainEntityOfPage":{"@id":"https:\/\/www.cgtaragonlarioja.org\/fedens\/el-cpifp-los-enlaces-referente-en-la-familia-profesional-de-informatica-y-comunicaciones-sin-conexion-a-internet\/"},"wordCount":214,"commentCount":0,"publisher":{"@id":"https:\/\/www.cgtaragonlarioja.org\/fedens\/#organization"},"image":{"@id":"https:\/\/www.cgtaragonlarioja.org\/fedens\/el-cpifp-los-enlaces-referente-en-la-familia-profesional-de-informatica-y-comunicaciones-sin-conexion-a-internet\/#primaryimage"},"thumbnailUrl":"https:\/\/www.cgtaragonlarioja.org\/fedens\/files\/2025\/01\/foto-concentracion-Enlaces.jpg","keywords":["docentes","Ed. Secundaria","educaci\u00f3n","Formaci\u00f3n Profesional"],"articleSection":["Movilizaciones","Noticias","Zaragoza"],"inLanguage":"es","potentialAction":[{"@type":"CommentAction","name":"Comment","target":["https:\/\/www.cgtaragonlarioja.org\/fedens\/el-cpifp-los-enlaces-referente-en-la-familia-profesional-de-informatica-y-comunicaciones-sin-conexion-a-internet\/#respond"]}]},{"@type":"WebPage","@id":"https:\/\/www.cgtaragonlarioja.org\/fedens\/el-cpifp-los-enlaces-referente-en-la-familia-profesional-de-informatica-y-comunicaciones-sin-conexion-a-internet\/","url":"https:\/\/www.cgtaragonlarioja.org\/fedens\/el-cpifp-los-enlaces-referente-en-la-familia-profesional-de-informatica-y-comunicaciones-sin-conexion-a-internet\/","name":"El CPIFP Los Enlaces, referente en la\u00a0familia profesional de Inform\u00e1tica y Comunicaciones, sin conexi\u00f3n a internet.","isPartOf":{"@id":"https:\/\/www.cgtaragonlarioja.org\/fedens\/#website"},"primaryImageOfPage":{"@id":"https:\/\/www.cgtaragonlarioja.org\/fedens\/el-cpifp-los-enlaces-referente-en-la-familia-profesional-de-informatica-y-comunicaciones-sin-conexion-a-internet\/#primaryimage"},"image":{"@id":"https:\/\/www.cgtaragonlarioja.org\/fedens\/el-cpifp-los-enlaces-referente-en-la-familia-profesional-de-informatica-y-comunicaciones-sin-conexion-a-internet\/#primaryimage"},"thumbnailUrl":"https:\/\/www.cgtaragonlarioja.org\/fedens\/files\/2025\/01\/foto-concentracion-Enlaces.jpg","datePublished":"2025-01-27T11:22:41+00:00","description":"CGT Ense\u00f1anza ha acudido hoy al Servicio Provincial, para apoyar la concentraci\u00f3n del CPIFP Los Enlaces. Seg\u00fan nos ha explicado el Frente de Estudiantes","breadcrumb":{"@id":"https:\/\/www.cgtaragonlarioja.org\/fedens\/el-cpifp-los-enlaces-referente-en-la-familia-profesional-de-informatica-y-comunicaciones-sin-conexion-a-internet\/#breadcrumb"},"inLanguage":"es","potentialAction":[{"@type":"ReadAction","target":["https:\/\/www.cgtaragonlarioja.org\/fedens\/el-cpifp-los-enlaces-referente-en-la-familia-profesional-de-informatica-y-comunicaciones-sin-conexion-a-internet\/"]}]},{"@type":"ImageObject","inLanguage":"es","@id":"https:\/\/www.cgtaragonlarioja.org\/fedens\/el-cpifp-los-enlaces-referente-en-la-familia-profesional-de-informatica-y-comunicaciones-sin-conexion-a-internet\/#primaryimage","url":"https:\/\/www.cgtaragonlarioja.org\/fedens\/files\/2025\/01\/foto-concentracion-Enlaces.jpg","contentUrl":"https:\/\/www.cgtaragonlarioja.org\/fedens\/files\/2025\/01\/foto-concentracion-Enlaces.jpg","width":1600,"height":900},{"@type":"BreadcrumbList","@id":"https:\/\/www.cgtaragonlarioja.org\/fedens\/el-cpifp-los-enlaces-referente-en-la-familia-profesional-de-informatica-y-comunicaciones-sin-conexion-a-internet\/#breadcrumb","itemListElement":[{"@type":"ListItem","position":1,"name":"Portada","item":"https:\/\/www.cgtaragonlarioja.org\/fedens\/"},{"@type":"ListItem","position":2,"name":"El CPIFP Los Enlaces, referente en la\u00a0familia profesional de Inform\u00e1tica y Comunicaciones, sin conexi\u00f3n a internet."}]},{"@type":"WebSite","@id":"https:\/\/www.cgtaragonlarioja.org\/fedens\/#website","url":"https:\/\/www.cgtaragonlarioja.org\/fedens\/","name":"CGT Arag\u00f3n - La Rioja. ENSE\u00d1ANZA","description":"CONTACTAR: Calatayud-Aranda: 654897973 \/ Huesca: 974238404 \/ Teruel: 978619265 \/ Zaragoza: 976922002","publisher":{"@id":"https:\/\/www.cgtaragonlarioja.org\/fedens\/#organization"},"potentialAction":[{"@type":"SearchAction","target":{"@type":"EntryPoint","urlTemplate":"https:\/\/www.cgtaragonlarioja.org\/fedens\/?s={search_term_string}"},"query-input":{"@type":"PropertyValueSpecification","valueRequired":true,"valueName":"search_term_string"}}],"inLanguage":"es"},{"@type":"Organization","@id":"https:\/\/www.cgtaragonlarioja.org\/fedens\/#organization","name":"CGT Arag\u00f3n y La Rioja - Ense\u00f1anza","url":"https:\/\/www.cgtaragonlarioja.org\/fedens\/","logo":{"@type":"ImageObject","inLanguage":"es","@id":"https:\/\/www.cgtaragonlarioja.org\/fedens\/#\/schema\/logo\/image\/","url":"https:\/\/www.cgtaragonlarioja.org\/fedens\/files\/2021\/02\/logo_cgt_ense_huesca_170x250.png","contentUrl":"https:\/\/www.cgtaragonlarioja.org\/fedens\/files\/2021\/02\/logo_cgt_ense_huesca_170x250.png","width":170,"height":250,"caption":"CGT Arag\u00f3n y La Rioja - Ense\u00f1anza"},"image":{"@id":"https:\/\/www.cgtaragonlarioja.org\/fedens\/#\/schema\/logo\/image\/"},"sameAs":["https:\/\/www.facebook.com\/CGTEnseAragon\/","https:\/\/x.com\/CGTeduAragon"]},{"@type":"Person","@id":"https:\/\/www.cgtaragonlarioja.org\/fedens\/#\/schema\/person\/f577cbf9ee1fb7519bfd883ac4f4032f","name":"CGT Ense\u00f1anza Arag\u00f3n","image":{"@type":"ImageObject","inLanguage":"es","@id":"https:\/\/www.cgtaragonlarioja.org\/fedens\/#\/schema\/person\/image\/","url":"https:\/\/secure.gravatar.com\/avatar\/6591cafae8da970274bd48ef06b7f86ae2c2ba705fb2cdafa9b5f7f48c95a765?s=96&d=mm&r=g","contentUrl":"https:\/\/secure.gravatar.com\/avatar\/6591cafae8da970274bd48ef06b7f86ae2c2ba705fb2cdafa9b5f7f48c95a765?s=96&d=mm&r=g","caption":"CGT Ense\u00f1anza Arag\u00f3n"},"url":"https:\/\/www.cgtaragonlarioja.org\/fedens\/author\/fasecgt\/"}]}},"_links":{"self":[{"href":"https:\/\/www.cgtaragonlarioja.org\/fedens\/wp-json\/wp\/v2\/posts\/20418","targetHints":{"allow":["GET"]}}],"collection":[{"href":"https:\/\/www.cgtaragonlarioja.org\/fedens\/wp-json\/wp\/v2\/posts"}],"about":[{"href":"https:\/\/www.cgtaragonlarioja.org\/fedens\/wp-json\/wp\/v2\/types\/post"}],"author":[{"embeddable":true,"href":"https:\/\/www.cgtaragonlarioja.org\/fedens\/wp-json\/wp\/v2\/users\/854"}],"replies":[{"embeddable":true,"href":"https:\/\/www.cgtaragonlarioja.org\/fedens\/wp-json\/wp\/v2\/comments?post=20418"}],"version-history":[{"count":2,"href":"https:\/\/www.cgtaragonlarioja.org\/fedens\/wp-json\/wp\/v2\/posts\/20418\/revisions"}],"predecessor-version":[{"id":20421,"href":"https:\/\/www.cgtaragonlarioja.org\/fedens\/wp-json\/wp\/v2\/posts\/20418\/revisions\/20421"}],"wp:featuredmedia":[{"embeddable":true,"href":"https:\/\/www.cgtaragonlarioja.org\/fedens\/wp-json\/wp\/v2\/media\/20419"}],"wp:attachment":[{"href":"https:\/\/www.cgtaragonlarioja.org\/fedens\/wp-json\/wp\/v2\/media?parent=20418"}],"wp:term":[{"taxonomy":"category","embeddable":true,"href":"https:\/\/www.cgtaragonlarioja.org\/fedens\/wp-json\/wp\/v2\/categories?post=20418"},{"taxonomy":"post_tag","embeddable":true,"href":"https:\/\/www.cgtaragonlarioja.org\/fedens\/wp-json\/wp\/v2\/tags?post=20418"}],"curies":[{"name":"wp","href":"https:\/\/api.w.org\/{rel}","templated":true}]}}