{"id":19994,"date":"2024-12-19T14:11:02","date_gmt":"2024-12-19T13:11:02","guid":{"rendered":"https:\/\/www.cgtaragonlarioja.org\/fedens\/?p=19994"},"modified":"2024-12-20T09:19:54","modified_gmt":"2024-12-20T08:19:54","slug":"concurso-de-meritos-de-canarias-y-comisiones-de-servicio","status":"publish","type":"post","link":"https:\/\/www.cgtaragonlarioja.org\/fedens\/concurso-de-meritos-de-canarias-y-comisiones-de-servicio\/","title":{"rendered":"Concurso de m\u00e9ritos de Canarias y comisiones de servicio"},"content":{"rendered":"<p>Las personas que hayan obtenido plaza en el concurso dem\u00e9ritos de la Comunidad Canaria, ser\u00e1n nombrados a fecha 31 de diciembre de 2024 y se incorporar\u00e1n a su nuevo destino el d\u00eda 8 de enero de 2025.<\/p>\n<p>La Direcci\u00f3n General de Personal del Servicio de Educaci\u00f3n de la DGA ha comunicado que, ante esta situaci\u00f3n y en coordinaci\u00f3n con el resto de comunidades, conceder\u00e1 comisiones de servicio hasta el 31 de agosto de 2025 a aquellas personas que se encuentren en las siguientes situaciones:<\/p>\n<ul>\n<li>Vacantes de curso completo con jornada completa.<\/li>\n<li>Sustituciones de jornada completa, hasta que finalice la sustituci\u00f3n.<\/li>\n<li>Vacantes de curso completo con jornada parcial que cumplan alguno de los requisitos por los que una funcionaria de carrera puede reducirse la jornada (Orden <i>ECD<\/i>\/1479\/2019, art\u00edculo 7).<\/li>\n<li>Sustituciones con jornada parcial que cumplan alguno de los requisitos por los que una funcionaria de carrera puede reducirse la jornada (Orden <i>ECD<\/i>\/1479\/2019, art\u00edculo 7).<\/li>\n<\/ul>\n<p>En los dos \u00faltimos casos hay que aportar la documentaci\u00f3n justificativa. En todo caso, hay que solicitar la comisi\u00f3n a trav\u00e9s de la aplicaci\u00f3n de la web de <a href=\"https:\/\/www.gobiernodecanarias.org\/educacion\/web\/personal\/docente\/oferta\/estabilizacion\/meritos\/baremo-definitivo\/\">Educaci\u00f3n de Canarias<\/a> quien trasladar\u00e1 la solicitud a las respectivas comunidades.<\/p>\n","protected":false},"excerpt":{"rendered":"<p>Las personas que hayan obtenido plaza en el concurso dem\u00e9ritos de la Comunidad Canaria, ser\u00e1n<\/p>\n","protected":false},"author":854,"featured_media":19995,"comment_status":"open","ping_status":"open","sticky":false,"template":"","format":"standard","meta":{"footnotes":""},"categories":[480],"tags":[],"class_list":["post-19994","post","type-post","status-publish","format-standard","has-post-thumbnail","hentry","category-noticias"],"yoast_head":"<!-- This site is optimized with the Yoast SEO plugin v26.7 - https:\/\/yoast.com\/wordpress\/plugins\/seo\/ -->\n<title>Concurso de m\u00e9ritos de Canarias y comisiones de servicio<\/title>\n<meta name=\"description\" content=\"Las personas que hayan obtenido plaza en el concurso dem\u00e9ritos de la Comunidad Canaria, ser\u00e1n nombrados a fecha 31 de diciembre de 2024 y se incorporar\u00e1n\" \/>\n<meta name=\"robots\" content=\"index, follow, max-snippet:-1, max-image-preview:large, max-video-preview:-1\" \/>\n<link rel=\"canonical\" href=\"https:\/\/www.cgtaragonlarioja.org\/fedens\/concurso-de-meritos-de-canarias-y-comisiones-de-servicio\/\" \/>\n<meta property=\"og:locale\" content=\"es_ES\" \/>\n<meta property=\"og:type\" content=\"article\" \/>\n<meta property=\"og:title\" content=\"Concurso de m\u00e9ritos de Canarias y comisiones de servicio\" \/>\n<meta property=\"og:description\" content=\"Las personas que hayan obtenido plaza en el concurso dem\u00e9ritos de la Comunidad Canaria, ser\u00e1n nombrados a fecha 31 de diciembre de 2024 y se incorporar\u00e1n\" \/>\n<meta property=\"og:url\" content=\"https:\/\/www.cgtaragonlarioja.org\/fedens\/concurso-de-meritos-de-canarias-y-comisiones-de-servicio\/\" \/>\n<meta property=\"og:site_name\" content=\"CGT Arag\u00f3n - La Rioja. ENSE\u00d1ANZA\" \/>\n<meta property=\"article:publisher\" content=\"https:\/\/www.facebook.com\/CGTEnseAragon\/\" \/>\n<meta property=\"article:published_time\" content=\"2024-12-19T13:11:02+00:00\" \/>\n<meta property=\"article:modified_time\" content=\"2024-12-20T08:19:54+00:00\" \/>\n<meta property=\"og:image\" content=\"https:\/\/www.cgtaragonlarioja.org\/fedens\/files\/2024\/12\/CANARIAS-2.png\" \/>\n\t<meta property=\"og:image:width\" content=\"1414\" \/>\n\t<meta property=\"og:image:height\" content=\"2000\" \/>\n\t<meta property=\"og:image:type\" content=\"image\/png\" \/>\n<meta name=\"author\" content=\"CGT Ense\u00f1anza Arag\u00f3n\" \/>\n<meta name=\"twitter:card\" content=\"summary_large_image\" \/>\n<meta name=\"twitter:creator\" content=\"@CGTeduAragon\" \/>\n<meta name=\"twitter:site\" content=\"@CGTeduAragon\" \/>\n<meta name=\"twitter:label1\" content=\"Escrito por\" \/>\n\t<meta name=\"twitter:data1\" content=\"CGT Ense\u00f1anza Arag\u00f3n\" \/>\n\t<meta name=\"twitter:label2\" content=\"Tiempo de lectura\" \/>\n\t<meta name=\"twitter:data2\" content=\"2 minutos\" \/>\n<script type=\"application\/ld+json\" class=\"yoast-schema-graph\">{\"@context\":\"https:\/\/schema.org\",\"@graph\":[{\"@type\":\"Article\",\"@id\":\"https:\/\/www.cgtaragonlarioja.org\/fedens\/concurso-de-meritos-de-canarias-y-comisiones-de-servicio\/#article\",\"isPartOf\":{\"@id\":\"https:\/\/www.cgtaragonlarioja.org\/fedens\/concurso-de-meritos-de-canarias-y-comisiones-de-servicio\/\"},\"author\":{\"name\":\"CGT Ense\u00f1anza Arag\u00f3n\",\"@id\":\"https:\/\/www.cgtaragonlarioja.org\/fedens\/#\/schema\/person\/f577cbf9ee1fb7519bfd883ac4f4032f\"},\"headline\":\"Concurso de m\u00e9ritos de Canarias y comisiones de servicio\",\"datePublished\":\"2024-12-19T13:11:02+00:00\",\"dateModified\":\"2024-12-20T08:19:54+00:00\",\"mainEntityOfPage\":{\"@id\":\"https:\/\/www.cgtaragonlarioja.org\/fedens\/concurso-de-meritos-de-canarias-y-comisiones-de-servicio\/\"},\"wordCount\":210,\"commentCount\":0,\"publisher\":{\"@id\":\"https:\/\/www.cgtaragonlarioja.org\/fedens\/#organization\"},\"image\":{\"@id\":\"https:\/\/www.cgtaragonlarioja.org\/fedens\/concurso-de-meritos-de-canarias-y-comisiones-de-servicio\/#primaryimage\"},\"thumbnailUrl\":\"https:\/\/www.cgtaragonlarioja.org\/fedens\/files\/2024\/12\/CANARIAS-2.png\",\"articleSection\":[\"Noticias\"],\"inLanguage\":\"es\",\"potentialAction\":[{\"@type\":\"CommentAction\",\"name\":\"Comment\",\"target\":[\"https:\/\/www.cgtaragonlarioja.org\/fedens\/concurso-de-meritos-de-canarias-y-comisiones-de-servicio\/#respond\"]}]},{\"@type\":\"WebPage\",\"@id\":\"https:\/\/www.cgtaragonlarioja.org\/fedens\/concurso-de-meritos-de-canarias-y-comisiones-de-servicio\/\",\"url\":\"https:\/\/www.cgtaragonlarioja.org\/fedens\/concurso-de-meritos-de-canarias-y-comisiones-de-servicio\/\",\"name\":\"Concurso de m\u00e9ritos de Canarias y comisiones de servicio\",\"isPartOf\":{\"@id\":\"https:\/\/www.cgtaragonlarioja.org\/fedens\/#website\"},\"primaryImageOfPage\":{\"@id\":\"https:\/\/www.cgtaragonlarioja.org\/fedens\/concurso-de-meritos-de-canarias-y-comisiones-de-servicio\/#primaryimage\"},\"image\":{\"@id\":\"https:\/\/www.cgtaragonlarioja.org\/fedens\/concurso-de-meritos-de-canarias-y-comisiones-de-servicio\/#primaryimage\"},\"thumbnailUrl\":\"https:\/\/www.cgtaragonlarioja.org\/fedens\/files\/2024\/12\/CANARIAS-2.png\",\"datePublished\":\"2024-12-19T13:11:02+00:00\",\"dateModified\":\"2024-12-20T08:19:54+00:00\",\"description\":\"Las personas que hayan obtenido plaza en el concurso dem\u00e9ritos de la Comunidad Canaria, ser\u00e1n nombrados a fecha 31 de diciembre de 2024 y se incorporar\u00e1n\",\"breadcrumb\":{\"@id\":\"https:\/\/www.cgtaragonlarioja.org\/fedens\/concurso-de-meritos-de-canarias-y-comisiones-de-servicio\/#breadcrumb\"},\"inLanguage\":\"es\",\"potentialAction\":[{\"@type\":\"ReadAction\",\"target\":[\"https:\/\/www.cgtaragonlarioja.org\/fedens\/concurso-de-meritos-de-canarias-y-comisiones-de-servicio\/\"]}]},{\"@type\":\"ImageObject\",\"inLanguage\":\"es\",\"@id\":\"https:\/\/www.cgtaragonlarioja.org\/fedens\/concurso-de-meritos-de-canarias-y-comisiones-de-servicio\/#primaryimage\",\"url\":\"https:\/\/www.cgtaragonlarioja.org\/fedens\/files\/2024\/12\/CANARIAS-2.png\",\"contentUrl\":\"https:\/\/www.cgtaragonlarioja.org\/fedens\/files\/2024\/12\/CANARIAS-2.png\",\"width\":1414,\"height\":2000},{\"@type\":\"BreadcrumbList\",\"@id\":\"https:\/\/www.cgtaragonlarioja.org\/fedens\/concurso-de-meritos-de-canarias-y-comisiones-de-servicio\/#breadcrumb\",\"itemListElement\":[{\"@type\":\"ListItem\",\"position\":1,\"name\":\"Portada\",\"item\":\"https:\/\/www.cgtaragonlarioja.org\/fedens\/\"},{\"@type\":\"ListItem\",\"position\":2,\"name\":\"Concurso de m\u00e9ritos de Canarias y comisiones de servicio\"}]},{\"@type\":\"WebSite\",\"@id\":\"https:\/\/www.cgtaragonlarioja.org\/fedens\/#website\",\"url\":\"https:\/\/www.cgtaragonlarioja.org\/fedens\/\",\"name\":\"CGT Arag\u00f3n - La Rioja. ENSE\u00d1ANZA\",\"description\":\"CONTACTAR: Calatayud-Aranda: 654897973 \/ Huesca: 974238404 \/ Teruel: 978619265 \/ Zaragoza: 976922002\",\"publisher\":{\"@id\":\"https:\/\/www.cgtaragonlarioja.org\/fedens\/#organization\"},\"potentialAction\":[{\"@type\":\"SearchAction\",\"target\":{\"@type\":\"EntryPoint\",\"urlTemplate\":\"https:\/\/www.cgtaragonlarioja.org\/fedens\/?s={search_term_string}\"},\"query-input\":{\"@type\":\"PropertyValueSpecification\",\"valueRequired\":true,\"valueName\":\"search_term_string\"}}],\"inLanguage\":\"es\"},{\"@type\":\"Organization\",\"@id\":\"https:\/\/www.cgtaragonlarioja.org\/fedens\/#organization\",\"name\":\"CGT Arag\u00f3n y La Rioja - Ense\u00f1anza\",\"url\":\"https:\/\/www.cgtaragonlarioja.org\/fedens\/\",\"logo\":{\"@type\":\"ImageObject\",\"inLanguage\":\"es\",\"@id\":\"https:\/\/www.cgtaragonlarioja.org\/fedens\/#\/schema\/logo\/image\/\",\"url\":\"https:\/\/www.cgtaragonlarioja.org\/fedens\/files\/2021\/02\/logo_cgt_ense_huesca_170x250.png\",\"contentUrl\":\"https:\/\/www.cgtaragonlarioja.org\/fedens\/files\/2021\/02\/logo_cgt_ense_huesca_170x250.png\",\"width\":170,\"height\":250,\"caption\":\"CGT Arag\u00f3n y La Rioja - Ense\u00f1anza\"},\"image\":{\"@id\":\"https:\/\/www.cgtaragonlarioja.org\/fedens\/#\/schema\/logo\/image\/\"},\"sameAs\":[\"https:\/\/www.facebook.com\/CGTEnseAragon\/\",\"https:\/\/x.com\/CGTeduAragon\"]},{\"@type\":\"Person\",\"@id\":\"https:\/\/www.cgtaragonlarioja.org\/fedens\/#\/schema\/person\/f577cbf9ee1fb7519bfd883ac4f4032f\",\"name\":\"CGT Ense\u00f1anza Arag\u00f3n\",\"image\":{\"@type\":\"ImageObject\",\"inLanguage\":\"es\",\"@id\":\"https:\/\/www.cgtaragonlarioja.org\/fedens\/#\/schema\/person\/image\/\",\"url\":\"https:\/\/secure.gravatar.com\/avatar\/6591cafae8da970274bd48ef06b7f86ae2c2ba705fb2cdafa9b5f7f48c95a765?s=96&d=mm&r=g\",\"contentUrl\":\"https:\/\/secure.gravatar.com\/avatar\/6591cafae8da970274bd48ef06b7f86ae2c2ba705fb2cdafa9b5f7f48c95a765?s=96&d=mm&r=g\",\"caption\":\"CGT Ense\u00f1anza Arag\u00f3n\"},\"url\":\"https:\/\/www.cgtaragonlarioja.org\/fedens\/author\/fasecgt\/\"}]}<\/script>\n<!-- \/ Yoast SEO plugin. -->","yoast_head_json":{"title":"Concurso de m\u00e9ritos de Canarias y comisiones de servicio","description":"Las personas que hayan obtenido plaza en el concurso dem\u00e9ritos de la Comunidad Canaria, ser\u00e1n nombrados a fecha 31 de diciembre de 2024 y se incorporar\u00e1n","robots":{"index":"index","follow":"follow","max-snippet":"max-snippet:-1","max-image-preview":"max-image-preview:large","max-video-preview":"max-video-preview:-1"},"canonical":"https:\/\/www.cgtaragonlarioja.org\/fedens\/concurso-de-meritos-de-canarias-y-comisiones-de-servicio\/","og_locale":"es_ES","og_type":"article","og_title":"Concurso de m\u00e9ritos de Canarias y comisiones de servicio","og_description":"Las personas que hayan obtenido plaza en el concurso dem\u00e9ritos de la Comunidad Canaria, ser\u00e1n nombrados a fecha 31 de diciembre de 2024 y se incorporar\u00e1n","og_url":"https:\/\/www.cgtaragonlarioja.org\/fedens\/concurso-de-meritos-de-canarias-y-comisiones-de-servicio\/","og_site_name":"CGT Arag\u00f3n - La Rioja. ENSE\u00d1ANZA","article_publisher":"https:\/\/www.facebook.com\/CGTEnseAragon\/","article_published_time":"2024-12-19T13:11:02+00:00","article_modified_time":"2024-12-20T08:19:54+00:00","og_image":[{"width":1414,"height":2000,"url":"https:\/\/www.cgtaragonlarioja.org\/fedens\/files\/2024\/12\/CANARIAS-2.png","type":"image\/png"}],"author":"CGT Ense\u00f1anza Arag\u00f3n","twitter_card":"summary_large_image","twitter_creator":"@CGTeduAragon","twitter_site":"@CGTeduAragon","twitter_misc":{"Escrito por":"CGT Ense\u00f1anza Arag\u00f3n","Tiempo de lectura":"2 minutos"},"schema":{"@context":"https:\/\/schema.org","@graph":[{"@type":"Article","@id":"https:\/\/www.cgtaragonlarioja.org\/fedens\/concurso-de-meritos-de-canarias-y-comisiones-de-servicio\/#article","isPartOf":{"@id":"https:\/\/www.cgtaragonlarioja.org\/fedens\/concurso-de-meritos-de-canarias-y-comisiones-de-servicio\/"},"author":{"name":"CGT Ense\u00f1anza Arag\u00f3n","@id":"https:\/\/www.cgtaragonlarioja.org\/fedens\/#\/schema\/person\/f577cbf9ee1fb7519bfd883ac4f4032f"},"headline":"Concurso de m\u00e9ritos de Canarias y comisiones de servicio","datePublished":"2024-12-19T13:11:02+00:00","dateModified":"2024-12-20T08:19:54+00:00","mainEntityOfPage":{"@id":"https:\/\/www.cgtaragonlarioja.org\/fedens\/concurso-de-meritos-de-canarias-y-comisiones-de-servicio\/"},"wordCount":210,"commentCount":0,"publisher":{"@id":"https:\/\/www.cgtaragonlarioja.org\/fedens\/#organization"},"image":{"@id":"https:\/\/www.cgtaragonlarioja.org\/fedens\/concurso-de-meritos-de-canarias-y-comisiones-de-servicio\/#primaryimage"},"thumbnailUrl":"https:\/\/www.cgtaragonlarioja.org\/fedens\/files\/2024\/12\/CANARIAS-2.png","articleSection":["Noticias"],"inLanguage":"es","potentialAction":[{"@type":"CommentAction","name":"Comment","target":["https:\/\/www.cgtaragonlarioja.org\/fedens\/concurso-de-meritos-de-canarias-y-comisiones-de-servicio\/#respond"]}]},{"@type":"WebPage","@id":"https:\/\/www.cgtaragonlarioja.org\/fedens\/concurso-de-meritos-de-canarias-y-comisiones-de-servicio\/","url":"https:\/\/www.cgtaragonlarioja.org\/fedens\/concurso-de-meritos-de-canarias-y-comisiones-de-servicio\/","name":"Concurso de m\u00e9ritos de Canarias y comisiones de servicio","isPartOf":{"@id":"https:\/\/www.cgtaragonlarioja.org\/fedens\/#website"},"primaryImageOfPage":{"@id":"https:\/\/www.cgtaragonlarioja.org\/fedens\/concurso-de-meritos-de-canarias-y-comisiones-de-servicio\/#primaryimage"},"image":{"@id":"https:\/\/www.cgtaragonlarioja.org\/fedens\/concurso-de-meritos-de-canarias-y-comisiones-de-servicio\/#primaryimage"},"thumbnailUrl":"https:\/\/www.cgtaragonlarioja.org\/fedens\/files\/2024\/12\/CANARIAS-2.png","datePublished":"2024-12-19T13:11:02+00:00","dateModified":"2024-12-20T08:19:54+00:00","description":"Las personas que hayan obtenido plaza en el concurso dem\u00e9ritos de la Comunidad Canaria, ser\u00e1n nombrados a fecha 31 de diciembre de 2024 y se incorporar\u00e1n","breadcrumb":{"@id":"https:\/\/www.cgtaragonlarioja.org\/fedens\/concurso-de-meritos-de-canarias-y-comisiones-de-servicio\/#breadcrumb"},"inLanguage":"es","potentialAction":[{"@type":"ReadAction","target":["https:\/\/www.cgtaragonlarioja.org\/fedens\/concurso-de-meritos-de-canarias-y-comisiones-de-servicio\/"]}]},{"@type":"ImageObject","inLanguage":"es","@id":"https:\/\/www.cgtaragonlarioja.org\/fedens\/concurso-de-meritos-de-canarias-y-comisiones-de-servicio\/#primaryimage","url":"https:\/\/www.cgtaragonlarioja.org\/fedens\/files\/2024\/12\/CANARIAS-2.png","contentUrl":"https:\/\/www.cgtaragonlarioja.org\/fedens\/files\/2024\/12\/CANARIAS-2.png","width":1414,"height":2000},{"@type":"BreadcrumbList","@id":"https:\/\/www.cgtaragonlarioja.org\/fedens\/concurso-de-meritos-de-canarias-y-comisiones-de-servicio\/#breadcrumb","itemListElement":[{"@type":"ListItem","position":1,"name":"Portada","item":"https:\/\/www.cgtaragonlarioja.org\/fedens\/"},{"@type":"ListItem","position":2,"name":"Concurso de m\u00e9ritos de Canarias y comisiones de servicio"}]},{"@type":"WebSite","@id":"https:\/\/www.cgtaragonlarioja.org\/fedens\/#website","url":"https:\/\/www.cgtaragonlarioja.org\/fedens\/","name":"CGT Arag\u00f3n - La Rioja. ENSE\u00d1ANZA","description":"CONTACTAR: Calatayud-Aranda: 654897973 \/ Huesca: 974238404 \/ Teruel: 978619265 \/ Zaragoza: 976922002","publisher":{"@id":"https:\/\/www.cgtaragonlarioja.org\/fedens\/#organization"},"potentialAction":[{"@type":"SearchAction","target":{"@type":"EntryPoint","urlTemplate":"https:\/\/www.cgtaragonlarioja.org\/fedens\/?s={search_term_string}"},"query-input":{"@type":"PropertyValueSpecification","valueRequired":true,"valueName":"search_term_string"}}],"inLanguage":"es"},{"@type":"Organization","@id":"https:\/\/www.cgtaragonlarioja.org\/fedens\/#organization","name":"CGT Arag\u00f3n y La Rioja - Ense\u00f1anza","url":"https:\/\/www.cgtaragonlarioja.org\/fedens\/","logo":{"@type":"ImageObject","inLanguage":"es","@id":"https:\/\/www.cgtaragonlarioja.org\/fedens\/#\/schema\/logo\/image\/","url":"https:\/\/www.cgtaragonlarioja.org\/fedens\/files\/2021\/02\/logo_cgt_ense_huesca_170x250.png","contentUrl":"https:\/\/www.cgtaragonlarioja.org\/fedens\/files\/2021\/02\/logo_cgt_ense_huesca_170x250.png","width":170,"height":250,"caption":"CGT Arag\u00f3n y La Rioja - Ense\u00f1anza"},"image":{"@id":"https:\/\/www.cgtaragonlarioja.org\/fedens\/#\/schema\/logo\/image\/"},"sameAs":["https:\/\/www.facebook.com\/CGTEnseAragon\/","https:\/\/x.com\/CGTeduAragon"]},{"@type":"Person","@id":"https:\/\/www.cgtaragonlarioja.org\/fedens\/#\/schema\/person\/f577cbf9ee1fb7519bfd883ac4f4032f","name":"CGT Ense\u00f1anza Arag\u00f3n","image":{"@type":"ImageObject","inLanguage":"es","@id":"https:\/\/www.cgtaragonlarioja.org\/fedens\/#\/schema\/person\/image\/","url":"https:\/\/secure.gravatar.com\/avatar\/6591cafae8da970274bd48ef06b7f86ae2c2ba705fb2cdafa9b5f7f48c95a765?s=96&d=mm&r=g","contentUrl":"https:\/\/secure.gravatar.com\/avatar\/6591cafae8da970274bd48ef06b7f86ae2c2ba705fb2cdafa9b5f7f48c95a765?s=96&d=mm&r=g","caption":"CGT Ense\u00f1anza Arag\u00f3n"},"url":"https:\/\/www.cgtaragonlarioja.org\/fedens\/author\/fasecgt\/"}]}},"_links":{"self":[{"href":"https:\/\/www.cgtaragonlarioja.org\/fedens\/wp-json\/wp\/v2\/posts\/19994","targetHints":{"allow":["GET"]}}],"collection":[{"href":"https:\/\/www.cgtaragonlarioja.org\/fedens\/wp-json\/wp\/v2\/posts"}],"about":[{"href":"https:\/\/www.cgtaragonlarioja.org\/fedens\/wp-json\/wp\/v2\/types\/post"}],"author":[{"embeddable":true,"href":"https:\/\/www.cgtaragonlarioja.org\/fedens\/wp-json\/wp\/v2\/users\/854"}],"replies":[{"embeddable":true,"href":"https:\/\/www.cgtaragonlarioja.org\/fedens\/wp-json\/wp\/v2\/comments?post=19994"}],"version-history":[{"count":3,"href":"https:\/\/www.cgtaragonlarioja.org\/fedens\/wp-json\/wp\/v2\/posts\/19994\/revisions"}],"predecessor-version":[{"id":19998,"href":"https:\/\/www.cgtaragonlarioja.org\/fedens\/wp-json\/wp\/v2\/posts\/19994\/revisions\/19998"}],"wp:featuredmedia":[{"embeddable":true,"href":"https:\/\/www.cgtaragonlarioja.org\/fedens\/wp-json\/wp\/v2\/media\/19995"}],"wp:attachment":[{"href":"https:\/\/www.cgtaragonlarioja.org\/fedens\/wp-json\/wp\/v2\/media?parent=19994"}],"wp:term":[{"taxonomy":"category","embeddable":true,"href":"https:\/\/www.cgtaragonlarioja.org\/fedens\/wp-json\/wp\/v2\/categories?post=19994"},{"taxonomy":"post_tag","embeddable":true,"href":"https:\/\/www.cgtaragonlarioja.org\/fedens\/wp-json\/wp\/v2\/tags?post=19994"}],"curies":[{"name":"wp","href":"https:\/\/api.w.org\/{rel}","templated":true}]}}