{"id":19703,"date":"2024-10-23T19:09:38","date_gmt":"2024-10-23T17:09:38","guid":{"rendered":"https:\/\/www.cgtaragonlarioja.org\/fedens\/?p=19703"},"modified":"2024-10-28T12:01:23","modified_gmt":"2024-10-28T11:01:23","slug":"los-paros-en-educacion-afectan-cada-vez-a-mas-centros","status":"publish","type":"post","link":"https:\/\/www.cgtaragonlarioja.org\/fedens\/los-paros-en-educacion-afectan-cada-vez-a-mas-centros\/","title":{"rendered":"LOS PAROS EN EDUCACI\u00d3N AFECTAN CADA VEZ A M\u00c1S CENTROS"},"content":{"rendered":"<p><em>CGT, CCOO, STEA y UGT, con un 75% de la representaci\u00f3n del profesorado de Arag\u00f3n, celebran que la movilizaci\u00f3n de la comunidad educativa sigue creciendo en los paros convocados en la ense\u00f1anza p\u00fablica aragonesa, paros que tendr\u00e1n continuidad el 30 de octubre.<\/em><\/p>\n<p>El pasado mi\u00e9rcoles 23 de octubre la escuela p\u00fablica aragonesa volvi\u00f3 a rechazar los recortes de profesorado en este inicio de curso; las organizaciones sindicales convocantes, valoran como un \u00e9xito la jornada y esperan una repuesta de la administraci\u00f3n para abrir una negociaci\u00f3n que lleve m\u00e1s profesorado a las aulas aragonesas.<\/p>\n<p>Los paros, que se prolongar\u00e1n el mi\u00e9rcoles 30 de octubre, se realizan la primera hora lectiva en las etapas de infantil y primaria, de 10:30 a 11:30 en la etapa secundaria, y de 17 a 18 horas en las ense\u00f1anzas con horario vespertino, en los Centros Integrados, todo el profesorado, para en el horario de infantil y primaria.<\/p>\n<p>Los motivos de estas jornadas de paros son la p\u00e9rdida de horas lectivas sufridas en much\u00edsimos centros, derivadas de varias causas: un recorte general de horas (que ha afectado de manera diferente a centros y etapas), no cubrir la gran mayor\u00eda de horas de reducci\u00f3n por mayores de 55 a\u00f1os ni gran parte del cupo que genera la reducci\u00f3n del horario lectivo en secundaria a 18 horas, y la no contrataci\u00f3n del profesorado de infantil y primaria generado por la reducci\u00f3n del horario lectivo a 24 horas, ya que esa reducci\u00f3n, en la pr\u00e1ctica, no se produce.<\/p>\n<p>Esta situaci\u00f3n merma, la calidad de la ense\u00f1anza que los centros pueden ofrecer, as\u00ed como los refuerzos, actividades y apoyos en general, que se pueden realizar.<\/p>\n<p>Desde las organizaciones sindicales se\u00f1alamos que los paros han alterado el normal funcionamiento de la inmensa mayor\u00eda de centros, habiendo gran seguimiento en muchos centros de los que ya podemos citar al CEIP Pedro Or\u00f3s de Movera, CEIP Arag\u00f3n de Alag\u00f3n, CEIP Ferrer y Recaj de Ejea, el CEIP San Juan de la Pe\u00f1a de Jaca, el CEIP Brianda de Luna de Alfajar\u00edn, o los zaragozanos CPI Arcosur, CPI Ana Mar\u00eda Navales, CEIP La Almozara, CEIP Basilio Paraiso, CEIP Marie Curie, CEIP Jer\u00f3nimo Blancas, CEIP Aljafer\u00eda, CEIP Sainz de Varanda, CEIP Hispanidad o CEIP Puerta Sancho, por citar unos pocos de los que ya tenemos noticias.<\/p>\n<p>Estas jornadas de lucha est\u00e1n apoyadas por muchas organizaciones, entre las que se incluyen, FAPAR, asociaci\u00f3n representante de las familias de la escuela p\u00fablica de Arag\u00f3n, y las asociaciones de equipos directivos tanto de centros de infantil y primaria como de centros de secundaria, y desde las organizaciones sindicales animan a la comunidad educativa a que apoyen y participen en los pr\u00f3ximos paros ya que lo que se demanda es \u201cm\u00e1s profesorado para mejorar la calidad educativa\u201d.<\/p>\n<p>Aqu\u00ed ten\u00e9is algunas noticias al respecto y un v\u00eddeo que refleja la implicaci\u00f3n de la comunidad educativa.<\/p>\n<p><a href=\"https:\/\/www.heraldo.es\/noticias\/aragon\/2024\/10\/23\/segunda-jornada-paros-escuela-publica-aragon-maestros-luchando-maestros-educando-1772048.html?autoplay\">Heraldo de Arag\u00f3n<\/a><\/p>\n<p><a href=\"https:\/\/www.elperiodicodearagon.com\/aragon\/2024\/10\/23\/segunda-jornada-paros-educacion-aragon-110163761.html\">El Peri\u00f3dico de Arag\u00f3n<\/a><\/p>\n<p><a href=\"https:\/\/arainfo.org\/los-paros-en-defensa-de-la-educacion-publica-se-extienden-a-mas-centros\/\">Arainfo<\/a><\/p>\n<div style=\"width: 640px;\" class=\"wp-video\"><video class=\"wp-video-shortcode\" id=\"video-19703-1\" width=\"640\" height=\"1138\" preload=\"metadata\" controls=\"controls\"><source type=\"video\/mp4\" src=\"https:\/\/www.cgtaragonlarioja.org\/fedens\/files\/2024\/10\/23-DE-OCTUBRE.mp4?_=1\" \/><a href=\"https:\/\/www.cgtaragonlarioja.org\/fedens\/files\/2024\/10\/23-DE-OCTUBRE.mp4\">https:\/\/www.cgtaragonlarioja.org\/fedens\/files\/2024\/10\/23-DE-OCTUBRE.mp4<\/a><\/video><\/div>\n","protected":false},"excerpt":{"rendered":"<p>CGT, CCOO, STEA y UGT, con un 75% de la representaci\u00f3n del profesorado de Arag\u00f3n,<\/p>\n","protected":false},"author":486,"featured_media":19704,"comment_status":"open","ping_status":"open","sticky":false,"template":"","format":"standard","meta":{"footnotes":""},"categories":[702,480],"tags":[],"class_list":["post-19703","post","type-post","status-publish","format-standard","has-post-thumbnail","hentry","category-movilizaciones","category-noticias"],"yoast_head":"<!-- This site is optimized with the Yoast SEO plugin v26.7 - https:\/\/yoast.com\/wordpress\/plugins\/seo\/ -->\n<title>LOS PAROS EN EDUCACI\u00d3N AFECTAN CADA VEZ A M\u00c1S CENTROS<\/title>\n<meta name=\"description\" content=\"CGT, CCOO, STEA y UGT, con un 75% de la representaci\u00f3n del profesorado de Arag\u00f3n, celebran que la movilizaci\u00f3n de la comunidad educativa sigue creciendo\" \/>\n<meta name=\"robots\" content=\"index, follow, max-snippet:-1, max-image-preview:large, max-video-preview:-1\" \/>\n<link rel=\"canonical\" href=\"https:\/\/www.cgtaragonlarioja.org\/fedens\/los-paros-en-educacion-afectan-cada-vez-a-mas-centros\/\" \/>\n<meta property=\"og:locale\" content=\"es_ES\" \/>\n<meta property=\"og:type\" content=\"article\" \/>\n<meta property=\"og:title\" content=\"LOS PAROS EN EDUCACI\u00d3N AFECTAN CADA VEZ A M\u00c1S CENTROS\" \/>\n<meta property=\"og:description\" content=\"CGT, CCOO, STEA y UGT, con un 75% de la representaci\u00f3n del profesorado de Arag\u00f3n, celebran que la movilizaci\u00f3n de la comunidad educativa sigue creciendo\" \/>\n<meta property=\"og:url\" content=\"https:\/\/www.cgtaragonlarioja.org\/fedens\/los-paros-en-educacion-afectan-cada-vez-a-mas-centros\/\" \/>\n<meta property=\"og:site_name\" content=\"CGT Arag\u00f3n - La Rioja. ENSE\u00d1ANZA\" \/>\n<meta property=\"article:publisher\" content=\"https:\/\/www.facebook.com\/CGTEnseAragon\/\" \/>\n<meta property=\"article:published_time\" content=\"2024-10-23T17:09:38+00:00\" \/>\n<meta property=\"article:modified_time\" content=\"2024-10-28T11:01:23+00:00\" \/>\n<meta property=\"og:image\" content=\"https:\/\/www.cgtaragonlarioja.org\/fedens\/files\/2024\/10\/zurita-1024x594-1.jpg\" \/>\n\t<meta property=\"og:image:width\" content=\"1024\" \/>\n\t<meta property=\"og:image:height\" content=\"594\" \/>\n\t<meta property=\"og:image:type\" content=\"image\/jpeg\" \/>\n<meta name=\"author\" content=\"kike\" \/>\n<meta name=\"twitter:card\" content=\"summary_large_image\" \/>\n<meta name=\"twitter:creator\" content=\"@CGTeduAragon\" \/>\n<meta name=\"twitter:site\" content=\"@CGTeduAragon\" \/>\n<meta name=\"twitter:label1\" content=\"Escrito por\" \/>\n\t<meta name=\"twitter:data1\" content=\"kike\" \/>\n\t<meta name=\"twitter:label2\" content=\"Tiempo de lectura\" \/>\n\t<meta name=\"twitter:data2\" content=\"3 minutos\" \/>\n<script type=\"application\/ld+json\" class=\"yoast-schema-graph\">{\"@context\":\"https:\/\/schema.org\",\"@graph\":[{\"@type\":\"Article\",\"@id\":\"https:\/\/www.cgtaragonlarioja.org\/fedens\/los-paros-en-educacion-afectan-cada-vez-a-mas-centros\/#article\",\"isPartOf\":{\"@id\":\"https:\/\/www.cgtaragonlarioja.org\/fedens\/los-paros-en-educacion-afectan-cada-vez-a-mas-centros\/\"},\"author\":{\"name\":\"kike\",\"@id\":\"https:\/\/www.cgtaragonlarioja.org\/fedens\/#\/schema\/person\/dfa7d1616615d62a6d79c9593aa09fc3\"},\"headline\":\"LOS PAROS EN EDUCACI\u00d3N AFECTAN CADA VEZ A M\u00c1S CENTROS\",\"datePublished\":\"2024-10-23T17:09:38+00:00\",\"dateModified\":\"2024-10-28T11:01:23+00:00\",\"mainEntityOfPage\":{\"@id\":\"https:\/\/www.cgtaragonlarioja.org\/fedens\/los-paros-en-educacion-afectan-cada-vez-a-mas-centros\/\"},\"wordCount\":544,\"commentCount\":0,\"publisher\":{\"@id\":\"https:\/\/www.cgtaragonlarioja.org\/fedens\/#organization\"},\"image\":{\"@id\":\"https:\/\/www.cgtaragonlarioja.org\/fedens\/los-paros-en-educacion-afectan-cada-vez-a-mas-centros\/#primaryimage\"},\"thumbnailUrl\":\"https:\/\/www.cgtaragonlarioja.org\/fedens\/files\/2024\/10\/zurita-1024x594-1.jpg\",\"articleSection\":[\"Movilizaciones\",\"Noticias\"],\"inLanguage\":\"es\",\"potentialAction\":[{\"@type\":\"CommentAction\",\"name\":\"Comment\",\"target\":[\"https:\/\/www.cgtaragonlarioja.org\/fedens\/los-paros-en-educacion-afectan-cada-vez-a-mas-centros\/#respond\"]}]},{\"@type\":\"WebPage\",\"@id\":\"https:\/\/www.cgtaragonlarioja.org\/fedens\/los-paros-en-educacion-afectan-cada-vez-a-mas-centros\/\",\"url\":\"https:\/\/www.cgtaragonlarioja.org\/fedens\/los-paros-en-educacion-afectan-cada-vez-a-mas-centros\/\",\"name\":\"LOS PAROS EN EDUCACI\u00d3N AFECTAN CADA VEZ A M\u00c1S CENTROS\",\"isPartOf\":{\"@id\":\"https:\/\/www.cgtaragonlarioja.org\/fedens\/#website\"},\"primaryImageOfPage\":{\"@id\":\"https:\/\/www.cgtaragonlarioja.org\/fedens\/los-paros-en-educacion-afectan-cada-vez-a-mas-centros\/#primaryimage\"},\"image\":{\"@id\":\"https:\/\/www.cgtaragonlarioja.org\/fedens\/los-paros-en-educacion-afectan-cada-vez-a-mas-centros\/#primaryimage\"},\"thumbnailUrl\":\"https:\/\/www.cgtaragonlarioja.org\/fedens\/files\/2024\/10\/zurita-1024x594-1.jpg\",\"datePublished\":\"2024-10-23T17:09:38+00:00\",\"dateModified\":\"2024-10-28T11:01:23+00:00\",\"description\":\"CGT, CCOO, STEA y UGT, con un 75% de la representaci\u00f3n del profesorado de Arag\u00f3n, celebran que la movilizaci\u00f3n de la comunidad educativa sigue creciendo\",\"breadcrumb\":{\"@id\":\"https:\/\/www.cgtaragonlarioja.org\/fedens\/los-paros-en-educacion-afectan-cada-vez-a-mas-centros\/#breadcrumb\"},\"inLanguage\":\"es\",\"potentialAction\":[{\"@type\":\"ReadAction\",\"target\":[\"https:\/\/www.cgtaragonlarioja.org\/fedens\/los-paros-en-educacion-afectan-cada-vez-a-mas-centros\/\"]}]},{\"@type\":\"ImageObject\",\"inLanguage\":\"es\",\"@id\":\"https:\/\/www.cgtaragonlarioja.org\/fedens\/los-paros-en-educacion-afectan-cada-vez-a-mas-centros\/#primaryimage\",\"url\":\"https:\/\/www.cgtaragonlarioja.org\/fedens\/files\/2024\/10\/zurita-1024x594-1.jpg\",\"contentUrl\":\"https:\/\/www.cgtaragonlarioja.org\/fedens\/files\/2024\/10\/zurita-1024x594-1.jpg\",\"width\":1024,\"height\":594},{\"@type\":\"BreadcrumbList\",\"@id\":\"https:\/\/www.cgtaragonlarioja.org\/fedens\/los-paros-en-educacion-afectan-cada-vez-a-mas-centros\/#breadcrumb\",\"itemListElement\":[{\"@type\":\"ListItem\",\"position\":1,\"name\":\"Portada\",\"item\":\"https:\/\/www.cgtaragonlarioja.org\/fedens\/\"},{\"@type\":\"ListItem\",\"position\":2,\"name\":\"LOS PAROS EN EDUCACI\u00d3N AFECTAN CADA VEZ A M\u00c1S CENTROS\"}]},{\"@type\":\"WebSite\",\"@id\":\"https:\/\/www.cgtaragonlarioja.org\/fedens\/#website\",\"url\":\"https:\/\/www.cgtaragonlarioja.org\/fedens\/\",\"name\":\"CGT Arag\u00f3n - La Rioja. ENSE\u00d1ANZA\",\"description\":\"CONTACTAR: Calatayud-Aranda: 654897973 \/ Huesca: 974238404 \/ Teruel: 978619265 \/ Zaragoza: 976922002\",\"publisher\":{\"@id\":\"https:\/\/www.cgtaragonlarioja.org\/fedens\/#organization\"},\"potentialAction\":[{\"@type\":\"SearchAction\",\"target\":{\"@type\":\"EntryPoint\",\"urlTemplate\":\"https:\/\/www.cgtaragonlarioja.org\/fedens\/?s={search_term_string}\"},\"query-input\":{\"@type\":\"PropertyValueSpecification\",\"valueRequired\":true,\"valueName\":\"search_term_string\"}}],\"inLanguage\":\"es\"},{\"@type\":\"Organization\",\"@id\":\"https:\/\/www.cgtaragonlarioja.org\/fedens\/#organization\",\"name\":\"CGT Arag\u00f3n y La Rioja - Ense\u00f1anza\",\"url\":\"https:\/\/www.cgtaragonlarioja.org\/fedens\/\",\"logo\":{\"@type\":\"ImageObject\",\"inLanguage\":\"es\",\"@id\":\"https:\/\/www.cgtaragonlarioja.org\/fedens\/#\/schema\/logo\/image\/\",\"url\":\"https:\/\/www.cgtaragonlarioja.org\/fedens\/files\/2021\/02\/logo_cgt_ense_huesca_170x250.png\",\"contentUrl\":\"https:\/\/www.cgtaragonlarioja.org\/fedens\/files\/2021\/02\/logo_cgt_ense_huesca_170x250.png\",\"width\":170,\"height\":250,\"caption\":\"CGT Arag\u00f3n y La Rioja - Ense\u00f1anza\"},\"image\":{\"@id\":\"https:\/\/www.cgtaragonlarioja.org\/fedens\/#\/schema\/logo\/image\/\"},\"sameAs\":[\"https:\/\/www.facebook.com\/CGTEnseAragon\/\",\"https:\/\/x.com\/CGTeduAragon\"]},{\"@type\":\"Person\",\"@id\":\"https:\/\/www.cgtaragonlarioja.org\/fedens\/#\/schema\/person\/dfa7d1616615d62a6d79c9593aa09fc3\",\"name\":\"kike\",\"image\":{\"@type\":\"ImageObject\",\"inLanguage\":\"es\",\"@id\":\"https:\/\/www.cgtaragonlarioja.org\/fedens\/#\/schema\/person\/image\/\",\"url\":\"https:\/\/secure.gravatar.com\/avatar\/f1c0788a733c3717c5f8c071e064a9c188df22c90b22388027f4ed27abaa4f3b?s=96&d=mm&r=g\",\"contentUrl\":\"https:\/\/secure.gravatar.com\/avatar\/f1c0788a733c3717c5f8c071e064a9c188df22c90b22388027f4ed27abaa4f3b?s=96&d=mm&r=g\",\"caption\":\"kike\"},\"url\":\"https:\/\/www.cgtaragonlarioja.org\/fedens\/author\/kike\/\"}]}<\/script>\n<!-- \/ Yoast SEO plugin. -->","yoast_head_json":{"title":"LOS PAROS EN EDUCACI\u00d3N AFECTAN CADA VEZ A M\u00c1S CENTROS","description":"CGT, CCOO, STEA y UGT, con un 75% de la representaci\u00f3n del profesorado de Arag\u00f3n, celebran que la movilizaci\u00f3n de la comunidad educativa sigue creciendo","robots":{"index":"index","follow":"follow","max-snippet":"max-snippet:-1","max-image-preview":"max-image-preview:large","max-video-preview":"max-video-preview:-1"},"canonical":"https:\/\/www.cgtaragonlarioja.org\/fedens\/los-paros-en-educacion-afectan-cada-vez-a-mas-centros\/","og_locale":"es_ES","og_type":"article","og_title":"LOS PAROS EN EDUCACI\u00d3N AFECTAN CADA VEZ A M\u00c1S CENTROS","og_description":"CGT, CCOO, STEA y UGT, con un 75% de la representaci\u00f3n del profesorado de Arag\u00f3n, celebran que la movilizaci\u00f3n de la comunidad educativa sigue creciendo","og_url":"https:\/\/www.cgtaragonlarioja.org\/fedens\/los-paros-en-educacion-afectan-cada-vez-a-mas-centros\/","og_site_name":"CGT Arag\u00f3n - La Rioja. ENSE\u00d1ANZA","article_publisher":"https:\/\/www.facebook.com\/CGTEnseAragon\/","article_published_time":"2024-10-23T17:09:38+00:00","article_modified_time":"2024-10-28T11:01:23+00:00","og_image":[{"width":1024,"height":594,"url":"https:\/\/www.cgtaragonlarioja.org\/fedens\/files\/2024\/10\/zurita-1024x594-1.jpg","type":"image\/jpeg"}],"author":"kike","twitter_card":"summary_large_image","twitter_creator":"@CGTeduAragon","twitter_site":"@CGTeduAragon","twitter_misc":{"Escrito por":"kike","Tiempo de lectura":"3 minutos"},"schema":{"@context":"https:\/\/schema.org","@graph":[{"@type":"Article","@id":"https:\/\/www.cgtaragonlarioja.org\/fedens\/los-paros-en-educacion-afectan-cada-vez-a-mas-centros\/#article","isPartOf":{"@id":"https:\/\/www.cgtaragonlarioja.org\/fedens\/los-paros-en-educacion-afectan-cada-vez-a-mas-centros\/"},"author":{"name":"kike","@id":"https:\/\/www.cgtaragonlarioja.org\/fedens\/#\/schema\/person\/dfa7d1616615d62a6d79c9593aa09fc3"},"headline":"LOS PAROS EN EDUCACI\u00d3N AFECTAN CADA VEZ A M\u00c1S CENTROS","datePublished":"2024-10-23T17:09:38+00:00","dateModified":"2024-10-28T11:01:23+00:00","mainEntityOfPage":{"@id":"https:\/\/www.cgtaragonlarioja.org\/fedens\/los-paros-en-educacion-afectan-cada-vez-a-mas-centros\/"},"wordCount":544,"commentCount":0,"publisher":{"@id":"https:\/\/www.cgtaragonlarioja.org\/fedens\/#organization"},"image":{"@id":"https:\/\/www.cgtaragonlarioja.org\/fedens\/los-paros-en-educacion-afectan-cada-vez-a-mas-centros\/#primaryimage"},"thumbnailUrl":"https:\/\/www.cgtaragonlarioja.org\/fedens\/files\/2024\/10\/zurita-1024x594-1.jpg","articleSection":["Movilizaciones","Noticias"],"inLanguage":"es","potentialAction":[{"@type":"CommentAction","name":"Comment","target":["https:\/\/www.cgtaragonlarioja.org\/fedens\/los-paros-en-educacion-afectan-cada-vez-a-mas-centros\/#respond"]}]},{"@type":"WebPage","@id":"https:\/\/www.cgtaragonlarioja.org\/fedens\/los-paros-en-educacion-afectan-cada-vez-a-mas-centros\/","url":"https:\/\/www.cgtaragonlarioja.org\/fedens\/los-paros-en-educacion-afectan-cada-vez-a-mas-centros\/","name":"LOS PAROS EN EDUCACI\u00d3N AFECTAN CADA VEZ A M\u00c1S CENTROS","isPartOf":{"@id":"https:\/\/www.cgtaragonlarioja.org\/fedens\/#website"},"primaryImageOfPage":{"@id":"https:\/\/www.cgtaragonlarioja.org\/fedens\/los-paros-en-educacion-afectan-cada-vez-a-mas-centros\/#primaryimage"},"image":{"@id":"https:\/\/www.cgtaragonlarioja.org\/fedens\/los-paros-en-educacion-afectan-cada-vez-a-mas-centros\/#primaryimage"},"thumbnailUrl":"https:\/\/www.cgtaragonlarioja.org\/fedens\/files\/2024\/10\/zurita-1024x594-1.jpg","datePublished":"2024-10-23T17:09:38+00:00","dateModified":"2024-10-28T11:01:23+00:00","description":"CGT, CCOO, STEA y UGT, con un 75% de la representaci\u00f3n del profesorado de Arag\u00f3n, celebran que la movilizaci\u00f3n de la comunidad educativa sigue creciendo","breadcrumb":{"@id":"https:\/\/www.cgtaragonlarioja.org\/fedens\/los-paros-en-educacion-afectan-cada-vez-a-mas-centros\/#breadcrumb"},"inLanguage":"es","potentialAction":[{"@type":"ReadAction","target":["https:\/\/www.cgtaragonlarioja.org\/fedens\/los-paros-en-educacion-afectan-cada-vez-a-mas-centros\/"]}]},{"@type":"ImageObject","inLanguage":"es","@id":"https:\/\/www.cgtaragonlarioja.org\/fedens\/los-paros-en-educacion-afectan-cada-vez-a-mas-centros\/#primaryimage","url":"https:\/\/www.cgtaragonlarioja.org\/fedens\/files\/2024\/10\/zurita-1024x594-1.jpg","contentUrl":"https:\/\/www.cgtaragonlarioja.org\/fedens\/files\/2024\/10\/zurita-1024x594-1.jpg","width":1024,"height":594},{"@type":"BreadcrumbList","@id":"https:\/\/www.cgtaragonlarioja.org\/fedens\/los-paros-en-educacion-afectan-cada-vez-a-mas-centros\/#breadcrumb","itemListElement":[{"@type":"ListItem","position":1,"name":"Portada","item":"https:\/\/www.cgtaragonlarioja.org\/fedens\/"},{"@type":"ListItem","position":2,"name":"LOS PAROS EN EDUCACI\u00d3N AFECTAN CADA VEZ A M\u00c1S CENTROS"}]},{"@type":"WebSite","@id":"https:\/\/www.cgtaragonlarioja.org\/fedens\/#website","url":"https:\/\/www.cgtaragonlarioja.org\/fedens\/","name":"CGT Arag\u00f3n - La Rioja. ENSE\u00d1ANZA","description":"CONTACTAR: Calatayud-Aranda: 654897973 \/ Huesca: 974238404 \/ Teruel: 978619265 \/ Zaragoza: 976922002","publisher":{"@id":"https:\/\/www.cgtaragonlarioja.org\/fedens\/#organization"},"potentialAction":[{"@type":"SearchAction","target":{"@type":"EntryPoint","urlTemplate":"https:\/\/www.cgtaragonlarioja.org\/fedens\/?s={search_term_string}"},"query-input":{"@type":"PropertyValueSpecification","valueRequired":true,"valueName":"search_term_string"}}],"inLanguage":"es"},{"@type":"Organization","@id":"https:\/\/www.cgtaragonlarioja.org\/fedens\/#organization","name":"CGT Arag\u00f3n y La Rioja - Ense\u00f1anza","url":"https:\/\/www.cgtaragonlarioja.org\/fedens\/","logo":{"@type":"ImageObject","inLanguage":"es","@id":"https:\/\/www.cgtaragonlarioja.org\/fedens\/#\/schema\/logo\/image\/","url":"https:\/\/www.cgtaragonlarioja.org\/fedens\/files\/2021\/02\/logo_cgt_ense_huesca_170x250.png","contentUrl":"https:\/\/www.cgtaragonlarioja.org\/fedens\/files\/2021\/02\/logo_cgt_ense_huesca_170x250.png","width":170,"height":250,"caption":"CGT Arag\u00f3n y La Rioja - Ense\u00f1anza"},"image":{"@id":"https:\/\/www.cgtaragonlarioja.org\/fedens\/#\/schema\/logo\/image\/"},"sameAs":["https:\/\/www.facebook.com\/CGTEnseAragon\/","https:\/\/x.com\/CGTeduAragon"]},{"@type":"Person","@id":"https:\/\/www.cgtaragonlarioja.org\/fedens\/#\/schema\/person\/dfa7d1616615d62a6d79c9593aa09fc3","name":"kike","image":{"@type":"ImageObject","inLanguage":"es","@id":"https:\/\/www.cgtaragonlarioja.org\/fedens\/#\/schema\/person\/image\/","url":"https:\/\/secure.gravatar.com\/avatar\/f1c0788a733c3717c5f8c071e064a9c188df22c90b22388027f4ed27abaa4f3b?s=96&d=mm&r=g","contentUrl":"https:\/\/secure.gravatar.com\/avatar\/f1c0788a733c3717c5f8c071e064a9c188df22c90b22388027f4ed27abaa4f3b?s=96&d=mm&r=g","caption":"kike"},"url":"https:\/\/www.cgtaragonlarioja.org\/fedens\/author\/kike\/"}]}},"_links":{"self":[{"href":"https:\/\/www.cgtaragonlarioja.org\/fedens\/wp-json\/wp\/v2\/posts\/19703","targetHints":{"allow":["GET"]}}],"collection":[{"href":"https:\/\/www.cgtaragonlarioja.org\/fedens\/wp-json\/wp\/v2\/posts"}],"about":[{"href":"https:\/\/www.cgtaragonlarioja.org\/fedens\/wp-json\/wp\/v2\/types\/post"}],"author":[{"embeddable":true,"href":"https:\/\/www.cgtaragonlarioja.org\/fedens\/wp-json\/wp\/v2\/users\/486"}],"replies":[{"embeddable":true,"href":"https:\/\/www.cgtaragonlarioja.org\/fedens\/wp-json\/wp\/v2\/comments?post=19703"}],"version-history":[{"count":4,"href":"https:\/\/www.cgtaragonlarioja.org\/fedens\/wp-json\/wp\/v2\/posts\/19703\/revisions"}],"predecessor-version":[{"id":19737,"href":"https:\/\/www.cgtaragonlarioja.org\/fedens\/wp-json\/wp\/v2\/posts\/19703\/revisions\/19737"}],"wp:featuredmedia":[{"embeddable":true,"href":"https:\/\/www.cgtaragonlarioja.org\/fedens\/wp-json\/wp\/v2\/media\/19704"}],"wp:attachment":[{"href":"https:\/\/www.cgtaragonlarioja.org\/fedens\/wp-json\/wp\/v2\/media?parent=19703"}],"wp:term":[{"taxonomy":"category","embeddable":true,"href":"https:\/\/www.cgtaragonlarioja.org\/fedens\/wp-json\/wp\/v2\/categories?post=19703"},{"taxonomy":"post_tag","embeddable":true,"href":"https:\/\/www.cgtaragonlarioja.org\/fedens\/wp-json\/wp\/v2\/tags?post=19703"}],"curies":[{"name":"wp","href":"https:\/\/api.w.org\/{rel}","templated":true}]}}