{"id":19317,"date":"2025-07-16T17:41:16","date_gmt":"2025-07-16T15:41:16","guid":{"rendered":"https:\/\/www.cgtaragonlarioja.org\/fedens\/?p=19317"},"modified":"2025-07-16T17:45:12","modified_gmt":"2025-07-16T15:45:12","slug":"he-conseguido-plaza-y-ahora-que-oposiciones-2025","status":"publish","type":"post","link":"https:\/\/www.cgtaragonlarioja.org\/fedens\/he-conseguido-plaza-y-ahora-que-oposiciones-2025\/","title":{"rendered":"He conseguido plaza, \u00bfy ahora qu\u00e9?. Oposiciones 2025"},"content":{"rendered":"<p style=\"text-align: left\"><span style=\"font-weight: 400\">Una vez finalizado el proceso de oposiciones, comienza el tr\u00e1mite de entregar documentaci\u00f3n, est\u00e1 en el punto 9.4 de la convocatoria.\u00a0<\/span><\/p>\n<p style=\"text-align: left\"><strong>9.4. Presentaci\u00f3n de documentos por quienes hayan superado los procedimientos selectivos.<\/strong><br \/>\nEn 10 d\u00edas h\u00e1biles a contar desde el d\u00eda siguiente a la fecha de publicaci\u00f3n de las listas a que se refiere la base 9.3.4 <em><span style=\"color: #ff0000\">(en principio se publican el 17 de julio<\/span> <span style=\"color: #ff0000\">en PADDOC, en https:\/\/educa.aragon.es<\/span>)<\/em>, el personal aspirante seleccionado deber\u00e1 presentar ante los Servicios Provinciales de Educaci\u00f3n donde se hayan realizado los procesos de selecci\u00f3n los documentos que se indican a continuaci\u00f3n. Se presentar\u00e1n los originales y no copias de la documentaci\u00f3n, y se har\u00e1 en el mismo orden en que aparece detallado en la hoja de alegaci\u00f3n de m\u00e9ritos, que se puede obtener accediendo a PADDOC en el aparatado de solicitudes, concretamente en el de \u201cresumen de la solicitud\u201d.<br \/>\nA) T\u00edtulo exigido para el ingreso en el Cuerpo, certificaci\u00f3n acad\u00e9mica que acredite haber realizado todos los estudios para la obtenci\u00f3n del t\u00edtulo y haber abonado las tasas de expedici\u00f3n del mismo o documento que acredite el pago de las tasas de expedici\u00f3n del t\u00edtulo.<br \/>\nB) Titulaci\u00f3n que acredite la formaci\u00f3n pedag\u00f3gica y did\u00e1ctica o documento que acredite la exenci\u00f3n.<br \/>\nC) DNI o, en el caso de tener origen extranjero, la identificaci\u00f3n correspondiente.<br \/>\nD) Quienes no posean la nacionalidad espa\u00f1ola, y su idioma oficial no sea el castellano, en caso de estar exentos de la prueba de acreditaci\u00f3n de castellano, documento que acredite la exenci\u00f3n.<br \/>\nE) Quienes tengan reconocido alg\u00fan grado de discapacidad y hayan hecho valer su condici\u00f3n de persona con discapacidad, tanto en el caso de participar por el turno de reserva de discapacidad como por cualquier otro, deber\u00e1n presentar:<\/p>\n<ul>\n<li style=\"text-align: left\">Certificaci\u00f3n emitida por los \u00f3rganos competentes en servicios sociales que acredite su condici\u00f3n y grado de discapacidad.<\/li>\n<li style=\"text-align: left\">Informe t\u00e9cnico de compatibilidad cuya fecha de emisi\u00f3n ha de ser posterior al 1 de enero de 2022, expedido por el \u00f3rgano competente del IASS o equivalente en otras CCAA, en el que se acredite la capacidad funcional para el desempe\u00f1o de las competencias generales propias del Cuerpo y especialidad a que se opte.<\/li>\n<li style=\"text-align: left\">Certificado en el que consten las adaptaciones solicitadas.<\/li>\n<\/ul>\n<p style=\"text-align: left\">F) Quienes hayan hecho valer su condici\u00f3n de v\u00edctimas de terrorismo, deber\u00e1n presentar certificado acreditativo emitido por el Ministerio del Interior.<br \/>\nG) Quienes hayan hecho valer su condici\u00f3n de personas transexuales, deber\u00e1n presentar declaraci\u00f3n jurada notarial en la que se haga constar que se identifican con un g\u00e9nero diferente al que se les asign\u00f3 al nacer.<br \/>\nH) Quienes hayan hecho valer su condici\u00f3n de mujeres v\u00edctimas de violencia, deber\u00e1n presentar sentencia condenatoria por un delito de violencia de g\u00e9nero, orden de protecci\u00f3n o cualquier otra resoluci\u00f3n judicial que acuerde una medida cautelar a favor de la v\u00edctima, o bien por el informe del Ministerio Fiscal que indique la existencia de indicios de que la demandante es v\u00edctima de violencia de g\u00e9nero. Tambi\u00e9n podr\u00e1 acreditarse mediante informe de los servicios sociales, de los servicios especializados, o de los servicios de acogida destinados a v\u00edctimas de violencia de g\u00e9nero de la Administraci\u00f3n P\u00fablica competente.<br \/>\nI) Quienes tuvieran la condici\u00f3n de personal funcionario de carrera estar\u00e1n exentos de justificar documentalmente las condiciones y requisitos ya demostrados para obtener su anterior nombramiento, debiendo presentar en tal caso una certificaci\u00f3n u hoja de servicios del Registro General de Personal o certificaci\u00f3n del Departamento u Organismo del que dependan, para acreditar tal condici\u00f3n. En esta certificaci\u00f3n deber\u00e1n figurar expresamente los siguientes datos:<\/p>\n<ul>\n<li style=\"text-align: left\">Indicaci\u00f3n del Cuerpo, \u00e1rea o especialidad al que pertenecen, n\u00famero de registro personal y si se encuentran en servicio activo.<\/li>\n<li style=\"text-align: left\">N\u00famero de a\u00f1os como personal funcionario de carrera.<\/li>\n<li style=\"text-align: left\">Lugar y fecha de nacimiento.<\/li>\n<li style=\"text-align: left\">T\u00edtulo acad\u00e9mico que posee y fecha de expedici\u00f3n.<\/li>\n<\/ul>\n<p>Si en las certificaciones no puede hacerse constar alguno de los requisitos exigidos para el ingreso en el Cuerpo por no obrar en los expedientes de la persona interesada, deber\u00e1n remitir separadamente los documentos que los acrediten.<br \/>\nJ) Certificaci\u00f3n negativa del Registro Central de Delincuentes Sexuales y de Trata de Seres Humanos a la que se refiere la Ley Org\u00e1nica 8\/2021, de 4 de junio, de protecci\u00f3n integral a la infancia y la adolescencia frente a la violencia, en aquellos casos en los que no se autorice a la Administraci\u00f3n a recabar dicha certificaci\u00f3n.<br \/>\nLas personas participantes cuya nacionalidad sea distinta de la espa\u00f1ola, deber\u00e1n acreditar, adem\u00e1s de la certificaci\u00f3n negativa del Registro Central de Delincuentes Sexuales y de Trata de Seres Humanos referidos al Estado espa\u00f1ol, la certificaci\u00f3n negativa de condenas penales expedida por las autoridades de su pa\u00eds de origen o de donde sean nacionales, traducido y legalizado de acuerdo con los Convenios internacionales existentes, respecto de los delitos relacionados en el apartado 1 del art\u00edculo 3 del RD 1110\/2015, de 11 de diciembre, modificado por el RD 407\/2024, de 23 de abril, por el que se regula el Registro Central de Delincuentes Sexuales. Quedan exceptuados de esta obligaci\u00f3n los ciudadanos y las ciudadanas que sean nacionales de Estados de la Uni\u00f3n Europea, sin perjuicio de aportar certificaci\u00f3n negativa de condenas penales expedido por las autoridades de su pa\u00eds de origen, si fuere distinto al de su nacionalidad.<br \/>\nK) Justificaci\u00f3n documental de los m\u00e9ritos valorados en la fase de concurso.<br \/>\nQuienes, dentro del plazo fijado, salvo casos de fuerza mayor, no presentaran la documentaci\u00f3n, o del an\u00e1lisis de la misma se dedujera que carecen de alguno de los requisitos se\u00f1alados en la base 2, o se detectara falsedad en alguno de los documentos presentados, decaer\u00e1n de todos sus derechos a ser nombrados personal funcionario de carrera, sin perjuicio de la responsabilidad en que hubieran incurrido por falsedad en la solicitud inicial.<\/p>\n<p>Quienes hubieran superado el proceso selectivo deber\u00e1n someterse al reconocimiento m\u00e9dico previo al ingreso, dando as\u00ed cumplimiento a lo establecido en la Ley 31\/1995, de 8 de noviembre, de Prevenci\u00f3n de Riesgos Laborales. El reconocimiento m\u00e9dico ser\u00e1 obligatorio, y deber\u00e1 emitir, adem\u00e1s, un juicio de aptitud respecto a la capacidad<br \/>\nfuncional para el desempe\u00f1o de las tareas propias del Cuerpo. En el caso de informe negativo, si no se somete al reconocimiento, o si no se obtiene la calificaci\u00f3n de apto por el equipo m\u00e9dico correspondiente, no podr\u00e1 ser nombrado personal funcionario en pr\u00e1cticas, quedando sin efecto todas las actuaciones en cuanto a \u00e9l\/ella se refiere. El informe m\u00e9dico ser\u00e1 confidencial, respetando en todo el curso del procedimiento los derechos de intimidad y su protecci\u00f3n, sin que pueda ser utilizado para otra finalidad distinta. El reconocimiento m\u00e9dico deber\u00e1 ser realizado antes de la incorporaci\u00f3n al destino en pr\u00e1cticas.<\/p>\n<p style=\"text-align: left\"><strong>FECHAS DE PUBLICACI\u00d3N Y ADJUDICACI\u00d3N DE VACANTES<\/strong><\/p>\n<ul>\n<li>PUBLICACI\u00d3N DE VACANTES. 21 de julio.<\/li>\n<li>PRESENTACI\u00d3N DE SOLICITUDES. hasta las 11:00 del 23 de julio<\/li>\n<li>ADJUDICACI\u00d3N DE VACANTES. 24 de julio.<\/li>\n<\/ul>\n<p><b>NOMBRAMIENTO DE PERSONAL FUNCIONARIO EN PR\u00c1CTICAS<\/b><b><br \/>\n<\/b><span style=\"font-weight: 400\">Se proceder\u00e1 a nombrar personal funcionario en pr\u00e1cticas a quienes hayan sido seleccionados que no est\u00e9n exentos de su realizaci\u00f3n o que, estando exentos, hayan optado por incorporarse a las mismas. Se les asignar\u00e1 destino para efectuar las pr\u00e1cticas por riguroso orden de puntuaci\u00f3n. El destino concreto a centro se obtendr\u00e1 conforme a las normas reguladoras del inicio de curso que oportunamente dictar\u00e1 la Direcci\u00f3n General de Personal, y lo ser\u00e1 en vacantes o en sustituciones de car\u00e1cter temporal de la especialidad superada.\u00a0<\/span><\/p>\n<p><b><i><\/i><\/b><span style=\"font-weight: 400\">Caso de no incorporarse a los citados destinos el primer d\u00eda h\u00e1bil del curso 2024-2025, se entender\u00e1 que renuncian al concurso-oposici\u00f3n.<\/span><\/p>\n<p><b>NOMBRAMIENTO DE PERSONAL FUNCIONARIO DE CARRERA.<\/b><b><br \/>\n<\/b><span style=\"font-weight: 400\">Concluida la fase de pr\u00e1cticas y comprobado que quienes han sido declarados\/as aptos\/as en la misma re\u00fanen los requisitos generales y espec\u00edficos de participaci\u00f3n establecidos en la convocatoria, el Departamento de Educaci\u00f3n, Cultura y Deporte aprobar\u00e1 el expediente del procedimiento selectivo public\u00e1ndolo en el \u201cBOA\u201d.<\/span><span style=\"font-weight: 400\"><br \/>\n<\/span><span style=\"font-weight: 400\">El nombramiento se efectuar\u00e1 con efectos de 1 de septiembre del curso siguiente a aquel en el que fuera declarado apto en la fase de pr\u00e1cticas.<\/span><\/p>\n<p style=\"text-align: left\"><span style=\"font-weight: 400\">Por \u00faltimo, durante las pr\u00e1cticas tendr\u00e1s que participar en el concierto de traslados para obtener tu primer destino definitivo.\u00a0<\/span><\/p>\n<p style=\"text-align: left\"><b>DESTINO EN PROPIEDAD DEFINITIVA.<\/b><b><br \/>\n<\/b><span style=\"font-weight: 400\">Quienes hayan ingresado en virtud de esta convocatoria deber\u00e1n obtener su primer destino definitivo en el \u00e1mbito de gesti\u00f3n del Departamento de Educaci\u00f3n\u00a0 de Arag\u00f3n en el Cuerpo y por la especialidad por la que han sido seleccionados.<\/span><span style=\"font-weight: 400\"><br \/>\n<\/span><span style=\"font-weight: 400\">Para obtener el primer destino definitivo deber\u00e1n participar con car\u00e1cter obligatorio en el primer concurso de traslados que se convoque. Teniendo en cuenta que participar\u00e1n como personal funcionario en pr\u00e1cticas, la puntuaci\u00f3n ser\u00e1 de cero puntos, y los destinos se adjudicar\u00e1n por el riguroso orden de lista en el que queden en el procedimiento selectivo. Este <\/span><b>concurso de traslados se convocar\u00e1 en el primer trimestre de 2025.\u00a0<\/b><span style=\"font-weight: 400\"><br \/>\n<\/span><span style=\"font-weight: 400\">En el caso de no participar en el citado concurso de traslados, o si participando, no obtuviesen destino de los solicitados, la Administraci\u00f3n les adjudicar\u00e1 destino de oficio, en puestos de trabajo para los que se encuentren habilitados\/as y que se encuentren vacantes en la Comunidad Aut\u00f3noma.<\/span><\/p>\n","protected":false},"excerpt":{"rendered":"<p>Una vez finalizado el proceso de oposiciones, comienza el tr\u00e1mite de entregar documentaci\u00f3n, est\u00e1 en<\/p>\n","protected":false},"author":486,"featured_media":17669,"comment_status":"open","ping_status":"open","sticky":false,"template":"","format":"standard","meta":{"footnotes":""},"categories":[480],"tags":[],"class_list":["post-19317","post","type-post","status-publish","format-standard","has-post-thumbnail","hentry","category-noticias"],"yoast_head":"<!-- This site is optimized with the Yoast SEO plugin v26.7 - https:\/\/yoast.com\/wordpress\/plugins\/seo\/ -->\n<title>He conseguido plaza, \u00bfy ahora qu\u00e9?. Oposiciones 2025<\/title>\n<meta name=\"description\" content=\"Una vez finalizado el proceso de oposiciones, comienza el tr\u00e1mite de entregar documentaci\u00f3n, est\u00e1 en el punto 9.4 de la convocatoria.\u00a0 9.4. Presentaci\u00f3n\" \/>\n<meta name=\"robots\" content=\"index, follow, max-snippet:-1, max-image-preview:large, max-video-preview:-1\" \/>\n<link rel=\"canonical\" href=\"https:\/\/www.cgtaragonlarioja.org\/fedens\/he-conseguido-plaza-y-ahora-que-oposiciones-2025\/\" \/>\n<meta property=\"og:locale\" content=\"es_ES\" \/>\n<meta property=\"og:type\" content=\"article\" \/>\n<meta property=\"og:title\" content=\"He conseguido plaza, \u00bfy ahora qu\u00e9?. Oposiciones 2025\" \/>\n<meta property=\"og:description\" content=\"Una vez finalizado el proceso de oposiciones, comienza el tr\u00e1mite de entregar documentaci\u00f3n, est\u00e1 en el punto 9.4 de la convocatoria.\u00a0 9.4. Presentaci\u00f3n\" \/>\n<meta property=\"og:url\" content=\"https:\/\/www.cgtaragonlarioja.org\/fedens\/he-conseguido-plaza-y-ahora-que-oposiciones-2025\/\" \/>\n<meta property=\"og:site_name\" content=\"CGT Arag\u00f3n - La Rioja. ENSE\u00d1ANZA\" \/>\n<meta property=\"article:publisher\" content=\"https:\/\/www.facebook.com\/CGTEnseAragon\/\" \/>\n<meta property=\"article:published_time\" content=\"2025-07-16T15:41:16+00:00\" \/>\n<meta property=\"article:modified_time\" content=\"2025-07-16T15:45:12+00:00\" \/>\n<meta property=\"og:image\" content=\"https:\/\/www.cgtaragonlarioja.org\/fedens\/files\/2023\/07\/plaza.png\" \/>\n\t<meta property=\"og:image:width\" content=\"476\" \/>\n\t<meta property=\"og:image:height\" content=\"631\" \/>\n\t<meta property=\"og:image:type\" content=\"image\/png\" \/>\n<meta name=\"author\" content=\"kike\" \/>\n<meta name=\"twitter:card\" content=\"summary_large_image\" \/>\n<meta name=\"twitter:creator\" content=\"@CGTeduAragon\" \/>\n<meta name=\"twitter:site\" content=\"@CGTeduAragon\" \/>\n<meta name=\"twitter:label1\" content=\"Escrito por\" \/>\n\t<meta name=\"twitter:data1\" content=\"kike\" \/>\n\t<meta name=\"twitter:label2\" content=\"Tiempo de lectura\" \/>\n\t<meta name=\"twitter:data2\" content=\"8 minutos\" \/>\n<script type=\"application\/ld+json\" class=\"yoast-schema-graph\">{\"@context\":\"https:\/\/schema.org\",\"@graph\":[{\"@type\":\"Article\",\"@id\":\"https:\/\/www.cgtaragonlarioja.org\/fedens\/he-conseguido-plaza-y-ahora-que-oposiciones-2025\/#article\",\"isPartOf\":{\"@id\":\"https:\/\/www.cgtaragonlarioja.org\/fedens\/he-conseguido-plaza-y-ahora-que-oposiciones-2025\/\"},\"author\":{\"name\":\"kike\",\"@id\":\"https:\/\/www.cgtaragonlarioja.org\/fedens\/#\/schema\/person\/dfa7d1616615d62a6d79c9593aa09fc3\"},\"headline\":\"He conseguido plaza, \u00bfy ahora qu\u00e9?. Oposiciones 2025\",\"datePublished\":\"2025-07-16T15:41:16+00:00\",\"dateModified\":\"2025-07-16T15:45:12+00:00\",\"mainEntityOfPage\":{\"@id\":\"https:\/\/www.cgtaragonlarioja.org\/fedens\/he-conseguido-plaza-y-ahora-que-oposiciones-2025\/\"},\"wordCount\":1623,\"commentCount\":0,\"publisher\":{\"@id\":\"https:\/\/www.cgtaragonlarioja.org\/fedens\/#organization\"},\"image\":{\"@id\":\"https:\/\/www.cgtaragonlarioja.org\/fedens\/he-conseguido-plaza-y-ahora-que-oposiciones-2025\/#primaryimage\"},\"thumbnailUrl\":\"https:\/\/www.cgtaragonlarioja.org\/fedens\/files\/2023\/07\/plaza.png\",\"articleSection\":[\"Noticias\"],\"inLanguage\":\"es\",\"potentialAction\":[{\"@type\":\"CommentAction\",\"name\":\"Comment\",\"target\":[\"https:\/\/www.cgtaragonlarioja.org\/fedens\/he-conseguido-plaza-y-ahora-que-oposiciones-2025\/#respond\"]}]},{\"@type\":\"WebPage\",\"@id\":\"https:\/\/www.cgtaragonlarioja.org\/fedens\/he-conseguido-plaza-y-ahora-que-oposiciones-2025\/\",\"url\":\"https:\/\/www.cgtaragonlarioja.org\/fedens\/he-conseguido-plaza-y-ahora-que-oposiciones-2025\/\",\"name\":\"He conseguido plaza, \u00bfy ahora qu\u00e9?. Oposiciones 2025\",\"isPartOf\":{\"@id\":\"https:\/\/www.cgtaragonlarioja.org\/fedens\/#website\"},\"primaryImageOfPage\":{\"@id\":\"https:\/\/www.cgtaragonlarioja.org\/fedens\/he-conseguido-plaza-y-ahora-que-oposiciones-2025\/#primaryimage\"},\"image\":{\"@id\":\"https:\/\/www.cgtaragonlarioja.org\/fedens\/he-conseguido-plaza-y-ahora-que-oposiciones-2025\/#primaryimage\"},\"thumbnailUrl\":\"https:\/\/www.cgtaragonlarioja.org\/fedens\/files\/2023\/07\/plaza.png\",\"datePublished\":\"2025-07-16T15:41:16+00:00\",\"dateModified\":\"2025-07-16T15:45:12+00:00\",\"description\":\"Una vez finalizado el proceso de oposiciones, comienza el tr\u00e1mite de entregar documentaci\u00f3n, est\u00e1 en el punto 9.4 de la convocatoria.\u00a0 9.4. Presentaci\u00f3n\",\"breadcrumb\":{\"@id\":\"https:\/\/www.cgtaragonlarioja.org\/fedens\/he-conseguido-plaza-y-ahora-que-oposiciones-2025\/#breadcrumb\"},\"inLanguage\":\"es\",\"potentialAction\":[{\"@type\":\"ReadAction\",\"target\":[\"https:\/\/www.cgtaragonlarioja.org\/fedens\/he-conseguido-plaza-y-ahora-que-oposiciones-2025\/\"]}]},{\"@type\":\"ImageObject\",\"inLanguage\":\"es\",\"@id\":\"https:\/\/www.cgtaragonlarioja.org\/fedens\/he-conseguido-plaza-y-ahora-que-oposiciones-2025\/#primaryimage\",\"url\":\"https:\/\/www.cgtaragonlarioja.org\/fedens\/files\/2023\/07\/plaza.png\",\"contentUrl\":\"https:\/\/www.cgtaragonlarioja.org\/fedens\/files\/2023\/07\/plaza.png\",\"width\":476,\"height\":631},{\"@type\":\"BreadcrumbList\",\"@id\":\"https:\/\/www.cgtaragonlarioja.org\/fedens\/he-conseguido-plaza-y-ahora-que-oposiciones-2025\/#breadcrumb\",\"itemListElement\":[{\"@type\":\"ListItem\",\"position\":1,\"name\":\"Portada\",\"item\":\"https:\/\/www.cgtaragonlarioja.org\/fedens\/\"},{\"@type\":\"ListItem\",\"position\":2,\"name\":\"He conseguido plaza, \u00bfy ahora qu\u00e9?. Oposiciones 2025\"}]},{\"@type\":\"WebSite\",\"@id\":\"https:\/\/www.cgtaragonlarioja.org\/fedens\/#website\",\"url\":\"https:\/\/www.cgtaragonlarioja.org\/fedens\/\",\"name\":\"CGT Arag\u00f3n - La Rioja. ENSE\u00d1ANZA\",\"description\":\"CONTACTAR: Calatayud-Aranda: 654897973 \/ Huesca: 974238404 \/ Teruel: 978619265 \/ Zaragoza: 976922002\",\"publisher\":{\"@id\":\"https:\/\/www.cgtaragonlarioja.org\/fedens\/#organization\"},\"potentialAction\":[{\"@type\":\"SearchAction\",\"target\":{\"@type\":\"EntryPoint\",\"urlTemplate\":\"https:\/\/www.cgtaragonlarioja.org\/fedens\/?s={search_term_string}\"},\"query-input\":{\"@type\":\"PropertyValueSpecification\",\"valueRequired\":true,\"valueName\":\"search_term_string\"}}],\"inLanguage\":\"es\"},{\"@type\":\"Organization\",\"@id\":\"https:\/\/www.cgtaragonlarioja.org\/fedens\/#organization\",\"name\":\"CGT Arag\u00f3n y La Rioja - Ense\u00f1anza\",\"url\":\"https:\/\/www.cgtaragonlarioja.org\/fedens\/\",\"logo\":{\"@type\":\"ImageObject\",\"inLanguage\":\"es\",\"@id\":\"https:\/\/www.cgtaragonlarioja.org\/fedens\/#\/schema\/logo\/image\/\",\"url\":\"https:\/\/www.cgtaragonlarioja.org\/fedens\/files\/2021\/02\/logo_cgt_ense_huesca_170x250.png\",\"contentUrl\":\"https:\/\/www.cgtaragonlarioja.org\/fedens\/files\/2021\/02\/logo_cgt_ense_huesca_170x250.png\",\"width\":170,\"height\":250,\"caption\":\"CGT Arag\u00f3n y La Rioja - Ense\u00f1anza\"},\"image\":{\"@id\":\"https:\/\/www.cgtaragonlarioja.org\/fedens\/#\/schema\/logo\/image\/\"},\"sameAs\":[\"https:\/\/www.facebook.com\/CGTEnseAragon\/\",\"https:\/\/x.com\/CGTeduAragon\"]},{\"@type\":\"Person\",\"@id\":\"https:\/\/www.cgtaragonlarioja.org\/fedens\/#\/schema\/person\/dfa7d1616615d62a6d79c9593aa09fc3\",\"name\":\"kike\",\"image\":{\"@type\":\"ImageObject\",\"inLanguage\":\"es\",\"@id\":\"https:\/\/www.cgtaragonlarioja.org\/fedens\/#\/schema\/person\/image\/\",\"url\":\"https:\/\/secure.gravatar.com\/avatar\/f1c0788a733c3717c5f8c071e064a9c188df22c90b22388027f4ed27abaa4f3b?s=96&d=mm&r=g\",\"contentUrl\":\"https:\/\/secure.gravatar.com\/avatar\/f1c0788a733c3717c5f8c071e064a9c188df22c90b22388027f4ed27abaa4f3b?s=96&d=mm&r=g\",\"caption\":\"kike\"},\"url\":\"https:\/\/www.cgtaragonlarioja.org\/fedens\/author\/kike\/\"}]}<\/script>\n<!-- \/ Yoast SEO plugin. -->","yoast_head_json":{"title":"He conseguido plaza, \u00bfy ahora qu\u00e9?. Oposiciones 2025","description":"Una vez finalizado el proceso de oposiciones, comienza el tr\u00e1mite de entregar documentaci\u00f3n, est\u00e1 en el punto 9.4 de la convocatoria.\u00a0 9.4. Presentaci\u00f3n","robots":{"index":"index","follow":"follow","max-snippet":"max-snippet:-1","max-image-preview":"max-image-preview:large","max-video-preview":"max-video-preview:-1"},"canonical":"https:\/\/www.cgtaragonlarioja.org\/fedens\/he-conseguido-plaza-y-ahora-que-oposiciones-2025\/","og_locale":"es_ES","og_type":"article","og_title":"He conseguido plaza, \u00bfy ahora qu\u00e9?. Oposiciones 2025","og_description":"Una vez finalizado el proceso de oposiciones, comienza el tr\u00e1mite de entregar documentaci\u00f3n, est\u00e1 en el punto 9.4 de la convocatoria.\u00a0 9.4. Presentaci\u00f3n","og_url":"https:\/\/www.cgtaragonlarioja.org\/fedens\/he-conseguido-plaza-y-ahora-que-oposiciones-2025\/","og_site_name":"CGT Arag\u00f3n - La Rioja. ENSE\u00d1ANZA","article_publisher":"https:\/\/www.facebook.com\/CGTEnseAragon\/","article_published_time":"2025-07-16T15:41:16+00:00","article_modified_time":"2025-07-16T15:45:12+00:00","og_image":[{"width":476,"height":631,"url":"https:\/\/www.cgtaragonlarioja.org\/fedens\/files\/2023\/07\/plaza.png","type":"image\/png"}],"author":"kike","twitter_card":"summary_large_image","twitter_creator":"@CGTeduAragon","twitter_site":"@CGTeduAragon","twitter_misc":{"Escrito por":"kike","Tiempo de lectura":"8 minutos"},"schema":{"@context":"https:\/\/schema.org","@graph":[{"@type":"Article","@id":"https:\/\/www.cgtaragonlarioja.org\/fedens\/he-conseguido-plaza-y-ahora-que-oposiciones-2025\/#article","isPartOf":{"@id":"https:\/\/www.cgtaragonlarioja.org\/fedens\/he-conseguido-plaza-y-ahora-que-oposiciones-2025\/"},"author":{"name":"kike","@id":"https:\/\/www.cgtaragonlarioja.org\/fedens\/#\/schema\/person\/dfa7d1616615d62a6d79c9593aa09fc3"},"headline":"He conseguido plaza, \u00bfy ahora qu\u00e9?. Oposiciones 2025","datePublished":"2025-07-16T15:41:16+00:00","dateModified":"2025-07-16T15:45:12+00:00","mainEntityOfPage":{"@id":"https:\/\/www.cgtaragonlarioja.org\/fedens\/he-conseguido-plaza-y-ahora-que-oposiciones-2025\/"},"wordCount":1623,"commentCount":0,"publisher":{"@id":"https:\/\/www.cgtaragonlarioja.org\/fedens\/#organization"},"image":{"@id":"https:\/\/www.cgtaragonlarioja.org\/fedens\/he-conseguido-plaza-y-ahora-que-oposiciones-2025\/#primaryimage"},"thumbnailUrl":"https:\/\/www.cgtaragonlarioja.org\/fedens\/files\/2023\/07\/plaza.png","articleSection":["Noticias"],"inLanguage":"es","potentialAction":[{"@type":"CommentAction","name":"Comment","target":["https:\/\/www.cgtaragonlarioja.org\/fedens\/he-conseguido-plaza-y-ahora-que-oposiciones-2025\/#respond"]}]},{"@type":"WebPage","@id":"https:\/\/www.cgtaragonlarioja.org\/fedens\/he-conseguido-plaza-y-ahora-que-oposiciones-2025\/","url":"https:\/\/www.cgtaragonlarioja.org\/fedens\/he-conseguido-plaza-y-ahora-que-oposiciones-2025\/","name":"He conseguido plaza, \u00bfy ahora qu\u00e9?. Oposiciones 2025","isPartOf":{"@id":"https:\/\/www.cgtaragonlarioja.org\/fedens\/#website"},"primaryImageOfPage":{"@id":"https:\/\/www.cgtaragonlarioja.org\/fedens\/he-conseguido-plaza-y-ahora-que-oposiciones-2025\/#primaryimage"},"image":{"@id":"https:\/\/www.cgtaragonlarioja.org\/fedens\/he-conseguido-plaza-y-ahora-que-oposiciones-2025\/#primaryimage"},"thumbnailUrl":"https:\/\/www.cgtaragonlarioja.org\/fedens\/files\/2023\/07\/plaza.png","datePublished":"2025-07-16T15:41:16+00:00","dateModified":"2025-07-16T15:45:12+00:00","description":"Una vez finalizado el proceso de oposiciones, comienza el tr\u00e1mite de entregar documentaci\u00f3n, est\u00e1 en el punto 9.4 de la convocatoria.\u00a0 9.4. Presentaci\u00f3n","breadcrumb":{"@id":"https:\/\/www.cgtaragonlarioja.org\/fedens\/he-conseguido-plaza-y-ahora-que-oposiciones-2025\/#breadcrumb"},"inLanguage":"es","potentialAction":[{"@type":"ReadAction","target":["https:\/\/www.cgtaragonlarioja.org\/fedens\/he-conseguido-plaza-y-ahora-que-oposiciones-2025\/"]}]},{"@type":"ImageObject","inLanguage":"es","@id":"https:\/\/www.cgtaragonlarioja.org\/fedens\/he-conseguido-plaza-y-ahora-que-oposiciones-2025\/#primaryimage","url":"https:\/\/www.cgtaragonlarioja.org\/fedens\/files\/2023\/07\/plaza.png","contentUrl":"https:\/\/www.cgtaragonlarioja.org\/fedens\/files\/2023\/07\/plaza.png","width":476,"height":631},{"@type":"BreadcrumbList","@id":"https:\/\/www.cgtaragonlarioja.org\/fedens\/he-conseguido-plaza-y-ahora-que-oposiciones-2025\/#breadcrumb","itemListElement":[{"@type":"ListItem","position":1,"name":"Portada","item":"https:\/\/www.cgtaragonlarioja.org\/fedens\/"},{"@type":"ListItem","position":2,"name":"He conseguido plaza, \u00bfy ahora qu\u00e9?. Oposiciones 2025"}]},{"@type":"WebSite","@id":"https:\/\/www.cgtaragonlarioja.org\/fedens\/#website","url":"https:\/\/www.cgtaragonlarioja.org\/fedens\/","name":"CGT Arag\u00f3n - La Rioja. ENSE\u00d1ANZA","description":"CONTACTAR: Calatayud-Aranda: 654897973 \/ Huesca: 974238404 \/ Teruel: 978619265 \/ Zaragoza: 976922002","publisher":{"@id":"https:\/\/www.cgtaragonlarioja.org\/fedens\/#organization"},"potentialAction":[{"@type":"SearchAction","target":{"@type":"EntryPoint","urlTemplate":"https:\/\/www.cgtaragonlarioja.org\/fedens\/?s={search_term_string}"},"query-input":{"@type":"PropertyValueSpecification","valueRequired":true,"valueName":"search_term_string"}}],"inLanguage":"es"},{"@type":"Organization","@id":"https:\/\/www.cgtaragonlarioja.org\/fedens\/#organization","name":"CGT Arag\u00f3n y La Rioja - Ense\u00f1anza","url":"https:\/\/www.cgtaragonlarioja.org\/fedens\/","logo":{"@type":"ImageObject","inLanguage":"es","@id":"https:\/\/www.cgtaragonlarioja.org\/fedens\/#\/schema\/logo\/image\/","url":"https:\/\/www.cgtaragonlarioja.org\/fedens\/files\/2021\/02\/logo_cgt_ense_huesca_170x250.png","contentUrl":"https:\/\/www.cgtaragonlarioja.org\/fedens\/files\/2021\/02\/logo_cgt_ense_huesca_170x250.png","width":170,"height":250,"caption":"CGT Arag\u00f3n y La Rioja - Ense\u00f1anza"},"image":{"@id":"https:\/\/www.cgtaragonlarioja.org\/fedens\/#\/schema\/logo\/image\/"},"sameAs":["https:\/\/www.facebook.com\/CGTEnseAragon\/","https:\/\/x.com\/CGTeduAragon"]},{"@type":"Person","@id":"https:\/\/www.cgtaragonlarioja.org\/fedens\/#\/schema\/person\/dfa7d1616615d62a6d79c9593aa09fc3","name":"kike","image":{"@type":"ImageObject","inLanguage":"es","@id":"https:\/\/www.cgtaragonlarioja.org\/fedens\/#\/schema\/person\/image\/","url":"https:\/\/secure.gravatar.com\/avatar\/f1c0788a733c3717c5f8c071e064a9c188df22c90b22388027f4ed27abaa4f3b?s=96&d=mm&r=g","contentUrl":"https:\/\/secure.gravatar.com\/avatar\/f1c0788a733c3717c5f8c071e064a9c188df22c90b22388027f4ed27abaa4f3b?s=96&d=mm&r=g","caption":"kike"},"url":"https:\/\/www.cgtaragonlarioja.org\/fedens\/author\/kike\/"}]}},"_links":{"self":[{"href":"https:\/\/www.cgtaragonlarioja.org\/fedens\/wp-json\/wp\/v2\/posts\/19317","targetHints":{"allow":["GET"]}}],"collection":[{"href":"https:\/\/www.cgtaragonlarioja.org\/fedens\/wp-json\/wp\/v2\/posts"}],"about":[{"href":"https:\/\/www.cgtaragonlarioja.org\/fedens\/wp-json\/wp\/v2\/types\/post"}],"author":[{"embeddable":true,"href":"https:\/\/www.cgtaragonlarioja.org\/fedens\/wp-json\/wp\/v2\/users\/486"}],"replies":[{"embeddable":true,"href":"https:\/\/www.cgtaragonlarioja.org\/fedens\/wp-json\/wp\/v2\/comments?post=19317"}],"version-history":[{"count":4,"href":"https:\/\/www.cgtaragonlarioja.org\/fedens\/wp-json\/wp\/v2\/posts\/19317\/revisions"}],"predecessor-version":[{"id":21701,"href":"https:\/\/www.cgtaragonlarioja.org\/fedens\/wp-json\/wp\/v2\/posts\/19317\/revisions\/21701"}],"wp:featuredmedia":[{"embeddable":true,"href":"https:\/\/www.cgtaragonlarioja.org\/fedens\/wp-json\/wp\/v2\/media\/17669"}],"wp:attachment":[{"href":"https:\/\/www.cgtaragonlarioja.org\/fedens\/wp-json\/wp\/v2\/media?parent=19317"}],"wp:term":[{"taxonomy":"category","embeddable":true,"href":"https:\/\/www.cgtaragonlarioja.org\/fedens\/wp-json\/wp\/v2\/categories?post=19317"},{"taxonomy":"post_tag","embeddable":true,"href":"https:\/\/www.cgtaragonlarioja.org\/fedens\/wp-json\/wp\/v2\/tags?post=19317"}],"curies":[{"name":"wp","href":"https:\/\/api.w.org\/{rel}","templated":true}]}}