{"id":19015,"date":"2024-04-05T09:21:22","date_gmt":"2024-04-05T07:21:22","guid":{"rendered":"https:\/\/www.cgtaragonlarioja.org\/fedens\/?p=19015"},"modified":"2024-04-05T09:23:22","modified_gmt":"2024-04-05T07:23:22","slug":"concentracion-por-un-convenio-para-la-prevencion-reforma-y-proteccion-de-menores-en-aragon","status":"publish","type":"post","link":"https:\/\/www.cgtaragonlarioja.org\/fedens\/concentracion-por-un-convenio-para-la-prevencion-reforma-y-proteccion-de-menores-en-aragon\/","title":{"rendered":"Concentraci\u00f3n por un Convenio para la prevenci\u00f3n, reforma y protecci\u00f3n de menores en Arag\u00f3n"},"content":{"rendered":"<p>Os animamos a acudir a la concentraci\u00f3n convocada por nuestras y nuestros compa\u00f1eros de la Plataforma por un Convenio para la prevenci\u00f3n, reforma y protecci\u00f3n de menores en Arag\u00f3n, que en conjunto con UGT, CCOO y CGT, hacen un llamamiento a la solidaridad y la unidad de todos los trabajadores y trabajadoras de los centros de protecci\u00f3n y reforma de menores en Arag\u00f3n, as\u00ed como a la ciudadan\u00eda en general, para alzar la voz y exigir condiciones laborales justas y dignas.<br \/>\nLa concentraci\u00f3n es este martes 9 de Abril a las 11:00 horas frente a la puerta principal del Instituto Aragon\u00e9s de Servicios Sociales (IASS), en plaza del Pilar 3.<\/p>\n<p>La concentraci\u00f3n ser\u00e1 un espacio de encuentro y protesta pac\u00edfica, donde los trabajadores y trabajadoras podr\u00e1n expresar sus preocupaciones y demandas de manera colectiva y contundente. Os invitamos a difundir nuestra reivindicaci\u00f3n.<\/p>\n<p>&nbsp;<\/p>\n","protected":false},"excerpt":{"rendered":"<p>Os animamos a acudir a la concentraci\u00f3n convocada por nuestras y nuestros compa\u00f1eros de la<\/p>\n","protected":false},"author":486,"featured_media":19016,"comment_status":"open","ping_status":"open","sticky":false,"template":"","format":"standard","meta":{"footnotes":""},"categories":[480],"tags":[],"class_list":["post-19015","post","type-post","status-publish","format-standard","has-post-thumbnail","hentry","category-noticias"],"yoast_head":"<!-- This site is optimized with the Yoast SEO plugin v26.7 - https:\/\/yoast.com\/wordpress\/plugins\/seo\/ -->\n<title>Concentraci\u00f3n por un Convenio para la prevenci\u00f3n, reforma y protecci\u00f3n de menores en Arag\u00f3n<\/title>\n<meta name=\"description\" content=\"Os animamos a acudir a la concentraci\u00f3n convocada por nuestras y nuestros compa\u00f1eros de la Plataforma por un Convenio para la prevenci\u00f3n, reforma y\" \/>\n<meta name=\"robots\" content=\"index, follow, max-snippet:-1, max-image-preview:large, max-video-preview:-1\" \/>\n<link rel=\"canonical\" href=\"https:\/\/www.cgtaragonlarioja.org\/fedens\/concentracion-por-un-convenio-para-la-prevencion-reforma-y-proteccion-de-menores-en-aragon\/\" \/>\n<meta property=\"og:locale\" content=\"es_ES\" \/>\n<meta property=\"og:type\" content=\"article\" \/>\n<meta property=\"og:title\" content=\"Concentraci\u00f3n por un Convenio para la prevenci\u00f3n, reforma y protecci\u00f3n de menores en Arag\u00f3n\" \/>\n<meta property=\"og:description\" content=\"Os animamos a acudir a la concentraci\u00f3n convocada por nuestras y nuestros compa\u00f1eros de la Plataforma por un Convenio para la prevenci\u00f3n, reforma y\" \/>\n<meta property=\"og:url\" content=\"https:\/\/www.cgtaragonlarioja.org\/fedens\/concentracion-por-un-convenio-para-la-prevencion-reforma-y-proteccion-de-menores-en-aragon\/\" \/>\n<meta property=\"og:site_name\" content=\"CGT Arag\u00f3n - La Rioja. ENSE\u00d1ANZA\" \/>\n<meta property=\"article:publisher\" content=\"https:\/\/www.facebook.com\/CGTEnseAragon\/\" \/>\n<meta property=\"article:published_time\" content=\"2024-04-05T07:21:22+00:00\" \/>\n<meta property=\"article:modified_time\" content=\"2024-04-05T07:23:22+00:00\" \/>\n<meta property=\"og:image\" content=\"https:\/\/www.cgtaragonlarioja.org\/fedens\/files\/2024\/04\/canvas.png\" \/>\n\t<meta property=\"og:image:width\" content=\"517\" \/>\n\t<meta property=\"og:image:height\" content=\"800\" \/>\n\t<meta property=\"og:image:type\" content=\"image\/png\" \/>\n<meta name=\"author\" content=\"kike\" \/>\n<meta name=\"twitter:card\" content=\"summary_large_image\" \/>\n<meta name=\"twitter:creator\" content=\"@CGTeduAragon\" \/>\n<meta name=\"twitter:site\" content=\"@CGTeduAragon\" \/>\n<meta name=\"twitter:label1\" content=\"Escrito por\" \/>\n\t<meta name=\"twitter:data1\" content=\"kike\" \/>\n\t<meta name=\"twitter:label2\" content=\"Tiempo de lectura\" \/>\n\t<meta name=\"twitter:data2\" content=\"1 minuto\" \/>\n<script type=\"application\/ld+json\" class=\"yoast-schema-graph\">{\"@context\":\"https:\/\/schema.org\",\"@graph\":[{\"@type\":\"Article\",\"@id\":\"https:\/\/www.cgtaragonlarioja.org\/fedens\/concentracion-por-un-convenio-para-la-prevencion-reforma-y-proteccion-de-menores-en-aragon\/#article\",\"isPartOf\":{\"@id\":\"https:\/\/www.cgtaragonlarioja.org\/fedens\/concentracion-por-un-convenio-para-la-prevencion-reforma-y-proteccion-de-menores-en-aragon\/\"},\"author\":{\"name\":\"kike\",\"@id\":\"https:\/\/www.cgtaragonlarioja.org\/fedens\/#\/schema\/person\/dfa7d1616615d62a6d79c9593aa09fc3\"},\"headline\":\"Concentraci\u00f3n por un Convenio para la prevenci\u00f3n, reforma y protecci\u00f3n de menores en Arag\u00f3n\",\"datePublished\":\"2024-04-05T07:21:22+00:00\",\"dateModified\":\"2024-04-05T07:23:22+00:00\",\"mainEntityOfPage\":{\"@id\":\"https:\/\/www.cgtaragonlarioja.org\/fedens\/concentracion-por-un-convenio-para-la-prevencion-reforma-y-proteccion-de-menores-en-aragon\/\"},\"wordCount\":172,\"commentCount\":0,\"publisher\":{\"@id\":\"https:\/\/www.cgtaragonlarioja.org\/fedens\/#organization\"},\"image\":{\"@id\":\"https:\/\/www.cgtaragonlarioja.org\/fedens\/concentracion-por-un-convenio-para-la-prevencion-reforma-y-proteccion-de-menores-en-aragon\/#primaryimage\"},\"thumbnailUrl\":\"https:\/\/www.cgtaragonlarioja.org\/fedens\/files\/2024\/04\/canvas.png\",\"articleSection\":[\"Noticias\"],\"inLanguage\":\"es\",\"potentialAction\":[{\"@type\":\"CommentAction\",\"name\":\"Comment\",\"target\":[\"https:\/\/www.cgtaragonlarioja.org\/fedens\/concentracion-por-un-convenio-para-la-prevencion-reforma-y-proteccion-de-menores-en-aragon\/#respond\"]}]},{\"@type\":\"WebPage\",\"@id\":\"https:\/\/www.cgtaragonlarioja.org\/fedens\/concentracion-por-un-convenio-para-la-prevencion-reforma-y-proteccion-de-menores-en-aragon\/\",\"url\":\"https:\/\/www.cgtaragonlarioja.org\/fedens\/concentracion-por-un-convenio-para-la-prevencion-reforma-y-proteccion-de-menores-en-aragon\/\",\"name\":\"Concentraci\u00f3n por un Convenio para la prevenci\u00f3n, reforma y protecci\u00f3n de menores en Arag\u00f3n\",\"isPartOf\":{\"@id\":\"https:\/\/www.cgtaragonlarioja.org\/fedens\/#website\"},\"primaryImageOfPage\":{\"@id\":\"https:\/\/www.cgtaragonlarioja.org\/fedens\/concentracion-por-un-convenio-para-la-prevencion-reforma-y-proteccion-de-menores-en-aragon\/#primaryimage\"},\"image\":{\"@id\":\"https:\/\/www.cgtaragonlarioja.org\/fedens\/concentracion-por-un-convenio-para-la-prevencion-reforma-y-proteccion-de-menores-en-aragon\/#primaryimage\"},\"thumbnailUrl\":\"https:\/\/www.cgtaragonlarioja.org\/fedens\/files\/2024\/04\/canvas.png\",\"datePublished\":\"2024-04-05T07:21:22+00:00\",\"dateModified\":\"2024-04-05T07:23:22+00:00\",\"description\":\"Os animamos a acudir a la concentraci\u00f3n convocada por nuestras y nuestros compa\u00f1eros de la Plataforma por un Convenio para la prevenci\u00f3n, reforma y\",\"breadcrumb\":{\"@id\":\"https:\/\/www.cgtaragonlarioja.org\/fedens\/concentracion-por-un-convenio-para-la-prevencion-reforma-y-proteccion-de-menores-en-aragon\/#breadcrumb\"},\"inLanguage\":\"es\",\"potentialAction\":[{\"@type\":\"ReadAction\",\"target\":[\"https:\/\/www.cgtaragonlarioja.org\/fedens\/concentracion-por-un-convenio-para-la-prevencion-reforma-y-proteccion-de-menores-en-aragon\/\"]}]},{\"@type\":\"ImageObject\",\"inLanguage\":\"es\",\"@id\":\"https:\/\/www.cgtaragonlarioja.org\/fedens\/concentracion-por-un-convenio-para-la-prevencion-reforma-y-proteccion-de-menores-en-aragon\/#primaryimage\",\"url\":\"https:\/\/www.cgtaragonlarioja.org\/fedens\/files\/2024\/04\/canvas.png\",\"contentUrl\":\"https:\/\/www.cgtaragonlarioja.org\/fedens\/files\/2024\/04\/canvas.png\",\"width\":517,\"height\":800},{\"@type\":\"BreadcrumbList\",\"@id\":\"https:\/\/www.cgtaragonlarioja.org\/fedens\/concentracion-por-un-convenio-para-la-prevencion-reforma-y-proteccion-de-menores-en-aragon\/#breadcrumb\",\"itemListElement\":[{\"@type\":\"ListItem\",\"position\":1,\"name\":\"Portada\",\"item\":\"https:\/\/www.cgtaragonlarioja.org\/fedens\/\"},{\"@type\":\"ListItem\",\"position\":2,\"name\":\"Concentraci\u00f3n por un Convenio para la prevenci\u00f3n, reforma y protecci\u00f3n de menores en Arag\u00f3n\"}]},{\"@type\":\"WebSite\",\"@id\":\"https:\/\/www.cgtaragonlarioja.org\/fedens\/#website\",\"url\":\"https:\/\/www.cgtaragonlarioja.org\/fedens\/\",\"name\":\"CGT Arag\u00f3n - La Rioja. ENSE\u00d1ANZA\",\"description\":\"CONTACTAR: Calatayud-Aranda: 654897973 \/ Huesca: 974238404 \/ Teruel: 978619265 \/ Zaragoza: 976922002\",\"publisher\":{\"@id\":\"https:\/\/www.cgtaragonlarioja.org\/fedens\/#organization\"},\"potentialAction\":[{\"@type\":\"SearchAction\",\"target\":{\"@type\":\"EntryPoint\",\"urlTemplate\":\"https:\/\/www.cgtaragonlarioja.org\/fedens\/?s={search_term_string}\"},\"query-input\":{\"@type\":\"PropertyValueSpecification\",\"valueRequired\":true,\"valueName\":\"search_term_string\"}}],\"inLanguage\":\"es\"},{\"@type\":\"Organization\",\"@id\":\"https:\/\/www.cgtaragonlarioja.org\/fedens\/#organization\",\"name\":\"CGT Arag\u00f3n y La Rioja - Ense\u00f1anza\",\"url\":\"https:\/\/www.cgtaragonlarioja.org\/fedens\/\",\"logo\":{\"@type\":\"ImageObject\",\"inLanguage\":\"es\",\"@id\":\"https:\/\/www.cgtaragonlarioja.org\/fedens\/#\/schema\/logo\/image\/\",\"url\":\"https:\/\/www.cgtaragonlarioja.org\/fedens\/files\/2021\/02\/logo_cgt_ense_huesca_170x250.png\",\"contentUrl\":\"https:\/\/www.cgtaragonlarioja.org\/fedens\/files\/2021\/02\/logo_cgt_ense_huesca_170x250.png\",\"width\":170,\"height\":250,\"caption\":\"CGT Arag\u00f3n y La Rioja - Ense\u00f1anza\"},\"image\":{\"@id\":\"https:\/\/www.cgtaragonlarioja.org\/fedens\/#\/schema\/logo\/image\/\"},\"sameAs\":[\"https:\/\/www.facebook.com\/CGTEnseAragon\/\",\"https:\/\/x.com\/CGTeduAragon\"]},{\"@type\":\"Person\",\"@id\":\"https:\/\/www.cgtaragonlarioja.org\/fedens\/#\/schema\/person\/dfa7d1616615d62a6d79c9593aa09fc3\",\"name\":\"kike\",\"image\":{\"@type\":\"ImageObject\",\"inLanguage\":\"es\",\"@id\":\"https:\/\/www.cgtaragonlarioja.org\/fedens\/#\/schema\/person\/image\/\",\"url\":\"https:\/\/secure.gravatar.com\/avatar\/f1c0788a733c3717c5f8c071e064a9c188df22c90b22388027f4ed27abaa4f3b?s=96&d=mm&r=g\",\"contentUrl\":\"https:\/\/secure.gravatar.com\/avatar\/f1c0788a733c3717c5f8c071e064a9c188df22c90b22388027f4ed27abaa4f3b?s=96&d=mm&r=g\",\"caption\":\"kike\"},\"url\":\"https:\/\/www.cgtaragonlarioja.org\/fedens\/author\/kike\/\"}]}<\/script>\n<!-- \/ Yoast SEO plugin. -->","yoast_head_json":{"title":"Concentraci\u00f3n por un Convenio para la prevenci\u00f3n, reforma y protecci\u00f3n de menores en Arag\u00f3n","description":"Os animamos a acudir a la concentraci\u00f3n convocada por nuestras y nuestros compa\u00f1eros de la Plataforma por un Convenio para la prevenci\u00f3n, reforma y","robots":{"index":"index","follow":"follow","max-snippet":"max-snippet:-1","max-image-preview":"max-image-preview:large","max-video-preview":"max-video-preview:-1"},"canonical":"https:\/\/www.cgtaragonlarioja.org\/fedens\/concentracion-por-un-convenio-para-la-prevencion-reforma-y-proteccion-de-menores-en-aragon\/","og_locale":"es_ES","og_type":"article","og_title":"Concentraci\u00f3n por un Convenio para la prevenci\u00f3n, reforma y protecci\u00f3n de menores en Arag\u00f3n","og_description":"Os animamos a acudir a la concentraci\u00f3n convocada por nuestras y nuestros compa\u00f1eros de la Plataforma por un Convenio para la prevenci\u00f3n, reforma y","og_url":"https:\/\/www.cgtaragonlarioja.org\/fedens\/concentracion-por-un-convenio-para-la-prevencion-reforma-y-proteccion-de-menores-en-aragon\/","og_site_name":"CGT Arag\u00f3n - La Rioja. ENSE\u00d1ANZA","article_publisher":"https:\/\/www.facebook.com\/CGTEnseAragon\/","article_published_time":"2024-04-05T07:21:22+00:00","article_modified_time":"2024-04-05T07:23:22+00:00","og_image":[{"width":517,"height":800,"url":"https:\/\/www.cgtaragonlarioja.org\/fedens\/files\/2024\/04\/canvas.png","type":"image\/png"}],"author":"kike","twitter_card":"summary_large_image","twitter_creator":"@CGTeduAragon","twitter_site":"@CGTeduAragon","twitter_misc":{"Escrito por":"kike","Tiempo de lectura":"1 minuto"},"schema":{"@context":"https:\/\/schema.org","@graph":[{"@type":"Article","@id":"https:\/\/www.cgtaragonlarioja.org\/fedens\/concentracion-por-un-convenio-para-la-prevencion-reforma-y-proteccion-de-menores-en-aragon\/#article","isPartOf":{"@id":"https:\/\/www.cgtaragonlarioja.org\/fedens\/concentracion-por-un-convenio-para-la-prevencion-reforma-y-proteccion-de-menores-en-aragon\/"},"author":{"name":"kike","@id":"https:\/\/www.cgtaragonlarioja.org\/fedens\/#\/schema\/person\/dfa7d1616615d62a6d79c9593aa09fc3"},"headline":"Concentraci\u00f3n por un Convenio para la prevenci\u00f3n, reforma y protecci\u00f3n de menores en Arag\u00f3n","datePublished":"2024-04-05T07:21:22+00:00","dateModified":"2024-04-05T07:23:22+00:00","mainEntityOfPage":{"@id":"https:\/\/www.cgtaragonlarioja.org\/fedens\/concentracion-por-un-convenio-para-la-prevencion-reforma-y-proteccion-de-menores-en-aragon\/"},"wordCount":172,"commentCount":0,"publisher":{"@id":"https:\/\/www.cgtaragonlarioja.org\/fedens\/#organization"},"image":{"@id":"https:\/\/www.cgtaragonlarioja.org\/fedens\/concentracion-por-un-convenio-para-la-prevencion-reforma-y-proteccion-de-menores-en-aragon\/#primaryimage"},"thumbnailUrl":"https:\/\/www.cgtaragonlarioja.org\/fedens\/files\/2024\/04\/canvas.png","articleSection":["Noticias"],"inLanguage":"es","potentialAction":[{"@type":"CommentAction","name":"Comment","target":["https:\/\/www.cgtaragonlarioja.org\/fedens\/concentracion-por-un-convenio-para-la-prevencion-reforma-y-proteccion-de-menores-en-aragon\/#respond"]}]},{"@type":"WebPage","@id":"https:\/\/www.cgtaragonlarioja.org\/fedens\/concentracion-por-un-convenio-para-la-prevencion-reforma-y-proteccion-de-menores-en-aragon\/","url":"https:\/\/www.cgtaragonlarioja.org\/fedens\/concentracion-por-un-convenio-para-la-prevencion-reforma-y-proteccion-de-menores-en-aragon\/","name":"Concentraci\u00f3n por un Convenio para la prevenci\u00f3n, reforma y protecci\u00f3n de menores en Arag\u00f3n","isPartOf":{"@id":"https:\/\/www.cgtaragonlarioja.org\/fedens\/#website"},"primaryImageOfPage":{"@id":"https:\/\/www.cgtaragonlarioja.org\/fedens\/concentracion-por-un-convenio-para-la-prevencion-reforma-y-proteccion-de-menores-en-aragon\/#primaryimage"},"image":{"@id":"https:\/\/www.cgtaragonlarioja.org\/fedens\/concentracion-por-un-convenio-para-la-prevencion-reforma-y-proteccion-de-menores-en-aragon\/#primaryimage"},"thumbnailUrl":"https:\/\/www.cgtaragonlarioja.org\/fedens\/files\/2024\/04\/canvas.png","datePublished":"2024-04-05T07:21:22+00:00","dateModified":"2024-04-05T07:23:22+00:00","description":"Os animamos a acudir a la concentraci\u00f3n convocada por nuestras y nuestros compa\u00f1eros de la Plataforma por un Convenio para la prevenci\u00f3n, reforma y","breadcrumb":{"@id":"https:\/\/www.cgtaragonlarioja.org\/fedens\/concentracion-por-un-convenio-para-la-prevencion-reforma-y-proteccion-de-menores-en-aragon\/#breadcrumb"},"inLanguage":"es","potentialAction":[{"@type":"ReadAction","target":["https:\/\/www.cgtaragonlarioja.org\/fedens\/concentracion-por-un-convenio-para-la-prevencion-reforma-y-proteccion-de-menores-en-aragon\/"]}]},{"@type":"ImageObject","inLanguage":"es","@id":"https:\/\/www.cgtaragonlarioja.org\/fedens\/concentracion-por-un-convenio-para-la-prevencion-reforma-y-proteccion-de-menores-en-aragon\/#primaryimage","url":"https:\/\/www.cgtaragonlarioja.org\/fedens\/files\/2024\/04\/canvas.png","contentUrl":"https:\/\/www.cgtaragonlarioja.org\/fedens\/files\/2024\/04\/canvas.png","width":517,"height":800},{"@type":"BreadcrumbList","@id":"https:\/\/www.cgtaragonlarioja.org\/fedens\/concentracion-por-un-convenio-para-la-prevencion-reforma-y-proteccion-de-menores-en-aragon\/#breadcrumb","itemListElement":[{"@type":"ListItem","position":1,"name":"Portada","item":"https:\/\/www.cgtaragonlarioja.org\/fedens\/"},{"@type":"ListItem","position":2,"name":"Concentraci\u00f3n por un Convenio para la prevenci\u00f3n, reforma y protecci\u00f3n de menores en Arag\u00f3n"}]},{"@type":"WebSite","@id":"https:\/\/www.cgtaragonlarioja.org\/fedens\/#website","url":"https:\/\/www.cgtaragonlarioja.org\/fedens\/","name":"CGT Arag\u00f3n - La Rioja. ENSE\u00d1ANZA","description":"CONTACTAR: Calatayud-Aranda: 654897973 \/ Huesca: 974238404 \/ Teruel: 978619265 \/ Zaragoza: 976922002","publisher":{"@id":"https:\/\/www.cgtaragonlarioja.org\/fedens\/#organization"},"potentialAction":[{"@type":"SearchAction","target":{"@type":"EntryPoint","urlTemplate":"https:\/\/www.cgtaragonlarioja.org\/fedens\/?s={search_term_string}"},"query-input":{"@type":"PropertyValueSpecification","valueRequired":true,"valueName":"search_term_string"}}],"inLanguage":"es"},{"@type":"Organization","@id":"https:\/\/www.cgtaragonlarioja.org\/fedens\/#organization","name":"CGT Arag\u00f3n y La Rioja - Ense\u00f1anza","url":"https:\/\/www.cgtaragonlarioja.org\/fedens\/","logo":{"@type":"ImageObject","inLanguage":"es","@id":"https:\/\/www.cgtaragonlarioja.org\/fedens\/#\/schema\/logo\/image\/","url":"https:\/\/www.cgtaragonlarioja.org\/fedens\/files\/2021\/02\/logo_cgt_ense_huesca_170x250.png","contentUrl":"https:\/\/www.cgtaragonlarioja.org\/fedens\/files\/2021\/02\/logo_cgt_ense_huesca_170x250.png","width":170,"height":250,"caption":"CGT Arag\u00f3n y La Rioja - Ense\u00f1anza"},"image":{"@id":"https:\/\/www.cgtaragonlarioja.org\/fedens\/#\/schema\/logo\/image\/"},"sameAs":["https:\/\/www.facebook.com\/CGTEnseAragon\/","https:\/\/x.com\/CGTeduAragon"]},{"@type":"Person","@id":"https:\/\/www.cgtaragonlarioja.org\/fedens\/#\/schema\/person\/dfa7d1616615d62a6d79c9593aa09fc3","name":"kike","image":{"@type":"ImageObject","inLanguage":"es","@id":"https:\/\/www.cgtaragonlarioja.org\/fedens\/#\/schema\/person\/image\/","url":"https:\/\/secure.gravatar.com\/avatar\/f1c0788a733c3717c5f8c071e064a9c188df22c90b22388027f4ed27abaa4f3b?s=96&d=mm&r=g","contentUrl":"https:\/\/secure.gravatar.com\/avatar\/f1c0788a733c3717c5f8c071e064a9c188df22c90b22388027f4ed27abaa4f3b?s=96&d=mm&r=g","caption":"kike"},"url":"https:\/\/www.cgtaragonlarioja.org\/fedens\/author\/kike\/"}]}},"_links":{"self":[{"href":"https:\/\/www.cgtaragonlarioja.org\/fedens\/wp-json\/wp\/v2\/posts\/19015","targetHints":{"allow":["GET"]}}],"collection":[{"href":"https:\/\/www.cgtaragonlarioja.org\/fedens\/wp-json\/wp\/v2\/posts"}],"about":[{"href":"https:\/\/www.cgtaragonlarioja.org\/fedens\/wp-json\/wp\/v2\/types\/post"}],"author":[{"embeddable":true,"href":"https:\/\/www.cgtaragonlarioja.org\/fedens\/wp-json\/wp\/v2\/users\/486"}],"replies":[{"embeddable":true,"href":"https:\/\/www.cgtaragonlarioja.org\/fedens\/wp-json\/wp\/v2\/comments?post=19015"}],"version-history":[{"count":2,"href":"https:\/\/www.cgtaragonlarioja.org\/fedens\/wp-json\/wp\/v2\/posts\/19015\/revisions"}],"predecessor-version":[{"id":19018,"href":"https:\/\/www.cgtaragonlarioja.org\/fedens\/wp-json\/wp\/v2\/posts\/19015\/revisions\/19018"}],"wp:featuredmedia":[{"embeddable":true,"href":"https:\/\/www.cgtaragonlarioja.org\/fedens\/wp-json\/wp\/v2\/media\/19016"}],"wp:attachment":[{"href":"https:\/\/www.cgtaragonlarioja.org\/fedens\/wp-json\/wp\/v2\/media?parent=19015"}],"wp:term":[{"taxonomy":"category","embeddable":true,"href":"https:\/\/www.cgtaragonlarioja.org\/fedens\/wp-json\/wp\/v2\/categories?post=19015"},{"taxonomy":"post_tag","embeddable":true,"href":"https:\/\/www.cgtaragonlarioja.org\/fedens\/wp-json\/wp\/v2\/tags?post=19015"}],"curies":[{"name":"wp","href":"https:\/\/api.w.org\/{rel}","templated":true}]}}