{"id":18354,"date":"2023-12-19T10:01:51","date_gmt":"2023-12-19T09:01:51","guid":{"rendered":"https:\/\/www.cgtaragonlarioja.org\/fedens\/?p=18354"},"modified":"2023-12-19T10:01:51","modified_gmt":"2023-12-19T09:01:51","slug":"9-de-diciembre-dia-internacional-del-laicismo-y-la-libertad-de-conciencia-en-defensa-de-una-escuela-publica-y-laica","status":"publish","type":"post","link":"https:\/\/www.cgtaragonlarioja.org\/fedens\/9-de-diciembre-dia-internacional-del-laicismo-y-la-libertad-de-conciencia-en-defensa-de-una-escuela-publica-y-laica\/","title":{"rendered":"9 de diciembre, d\u00eda internacional del laicismo y la libertad de conciencia. En defensa de una escuela p\u00fablica y laica"},"content":{"rendered":"<p><strong>El sistema educativo debe perseguir el inter\u00e9s superior del ni\u00f1o y de la ni\u00f1a, que no es propiedad de los padres, que no tiene por qu\u00e9 ser una copia de estos ni pensar y sentir como ellos.<\/strong><\/p>\n<p><strong>PEDRO L\u00d3PEZ L\u00d3PEZ<\/strong><\/p>\n<p>El 9 de diciembre es una fecha destacable para el laicismo. En ella, en 1905 el Estado franc\u00e9s promulg\u00f3 una ley de laicidad cuyo primer art\u00edculo dice que la Rep\u00fablica garantizar\u00e1 la libertad de conciencia. Igualmente, el primer art\u00edculo de su Constituci\u00f3n define a Francia como una rep\u00fablica laica.<\/p>\n<p>La fecha es tambi\u00e9n significativa en tanto que el 9 de diciembre de 1931 el Estado espa\u00f1ol aprob\u00f3 la Constituci\u00f3n de la Segunda Rep\u00fablica, reconociendo la laicidad del Estado. Por \u00faltimo, el 9 de diciembre tambi\u00e9n es el D\u00eda Internacional Contra el Genocidio. No pocas masacres en la historia se han llevado a cabo con bandera religiosa. En nuestros d\u00edas, se est\u00e1 llevando a cabo un genocidio por parte de Israel, un Estado fundado sobre ra\u00edces religiosas. Cuando se utiliza un argumento religioso, es decir, dogm\u00e1tico, la discusi\u00f3n racional se vuelve muy dif\u00edcil.<\/p>\n<p>Dejando de lado tergiversaciones interesadas, la laicidad es un principio democr\u00e1tico que persigue el establecimiento de condiciones que permitan la libertad de conciencia de las personas. Desde este punto de vista, desde este principio, no hay laicidad negativa ni positiva, la laicidad es facilitar que los ciudadanos tengan autonom\u00eda moral para elegir los principios pol\u00edticos y morales que consideren justos.<\/p>\n<p>Para hacer posible la autonom\u00eda moral de las personas hay que empezar por excluir del sistema educativo los dogmas, mayormente religiosos, que con frecuencia aquellas que han sido adoctrinadas desde su ni\u00f1ez conservan toda su vida. En la etapa infantil el individuo todav\u00eda no tiene criterios para distinguir lo justo de lo injusto, lo racional de lo irracional, ni para combatir el adoctrinamiento. Con la madurez contar\u00e1 con herramientas si su formaci\u00f3n es adecuada.<\/p>\n<p>Una visi\u00f3n interesada y ampliamente difundida ataca al laicismo (movimiento social por la laicidad del estado) present\u00e1ndolo como enemigo de la religi\u00f3n. Desde esos mismos sectores, se acusa de adoctrinamiento a la exposici\u00f3n y difusi\u00f3n de las ideas laicistas. No se puede ignorar el peso que todav\u00eda conservan los sectores cat\u00f3licos integristas, herederos de un nacionalcatolicismo impuesto por el r\u00e9gimen franquista y todav\u00eda apoyado econ\u00f3mica, medi\u00e1tica y pol\u00edticamente por todos los gobiernos que hemos tenido. As\u00ed, no es de recibo que en ayuntamientos gobernados por la derecha, e incluso por una sedicente izquierda, se cedan terrenos gratuitamente para colegios religiosos concertados, es decir, pagados con el erario p\u00fablico.<\/p>\n<p>El laicismo persigue la laicidad del estado, su neutralidad frente a cualquier opci\u00f3n de conciencia (especialmente en el terreno religioso), lo que supone que ninguna religi\u00f3n est\u00e9 inserta en el sistema educativo. Puede estarlo como objeto de estudio, pero no desde el proselitismo y el adoctrinamiento.<\/p>\n<p>El sistema educativo debe perseguir el inter\u00e9s superior del ni\u00f1o y de la ni\u00f1a, que no es propiedad de los padres, que no tiene por qu\u00e9 ser una copia de estos ni pensar y sentir como ellos. El inter\u00e9s superior de los ni\u00f1os est\u00e1 consagrado en la Convenci\u00f3n de los Derechos del Ni\u00f1o, y aunque no lo estuviera deber\u00eda ser de sentido com\u00fan en una democracia.<\/p>\n<p>Se da la circunstancia de que sectores ultracat\u00f3licos acusan y denuncian a quienes promovemos la laicidad y los derechos humanos, que son condiciones y objetivos para todas las personas sin ning\u00fan tipo de discriminaci\u00f3n (seg\u00fan el art\u00edculo 2 de la Declaraci\u00f3n Universal de Derechos Humanos).<\/p>\n<p>La principal instituci\u00f3n religiosa de nuestro pa\u00eds, la Iglesia Cat\u00f3lica, cuyo fin declarado no puede ser otro que la evangelizaci\u00f3n, o sea, el adoctrinamiento religioso \u2014dejando aparte sus fines cremat\u00edsticos y de poder, estos no declarados\u2014, secunda este ataque hacia los promotores de principios democr\u00e1ticos y universales, es decir, dirigidos a toda la poblaci\u00f3n, no a un sector espec\u00edfico, ll\u00e1mese reba\u00f1o, parroquia, feligres\u00eda o cualquier otro t\u00e9rmino.<\/p>\n<p>La funci\u00f3n de la educaci\u00f3n es formar ciudadanos, no feligreses. El rezo y la catequesis tienen su lugar en las iglesias; no ser\u00e1 por falta de locales, cuando la Iglesia Cat\u00f3lica es el m\u00e1ximo propietario privado de inmuebles, gracias al extendido esc\u00e1ndalo de las inmatriculaciones.<\/p>\n<p>El laicismo no es una ideolog\u00eda m\u00e1s que tenga que competir en el \u00abmercado\u00bb de las ideolog\u00edas, es un principio democr\u00e1tico, una condici\u00f3n b\u00e1sica de la democracia. No es correcto plantear la elecci\u00f3n entre religi\u00f3n o laicidad, en el estado laico cabemos todos: creyentes y no creyentes, agn\u00f3sticos y ateos, cat\u00f3licos y musulmanes, budistas y evang\u00e9licos&#8230; Todas las sensibilidades, religiosas o no religiosas, caben en la democracia, que si no es laica no es plena.<\/p>\n<p><strong>Este art\u00edculo fue originalmente publicado en <a href=\"https:\/\/blogs.publico.es\/otrasmiradas\/77734\/9-de-diciembre-dia-internacional-del-laicismo-y-la-libertad-de-conciencia-en-defensa-de-una-escuela-publica-y-laica\/#md=modulo-portada-fila-de-modulos:3x2-t1;mm=mobile-medium\" target=\"_blank\" rel=\"noopener\">publico. es.<\/a><\/strong><\/p>\n<p>&nbsp;<\/p>\n","protected":false},"excerpt":{"rendered":"<p>El sistema educativo debe perseguir el inter\u00e9s superior del ni\u00f1o y de la ni\u00f1a, que<\/p>\n","protected":false},"author":854,"featured_media":18355,"comment_status":"open","ping_status":"open","sticky":false,"template":"","format":"standard","meta":{"footnotes":""},"categories":[504],"tags":[],"class_list":["post-18354","post","type-post","status-publish","format-standard","has-post-thumbnail","hentry","category-a-debate"],"yoast_head":"<!-- This site is optimized with the Yoast SEO plugin v26.7 - https:\/\/yoast.com\/wordpress\/plugins\/seo\/ -->\n<title>9 de diciembre, d\u00eda internacional del laicismo y la libertad de conciencia. En defensa de una escuela p\u00fablica y laica<\/title>\n<meta name=\"description\" content=\"El sistema educativo debe perseguir el inter\u00e9s superior del ni\u00f1o y de la ni\u00f1a, que no es propiedad de los padres, que no tiene por qu\u00e9 ser una copia de\" \/>\n<meta name=\"robots\" content=\"index, follow, max-snippet:-1, max-image-preview:large, max-video-preview:-1\" \/>\n<link rel=\"canonical\" href=\"https:\/\/www.cgtaragonlarioja.org\/fedens\/9-de-diciembre-dia-internacional-del-laicismo-y-la-libertad-de-conciencia-en-defensa-de-una-escuela-publica-y-laica\/\" \/>\n<meta property=\"og:locale\" content=\"es_ES\" \/>\n<meta property=\"og:type\" content=\"article\" \/>\n<meta property=\"og:title\" content=\"9 de diciembre, d\u00eda internacional del laicismo y la libertad de conciencia. En defensa de una escuela p\u00fablica y laica\" \/>\n<meta property=\"og:description\" content=\"El sistema educativo debe perseguir el inter\u00e9s superior del ni\u00f1o y de la ni\u00f1a, que no es propiedad de los padres, que no tiene por qu\u00e9 ser una copia de\" \/>\n<meta property=\"og:url\" content=\"https:\/\/www.cgtaragonlarioja.org\/fedens\/9-de-diciembre-dia-internacional-del-laicismo-y-la-libertad-de-conciencia-en-defensa-de-una-escuela-publica-y-laica\/\" \/>\n<meta property=\"og:site_name\" content=\"CGT Arag\u00f3n - La Rioja. ENSE\u00d1ANZA\" \/>\n<meta property=\"article:publisher\" content=\"https:\/\/www.facebook.com\/CGTEnseAragon\/\" \/>\n<meta property=\"article:published_time\" content=\"2023-12-19T09:01:51+00:00\" \/>\n<meta property=\"og:image\" content=\"https:\/\/www.cgtaragonlarioja.org\/fedens\/files\/2023\/12\/religion-en-la-escuela.jpg\" \/>\n\t<meta property=\"og:image:width\" content=\"700\" \/>\n\t<meta property=\"og:image:height\" content=\"439\" \/>\n\t<meta property=\"og:image:type\" content=\"image\/jpeg\" \/>\n<meta name=\"author\" content=\"CGT Ense\u00f1anza Arag\u00f3n\" \/>\n<meta name=\"twitter:card\" content=\"summary_large_image\" \/>\n<meta name=\"twitter:creator\" content=\"@CGTeduAragon\" \/>\n<meta name=\"twitter:site\" content=\"@CGTeduAragon\" \/>\n<meta name=\"twitter:label1\" content=\"Escrito por\" \/>\n\t<meta name=\"twitter:data1\" content=\"CGT Ense\u00f1anza Arag\u00f3n\" \/>\n\t<meta name=\"twitter:label2\" content=\"Tiempo de lectura\" \/>\n\t<meta name=\"twitter:data2\" content=\"4 minutos\" \/>\n<script type=\"application\/ld+json\" class=\"yoast-schema-graph\">{\"@context\":\"https:\/\/schema.org\",\"@graph\":[{\"@type\":\"Article\",\"@id\":\"https:\/\/www.cgtaragonlarioja.org\/fedens\/9-de-diciembre-dia-internacional-del-laicismo-y-la-libertad-de-conciencia-en-defensa-de-una-escuela-publica-y-laica\/#article\",\"isPartOf\":{\"@id\":\"https:\/\/www.cgtaragonlarioja.org\/fedens\/9-de-diciembre-dia-internacional-del-laicismo-y-la-libertad-de-conciencia-en-defensa-de-una-escuela-publica-y-laica\/\"},\"author\":{\"name\":\"CGT Ense\u00f1anza Arag\u00f3n\",\"@id\":\"https:\/\/www.cgtaragonlarioja.org\/fedens\/#\/schema\/person\/f577cbf9ee1fb7519bfd883ac4f4032f\"},\"headline\":\"9 de diciembre, d\u00eda internacional del laicismo y la libertad de conciencia. En defensa de una escuela p\u00fablica y laica\",\"datePublished\":\"2023-12-19T09:01:51+00:00\",\"mainEntityOfPage\":{\"@id\":\"https:\/\/www.cgtaragonlarioja.org\/fedens\/9-de-diciembre-dia-internacional-del-laicismo-y-la-libertad-de-conciencia-en-defensa-de-una-escuela-publica-y-laica\/\"},\"wordCount\":880,\"commentCount\":0,\"publisher\":{\"@id\":\"https:\/\/www.cgtaragonlarioja.org\/fedens\/#organization\"},\"image\":{\"@id\":\"https:\/\/www.cgtaragonlarioja.org\/fedens\/9-de-diciembre-dia-internacional-del-laicismo-y-la-libertad-de-conciencia-en-defensa-de-una-escuela-publica-y-laica\/#primaryimage\"},\"thumbnailUrl\":\"https:\/\/www.cgtaragonlarioja.org\/fedens\/files\/2023\/12\/religion-en-la-escuela.jpg\",\"articleSection\":[\"A Debate\"],\"inLanguage\":\"es\",\"potentialAction\":[{\"@type\":\"CommentAction\",\"name\":\"Comment\",\"target\":[\"https:\/\/www.cgtaragonlarioja.org\/fedens\/9-de-diciembre-dia-internacional-del-laicismo-y-la-libertad-de-conciencia-en-defensa-de-una-escuela-publica-y-laica\/#respond\"]}]},{\"@type\":\"WebPage\",\"@id\":\"https:\/\/www.cgtaragonlarioja.org\/fedens\/9-de-diciembre-dia-internacional-del-laicismo-y-la-libertad-de-conciencia-en-defensa-de-una-escuela-publica-y-laica\/\",\"url\":\"https:\/\/www.cgtaragonlarioja.org\/fedens\/9-de-diciembre-dia-internacional-del-laicismo-y-la-libertad-de-conciencia-en-defensa-de-una-escuela-publica-y-laica\/\",\"name\":\"9 de diciembre, d\u00eda internacional del laicismo y la libertad de conciencia. En defensa de una escuela p\u00fablica y laica\",\"isPartOf\":{\"@id\":\"https:\/\/www.cgtaragonlarioja.org\/fedens\/#website\"},\"primaryImageOfPage\":{\"@id\":\"https:\/\/www.cgtaragonlarioja.org\/fedens\/9-de-diciembre-dia-internacional-del-laicismo-y-la-libertad-de-conciencia-en-defensa-de-una-escuela-publica-y-laica\/#primaryimage\"},\"image\":{\"@id\":\"https:\/\/www.cgtaragonlarioja.org\/fedens\/9-de-diciembre-dia-internacional-del-laicismo-y-la-libertad-de-conciencia-en-defensa-de-una-escuela-publica-y-laica\/#primaryimage\"},\"thumbnailUrl\":\"https:\/\/www.cgtaragonlarioja.org\/fedens\/files\/2023\/12\/religion-en-la-escuela.jpg\",\"datePublished\":\"2023-12-19T09:01:51+00:00\",\"description\":\"El sistema educativo debe perseguir el inter\u00e9s superior del ni\u00f1o y de la ni\u00f1a, que no es propiedad de los padres, que no tiene por qu\u00e9 ser una copia de\",\"breadcrumb\":{\"@id\":\"https:\/\/www.cgtaragonlarioja.org\/fedens\/9-de-diciembre-dia-internacional-del-laicismo-y-la-libertad-de-conciencia-en-defensa-de-una-escuela-publica-y-laica\/#breadcrumb\"},\"inLanguage\":\"es\",\"potentialAction\":[{\"@type\":\"ReadAction\",\"target\":[\"https:\/\/www.cgtaragonlarioja.org\/fedens\/9-de-diciembre-dia-internacional-del-laicismo-y-la-libertad-de-conciencia-en-defensa-de-una-escuela-publica-y-laica\/\"]}]},{\"@type\":\"ImageObject\",\"inLanguage\":\"es\",\"@id\":\"https:\/\/www.cgtaragonlarioja.org\/fedens\/9-de-diciembre-dia-internacional-del-laicismo-y-la-libertad-de-conciencia-en-defensa-de-una-escuela-publica-y-laica\/#primaryimage\",\"url\":\"https:\/\/www.cgtaragonlarioja.org\/fedens\/files\/2023\/12\/religion-en-la-escuela.jpg\",\"contentUrl\":\"https:\/\/www.cgtaragonlarioja.org\/fedens\/files\/2023\/12\/religion-en-la-escuela.jpg\",\"width\":700,\"height\":439},{\"@type\":\"BreadcrumbList\",\"@id\":\"https:\/\/www.cgtaragonlarioja.org\/fedens\/9-de-diciembre-dia-internacional-del-laicismo-y-la-libertad-de-conciencia-en-defensa-de-una-escuela-publica-y-laica\/#breadcrumb\",\"itemListElement\":[{\"@type\":\"ListItem\",\"position\":1,\"name\":\"Portada\",\"item\":\"https:\/\/www.cgtaragonlarioja.org\/fedens\/\"},{\"@type\":\"ListItem\",\"position\":2,\"name\":\"9 de diciembre, d\u00eda internacional del laicismo y la libertad de conciencia. En defensa de una escuela p\u00fablica y laica\"}]},{\"@type\":\"WebSite\",\"@id\":\"https:\/\/www.cgtaragonlarioja.org\/fedens\/#website\",\"url\":\"https:\/\/www.cgtaragonlarioja.org\/fedens\/\",\"name\":\"CGT Arag\u00f3n - La Rioja. ENSE\u00d1ANZA\",\"description\":\"CONTACTAR: Calatayud-Aranda: 654897973 \/ Huesca: 974238404 \/ Teruel: 978619265 \/ Zaragoza: 976922002\",\"publisher\":{\"@id\":\"https:\/\/www.cgtaragonlarioja.org\/fedens\/#organization\"},\"potentialAction\":[{\"@type\":\"SearchAction\",\"target\":{\"@type\":\"EntryPoint\",\"urlTemplate\":\"https:\/\/www.cgtaragonlarioja.org\/fedens\/?s={search_term_string}\"},\"query-input\":{\"@type\":\"PropertyValueSpecification\",\"valueRequired\":true,\"valueName\":\"search_term_string\"}}],\"inLanguage\":\"es\"},{\"@type\":\"Organization\",\"@id\":\"https:\/\/www.cgtaragonlarioja.org\/fedens\/#organization\",\"name\":\"CGT Arag\u00f3n y La Rioja - Ense\u00f1anza\",\"url\":\"https:\/\/www.cgtaragonlarioja.org\/fedens\/\",\"logo\":{\"@type\":\"ImageObject\",\"inLanguage\":\"es\",\"@id\":\"https:\/\/www.cgtaragonlarioja.org\/fedens\/#\/schema\/logo\/image\/\",\"url\":\"https:\/\/www.cgtaragonlarioja.org\/fedens\/files\/2021\/02\/logo_cgt_ense_huesca_170x250.png\",\"contentUrl\":\"https:\/\/www.cgtaragonlarioja.org\/fedens\/files\/2021\/02\/logo_cgt_ense_huesca_170x250.png\",\"width\":170,\"height\":250,\"caption\":\"CGT Arag\u00f3n y La Rioja - Ense\u00f1anza\"},\"image\":{\"@id\":\"https:\/\/www.cgtaragonlarioja.org\/fedens\/#\/schema\/logo\/image\/\"},\"sameAs\":[\"https:\/\/www.facebook.com\/CGTEnseAragon\/\",\"https:\/\/x.com\/CGTeduAragon\"]},{\"@type\":\"Person\",\"@id\":\"https:\/\/www.cgtaragonlarioja.org\/fedens\/#\/schema\/person\/f577cbf9ee1fb7519bfd883ac4f4032f\",\"name\":\"CGT Ense\u00f1anza Arag\u00f3n\",\"image\":{\"@type\":\"ImageObject\",\"inLanguage\":\"es\",\"@id\":\"https:\/\/www.cgtaragonlarioja.org\/fedens\/#\/schema\/person\/image\/\",\"url\":\"https:\/\/secure.gravatar.com\/avatar\/6591cafae8da970274bd48ef06b7f86ae2c2ba705fb2cdafa9b5f7f48c95a765?s=96&d=mm&r=g\",\"contentUrl\":\"https:\/\/secure.gravatar.com\/avatar\/6591cafae8da970274bd48ef06b7f86ae2c2ba705fb2cdafa9b5f7f48c95a765?s=96&d=mm&r=g\",\"caption\":\"CGT Ense\u00f1anza Arag\u00f3n\"},\"url\":\"https:\/\/www.cgtaragonlarioja.org\/fedens\/author\/fasecgt\/\"}]}<\/script>\n<!-- \/ Yoast SEO plugin. -->","yoast_head_json":{"title":"9 de diciembre, d\u00eda internacional del laicismo y la libertad de conciencia. En defensa de una escuela p\u00fablica y laica","description":"El sistema educativo debe perseguir el inter\u00e9s superior del ni\u00f1o y de la ni\u00f1a, que no es propiedad de los padres, que no tiene por qu\u00e9 ser una copia de","robots":{"index":"index","follow":"follow","max-snippet":"max-snippet:-1","max-image-preview":"max-image-preview:large","max-video-preview":"max-video-preview:-1"},"canonical":"https:\/\/www.cgtaragonlarioja.org\/fedens\/9-de-diciembre-dia-internacional-del-laicismo-y-la-libertad-de-conciencia-en-defensa-de-una-escuela-publica-y-laica\/","og_locale":"es_ES","og_type":"article","og_title":"9 de diciembre, d\u00eda internacional del laicismo y la libertad de conciencia. En defensa de una escuela p\u00fablica y laica","og_description":"El sistema educativo debe perseguir el inter\u00e9s superior del ni\u00f1o y de la ni\u00f1a, que no es propiedad de los padres, que no tiene por qu\u00e9 ser una copia de","og_url":"https:\/\/www.cgtaragonlarioja.org\/fedens\/9-de-diciembre-dia-internacional-del-laicismo-y-la-libertad-de-conciencia-en-defensa-de-una-escuela-publica-y-laica\/","og_site_name":"CGT Arag\u00f3n - La Rioja. ENSE\u00d1ANZA","article_publisher":"https:\/\/www.facebook.com\/CGTEnseAragon\/","article_published_time":"2023-12-19T09:01:51+00:00","og_image":[{"width":700,"height":439,"url":"https:\/\/www.cgtaragonlarioja.org\/fedens\/files\/2023\/12\/religion-en-la-escuela.jpg","type":"image\/jpeg"}],"author":"CGT Ense\u00f1anza Arag\u00f3n","twitter_card":"summary_large_image","twitter_creator":"@CGTeduAragon","twitter_site":"@CGTeduAragon","twitter_misc":{"Escrito por":"CGT Ense\u00f1anza Arag\u00f3n","Tiempo de lectura":"4 minutos"},"schema":{"@context":"https:\/\/schema.org","@graph":[{"@type":"Article","@id":"https:\/\/www.cgtaragonlarioja.org\/fedens\/9-de-diciembre-dia-internacional-del-laicismo-y-la-libertad-de-conciencia-en-defensa-de-una-escuela-publica-y-laica\/#article","isPartOf":{"@id":"https:\/\/www.cgtaragonlarioja.org\/fedens\/9-de-diciembre-dia-internacional-del-laicismo-y-la-libertad-de-conciencia-en-defensa-de-una-escuela-publica-y-laica\/"},"author":{"name":"CGT Ense\u00f1anza Arag\u00f3n","@id":"https:\/\/www.cgtaragonlarioja.org\/fedens\/#\/schema\/person\/f577cbf9ee1fb7519bfd883ac4f4032f"},"headline":"9 de diciembre, d\u00eda internacional del laicismo y la libertad de conciencia. En defensa de una escuela p\u00fablica y laica","datePublished":"2023-12-19T09:01:51+00:00","mainEntityOfPage":{"@id":"https:\/\/www.cgtaragonlarioja.org\/fedens\/9-de-diciembre-dia-internacional-del-laicismo-y-la-libertad-de-conciencia-en-defensa-de-una-escuela-publica-y-laica\/"},"wordCount":880,"commentCount":0,"publisher":{"@id":"https:\/\/www.cgtaragonlarioja.org\/fedens\/#organization"},"image":{"@id":"https:\/\/www.cgtaragonlarioja.org\/fedens\/9-de-diciembre-dia-internacional-del-laicismo-y-la-libertad-de-conciencia-en-defensa-de-una-escuela-publica-y-laica\/#primaryimage"},"thumbnailUrl":"https:\/\/www.cgtaragonlarioja.org\/fedens\/files\/2023\/12\/religion-en-la-escuela.jpg","articleSection":["A Debate"],"inLanguage":"es","potentialAction":[{"@type":"CommentAction","name":"Comment","target":["https:\/\/www.cgtaragonlarioja.org\/fedens\/9-de-diciembre-dia-internacional-del-laicismo-y-la-libertad-de-conciencia-en-defensa-de-una-escuela-publica-y-laica\/#respond"]}]},{"@type":"WebPage","@id":"https:\/\/www.cgtaragonlarioja.org\/fedens\/9-de-diciembre-dia-internacional-del-laicismo-y-la-libertad-de-conciencia-en-defensa-de-una-escuela-publica-y-laica\/","url":"https:\/\/www.cgtaragonlarioja.org\/fedens\/9-de-diciembre-dia-internacional-del-laicismo-y-la-libertad-de-conciencia-en-defensa-de-una-escuela-publica-y-laica\/","name":"9 de diciembre, d\u00eda internacional del laicismo y la libertad de conciencia. En defensa de una escuela p\u00fablica y laica","isPartOf":{"@id":"https:\/\/www.cgtaragonlarioja.org\/fedens\/#website"},"primaryImageOfPage":{"@id":"https:\/\/www.cgtaragonlarioja.org\/fedens\/9-de-diciembre-dia-internacional-del-laicismo-y-la-libertad-de-conciencia-en-defensa-de-una-escuela-publica-y-laica\/#primaryimage"},"image":{"@id":"https:\/\/www.cgtaragonlarioja.org\/fedens\/9-de-diciembre-dia-internacional-del-laicismo-y-la-libertad-de-conciencia-en-defensa-de-una-escuela-publica-y-laica\/#primaryimage"},"thumbnailUrl":"https:\/\/www.cgtaragonlarioja.org\/fedens\/files\/2023\/12\/religion-en-la-escuela.jpg","datePublished":"2023-12-19T09:01:51+00:00","description":"El sistema educativo debe perseguir el inter\u00e9s superior del ni\u00f1o y de la ni\u00f1a, que no es propiedad de los padres, que no tiene por qu\u00e9 ser una copia de","breadcrumb":{"@id":"https:\/\/www.cgtaragonlarioja.org\/fedens\/9-de-diciembre-dia-internacional-del-laicismo-y-la-libertad-de-conciencia-en-defensa-de-una-escuela-publica-y-laica\/#breadcrumb"},"inLanguage":"es","potentialAction":[{"@type":"ReadAction","target":["https:\/\/www.cgtaragonlarioja.org\/fedens\/9-de-diciembre-dia-internacional-del-laicismo-y-la-libertad-de-conciencia-en-defensa-de-una-escuela-publica-y-laica\/"]}]},{"@type":"ImageObject","inLanguage":"es","@id":"https:\/\/www.cgtaragonlarioja.org\/fedens\/9-de-diciembre-dia-internacional-del-laicismo-y-la-libertad-de-conciencia-en-defensa-de-una-escuela-publica-y-laica\/#primaryimage","url":"https:\/\/www.cgtaragonlarioja.org\/fedens\/files\/2023\/12\/religion-en-la-escuela.jpg","contentUrl":"https:\/\/www.cgtaragonlarioja.org\/fedens\/files\/2023\/12\/religion-en-la-escuela.jpg","width":700,"height":439},{"@type":"BreadcrumbList","@id":"https:\/\/www.cgtaragonlarioja.org\/fedens\/9-de-diciembre-dia-internacional-del-laicismo-y-la-libertad-de-conciencia-en-defensa-de-una-escuela-publica-y-laica\/#breadcrumb","itemListElement":[{"@type":"ListItem","position":1,"name":"Portada","item":"https:\/\/www.cgtaragonlarioja.org\/fedens\/"},{"@type":"ListItem","position":2,"name":"9 de diciembre, d\u00eda internacional del laicismo y la libertad de conciencia. En defensa de una escuela p\u00fablica y laica"}]},{"@type":"WebSite","@id":"https:\/\/www.cgtaragonlarioja.org\/fedens\/#website","url":"https:\/\/www.cgtaragonlarioja.org\/fedens\/","name":"CGT Arag\u00f3n - La Rioja. ENSE\u00d1ANZA","description":"CONTACTAR: Calatayud-Aranda: 654897973 \/ Huesca: 974238404 \/ Teruel: 978619265 \/ Zaragoza: 976922002","publisher":{"@id":"https:\/\/www.cgtaragonlarioja.org\/fedens\/#organization"},"potentialAction":[{"@type":"SearchAction","target":{"@type":"EntryPoint","urlTemplate":"https:\/\/www.cgtaragonlarioja.org\/fedens\/?s={search_term_string}"},"query-input":{"@type":"PropertyValueSpecification","valueRequired":true,"valueName":"search_term_string"}}],"inLanguage":"es"},{"@type":"Organization","@id":"https:\/\/www.cgtaragonlarioja.org\/fedens\/#organization","name":"CGT Arag\u00f3n y La Rioja - Ense\u00f1anza","url":"https:\/\/www.cgtaragonlarioja.org\/fedens\/","logo":{"@type":"ImageObject","inLanguage":"es","@id":"https:\/\/www.cgtaragonlarioja.org\/fedens\/#\/schema\/logo\/image\/","url":"https:\/\/www.cgtaragonlarioja.org\/fedens\/files\/2021\/02\/logo_cgt_ense_huesca_170x250.png","contentUrl":"https:\/\/www.cgtaragonlarioja.org\/fedens\/files\/2021\/02\/logo_cgt_ense_huesca_170x250.png","width":170,"height":250,"caption":"CGT Arag\u00f3n y La Rioja - Ense\u00f1anza"},"image":{"@id":"https:\/\/www.cgtaragonlarioja.org\/fedens\/#\/schema\/logo\/image\/"},"sameAs":["https:\/\/www.facebook.com\/CGTEnseAragon\/","https:\/\/x.com\/CGTeduAragon"]},{"@type":"Person","@id":"https:\/\/www.cgtaragonlarioja.org\/fedens\/#\/schema\/person\/f577cbf9ee1fb7519bfd883ac4f4032f","name":"CGT Ense\u00f1anza Arag\u00f3n","image":{"@type":"ImageObject","inLanguage":"es","@id":"https:\/\/www.cgtaragonlarioja.org\/fedens\/#\/schema\/person\/image\/","url":"https:\/\/secure.gravatar.com\/avatar\/6591cafae8da970274bd48ef06b7f86ae2c2ba705fb2cdafa9b5f7f48c95a765?s=96&d=mm&r=g","contentUrl":"https:\/\/secure.gravatar.com\/avatar\/6591cafae8da970274bd48ef06b7f86ae2c2ba705fb2cdafa9b5f7f48c95a765?s=96&d=mm&r=g","caption":"CGT Ense\u00f1anza Arag\u00f3n"},"url":"https:\/\/www.cgtaragonlarioja.org\/fedens\/author\/fasecgt\/"}]}},"_links":{"self":[{"href":"https:\/\/www.cgtaragonlarioja.org\/fedens\/wp-json\/wp\/v2\/posts\/18354","targetHints":{"allow":["GET"]}}],"collection":[{"href":"https:\/\/www.cgtaragonlarioja.org\/fedens\/wp-json\/wp\/v2\/posts"}],"about":[{"href":"https:\/\/www.cgtaragonlarioja.org\/fedens\/wp-json\/wp\/v2\/types\/post"}],"author":[{"embeddable":true,"href":"https:\/\/www.cgtaragonlarioja.org\/fedens\/wp-json\/wp\/v2\/users\/854"}],"replies":[{"embeddable":true,"href":"https:\/\/www.cgtaragonlarioja.org\/fedens\/wp-json\/wp\/v2\/comments?post=18354"}],"version-history":[{"count":1,"href":"https:\/\/www.cgtaragonlarioja.org\/fedens\/wp-json\/wp\/v2\/posts\/18354\/revisions"}],"predecessor-version":[{"id":18356,"href":"https:\/\/www.cgtaragonlarioja.org\/fedens\/wp-json\/wp\/v2\/posts\/18354\/revisions\/18356"}],"wp:featuredmedia":[{"embeddable":true,"href":"https:\/\/www.cgtaragonlarioja.org\/fedens\/wp-json\/wp\/v2\/media\/18355"}],"wp:attachment":[{"href":"https:\/\/www.cgtaragonlarioja.org\/fedens\/wp-json\/wp\/v2\/media?parent=18354"}],"wp:term":[{"taxonomy":"category","embeddable":true,"href":"https:\/\/www.cgtaragonlarioja.org\/fedens\/wp-json\/wp\/v2\/categories?post=18354"},{"taxonomy":"post_tag","embeddable":true,"href":"https:\/\/www.cgtaragonlarioja.org\/fedens\/wp-json\/wp\/v2\/tags?post=18354"}],"curies":[{"name":"wp","href":"https:\/\/api.w.org\/{rel}","templated":true}]}}