{"id":16878,"date":"2023-04-18T10:19:33","date_gmt":"2023-04-18T08:19:33","guid":{"rendered":"https:\/\/www.cgtaragonlarioja.org\/fedens\/?p=16878"},"modified":"2023-04-18T10:19:33","modified_gmt":"2023-04-18T08:19:33","slug":"el-adoctrinamiento-y-las-varas-de-medir","status":"publish","type":"post","link":"https:\/\/www.cgtaragonlarioja.org\/fedens\/el-adoctrinamiento-y-las-varas-de-medir\/","title":{"rendered":"El adoctrinamiento y las varas de medir"},"content":{"rendered":"<p><strong> Es inaudito presentar los valores c\u00edvicos y los derechos humanos como una pretensi\u00f3n de adoctrinamiento. <\/strong><\/p>\n<p><strong>PEDRO L\u00d3PEZ L\u00d3PEZ<\/strong><\/p>\n<p>Entre el griter\u00edo de la derecha ante cualquier propuesta o acci\u00f3n de la izquierda en el sistema educativo -o en cualquier otro-, una de las soflamas preferidas es la acusaci\u00f3n de adoctrinamiento. Especialmente virulenta se hace esta soflama cuando viene de los sectores m\u00e1s recalcitrantes de la derecha tanto pol\u00edtica como religiosa. As\u00ed, a principios de febrero la empresaria y pol\u00edtica uribista colombiana Mar\u00eda Fernanda Cabal, ante un encuentro entre el papa Francisco y el candidato presidencial Gustavo Petro, acusaba al primero de \u00ab<a href=\"https:\/\/www.semana.com\/nacion\/articulo\/adoctrinar-en-socialismo-a-traves-de-la-fe-maria-fernanda-cabal-critica-encuentro-entre-petro-y-el-papa\/202236\/\">adoctrinar en socialismo a trav\u00e9s de la fe\u00bb<\/a>. Es de suponer que Cabal no ve que haya adoctrinamiento en capitalismo. En el sistema educativo la derecha adoctrina tanto en materia religiosa como econ\u00f3mica (el capitalismo neoliberal es el culmen de la evoluci\u00f3n humana).<\/p>\n<p>Por nuestros lares, los mensajes desde la Iglesia y sectores afines apuntan m\u00e1s directamente a los valores y principios de convivencia, que, cuando no son los suyos (particulares) siempre se dirigen malignamente a \u00abadoctrinar\u00bb igualmente en valores socialistas y laicos. Es curioso, ya que tanto el socialismo como el laicismo apuntan a valores comunes. Si el socialismo intenta una sociedad regida por el beneficio para todos y no para una \u00e9lite o un grupo particular, y el laicismo quiere alcanzar una separaci\u00f3n Iglesia-Estado para evitar la tutela religiosa de la sociedad de tal manera que esta se rija por valores universales y no particulares, el capitalismo exalta el beneficio individual con mucha frecuencia en detrimento del beneficio colectivo, y el clericalismo que irradia desde la Iglesia busca catequizar a la sociedad en valores y ritos (acabamos de pasar la llamada Semana Santa con una semiparalizaci\u00f3n del pa\u00eds y una obstrucci\u00f3n generalizada del derecho a la libre circulaci\u00f3n con unas procesiones ocupando las calles abusivamente).<\/p>\n<p>Ya vimos en el circo montado en torno a la educaci\u00f3n para la ciudadan\u00eda la tergiversaci\u00f3n interesada de los argumentos dados por los detractores de la misma, hasta acusar de querer adoctrinar con la impartici\u00f3n de la materia. Es inaudito presentar los valores c\u00edvicos y los derechos humanos como una pretensi\u00f3n de adoctrinamiento. Los valores universales que se contienen en estos \u00e1mbitos hacen imposible el adoctrinamiento. Son los valores particulares los que adoctrinan, pero, igual que los golpistas de 1936 acusaron a los que defendieron el gobierno republicano leg\u00edtimo de \u00abauxilio a la rebeli\u00f3n\u00bb, cuando los rebeldes fueron ellos, en este debate tambi\u00e9n acusan a los adversarios de lo que ellos mismos practican desde hace siglos, el adoctrinamiento, y desde la m\u00e1s tierna infancia. Pocas cosas han revuelto m\u00e1s a nuestros obispos que la educaci\u00f3n para la ciudadan\u00eda.<\/p>\n<p>Hablar de derechos como la eutanasia, el aborto o el divorcio, los tres legales en nuestro pa\u00eds, es adoctrinar para la derecha recalcitrante y para la Conferencia Episcopal, pero hablar de unos seres imaginarios que nadie ha podido ver, aunque algunos imaginen que han visto, e incluso <a href=\"https:\/\/www.eldiario.es\/andalucia\/virgen-amor-medalla-merito-policial_1_4927772.html\">otorgar medallas<\/a> o nombrar <a href=\"https:\/\/www.aciprensa.com\/noticias\/la-virgen-de-la-paz-es-nombrada-alcaldesa-honoraria-de-una-ciudad-espanola-94412\">alcaldesas honorarias<\/a> a v\u00edrgenes (seres imaginarios), les parece de lo m\u00e1s normal. En cuanto a la ampliaci\u00f3n de derechos que siempre ha combatido la derecha (Alianza Popular o el Partido Popular, y ahora Vox), una vez que se consiguen son los primeros en ejercitarlos, \u00bfo es que entre las gentes de la derecha no hay abortos o divorcios? Es lo mismo que las personas que atacan furibundamente a los sindicatos y cuando se consiguen mejoras salariales o de otro tipo, les parece muy bien beneficiarse de ellas.<\/p>\n<p>Pero la derecha extiende sus dominios m\u00e1s all\u00e1 de la religi\u00f3n, como en la econom\u00eda o en la geopol\u00edtica. As\u00ed vemos que \u00ab<a href=\"https:\/\/www.cronicalibre.com\/investigacion\/el-gobierno-de-estados-unidos-reparte-miles-de-dolares-a-colegios-e-instituciones-espanoles-por-promover-el-orden-militar-de-la-otan\/\">El gobierno de Estados Unidos reparte miles de d\u00f3lares a colegios e instituciones espa\u00f1olas por promover el orden militar de la OTAN\u00bb<\/a>, titular de una noticia de estos d\u00edas. Me parecer\u00eda rar\u00edsimo que desde la derecha haya una sola protesta ante esta barbaridad, porque para este sector el capitalismo neoliberal, la visi\u00f3n religiosa y la visi\u00f3n securitaria-militarista de la OTAN son presentados como \u00ablo natural\u00bb, no ven (o no quieren ver) asomo de adoctrinamiento.<\/p>\n<p>Con este grado de hipocres\u00eda se hace imposible el debate racional sobre las normas de convivencia que requiere una democracia. Claro, que la idea genuina que tenemos de democracia es cada vez m\u00e1s incompatible con el funcionamiento social actual, \u00bfa qui\u00e9n le interesa ya la calidad de la democracia, en esta anestesia generalizada a la que tanto contribuye la derecha pol\u00edtica y religiosa?<\/p>\n<p><strong>Este art\u00edculo fue originalmente publicado en<a href=\"https:\/\/blogs.publico.es\/otrasmiradas\/71022\/el-adoctrinamiento-y-las-varas-de-medir\/#md=modulo-portada-fila-de-modulos:4x15-t1;mm=mobile-big\" target=\"_blank\" rel=\"noopener\"> publico.es<\/a><\/strong><\/p>\n","protected":false},"excerpt":{"rendered":"<p>Es inaudito presentar los valores c\u00edvicos y los derechos humanos como una pretensi\u00f3n de adoctrinamiento.<\/p>\n","protected":false},"author":854,"featured_media":13322,"comment_status":"open","ping_status":"open","sticky":false,"template":"","format":"standard","meta":{"footnotes":""},"categories":[504],"tags":[],"class_list":["post-16878","post","type-post","status-publish","format-standard","has-post-thumbnail","hentry","category-a-debate"],"yoast_head":"<!-- This site is optimized with the Yoast SEO plugin v26.7 - https:\/\/yoast.com\/wordpress\/plugins\/seo\/ -->\n<title>El adoctrinamiento y las varas de medir<\/title>\n<meta name=\"description\" content=\"Es inaudito presentar los valores c\u00edvicos y los derechos humanos como una pretensi\u00f3n de adoctrinamiento. PEDRO L\u00d3PEZ L\u00d3PEZ Entre el griter\u00edo de la derecha\" \/>\n<meta name=\"robots\" content=\"index, follow, max-snippet:-1, max-image-preview:large, max-video-preview:-1\" \/>\n<link rel=\"canonical\" href=\"https:\/\/www.cgtaragonlarioja.org\/fedens\/el-adoctrinamiento-y-las-varas-de-medir\/\" \/>\n<meta property=\"og:locale\" content=\"es_ES\" \/>\n<meta property=\"og:type\" content=\"article\" \/>\n<meta property=\"og:title\" content=\"El adoctrinamiento y las varas de medir\" \/>\n<meta property=\"og:description\" content=\"Es inaudito presentar los valores c\u00edvicos y los derechos humanos como una pretensi\u00f3n de adoctrinamiento. PEDRO L\u00d3PEZ L\u00d3PEZ Entre el griter\u00edo de la derecha\" \/>\n<meta property=\"og:url\" content=\"https:\/\/www.cgtaragonlarioja.org\/fedens\/el-adoctrinamiento-y-las-varas-de-medir\/\" \/>\n<meta property=\"og:site_name\" content=\"CGT Arag\u00f3n - La Rioja. ENSE\u00d1ANZA\" \/>\n<meta property=\"article:publisher\" content=\"https:\/\/www.facebook.com\/CGTEnseAragon\/\" \/>\n<meta property=\"article:published_time\" content=\"2023-04-18T08:19:33+00:00\" \/>\n<meta property=\"og:image\" content=\"https:\/\/www.cgtaragonlarioja.org\/fedens\/files\/2021\/11\/aula-ninos-ninas-Edu-Bayer-1536x738-1.jpg\" \/>\n\t<meta property=\"og:image:width\" content=\"1536\" \/>\n\t<meta property=\"og:image:height\" content=\"738\" \/>\n\t<meta property=\"og:image:type\" content=\"image\/jpeg\" \/>\n<meta name=\"author\" content=\"CGT Ense\u00f1anza Arag\u00f3n\" \/>\n<meta name=\"twitter:card\" content=\"summary_large_image\" \/>\n<meta name=\"twitter:creator\" content=\"@CGTeduAragon\" \/>\n<meta name=\"twitter:site\" content=\"@CGTeduAragon\" \/>\n<meta name=\"twitter:label1\" content=\"Escrito por\" \/>\n\t<meta name=\"twitter:data1\" content=\"CGT Ense\u00f1anza Arag\u00f3n\" \/>\n\t<meta name=\"twitter:label2\" content=\"Tiempo de lectura\" \/>\n\t<meta name=\"twitter:data2\" content=\"4 minutos\" \/>\n<script type=\"application\/ld+json\" class=\"yoast-schema-graph\">{\"@context\":\"https:\/\/schema.org\",\"@graph\":[{\"@type\":\"Article\",\"@id\":\"https:\/\/www.cgtaragonlarioja.org\/fedens\/el-adoctrinamiento-y-las-varas-de-medir\/#article\",\"isPartOf\":{\"@id\":\"https:\/\/www.cgtaragonlarioja.org\/fedens\/el-adoctrinamiento-y-las-varas-de-medir\/\"},\"author\":{\"name\":\"CGT Ense\u00f1anza Arag\u00f3n\",\"@id\":\"https:\/\/www.cgtaragonlarioja.org\/fedens\/#\/schema\/person\/f577cbf9ee1fb7519bfd883ac4f4032f\"},\"headline\":\"El adoctrinamiento y las varas de medir\",\"datePublished\":\"2023-04-18T08:19:33+00:00\",\"mainEntityOfPage\":{\"@id\":\"https:\/\/www.cgtaragonlarioja.org\/fedens\/el-adoctrinamiento-y-las-varas-de-medir\/\"},\"wordCount\":810,\"commentCount\":0,\"publisher\":{\"@id\":\"https:\/\/www.cgtaragonlarioja.org\/fedens\/#organization\"},\"image\":{\"@id\":\"https:\/\/www.cgtaragonlarioja.org\/fedens\/el-adoctrinamiento-y-las-varas-de-medir\/#primaryimage\"},\"thumbnailUrl\":\"https:\/\/www.cgtaragonlarioja.org\/fedens\/files\/2021\/11\/aula-ninos-ninas-Edu-Bayer-1536x738-1.jpg\",\"articleSection\":[\"A Debate\"],\"inLanguage\":\"es\",\"potentialAction\":[{\"@type\":\"CommentAction\",\"name\":\"Comment\",\"target\":[\"https:\/\/www.cgtaragonlarioja.org\/fedens\/el-adoctrinamiento-y-las-varas-de-medir\/#respond\"]}]},{\"@type\":\"WebPage\",\"@id\":\"https:\/\/www.cgtaragonlarioja.org\/fedens\/el-adoctrinamiento-y-las-varas-de-medir\/\",\"url\":\"https:\/\/www.cgtaragonlarioja.org\/fedens\/el-adoctrinamiento-y-las-varas-de-medir\/\",\"name\":\"El adoctrinamiento y las varas de medir\",\"isPartOf\":{\"@id\":\"https:\/\/www.cgtaragonlarioja.org\/fedens\/#website\"},\"primaryImageOfPage\":{\"@id\":\"https:\/\/www.cgtaragonlarioja.org\/fedens\/el-adoctrinamiento-y-las-varas-de-medir\/#primaryimage\"},\"image\":{\"@id\":\"https:\/\/www.cgtaragonlarioja.org\/fedens\/el-adoctrinamiento-y-las-varas-de-medir\/#primaryimage\"},\"thumbnailUrl\":\"https:\/\/www.cgtaragonlarioja.org\/fedens\/files\/2021\/11\/aula-ninos-ninas-Edu-Bayer-1536x738-1.jpg\",\"datePublished\":\"2023-04-18T08:19:33+00:00\",\"description\":\"Es inaudito presentar los valores c\u00edvicos y los derechos humanos como una pretensi\u00f3n de adoctrinamiento. PEDRO L\u00d3PEZ L\u00d3PEZ Entre el griter\u00edo de la derecha\",\"breadcrumb\":{\"@id\":\"https:\/\/www.cgtaragonlarioja.org\/fedens\/el-adoctrinamiento-y-las-varas-de-medir\/#breadcrumb\"},\"inLanguage\":\"es\",\"potentialAction\":[{\"@type\":\"ReadAction\",\"target\":[\"https:\/\/www.cgtaragonlarioja.org\/fedens\/el-adoctrinamiento-y-las-varas-de-medir\/\"]}]},{\"@type\":\"ImageObject\",\"inLanguage\":\"es\",\"@id\":\"https:\/\/www.cgtaragonlarioja.org\/fedens\/el-adoctrinamiento-y-las-varas-de-medir\/#primaryimage\",\"url\":\"https:\/\/www.cgtaragonlarioja.org\/fedens\/files\/2021\/11\/aula-ninos-ninas-Edu-Bayer-1536x738-1.jpg\",\"contentUrl\":\"https:\/\/www.cgtaragonlarioja.org\/fedens\/files\/2021\/11\/aula-ninos-ninas-Edu-Bayer-1536x738-1.jpg\",\"width\":1536,\"height\":738,\"caption\":\"110912 BARCELONA Clase de sexto grado Vuelta al cole en el colegio Ramon Llull de Barcelona EDU BAYER\"},{\"@type\":\"BreadcrumbList\",\"@id\":\"https:\/\/www.cgtaragonlarioja.org\/fedens\/el-adoctrinamiento-y-las-varas-de-medir\/#breadcrumb\",\"itemListElement\":[{\"@type\":\"ListItem\",\"position\":1,\"name\":\"Portada\",\"item\":\"https:\/\/www.cgtaragonlarioja.org\/fedens\/\"},{\"@type\":\"ListItem\",\"position\":2,\"name\":\"El adoctrinamiento y las varas de medir\"}]},{\"@type\":\"WebSite\",\"@id\":\"https:\/\/www.cgtaragonlarioja.org\/fedens\/#website\",\"url\":\"https:\/\/www.cgtaragonlarioja.org\/fedens\/\",\"name\":\"CGT Arag\u00f3n - La Rioja. ENSE\u00d1ANZA\",\"description\":\"CONTACTAR: Calatayud-Aranda: 654897973 \/ Huesca: 974238404 \/ Teruel: 978619265 \/ Zaragoza: 976922002\",\"publisher\":{\"@id\":\"https:\/\/www.cgtaragonlarioja.org\/fedens\/#organization\"},\"potentialAction\":[{\"@type\":\"SearchAction\",\"target\":{\"@type\":\"EntryPoint\",\"urlTemplate\":\"https:\/\/www.cgtaragonlarioja.org\/fedens\/?s={search_term_string}\"},\"query-input\":{\"@type\":\"PropertyValueSpecification\",\"valueRequired\":true,\"valueName\":\"search_term_string\"}}],\"inLanguage\":\"es\"},{\"@type\":\"Organization\",\"@id\":\"https:\/\/www.cgtaragonlarioja.org\/fedens\/#organization\",\"name\":\"CGT Arag\u00f3n y La Rioja - Ense\u00f1anza\",\"url\":\"https:\/\/www.cgtaragonlarioja.org\/fedens\/\",\"logo\":{\"@type\":\"ImageObject\",\"inLanguage\":\"es\",\"@id\":\"https:\/\/www.cgtaragonlarioja.org\/fedens\/#\/schema\/logo\/image\/\",\"url\":\"https:\/\/www.cgtaragonlarioja.org\/fedens\/files\/2021\/02\/logo_cgt_ense_huesca_170x250.png\",\"contentUrl\":\"https:\/\/www.cgtaragonlarioja.org\/fedens\/files\/2021\/02\/logo_cgt_ense_huesca_170x250.png\",\"width\":170,\"height\":250,\"caption\":\"CGT Arag\u00f3n y La Rioja - Ense\u00f1anza\"},\"image\":{\"@id\":\"https:\/\/www.cgtaragonlarioja.org\/fedens\/#\/schema\/logo\/image\/\"},\"sameAs\":[\"https:\/\/www.facebook.com\/CGTEnseAragon\/\",\"https:\/\/x.com\/CGTeduAragon\"]},{\"@type\":\"Person\",\"@id\":\"https:\/\/www.cgtaragonlarioja.org\/fedens\/#\/schema\/person\/f577cbf9ee1fb7519bfd883ac4f4032f\",\"name\":\"CGT Ense\u00f1anza Arag\u00f3n\",\"image\":{\"@type\":\"ImageObject\",\"inLanguage\":\"es\",\"@id\":\"https:\/\/www.cgtaragonlarioja.org\/fedens\/#\/schema\/person\/image\/\",\"url\":\"https:\/\/secure.gravatar.com\/avatar\/6591cafae8da970274bd48ef06b7f86ae2c2ba705fb2cdafa9b5f7f48c95a765?s=96&d=mm&r=g\",\"contentUrl\":\"https:\/\/secure.gravatar.com\/avatar\/6591cafae8da970274bd48ef06b7f86ae2c2ba705fb2cdafa9b5f7f48c95a765?s=96&d=mm&r=g\",\"caption\":\"CGT Ense\u00f1anza Arag\u00f3n\"},\"url\":\"https:\/\/www.cgtaragonlarioja.org\/fedens\/author\/fasecgt\/\"}]}<\/script>\n<!-- \/ Yoast SEO plugin. -->","yoast_head_json":{"title":"El adoctrinamiento y las varas de medir","description":"Es inaudito presentar los valores c\u00edvicos y los derechos humanos como una pretensi\u00f3n de adoctrinamiento. PEDRO L\u00d3PEZ L\u00d3PEZ Entre el griter\u00edo de la derecha","robots":{"index":"index","follow":"follow","max-snippet":"max-snippet:-1","max-image-preview":"max-image-preview:large","max-video-preview":"max-video-preview:-1"},"canonical":"https:\/\/www.cgtaragonlarioja.org\/fedens\/el-adoctrinamiento-y-las-varas-de-medir\/","og_locale":"es_ES","og_type":"article","og_title":"El adoctrinamiento y las varas de medir","og_description":"Es inaudito presentar los valores c\u00edvicos y los derechos humanos como una pretensi\u00f3n de adoctrinamiento. PEDRO L\u00d3PEZ L\u00d3PEZ Entre el griter\u00edo de la derecha","og_url":"https:\/\/www.cgtaragonlarioja.org\/fedens\/el-adoctrinamiento-y-las-varas-de-medir\/","og_site_name":"CGT Arag\u00f3n - La Rioja. ENSE\u00d1ANZA","article_publisher":"https:\/\/www.facebook.com\/CGTEnseAragon\/","article_published_time":"2023-04-18T08:19:33+00:00","og_image":[{"width":1536,"height":738,"url":"https:\/\/www.cgtaragonlarioja.org\/fedens\/files\/2021\/11\/aula-ninos-ninas-Edu-Bayer-1536x738-1.jpg","type":"image\/jpeg"}],"author":"CGT Ense\u00f1anza Arag\u00f3n","twitter_card":"summary_large_image","twitter_creator":"@CGTeduAragon","twitter_site":"@CGTeduAragon","twitter_misc":{"Escrito por":"CGT Ense\u00f1anza Arag\u00f3n","Tiempo de lectura":"4 minutos"},"schema":{"@context":"https:\/\/schema.org","@graph":[{"@type":"Article","@id":"https:\/\/www.cgtaragonlarioja.org\/fedens\/el-adoctrinamiento-y-las-varas-de-medir\/#article","isPartOf":{"@id":"https:\/\/www.cgtaragonlarioja.org\/fedens\/el-adoctrinamiento-y-las-varas-de-medir\/"},"author":{"name":"CGT Ense\u00f1anza Arag\u00f3n","@id":"https:\/\/www.cgtaragonlarioja.org\/fedens\/#\/schema\/person\/f577cbf9ee1fb7519bfd883ac4f4032f"},"headline":"El adoctrinamiento y las varas de medir","datePublished":"2023-04-18T08:19:33+00:00","mainEntityOfPage":{"@id":"https:\/\/www.cgtaragonlarioja.org\/fedens\/el-adoctrinamiento-y-las-varas-de-medir\/"},"wordCount":810,"commentCount":0,"publisher":{"@id":"https:\/\/www.cgtaragonlarioja.org\/fedens\/#organization"},"image":{"@id":"https:\/\/www.cgtaragonlarioja.org\/fedens\/el-adoctrinamiento-y-las-varas-de-medir\/#primaryimage"},"thumbnailUrl":"https:\/\/www.cgtaragonlarioja.org\/fedens\/files\/2021\/11\/aula-ninos-ninas-Edu-Bayer-1536x738-1.jpg","articleSection":["A Debate"],"inLanguage":"es","potentialAction":[{"@type":"CommentAction","name":"Comment","target":["https:\/\/www.cgtaragonlarioja.org\/fedens\/el-adoctrinamiento-y-las-varas-de-medir\/#respond"]}]},{"@type":"WebPage","@id":"https:\/\/www.cgtaragonlarioja.org\/fedens\/el-adoctrinamiento-y-las-varas-de-medir\/","url":"https:\/\/www.cgtaragonlarioja.org\/fedens\/el-adoctrinamiento-y-las-varas-de-medir\/","name":"El adoctrinamiento y las varas de medir","isPartOf":{"@id":"https:\/\/www.cgtaragonlarioja.org\/fedens\/#website"},"primaryImageOfPage":{"@id":"https:\/\/www.cgtaragonlarioja.org\/fedens\/el-adoctrinamiento-y-las-varas-de-medir\/#primaryimage"},"image":{"@id":"https:\/\/www.cgtaragonlarioja.org\/fedens\/el-adoctrinamiento-y-las-varas-de-medir\/#primaryimage"},"thumbnailUrl":"https:\/\/www.cgtaragonlarioja.org\/fedens\/files\/2021\/11\/aula-ninos-ninas-Edu-Bayer-1536x738-1.jpg","datePublished":"2023-04-18T08:19:33+00:00","description":"Es inaudito presentar los valores c\u00edvicos y los derechos humanos como una pretensi\u00f3n de adoctrinamiento. PEDRO L\u00d3PEZ L\u00d3PEZ Entre el griter\u00edo de la derecha","breadcrumb":{"@id":"https:\/\/www.cgtaragonlarioja.org\/fedens\/el-adoctrinamiento-y-las-varas-de-medir\/#breadcrumb"},"inLanguage":"es","potentialAction":[{"@type":"ReadAction","target":["https:\/\/www.cgtaragonlarioja.org\/fedens\/el-adoctrinamiento-y-las-varas-de-medir\/"]}]},{"@type":"ImageObject","inLanguage":"es","@id":"https:\/\/www.cgtaragonlarioja.org\/fedens\/el-adoctrinamiento-y-las-varas-de-medir\/#primaryimage","url":"https:\/\/www.cgtaragonlarioja.org\/fedens\/files\/2021\/11\/aula-ninos-ninas-Edu-Bayer-1536x738-1.jpg","contentUrl":"https:\/\/www.cgtaragonlarioja.org\/fedens\/files\/2021\/11\/aula-ninos-ninas-Edu-Bayer-1536x738-1.jpg","width":1536,"height":738,"caption":"110912 BARCELONA Clase de sexto grado Vuelta al cole en el colegio Ramon Llull de Barcelona EDU BAYER"},{"@type":"BreadcrumbList","@id":"https:\/\/www.cgtaragonlarioja.org\/fedens\/el-adoctrinamiento-y-las-varas-de-medir\/#breadcrumb","itemListElement":[{"@type":"ListItem","position":1,"name":"Portada","item":"https:\/\/www.cgtaragonlarioja.org\/fedens\/"},{"@type":"ListItem","position":2,"name":"El adoctrinamiento y las varas de medir"}]},{"@type":"WebSite","@id":"https:\/\/www.cgtaragonlarioja.org\/fedens\/#website","url":"https:\/\/www.cgtaragonlarioja.org\/fedens\/","name":"CGT Arag\u00f3n - La Rioja. ENSE\u00d1ANZA","description":"CONTACTAR: Calatayud-Aranda: 654897973 \/ Huesca: 974238404 \/ Teruel: 978619265 \/ Zaragoza: 976922002","publisher":{"@id":"https:\/\/www.cgtaragonlarioja.org\/fedens\/#organization"},"potentialAction":[{"@type":"SearchAction","target":{"@type":"EntryPoint","urlTemplate":"https:\/\/www.cgtaragonlarioja.org\/fedens\/?s={search_term_string}"},"query-input":{"@type":"PropertyValueSpecification","valueRequired":true,"valueName":"search_term_string"}}],"inLanguage":"es"},{"@type":"Organization","@id":"https:\/\/www.cgtaragonlarioja.org\/fedens\/#organization","name":"CGT Arag\u00f3n y La Rioja - Ense\u00f1anza","url":"https:\/\/www.cgtaragonlarioja.org\/fedens\/","logo":{"@type":"ImageObject","inLanguage":"es","@id":"https:\/\/www.cgtaragonlarioja.org\/fedens\/#\/schema\/logo\/image\/","url":"https:\/\/www.cgtaragonlarioja.org\/fedens\/files\/2021\/02\/logo_cgt_ense_huesca_170x250.png","contentUrl":"https:\/\/www.cgtaragonlarioja.org\/fedens\/files\/2021\/02\/logo_cgt_ense_huesca_170x250.png","width":170,"height":250,"caption":"CGT Arag\u00f3n y La Rioja - Ense\u00f1anza"},"image":{"@id":"https:\/\/www.cgtaragonlarioja.org\/fedens\/#\/schema\/logo\/image\/"},"sameAs":["https:\/\/www.facebook.com\/CGTEnseAragon\/","https:\/\/x.com\/CGTeduAragon"]},{"@type":"Person","@id":"https:\/\/www.cgtaragonlarioja.org\/fedens\/#\/schema\/person\/f577cbf9ee1fb7519bfd883ac4f4032f","name":"CGT Ense\u00f1anza Arag\u00f3n","image":{"@type":"ImageObject","inLanguage":"es","@id":"https:\/\/www.cgtaragonlarioja.org\/fedens\/#\/schema\/person\/image\/","url":"https:\/\/secure.gravatar.com\/avatar\/6591cafae8da970274bd48ef06b7f86ae2c2ba705fb2cdafa9b5f7f48c95a765?s=96&d=mm&r=g","contentUrl":"https:\/\/secure.gravatar.com\/avatar\/6591cafae8da970274bd48ef06b7f86ae2c2ba705fb2cdafa9b5f7f48c95a765?s=96&d=mm&r=g","caption":"CGT Ense\u00f1anza Arag\u00f3n"},"url":"https:\/\/www.cgtaragonlarioja.org\/fedens\/author\/fasecgt\/"}]}},"_links":{"self":[{"href":"https:\/\/www.cgtaragonlarioja.org\/fedens\/wp-json\/wp\/v2\/posts\/16878","targetHints":{"allow":["GET"]}}],"collection":[{"href":"https:\/\/www.cgtaragonlarioja.org\/fedens\/wp-json\/wp\/v2\/posts"}],"about":[{"href":"https:\/\/www.cgtaragonlarioja.org\/fedens\/wp-json\/wp\/v2\/types\/post"}],"author":[{"embeddable":true,"href":"https:\/\/www.cgtaragonlarioja.org\/fedens\/wp-json\/wp\/v2\/users\/854"}],"replies":[{"embeddable":true,"href":"https:\/\/www.cgtaragonlarioja.org\/fedens\/wp-json\/wp\/v2\/comments?post=16878"}],"version-history":[{"count":2,"href":"https:\/\/www.cgtaragonlarioja.org\/fedens\/wp-json\/wp\/v2\/posts\/16878\/revisions"}],"predecessor-version":[{"id":16880,"href":"https:\/\/www.cgtaragonlarioja.org\/fedens\/wp-json\/wp\/v2\/posts\/16878\/revisions\/16880"}],"wp:featuredmedia":[{"embeddable":true,"href":"https:\/\/www.cgtaragonlarioja.org\/fedens\/wp-json\/wp\/v2\/media\/13322"}],"wp:attachment":[{"href":"https:\/\/www.cgtaragonlarioja.org\/fedens\/wp-json\/wp\/v2\/media?parent=16878"}],"wp:term":[{"taxonomy":"category","embeddable":true,"href":"https:\/\/www.cgtaragonlarioja.org\/fedens\/wp-json\/wp\/v2\/categories?post=16878"},{"taxonomy":"post_tag","embeddable":true,"href":"https:\/\/www.cgtaragonlarioja.org\/fedens\/wp-json\/wp\/v2\/tags?post=16878"}],"curies":[{"name":"wp","href":"https:\/\/api.w.org\/{rel}","templated":true}]}}