{"id":15815,"date":"2022-12-14T19:12:25","date_gmt":"2022-12-14T18:12:25","guid":{"rendered":"https:\/\/www.cgtaragonlarioja.org\/fedens\/?p=15815"},"modified":"2022-12-14T19:12:25","modified_gmt":"2022-12-14T18:12:25","slug":"nos-ponemos-en-marcha-para-firmar-un-convenio-autonomico-para-proteccion-y-reforma-de-menores","status":"publish","type":"post","link":"https:\/\/www.cgtaragonlarioja.org\/fedens\/nos-ponemos-en-marcha-para-firmar-un-convenio-autonomico-para-proteccion-y-reforma-de-menores\/","title":{"rendered":"Nos ponemos en marcha para firmar un Convenio Auton\u00f3mico para Protecci\u00f3n y Reforma de menores"},"content":{"rendered":"<div dir=\"auto\">El 22 de noviembre CGT y UGT convocaron a las 5 empresas m\u00e1s representativas del sector de Protecci\u00f3n y Reforma de menores para negociar un convenio de \u00e1mbito auton\u00f3mico. Con ello se busca dignificar una profesi\u00f3n, la de Educador Social de menores, con unos salarios actualmente muy precarios que no son acordes al nivel de cualificaci\u00f3n profesional de dichos trabajadores.<\/div>\n<div dir=\"auto\"><\/div>\n<div dir=\"auto\">A esta reuni\u00f3n s\u00f3lo asistieron los gerentes de la Fundaci\u00f3n para la Atenci\u00f3n integral del menor (FAIM) e YMCA. El resto de los convocados no se presentaron. Por un lado, Ozanam y Kairos se limitaron a contestar un escueto \u00abconsideramos que no se dan las condiciones necesarias para poder abordar esta cuesti\u00f3n\u00bb. Por su parte FEPAS, que fue la quinta invitada por su nivel de representaci\u00f3n en el sector, ni contest\u00f3 ni asisti\u00f3.<\/div>\n<div dir=\"auto\"><\/div>\n<div dir=\"auto\">No es la primera vez que la creaci\u00f3n de un Convenio Auton\u00f3mico de Protecci\u00f3n y Reforma se pone sobre la mesa. Las conversaciones se iniciaron en julio del 2019, cuando la mayor\u00eda de los gerentes de las empresas mencionadas compart\u00edan la necesidad de crear un convenio auton\u00f3mico, pero siempre se dudaba de si el momento era el adecuado. El gerente de Ozanam, Jos\u00e9 Mar\u00eda Lamana, ha sido el \u00fanico que en ning\u00fan momento ha visto oportuno reunirse con los representantes de los trabajadores para abordar este asunto.<\/div>\n<div dir=\"auto\"><\/div>\n<div dir=\"auto\">Desde la administraci\u00f3n, en varias reuniones mantenidas tanto con el anterior gerente del Instituto Aragon\u00e9s de Servicios Sociales (IASS) Joaqu\u00edn Santos como con la actual Noelia Carbo, el mensaje siempre ha sido el mismo: \u00abuna administraci\u00f3n publica nunca se va a interponer en las relaciones entre trabajadores y empresas\u00bb. Sin embargo, los gerentes de las entidades que asistieron a la reuni\u00f3n del 22 de noviembre esgrimen como argumento para no constituir formalmente la mesa de negociaci\u00f3n que no tienen garant\u00edas de que la administraci\u00f3n vaya a aumentar los conciertos\/contratos que con ella tienen. Este argumento hace que se posponga siempre\u00a0 la constituci\u00f3n de dicha mesa negociadora para una mejor ocasi\u00f3n&#8230; la cual no parece llegar nunca para ellos.<\/div>\n<div dir=\"auto\"><\/div>\n<div dir=\"auto\">CGT considera que es un sector que no puede esperar m\u00e1s. Los salarios son tan precarios que en la actual situaci\u00f3n econ\u00f3mica muchos de sus trabajadores est\u00e1n abandonando el sector. En periodos vacacionales y otras contigencias es dif\u00edcil encontrar Graduados en Educaci\u00f3n Social que quieran cubrir esos puestos con sus actuales condiciones laborales. Adem\u00e1s, los turnos de trabajo hacen complicada la conciliaci\u00f3n de la vida laboral y familiar.<\/div>\n<div dir=\"auto\"><\/div>\n<div dir=\"auto\">El sector se ha movilizado en varias ocasiones, que siempre ha sido cuando desde las empresas o la administraci\u00f3n estaban priorizando la gesti\u00f3n econ\u00f3mica con recortes de personal, lo que repercut\u00eda en la calidad del servicio hacia los menores que atienden. Jam\u00e1s se ha planteado una reivindicaci\u00f3n del tipo salarial, pero ya est\u00e1 bien. La profesi\u00f3n de Educador Social merece un salario digno ya. Y con ella la del resto de profesionales que atienden a los menores y hacen que los centros sigan abiertos. Durante la pandemia se calific\u00f3 a los trabajadores como personal esencial, trabajaron todos los d\u00edas del confinamiento, con unas medidas de seguridad sanitaria que merecen un cap\u00edtulo aparte&#8230; y ah\u00ed estuvieron todos los trabajadores cuidando de los menores tutelados por el Gobierno de Arag\u00f3n. As\u00ed que ahora exigimos tanto a las empresas como al Gobierno de Arag\u00f3n que negociemos un Convenio Auton\u00f3mico que dignifique la profesi\u00f3n.<\/div>\n<div dir=\"auto\"><\/div>\n<div dir=\"auto\">Con la ausencia continuada de Jos\u00e9 Mar\u00eda Lamana, gerente de Ozanam, CGT quiere expresar su preocupaci\u00f3n ante una entidad que se autodenomina \u00absocial\u00bb y que no quiera reunirse con los sindicatos: \u00abnos sorprende que la administraci\u00f3n siga concertando plazas con ellos, no solo en protecci\u00f3n y reforma, sino tambi\u00e9n en dependencia, salud mental y residencias de mayores, que es donde m\u00e1s plazas gestiona en la comunidad aut\u00f3noma. \u00bfC\u00f3mo trata a sus trabajadores? \u00bfRespetan sus derechos laborales?\u00bb<\/div>\n<div dir=\"auto\"><\/div>\n<div dir=\"auto\">Este sector emplea graduados universitarios como educadoras sociales, enfermeras, psic\u00f3logos psiquiatras, maestros, etc., adem\u00e1s de otros profesionales como personal de servicios y mantenimiento. Todos ellos son los encargados de cuidar y educar a los menores que por diferentes motivos han terminado en los servicios de tutela del Gobierno de Arag\u00f3n. Y es el gobierno el que a su vez contratar\u00e1 con distintas empresas y fundaciones que pujan para gestionar los centros residenciales propios de la administraci\u00f3n. Todo esto nos lleva a la imperiosa necesidad e importancia de negociar convenio auton\u00f3mico con unos m\u00ednimos dignos y justos para los trabajadores, que nos equipare en derechos y garant\u00edas a otras comunidades que han apostado por este sector.<\/div>\n<div dir=\"auto\"><\/div>\n<div dir=\"auto\">La mayor\u00eda de los contratos\/conciertos con la administraci\u00f3n tienen una duraci\u00f3n media de 4 a\u00f1os, lo que supone una gran incertidumbre para el personal laboral de estas empresas y entidades. Sin un convenio digno y justo cada 4 a\u00f1os pueden cambiar de empresa, y con ella sus condiciones laborales.<\/div>\n<div dir=\"auto\"><\/div>\n","protected":false},"excerpt":{"rendered":"<p>El 22 de noviembre CGT y UGT convocaron a las 5 empresas m\u00e1s representativas del<\/p>\n","protected":false},"author":486,"featured_media":15562,"comment_status":"open","ping_status":"open","sticky":false,"template":"","format":"standard","meta":{"footnotes":""},"categories":[506,480],"tags":[],"class_list":["post-15815","post","type-post","status-publish","format-standard","has-post-thumbnail","hentry","category-educacion-social","category-noticias"],"yoast_head":"<!-- This site is optimized with the Yoast SEO plugin v26.7 - https:\/\/yoast.com\/wordpress\/plugins\/seo\/ -->\n<title>Nos ponemos en marcha para firmar un Convenio Auton\u00f3mico para Protecci\u00f3n y Reforma de menores<\/title>\n<meta name=\"description\" content=\"El 22 de noviembre CGT y UGT convocaron a las 5 empresas m\u00e1s representativas del sector de Protecci\u00f3n y Reforma de menores para negociar un convenio de\" \/>\n<meta name=\"robots\" content=\"index, follow, max-snippet:-1, max-image-preview:large, max-video-preview:-1\" \/>\n<link rel=\"canonical\" href=\"https:\/\/www.cgtaragonlarioja.org\/fedens\/nos-ponemos-en-marcha-para-firmar-un-convenio-autonomico-para-proteccion-y-reforma-de-menores\/\" \/>\n<meta property=\"og:locale\" content=\"es_ES\" \/>\n<meta property=\"og:type\" content=\"article\" \/>\n<meta property=\"og:title\" content=\"Nos ponemos en marcha para firmar un Convenio Auton\u00f3mico para Protecci\u00f3n y Reforma de menores\" \/>\n<meta property=\"og:description\" content=\"El 22 de noviembre CGT y UGT convocaron a las 5 empresas m\u00e1s representativas del sector de Protecci\u00f3n y Reforma de menores para negociar un convenio de\" \/>\n<meta property=\"og:url\" content=\"https:\/\/www.cgtaragonlarioja.org\/fedens\/nos-ponemos-en-marcha-para-firmar-un-convenio-autonomico-para-proteccion-y-reforma-de-menores\/\" \/>\n<meta property=\"og:site_name\" content=\"CGT Arag\u00f3n - La Rioja. ENSE\u00d1ANZA\" \/>\n<meta property=\"article:publisher\" content=\"https:\/\/www.facebook.com\/CGTEnseAragon\/\" \/>\n<meta property=\"article:published_time\" content=\"2022-12-14T18:12:25+00:00\" \/>\n<meta property=\"og:image\" content=\"https:\/\/www.cgtaragonlarioja.org\/wp-content\/uploads\/2022\/11\/cgt-4.jpg\" \/>\n\t<meta property=\"og:image:width\" content=\"1175\" \/>\n\t<meta property=\"og:image:height\" content=\"1250\" \/>\n\t<meta property=\"og:image:type\" content=\"image\/jpeg\" \/>\n<meta name=\"author\" content=\"kike\" \/>\n<meta name=\"twitter:card\" content=\"summary_large_image\" \/>\n<meta name=\"twitter:creator\" content=\"@CGTeduAragon\" \/>\n<meta name=\"twitter:site\" content=\"@CGTeduAragon\" \/>\n<meta name=\"twitter:label1\" content=\"Escrito por\" \/>\n\t<meta name=\"twitter:data1\" content=\"kike\" \/>\n\t<meta name=\"twitter:label2\" content=\"Tiempo de lectura\" \/>\n\t<meta name=\"twitter:data2\" content=\"4 minutos\" \/>\n<script type=\"application\/ld+json\" class=\"yoast-schema-graph\">{\"@context\":\"https:\/\/schema.org\",\"@graph\":[{\"@type\":\"Article\",\"@id\":\"https:\/\/www.cgtaragonlarioja.org\/fedens\/nos-ponemos-en-marcha-para-firmar-un-convenio-autonomico-para-proteccion-y-reforma-de-menores\/#article\",\"isPartOf\":{\"@id\":\"https:\/\/www.cgtaragonlarioja.org\/fedens\/nos-ponemos-en-marcha-para-firmar-un-convenio-autonomico-para-proteccion-y-reforma-de-menores\/\"},\"author\":{\"name\":\"kike\",\"@id\":\"https:\/\/www.cgtaragonlarioja.org\/fedens\/#\/schema\/person\/dfa7d1616615d62a6d79c9593aa09fc3\"},\"headline\":\"Nos ponemos en marcha para firmar un Convenio Auton\u00f3mico para Protecci\u00f3n y Reforma de menores\",\"datePublished\":\"2022-12-14T18:12:25+00:00\",\"mainEntityOfPage\":{\"@id\":\"https:\/\/www.cgtaragonlarioja.org\/fedens\/nos-ponemos-en-marcha-para-firmar-un-convenio-autonomico-para-proteccion-y-reforma-de-menores\/\"},\"wordCount\":879,\"commentCount\":0,\"publisher\":{\"@id\":\"https:\/\/www.cgtaragonlarioja.org\/fedens\/#organization\"},\"image\":{\"@id\":\"https:\/\/www.cgtaragonlarioja.org\/fedens\/nos-ponemos-en-marcha-para-firmar-un-convenio-autonomico-para-proteccion-y-reforma-de-menores\/#primaryimage\"},\"thumbnailUrl\":\"https:\/\/www.cgtaragonlarioja.org\/fedens\/files\/2022\/11\/cgt-4.jpg\",\"articleSection\":[\"Educaci\u00f3n Social\",\"Noticias\"],\"inLanguage\":\"es\",\"potentialAction\":[{\"@type\":\"CommentAction\",\"name\":\"Comment\",\"target\":[\"https:\/\/www.cgtaragonlarioja.org\/fedens\/nos-ponemos-en-marcha-para-firmar-un-convenio-autonomico-para-proteccion-y-reforma-de-menores\/#respond\"]}]},{\"@type\":\"WebPage\",\"@id\":\"https:\/\/www.cgtaragonlarioja.org\/fedens\/nos-ponemos-en-marcha-para-firmar-un-convenio-autonomico-para-proteccion-y-reforma-de-menores\/\",\"url\":\"https:\/\/www.cgtaragonlarioja.org\/fedens\/nos-ponemos-en-marcha-para-firmar-un-convenio-autonomico-para-proteccion-y-reforma-de-menores\/\",\"name\":\"Nos ponemos en marcha para firmar un Convenio Auton\u00f3mico para Protecci\u00f3n y Reforma de menores\",\"isPartOf\":{\"@id\":\"https:\/\/www.cgtaragonlarioja.org\/fedens\/#website\"},\"primaryImageOfPage\":{\"@id\":\"https:\/\/www.cgtaragonlarioja.org\/fedens\/nos-ponemos-en-marcha-para-firmar-un-convenio-autonomico-para-proteccion-y-reforma-de-menores\/#primaryimage\"},\"image\":{\"@id\":\"https:\/\/www.cgtaragonlarioja.org\/fedens\/nos-ponemos-en-marcha-para-firmar-un-convenio-autonomico-para-proteccion-y-reforma-de-menores\/#primaryimage\"},\"thumbnailUrl\":\"https:\/\/www.cgtaragonlarioja.org\/fedens\/files\/2022\/11\/cgt-4.jpg\",\"datePublished\":\"2022-12-14T18:12:25+00:00\",\"description\":\"El 22 de noviembre CGT y UGT convocaron a las 5 empresas m\u00e1s representativas del sector de Protecci\u00f3n y Reforma de menores para negociar un convenio de\",\"breadcrumb\":{\"@id\":\"https:\/\/www.cgtaragonlarioja.org\/fedens\/nos-ponemos-en-marcha-para-firmar-un-convenio-autonomico-para-proteccion-y-reforma-de-menores\/#breadcrumb\"},\"inLanguage\":\"es\",\"potentialAction\":[{\"@type\":\"ReadAction\",\"target\":[\"https:\/\/www.cgtaragonlarioja.org\/fedens\/nos-ponemos-en-marcha-para-firmar-un-convenio-autonomico-para-proteccion-y-reforma-de-menores\/\"]}]},{\"@type\":\"ImageObject\",\"inLanguage\":\"es\",\"@id\":\"https:\/\/www.cgtaragonlarioja.org\/fedens\/nos-ponemos-en-marcha-para-firmar-un-convenio-autonomico-para-proteccion-y-reforma-de-menores\/#primaryimage\",\"url\":\"https:\/\/www.cgtaragonlarioja.org\/fedens\/files\/2022\/11\/cgt-4.jpg\",\"contentUrl\":\"https:\/\/www.cgtaragonlarioja.org\/fedens\/files\/2022\/11\/cgt-4.jpg\",\"width\":1175,\"height\":1250},{\"@type\":\"BreadcrumbList\",\"@id\":\"https:\/\/www.cgtaragonlarioja.org\/fedens\/nos-ponemos-en-marcha-para-firmar-un-convenio-autonomico-para-proteccion-y-reforma-de-menores\/#breadcrumb\",\"itemListElement\":[{\"@type\":\"ListItem\",\"position\":1,\"name\":\"Portada\",\"item\":\"https:\/\/www.cgtaragonlarioja.org\/fedens\/\"},{\"@type\":\"ListItem\",\"position\":2,\"name\":\"Nos ponemos en marcha para firmar un Convenio Auton\u00f3mico para Protecci\u00f3n y Reforma de menores\"}]},{\"@type\":\"WebSite\",\"@id\":\"https:\/\/www.cgtaragonlarioja.org\/fedens\/#website\",\"url\":\"https:\/\/www.cgtaragonlarioja.org\/fedens\/\",\"name\":\"CGT Arag\u00f3n - La Rioja. ENSE\u00d1ANZA\",\"description\":\"CONTACTAR: Calatayud-Aranda: 654897973 \/ Huesca: 974238404 \/ Teruel: 978619265 \/ Zaragoza: 976922002\",\"publisher\":{\"@id\":\"https:\/\/www.cgtaragonlarioja.org\/fedens\/#organization\"},\"potentialAction\":[{\"@type\":\"SearchAction\",\"target\":{\"@type\":\"EntryPoint\",\"urlTemplate\":\"https:\/\/www.cgtaragonlarioja.org\/fedens\/?s={search_term_string}\"},\"query-input\":{\"@type\":\"PropertyValueSpecification\",\"valueRequired\":true,\"valueName\":\"search_term_string\"}}],\"inLanguage\":\"es\"},{\"@type\":\"Organization\",\"@id\":\"https:\/\/www.cgtaragonlarioja.org\/fedens\/#organization\",\"name\":\"CGT Arag\u00f3n y La Rioja - Ense\u00f1anza\",\"url\":\"https:\/\/www.cgtaragonlarioja.org\/fedens\/\",\"logo\":{\"@type\":\"ImageObject\",\"inLanguage\":\"es\",\"@id\":\"https:\/\/www.cgtaragonlarioja.org\/fedens\/#\/schema\/logo\/image\/\",\"url\":\"https:\/\/www.cgtaragonlarioja.org\/fedens\/files\/2021\/02\/logo_cgt_ense_huesca_170x250.png\",\"contentUrl\":\"https:\/\/www.cgtaragonlarioja.org\/fedens\/files\/2021\/02\/logo_cgt_ense_huesca_170x250.png\",\"width\":170,\"height\":250,\"caption\":\"CGT Arag\u00f3n y La Rioja - Ense\u00f1anza\"},\"image\":{\"@id\":\"https:\/\/www.cgtaragonlarioja.org\/fedens\/#\/schema\/logo\/image\/\"},\"sameAs\":[\"https:\/\/www.facebook.com\/CGTEnseAragon\/\",\"https:\/\/x.com\/CGTeduAragon\"]},{\"@type\":\"Person\",\"@id\":\"https:\/\/www.cgtaragonlarioja.org\/fedens\/#\/schema\/person\/dfa7d1616615d62a6d79c9593aa09fc3\",\"name\":\"kike\",\"image\":{\"@type\":\"ImageObject\",\"inLanguage\":\"es\",\"@id\":\"https:\/\/www.cgtaragonlarioja.org\/fedens\/#\/schema\/person\/image\/\",\"url\":\"https:\/\/secure.gravatar.com\/avatar\/f1c0788a733c3717c5f8c071e064a9c188df22c90b22388027f4ed27abaa4f3b?s=96&d=mm&r=g\",\"contentUrl\":\"https:\/\/secure.gravatar.com\/avatar\/f1c0788a733c3717c5f8c071e064a9c188df22c90b22388027f4ed27abaa4f3b?s=96&d=mm&r=g\",\"caption\":\"kike\"},\"url\":\"https:\/\/www.cgtaragonlarioja.org\/fedens\/author\/kike\/\"}]}<\/script>\n<!-- \/ Yoast SEO plugin. -->","yoast_head_json":{"title":"Nos ponemos en marcha para firmar un Convenio Auton\u00f3mico para Protecci\u00f3n y Reforma de menores","description":"El 22 de noviembre CGT y UGT convocaron a las 5 empresas m\u00e1s representativas del sector de Protecci\u00f3n y Reforma de menores para negociar un convenio de","robots":{"index":"index","follow":"follow","max-snippet":"max-snippet:-1","max-image-preview":"max-image-preview:large","max-video-preview":"max-video-preview:-1"},"canonical":"https:\/\/www.cgtaragonlarioja.org\/fedens\/nos-ponemos-en-marcha-para-firmar-un-convenio-autonomico-para-proteccion-y-reforma-de-menores\/","og_locale":"es_ES","og_type":"article","og_title":"Nos ponemos en marcha para firmar un Convenio Auton\u00f3mico para Protecci\u00f3n y Reforma de menores","og_description":"El 22 de noviembre CGT y UGT convocaron a las 5 empresas m\u00e1s representativas del sector de Protecci\u00f3n y Reforma de menores para negociar un convenio de","og_url":"https:\/\/www.cgtaragonlarioja.org\/fedens\/nos-ponemos-en-marcha-para-firmar-un-convenio-autonomico-para-proteccion-y-reforma-de-menores\/","og_site_name":"CGT Arag\u00f3n - La Rioja. ENSE\u00d1ANZA","article_publisher":"https:\/\/www.facebook.com\/CGTEnseAragon\/","article_published_time":"2022-12-14T18:12:25+00:00","og_image":[{"width":1175,"height":1250,"url":"https:\/\/www.cgtaragonlarioja.org\/wp-content\/uploads\/2022\/11\/cgt-4.jpg","type":"image\/jpeg"}],"author":"kike","twitter_card":"summary_large_image","twitter_creator":"@CGTeduAragon","twitter_site":"@CGTeduAragon","twitter_misc":{"Escrito por":"kike","Tiempo de lectura":"4 minutos"},"schema":{"@context":"https:\/\/schema.org","@graph":[{"@type":"Article","@id":"https:\/\/www.cgtaragonlarioja.org\/fedens\/nos-ponemos-en-marcha-para-firmar-un-convenio-autonomico-para-proteccion-y-reforma-de-menores\/#article","isPartOf":{"@id":"https:\/\/www.cgtaragonlarioja.org\/fedens\/nos-ponemos-en-marcha-para-firmar-un-convenio-autonomico-para-proteccion-y-reforma-de-menores\/"},"author":{"name":"kike","@id":"https:\/\/www.cgtaragonlarioja.org\/fedens\/#\/schema\/person\/dfa7d1616615d62a6d79c9593aa09fc3"},"headline":"Nos ponemos en marcha para firmar un Convenio Auton\u00f3mico para Protecci\u00f3n y Reforma de menores","datePublished":"2022-12-14T18:12:25+00:00","mainEntityOfPage":{"@id":"https:\/\/www.cgtaragonlarioja.org\/fedens\/nos-ponemos-en-marcha-para-firmar-un-convenio-autonomico-para-proteccion-y-reforma-de-menores\/"},"wordCount":879,"commentCount":0,"publisher":{"@id":"https:\/\/www.cgtaragonlarioja.org\/fedens\/#organization"},"image":{"@id":"https:\/\/www.cgtaragonlarioja.org\/fedens\/nos-ponemos-en-marcha-para-firmar-un-convenio-autonomico-para-proteccion-y-reforma-de-menores\/#primaryimage"},"thumbnailUrl":"https:\/\/www.cgtaragonlarioja.org\/fedens\/files\/2022\/11\/cgt-4.jpg","articleSection":["Educaci\u00f3n Social","Noticias"],"inLanguage":"es","potentialAction":[{"@type":"CommentAction","name":"Comment","target":["https:\/\/www.cgtaragonlarioja.org\/fedens\/nos-ponemos-en-marcha-para-firmar-un-convenio-autonomico-para-proteccion-y-reforma-de-menores\/#respond"]}]},{"@type":"WebPage","@id":"https:\/\/www.cgtaragonlarioja.org\/fedens\/nos-ponemos-en-marcha-para-firmar-un-convenio-autonomico-para-proteccion-y-reforma-de-menores\/","url":"https:\/\/www.cgtaragonlarioja.org\/fedens\/nos-ponemos-en-marcha-para-firmar-un-convenio-autonomico-para-proteccion-y-reforma-de-menores\/","name":"Nos ponemos en marcha para firmar un Convenio Auton\u00f3mico para Protecci\u00f3n y Reforma de menores","isPartOf":{"@id":"https:\/\/www.cgtaragonlarioja.org\/fedens\/#website"},"primaryImageOfPage":{"@id":"https:\/\/www.cgtaragonlarioja.org\/fedens\/nos-ponemos-en-marcha-para-firmar-un-convenio-autonomico-para-proteccion-y-reforma-de-menores\/#primaryimage"},"image":{"@id":"https:\/\/www.cgtaragonlarioja.org\/fedens\/nos-ponemos-en-marcha-para-firmar-un-convenio-autonomico-para-proteccion-y-reforma-de-menores\/#primaryimage"},"thumbnailUrl":"https:\/\/www.cgtaragonlarioja.org\/fedens\/files\/2022\/11\/cgt-4.jpg","datePublished":"2022-12-14T18:12:25+00:00","description":"El 22 de noviembre CGT y UGT convocaron a las 5 empresas m\u00e1s representativas del sector de Protecci\u00f3n y Reforma de menores para negociar un convenio de","breadcrumb":{"@id":"https:\/\/www.cgtaragonlarioja.org\/fedens\/nos-ponemos-en-marcha-para-firmar-un-convenio-autonomico-para-proteccion-y-reforma-de-menores\/#breadcrumb"},"inLanguage":"es","potentialAction":[{"@type":"ReadAction","target":["https:\/\/www.cgtaragonlarioja.org\/fedens\/nos-ponemos-en-marcha-para-firmar-un-convenio-autonomico-para-proteccion-y-reforma-de-menores\/"]}]},{"@type":"ImageObject","inLanguage":"es","@id":"https:\/\/www.cgtaragonlarioja.org\/fedens\/nos-ponemos-en-marcha-para-firmar-un-convenio-autonomico-para-proteccion-y-reforma-de-menores\/#primaryimage","url":"https:\/\/www.cgtaragonlarioja.org\/fedens\/files\/2022\/11\/cgt-4.jpg","contentUrl":"https:\/\/www.cgtaragonlarioja.org\/fedens\/files\/2022\/11\/cgt-4.jpg","width":1175,"height":1250},{"@type":"BreadcrumbList","@id":"https:\/\/www.cgtaragonlarioja.org\/fedens\/nos-ponemos-en-marcha-para-firmar-un-convenio-autonomico-para-proteccion-y-reforma-de-menores\/#breadcrumb","itemListElement":[{"@type":"ListItem","position":1,"name":"Portada","item":"https:\/\/www.cgtaragonlarioja.org\/fedens\/"},{"@type":"ListItem","position":2,"name":"Nos ponemos en marcha para firmar un Convenio Auton\u00f3mico para Protecci\u00f3n y Reforma de menores"}]},{"@type":"WebSite","@id":"https:\/\/www.cgtaragonlarioja.org\/fedens\/#website","url":"https:\/\/www.cgtaragonlarioja.org\/fedens\/","name":"CGT Arag\u00f3n - La Rioja. ENSE\u00d1ANZA","description":"CONTACTAR: Calatayud-Aranda: 654897973 \/ Huesca: 974238404 \/ Teruel: 978619265 \/ Zaragoza: 976922002","publisher":{"@id":"https:\/\/www.cgtaragonlarioja.org\/fedens\/#organization"},"potentialAction":[{"@type":"SearchAction","target":{"@type":"EntryPoint","urlTemplate":"https:\/\/www.cgtaragonlarioja.org\/fedens\/?s={search_term_string}"},"query-input":{"@type":"PropertyValueSpecification","valueRequired":true,"valueName":"search_term_string"}}],"inLanguage":"es"},{"@type":"Organization","@id":"https:\/\/www.cgtaragonlarioja.org\/fedens\/#organization","name":"CGT Arag\u00f3n y La Rioja - Ense\u00f1anza","url":"https:\/\/www.cgtaragonlarioja.org\/fedens\/","logo":{"@type":"ImageObject","inLanguage":"es","@id":"https:\/\/www.cgtaragonlarioja.org\/fedens\/#\/schema\/logo\/image\/","url":"https:\/\/www.cgtaragonlarioja.org\/fedens\/files\/2021\/02\/logo_cgt_ense_huesca_170x250.png","contentUrl":"https:\/\/www.cgtaragonlarioja.org\/fedens\/files\/2021\/02\/logo_cgt_ense_huesca_170x250.png","width":170,"height":250,"caption":"CGT Arag\u00f3n y La Rioja - Ense\u00f1anza"},"image":{"@id":"https:\/\/www.cgtaragonlarioja.org\/fedens\/#\/schema\/logo\/image\/"},"sameAs":["https:\/\/www.facebook.com\/CGTEnseAragon\/","https:\/\/x.com\/CGTeduAragon"]},{"@type":"Person","@id":"https:\/\/www.cgtaragonlarioja.org\/fedens\/#\/schema\/person\/dfa7d1616615d62a6d79c9593aa09fc3","name":"kike","image":{"@type":"ImageObject","inLanguage":"es","@id":"https:\/\/www.cgtaragonlarioja.org\/fedens\/#\/schema\/person\/image\/","url":"https:\/\/secure.gravatar.com\/avatar\/f1c0788a733c3717c5f8c071e064a9c188df22c90b22388027f4ed27abaa4f3b?s=96&d=mm&r=g","contentUrl":"https:\/\/secure.gravatar.com\/avatar\/f1c0788a733c3717c5f8c071e064a9c188df22c90b22388027f4ed27abaa4f3b?s=96&d=mm&r=g","caption":"kike"},"url":"https:\/\/www.cgtaragonlarioja.org\/fedens\/author\/kike\/"}]}},"_links":{"self":[{"href":"https:\/\/www.cgtaragonlarioja.org\/fedens\/wp-json\/wp\/v2\/posts\/15815","targetHints":{"allow":["GET"]}}],"collection":[{"href":"https:\/\/www.cgtaragonlarioja.org\/fedens\/wp-json\/wp\/v2\/posts"}],"about":[{"href":"https:\/\/www.cgtaragonlarioja.org\/fedens\/wp-json\/wp\/v2\/types\/post"}],"author":[{"embeddable":true,"href":"https:\/\/www.cgtaragonlarioja.org\/fedens\/wp-json\/wp\/v2\/users\/486"}],"replies":[{"embeddable":true,"href":"https:\/\/www.cgtaragonlarioja.org\/fedens\/wp-json\/wp\/v2\/comments?post=15815"}],"version-history":[{"count":1,"href":"https:\/\/www.cgtaragonlarioja.org\/fedens\/wp-json\/wp\/v2\/posts\/15815\/revisions"}],"predecessor-version":[{"id":15816,"href":"https:\/\/www.cgtaragonlarioja.org\/fedens\/wp-json\/wp\/v2\/posts\/15815\/revisions\/15816"}],"wp:featuredmedia":[{"embeddable":true,"href":"https:\/\/www.cgtaragonlarioja.org\/fedens\/wp-json\/wp\/v2\/media\/15562"}],"wp:attachment":[{"href":"https:\/\/www.cgtaragonlarioja.org\/fedens\/wp-json\/wp\/v2\/media?parent=15815"}],"wp:term":[{"taxonomy":"category","embeddable":true,"href":"https:\/\/www.cgtaragonlarioja.org\/fedens\/wp-json\/wp\/v2\/categories?post=15815"},{"taxonomy":"post_tag","embeddable":true,"href":"https:\/\/www.cgtaragonlarioja.org\/fedens\/wp-json\/wp\/v2\/tags?post=15815"}],"curies":[{"name":"wp","href":"https:\/\/api.w.org\/{rel}","templated":true}]}}