{"id":15646,"date":"2022-11-22T15:26:36","date_gmt":"2022-11-22T14:26:36","guid":{"rendered":"https:\/\/www.cgtaragonlarioja.org\/fedens\/?p=15646"},"modified":"2022-12-07T10:09:29","modified_gmt":"2022-12-07T09:09:29","slug":"quien-donde-y-como-se-puede-votar-el-dia-1","status":"publish","type":"post","link":"https:\/\/www.cgtaragonlarioja.org\/fedens\/quien-donde-y-como-se-puede-votar-el-dia-1\/","title":{"rendered":"\u00bfQui\u00e9n, d\u00f3nde y c\u00f3mo se puede votar el d\u00eda 1?"},"content":{"rendered":"<p>Hay muchas dudas en torno a la jornada electoral del 1 de diciembre. Vamos a intentar resolverlas.<\/p>\n<p><strong>\u00bfCu\u00e1ndo voto? <\/strong><span dir=\"ltr\" role=\"presentation\">Con objeto de facilitar el acto de la votaci\u00f3n a todo el personal docente<\/span><span dir=\"ltr\" role=\"presentation\"> no universitario, se establece el siguiente horario de votaci\u00f3n:<\/span><span dir=\"ltr\" role=\"presentation\"> de 10,00 horas a 18,00 horas.<\/span><span dir=\"ltr\" role=\"presentation\"> Seg\u00fan la <\/span>ORDEN ECD\/1483\/2022, de 13 de octubre, por la que se da publicidad al Acuerdo del Gobierno de Arag\u00f3n, por el que se ratifca el Acuerdo Administraci\u00f3n-Sindicatos para armonizar el proceso electoral de representantes a las juntas de personal de los funcionarios docentes no universitarios de centros p\u00fablicos dependientes del Gobierno de Arag\u00f3n, que se celebrar\u00e1n en el a\u00f1o 2022.<\/p>\n<p><span dir=\"ltr\" role=\"presentation\">l: <\/span><em><span dir=\"ltr\" role=\"presentation\"><u>\u00abEl personal docente podr\u00e1 disponer de dos hor<\/u><\/span><u><span dir=\"ltr\" role=\"presentation\">as del horario laboral del docente <\/span><\/u><span dir=\"ltr\" role=\"presentation\"><span class=\"gmail_default\">para el ejercicio del derecho a voto, garantiz\u00e1ndose, en todo caso, la apertura de los centros y las necesidades del servicio durante dicha jornada, as\u00ed como el servicio de transporte y comedor.\u00a0 <\/span><\/span><u><span dir=\"ltr\" role=\"presentation\">Los Equipos Directivos de<\/span> <\/u><span dir=\"ltr\" role=\"presentation\"><u>los centros exigir\u00e1n el certificado de haber votado<\/u>,<\/span><span dir=\"ltr\" role=\"presentation\">velando y coordinando el tiempo de disposici\u00f3n para el ejercicio del derecho a voto <\/span><span dir=\"ltr\" role=\"presentation\">en funci\u00f3n de las necesidades del servicio.\u00bb<\/span><\/em><\/p>\n<p><strong>\u00bfQui\u00e9n puede votar?<\/strong> Cualquier docente que est\u00e9 en activo (las personas que est\u00e9n de baja pueden solicitar el voto por correo; ten\u00e9is la informaci\u00f3n en este <a href=\"https:\/\/www.cgtaragonlarioja.org\/fedens\/elecciones-sindicales-y-voto-por-correo\/\">enlace<\/a>)<br \/>\nSi eres nombrada interina o interino a fecha posterior a 31 de octubre podr\u00e1s solicitar tu incorporaci\u00f3n al censo mandando un mail a la mesa coordinadora de la provincia donde te incorporas:<br \/>\n<span dir=\"ltr\" role=\"presentation\">Correo de Mesas Coordinadoras:<\/span><br role=\"presentation\" \/><span dir=\"ltr\" role=\"presentation\">Mesa Coordinadora de Zaragoza:<\/span> <span dir=\"ltr\" role=\"presentation\">eleccionessindicalesdocenteszaragoza@aragon.es<\/span><br role=\"presentation\" \/><span dir=\"ltr\" role=\"presentation\">Mesa Coordinadora de Huesca:<\/span> <span dir=\"ltr\" role=\"presentation\">mesa1huesca.elecciones2022@educa.aragon.es<\/span><br role=\"presentation\" \/><span dir=\"ltr\" role=\"presentation\">Mesa Coordinadora de Teruel:<\/span> <span dir=\"ltr\" role=\"presentation\">mesacoordinadorateruel@educa.aragon.es<\/span><\/p>\n<p><strong>\u00bfD\u00f3nde voto? <\/strong>Hay casi un centenar de mesas electorales repartidas por todo Arag\u00f3n. Tu centro est\u00e1 adscrito a una mesa donde puedes ir a votar, pero puedes pedir el cambio de mesa de votaci\u00f3n, dentro de la misma provincia (por cercan\u00eda a tu domicilio o cualquier otra raz\u00f3n) con este <a href=\"https:\/\/www.cgtaragonlarioja.org\/fedens\/quien-donde-y-como-se-puede-votar-el-dia-1\/modelo-solicitud-cambio-mesa-electoral\/\" rel=\"attachment wp-att-15654\">MODELO SOLICITUD CAMBIO MESA ELECTORAL<\/a><\/p>\n<p>Consulta aqu\u00ed las mesas. <a href=\"https:\/\/www.cgtaragonlarioja.org\/fedens\/comienza-el-proceso-de-elecciones-sindicales-en-educacion\/mesas\/\" rel=\"attachment wp-att-15516\">mesas<\/a><\/p>\n<p>Documento sobre q\u00fae se vota y para qu\u00e9. <a href=\"https:\/\/www.cgtaragonlarioja.org\/fedens\/quien-como-y-donde-puede-votar-el-dia-1\/elecciones\/\" rel=\"attachment wp-att-15641\">ELECCIONES<\/a><\/p>\n<p>Candidatos y candidatas por Teruel: <a href=\"https:\/\/www.cgtaragonlarioja.org\/fedens\/quien-donde-y-como-se-puede-votar-el-dia-1\/papeleta_cgt_ter\/\" rel=\"attachment wp-att-15669\">papeleta_CGT_TER<\/a><\/p>\n<p>Candiadatos y candidatas por Huesca: <a href=\"https:\/\/www.cgtaragonlarioja.org\/fedens\/quien-donde-y-como-se-puede-votar-el-dia-1\/papeleta_cgt_hue\/\" rel=\"attachment wp-att-15670\">papeleta_CGT_HUE<\/a><\/p>\n<p>Candidatos y candidatas por Zaragoza: <a href=\"https:\/\/www.cgtaragonlarioja.org\/fedens\/quien-donde-y-como-se-puede-votar-el-dia-1\/papeleta_cgt_zgz\/\" rel=\"attachment wp-att-15671\">papeleta_CGT_ZGZ<\/a><\/p>\n","protected":false},"excerpt":{"rendered":"<p>Hay muchas dudas en torno a la jornada electoral del 1 de diciembre. Vamos a<\/p>\n","protected":false},"author":486,"featured_media":15647,"comment_status":"open","ping_status":"open","sticky":false,"template":"","format":"standard","meta":{"footnotes":""},"categories":[480],"tags":[],"class_list":["post-15646","post","type-post","status-publish","format-standard","has-post-thumbnail","hentry","category-noticias"],"yoast_head":"<!-- This site is optimized with the Yoast SEO plugin v26.7 - https:\/\/yoast.com\/wordpress\/plugins\/seo\/ -->\n<title>\u00bfQui\u00e9n, d\u00f3nde y c\u00f3mo se puede votar el d\u00eda 1?<\/title>\n<meta name=\"description\" content=\"Hay muchas dudas en torno a la jornada electoral del 1 de diciembre. Vamos a intentar resolverlas. \u00bfCu\u00e1ndo voto? Con objeto de facilitar el acto de la\" \/>\n<meta name=\"robots\" content=\"index, follow, max-snippet:-1, max-image-preview:large, max-video-preview:-1\" \/>\n<link rel=\"canonical\" href=\"https:\/\/www.cgtaragonlarioja.org\/fedens\/quien-donde-y-como-se-puede-votar-el-dia-1\/\" \/>\n<meta property=\"og:locale\" content=\"es_ES\" \/>\n<meta property=\"og:type\" content=\"article\" \/>\n<meta property=\"og:title\" content=\"\u00bfQui\u00e9n, d\u00f3nde y c\u00f3mo se puede votar el d\u00eda 1?\" \/>\n<meta property=\"og:description\" content=\"Hay muchas dudas en torno a la jornada electoral del 1 de diciembre. Vamos a intentar resolverlas. \u00bfCu\u00e1ndo voto? Con objeto de facilitar el acto de la\" \/>\n<meta property=\"og:url\" content=\"https:\/\/www.cgtaragonlarioja.org\/fedens\/quien-donde-y-como-se-puede-votar-el-dia-1\/\" \/>\n<meta property=\"og:site_name\" content=\"CGT Arag\u00f3n - La Rioja. ENSE\u00d1ANZA\" \/>\n<meta property=\"article:publisher\" content=\"https:\/\/www.facebook.com\/CGTEnseAragon\/\" \/>\n<meta property=\"article:published_time\" content=\"2022-11-22T14:26:36+00:00\" \/>\n<meta property=\"article:modified_time\" content=\"2022-12-07T09:09:29+00:00\" \/>\n<meta property=\"og:image\" content=\"https:\/\/www.cgtaragonlarioja.org\/fedens\/files\/2022\/11\/1500x500.jpg\" \/>\n\t<meta property=\"og:image:width\" content=\"1500\" \/>\n\t<meta property=\"og:image:height\" content=\"500\" \/>\n\t<meta property=\"og:image:type\" content=\"image\/jpeg\" \/>\n<meta name=\"author\" content=\"kike\" \/>\n<meta name=\"twitter:card\" content=\"summary_large_image\" \/>\n<meta name=\"twitter:creator\" content=\"@CGTeduAragon\" \/>\n<meta name=\"twitter:site\" content=\"@CGTeduAragon\" \/>\n<meta name=\"twitter:label1\" content=\"Escrito por\" \/>\n\t<meta name=\"twitter:data1\" content=\"kike\" \/>\n\t<meta name=\"twitter:label2\" content=\"Tiempo de lectura\" \/>\n\t<meta name=\"twitter:data2\" content=\"2 minutos\" \/>\n<script type=\"application\/ld+json\" class=\"yoast-schema-graph\">{\"@context\":\"https:\/\/schema.org\",\"@graph\":[{\"@type\":\"Article\",\"@id\":\"https:\/\/www.cgtaragonlarioja.org\/fedens\/quien-donde-y-como-se-puede-votar-el-dia-1\/#article\",\"isPartOf\":{\"@id\":\"https:\/\/www.cgtaragonlarioja.org\/fedens\/quien-donde-y-como-se-puede-votar-el-dia-1\/\"},\"author\":{\"name\":\"kike\",\"@id\":\"https:\/\/www.cgtaragonlarioja.org\/fedens\/#\/schema\/person\/dfa7d1616615d62a6d79c9593aa09fc3\"},\"headline\":\"\u00bfQui\u00e9n, d\u00f3nde y c\u00f3mo se puede votar el d\u00eda 1?\",\"datePublished\":\"2022-11-22T14:26:36+00:00\",\"dateModified\":\"2022-12-07T09:09:29+00:00\",\"mainEntityOfPage\":{\"@id\":\"https:\/\/www.cgtaragonlarioja.org\/fedens\/quien-donde-y-como-se-puede-votar-el-dia-1\/\"},\"wordCount\":403,\"commentCount\":2,\"publisher\":{\"@id\":\"https:\/\/www.cgtaragonlarioja.org\/fedens\/#organization\"},\"image\":{\"@id\":\"https:\/\/www.cgtaragonlarioja.org\/fedens\/quien-donde-y-como-se-puede-votar-el-dia-1\/#primaryimage\"},\"thumbnailUrl\":\"https:\/\/www.cgtaragonlarioja.org\/fedens\/files\/2022\/11\/1500x500.jpg\",\"articleSection\":[\"Noticias\"],\"inLanguage\":\"es\",\"potentialAction\":[{\"@type\":\"CommentAction\",\"name\":\"Comment\",\"target\":[\"https:\/\/www.cgtaragonlarioja.org\/fedens\/quien-donde-y-como-se-puede-votar-el-dia-1\/#respond\"]}]},{\"@type\":\"WebPage\",\"@id\":\"https:\/\/www.cgtaragonlarioja.org\/fedens\/quien-donde-y-como-se-puede-votar-el-dia-1\/\",\"url\":\"https:\/\/www.cgtaragonlarioja.org\/fedens\/quien-donde-y-como-se-puede-votar-el-dia-1\/\",\"name\":\"\u00bfQui\u00e9n, d\u00f3nde y c\u00f3mo se puede votar el d\u00eda 1?\",\"isPartOf\":{\"@id\":\"https:\/\/www.cgtaragonlarioja.org\/fedens\/#website\"},\"primaryImageOfPage\":{\"@id\":\"https:\/\/www.cgtaragonlarioja.org\/fedens\/quien-donde-y-como-se-puede-votar-el-dia-1\/#primaryimage\"},\"image\":{\"@id\":\"https:\/\/www.cgtaragonlarioja.org\/fedens\/quien-donde-y-como-se-puede-votar-el-dia-1\/#primaryimage\"},\"thumbnailUrl\":\"https:\/\/www.cgtaragonlarioja.org\/fedens\/files\/2022\/11\/1500x500.jpg\",\"datePublished\":\"2022-11-22T14:26:36+00:00\",\"dateModified\":\"2022-12-07T09:09:29+00:00\",\"description\":\"Hay muchas dudas en torno a la jornada electoral del 1 de diciembre. Vamos a intentar resolverlas. \u00bfCu\u00e1ndo voto? Con objeto de facilitar el acto de la\",\"breadcrumb\":{\"@id\":\"https:\/\/www.cgtaragonlarioja.org\/fedens\/quien-donde-y-como-se-puede-votar-el-dia-1\/#breadcrumb\"},\"inLanguage\":\"es\",\"potentialAction\":[{\"@type\":\"ReadAction\",\"target\":[\"https:\/\/www.cgtaragonlarioja.org\/fedens\/quien-donde-y-como-se-puede-votar-el-dia-1\/\"]}]},{\"@type\":\"ImageObject\",\"inLanguage\":\"es\",\"@id\":\"https:\/\/www.cgtaragonlarioja.org\/fedens\/quien-donde-y-como-se-puede-votar-el-dia-1\/#primaryimage\",\"url\":\"https:\/\/www.cgtaragonlarioja.org\/fedens\/files\/2022\/11\/1500x500.jpg\",\"contentUrl\":\"https:\/\/www.cgtaragonlarioja.org\/fedens\/files\/2022\/11\/1500x500.jpg\",\"width\":1500,\"height\":500},{\"@type\":\"BreadcrumbList\",\"@id\":\"https:\/\/www.cgtaragonlarioja.org\/fedens\/quien-donde-y-como-se-puede-votar-el-dia-1\/#breadcrumb\",\"itemListElement\":[{\"@type\":\"ListItem\",\"position\":1,\"name\":\"Portada\",\"item\":\"https:\/\/www.cgtaragonlarioja.org\/fedens\/\"},{\"@type\":\"ListItem\",\"position\":2,\"name\":\"\u00bfQui\u00e9n, d\u00f3nde y c\u00f3mo se puede votar el d\u00eda 1?\"}]},{\"@type\":\"WebSite\",\"@id\":\"https:\/\/www.cgtaragonlarioja.org\/fedens\/#website\",\"url\":\"https:\/\/www.cgtaragonlarioja.org\/fedens\/\",\"name\":\"CGT Arag\u00f3n - La Rioja. ENSE\u00d1ANZA\",\"description\":\"CONTACTAR: Calatayud-Aranda: 654897973 \/ Huesca: 974238404 \/ Teruel: 978619265 \/ Zaragoza: 976922002\",\"publisher\":{\"@id\":\"https:\/\/www.cgtaragonlarioja.org\/fedens\/#organization\"},\"potentialAction\":[{\"@type\":\"SearchAction\",\"target\":{\"@type\":\"EntryPoint\",\"urlTemplate\":\"https:\/\/www.cgtaragonlarioja.org\/fedens\/?s={search_term_string}\"},\"query-input\":{\"@type\":\"PropertyValueSpecification\",\"valueRequired\":true,\"valueName\":\"search_term_string\"}}],\"inLanguage\":\"es\"},{\"@type\":\"Organization\",\"@id\":\"https:\/\/www.cgtaragonlarioja.org\/fedens\/#organization\",\"name\":\"CGT Arag\u00f3n y La Rioja - Ense\u00f1anza\",\"url\":\"https:\/\/www.cgtaragonlarioja.org\/fedens\/\",\"logo\":{\"@type\":\"ImageObject\",\"inLanguage\":\"es\",\"@id\":\"https:\/\/www.cgtaragonlarioja.org\/fedens\/#\/schema\/logo\/image\/\",\"url\":\"https:\/\/www.cgtaragonlarioja.org\/fedens\/files\/2021\/02\/logo_cgt_ense_huesca_170x250.png\",\"contentUrl\":\"https:\/\/www.cgtaragonlarioja.org\/fedens\/files\/2021\/02\/logo_cgt_ense_huesca_170x250.png\",\"width\":170,\"height\":250,\"caption\":\"CGT Arag\u00f3n y La Rioja - Ense\u00f1anza\"},\"image\":{\"@id\":\"https:\/\/www.cgtaragonlarioja.org\/fedens\/#\/schema\/logo\/image\/\"},\"sameAs\":[\"https:\/\/www.facebook.com\/CGTEnseAragon\/\",\"https:\/\/x.com\/CGTeduAragon\"]},{\"@type\":\"Person\",\"@id\":\"https:\/\/www.cgtaragonlarioja.org\/fedens\/#\/schema\/person\/dfa7d1616615d62a6d79c9593aa09fc3\",\"name\":\"kike\",\"image\":{\"@type\":\"ImageObject\",\"inLanguage\":\"es\",\"@id\":\"https:\/\/www.cgtaragonlarioja.org\/fedens\/#\/schema\/person\/image\/\",\"url\":\"https:\/\/secure.gravatar.com\/avatar\/f1c0788a733c3717c5f8c071e064a9c188df22c90b22388027f4ed27abaa4f3b?s=96&d=mm&r=g\",\"contentUrl\":\"https:\/\/secure.gravatar.com\/avatar\/f1c0788a733c3717c5f8c071e064a9c188df22c90b22388027f4ed27abaa4f3b?s=96&d=mm&r=g\",\"caption\":\"kike\"},\"url\":\"https:\/\/www.cgtaragonlarioja.org\/fedens\/author\/kike\/\"}]}<\/script>\n<!-- \/ Yoast SEO plugin. -->","yoast_head_json":{"title":"\u00bfQui\u00e9n, d\u00f3nde y c\u00f3mo se puede votar el d\u00eda 1?","description":"Hay muchas dudas en torno a la jornada electoral del 1 de diciembre. Vamos a intentar resolverlas. \u00bfCu\u00e1ndo voto? Con objeto de facilitar el acto de la","robots":{"index":"index","follow":"follow","max-snippet":"max-snippet:-1","max-image-preview":"max-image-preview:large","max-video-preview":"max-video-preview:-1"},"canonical":"https:\/\/www.cgtaragonlarioja.org\/fedens\/quien-donde-y-como-se-puede-votar-el-dia-1\/","og_locale":"es_ES","og_type":"article","og_title":"\u00bfQui\u00e9n, d\u00f3nde y c\u00f3mo se puede votar el d\u00eda 1?","og_description":"Hay muchas dudas en torno a la jornada electoral del 1 de diciembre. Vamos a intentar resolverlas. \u00bfCu\u00e1ndo voto? Con objeto de facilitar el acto de la","og_url":"https:\/\/www.cgtaragonlarioja.org\/fedens\/quien-donde-y-como-se-puede-votar-el-dia-1\/","og_site_name":"CGT Arag\u00f3n - La Rioja. ENSE\u00d1ANZA","article_publisher":"https:\/\/www.facebook.com\/CGTEnseAragon\/","article_published_time":"2022-11-22T14:26:36+00:00","article_modified_time":"2022-12-07T09:09:29+00:00","og_image":[{"width":1500,"height":500,"url":"https:\/\/www.cgtaragonlarioja.org\/fedens\/files\/2022\/11\/1500x500.jpg","type":"image\/jpeg"}],"author":"kike","twitter_card":"summary_large_image","twitter_creator":"@CGTeduAragon","twitter_site":"@CGTeduAragon","twitter_misc":{"Escrito por":"kike","Tiempo de lectura":"2 minutos"},"schema":{"@context":"https:\/\/schema.org","@graph":[{"@type":"Article","@id":"https:\/\/www.cgtaragonlarioja.org\/fedens\/quien-donde-y-como-se-puede-votar-el-dia-1\/#article","isPartOf":{"@id":"https:\/\/www.cgtaragonlarioja.org\/fedens\/quien-donde-y-como-se-puede-votar-el-dia-1\/"},"author":{"name":"kike","@id":"https:\/\/www.cgtaragonlarioja.org\/fedens\/#\/schema\/person\/dfa7d1616615d62a6d79c9593aa09fc3"},"headline":"\u00bfQui\u00e9n, d\u00f3nde y c\u00f3mo se puede votar el d\u00eda 1?","datePublished":"2022-11-22T14:26:36+00:00","dateModified":"2022-12-07T09:09:29+00:00","mainEntityOfPage":{"@id":"https:\/\/www.cgtaragonlarioja.org\/fedens\/quien-donde-y-como-se-puede-votar-el-dia-1\/"},"wordCount":403,"commentCount":2,"publisher":{"@id":"https:\/\/www.cgtaragonlarioja.org\/fedens\/#organization"},"image":{"@id":"https:\/\/www.cgtaragonlarioja.org\/fedens\/quien-donde-y-como-se-puede-votar-el-dia-1\/#primaryimage"},"thumbnailUrl":"https:\/\/www.cgtaragonlarioja.org\/fedens\/files\/2022\/11\/1500x500.jpg","articleSection":["Noticias"],"inLanguage":"es","potentialAction":[{"@type":"CommentAction","name":"Comment","target":["https:\/\/www.cgtaragonlarioja.org\/fedens\/quien-donde-y-como-se-puede-votar-el-dia-1\/#respond"]}]},{"@type":"WebPage","@id":"https:\/\/www.cgtaragonlarioja.org\/fedens\/quien-donde-y-como-se-puede-votar-el-dia-1\/","url":"https:\/\/www.cgtaragonlarioja.org\/fedens\/quien-donde-y-como-se-puede-votar-el-dia-1\/","name":"\u00bfQui\u00e9n, d\u00f3nde y c\u00f3mo se puede votar el d\u00eda 1?","isPartOf":{"@id":"https:\/\/www.cgtaragonlarioja.org\/fedens\/#website"},"primaryImageOfPage":{"@id":"https:\/\/www.cgtaragonlarioja.org\/fedens\/quien-donde-y-como-se-puede-votar-el-dia-1\/#primaryimage"},"image":{"@id":"https:\/\/www.cgtaragonlarioja.org\/fedens\/quien-donde-y-como-se-puede-votar-el-dia-1\/#primaryimage"},"thumbnailUrl":"https:\/\/www.cgtaragonlarioja.org\/fedens\/files\/2022\/11\/1500x500.jpg","datePublished":"2022-11-22T14:26:36+00:00","dateModified":"2022-12-07T09:09:29+00:00","description":"Hay muchas dudas en torno a la jornada electoral del 1 de diciembre. Vamos a intentar resolverlas. \u00bfCu\u00e1ndo voto? Con objeto de facilitar el acto de la","breadcrumb":{"@id":"https:\/\/www.cgtaragonlarioja.org\/fedens\/quien-donde-y-como-se-puede-votar-el-dia-1\/#breadcrumb"},"inLanguage":"es","potentialAction":[{"@type":"ReadAction","target":["https:\/\/www.cgtaragonlarioja.org\/fedens\/quien-donde-y-como-se-puede-votar-el-dia-1\/"]}]},{"@type":"ImageObject","inLanguage":"es","@id":"https:\/\/www.cgtaragonlarioja.org\/fedens\/quien-donde-y-como-se-puede-votar-el-dia-1\/#primaryimage","url":"https:\/\/www.cgtaragonlarioja.org\/fedens\/files\/2022\/11\/1500x500.jpg","contentUrl":"https:\/\/www.cgtaragonlarioja.org\/fedens\/files\/2022\/11\/1500x500.jpg","width":1500,"height":500},{"@type":"BreadcrumbList","@id":"https:\/\/www.cgtaragonlarioja.org\/fedens\/quien-donde-y-como-se-puede-votar-el-dia-1\/#breadcrumb","itemListElement":[{"@type":"ListItem","position":1,"name":"Portada","item":"https:\/\/www.cgtaragonlarioja.org\/fedens\/"},{"@type":"ListItem","position":2,"name":"\u00bfQui\u00e9n, d\u00f3nde y c\u00f3mo se puede votar el d\u00eda 1?"}]},{"@type":"WebSite","@id":"https:\/\/www.cgtaragonlarioja.org\/fedens\/#website","url":"https:\/\/www.cgtaragonlarioja.org\/fedens\/","name":"CGT Arag\u00f3n - La Rioja. ENSE\u00d1ANZA","description":"CONTACTAR: Calatayud-Aranda: 654897973 \/ Huesca: 974238404 \/ Teruel: 978619265 \/ Zaragoza: 976922002","publisher":{"@id":"https:\/\/www.cgtaragonlarioja.org\/fedens\/#organization"},"potentialAction":[{"@type":"SearchAction","target":{"@type":"EntryPoint","urlTemplate":"https:\/\/www.cgtaragonlarioja.org\/fedens\/?s={search_term_string}"},"query-input":{"@type":"PropertyValueSpecification","valueRequired":true,"valueName":"search_term_string"}}],"inLanguage":"es"},{"@type":"Organization","@id":"https:\/\/www.cgtaragonlarioja.org\/fedens\/#organization","name":"CGT Arag\u00f3n y La Rioja - Ense\u00f1anza","url":"https:\/\/www.cgtaragonlarioja.org\/fedens\/","logo":{"@type":"ImageObject","inLanguage":"es","@id":"https:\/\/www.cgtaragonlarioja.org\/fedens\/#\/schema\/logo\/image\/","url":"https:\/\/www.cgtaragonlarioja.org\/fedens\/files\/2021\/02\/logo_cgt_ense_huesca_170x250.png","contentUrl":"https:\/\/www.cgtaragonlarioja.org\/fedens\/files\/2021\/02\/logo_cgt_ense_huesca_170x250.png","width":170,"height":250,"caption":"CGT Arag\u00f3n y La Rioja - Ense\u00f1anza"},"image":{"@id":"https:\/\/www.cgtaragonlarioja.org\/fedens\/#\/schema\/logo\/image\/"},"sameAs":["https:\/\/www.facebook.com\/CGTEnseAragon\/","https:\/\/x.com\/CGTeduAragon"]},{"@type":"Person","@id":"https:\/\/www.cgtaragonlarioja.org\/fedens\/#\/schema\/person\/dfa7d1616615d62a6d79c9593aa09fc3","name":"kike","image":{"@type":"ImageObject","inLanguage":"es","@id":"https:\/\/www.cgtaragonlarioja.org\/fedens\/#\/schema\/person\/image\/","url":"https:\/\/secure.gravatar.com\/avatar\/f1c0788a733c3717c5f8c071e064a9c188df22c90b22388027f4ed27abaa4f3b?s=96&d=mm&r=g","contentUrl":"https:\/\/secure.gravatar.com\/avatar\/f1c0788a733c3717c5f8c071e064a9c188df22c90b22388027f4ed27abaa4f3b?s=96&d=mm&r=g","caption":"kike"},"url":"https:\/\/www.cgtaragonlarioja.org\/fedens\/author\/kike\/"}]}},"_links":{"self":[{"href":"https:\/\/www.cgtaragonlarioja.org\/fedens\/wp-json\/wp\/v2\/posts\/15646","targetHints":{"allow":["GET"]}}],"collection":[{"href":"https:\/\/www.cgtaragonlarioja.org\/fedens\/wp-json\/wp\/v2\/posts"}],"about":[{"href":"https:\/\/www.cgtaragonlarioja.org\/fedens\/wp-json\/wp\/v2\/types\/post"}],"author":[{"embeddable":true,"href":"https:\/\/www.cgtaragonlarioja.org\/fedens\/wp-json\/wp\/v2\/users\/486"}],"replies":[{"embeddable":true,"href":"https:\/\/www.cgtaragonlarioja.org\/fedens\/wp-json\/wp\/v2\/comments?post=15646"}],"version-history":[{"count":4,"href":"https:\/\/www.cgtaragonlarioja.org\/fedens\/wp-json\/wp\/v2\/posts\/15646\/revisions"}],"predecessor-version":[{"id":15653,"href":"https:\/\/www.cgtaragonlarioja.org\/fedens\/wp-json\/wp\/v2\/posts\/15646\/revisions\/15653"}],"wp:featuredmedia":[{"embeddable":true,"href":"https:\/\/www.cgtaragonlarioja.org\/fedens\/wp-json\/wp\/v2\/media\/15647"}],"wp:attachment":[{"href":"https:\/\/www.cgtaragonlarioja.org\/fedens\/wp-json\/wp\/v2\/media?parent=15646"}],"wp:term":[{"taxonomy":"category","embeddable":true,"href":"https:\/\/www.cgtaragonlarioja.org\/fedens\/wp-json\/wp\/v2\/categories?post=15646"},{"taxonomy":"post_tag","embeddable":true,"href":"https:\/\/www.cgtaragonlarioja.org\/fedens\/wp-json\/wp\/v2\/tags?post=15646"}],"curies":[{"name":"wp","href":"https:\/\/api.w.org\/{rel}","templated":true}]}}