{"id":15192,"date":"2022-09-22T12:48:07","date_gmt":"2022-09-22T10:48:07","guid":{"rendered":"https:\/\/www.cgtaragonlarioja.org\/fedens\/?p=15192"},"modified":"2022-09-22T15:21:29","modified_gmt":"2022-09-22T13:21:29","slug":"inspeccion-de-trabajo-certifica-que-educacion-incumple-las-legislacion-sobre-temperaturas","status":"publish","type":"post","link":"https:\/\/www.cgtaragonlarioja.org\/fedens\/inspeccion-de-trabajo-certifica-que-educacion-incumple-las-legislacion-sobre-temperaturas\/","title":{"rendered":"Inspecci\u00f3n de Trabajo certifica que Educaci\u00f3n incumple las legislaci\u00f3n sobre Temperaturas"},"content":{"rendered":"<p>Tras la campa\u00f1a de denuncias promovida por CGT el pasado mes de junio por las altas temperaturas en los Centros educativos, Inspecci\u00f3n de Trabajo est\u00e1 certificando que el Departamento de Educaci\u00f3n incumple la normativa del RD 486\/1997 sobre condiciones laborales en el \u00e1mbito de trabajo. Al mismo tiempo, la instituci\u00f3n del Justicia de Arag\u00f3n nos ha comunicado que tras recibir nuestra denuncia se puso en contacto con el Departamento de Educaci\u00f3n; sin obtener respuesta.<\/p>\n<p>El pasado mes de junio, ante la situaci\u00f3n de temperaturas elevadas en los colegios e institutos p\u00fablicos, CGT inici\u00f3 una campa\u00f1a de denuncias ante Inspecci\u00f3n de Trabajo por el incumplimiento de la normativa de salud laboral en los centros. La normativa actual marca un rango de temperaturas entre 17 y 27\u00ba como condiciones adecuadas para los locales donde se realicen trabajos sedentarios. El pasado mes de junio hubo centros escolares donde se alcanzaron los 36\u00ba en las aulas. Al mismo tiempo, desde CGT elevamos una queja al Justicia de Arag\u00f3n. Esta queja fue admitida a tr\u00e1mite en julio, sin embargo la Instituci\u00f3n se puso en contacto con este sindicato el 30 de agosto para comunicarnos que no hab\u00edan recibido respuesta del Departamento de Educaci\u00f3n a su requerimiento.<\/p>\n<p>La v\u00eda de las denuncias por parte de Inspecci\u00f3n de Trabajo comienza a dar su fruto. La primera resoluci\u00f3n recibida por CGT ratifica lo denunciado por este sindicato. En el <strong>IES Hermanos Argensola<\/strong> de Barbastro, la Inspecci\u00f3n de Trabajo certific\u00f3 el incumplimiento de la legislaci\u00f3n en materia de riesgos laborales y <em>\u201cconstata de forma evidente que se superaron en las aulas el valor m\u00e1ximo de 27\u00ba que establece el Anexo III del RD 486\/1997 sobre disposiciones m\u00ednimas de seguridad y salud en los lugares de trabajo.\u201d \u00a0<\/em>En el caso del <strong>CEIP Margarita Salas<\/strong> la Inspecci\u00f3n ha ratificado que durante el mes de junio y julio el Departamento de Educaci\u00f3n ha incumplido <em>\u201cla normativa en prevenci\u00f3n de riesgos laborales en materia de condiciones ambientales por falta de la realizaci\u00f3n de una evaluaci\u00f3n de temperaturas en el centro de trabajo y por no adoptar medidas para garantizar el cumplimiento de los l\u00edmites m\u00e1ximos de temperaturas establecidos en el RD 486\/1997\u201d. <\/em>En el <strong>IES Virgen del Pilar<\/strong>, tambi\u00e9n en Zaragoza, Inspecci\u00f3n de Trabajo ha resuelto en la misma l\u00ednea. Esta situaci\u00f3n no es exclusiva de estos dos Centros, sino que es extensible a todos los centros de Arag\u00f3n, a nuestro entender.<\/p>\n<p>En ambas resoluciones, Inspecci\u00f3n de Trabajo, <em>\u201cpara la imposici\u00f3n de medidas correctoras de incumplimiento en materia de prevenci\u00f3n de riesgos laborales en el \u00e1mbito de la Administraci\u00f3n General del Estado, se ha emitido propuestas de requerimiento en el que se recogen las irregularidades detectadas, las medidas a adoptar para subsanarlas y el plazo que considera necesario para la ejecuci\u00f3n de las mismas.<\/em>\u201d En el caso del IES Hermanos de Argensola tres meses para el \u201c<em>cumplimiento del requerimiento\u201d.<\/em><\/p>\n<p>Estas resoluciones dan la raz\u00f3n a las denuncias que venimos realiazando desde hace 8 a\u00f1os; la falta de evaluaci\u00f3n de riesgos de trabajo en los Centros educativos y el incumplimiento en materia de salud laboral. La situaci\u00f3n vivida el final de curso pasado evidencia la gravedad de estos incumplimientos por las situaciones de exceso de temperaturas que sufrieron no solo los y las trabajadoras sino tambi\u00e9n los y las menores de edad que acuden a los centros educativos.<\/p>\n<p>&nbsp;<\/p>\n<p>&nbsp;<\/p>\n<p>&nbsp;<\/p>\n","protected":false},"excerpt":{"rendered":"<p>Tras la campa\u00f1a de denuncias promovida por CGT el pasado mes de junio por las<\/p>\n","protected":false},"author":486,"featured_media":14873,"comment_status":"open","ping_status":"open","sticky":false,"template":"","format":"standard","meta":{"footnotes":""},"categories":[480],"tags":[],"class_list":["post-15192","post","type-post","status-publish","format-standard","has-post-thumbnail","hentry","category-noticias"],"yoast_head":"<!-- This site is optimized with the Yoast SEO plugin v26.7 - https:\/\/yoast.com\/wordpress\/plugins\/seo\/ -->\n<title>Inspecci\u00f3n de Trabajo certifica que Educaci\u00f3n incumple las legislaci\u00f3n sobre Temperaturas<\/title>\n<meta name=\"description\" content=\"Tras la campa\u00f1a de denuncias promovida por CGT el pasado mes de junio por las altas temperaturas en los Centros educativos, Inspecci\u00f3n de Trabajo est\u00e1\" \/>\n<meta name=\"robots\" content=\"index, follow, max-snippet:-1, max-image-preview:large, max-video-preview:-1\" \/>\n<link rel=\"canonical\" href=\"https:\/\/www.cgtaragonlarioja.org\/fedens\/inspeccion-de-trabajo-certifica-que-educacion-incumple-las-legislacion-sobre-temperaturas\/\" \/>\n<meta property=\"og:locale\" content=\"es_ES\" \/>\n<meta property=\"og:type\" content=\"article\" \/>\n<meta property=\"og:title\" content=\"Inspecci\u00f3n de Trabajo certifica que Educaci\u00f3n incumple las legislaci\u00f3n sobre Temperaturas\" \/>\n<meta property=\"og:description\" content=\"Tras la campa\u00f1a de denuncias promovida por CGT el pasado mes de junio por las altas temperaturas en los Centros educativos, Inspecci\u00f3n de Trabajo est\u00e1\" \/>\n<meta property=\"og:url\" content=\"https:\/\/www.cgtaragonlarioja.org\/fedens\/inspeccion-de-trabajo-certifica-que-educacion-incumple-las-legislacion-sobre-temperaturas\/\" \/>\n<meta property=\"og:site_name\" content=\"CGT Arag\u00f3n - La Rioja. ENSE\u00d1ANZA\" \/>\n<meta property=\"article:publisher\" content=\"https:\/\/www.facebook.com\/CGTEnseAragon\/\" \/>\n<meta property=\"article:published_time\" content=\"2022-09-22T10:48:07+00:00\" \/>\n<meta property=\"article:modified_time\" content=\"2022-09-22T13:21:29+00:00\" \/>\n<meta property=\"og:image\" content=\"https:\/\/www.cgtaragonlarioja.org\/fedens\/files\/2022\/06\/temperaturas.jpg\" \/>\n\t<meta property=\"og:image:width\" content=\"696\" \/>\n\t<meta property=\"og:image:height\" content=\"696\" \/>\n\t<meta property=\"og:image:type\" content=\"image\/jpeg\" \/>\n<meta name=\"author\" content=\"kike\" \/>\n<meta name=\"twitter:card\" content=\"summary_large_image\" \/>\n<meta name=\"twitter:creator\" content=\"@CGTeduAragon\" \/>\n<meta name=\"twitter:site\" content=\"@CGTeduAragon\" \/>\n<meta name=\"twitter:label1\" content=\"Escrito por\" \/>\n\t<meta name=\"twitter:data1\" content=\"kike\" \/>\n\t<meta name=\"twitter:label2\" content=\"Tiempo de lectura\" \/>\n\t<meta name=\"twitter:data2\" content=\"3 minutos\" \/>\n<script type=\"application\/ld+json\" class=\"yoast-schema-graph\">{\"@context\":\"https:\/\/schema.org\",\"@graph\":[{\"@type\":\"Article\",\"@id\":\"https:\/\/www.cgtaragonlarioja.org\/fedens\/inspeccion-de-trabajo-certifica-que-educacion-incumple-las-legislacion-sobre-temperaturas\/#article\",\"isPartOf\":{\"@id\":\"https:\/\/www.cgtaragonlarioja.org\/fedens\/inspeccion-de-trabajo-certifica-que-educacion-incumple-las-legislacion-sobre-temperaturas\/\"},\"author\":{\"name\":\"kike\",\"@id\":\"https:\/\/www.cgtaragonlarioja.org\/fedens\/#\/schema\/person\/dfa7d1616615d62a6d79c9593aa09fc3\"},\"headline\":\"Inspecci\u00f3n de Trabajo certifica que Educaci\u00f3n incumple las legislaci\u00f3n sobre Temperaturas\",\"datePublished\":\"2022-09-22T10:48:07+00:00\",\"dateModified\":\"2022-09-22T13:21:29+00:00\",\"mainEntityOfPage\":{\"@id\":\"https:\/\/www.cgtaragonlarioja.org\/fedens\/inspeccion-de-trabajo-certifica-que-educacion-incumple-las-legislacion-sobre-temperaturas\/\"},\"wordCount\":606,\"commentCount\":0,\"publisher\":{\"@id\":\"https:\/\/www.cgtaragonlarioja.org\/fedens\/#organization\"},\"image\":{\"@id\":\"https:\/\/www.cgtaragonlarioja.org\/fedens\/inspeccion-de-trabajo-certifica-que-educacion-incumple-las-legislacion-sobre-temperaturas\/#primaryimage\"},\"thumbnailUrl\":\"https:\/\/www.cgtaragonlarioja.org\/fedens\/files\/2022\/06\/temperaturas.jpg\",\"articleSection\":[\"Noticias\"],\"inLanguage\":\"es\",\"potentialAction\":[{\"@type\":\"CommentAction\",\"name\":\"Comment\",\"target\":[\"https:\/\/www.cgtaragonlarioja.org\/fedens\/inspeccion-de-trabajo-certifica-que-educacion-incumple-las-legislacion-sobre-temperaturas\/#respond\"]}]},{\"@type\":\"WebPage\",\"@id\":\"https:\/\/www.cgtaragonlarioja.org\/fedens\/inspeccion-de-trabajo-certifica-que-educacion-incumple-las-legislacion-sobre-temperaturas\/\",\"url\":\"https:\/\/www.cgtaragonlarioja.org\/fedens\/inspeccion-de-trabajo-certifica-que-educacion-incumple-las-legislacion-sobre-temperaturas\/\",\"name\":\"Inspecci\u00f3n de Trabajo certifica que Educaci\u00f3n incumple las legislaci\u00f3n sobre Temperaturas\",\"isPartOf\":{\"@id\":\"https:\/\/www.cgtaragonlarioja.org\/fedens\/#website\"},\"primaryImageOfPage\":{\"@id\":\"https:\/\/www.cgtaragonlarioja.org\/fedens\/inspeccion-de-trabajo-certifica-que-educacion-incumple-las-legislacion-sobre-temperaturas\/#primaryimage\"},\"image\":{\"@id\":\"https:\/\/www.cgtaragonlarioja.org\/fedens\/inspeccion-de-trabajo-certifica-que-educacion-incumple-las-legislacion-sobre-temperaturas\/#primaryimage\"},\"thumbnailUrl\":\"https:\/\/www.cgtaragonlarioja.org\/fedens\/files\/2022\/06\/temperaturas.jpg\",\"datePublished\":\"2022-09-22T10:48:07+00:00\",\"dateModified\":\"2022-09-22T13:21:29+00:00\",\"description\":\"Tras la campa\u00f1a de denuncias promovida por CGT el pasado mes de junio por las altas temperaturas en los Centros educativos, Inspecci\u00f3n de Trabajo est\u00e1\",\"breadcrumb\":{\"@id\":\"https:\/\/www.cgtaragonlarioja.org\/fedens\/inspeccion-de-trabajo-certifica-que-educacion-incumple-las-legislacion-sobre-temperaturas\/#breadcrumb\"},\"inLanguage\":\"es\",\"potentialAction\":[{\"@type\":\"ReadAction\",\"target\":[\"https:\/\/www.cgtaragonlarioja.org\/fedens\/inspeccion-de-trabajo-certifica-que-educacion-incumple-las-legislacion-sobre-temperaturas\/\"]}]},{\"@type\":\"ImageObject\",\"inLanguage\":\"es\",\"@id\":\"https:\/\/www.cgtaragonlarioja.org\/fedens\/inspeccion-de-trabajo-certifica-que-educacion-incumple-las-legislacion-sobre-temperaturas\/#primaryimage\",\"url\":\"https:\/\/www.cgtaragonlarioja.org\/fedens\/files\/2022\/06\/temperaturas.jpg\",\"contentUrl\":\"https:\/\/www.cgtaragonlarioja.org\/fedens\/files\/2022\/06\/temperaturas.jpg\",\"width\":696,\"height\":696},{\"@type\":\"BreadcrumbList\",\"@id\":\"https:\/\/www.cgtaragonlarioja.org\/fedens\/inspeccion-de-trabajo-certifica-que-educacion-incumple-las-legislacion-sobre-temperaturas\/#breadcrumb\",\"itemListElement\":[{\"@type\":\"ListItem\",\"position\":1,\"name\":\"Portada\",\"item\":\"https:\/\/www.cgtaragonlarioja.org\/fedens\/\"},{\"@type\":\"ListItem\",\"position\":2,\"name\":\"Inspecci\u00f3n de Trabajo certifica que Educaci\u00f3n incumple las legislaci\u00f3n sobre Temperaturas\"}]},{\"@type\":\"WebSite\",\"@id\":\"https:\/\/www.cgtaragonlarioja.org\/fedens\/#website\",\"url\":\"https:\/\/www.cgtaragonlarioja.org\/fedens\/\",\"name\":\"CGT Arag\u00f3n - La Rioja. ENSE\u00d1ANZA\",\"description\":\"CONTACTAR: Calatayud-Aranda: 654897973 \/ Huesca: 974238404 \/ Teruel: 978619265 \/ Zaragoza: 976922002\",\"publisher\":{\"@id\":\"https:\/\/www.cgtaragonlarioja.org\/fedens\/#organization\"},\"potentialAction\":[{\"@type\":\"SearchAction\",\"target\":{\"@type\":\"EntryPoint\",\"urlTemplate\":\"https:\/\/www.cgtaragonlarioja.org\/fedens\/?s={search_term_string}\"},\"query-input\":{\"@type\":\"PropertyValueSpecification\",\"valueRequired\":true,\"valueName\":\"search_term_string\"}}],\"inLanguage\":\"es\"},{\"@type\":\"Organization\",\"@id\":\"https:\/\/www.cgtaragonlarioja.org\/fedens\/#organization\",\"name\":\"CGT Arag\u00f3n y La Rioja - Ense\u00f1anza\",\"url\":\"https:\/\/www.cgtaragonlarioja.org\/fedens\/\",\"logo\":{\"@type\":\"ImageObject\",\"inLanguage\":\"es\",\"@id\":\"https:\/\/www.cgtaragonlarioja.org\/fedens\/#\/schema\/logo\/image\/\",\"url\":\"https:\/\/www.cgtaragonlarioja.org\/fedens\/files\/2021\/02\/logo_cgt_ense_huesca_170x250.png\",\"contentUrl\":\"https:\/\/www.cgtaragonlarioja.org\/fedens\/files\/2021\/02\/logo_cgt_ense_huesca_170x250.png\",\"width\":170,\"height\":250,\"caption\":\"CGT Arag\u00f3n y La Rioja - Ense\u00f1anza\"},\"image\":{\"@id\":\"https:\/\/www.cgtaragonlarioja.org\/fedens\/#\/schema\/logo\/image\/\"},\"sameAs\":[\"https:\/\/www.facebook.com\/CGTEnseAragon\/\",\"https:\/\/x.com\/CGTeduAragon\"]},{\"@type\":\"Person\",\"@id\":\"https:\/\/www.cgtaragonlarioja.org\/fedens\/#\/schema\/person\/dfa7d1616615d62a6d79c9593aa09fc3\",\"name\":\"kike\",\"image\":{\"@type\":\"ImageObject\",\"inLanguage\":\"es\",\"@id\":\"https:\/\/www.cgtaragonlarioja.org\/fedens\/#\/schema\/person\/image\/\",\"url\":\"https:\/\/secure.gravatar.com\/avatar\/f1c0788a733c3717c5f8c071e064a9c188df22c90b22388027f4ed27abaa4f3b?s=96&d=mm&r=g\",\"contentUrl\":\"https:\/\/secure.gravatar.com\/avatar\/f1c0788a733c3717c5f8c071e064a9c188df22c90b22388027f4ed27abaa4f3b?s=96&d=mm&r=g\",\"caption\":\"kike\"},\"url\":\"https:\/\/www.cgtaragonlarioja.org\/fedens\/author\/kike\/\"}]}<\/script>\n<!-- \/ Yoast SEO plugin. -->","yoast_head_json":{"title":"Inspecci\u00f3n de Trabajo certifica que Educaci\u00f3n incumple las legislaci\u00f3n sobre Temperaturas","description":"Tras la campa\u00f1a de denuncias promovida por CGT el pasado mes de junio por las altas temperaturas en los Centros educativos, Inspecci\u00f3n de Trabajo est\u00e1","robots":{"index":"index","follow":"follow","max-snippet":"max-snippet:-1","max-image-preview":"max-image-preview:large","max-video-preview":"max-video-preview:-1"},"canonical":"https:\/\/www.cgtaragonlarioja.org\/fedens\/inspeccion-de-trabajo-certifica-que-educacion-incumple-las-legislacion-sobre-temperaturas\/","og_locale":"es_ES","og_type":"article","og_title":"Inspecci\u00f3n de Trabajo certifica que Educaci\u00f3n incumple las legislaci\u00f3n sobre Temperaturas","og_description":"Tras la campa\u00f1a de denuncias promovida por CGT el pasado mes de junio por las altas temperaturas en los Centros educativos, Inspecci\u00f3n de Trabajo est\u00e1","og_url":"https:\/\/www.cgtaragonlarioja.org\/fedens\/inspeccion-de-trabajo-certifica-que-educacion-incumple-las-legislacion-sobre-temperaturas\/","og_site_name":"CGT Arag\u00f3n - La Rioja. ENSE\u00d1ANZA","article_publisher":"https:\/\/www.facebook.com\/CGTEnseAragon\/","article_published_time":"2022-09-22T10:48:07+00:00","article_modified_time":"2022-09-22T13:21:29+00:00","og_image":[{"width":696,"height":696,"url":"https:\/\/www.cgtaragonlarioja.org\/fedens\/files\/2022\/06\/temperaturas.jpg","type":"image\/jpeg"}],"author":"kike","twitter_card":"summary_large_image","twitter_creator":"@CGTeduAragon","twitter_site":"@CGTeduAragon","twitter_misc":{"Escrito por":"kike","Tiempo de lectura":"3 minutos"},"schema":{"@context":"https:\/\/schema.org","@graph":[{"@type":"Article","@id":"https:\/\/www.cgtaragonlarioja.org\/fedens\/inspeccion-de-trabajo-certifica-que-educacion-incumple-las-legislacion-sobre-temperaturas\/#article","isPartOf":{"@id":"https:\/\/www.cgtaragonlarioja.org\/fedens\/inspeccion-de-trabajo-certifica-que-educacion-incumple-las-legislacion-sobre-temperaturas\/"},"author":{"name":"kike","@id":"https:\/\/www.cgtaragonlarioja.org\/fedens\/#\/schema\/person\/dfa7d1616615d62a6d79c9593aa09fc3"},"headline":"Inspecci\u00f3n de Trabajo certifica que Educaci\u00f3n incumple las legislaci\u00f3n sobre Temperaturas","datePublished":"2022-09-22T10:48:07+00:00","dateModified":"2022-09-22T13:21:29+00:00","mainEntityOfPage":{"@id":"https:\/\/www.cgtaragonlarioja.org\/fedens\/inspeccion-de-trabajo-certifica-que-educacion-incumple-las-legislacion-sobre-temperaturas\/"},"wordCount":606,"commentCount":0,"publisher":{"@id":"https:\/\/www.cgtaragonlarioja.org\/fedens\/#organization"},"image":{"@id":"https:\/\/www.cgtaragonlarioja.org\/fedens\/inspeccion-de-trabajo-certifica-que-educacion-incumple-las-legislacion-sobre-temperaturas\/#primaryimage"},"thumbnailUrl":"https:\/\/www.cgtaragonlarioja.org\/fedens\/files\/2022\/06\/temperaturas.jpg","articleSection":["Noticias"],"inLanguage":"es","potentialAction":[{"@type":"CommentAction","name":"Comment","target":["https:\/\/www.cgtaragonlarioja.org\/fedens\/inspeccion-de-trabajo-certifica-que-educacion-incumple-las-legislacion-sobre-temperaturas\/#respond"]}]},{"@type":"WebPage","@id":"https:\/\/www.cgtaragonlarioja.org\/fedens\/inspeccion-de-trabajo-certifica-que-educacion-incumple-las-legislacion-sobre-temperaturas\/","url":"https:\/\/www.cgtaragonlarioja.org\/fedens\/inspeccion-de-trabajo-certifica-que-educacion-incumple-las-legislacion-sobre-temperaturas\/","name":"Inspecci\u00f3n de Trabajo certifica que Educaci\u00f3n incumple las legislaci\u00f3n sobre Temperaturas","isPartOf":{"@id":"https:\/\/www.cgtaragonlarioja.org\/fedens\/#website"},"primaryImageOfPage":{"@id":"https:\/\/www.cgtaragonlarioja.org\/fedens\/inspeccion-de-trabajo-certifica-que-educacion-incumple-las-legislacion-sobre-temperaturas\/#primaryimage"},"image":{"@id":"https:\/\/www.cgtaragonlarioja.org\/fedens\/inspeccion-de-trabajo-certifica-que-educacion-incumple-las-legislacion-sobre-temperaturas\/#primaryimage"},"thumbnailUrl":"https:\/\/www.cgtaragonlarioja.org\/fedens\/files\/2022\/06\/temperaturas.jpg","datePublished":"2022-09-22T10:48:07+00:00","dateModified":"2022-09-22T13:21:29+00:00","description":"Tras la campa\u00f1a de denuncias promovida por CGT el pasado mes de junio por las altas temperaturas en los Centros educativos, Inspecci\u00f3n de Trabajo est\u00e1","breadcrumb":{"@id":"https:\/\/www.cgtaragonlarioja.org\/fedens\/inspeccion-de-trabajo-certifica-que-educacion-incumple-las-legislacion-sobre-temperaturas\/#breadcrumb"},"inLanguage":"es","potentialAction":[{"@type":"ReadAction","target":["https:\/\/www.cgtaragonlarioja.org\/fedens\/inspeccion-de-trabajo-certifica-que-educacion-incumple-las-legislacion-sobre-temperaturas\/"]}]},{"@type":"ImageObject","inLanguage":"es","@id":"https:\/\/www.cgtaragonlarioja.org\/fedens\/inspeccion-de-trabajo-certifica-que-educacion-incumple-las-legislacion-sobre-temperaturas\/#primaryimage","url":"https:\/\/www.cgtaragonlarioja.org\/fedens\/files\/2022\/06\/temperaturas.jpg","contentUrl":"https:\/\/www.cgtaragonlarioja.org\/fedens\/files\/2022\/06\/temperaturas.jpg","width":696,"height":696},{"@type":"BreadcrumbList","@id":"https:\/\/www.cgtaragonlarioja.org\/fedens\/inspeccion-de-trabajo-certifica-que-educacion-incumple-las-legislacion-sobre-temperaturas\/#breadcrumb","itemListElement":[{"@type":"ListItem","position":1,"name":"Portada","item":"https:\/\/www.cgtaragonlarioja.org\/fedens\/"},{"@type":"ListItem","position":2,"name":"Inspecci\u00f3n de Trabajo certifica que Educaci\u00f3n incumple las legislaci\u00f3n sobre Temperaturas"}]},{"@type":"WebSite","@id":"https:\/\/www.cgtaragonlarioja.org\/fedens\/#website","url":"https:\/\/www.cgtaragonlarioja.org\/fedens\/","name":"CGT Arag\u00f3n - La Rioja. ENSE\u00d1ANZA","description":"CONTACTAR: Calatayud-Aranda: 654897973 \/ Huesca: 974238404 \/ Teruel: 978619265 \/ Zaragoza: 976922002","publisher":{"@id":"https:\/\/www.cgtaragonlarioja.org\/fedens\/#organization"},"potentialAction":[{"@type":"SearchAction","target":{"@type":"EntryPoint","urlTemplate":"https:\/\/www.cgtaragonlarioja.org\/fedens\/?s={search_term_string}"},"query-input":{"@type":"PropertyValueSpecification","valueRequired":true,"valueName":"search_term_string"}}],"inLanguage":"es"},{"@type":"Organization","@id":"https:\/\/www.cgtaragonlarioja.org\/fedens\/#organization","name":"CGT Arag\u00f3n y La Rioja - Ense\u00f1anza","url":"https:\/\/www.cgtaragonlarioja.org\/fedens\/","logo":{"@type":"ImageObject","inLanguage":"es","@id":"https:\/\/www.cgtaragonlarioja.org\/fedens\/#\/schema\/logo\/image\/","url":"https:\/\/www.cgtaragonlarioja.org\/fedens\/files\/2021\/02\/logo_cgt_ense_huesca_170x250.png","contentUrl":"https:\/\/www.cgtaragonlarioja.org\/fedens\/files\/2021\/02\/logo_cgt_ense_huesca_170x250.png","width":170,"height":250,"caption":"CGT Arag\u00f3n y La Rioja - Ense\u00f1anza"},"image":{"@id":"https:\/\/www.cgtaragonlarioja.org\/fedens\/#\/schema\/logo\/image\/"},"sameAs":["https:\/\/www.facebook.com\/CGTEnseAragon\/","https:\/\/x.com\/CGTeduAragon"]},{"@type":"Person","@id":"https:\/\/www.cgtaragonlarioja.org\/fedens\/#\/schema\/person\/dfa7d1616615d62a6d79c9593aa09fc3","name":"kike","image":{"@type":"ImageObject","inLanguage":"es","@id":"https:\/\/www.cgtaragonlarioja.org\/fedens\/#\/schema\/person\/image\/","url":"https:\/\/secure.gravatar.com\/avatar\/f1c0788a733c3717c5f8c071e064a9c188df22c90b22388027f4ed27abaa4f3b?s=96&d=mm&r=g","contentUrl":"https:\/\/secure.gravatar.com\/avatar\/f1c0788a733c3717c5f8c071e064a9c188df22c90b22388027f4ed27abaa4f3b?s=96&d=mm&r=g","caption":"kike"},"url":"https:\/\/www.cgtaragonlarioja.org\/fedens\/author\/kike\/"}]}},"_links":{"self":[{"href":"https:\/\/www.cgtaragonlarioja.org\/fedens\/wp-json\/wp\/v2\/posts\/15192","targetHints":{"allow":["GET"]}}],"collection":[{"href":"https:\/\/www.cgtaragonlarioja.org\/fedens\/wp-json\/wp\/v2\/posts"}],"about":[{"href":"https:\/\/www.cgtaragonlarioja.org\/fedens\/wp-json\/wp\/v2\/types\/post"}],"author":[{"embeddable":true,"href":"https:\/\/www.cgtaragonlarioja.org\/fedens\/wp-json\/wp\/v2\/users\/486"}],"replies":[{"embeddable":true,"href":"https:\/\/www.cgtaragonlarioja.org\/fedens\/wp-json\/wp\/v2\/comments?post=15192"}],"version-history":[{"count":3,"href":"https:\/\/www.cgtaragonlarioja.org\/fedens\/wp-json\/wp\/v2\/posts\/15192\/revisions"}],"predecessor-version":[{"id":15195,"href":"https:\/\/www.cgtaragonlarioja.org\/fedens\/wp-json\/wp\/v2\/posts\/15192\/revisions\/15195"}],"wp:featuredmedia":[{"embeddable":true,"href":"https:\/\/www.cgtaragonlarioja.org\/fedens\/wp-json\/wp\/v2\/media\/14873"}],"wp:attachment":[{"href":"https:\/\/www.cgtaragonlarioja.org\/fedens\/wp-json\/wp\/v2\/media?parent=15192"}],"wp:term":[{"taxonomy":"category","embeddable":true,"href":"https:\/\/www.cgtaragonlarioja.org\/fedens\/wp-json\/wp\/v2\/categories?post=15192"},{"taxonomy":"post_tag","embeddable":true,"href":"https:\/\/www.cgtaragonlarioja.org\/fedens\/wp-json\/wp\/v2\/tags?post=15192"}],"curies":[{"name":"wp","href":"https:\/\/api.w.org\/{rel}","templated":true}]}}