{"id":14939,"date":"2022-07-01T21:56:31","date_gmt":"2022-07-01T19:56:31","guid":{"rendered":"https:\/\/www.cgtaragonlarioja.org\/fedens\/?p=14939"},"modified":"2022-11-14T09:38:43","modified_gmt":"2022-11-14T08:38:43","slug":"notas-partes-a-y-b-al-y-reclamaciones","status":"publish","type":"post","link":"https:\/\/www.cgtaragonlarioja.org\/fedens\/notas-partes-a-y-b-al-y-reclamaciones\/","title":{"rendered":"Notas partes A y B oposiciones AL y reclamaciones"},"content":{"rendered":"<p>En el d\u00eda de hoy se han publicado las notas de las partes A y B de la prueba de conocimiento de la oposici\u00f3n de la especialidad de AL.<\/p>\n<p>Ante el aluvi\u00f3n de llamadas, os dejamos los <a href=\"https:\/\/www.cgtaragonlarioja.org\/fedens\/notas-partes-a-y-b-al-y-reclamaciones\/criterios-temas-practico-enunccriterios\/\" rel=\"attachment wp-att-14941\">Criterios de calificaci\u00f3n<\/a> y el modelo alegaciones_ Notas Parte A y B Opos 2022. Recordad que las reclamaciones habr\u00e1n de hacerse a trav\u00e9s de Paddoc.<\/p>\n<p>No dud\u00e9is en poneros en contacto con nosotrxs. Estamos a vuestra disposici\u00f3n en las sedes con el <a href=\"https:\/\/www.cgtaragonlarioja.org\/fedens\/horario-de-verano\/\">horario de verano<\/a> y, como siempre, v\u00eda telem\u00e1tica en los correos y tel\u00e9fonos.<\/p>\n","protected":false},"excerpt":{"rendered":"<p>En el d\u00eda de hoy se han publicado las notas de las partes A y<\/p>\n","protected":false},"author":854,"featured_media":14940,"comment_status":"open","ping_status":"open","sticky":false,"template":"","format":"standard","meta":{"footnotes":""},"categories":[480],"tags":[526,625,593,532],"class_list":["post-14939","post","type-post","status-publish","format-standard","has-post-thumbnail","hentry","category-noticias","tag-ed-infantil-y-primaria","tag-interinas","tag-interinos","tag-oposiciones"],"yoast_head":"<!-- This site is optimized with the Yoast SEO plugin v26.7 - https:\/\/yoast.com\/wordpress\/plugins\/seo\/ -->\n<title>Notas partes A y B oposiciones AL y reclamaciones<\/title>\n<meta name=\"description\" content=\"En el d\u00eda de hoy se han publicado las notas de las partes A y B de la prueba de conocimiento de la oposici\u00f3n de la especialidad de AL. Ante el aluvi\u00f3n de\" \/>\n<meta name=\"robots\" content=\"index, follow, max-snippet:-1, max-image-preview:large, max-video-preview:-1\" \/>\n<link rel=\"canonical\" href=\"https:\/\/www.cgtaragonlarioja.org\/fedens\/notas-partes-a-y-b-al-y-reclamaciones\/\" \/>\n<meta property=\"og:locale\" content=\"es_ES\" \/>\n<meta property=\"og:type\" content=\"article\" \/>\n<meta property=\"og:title\" content=\"Notas partes A y B oposiciones AL y reclamaciones\" \/>\n<meta property=\"og:description\" content=\"En el d\u00eda de hoy se han publicado las notas de las partes A y B de la prueba de conocimiento de la oposici\u00f3n de la especialidad de AL. Ante el aluvi\u00f3n de\" \/>\n<meta property=\"og:url\" content=\"https:\/\/www.cgtaragonlarioja.org\/fedens\/notas-partes-a-y-b-al-y-reclamaciones\/\" \/>\n<meta property=\"og:site_name\" content=\"CGT Arag\u00f3n - La Rioja. ENSE\u00d1ANZA\" \/>\n<meta property=\"article:publisher\" content=\"https:\/\/www.facebook.com\/CGTEnseAragon\/\" \/>\n<meta property=\"article:published_time\" content=\"2022-07-01T19:56:31+00:00\" \/>\n<meta property=\"article:modified_time\" content=\"2022-11-14T08:38:43+00:00\" \/>\n<meta property=\"og:image\" content=\"https:\/\/www.cgtaragonlarioja.org\/fedens\/files\/2022\/07\/Opos-Maestrxs-2022.jpg\" \/>\n\t<meta property=\"og:image:width\" content=\"1414\" \/>\n\t<meta property=\"og:image:height\" content=\"2000\" \/>\n\t<meta property=\"og:image:type\" content=\"image\/jpeg\" \/>\n<meta name=\"author\" content=\"CGT Ense\u00f1anza Arag\u00f3n\" \/>\n<meta name=\"twitter:card\" content=\"summary_large_image\" \/>\n<meta name=\"twitter:creator\" content=\"@CGTeduAragon\" \/>\n<meta name=\"twitter:site\" content=\"@CGTeduAragon\" \/>\n<meta name=\"twitter:label1\" content=\"Escrito por\" \/>\n\t<meta name=\"twitter:data1\" content=\"CGT Ense\u00f1anza Arag\u00f3n\" \/>\n\t<meta name=\"twitter:label2\" content=\"Tiempo de lectura\" \/>\n\t<meta name=\"twitter:data2\" content=\"1 minuto\" \/>\n<script type=\"application\/ld+json\" class=\"yoast-schema-graph\">{\"@context\":\"https:\/\/schema.org\",\"@graph\":[{\"@type\":\"Article\",\"@id\":\"https:\/\/www.cgtaragonlarioja.org\/fedens\/notas-partes-a-y-b-al-y-reclamaciones\/#article\",\"isPartOf\":{\"@id\":\"https:\/\/www.cgtaragonlarioja.org\/fedens\/notas-partes-a-y-b-al-y-reclamaciones\/\"},\"author\":{\"name\":\"CGT Ense\u00f1anza Arag\u00f3n\",\"@id\":\"https:\/\/www.cgtaragonlarioja.org\/fedens\/#\/schema\/person\/f577cbf9ee1fb7519bfd883ac4f4032f\"},\"headline\":\"Notas partes A y B oposiciones AL y reclamaciones\",\"datePublished\":\"2022-07-01T19:56:31+00:00\",\"dateModified\":\"2022-11-14T08:38:43+00:00\",\"mainEntityOfPage\":{\"@id\":\"https:\/\/www.cgtaragonlarioja.org\/fedens\/notas-partes-a-y-b-al-y-reclamaciones\/\"},\"wordCount\":111,\"commentCount\":0,\"publisher\":{\"@id\":\"https:\/\/www.cgtaragonlarioja.org\/fedens\/#organization\"},\"image\":{\"@id\":\"https:\/\/www.cgtaragonlarioja.org\/fedens\/notas-partes-a-y-b-al-y-reclamaciones\/#primaryimage\"},\"thumbnailUrl\":\"https:\/\/www.cgtaragonlarioja.org\/fedens\/files\/2022\/07\/Opos-Maestrxs-2022.jpg\",\"keywords\":[\"Ed. Infantil y Primaria\",\"interinas\",\"interinos\",\"Oposiciones\"],\"articleSection\":[\"Noticias\"],\"inLanguage\":\"es\",\"potentialAction\":[{\"@type\":\"CommentAction\",\"name\":\"Comment\",\"target\":[\"https:\/\/www.cgtaragonlarioja.org\/fedens\/notas-partes-a-y-b-al-y-reclamaciones\/#respond\"]}]},{\"@type\":\"WebPage\",\"@id\":\"https:\/\/www.cgtaragonlarioja.org\/fedens\/notas-partes-a-y-b-al-y-reclamaciones\/\",\"url\":\"https:\/\/www.cgtaragonlarioja.org\/fedens\/notas-partes-a-y-b-al-y-reclamaciones\/\",\"name\":\"Notas partes A y B oposiciones AL y reclamaciones\",\"isPartOf\":{\"@id\":\"https:\/\/www.cgtaragonlarioja.org\/fedens\/#website\"},\"primaryImageOfPage\":{\"@id\":\"https:\/\/www.cgtaragonlarioja.org\/fedens\/notas-partes-a-y-b-al-y-reclamaciones\/#primaryimage\"},\"image\":{\"@id\":\"https:\/\/www.cgtaragonlarioja.org\/fedens\/notas-partes-a-y-b-al-y-reclamaciones\/#primaryimage\"},\"thumbnailUrl\":\"https:\/\/www.cgtaragonlarioja.org\/fedens\/files\/2022\/07\/Opos-Maestrxs-2022.jpg\",\"datePublished\":\"2022-07-01T19:56:31+00:00\",\"dateModified\":\"2022-11-14T08:38:43+00:00\",\"description\":\"En el d\u00eda de hoy se han publicado las notas de las partes A y B de la prueba de conocimiento de la oposici\u00f3n de la especialidad de AL. Ante el aluvi\u00f3n de\",\"breadcrumb\":{\"@id\":\"https:\/\/www.cgtaragonlarioja.org\/fedens\/notas-partes-a-y-b-al-y-reclamaciones\/#breadcrumb\"},\"inLanguage\":\"es\",\"potentialAction\":[{\"@type\":\"ReadAction\",\"target\":[\"https:\/\/www.cgtaragonlarioja.org\/fedens\/notas-partes-a-y-b-al-y-reclamaciones\/\"]}]},{\"@type\":\"ImageObject\",\"inLanguage\":\"es\",\"@id\":\"https:\/\/www.cgtaragonlarioja.org\/fedens\/notas-partes-a-y-b-al-y-reclamaciones\/#primaryimage\",\"url\":\"https:\/\/www.cgtaragonlarioja.org\/fedens\/files\/2022\/07\/Opos-Maestrxs-2022.jpg\",\"contentUrl\":\"https:\/\/www.cgtaragonlarioja.org\/fedens\/files\/2022\/07\/Opos-Maestrxs-2022.jpg\",\"width\":1414,\"height\":2000},{\"@type\":\"BreadcrumbList\",\"@id\":\"https:\/\/www.cgtaragonlarioja.org\/fedens\/notas-partes-a-y-b-al-y-reclamaciones\/#breadcrumb\",\"itemListElement\":[{\"@type\":\"ListItem\",\"position\":1,\"name\":\"Portada\",\"item\":\"https:\/\/www.cgtaragonlarioja.org\/fedens\/\"},{\"@type\":\"ListItem\",\"position\":2,\"name\":\"Notas partes A y B oposiciones AL y reclamaciones\"}]},{\"@type\":\"WebSite\",\"@id\":\"https:\/\/www.cgtaragonlarioja.org\/fedens\/#website\",\"url\":\"https:\/\/www.cgtaragonlarioja.org\/fedens\/\",\"name\":\"CGT Arag\u00f3n - La Rioja. ENSE\u00d1ANZA\",\"description\":\"CONTACTAR: Calatayud-Aranda: 654897973 \/ Huesca: 974238404 \/ Teruel: 978619265 \/ Zaragoza: 976922002\",\"publisher\":{\"@id\":\"https:\/\/www.cgtaragonlarioja.org\/fedens\/#organization\"},\"potentialAction\":[{\"@type\":\"SearchAction\",\"target\":{\"@type\":\"EntryPoint\",\"urlTemplate\":\"https:\/\/www.cgtaragonlarioja.org\/fedens\/?s={search_term_string}\"},\"query-input\":{\"@type\":\"PropertyValueSpecification\",\"valueRequired\":true,\"valueName\":\"search_term_string\"}}],\"inLanguage\":\"es\"},{\"@type\":\"Organization\",\"@id\":\"https:\/\/www.cgtaragonlarioja.org\/fedens\/#organization\",\"name\":\"CGT Arag\u00f3n y La Rioja - Ense\u00f1anza\",\"url\":\"https:\/\/www.cgtaragonlarioja.org\/fedens\/\",\"logo\":{\"@type\":\"ImageObject\",\"inLanguage\":\"es\",\"@id\":\"https:\/\/www.cgtaragonlarioja.org\/fedens\/#\/schema\/logo\/image\/\",\"url\":\"https:\/\/www.cgtaragonlarioja.org\/fedens\/files\/2021\/02\/logo_cgt_ense_huesca_170x250.png\",\"contentUrl\":\"https:\/\/www.cgtaragonlarioja.org\/fedens\/files\/2021\/02\/logo_cgt_ense_huesca_170x250.png\",\"width\":170,\"height\":250,\"caption\":\"CGT Arag\u00f3n y La Rioja - Ense\u00f1anza\"},\"image\":{\"@id\":\"https:\/\/www.cgtaragonlarioja.org\/fedens\/#\/schema\/logo\/image\/\"},\"sameAs\":[\"https:\/\/www.facebook.com\/CGTEnseAragon\/\",\"https:\/\/x.com\/CGTeduAragon\"]},{\"@type\":\"Person\",\"@id\":\"https:\/\/www.cgtaragonlarioja.org\/fedens\/#\/schema\/person\/f577cbf9ee1fb7519bfd883ac4f4032f\",\"name\":\"CGT Ense\u00f1anza Arag\u00f3n\",\"image\":{\"@type\":\"ImageObject\",\"inLanguage\":\"es\",\"@id\":\"https:\/\/www.cgtaragonlarioja.org\/fedens\/#\/schema\/person\/image\/\",\"url\":\"https:\/\/secure.gravatar.com\/avatar\/6591cafae8da970274bd48ef06b7f86ae2c2ba705fb2cdafa9b5f7f48c95a765?s=96&d=mm&r=g\",\"contentUrl\":\"https:\/\/secure.gravatar.com\/avatar\/6591cafae8da970274bd48ef06b7f86ae2c2ba705fb2cdafa9b5f7f48c95a765?s=96&d=mm&r=g\",\"caption\":\"CGT Ense\u00f1anza Arag\u00f3n\"},\"url\":\"https:\/\/www.cgtaragonlarioja.org\/fedens\/author\/fasecgt\/\"}]}<\/script>\n<!-- \/ Yoast SEO plugin. -->","yoast_head_json":{"title":"Notas partes A y B oposiciones AL y reclamaciones","description":"En el d\u00eda de hoy se han publicado las notas de las partes A y B de la prueba de conocimiento de la oposici\u00f3n de la especialidad de AL. Ante el aluvi\u00f3n de","robots":{"index":"index","follow":"follow","max-snippet":"max-snippet:-1","max-image-preview":"max-image-preview:large","max-video-preview":"max-video-preview:-1"},"canonical":"https:\/\/www.cgtaragonlarioja.org\/fedens\/notas-partes-a-y-b-al-y-reclamaciones\/","og_locale":"es_ES","og_type":"article","og_title":"Notas partes A y B oposiciones AL y reclamaciones","og_description":"En el d\u00eda de hoy se han publicado las notas de las partes A y B de la prueba de conocimiento de la oposici\u00f3n de la especialidad de AL. Ante el aluvi\u00f3n de","og_url":"https:\/\/www.cgtaragonlarioja.org\/fedens\/notas-partes-a-y-b-al-y-reclamaciones\/","og_site_name":"CGT Arag\u00f3n - La Rioja. ENSE\u00d1ANZA","article_publisher":"https:\/\/www.facebook.com\/CGTEnseAragon\/","article_published_time":"2022-07-01T19:56:31+00:00","article_modified_time":"2022-11-14T08:38:43+00:00","og_image":[{"width":1414,"height":2000,"url":"https:\/\/www.cgtaragonlarioja.org\/fedens\/files\/2022\/07\/Opos-Maestrxs-2022.jpg","type":"image\/jpeg"}],"author":"CGT Ense\u00f1anza Arag\u00f3n","twitter_card":"summary_large_image","twitter_creator":"@CGTeduAragon","twitter_site":"@CGTeduAragon","twitter_misc":{"Escrito por":"CGT Ense\u00f1anza Arag\u00f3n","Tiempo de lectura":"1 minuto"},"schema":{"@context":"https:\/\/schema.org","@graph":[{"@type":"Article","@id":"https:\/\/www.cgtaragonlarioja.org\/fedens\/notas-partes-a-y-b-al-y-reclamaciones\/#article","isPartOf":{"@id":"https:\/\/www.cgtaragonlarioja.org\/fedens\/notas-partes-a-y-b-al-y-reclamaciones\/"},"author":{"name":"CGT Ense\u00f1anza Arag\u00f3n","@id":"https:\/\/www.cgtaragonlarioja.org\/fedens\/#\/schema\/person\/f577cbf9ee1fb7519bfd883ac4f4032f"},"headline":"Notas partes A y B oposiciones AL y reclamaciones","datePublished":"2022-07-01T19:56:31+00:00","dateModified":"2022-11-14T08:38:43+00:00","mainEntityOfPage":{"@id":"https:\/\/www.cgtaragonlarioja.org\/fedens\/notas-partes-a-y-b-al-y-reclamaciones\/"},"wordCount":111,"commentCount":0,"publisher":{"@id":"https:\/\/www.cgtaragonlarioja.org\/fedens\/#organization"},"image":{"@id":"https:\/\/www.cgtaragonlarioja.org\/fedens\/notas-partes-a-y-b-al-y-reclamaciones\/#primaryimage"},"thumbnailUrl":"https:\/\/www.cgtaragonlarioja.org\/fedens\/files\/2022\/07\/Opos-Maestrxs-2022.jpg","keywords":["Ed. Infantil y Primaria","interinas","interinos","Oposiciones"],"articleSection":["Noticias"],"inLanguage":"es","potentialAction":[{"@type":"CommentAction","name":"Comment","target":["https:\/\/www.cgtaragonlarioja.org\/fedens\/notas-partes-a-y-b-al-y-reclamaciones\/#respond"]}]},{"@type":"WebPage","@id":"https:\/\/www.cgtaragonlarioja.org\/fedens\/notas-partes-a-y-b-al-y-reclamaciones\/","url":"https:\/\/www.cgtaragonlarioja.org\/fedens\/notas-partes-a-y-b-al-y-reclamaciones\/","name":"Notas partes A y B oposiciones AL y reclamaciones","isPartOf":{"@id":"https:\/\/www.cgtaragonlarioja.org\/fedens\/#website"},"primaryImageOfPage":{"@id":"https:\/\/www.cgtaragonlarioja.org\/fedens\/notas-partes-a-y-b-al-y-reclamaciones\/#primaryimage"},"image":{"@id":"https:\/\/www.cgtaragonlarioja.org\/fedens\/notas-partes-a-y-b-al-y-reclamaciones\/#primaryimage"},"thumbnailUrl":"https:\/\/www.cgtaragonlarioja.org\/fedens\/files\/2022\/07\/Opos-Maestrxs-2022.jpg","datePublished":"2022-07-01T19:56:31+00:00","dateModified":"2022-11-14T08:38:43+00:00","description":"En el d\u00eda de hoy se han publicado las notas de las partes A y B de la prueba de conocimiento de la oposici\u00f3n de la especialidad de AL. Ante el aluvi\u00f3n de","breadcrumb":{"@id":"https:\/\/www.cgtaragonlarioja.org\/fedens\/notas-partes-a-y-b-al-y-reclamaciones\/#breadcrumb"},"inLanguage":"es","potentialAction":[{"@type":"ReadAction","target":["https:\/\/www.cgtaragonlarioja.org\/fedens\/notas-partes-a-y-b-al-y-reclamaciones\/"]}]},{"@type":"ImageObject","inLanguage":"es","@id":"https:\/\/www.cgtaragonlarioja.org\/fedens\/notas-partes-a-y-b-al-y-reclamaciones\/#primaryimage","url":"https:\/\/www.cgtaragonlarioja.org\/fedens\/files\/2022\/07\/Opos-Maestrxs-2022.jpg","contentUrl":"https:\/\/www.cgtaragonlarioja.org\/fedens\/files\/2022\/07\/Opos-Maestrxs-2022.jpg","width":1414,"height":2000},{"@type":"BreadcrumbList","@id":"https:\/\/www.cgtaragonlarioja.org\/fedens\/notas-partes-a-y-b-al-y-reclamaciones\/#breadcrumb","itemListElement":[{"@type":"ListItem","position":1,"name":"Portada","item":"https:\/\/www.cgtaragonlarioja.org\/fedens\/"},{"@type":"ListItem","position":2,"name":"Notas partes A y B oposiciones AL y reclamaciones"}]},{"@type":"WebSite","@id":"https:\/\/www.cgtaragonlarioja.org\/fedens\/#website","url":"https:\/\/www.cgtaragonlarioja.org\/fedens\/","name":"CGT Arag\u00f3n - La Rioja. ENSE\u00d1ANZA","description":"CONTACTAR: Calatayud-Aranda: 654897973 \/ Huesca: 974238404 \/ Teruel: 978619265 \/ Zaragoza: 976922002","publisher":{"@id":"https:\/\/www.cgtaragonlarioja.org\/fedens\/#organization"},"potentialAction":[{"@type":"SearchAction","target":{"@type":"EntryPoint","urlTemplate":"https:\/\/www.cgtaragonlarioja.org\/fedens\/?s={search_term_string}"},"query-input":{"@type":"PropertyValueSpecification","valueRequired":true,"valueName":"search_term_string"}}],"inLanguage":"es"},{"@type":"Organization","@id":"https:\/\/www.cgtaragonlarioja.org\/fedens\/#organization","name":"CGT Arag\u00f3n y La Rioja - Ense\u00f1anza","url":"https:\/\/www.cgtaragonlarioja.org\/fedens\/","logo":{"@type":"ImageObject","inLanguage":"es","@id":"https:\/\/www.cgtaragonlarioja.org\/fedens\/#\/schema\/logo\/image\/","url":"https:\/\/www.cgtaragonlarioja.org\/fedens\/files\/2021\/02\/logo_cgt_ense_huesca_170x250.png","contentUrl":"https:\/\/www.cgtaragonlarioja.org\/fedens\/files\/2021\/02\/logo_cgt_ense_huesca_170x250.png","width":170,"height":250,"caption":"CGT Arag\u00f3n y La Rioja - Ense\u00f1anza"},"image":{"@id":"https:\/\/www.cgtaragonlarioja.org\/fedens\/#\/schema\/logo\/image\/"},"sameAs":["https:\/\/www.facebook.com\/CGTEnseAragon\/","https:\/\/x.com\/CGTeduAragon"]},{"@type":"Person","@id":"https:\/\/www.cgtaragonlarioja.org\/fedens\/#\/schema\/person\/f577cbf9ee1fb7519bfd883ac4f4032f","name":"CGT Ense\u00f1anza Arag\u00f3n","image":{"@type":"ImageObject","inLanguage":"es","@id":"https:\/\/www.cgtaragonlarioja.org\/fedens\/#\/schema\/person\/image\/","url":"https:\/\/secure.gravatar.com\/avatar\/6591cafae8da970274bd48ef06b7f86ae2c2ba705fb2cdafa9b5f7f48c95a765?s=96&d=mm&r=g","contentUrl":"https:\/\/secure.gravatar.com\/avatar\/6591cafae8da970274bd48ef06b7f86ae2c2ba705fb2cdafa9b5f7f48c95a765?s=96&d=mm&r=g","caption":"CGT Ense\u00f1anza Arag\u00f3n"},"url":"https:\/\/www.cgtaragonlarioja.org\/fedens\/author\/fasecgt\/"}]}},"_links":{"self":[{"href":"https:\/\/www.cgtaragonlarioja.org\/fedens\/wp-json\/wp\/v2\/posts\/14939","targetHints":{"allow":["GET"]}}],"collection":[{"href":"https:\/\/www.cgtaragonlarioja.org\/fedens\/wp-json\/wp\/v2\/posts"}],"about":[{"href":"https:\/\/www.cgtaragonlarioja.org\/fedens\/wp-json\/wp\/v2\/types\/post"}],"author":[{"embeddable":true,"href":"https:\/\/www.cgtaragonlarioja.org\/fedens\/wp-json\/wp\/v2\/users\/854"}],"replies":[{"embeddable":true,"href":"https:\/\/www.cgtaragonlarioja.org\/fedens\/wp-json\/wp\/v2\/comments?post=14939"}],"version-history":[{"count":8,"href":"https:\/\/www.cgtaragonlarioja.org\/fedens\/wp-json\/wp\/v2\/posts\/14939\/revisions"}],"predecessor-version":[{"id":15581,"href":"https:\/\/www.cgtaragonlarioja.org\/fedens\/wp-json\/wp\/v2\/posts\/14939\/revisions\/15581"}],"wp:featuredmedia":[{"embeddable":true,"href":"https:\/\/www.cgtaragonlarioja.org\/fedens\/wp-json\/wp\/v2\/media\/14940"}],"wp:attachment":[{"href":"https:\/\/www.cgtaragonlarioja.org\/fedens\/wp-json\/wp\/v2\/media?parent=14939"}],"wp:term":[{"taxonomy":"category","embeddable":true,"href":"https:\/\/www.cgtaragonlarioja.org\/fedens\/wp-json\/wp\/v2\/categories?post=14939"},{"taxonomy":"post_tag","embeddable":true,"href":"https:\/\/www.cgtaragonlarioja.org\/fedens\/wp-json\/wp\/v2\/tags?post=14939"}],"curies":[{"name":"wp","href":"https:\/\/api.w.org\/{rel}","templated":true}]}}