{"id":14920,"date":"2022-06-29T13:26:19","date_gmt":"2022-06-29T11:26:19","guid":{"rendered":"https:\/\/www.cgtaragonlarioja.org\/fedens\/?p=14920"},"modified":"2022-06-29T13:26:19","modified_gmt":"2022-06-29T11:26:19","slug":"suspenso-a-la-consejeria-en-el-curso-escolar-21-22","status":"publish","type":"post","link":"https:\/\/www.cgtaragonlarioja.org\/fedens\/suspenso-a-la-consejeria-en-el-curso-escolar-21-22\/","title":{"rendered":"Suspenso a la Consejeria en el curso escolar 21\/22"},"content":{"rendered":"<p><em>Se cierra el curso escolar 21\/22, curso marcado por una falta de voluntad negociadora por parte de la Consejer\u00eda de Educaci\u00f3n y por el logro de objetivos obtenidos tras sentencias judicales.<\/em><\/p>\n<p>Vacaciones escolares, que no docentes ni sindicales. El fin del periodo escolar da paso a la continuaci\u00f3n de las reuniones con la Administraci\u00f3n por parte de los sindicatos, la preparaci\u00f3n del siguiente curso escolar por parte de los equipos directivos de cada centro, a los y las docentes interinas que est\u00e1n llevando a cabo la oposici\u00f3n y a las personas que est\u00e1n ejerciendo de tribunales.<\/p>\n<p>Para CGT, segundo sindicato en representatividad del colectivo docente de la Escuela P\u00fablica, ha vuelto a ser un curso decepcionante en lo que se refiere a la negociaci\u00f3n colectiva. <em>\u201cLa llegada de una nueva directora general de personal, Olga Alastruey, parec\u00eda una posibilidad de reconducir la situaci\u00f3n precedente y avanzar en las mejoras del profesorado. La realidad ha sido bien distinta, con alguna excepci\u00f3n.\u201d <\/em>denuncia Kike Garc\u00eda, representante de CGT en las mesas de negociaci\u00f3n.<\/p>\n<p>Para este sindicato han sido muy pocos los avances y los logros en la mejora del profesorado, con una Direcci\u00f3n de Personal que ha incumplido su propio calendario de negociaci\u00f3n y que ha llegado a encontrarse con situaciones que no se ve\u00edan desde la \u00e9poca de la exconsejera Dolores Serrat; como el tener que aprobar las Plantillas con el voto en contra de los cinco sindicatos. La negativa a negociar la oferta de plazas que se han de ofertar en los procesos extraordinarios de estabilizaci\u00f3n de interinos o a la reversi\u00f3n de los recortes educativos consecuencia del gobierno del PP-PAR han sido los dos ejemplos m\u00e1s clamorosos de la falta de voluntad de negociaci\u00f3n de esta Consejer\u00eda.<\/p>\n<p><em>\u201cEsta falta de negociaci\u00f3n nos ha llevado a la situaci\u00f3n de tener que acudir a los Tribunales para conseguir objetivos que consider\u00e1bamos esenciales\u201d <\/em>apuntan desde el sindicato.<\/p>\n<p>Hasta cinco sentencias se le han ganado a la Administraci\u00f3n en lo que va de curso, teniendo pendientes varias resoluciones judiciales. Se comenz\u00f3 el curso consiguiendo, que tras varios a\u00f1os y m\u00e1s de 5000 sentencias ganadas, se comenzase a pagar los sexenios al colectivo interino sin pasar por previo juicio. Para ello, desde CGT se present\u00f3 una demanda de prevaricaci\u00f3n contra la Administraci\u00f3n. A las pocas semanas, dos sentencias del TSJA, ante demandas de CGT, reconoc\u00edan el permiso de las familias monoparentales a ampliar su permiso de maternidad; a los pocos d\u00edas desde la Consejer\u00eda se hizo extensivo este derecho. Antes de estas dos sentencias primerizas en todo el Estado, el propio TSJA, tambi\u00e9n a denuncia de este sindicato, invalid\u00f3 la primera modificaci\u00f3n del calendario escolar de manera unilateral por la situaci\u00f3n generada por \u201cFilomena\u201d y sentenciaba la obligaci\u00f3n del Departamento de Educaci\u00f3n a negociar el calendario escolar con las organizaciones sindicales. Por la misma v\u00eda, se ha conseguido una sentencia favorable en relaci\u00f3n a la remuneraci\u00f3n por sustituci\u00f3n de equipos directivos por parte del colectivo interino, por lo que iniciaremos actuaciones para llevar a cabo extensiones de sentencia como ya ocurriera con el cobro de los sexenios con este colectivo. Y hace solo unas semanas una nueva sentencia dejaba en evidencia a la Consejer\u00eda de Educaci\u00f3n, tras anular los tribunales el despido de un profesor interino en Calanda una semana antes de finalizar el curso. \u201c<em>Es una pena que tengamos que recurrir a la Justicia y perder tiempo y dinero las dos partes, cuando es evidente que este tipo de situaciones se podr\u00edan solventar por la v\u00eda de la negociaci\u00f3n colectiva\u201d <\/em>sentencia Kike Garc\u00eda.<\/p>\n<p>Desde CGT consideramos que, lo \u00fanico positivo del curso sindical, en el \u00e1mbito de la negociaci\u00f3n, es haber logrado, tras conseguir el compromiso de la Directora General de Personal, una reivindicaci\u00f3n hist\u00f3rica del colectivo interino; el adelantamiento de los llamamientos y adjudicaci\u00f3n de plazas al mes de julio. <em>\u201cLogro del sindicato y de interinos e interinas con el apoyo de la Asociaci\u00f3n de Directores y Directoras de Arag\u00f3n y con el compromiso de la propia Olga Alastruey\u201d <\/em>afirman desde CGT.<\/p>\n<p>La nota para este curso y esta consejer\u00eda es un suspenso rotundo, no solo por la falta de voluntad pol\u00edtica para afrontar las negociaciones sino por las mentiras, una vez m\u00e1s, del Consejero Felipe Faci; esta vez con la promesa de recuperar la reducci\u00f3n lectiva sin merma retributiva para mayores de 55 a\u00f1os para el pr\u00f3ximo curso. Desde CGT Ense\u00f1anza, instamos a la Administraci\u00f3n a que est\u00e9 a la altura y cumpla con su propio calendario de negociaci\u00f3n y con sus promesas electorales.<\/p>\n","protected":false},"excerpt":{"rendered":"<p>Se cierra el curso escolar 21\/22, curso marcado por una falta de voluntad negociadora por<\/p>\n","protected":false},"author":486,"featured_media":14921,"comment_status":"open","ping_status":"open","sticky":false,"template":"","format":"standard","meta":{"footnotes":""},"categories":[480],"tags":[],"class_list":["post-14920","post","type-post","status-publish","format-standard","has-post-thumbnail","hentry","category-noticias"],"yoast_head":"<!-- This site is optimized with the Yoast SEO plugin v26.7 - https:\/\/yoast.com\/wordpress\/plugins\/seo\/ -->\n<title>Suspenso a la Consejeria en el curso escolar 21\/22<\/title>\n<meta name=\"description\" content=\"Se cierra el curso escolar 21\/22, curso marcado por una falta de voluntad negociadora por parte de la Consejer\u00eda de Educaci\u00f3n y por el logro de objetivos\" \/>\n<meta name=\"robots\" content=\"index, follow, max-snippet:-1, max-image-preview:large, max-video-preview:-1\" \/>\n<link rel=\"canonical\" href=\"https:\/\/www.cgtaragonlarioja.org\/fedens\/suspenso-a-la-consejeria-en-el-curso-escolar-21-22\/\" \/>\n<meta property=\"og:locale\" content=\"es_ES\" \/>\n<meta property=\"og:type\" content=\"article\" \/>\n<meta property=\"og:title\" content=\"Suspenso a la Consejeria en el curso escolar 21\/22\" \/>\n<meta property=\"og:description\" content=\"Se cierra el curso escolar 21\/22, curso marcado por una falta de voluntad negociadora por parte de la Consejer\u00eda de Educaci\u00f3n y por el logro de objetivos\" \/>\n<meta property=\"og:url\" content=\"https:\/\/www.cgtaragonlarioja.org\/fedens\/suspenso-a-la-consejeria-en-el-curso-escolar-21-22\/\" \/>\n<meta property=\"og:site_name\" content=\"CGT Arag\u00f3n - La Rioja. ENSE\u00d1ANZA\" \/>\n<meta property=\"article:publisher\" content=\"https:\/\/www.facebook.com\/CGTEnseAragon\/\" \/>\n<meta property=\"article:published_time\" content=\"2022-06-29T11:26:19+00:00\" \/>\n<meta property=\"og:image\" content=\"https:\/\/www.cgtaragonlarioja.org\/fedens\/files\/2022\/06\/WhatsApp-Image-2022-06-27-at-8.23.07-PM.jpeg\" \/>\n\t<meta property=\"og:image:width\" content=\"1131\" \/>\n\t<meta property=\"og:image:height\" content=\"1600\" \/>\n\t<meta property=\"og:image:type\" content=\"image\/jpeg\" \/>\n<meta name=\"author\" content=\"kike\" \/>\n<meta name=\"twitter:card\" content=\"summary_large_image\" \/>\n<meta name=\"twitter:creator\" content=\"@CGTeduAragon\" \/>\n<meta name=\"twitter:site\" content=\"@CGTeduAragon\" \/>\n<meta name=\"twitter:label1\" content=\"Escrito por\" \/>\n\t<meta name=\"twitter:data1\" content=\"kike\" \/>\n\t<meta name=\"twitter:label2\" content=\"Tiempo de lectura\" \/>\n\t<meta name=\"twitter:data2\" content=\"4 minutos\" \/>\n<script type=\"application\/ld+json\" class=\"yoast-schema-graph\">{\"@context\":\"https:\/\/schema.org\",\"@graph\":[{\"@type\":\"Article\",\"@id\":\"https:\/\/www.cgtaragonlarioja.org\/fedens\/suspenso-a-la-consejeria-en-el-curso-escolar-21-22\/#article\",\"isPartOf\":{\"@id\":\"https:\/\/www.cgtaragonlarioja.org\/fedens\/suspenso-a-la-consejeria-en-el-curso-escolar-21-22\/\"},\"author\":{\"name\":\"kike\",\"@id\":\"https:\/\/www.cgtaragonlarioja.org\/fedens\/#\/schema\/person\/dfa7d1616615d62a6d79c9593aa09fc3\"},\"headline\":\"Suspenso a la Consejeria en el curso escolar 21\/22\",\"datePublished\":\"2022-06-29T11:26:19+00:00\",\"mainEntityOfPage\":{\"@id\":\"https:\/\/www.cgtaragonlarioja.org\/fedens\/suspenso-a-la-consejeria-en-el-curso-escolar-21-22\/\"},\"wordCount\":822,\"commentCount\":0,\"publisher\":{\"@id\":\"https:\/\/www.cgtaragonlarioja.org\/fedens\/#organization\"},\"image\":{\"@id\":\"https:\/\/www.cgtaragonlarioja.org\/fedens\/suspenso-a-la-consejeria-en-el-curso-escolar-21-22\/#primaryimage\"},\"thumbnailUrl\":\"https:\/\/www.cgtaragonlarioja.org\/fedens\/files\/2022\/06\/WhatsApp-Image-2022-06-27-at-8.23.07-PM.jpeg\",\"articleSection\":[\"Noticias\"],\"inLanguage\":\"es\",\"potentialAction\":[{\"@type\":\"CommentAction\",\"name\":\"Comment\",\"target\":[\"https:\/\/www.cgtaragonlarioja.org\/fedens\/suspenso-a-la-consejeria-en-el-curso-escolar-21-22\/#respond\"]}]},{\"@type\":\"WebPage\",\"@id\":\"https:\/\/www.cgtaragonlarioja.org\/fedens\/suspenso-a-la-consejeria-en-el-curso-escolar-21-22\/\",\"url\":\"https:\/\/www.cgtaragonlarioja.org\/fedens\/suspenso-a-la-consejeria-en-el-curso-escolar-21-22\/\",\"name\":\"Suspenso a la Consejeria en el curso escolar 21\/22\",\"isPartOf\":{\"@id\":\"https:\/\/www.cgtaragonlarioja.org\/fedens\/#website\"},\"primaryImageOfPage\":{\"@id\":\"https:\/\/www.cgtaragonlarioja.org\/fedens\/suspenso-a-la-consejeria-en-el-curso-escolar-21-22\/#primaryimage\"},\"image\":{\"@id\":\"https:\/\/www.cgtaragonlarioja.org\/fedens\/suspenso-a-la-consejeria-en-el-curso-escolar-21-22\/#primaryimage\"},\"thumbnailUrl\":\"https:\/\/www.cgtaragonlarioja.org\/fedens\/files\/2022\/06\/WhatsApp-Image-2022-06-27-at-8.23.07-PM.jpeg\",\"datePublished\":\"2022-06-29T11:26:19+00:00\",\"description\":\"Se cierra el curso escolar 21\/22, curso marcado por una falta de voluntad negociadora por parte de la Consejer\u00eda de Educaci\u00f3n y por el logro de objetivos\",\"breadcrumb\":{\"@id\":\"https:\/\/www.cgtaragonlarioja.org\/fedens\/suspenso-a-la-consejeria-en-el-curso-escolar-21-22\/#breadcrumb\"},\"inLanguage\":\"es\",\"potentialAction\":[{\"@type\":\"ReadAction\",\"target\":[\"https:\/\/www.cgtaragonlarioja.org\/fedens\/suspenso-a-la-consejeria-en-el-curso-escolar-21-22\/\"]}]},{\"@type\":\"ImageObject\",\"inLanguage\":\"es\",\"@id\":\"https:\/\/www.cgtaragonlarioja.org\/fedens\/suspenso-a-la-consejeria-en-el-curso-escolar-21-22\/#primaryimage\",\"url\":\"https:\/\/www.cgtaragonlarioja.org\/fedens\/files\/2022\/06\/WhatsApp-Image-2022-06-27-at-8.23.07-PM.jpeg\",\"contentUrl\":\"https:\/\/www.cgtaragonlarioja.org\/fedens\/files\/2022\/06\/WhatsApp-Image-2022-06-27-at-8.23.07-PM.jpeg\",\"width\":1131,\"height\":1600},{\"@type\":\"BreadcrumbList\",\"@id\":\"https:\/\/www.cgtaragonlarioja.org\/fedens\/suspenso-a-la-consejeria-en-el-curso-escolar-21-22\/#breadcrumb\",\"itemListElement\":[{\"@type\":\"ListItem\",\"position\":1,\"name\":\"Portada\",\"item\":\"https:\/\/www.cgtaragonlarioja.org\/fedens\/\"},{\"@type\":\"ListItem\",\"position\":2,\"name\":\"Suspenso a la Consejeria en el curso escolar 21\/22\"}]},{\"@type\":\"WebSite\",\"@id\":\"https:\/\/www.cgtaragonlarioja.org\/fedens\/#website\",\"url\":\"https:\/\/www.cgtaragonlarioja.org\/fedens\/\",\"name\":\"CGT Arag\u00f3n - La Rioja. ENSE\u00d1ANZA\",\"description\":\"CONTACTAR: Calatayud-Aranda: 654897973 \/ Huesca: 974238404 \/ Teruel: 978619265 \/ Zaragoza: 976922002\",\"publisher\":{\"@id\":\"https:\/\/www.cgtaragonlarioja.org\/fedens\/#organization\"},\"potentialAction\":[{\"@type\":\"SearchAction\",\"target\":{\"@type\":\"EntryPoint\",\"urlTemplate\":\"https:\/\/www.cgtaragonlarioja.org\/fedens\/?s={search_term_string}\"},\"query-input\":{\"@type\":\"PropertyValueSpecification\",\"valueRequired\":true,\"valueName\":\"search_term_string\"}}],\"inLanguage\":\"es\"},{\"@type\":\"Organization\",\"@id\":\"https:\/\/www.cgtaragonlarioja.org\/fedens\/#organization\",\"name\":\"CGT Arag\u00f3n y La Rioja - Ense\u00f1anza\",\"url\":\"https:\/\/www.cgtaragonlarioja.org\/fedens\/\",\"logo\":{\"@type\":\"ImageObject\",\"inLanguage\":\"es\",\"@id\":\"https:\/\/www.cgtaragonlarioja.org\/fedens\/#\/schema\/logo\/image\/\",\"url\":\"https:\/\/www.cgtaragonlarioja.org\/fedens\/files\/2021\/02\/logo_cgt_ense_huesca_170x250.png\",\"contentUrl\":\"https:\/\/www.cgtaragonlarioja.org\/fedens\/files\/2021\/02\/logo_cgt_ense_huesca_170x250.png\",\"width\":170,\"height\":250,\"caption\":\"CGT Arag\u00f3n y La Rioja - Ense\u00f1anza\"},\"image\":{\"@id\":\"https:\/\/www.cgtaragonlarioja.org\/fedens\/#\/schema\/logo\/image\/\"},\"sameAs\":[\"https:\/\/www.facebook.com\/CGTEnseAragon\/\",\"https:\/\/x.com\/CGTeduAragon\"]},{\"@type\":\"Person\",\"@id\":\"https:\/\/www.cgtaragonlarioja.org\/fedens\/#\/schema\/person\/dfa7d1616615d62a6d79c9593aa09fc3\",\"name\":\"kike\",\"image\":{\"@type\":\"ImageObject\",\"inLanguage\":\"es\",\"@id\":\"https:\/\/www.cgtaragonlarioja.org\/fedens\/#\/schema\/person\/image\/\",\"url\":\"https:\/\/secure.gravatar.com\/avatar\/f1c0788a733c3717c5f8c071e064a9c188df22c90b22388027f4ed27abaa4f3b?s=96&d=mm&r=g\",\"contentUrl\":\"https:\/\/secure.gravatar.com\/avatar\/f1c0788a733c3717c5f8c071e064a9c188df22c90b22388027f4ed27abaa4f3b?s=96&d=mm&r=g\",\"caption\":\"kike\"},\"url\":\"https:\/\/www.cgtaragonlarioja.org\/fedens\/author\/kike\/\"}]}<\/script>\n<!-- \/ Yoast SEO plugin. -->","yoast_head_json":{"title":"Suspenso a la Consejeria en el curso escolar 21\/22","description":"Se cierra el curso escolar 21\/22, curso marcado por una falta de voluntad negociadora por parte de la Consejer\u00eda de Educaci\u00f3n y por el logro de objetivos","robots":{"index":"index","follow":"follow","max-snippet":"max-snippet:-1","max-image-preview":"max-image-preview:large","max-video-preview":"max-video-preview:-1"},"canonical":"https:\/\/www.cgtaragonlarioja.org\/fedens\/suspenso-a-la-consejeria-en-el-curso-escolar-21-22\/","og_locale":"es_ES","og_type":"article","og_title":"Suspenso a la Consejeria en el curso escolar 21\/22","og_description":"Se cierra el curso escolar 21\/22, curso marcado por una falta de voluntad negociadora por parte de la Consejer\u00eda de Educaci\u00f3n y por el logro de objetivos","og_url":"https:\/\/www.cgtaragonlarioja.org\/fedens\/suspenso-a-la-consejeria-en-el-curso-escolar-21-22\/","og_site_name":"CGT Arag\u00f3n - La Rioja. ENSE\u00d1ANZA","article_publisher":"https:\/\/www.facebook.com\/CGTEnseAragon\/","article_published_time":"2022-06-29T11:26:19+00:00","og_image":[{"width":1131,"height":1600,"url":"https:\/\/www.cgtaragonlarioja.org\/fedens\/files\/2022\/06\/WhatsApp-Image-2022-06-27-at-8.23.07-PM.jpeg","type":"image\/jpeg"}],"author":"kike","twitter_card":"summary_large_image","twitter_creator":"@CGTeduAragon","twitter_site":"@CGTeduAragon","twitter_misc":{"Escrito por":"kike","Tiempo de lectura":"4 minutos"},"schema":{"@context":"https:\/\/schema.org","@graph":[{"@type":"Article","@id":"https:\/\/www.cgtaragonlarioja.org\/fedens\/suspenso-a-la-consejeria-en-el-curso-escolar-21-22\/#article","isPartOf":{"@id":"https:\/\/www.cgtaragonlarioja.org\/fedens\/suspenso-a-la-consejeria-en-el-curso-escolar-21-22\/"},"author":{"name":"kike","@id":"https:\/\/www.cgtaragonlarioja.org\/fedens\/#\/schema\/person\/dfa7d1616615d62a6d79c9593aa09fc3"},"headline":"Suspenso a la Consejeria en el curso escolar 21\/22","datePublished":"2022-06-29T11:26:19+00:00","mainEntityOfPage":{"@id":"https:\/\/www.cgtaragonlarioja.org\/fedens\/suspenso-a-la-consejeria-en-el-curso-escolar-21-22\/"},"wordCount":822,"commentCount":0,"publisher":{"@id":"https:\/\/www.cgtaragonlarioja.org\/fedens\/#organization"},"image":{"@id":"https:\/\/www.cgtaragonlarioja.org\/fedens\/suspenso-a-la-consejeria-en-el-curso-escolar-21-22\/#primaryimage"},"thumbnailUrl":"https:\/\/www.cgtaragonlarioja.org\/fedens\/files\/2022\/06\/WhatsApp-Image-2022-06-27-at-8.23.07-PM.jpeg","articleSection":["Noticias"],"inLanguage":"es","potentialAction":[{"@type":"CommentAction","name":"Comment","target":["https:\/\/www.cgtaragonlarioja.org\/fedens\/suspenso-a-la-consejeria-en-el-curso-escolar-21-22\/#respond"]}]},{"@type":"WebPage","@id":"https:\/\/www.cgtaragonlarioja.org\/fedens\/suspenso-a-la-consejeria-en-el-curso-escolar-21-22\/","url":"https:\/\/www.cgtaragonlarioja.org\/fedens\/suspenso-a-la-consejeria-en-el-curso-escolar-21-22\/","name":"Suspenso a la Consejeria en el curso escolar 21\/22","isPartOf":{"@id":"https:\/\/www.cgtaragonlarioja.org\/fedens\/#website"},"primaryImageOfPage":{"@id":"https:\/\/www.cgtaragonlarioja.org\/fedens\/suspenso-a-la-consejeria-en-el-curso-escolar-21-22\/#primaryimage"},"image":{"@id":"https:\/\/www.cgtaragonlarioja.org\/fedens\/suspenso-a-la-consejeria-en-el-curso-escolar-21-22\/#primaryimage"},"thumbnailUrl":"https:\/\/www.cgtaragonlarioja.org\/fedens\/files\/2022\/06\/WhatsApp-Image-2022-06-27-at-8.23.07-PM.jpeg","datePublished":"2022-06-29T11:26:19+00:00","description":"Se cierra el curso escolar 21\/22, curso marcado por una falta de voluntad negociadora por parte de la Consejer\u00eda de Educaci\u00f3n y por el logro de objetivos","breadcrumb":{"@id":"https:\/\/www.cgtaragonlarioja.org\/fedens\/suspenso-a-la-consejeria-en-el-curso-escolar-21-22\/#breadcrumb"},"inLanguage":"es","potentialAction":[{"@type":"ReadAction","target":["https:\/\/www.cgtaragonlarioja.org\/fedens\/suspenso-a-la-consejeria-en-el-curso-escolar-21-22\/"]}]},{"@type":"ImageObject","inLanguage":"es","@id":"https:\/\/www.cgtaragonlarioja.org\/fedens\/suspenso-a-la-consejeria-en-el-curso-escolar-21-22\/#primaryimage","url":"https:\/\/www.cgtaragonlarioja.org\/fedens\/files\/2022\/06\/WhatsApp-Image-2022-06-27-at-8.23.07-PM.jpeg","contentUrl":"https:\/\/www.cgtaragonlarioja.org\/fedens\/files\/2022\/06\/WhatsApp-Image-2022-06-27-at-8.23.07-PM.jpeg","width":1131,"height":1600},{"@type":"BreadcrumbList","@id":"https:\/\/www.cgtaragonlarioja.org\/fedens\/suspenso-a-la-consejeria-en-el-curso-escolar-21-22\/#breadcrumb","itemListElement":[{"@type":"ListItem","position":1,"name":"Portada","item":"https:\/\/www.cgtaragonlarioja.org\/fedens\/"},{"@type":"ListItem","position":2,"name":"Suspenso a la Consejeria en el curso escolar 21\/22"}]},{"@type":"WebSite","@id":"https:\/\/www.cgtaragonlarioja.org\/fedens\/#website","url":"https:\/\/www.cgtaragonlarioja.org\/fedens\/","name":"CGT Arag\u00f3n - La Rioja. ENSE\u00d1ANZA","description":"CONTACTAR: Calatayud-Aranda: 654897973 \/ Huesca: 974238404 \/ Teruel: 978619265 \/ Zaragoza: 976922002","publisher":{"@id":"https:\/\/www.cgtaragonlarioja.org\/fedens\/#organization"},"potentialAction":[{"@type":"SearchAction","target":{"@type":"EntryPoint","urlTemplate":"https:\/\/www.cgtaragonlarioja.org\/fedens\/?s={search_term_string}"},"query-input":{"@type":"PropertyValueSpecification","valueRequired":true,"valueName":"search_term_string"}}],"inLanguage":"es"},{"@type":"Organization","@id":"https:\/\/www.cgtaragonlarioja.org\/fedens\/#organization","name":"CGT Arag\u00f3n y La Rioja - Ense\u00f1anza","url":"https:\/\/www.cgtaragonlarioja.org\/fedens\/","logo":{"@type":"ImageObject","inLanguage":"es","@id":"https:\/\/www.cgtaragonlarioja.org\/fedens\/#\/schema\/logo\/image\/","url":"https:\/\/www.cgtaragonlarioja.org\/fedens\/files\/2021\/02\/logo_cgt_ense_huesca_170x250.png","contentUrl":"https:\/\/www.cgtaragonlarioja.org\/fedens\/files\/2021\/02\/logo_cgt_ense_huesca_170x250.png","width":170,"height":250,"caption":"CGT Arag\u00f3n y La Rioja - Ense\u00f1anza"},"image":{"@id":"https:\/\/www.cgtaragonlarioja.org\/fedens\/#\/schema\/logo\/image\/"},"sameAs":["https:\/\/www.facebook.com\/CGTEnseAragon\/","https:\/\/x.com\/CGTeduAragon"]},{"@type":"Person","@id":"https:\/\/www.cgtaragonlarioja.org\/fedens\/#\/schema\/person\/dfa7d1616615d62a6d79c9593aa09fc3","name":"kike","image":{"@type":"ImageObject","inLanguage":"es","@id":"https:\/\/www.cgtaragonlarioja.org\/fedens\/#\/schema\/person\/image\/","url":"https:\/\/secure.gravatar.com\/avatar\/f1c0788a733c3717c5f8c071e064a9c188df22c90b22388027f4ed27abaa4f3b?s=96&d=mm&r=g","contentUrl":"https:\/\/secure.gravatar.com\/avatar\/f1c0788a733c3717c5f8c071e064a9c188df22c90b22388027f4ed27abaa4f3b?s=96&d=mm&r=g","caption":"kike"},"url":"https:\/\/www.cgtaragonlarioja.org\/fedens\/author\/kike\/"}]}},"_links":{"self":[{"href":"https:\/\/www.cgtaragonlarioja.org\/fedens\/wp-json\/wp\/v2\/posts\/14920","targetHints":{"allow":["GET"]}}],"collection":[{"href":"https:\/\/www.cgtaragonlarioja.org\/fedens\/wp-json\/wp\/v2\/posts"}],"about":[{"href":"https:\/\/www.cgtaragonlarioja.org\/fedens\/wp-json\/wp\/v2\/types\/post"}],"author":[{"embeddable":true,"href":"https:\/\/www.cgtaragonlarioja.org\/fedens\/wp-json\/wp\/v2\/users\/486"}],"replies":[{"embeddable":true,"href":"https:\/\/www.cgtaragonlarioja.org\/fedens\/wp-json\/wp\/v2\/comments?post=14920"}],"version-history":[{"count":1,"href":"https:\/\/www.cgtaragonlarioja.org\/fedens\/wp-json\/wp\/v2\/posts\/14920\/revisions"}],"predecessor-version":[{"id":14922,"href":"https:\/\/www.cgtaragonlarioja.org\/fedens\/wp-json\/wp\/v2\/posts\/14920\/revisions\/14922"}],"wp:featuredmedia":[{"embeddable":true,"href":"https:\/\/www.cgtaragonlarioja.org\/fedens\/wp-json\/wp\/v2\/media\/14921"}],"wp:attachment":[{"href":"https:\/\/www.cgtaragonlarioja.org\/fedens\/wp-json\/wp\/v2\/media?parent=14920"}],"wp:term":[{"taxonomy":"category","embeddable":true,"href":"https:\/\/www.cgtaragonlarioja.org\/fedens\/wp-json\/wp\/v2\/categories?post=14920"},{"taxonomy":"post_tag","embeddable":true,"href":"https:\/\/www.cgtaragonlarioja.org\/fedens\/wp-json\/wp\/v2\/tags?post=14920"}],"curies":[{"name":"wp","href":"https:\/\/api.w.org\/{rel}","templated":true}]}}