{"id":14914,"date":"2022-06-28T12:15:24","date_gmt":"2022-06-28T10:15:24","guid":{"rendered":"https:\/\/www.cgtaragonlarioja.org\/fedens\/?p=14914"},"modified":"2022-06-28T12:15:24","modified_gmt":"2022-06-28T10:15:24","slug":"por-una-pedagogia-del-compromiso-ante-la-barbarie-las-vidas-negras-si-importan","status":"publish","type":"post","link":"https:\/\/www.cgtaragonlarioja.org\/fedens\/por-una-pedagogia-del-compromiso-ante-la-barbarie-las-vidas-negras-si-importan\/","title":{"rendered":"Por una pedagog\u00eda del compromiso ante la barbarie: las vidas negras s\u00ed importan"},"content":{"rendered":"<p style=\"text-align: right\">Agentes conteniendo a un grupo de centenares de personas que no han podido llegar a Melilla. JAVIER BERNARDO (El Salto)<\/p>\n<p style=\"text-align: left\"><strong>La educaci\u00f3n es un proyecto de desarrollo de las personas como ciudadanos y ciudadanas part\u00edcipes activamente en el proyecto pol\u00edtico, econ\u00f3mico y cultural de la sociedad en la que viven. Es un proyecto para la democracia y la ciudadan\u00eda. Y eso supone la imposible separaci\u00f3n entre educaci\u00f3n y pr\u00e1ctica pol\u00edtica. Por eso es m\u00e1s necesaria que nunca una hoy d\u00eda una \u201c<a href=\"https:\/\/octaedro.com\/libro\/pedagogia-antifascista\/\">Pedagog\u00eda Antifascista<\/a>\u201d no solo en la escuela sino tambi\u00e9n en la calle.<\/strong><\/p>\n<p><strong>PABLO GUTI\u00c9RREZ DE \u00c1LAMO<\/strong><\/p>\n<p>Hace menos de un mes publicaba el art\u00edculo titulado <a href=\"https:\/\/eldiariodelaeducacion.com\/2022\/06\/07\/educar-frente-a-la-impunidad\/\">Educar frente a la impunidad<\/a>, en el que reflexionaba sobre para qu\u00e9 vale educar en valores en la escuela cuando \u201cel em\u00e9rito\u201d (el exrey) vuelve con impunidad a Espa\u00f1a y sus delitos prescriben para una justicia ama\u00f1ada por los poderosos. O vemos c\u00f3mo las grandes fortunas se enriquecen a\u00fan m\u00e1s con la pandemia y evaden impunemente sus beneficios a para\u00edsos fiscales; las el\u00e9ctricas siguen ganando sumas astron\u00f3micas que se reparten entre sus directivos con absoluta impunidad mientras inflan el precio de la luz y la pobreza energ\u00e9tica irrumpe en los hogares; o el gobierno gasta 20.000 millones de euros en armamento, mientras no se revierten los recortes en educaci\u00f3n o la sanidad p\u00fablica cada vez est\u00e1 m\u00e1s infrafinanciada. O vemos, otra vez, c\u00f3mo son asesinados j\u00f3venes en la valla de Melilla por las pol\u00edticas migratorias de nuestro Estado y el R\u00e9gimen marroqu\u00ed, mientras se nos pide a las instituciones educativas que formemos a las futuras generaciones en los valores de la interculturalidad y el antirracismo.<\/p>\n<p>Hoy escribo con indignaci\u00f3n y con un dolor, para el que no tengo ni palabras con las que expresarme, ante la impunidad de este crimen contra la humanidad. El asesinato masivo de entre 37 y 45 j\u00f3venes refugiados. No solo por este brutal asesinato colectivo, sino porque el actual presidente de mi Gobierno lo ha justificado, utilizando el marco argumental habitual del neofascismo. <a href=\"https:\/\/ctxt.es\/es\/20220601\/Firmas\/40080\/editorial-Melilla-frontera-sur-devolucion-migrantes-matanza-valla-derechos-humanos.htm\">Una matanza \u201cbien resuelta\u201d<\/a>, asegur\u00f3 Pedro S\u00e1nchez tras la masacre. Sus declaraciones han sido para felicitar a la polic\u00eda marroqu\u00ed. Ni una palabra en memoria de los muertos ni de aliento a sus familias, ni una sombra de luto por la p\u00e9rdida de vidas humanas. Mientras, la dictadura marroqu\u00ed se apresura a enterrar a las v\u00edctimas para ocultar la barbarie sin investigaci\u00f3n, sin autopsia, sin identificaci\u00f3n. En fosas comunes, que tanto nos horrorizan cuando lo hacen los \u00abenemigos\u00bb y poco o nada cuando lo hacen los \u201caliados\u201d.<\/p>\n<h3>Las vidas negras s\u00ed importan<\/h3>\n<p>El asesinato de estos j\u00f3venes refugiados y la represi\u00f3n de otros m\u00e1s de 2.000 es consecuencia de la pol\u00edtica de migraci\u00f3n de la Uni\u00f3n Europea (siendo Espa\u00f1a uno de sus adalides) que firma acuerdos para externalizar esa labor de represi\u00f3n y as\u00ed poder asesinar impunemente, como ha sucedido en tantas ocasiones anteriores con absoluta impunidad. La UE y Espa\u00f1a se lavan as\u00ed las manos, justificando que se cumplen los tratados internacionales de derechos humanos dado que el genocidio no se realiza en territorio europeo. No es un \u2018drama\u2019 ni una \u2018tragedia\u2019. Las muertes en la frontera son decisiones pol\u00edticas con responsables pol\u00edticos, que los medios y aparatos del Estado se apresuran a ocultar y justificar con un manto de silencio, blanqueamiento, minimizaci\u00f3n e impunidad.<\/p>\n<p>Como dice Helena <a href=\"https:\/\/www.eldiario.es\/opinion\/zona-critica\/pacto-sellado-sangre_129_9119958.html\">Maleno:<\/a> desde el nuevo acuerdo entre Espa\u00f1a y Marruecos, las redadas y otras medidas represivas contra la poblaci\u00f3n migrante se han multiplicado y extendido en la cotidianidad. El Gobierno de coalici\u00f3n se comprometi\u00f3 a su llegada al poder, hace cuatro a\u00f1os, a eliminar las vallas fronterizas de Ceuta y Melilla, que est\u00e1n electrificadas y con alambres de p\u00faas, pero no solo no se ha hecho nada al respecto, sino que la altura de las vallas se ha incrementado un par de metros y se ha ampliado el sistema de vigilancia y control.<\/p>\n<p>Nos tenemos que preguntar lo que se ha viralizado en las redes: c\u00f3mo es posible que hayan podido entrar en Espa\u00f1a 124.000 personas en menos de cuatro meses huyendo de una guerra en Ucrania y hayamos matado a 37 que quer\u00edan entrar en Espa\u00f1a huyendo de una guerra y hambruna en Sud\u00e1n: \u201cHay guerras en \u00c1frica pero no importa somos negros, no somos blancos de ojos azules como los ucranianos, no somos de los suyos\u201d. Es el racismo estructural que est\u00e1 inundando la narrativa colectiva y que normaliza e incluso reacciona con indiferencia ante la vulneraci\u00f3n sistem\u00e1tica de los derechos humanos en las fronteras, alegando que la necesidad de millones de personas que huyen del hambre, la guerra, la persecuci\u00f3n pol\u00edtica y la falta de posibilidades de supervivencia es un \u201casalto violento y organizado por mafias\u201d que constituye \u201cun ataque a la integridad territorial de nuestro pa\u00eds\u201d. Esta es la narrativa criminal de la extrema derecha y del neofascismo, que el presidente de un pa\u00eds supuestamente democr\u00e1tico utiliza para eludir sus responsabilidades humanitarias y el cumplimiento de los derechos humanos.<\/p>\n<p>Por mucho que nos encomienden a la escuela o la universidad educar en interculturalidad, de nada servir\u00e1 si las pol\u00edticas de estado que se practican y justifican transmiten justamente el mensaje contrario, brutal y sostenidamente. Como si las vidas negras no importaran, al igual que viene denunciando y combatiendo el movimiento Black Lives Matter. En estos d\u00edas se cumple la frase de Brecht: \u00ab\u00a1Qu\u00e9 tiempos ser\u00e1n los que vivimos, que hay que explicar lo obvio!\u00bb.<\/p>\n<h3>Luchando tambi\u00e9n estamos ense\u00f1ando<\/h3>\n<p>Por eso el profesorado y la comunidad educativa debemos apostar por una pedagog\u00eda del compromiso. Para ir m\u00e1s all\u00e1 de la escuela y luchar por convertir la sociedad en una escuela plena, a tiempo completo, que eduque tambi\u00e9n en los valores que proclamamos en educaci\u00f3n.<\/p>\n<p>Uno de los lemas m\u00e1s coreados por la comunidad educativa en las manifestaciones en defensa de la educaci\u00f3n p\u00fablica o en las marchas del 15M fue \u201cel maestro, la maestra luchando, tambi\u00e9n est\u00e1 ense\u00f1ando\u201d. Frase que nos recuerda al profesorado que, por una parte, somos tambi\u00e9n parte de la ciudadan\u00eda que se implica social y pol\u00edticamente por conseguir un mundo m\u00e1s justo y mejor y que por ello debemos defender en la calle y en los espacios p\u00fablicos, con el resto de la sociedad, los valores y principios que proclamamos en nuestras aulas; y, por otra parte, que nuestro ejemplo es un referente tambi\u00e9n, como educadores y educadoras, para los m\u00e1s j\u00f3venes y para el resto de la sociedad. Ofreciendo con nuestro compromiso a los estudiantes oportunidades para comprender y experimentar c\u00f3mo la pol\u00edtica, el poder y la responsabilidad funcionan en y trav\u00e9s de ellos, tanto dentro como fuera de las escuelas.<\/p>\n<p>La pedagog\u00eda del compromiso no s\u00f3lo proporciona las capacidades intelectuales y las normas \u00e9ticas para que los profesionales de la educaci\u00f3n nos comprometamos con la justicia social y los derechos humanos, sino que nos implica en formar a nuestros estudiantes para que luchen contra la injusticia, la vulneraci\u00f3n de derechos y el racismo, tratando de desarrollar en ellos un profundo deseo de una sociedad basada en relaciones de justicia y equidad.<\/p>\n<p>Los profesionales de la educaci\u00f3n debemos redefinir el prop\u00f3sito y significado de la educaci\u00f3n como parte de un intento m\u00e1s amplio de luchar por un orden social democr\u00e1tico justo, combatiendo el intento de reducir la ense\u00f1anza en el aula exclusivamente a cuestiones de t\u00e9cnica y m\u00e9todo. No olvidemos que lo que los profesionales de la educaci\u00f3n ense\u00f1amos es inseparable de la visi\u00f3n del conocimiento que producimos, de las relaciones sociales que legitimamos y de las visiones y enfoques que difundimos entre los estudiantes.<\/p>\n<h3>Implicarnos hasta mancharnos: evitar la indiferencia c\u00f3mplice<\/h3>\n<p>Debemos, en definitiva, \u201cimplicarnos hasta mancharnos\u201d, que dir\u00eda el poeta Rafael Alberti. La escuela, la comunidad educativa no podemos ser indiferentes ni c\u00f3mplices ante cualquier vulneraci\u00f3n de los derechos humanos. No podemos permanecer silenciosos. Debemos unir nuestras voces con las de tantos movimientos sociales, oeneg\u00e9s, redes de solidaridad, organizaciones, sindicatos y colectivos que est\u00e1n clamando contra la barbarie.<\/p>\n<p>La educaci\u00f3n es inseparable de la vida, del modelo social y pol\u00edtico que queremos construir y defender. Es necesario que pasemos de una pedagog\u00eda cr\u00edtica a una praxis cr\u00edtica. Necesitamos involucrarnos \u201chasta mancharnos las manos\u201d, tomar partido, sentirnos implicados, comprometernos con el sufrimiento de quienes nos rodean y poner en pr\u00e1ctica una pedagog\u00eda m\u00e1s abierta y m\u00e1s comprometida que conecte las aulas de clase con los desaf\u00edos enfrentados por los movimientos sociales en las calles con objeto de repensar el injusto orden social actual y contribuir a reconstruir otro mundo posible.<\/p>\n<p>La educaci\u00f3n es un proyecto de desarrollo de las personas como ciudadanos y ciudadanas part\u00edcipes activamente en el proyecto pol\u00edtico, econ\u00f3mico y cultural de la sociedad en la que viven. Es un proyecto para la democracia y la ciudadan\u00eda. Y eso supone la imposible separaci\u00f3n entre educaci\u00f3n y pr\u00e1ctica pol\u00edtica. Por eso es m\u00e1s necesaria que nunca una hoy d\u00eda una \u201c<a href=\"https:\/\/octaedro.com\/libro\/pedagogia-antifascista\/\">Pedagog\u00eda Antifascista<\/a>\u201d no solo en la escuela sino tambi\u00e9n en la calle, en la sociedad, en nuestras instituciones y en nuestra pol\u00edtica.<\/p>\n<p><strong>Este art\u00edculo fue originalmente publicado en <a href=\"https:\/\/eldiariodelaeducacion.com\/2022\/06\/28\/por-una-pedagogia-del-compromiso-ante-la-barbarie-las-vidas-negras-si-importan\/\" target=\"_blank\" rel=\"noopener\">eldiariodelaeducacion.com<\/a><\/strong><\/p>\n","protected":false},"excerpt":{"rendered":"<p>Agentes conteniendo a un grupo de centenares de personas que no han podido llegar a<\/p>\n","protected":false},"author":854,"featured_media":14915,"comment_status":"open","ping_status":"open","sticky":false,"template":"","format":"standard","meta":{"footnotes":""},"categories":[504],"tags":[],"class_list":["post-14914","post","type-post","status-publish","format-standard","has-post-thumbnail","hentry","category-a-debate"],"yoast_head":"<!-- This site is optimized with the Yoast SEO plugin v26.7 - https:\/\/yoast.com\/wordpress\/plugins\/seo\/ -->\n<title>Por una pedagog\u00eda del compromiso ante la barbarie: las vidas negras s\u00ed importan<\/title>\n<meta name=\"description\" content=\"Agentes conteniendo a un grupo de centenares de personas que no han podido llegar a Melilla. JAVIER BERNARDO (El Salto) La educaci\u00f3n es un proyecto de\" \/>\n<meta name=\"robots\" content=\"index, follow, max-snippet:-1, max-image-preview:large, max-video-preview:-1\" \/>\n<link rel=\"canonical\" href=\"https:\/\/www.cgtaragonlarioja.org\/fedens\/por-una-pedagogia-del-compromiso-ante-la-barbarie-las-vidas-negras-si-importan\/\" \/>\n<meta property=\"og:locale\" content=\"es_ES\" \/>\n<meta property=\"og:type\" content=\"article\" \/>\n<meta property=\"og:title\" content=\"Por una pedagog\u00eda del compromiso ante la barbarie: las vidas negras s\u00ed importan\" \/>\n<meta property=\"og:description\" content=\"Agentes conteniendo a un grupo de centenares de personas que no han podido llegar a Melilla. JAVIER BERNARDO (El Salto) La educaci\u00f3n es un proyecto de\" \/>\n<meta property=\"og:url\" content=\"https:\/\/www.cgtaragonlarioja.org\/fedens\/por-una-pedagogia-del-compromiso-ante-la-barbarie-las-vidas-negras-si-importan\/\" \/>\n<meta property=\"og:site_name\" content=\"CGT Arag\u00f3n - La Rioja. ENSE\u00d1ANZA\" \/>\n<meta property=\"article:publisher\" content=\"https:\/\/www.facebook.com\/CGTEnseAragon\/\" \/>\n<meta property=\"article:published_time\" content=\"2022-06-28T10:15:24+00:00\" \/>\n<meta property=\"og:image\" content=\"https:\/\/www.cgtaragonlarioja.org\/fedens\/files\/2022\/06\/melilla5.jpg\" \/>\n\t<meta property=\"og:image:width\" content=\"600\" \/>\n\t<meta property=\"og:image:height\" content=\"401\" \/>\n\t<meta property=\"og:image:type\" content=\"image\/jpeg\" \/>\n<meta name=\"author\" content=\"CGT Ense\u00f1anza Arag\u00f3n\" \/>\n<meta name=\"twitter:card\" content=\"summary_large_image\" \/>\n<meta name=\"twitter:creator\" content=\"@CGTeduAragon\" \/>\n<meta name=\"twitter:site\" content=\"@CGTeduAragon\" \/>\n<meta name=\"twitter:label1\" content=\"Escrito por\" \/>\n\t<meta name=\"twitter:data1\" content=\"CGT Ense\u00f1anza Arag\u00f3n\" \/>\n\t<meta name=\"twitter:label2\" content=\"Tiempo de lectura\" \/>\n\t<meta name=\"twitter:data2\" content=\"7 minutos\" \/>\n<script type=\"application\/ld+json\" class=\"yoast-schema-graph\">{\"@context\":\"https:\/\/schema.org\",\"@graph\":[{\"@type\":\"Article\",\"@id\":\"https:\/\/www.cgtaragonlarioja.org\/fedens\/por-una-pedagogia-del-compromiso-ante-la-barbarie-las-vidas-negras-si-importan\/#article\",\"isPartOf\":{\"@id\":\"https:\/\/www.cgtaragonlarioja.org\/fedens\/por-una-pedagogia-del-compromiso-ante-la-barbarie-las-vidas-negras-si-importan\/\"},\"author\":{\"name\":\"CGT Ense\u00f1anza Arag\u00f3n\",\"@id\":\"https:\/\/www.cgtaragonlarioja.org\/fedens\/#\/schema\/person\/f577cbf9ee1fb7519bfd883ac4f4032f\"},\"headline\":\"Por una pedagog\u00eda del compromiso ante la barbarie: las vidas negras s\u00ed importan\",\"datePublished\":\"2022-06-28T10:15:24+00:00\",\"mainEntityOfPage\":{\"@id\":\"https:\/\/www.cgtaragonlarioja.org\/fedens\/por-una-pedagogia-del-compromiso-ante-la-barbarie-las-vidas-negras-si-importan\/\"},\"wordCount\":1651,\"commentCount\":0,\"publisher\":{\"@id\":\"https:\/\/www.cgtaragonlarioja.org\/fedens\/#organization\"},\"image\":{\"@id\":\"https:\/\/www.cgtaragonlarioja.org\/fedens\/por-una-pedagogia-del-compromiso-ante-la-barbarie-las-vidas-negras-si-importan\/#primaryimage\"},\"thumbnailUrl\":\"https:\/\/www.cgtaragonlarioja.org\/fedens\/files\/2022\/06\/melilla5.jpg\",\"articleSection\":[\"A Debate\"],\"inLanguage\":\"es\",\"potentialAction\":[{\"@type\":\"CommentAction\",\"name\":\"Comment\",\"target\":[\"https:\/\/www.cgtaragonlarioja.org\/fedens\/por-una-pedagogia-del-compromiso-ante-la-barbarie-las-vidas-negras-si-importan\/#respond\"]}]},{\"@type\":\"WebPage\",\"@id\":\"https:\/\/www.cgtaragonlarioja.org\/fedens\/por-una-pedagogia-del-compromiso-ante-la-barbarie-las-vidas-negras-si-importan\/\",\"url\":\"https:\/\/www.cgtaragonlarioja.org\/fedens\/por-una-pedagogia-del-compromiso-ante-la-barbarie-las-vidas-negras-si-importan\/\",\"name\":\"Por una pedagog\u00eda del compromiso ante la barbarie: las vidas negras s\u00ed importan\",\"isPartOf\":{\"@id\":\"https:\/\/www.cgtaragonlarioja.org\/fedens\/#website\"},\"primaryImageOfPage\":{\"@id\":\"https:\/\/www.cgtaragonlarioja.org\/fedens\/por-una-pedagogia-del-compromiso-ante-la-barbarie-las-vidas-negras-si-importan\/#primaryimage\"},\"image\":{\"@id\":\"https:\/\/www.cgtaragonlarioja.org\/fedens\/por-una-pedagogia-del-compromiso-ante-la-barbarie-las-vidas-negras-si-importan\/#primaryimage\"},\"thumbnailUrl\":\"https:\/\/www.cgtaragonlarioja.org\/fedens\/files\/2022\/06\/melilla5.jpg\",\"datePublished\":\"2022-06-28T10:15:24+00:00\",\"description\":\"Agentes conteniendo a un grupo de centenares de personas que no han podido llegar a Melilla. JAVIER BERNARDO (El Salto) La educaci\u00f3n es un proyecto de\",\"breadcrumb\":{\"@id\":\"https:\/\/www.cgtaragonlarioja.org\/fedens\/por-una-pedagogia-del-compromiso-ante-la-barbarie-las-vidas-negras-si-importan\/#breadcrumb\"},\"inLanguage\":\"es\",\"potentialAction\":[{\"@type\":\"ReadAction\",\"target\":[\"https:\/\/www.cgtaragonlarioja.org\/fedens\/por-una-pedagogia-del-compromiso-ante-la-barbarie-las-vidas-negras-si-importan\/\"]}]},{\"@type\":\"ImageObject\",\"inLanguage\":\"es\",\"@id\":\"https:\/\/www.cgtaragonlarioja.org\/fedens\/por-una-pedagogia-del-compromiso-ante-la-barbarie-las-vidas-negras-si-importan\/#primaryimage\",\"url\":\"https:\/\/www.cgtaragonlarioja.org\/fedens\/files\/2022\/06\/melilla5.jpg\",\"contentUrl\":\"https:\/\/www.cgtaragonlarioja.org\/fedens\/files\/2022\/06\/melilla5.jpg\",\"width\":600,\"height\":401},{\"@type\":\"BreadcrumbList\",\"@id\":\"https:\/\/www.cgtaragonlarioja.org\/fedens\/por-una-pedagogia-del-compromiso-ante-la-barbarie-las-vidas-negras-si-importan\/#breadcrumb\",\"itemListElement\":[{\"@type\":\"ListItem\",\"position\":1,\"name\":\"Portada\",\"item\":\"https:\/\/www.cgtaragonlarioja.org\/fedens\/\"},{\"@type\":\"ListItem\",\"position\":2,\"name\":\"Por una pedagog\u00eda del compromiso ante la barbarie: las vidas negras s\u00ed importan\"}]},{\"@type\":\"WebSite\",\"@id\":\"https:\/\/www.cgtaragonlarioja.org\/fedens\/#website\",\"url\":\"https:\/\/www.cgtaragonlarioja.org\/fedens\/\",\"name\":\"CGT Arag\u00f3n - La Rioja. ENSE\u00d1ANZA\",\"description\":\"CONTACTAR: Calatayud-Aranda: 654897973 \/ Huesca: 974238404 \/ Teruel: 978619265 \/ Zaragoza: 976922002\",\"publisher\":{\"@id\":\"https:\/\/www.cgtaragonlarioja.org\/fedens\/#organization\"},\"potentialAction\":[{\"@type\":\"SearchAction\",\"target\":{\"@type\":\"EntryPoint\",\"urlTemplate\":\"https:\/\/www.cgtaragonlarioja.org\/fedens\/?s={search_term_string}\"},\"query-input\":{\"@type\":\"PropertyValueSpecification\",\"valueRequired\":true,\"valueName\":\"search_term_string\"}}],\"inLanguage\":\"es\"},{\"@type\":\"Organization\",\"@id\":\"https:\/\/www.cgtaragonlarioja.org\/fedens\/#organization\",\"name\":\"CGT Arag\u00f3n y La Rioja - Ense\u00f1anza\",\"url\":\"https:\/\/www.cgtaragonlarioja.org\/fedens\/\",\"logo\":{\"@type\":\"ImageObject\",\"inLanguage\":\"es\",\"@id\":\"https:\/\/www.cgtaragonlarioja.org\/fedens\/#\/schema\/logo\/image\/\",\"url\":\"https:\/\/www.cgtaragonlarioja.org\/fedens\/files\/2021\/02\/logo_cgt_ense_huesca_170x250.png\",\"contentUrl\":\"https:\/\/www.cgtaragonlarioja.org\/fedens\/files\/2021\/02\/logo_cgt_ense_huesca_170x250.png\",\"width\":170,\"height\":250,\"caption\":\"CGT Arag\u00f3n y La Rioja - Ense\u00f1anza\"},\"image\":{\"@id\":\"https:\/\/www.cgtaragonlarioja.org\/fedens\/#\/schema\/logo\/image\/\"},\"sameAs\":[\"https:\/\/www.facebook.com\/CGTEnseAragon\/\",\"https:\/\/x.com\/CGTeduAragon\"]},{\"@type\":\"Person\",\"@id\":\"https:\/\/www.cgtaragonlarioja.org\/fedens\/#\/schema\/person\/f577cbf9ee1fb7519bfd883ac4f4032f\",\"name\":\"CGT Ense\u00f1anza Arag\u00f3n\",\"image\":{\"@type\":\"ImageObject\",\"inLanguage\":\"es\",\"@id\":\"https:\/\/www.cgtaragonlarioja.org\/fedens\/#\/schema\/person\/image\/\",\"url\":\"https:\/\/secure.gravatar.com\/avatar\/6591cafae8da970274bd48ef06b7f86ae2c2ba705fb2cdafa9b5f7f48c95a765?s=96&d=mm&r=g\",\"contentUrl\":\"https:\/\/secure.gravatar.com\/avatar\/6591cafae8da970274bd48ef06b7f86ae2c2ba705fb2cdafa9b5f7f48c95a765?s=96&d=mm&r=g\",\"caption\":\"CGT Ense\u00f1anza Arag\u00f3n\"},\"url\":\"https:\/\/www.cgtaragonlarioja.org\/fedens\/author\/fasecgt\/\"}]}<\/script>\n<!-- \/ Yoast SEO plugin. -->","yoast_head_json":{"title":"Por una pedagog\u00eda del compromiso ante la barbarie: las vidas negras s\u00ed importan","description":"Agentes conteniendo a un grupo de centenares de personas que no han podido llegar a Melilla. JAVIER BERNARDO (El Salto) La educaci\u00f3n es un proyecto de","robots":{"index":"index","follow":"follow","max-snippet":"max-snippet:-1","max-image-preview":"max-image-preview:large","max-video-preview":"max-video-preview:-1"},"canonical":"https:\/\/www.cgtaragonlarioja.org\/fedens\/por-una-pedagogia-del-compromiso-ante-la-barbarie-las-vidas-negras-si-importan\/","og_locale":"es_ES","og_type":"article","og_title":"Por una pedagog\u00eda del compromiso ante la barbarie: las vidas negras s\u00ed importan","og_description":"Agentes conteniendo a un grupo de centenares de personas que no han podido llegar a Melilla. JAVIER BERNARDO (El Salto) La educaci\u00f3n es un proyecto de","og_url":"https:\/\/www.cgtaragonlarioja.org\/fedens\/por-una-pedagogia-del-compromiso-ante-la-barbarie-las-vidas-negras-si-importan\/","og_site_name":"CGT Arag\u00f3n - La Rioja. ENSE\u00d1ANZA","article_publisher":"https:\/\/www.facebook.com\/CGTEnseAragon\/","article_published_time":"2022-06-28T10:15:24+00:00","og_image":[{"width":600,"height":401,"url":"https:\/\/www.cgtaragonlarioja.org\/fedens\/files\/2022\/06\/melilla5.jpg","type":"image\/jpeg"}],"author":"CGT Ense\u00f1anza Arag\u00f3n","twitter_card":"summary_large_image","twitter_creator":"@CGTeduAragon","twitter_site":"@CGTeduAragon","twitter_misc":{"Escrito por":"CGT Ense\u00f1anza Arag\u00f3n","Tiempo de lectura":"7 minutos"},"schema":{"@context":"https:\/\/schema.org","@graph":[{"@type":"Article","@id":"https:\/\/www.cgtaragonlarioja.org\/fedens\/por-una-pedagogia-del-compromiso-ante-la-barbarie-las-vidas-negras-si-importan\/#article","isPartOf":{"@id":"https:\/\/www.cgtaragonlarioja.org\/fedens\/por-una-pedagogia-del-compromiso-ante-la-barbarie-las-vidas-negras-si-importan\/"},"author":{"name":"CGT Ense\u00f1anza Arag\u00f3n","@id":"https:\/\/www.cgtaragonlarioja.org\/fedens\/#\/schema\/person\/f577cbf9ee1fb7519bfd883ac4f4032f"},"headline":"Por una pedagog\u00eda del compromiso ante la barbarie: las vidas negras s\u00ed importan","datePublished":"2022-06-28T10:15:24+00:00","mainEntityOfPage":{"@id":"https:\/\/www.cgtaragonlarioja.org\/fedens\/por-una-pedagogia-del-compromiso-ante-la-barbarie-las-vidas-negras-si-importan\/"},"wordCount":1651,"commentCount":0,"publisher":{"@id":"https:\/\/www.cgtaragonlarioja.org\/fedens\/#organization"},"image":{"@id":"https:\/\/www.cgtaragonlarioja.org\/fedens\/por-una-pedagogia-del-compromiso-ante-la-barbarie-las-vidas-negras-si-importan\/#primaryimage"},"thumbnailUrl":"https:\/\/www.cgtaragonlarioja.org\/fedens\/files\/2022\/06\/melilla5.jpg","articleSection":["A Debate"],"inLanguage":"es","potentialAction":[{"@type":"CommentAction","name":"Comment","target":["https:\/\/www.cgtaragonlarioja.org\/fedens\/por-una-pedagogia-del-compromiso-ante-la-barbarie-las-vidas-negras-si-importan\/#respond"]}]},{"@type":"WebPage","@id":"https:\/\/www.cgtaragonlarioja.org\/fedens\/por-una-pedagogia-del-compromiso-ante-la-barbarie-las-vidas-negras-si-importan\/","url":"https:\/\/www.cgtaragonlarioja.org\/fedens\/por-una-pedagogia-del-compromiso-ante-la-barbarie-las-vidas-negras-si-importan\/","name":"Por una pedagog\u00eda del compromiso ante la barbarie: las vidas negras s\u00ed importan","isPartOf":{"@id":"https:\/\/www.cgtaragonlarioja.org\/fedens\/#website"},"primaryImageOfPage":{"@id":"https:\/\/www.cgtaragonlarioja.org\/fedens\/por-una-pedagogia-del-compromiso-ante-la-barbarie-las-vidas-negras-si-importan\/#primaryimage"},"image":{"@id":"https:\/\/www.cgtaragonlarioja.org\/fedens\/por-una-pedagogia-del-compromiso-ante-la-barbarie-las-vidas-negras-si-importan\/#primaryimage"},"thumbnailUrl":"https:\/\/www.cgtaragonlarioja.org\/fedens\/files\/2022\/06\/melilla5.jpg","datePublished":"2022-06-28T10:15:24+00:00","description":"Agentes conteniendo a un grupo de centenares de personas que no han podido llegar a Melilla. JAVIER BERNARDO (El Salto) La educaci\u00f3n es un proyecto de","breadcrumb":{"@id":"https:\/\/www.cgtaragonlarioja.org\/fedens\/por-una-pedagogia-del-compromiso-ante-la-barbarie-las-vidas-negras-si-importan\/#breadcrumb"},"inLanguage":"es","potentialAction":[{"@type":"ReadAction","target":["https:\/\/www.cgtaragonlarioja.org\/fedens\/por-una-pedagogia-del-compromiso-ante-la-barbarie-las-vidas-negras-si-importan\/"]}]},{"@type":"ImageObject","inLanguage":"es","@id":"https:\/\/www.cgtaragonlarioja.org\/fedens\/por-una-pedagogia-del-compromiso-ante-la-barbarie-las-vidas-negras-si-importan\/#primaryimage","url":"https:\/\/www.cgtaragonlarioja.org\/fedens\/files\/2022\/06\/melilla5.jpg","contentUrl":"https:\/\/www.cgtaragonlarioja.org\/fedens\/files\/2022\/06\/melilla5.jpg","width":600,"height":401},{"@type":"BreadcrumbList","@id":"https:\/\/www.cgtaragonlarioja.org\/fedens\/por-una-pedagogia-del-compromiso-ante-la-barbarie-las-vidas-negras-si-importan\/#breadcrumb","itemListElement":[{"@type":"ListItem","position":1,"name":"Portada","item":"https:\/\/www.cgtaragonlarioja.org\/fedens\/"},{"@type":"ListItem","position":2,"name":"Por una pedagog\u00eda del compromiso ante la barbarie: las vidas negras s\u00ed importan"}]},{"@type":"WebSite","@id":"https:\/\/www.cgtaragonlarioja.org\/fedens\/#website","url":"https:\/\/www.cgtaragonlarioja.org\/fedens\/","name":"CGT Arag\u00f3n - La Rioja. ENSE\u00d1ANZA","description":"CONTACTAR: Calatayud-Aranda: 654897973 \/ Huesca: 974238404 \/ Teruel: 978619265 \/ Zaragoza: 976922002","publisher":{"@id":"https:\/\/www.cgtaragonlarioja.org\/fedens\/#organization"},"potentialAction":[{"@type":"SearchAction","target":{"@type":"EntryPoint","urlTemplate":"https:\/\/www.cgtaragonlarioja.org\/fedens\/?s={search_term_string}"},"query-input":{"@type":"PropertyValueSpecification","valueRequired":true,"valueName":"search_term_string"}}],"inLanguage":"es"},{"@type":"Organization","@id":"https:\/\/www.cgtaragonlarioja.org\/fedens\/#organization","name":"CGT Arag\u00f3n y La Rioja - Ense\u00f1anza","url":"https:\/\/www.cgtaragonlarioja.org\/fedens\/","logo":{"@type":"ImageObject","inLanguage":"es","@id":"https:\/\/www.cgtaragonlarioja.org\/fedens\/#\/schema\/logo\/image\/","url":"https:\/\/www.cgtaragonlarioja.org\/fedens\/files\/2021\/02\/logo_cgt_ense_huesca_170x250.png","contentUrl":"https:\/\/www.cgtaragonlarioja.org\/fedens\/files\/2021\/02\/logo_cgt_ense_huesca_170x250.png","width":170,"height":250,"caption":"CGT Arag\u00f3n y La Rioja - Ense\u00f1anza"},"image":{"@id":"https:\/\/www.cgtaragonlarioja.org\/fedens\/#\/schema\/logo\/image\/"},"sameAs":["https:\/\/www.facebook.com\/CGTEnseAragon\/","https:\/\/x.com\/CGTeduAragon"]},{"@type":"Person","@id":"https:\/\/www.cgtaragonlarioja.org\/fedens\/#\/schema\/person\/f577cbf9ee1fb7519bfd883ac4f4032f","name":"CGT Ense\u00f1anza Arag\u00f3n","image":{"@type":"ImageObject","inLanguage":"es","@id":"https:\/\/www.cgtaragonlarioja.org\/fedens\/#\/schema\/person\/image\/","url":"https:\/\/secure.gravatar.com\/avatar\/6591cafae8da970274bd48ef06b7f86ae2c2ba705fb2cdafa9b5f7f48c95a765?s=96&d=mm&r=g","contentUrl":"https:\/\/secure.gravatar.com\/avatar\/6591cafae8da970274bd48ef06b7f86ae2c2ba705fb2cdafa9b5f7f48c95a765?s=96&d=mm&r=g","caption":"CGT Ense\u00f1anza Arag\u00f3n"},"url":"https:\/\/www.cgtaragonlarioja.org\/fedens\/author\/fasecgt\/"}]}},"_links":{"self":[{"href":"https:\/\/www.cgtaragonlarioja.org\/fedens\/wp-json\/wp\/v2\/posts\/14914","targetHints":{"allow":["GET"]}}],"collection":[{"href":"https:\/\/www.cgtaragonlarioja.org\/fedens\/wp-json\/wp\/v2\/posts"}],"about":[{"href":"https:\/\/www.cgtaragonlarioja.org\/fedens\/wp-json\/wp\/v2\/types\/post"}],"author":[{"embeddable":true,"href":"https:\/\/www.cgtaragonlarioja.org\/fedens\/wp-json\/wp\/v2\/users\/854"}],"replies":[{"embeddable":true,"href":"https:\/\/www.cgtaragonlarioja.org\/fedens\/wp-json\/wp\/v2\/comments?post=14914"}],"version-history":[{"count":1,"href":"https:\/\/www.cgtaragonlarioja.org\/fedens\/wp-json\/wp\/v2\/posts\/14914\/revisions"}],"predecessor-version":[{"id":14916,"href":"https:\/\/www.cgtaragonlarioja.org\/fedens\/wp-json\/wp\/v2\/posts\/14914\/revisions\/14916"}],"wp:featuredmedia":[{"embeddable":true,"href":"https:\/\/www.cgtaragonlarioja.org\/fedens\/wp-json\/wp\/v2\/media\/14915"}],"wp:attachment":[{"href":"https:\/\/www.cgtaragonlarioja.org\/fedens\/wp-json\/wp\/v2\/media?parent=14914"}],"wp:term":[{"taxonomy":"category","embeddable":true,"href":"https:\/\/www.cgtaragonlarioja.org\/fedens\/wp-json\/wp\/v2\/categories?post=14914"},{"taxonomy":"post_tag","embeddable":true,"href":"https:\/\/www.cgtaragonlarioja.org\/fedens\/wp-json\/wp\/v2\/tags?post=14914"}],"curies":[{"name":"wp","href":"https:\/\/api.w.org\/{rel}","templated":true}]}}