{"id":14862,"date":"2022-06-14T10:20:36","date_gmt":"2022-06-14T08:20:36","guid":{"rendered":"https:\/\/www.cgtaragonlarioja.org\/fedens\/?p=14862"},"modified":"2022-06-14T10:29:33","modified_gmt":"2022-06-14T08:29:33","slug":"cgt-recurre-el-rd-de-estabilizacion-de-interins","status":"publish","type":"post","link":"https:\/\/www.cgtaragonlarioja.org\/fedens\/cgt-recurre-el-rd-de-estabilizacion-de-interins\/","title":{"rendered":"CGT recurre el RD de estabilizaci\u00f3n de interin@s"},"content":{"rendered":"<p>Los servicios jur\u00eddicos de CGT Ense\u00f1anza han presentado la interposici\u00f3n de contencioso administrativo ante la Sala de lo Contencioso Administrativo de la Audiencia Nacional contra el Real Decreto 270\/2022, de 12 de abril, <em>por el que se modifica el Reglamento de ingreso, accesos y adquisici\u00f3n de nuevas especialidades en los cuerpos docentes a que se refiere la Ley Org\u00e1nica 2\/2006, de 3 de mayo, de Educaci\u00f3n, y se regula el r\u00e9gimen transitorio de ingreso a que se refiere la disposici\u00f3n transitoria decimos\u00e9ptima de la citada ley, aprobado por Real Decreto 276\/2007, de 23 de febrero.<\/em><\/p>\n<p>CGT Ense\u00f1anza valoramos muy positivamente las sentencias del Tribunal de Justicia de la Uni\u00f3n Europea sobre el abuso de temporalidad del personal interino que ven\u00eda a reconocer el incumplimiento de la directiva europea 1999\/70 por parte de los gobiernos espa\u00f1oles de los \u00faltimos a\u00f1os. Sin embargo, desde CGT entendemos que la aplicaci\u00f3n de las sentencias por parte del actual Gobierno, tanto en el llamado <em>Icetazo (<\/em>firmado por el Gobierno con CCOO, UGT y CSIF) como en el RD 270\/2022 no recogen lo sentenciado por el TSJU.<\/p>\n<p>El RD 270\/2022 no solo no sirve para estabilizar a las personas interinas en abuso de temporalidad sino que adem\u00e1s entendemos que es discriminatorio y va en contra de la \u201cigualdad de oportunidades y libre concurrencia\u201d. <strong>En concreto hay dos puntos pol\u00e9micos que son los que hemos recurrido en este primer momento, la limitaci\u00f3n de los 10 a\u00f1os tanto para el reconocimiento de la experiencia docente como para el reconocimiento de haber superado un proceso de concurso-oposici\u00f3n.<\/strong><\/p>\n<p>El RD 270\/2022 que regula como ser\u00e1n los procesos extraordinarios de estabilizaci\u00f3n de personal interino marca una fecha l\u00edmite injustificada de 10 a\u00f1os para el baremo de m\u00e9ritos de las personas que vayan a participar tanto en el concurso oposici\u00f3n como en el concurso de m\u00e9ritos. En el apartado de experiencia docente, el m\u00e1ximo de puntos se consigue con 10 cursos trabajado, lo que iguala a personas interinas con 17 o 18 cursos trabajados, que las hay, con las que llevan 10. Desde CGT no se entiende de d\u00f3nde sale esta limitaci\u00f3n temporal que resta posibilidades a las personas que llevan m\u00e1s a\u00f1os en abuso de temporalidad.<\/p>\n<p>Pero a\u00fan m\u00e1s grave, a entender de esta Federaci\u00f3n, es la limitaci\u00f3n de la fecha de 2012, de nuevo los 10 a\u00f1os, para poder obtener puntuaci\u00f3n por haber superado alg\u00fan proceso selectivo. Es decir, las personas que hayan aprobado un concurso oposici\u00f3n desde 2012 pueden llegar a obtener hasta 5 puntos en uno de los apartados de la baremaci\u00f3n del Concurso de M\u00e9ritos. Sin embargo, hay muchas CCAA donde o no se han convocado oposiciones nunca o se ha hecho antes de 2012. Por citar un ejemplo, en Arag\u00f3n hay especialidades como Historia del Arte o Alem\u00e1n en Cuerpo de Infantil-Primaria donde nunca se han convocado concurso de oposici\u00f3n. En otras como M\u00fasica de Secundaria, Italiano de Escuela de Idiomas y Fabricaci\u00f3n y Carpinter\u00eda y Mueble de Formaci\u00f3n Profesional no ha habido concurso oposici\u00f3n en Arag\u00f3n posterior a la fecha de 2012 marcada por el RD 270\/2022. Esto significa que, habiendo habido en otras CCAA oposiciones posteriores a esa fecha los y las interinas de otras CCAA podr\u00edan obtener en Arag\u00f3n una puntuaci\u00f3n que las personas interinas de Arag\u00f3n no pueden por no haberse convocado procesos de oposici\u00f3n desde la citada fecha. Este ejemplo, con otras especialidades es extensible a todos los territorios del Estado por lo que nos encontramos con situaciones de desigualdad donde no se puede competir en igualdad de condiciones.<\/p>\n<p>Estos son los dos motivos que han propiciado la interposici\u00f3n de contencioso administrativo que no quita para presentar nuevos recursos una vez publicadas las distintas convocatorias.<\/p>\n","protected":false},"excerpt":{"rendered":"<p>Los servicios jur\u00eddicos de CGT Ense\u00f1anza han presentado la interposici\u00f3n de contencioso administrativo ante la<\/p>\n","protected":false},"author":486,"featured_media":13206,"comment_status":"open","ping_status":"open","sticky":false,"template":"","format":"standard","meta":{"footnotes":""},"categories":[568,480],"tags":[],"class_list":["post-14862","post","type-post","status-publish","format-standard","has-post-thumbnail","hentry","category-interinas","category-noticias"],"yoast_head":"<!-- This site is optimized with the Yoast SEO plugin v26.7 - https:\/\/yoast.com\/wordpress\/plugins\/seo\/ -->\n<title>CGT recurre el RD de estabilizaci\u00f3n de interin@s<\/title>\n<meta name=\"description\" content=\"Los servicios jur\u00eddicos de CGT Ense\u00f1anza han presentado la interposici\u00f3n de contencioso administrativo ante la Sala de lo Contencioso Administrativo de la\" \/>\n<meta name=\"robots\" content=\"index, follow, max-snippet:-1, max-image-preview:large, max-video-preview:-1\" \/>\n<link rel=\"canonical\" href=\"https:\/\/www.cgtaragonlarioja.org\/fedens\/cgt-recurre-el-rd-de-estabilizacion-de-interins\/\" \/>\n<meta property=\"og:locale\" content=\"es_ES\" \/>\n<meta property=\"og:type\" content=\"article\" \/>\n<meta property=\"og:title\" content=\"CGT recurre el RD de estabilizaci\u00f3n de interin@s\" \/>\n<meta property=\"og:description\" content=\"Los servicios jur\u00eddicos de CGT Ense\u00f1anza han presentado la interposici\u00f3n de contencioso administrativo ante la Sala de lo Contencioso Administrativo de la\" \/>\n<meta property=\"og:url\" content=\"https:\/\/www.cgtaragonlarioja.org\/fedens\/cgt-recurre-el-rd-de-estabilizacion-de-interins\/\" \/>\n<meta property=\"og:site_name\" content=\"CGT Arag\u00f3n - La Rioja. ENSE\u00d1ANZA\" \/>\n<meta property=\"article:publisher\" content=\"https:\/\/www.facebook.com\/CGTEnseAragon\/\" \/>\n<meta property=\"article:published_time\" content=\"2022-06-14T08:20:36+00:00\" \/>\n<meta property=\"article:modified_time\" content=\"2022-06-14T08:29:33+00:00\" \/>\n<meta property=\"og:image\" content=\"https:\/\/www.cgtaragonlarioja.org\/fedens\/files\/2021\/10\/valencia.jpg\" \/>\n\t<meta property=\"og:image:width\" content=\"1280\" \/>\n\t<meta property=\"og:image:height\" content=\"721\" \/>\n\t<meta property=\"og:image:type\" content=\"image\/jpeg\" \/>\n<meta name=\"author\" content=\"kike\" \/>\n<meta name=\"twitter:card\" content=\"summary_large_image\" \/>\n<meta name=\"twitter:creator\" content=\"@CGTeduAragon\" \/>\n<meta name=\"twitter:site\" content=\"@CGTeduAragon\" \/>\n<meta name=\"twitter:label1\" content=\"Escrito por\" \/>\n\t<meta name=\"twitter:data1\" content=\"kike\" \/>\n\t<meta name=\"twitter:label2\" content=\"Tiempo de lectura\" \/>\n\t<meta name=\"twitter:data2\" content=\"3 minutos\" \/>\n<script type=\"application\/ld+json\" class=\"yoast-schema-graph\">{\"@context\":\"https:\/\/schema.org\",\"@graph\":[{\"@type\":\"Article\",\"@id\":\"https:\/\/www.cgtaragonlarioja.org\/fedens\/cgt-recurre-el-rd-de-estabilizacion-de-interins\/#article\",\"isPartOf\":{\"@id\":\"https:\/\/www.cgtaragonlarioja.org\/fedens\/cgt-recurre-el-rd-de-estabilizacion-de-interins\/\"},\"author\":{\"name\":\"kike\",\"@id\":\"https:\/\/www.cgtaragonlarioja.org\/fedens\/#\/schema\/person\/dfa7d1616615d62a6d79c9593aa09fc3\"},\"headline\":\"CGT recurre el RD de estabilizaci\u00f3n de interin@s\",\"datePublished\":\"2022-06-14T08:20:36+00:00\",\"dateModified\":\"2022-06-14T08:29:33+00:00\",\"mainEntityOfPage\":{\"@id\":\"https:\/\/www.cgtaragonlarioja.org\/fedens\/cgt-recurre-el-rd-de-estabilizacion-de-interins\/\"},\"wordCount\":658,\"commentCount\":1,\"publisher\":{\"@id\":\"https:\/\/www.cgtaragonlarioja.org\/fedens\/#organization\"},\"image\":{\"@id\":\"https:\/\/www.cgtaragonlarioja.org\/fedens\/cgt-recurre-el-rd-de-estabilizacion-de-interins\/#primaryimage\"},\"thumbnailUrl\":\"https:\/\/www.cgtaragonlarioja.org\/fedens\/files\/2021\/10\/valencia.jpg\",\"articleSection\":[\"Interinas\",\"Noticias\"],\"inLanguage\":\"es\",\"potentialAction\":[{\"@type\":\"CommentAction\",\"name\":\"Comment\",\"target\":[\"https:\/\/www.cgtaragonlarioja.org\/fedens\/cgt-recurre-el-rd-de-estabilizacion-de-interins\/#respond\"]}]},{\"@type\":\"WebPage\",\"@id\":\"https:\/\/www.cgtaragonlarioja.org\/fedens\/cgt-recurre-el-rd-de-estabilizacion-de-interins\/\",\"url\":\"https:\/\/www.cgtaragonlarioja.org\/fedens\/cgt-recurre-el-rd-de-estabilizacion-de-interins\/\",\"name\":\"CGT recurre el RD de estabilizaci\u00f3n de interin@s\",\"isPartOf\":{\"@id\":\"https:\/\/www.cgtaragonlarioja.org\/fedens\/#website\"},\"primaryImageOfPage\":{\"@id\":\"https:\/\/www.cgtaragonlarioja.org\/fedens\/cgt-recurre-el-rd-de-estabilizacion-de-interins\/#primaryimage\"},\"image\":{\"@id\":\"https:\/\/www.cgtaragonlarioja.org\/fedens\/cgt-recurre-el-rd-de-estabilizacion-de-interins\/#primaryimage\"},\"thumbnailUrl\":\"https:\/\/www.cgtaragonlarioja.org\/fedens\/files\/2021\/10\/valencia.jpg\",\"datePublished\":\"2022-06-14T08:20:36+00:00\",\"dateModified\":\"2022-06-14T08:29:33+00:00\",\"description\":\"Los servicios jur\u00eddicos de CGT Ense\u00f1anza han presentado la interposici\u00f3n de contencioso administrativo ante la Sala de lo Contencioso Administrativo de la\",\"breadcrumb\":{\"@id\":\"https:\/\/www.cgtaragonlarioja.org\/fedens\/cgt-recurre-el-rd-de-estabilizacion-de-interins\/#breadcrumb\"},\"inLanguage\":\"es\",\"potentialAction\":[{\"@type\":\"ReadAction\",\"target\":[\"https:\/\/www.cgtaragonlarioja.org\/fedens\/cgt-recurre-el-rd-de-estabilizacion-de-interins\/\"]}]},{\"@type\":\"ImageObject\",\"inLanguage\":\"es\",\"@id\":\"https:\/\/www.cgtaragonlarioja.org\/fedens\/cgt-recurre-el-rd-de-estabilizacion-de-interins\/#primaryimage\",\"url\":\"https:\/\/www.cgtaragonlarioja.org\/fedens\/files\/2021\/10\/valencia.jpg\",\"contentUrl\":\"https:\/\/www.cgtaragonlarioja.org\/fedens\/files\/2021\/10\/valencia.jpg\",\"width\":1280,\"height\":721},{\"@type\":\"BreadcrumbList\",\"@id\":\"https:\/\/www.cgtaragonlarioja.org\/fedens\/cgt-recurre-el-rd-de-estabilizacion-de-interins\/#breadcrumb\",\"itemListElement\":[{\"@type\":\"ListItem\",\"position\":1,\"name\":\"Portada\",\"item\":\"https:\/\/www.cgtaragonlarioja.org\/fedens\/\"},{\"@type\":\"ListItem\",\"position\":2,\"name\":\"CGT recurre el RD de estabilizaci\u00f3n de interin@s\"}]},{\"@type\":\"WebSite\",\"@id\":\"https:\/\/www.cgtaragonlarioja.org\/fedens\/#website\",\"url\":\"https:\/\/www.cgtaragonlarioja.org\/fedens\/\",\"name\":\"CGT Arag\u00f3n - La Rioja. ENSE\u00d1ANZA\",\"description\":\"CONTACTAR: Calatayud-Aranda: 654897973 \/ Huesca: 974238404 \/ Teruel: 978619265 \/ Zaragoza: 976922002\",\"publisher\":{\"@id\":\"https:\/\/www.cgtaragonlarioja.org\/fedens\/#organization\"},\"potentialAction\":[{\"@type\":\"SearchAction\",\"target\":{\"@type\":\"EntryPoint\",\"urlTemplate\":\"https:\/\/www.cgtaragonlarioja.org\/fedens\/?s={search_term_string}\"},\"query-input\":{\"@type\":\"PropertyValueSpecification\",\"valueRequired\":true,\"valueName\":\"search_term_string\"}}],\"inLanguage\":\"es\"},{\"@type\":\"Organization\",\"@id\":\"https:\/\/www.cgtaragonlarioja.org\/fedens\/#organization\",\"name\":\"CGT Arag\u00f3n y La Rioja - Ense\u00f1anza\",\"url\":\"https:\/\/www.cgtaragonlarioja.org\/fedens\/\",\"logo\":{\"@type\":\"ImageObject\",\"inLanguage\":\"es\",\"@id\":\"https:\/\/www.cgtaragonlarioja.org\/fedens\/#\/schema\/logo\/image\/\",\"url\":\"https:\/\/www.cgtaragonlarioja.org\/fedens\/files\/2021\/02\/logo_cgt_ense_huesca_170x250.png\",\"contentUrl\":\"https:\/\/www.cgtaragonlarioja.org\/fedens\/files\/2021\/02\/logo_cgt_ense_huesca_170x250.png\",\"width\":170,\"height\":250,\"caption\":\"CGT Arag\u00f3n y La Rioja - Ense\u00f1anza\"},\"image\":{\"@id\":\"https:\/\/www.cgtaragonlarioja.org\/fedens\/#\/schema\/logo\/image\/\"},\"sameAs\":[\"https:\/\/www.facebook.com\/CGTEnseAragon\/\",\"https:\/\/x.com\/CGTeduAragon\"]},{\"@type\":\"Person\",\"@id\":\"https:\/\/www.cgtaragonlarioja.org\/fedens\/#\/schema\/person\/dfa7d1616615d62a6d79c9593aa09fc3\",\"name\":\"kike\",\"image\":{\"@type\":\"ImageObject\",\"inLanguage\":\"es\",\"@id\":\"https:\/\/www.cgtaragonlarioja.org\/fedens\/#\/schema\/person\/image\/\",\"url\":\"https:\/\/secure.gravatar.com\/avatar\/f1c0788a733c3717c5f8c071e064a9c188df22c90b22388027f4ed27abaa4f3b?s=96&d=mm&r=g\",\"contentUrl\":\"https:\/\/secure.gravatar.com\/avatar\/f1c0788a733c3717c5f8c071e064a9c188df22c90b22388027f4ed27abaa4f3b?s=96&d=mm&r=g\",\"caption\":\"kike\"},\"url\":\"https:\/\/www.cgtaragonlarioja.org\/fedens\/author\/kike\/\"}]}<\/script>\n<!-- \/ Yoast SEO plugin. -->","yoast_head_json":{"title":"CGT recurre el RD de estabilizaci\u00f3n de interin@s","description":"Los servicios jur\u00eddicos de CGT Ense\u00f1anza han presentado la interposici\u00f3n de contencioso administrativo ante la Sala de lo Contencioso Administrativo de la","robots":{"index":"index","follow":"follow","max-snippet":"max-snippet:-1","max-image-preview":"max-image-preview:large","max-video-preview":"max-video-preview:-1"},"canonical":"https:\/\/www.cgtaragonlarioja.org\/fedens\/cgt-recurre-el-rd-de-estabilizacion-de-interins\/","og_locale":"es_ES","og_type":"article","og_title":"CGT recurre el RD de estabilizaci\u00f3n de interin@s","og_description":"Los servicios jur\u00eddicos de CGT Ense\u00f1anza han presentado la interposici\u00f3n de contencioso administrativo ante la Sala de lo Contencioso Administrativo de la","og_url":"https:\/\/www.cgtaragonlarioja.org\/fedens\/cgt-recurre-el-rd-de-estabilizacion-de-interins\/","og_site_name":"CGT Arag\u00f3n - La Rioja. ENSE\u00d1ANZA","article_publisher":"https:\/\/www.facebook.com\/CGTEnseAragon\/","article_published_time":"2022-06-14T08:20:36+00:00","article_modified_time":"2022-06-14T08:29:33+00:00","og_image":[{"width":1280,"height":721,"url":"https:\/\/www.cgtaragonlarioja.org\/fedens\/files\/2021\/10\/valencia.jpg","type":"image\/jpeg"}],"author":"kike","twitter_card":"summary_large_image","twitter_creator":"@CGTeduAragon","twitter_site":"@CGTeduAragon","twitter_misc":{"Escrito por":"kike","Tiempo de lectura":"3 minutos"},"schema":{"@context":"https:\/\/schema.org","@graph":[{"@type":"Article","@id":"https:\/\/www.cgtaragonlarioja.org\/fedens\/cgt-recurre-el-rd-de-estabilizacion-de-interins\/#article","isPartOf":{"@id":"https:\/\/www.cgtaragonlarioja.org\/fedens\/cgt-recurre-el-rd-de-estabilizacion-de-interins\/"},"author":{"name":"kike","@id":"https:\/\/www.cgtaragonlarioja.org\/fedens\/#\/schema\/person\/dfa7d1616615d62a6d79c9593aa09fc3"},"headline":"CGT recurre el RD de estabilizaci\u00f3n de interin@s","datePublished":"2022-06-14T08:20:36+00:00","dateModified":"2022-06-14T08:29:33+00:00","mainEntityOfPage":{"@id":"https:\/\/www.cgtaragonlarioja.org\/fedens\/cgt-recurre-el-rd-de-estabilizacion-de-interins\/"},"wordCount":658,"commentCount":1,"publisher":{"@id":"https:\/\/www.cgtaragonlarioja.org\/fedens\/#organization"},"image":{"@id":"https:\/\/www.cgtaragonlarioja.org\/fedens\/cgt-recurre-el-rd-de-estabilizacion-de-interins\/#primaryimage"},"thumbnailUrl":"https:\/\/www.cgtaragonlarioja.org\/fedens\/files\/2021\/10\/valencia.jpg","articleSection":["Interinas","Noticias"],"inLanguage":"es","potentialAction":[{"@type":"CommentAction","name":"Comment","target":["https:\/\/www.cgtaragonlarioja.org\/fedens\/cgt-recurre-el-rd-de-estabilizacion-de-interins\/#respond"]}]},{"@type":"WebPage","@id":"https:\/\/www.cgtaragonlarioja.org\/fedens\/cgt-recurre-el-rd-de-estabilizacion-de-interins\/","url":"https:\/\/www.cgtaragonlarioja.org\/fedens\/cgt-recurre-el-rd-de-estabilizacion-de-interins\/","name":"CGT recurre el RD de estabilizaci\u00f3n de interin@s","isPartOf":{"@id":"https:\/\/www.cgtaragonlarioja.org\/fedens\/#website"},"primaryImageOfPage":{"@id":"https:\/\/www.cgtaragonlarioja.org\/fedens\/cgt-recurre-el-rd-de-estabilizacion-de-interins\/#primaryimage"},"image":{"@id":"https:\/\/www.cgtaragonlarioja.org\/fedens\/cgt-recurre-el-rd-de-estabilizacion-de-interins\/#primaryimage"},"thumbnailUrl":"https:\/\/www.cgtaragonlarioja.org\/fedens\/files\/2021\/10\/valencia.jpg","datePublished":"2022-06-14T08:20:36+00:00","dateModified":"2022-06-14T08:29:33+00:00","description":"Los servicios jur\u00eddicos de CGT Ense\u00f1anza han presentado la interposici\u00f3n de contencioso administrativo ante la Sala de lo Contencioso Administrativo de la","breadcrumb":{"@id":"https:\/\/www.cgtaragonlarioja.org\/fedens\/cgt-recurre-el-rd-de-estabilizacion-de-interins\/#breadcrumb"},"inLanguage":"es","potentialAction":[{"@type":"ReadAction","target":["https:\/\/www.cgtaragonlarioja.org\/fedens\/cgt-recurre-el-rd-de-estabilizacion-de-interins\/"]}]},{"@type":"ImageObject","inLanguage":"es","@id":"https:\/\/www.cgtaragonlarioja.org\/fedens\/cgt-recurre-el-rd-de-estabilizacion-de-interins\/#primaryimage","url":"https:\/\/www.cgtaragonlarioja.org\/fedens\/files\/2021\/10\/valencia.jpg","contentUrl":"https:\/\/www.cgtaragonlarioja.org\/fedens\/files\/2021\/10\/valencia.jpg","width":1280,"height":721},{"@type":"BreadcrumbList","@id":"https:\/\/www.cgtaragonlarioja.org\/fedens\/cgt-recurre-el-rd-de-estabilizacion-de-interins\/#breadcrumb","itemListElement":[{"@type":"ListItem","position":1,"name":"Portada","item":"https:\/\/www.cgtaragonlarioja.org\/fedens\/"},{"@type":"ListItem","position":2,"name":"CGT recurre el RD de estabilizaci\u00f3n de interin@s"}]},{"@type":"WebSite","@id":"https:\/\/www.cgtaragonlarioja.org\/fedens\/#website","url":"https:\/\/www.cgtaragonlarioja.org\/fedens\/","name":"CGT Arag\u00f3n - La Rioja. ENSE\u00d1ANZA","description":"CONTACTAR: Calatayud-Aranda: 654897973 \/ Huesca: 974238404 \/ Teruel: 978619265 \/ Zaragoza: 976922002","publisher":{"@id":"https:\/\/www.cgtaragonlarioja.org\/fedens\/#organization"},"potentialAction":[{"@type":"SearchAction","target":{"@type":"EntryPoint","urlTemplate":"https:\/\/www.cgtaragonlarioja.org\/fedens\/?s={search_term_string}"},"query-input":{"@type":"PropertyValueSpecification","valueRequired":true,"valueName":"search_term_string"}}],"inLanguage":"es"},{"@type":"Organization","@id":"https:\/\/www.cgtaragonlarioja.org\/fedens\/#organization","name":"CGT Arag\u00f3n y La Rioja - Ense\u00f1anza","url":"https:\/\/www.cgtaragonlarioja.org\/fedens\/","logo":{"@type":"ImageObject","inLanguage":"es","@id":"https:\/\/www.cgtaragonlarioja.org\/fedens\/#\/schema\/logo\/image\/","url":"https:\/\/www.cgtaragonlarioja.org\/fedens\/files\/2021\/02\/logo_cgt_ense_huesca_170x250.png","contentUrl":"https:\/\/www.cgtaragonlarioja.org\/fedens\/files\/2021\/02\/logo_cgt_ense_huesca_170x250.png","width":170,"height":250,"caption":"CGT Arag\u00f3n y La Rioja - Ense\u00f1anza"},"image":{"@id":"https:\/\/www.cgtaragonlarioja.org\/fedens\/#\/schema\/logo\/image\/"},"sameAs":["https:\/\/www.facebook.com\/CGTEnseAragon\/","https:\/\/x.com\/CGTeduAragon"]},{"@type":"Person","@id":"https:\/\/www.cgtaragonlarioja.org\/fedens\/#\/schema\/person\/dfa7d1616615d62a6d79c9593aa09fc3","name":"kike","image":{"@type":"ImageObject","inLanguage":"es","@id":"https:\/\/www.cgtaragonlarioja.org\/fedens\/#\/schema\/person\/image\/","url":"https:\/\/secure.gravatar.com\/avatar\/f1c0788a733c3717c5f8c071e064a9c188df22c90b22388027f4ed27abaa4f3b?s=96&d=mm&r=g","contentUrl":"https:\/\/secure.gravatar.com\/avatar\/f1c0788a733c3717c5f8c071e064a9c188df22c90b22388027f4ed27abaa4f3b?s=96&d=mm&r=g","caption":"kike"},"url":"https:\/\/www.cgtaragonlarioja.org\/fedens\/author\/kike\/"}]}},"_links":{"self":[{"href":"https:\/\/www.cgtaragonlarioja.org\/fedens\/wp-json\/wp\/v2\/posts\/14862","targetHints":{"allow":["GET"]}}],"collection":[{"href":"https:\/\/www.cgtaragonlarioja.org\/fedens\/wp-json\/wp\/v2\/posts"}],"about":[{"href":"https:\/\/www.cgtaragonlarioja.org\/fedens\/wp-json\/wp\/v2\/types\/post"}],"author":[{"embeddable":true,"href":"https:\/\/www.cgtaragonlarioja.org\/fedens\/wp-json\/wp\/v2\/users\/486"}],"replies":[{"embeddable":true,"href":"https:\/\/www.cgtaragonlarioja.org\/fedens\/wp-json\/wp\/v2\/comments?post=14862"}],"version-history":[{"count":4,"href":"https:\/\/www.cgtaragonlarioja.org\/fedens\/wp-json\/wp\/v2\/posts\/14862\/revisions"}],"predecessor-version":[{"id":14866,"href":"https:\/\/www.cgtaragonlarioja.org\/fedens\/wp-json\/wp\/v2\/posts\/14862\/revisions\/14866"}],"wp:featuredmedia":[{"embeddable":true,"href":"https:\/\/www.cgtaragonlarioja.org\/fedens\/wp-json\/wp\/v2\/media\/13206"}],"wp:attachment":[{"href":"https:\/\/www.cgtaragonlarioja.org\/fedens\/wp-json\/wp\/v2\/media?parent=14862"}],"wp:term":[{"taxonomy":"category","embeddable":true,"href":"https:\/\/www.cgtaragonlarioja.org\/fedens\/wp-json\/wp\/v2\/categories?post=14862"},{"taxonomy":"post_tag","embeddable":true,"href":"https:\/\/www.cgtaragonlarioja.org\/fedens\/wp-json\/wp\/v2\/tags?post=14862"}],"curies":[{"name":"wp","href":"https:\/\/api.w.org\/{rel}","templated":true}]}}