{"id":14835,"date":"2022-06-06T13:25:27","date_gmt":"2022-06-06T11:25:27","guid":{"rendered":"https:\/\/www.cgtaragonlarioja.org\/fedens\/?p=14835"},"modified":"2022-06-06T13:25:28","modified_gmt":"2022-06-06T11:25:28","slug":"orientaciones-para-las-oposiciones","status":"publish","type":"post","link":"https:\/\/www.cgtaragonlarioja.org\/fedens\/orientaciones-para-las-oposiciones\/","title":{"rendered":"Orientaciones para las oposiciones."},"content":{"rendered":"<p>Se acerca la fecha del inicio de las pruebas del sistema de acceso al cuerpo de Maestros.<\/p>\n<p>En la Mesa Sectorial del pasado viernes 3 de junio nos informaron de una novedad; el uso de papel de autocopia para que cada opositor\/a tenga una copia de su examen. Nos han avisado de que hay bol\u00edgrafos que no sirven.<\/p>\n<p>Desde CGT hemos pedido que las pruebas del s\u00e1bado se hiceran en un solo turno. Seg\u00fan la Administraci\u00f3n no se puede porque las personas con discapacidad, dentro de la adaptaci\u00f3n a la que tienen derecho y necesidad, pueden tener el doble de tiempo para hacer las pruebas. Por ello es imposible hacer las dos pruebas en una sola ma\u00f1ana.<\/p>\n<p>En la web de educaci\u00f3n se han publicado las orientaciones para hacer las distintas pruebas. Os las adjuntamos.<\/p>\n<p><a href=\"https:\/\/www.cgtaragonlarioja.org\/fedens\/orientaciones-para-las-oposiciones\/p-orientaciones-opositores-2022\/\" rel=\"attachment wp-att-14836\">P Orientaciones opositores 2022<\/a><\/p>\n<p>&nbsp;<\/p>\n","protected":false},"excerpt":{"rendered":"<p>Se acerca la fecha del inicio de las pruebas del sistema de acceso al cuerpo<\/p>\n","protected":false},"author":486,"featured_media":0,"comment_status":"open","ping_status":"open","sticky":false,"template":"","format":"standard","meta":{"footnotes":""},"categories":[568,480],"tags":[],"class_list":["post-14835","post","type-post","status-publish","format-standard","hentry","category-interinas","category-noticias"],"yoast_head":"<!-- This site is optimized with the Yoast SEO plugin v26.7 - https:\/\/yoast.com\/wordpress\/plugins\/seo\/ -->\n<title>Orientaciones para las oposiciones.<\/title>\n<meta name=\"description\" content=\"Se acerca la fecha del inicio de las pruebas del sistema de acceso al cuerpo de Maestros. En la Mesa Sectorial del pasado viernes 3 de junio nos\" \/>\n<meta name=\"robots\" content=\"index, follow, max-snippet:-1, max-image-preview:large, max-video-preview:-1\" \/>\n<link rel=\"canonical\" href=\"https:\/\/www.cgtaragonlarioja.org\/fedens\/orientaciones-para-las-oposiciones\/\" \/>\n<meta property=\"og:locale\" content=\"es_ES\" \/>\n<meta property=\"og:type\" content=\"article\" \/>\n<meta property=\"og:title\" content=\"Orientaciones para las oposiciones.\" \/>\n<meta property=\"og:description\" content=\"Se acerca la fecha del inicio de las pruebas del sistema de acceso al cuerpo de Maestros. En la Mesa Sectorial del pasado viernes 3 de junio nos\" \/>\n<meta property=\"og:url\" content=\"https:\/\/www.cgtaragonlarioja.org\/fedens\/orientaciones-para-las-oposiciones\/\" \/>\n<meta property=\"og:site_name\" content=\"CGT Arag\u00f3n - La Rioja. ENSE\u00d1ANZA\" \/>\n<meta property=\"article:publisher\" content=\"https:\/\/www.facebook.com\/CGTEnseAragon\/\" \/>\n<meta property=\"article:published_time\" content=\"2022-06-06T11:25:27+00:00\" \/>\n<meta property=\"article:modified_time\" content=\"2022-06-06T11:25:28+00:00\" \/>\n<meta property=\"og:image\" content=\"https:\/\/www.cgtaragonlarioja.org\/fedens\/files\/2022\/05\/opos.jpg\" \/>\n\t<meta property=\"og:image:width\" content=\"1280\" \/>\n\t<meta property=\"og:image:height\" content=\"1280\" \/>\n\t<meta property=\"og:image:type\" content=\"image\/jpeg\" \/>\n<meta name=\"author\" content=\"kike\" \/>\n<meta name=\"twitter:card\" content=\"summary_large_image\" \/>\n<meta name=\"twitter:creator\" content=\"@CGTeduAragon\" \/>\n<meta name=\"twitter:site\" content=\"@CGTeduAragon\" \/>\n<meta name=\"twitter:label1\" content=\"Escrito por\" \/>\n\t<meta name=\"twitter:data1\" content=\"kike\" \/>\n\t<meta name=\"twitter:label2\" content=\"Tiempo de lectura\" \/>\n\t<meta name=\"twitter:data2\" content=\"1 minuto\" \/>\n<script type=\"application\/ld+json\" class=\"yoast-schema-graph\">{\"@context\":\"https:\/\/schema.org\",\"@graph\":[{\"@type\":\"Article\",\"@id\":\"https:\/\/www.cgtaragonlarioja.org\/fedens\/orientaciones-para-las-oposiciones\/#article\",\"isPartOf\":{\"@id\":\"https:\/\/www.cgtaragonlarioja.org\/fedens\/orientaciones-para-las-oposiciones\/\"},\"author\":{\"name\":\"kike\",\"@id\":\"https:\/\/www.cgtaragonlarioja.org\/fedens\/#\/schema\/person\/dfa7d1616615d62a6d79c9593aa09fc3\"},\"headline\":\"Orientaciones para las oposiciones.\",\"datePublished\":\"2022-06-06T11:25:27+00:00\",\"dateModified\":\"2022-06-06T11:25:28+00:00\",\"mainEntityOfPage\":{\"@id\":\"https:\/\/www.cgtaragonlarioja.org\/fedens\/orientaciones-para-las-oposiciones\/\"},\"wordCount\":150,\"commentCount\":0,\"publisher\":{\"@id\":\"https:\/\/www.cgtaragonlarioja.org\/fedens\/#organization\"},\"articleSection\":[\"Interinas\",\"Noticias\"],\"inLanguage\":\"es\",\"potentialAction\":[{\"@type\":\"CommentAction\",\"name\":\"Comment\",\"target\":[\"https:\/\/www.cgtaragonlarioja.org\/fedens\/orientaciones-para-las-oposiciones\/#respond\"]}]},{\"@type\":\"WebPage\",\"@id\":\"https:\/\/www.cgtaragonlarioja.org\/fedens\/orientaciones-para-las-oposiciones\/\",\"url\":\"https:\/\/www.cgtaragonlarioja.org\/fedens\/orientaciones-para-las-oposiciones\/\",\"name\":\"Orientaciones para las oposiciones.\",\"isPartOf\":{\"@id\":\"https:\/\/www.cgtaragonlarioja.org\/fedens\/#website\"},\"datePublished\":\"2022-06-06T11:25:27+00:00\",\"dateModified\":\"2022-06-06T11:25:28+00:00\",\"description\":\"Se acerca la fecha del inicio de las pruebas del sistema de acceso al cuerpo de Maestros. En la Mesa Sectorial del pasado viernes 3 de junio nos\",\"breadcrumb\":{\"@id\":\"https:\/\/www.cgtaragonlarioja.org\/fedens\/orientaciones-para-las-oposiciones\/#breadcrumb\"},\"inLanguage\":\"es\",\"potentialAction\":[{\"@type\":\"ReadAction\",\"target\":[\"https:\/\/www.cgtaragonlarioja.org\/fedens\/orientaciones-para-las-oposiciones\/\"]}]},{\"@type\":\"BreadcrumbList\",\"@id\":\"https:\/\/www.cgtaragonlarioja.org\/fedens\/orientaciones-para-las-oposiciones\/#breadcrumb\",\"itemListElement\":[{\"@type\":\"ListItem\",\"position\":1,\"name\":\"Portada\",\"item\":\"https:\/\/www.cgtaragonlarioja.org\/fedens\/\"},{\"@type\":\"ListItem\",\"position\":2,\"name\":\"Orientaciones para las oposiciones.\"}]},{\"@type\":\"WebSite\",\"@id\":\"https:\/\/www.cgtaragonlarioja.org\/fedens\/#website\",\"url\":\"https:\/\/www.cgtaragonlarioja.org\/fedens\/\",\"name\":\"CGT Arag\u00f3n - La Rioja. ENSE\u00d1ANZA\",\"description\":\"CONTACTAR: Calatayud-Aranda: 654897973 \/ Huesca: 974238404 \/ Teruel: 978619265 \/ Zaragoza: 976922002\",\"publisher\":{\"@id\":\"https:\/\/www.cgtaragonlarioja.org\/fedens\/#organization\"},\"potentialAction\":[{\"@type\":\"SearchAction\",\"target\":{\"@type\":\"EntryPoint\",\"urlTemplate\":\"https:\/\/www.cgtaragonlarioja.org\/fedens\/?s={search_term_string}\"},\"query-input\":{\"@type\":\"PropertyValueSpecification\",\"valueRequired\":true,\"valueName\":\"search_term_string\"}}],\"inLanguage\":\"es\"},{\"@type\":\"Organization\",\"@id\":\"https:\/\/www.cgtaragonlarioja.org\/fedens\/#organization\",\"name\":\"CGT Arag\u00f3n y La Rioja - Ense\u00f1anza\",\"url\":\"https:\/\/www.cgtaragonlarioja.org\/fedens\/\",\"logo\":{\"@type\":\"ImageObject\",\"inLanguage\":\"es\",\"@id\":\"https:\/\/www.cgtaragonlarioja.org\/fedens\/#\/schema\/logo\/image\/\",\"url\":\"https:\/\/www.cgtaragonlarioja.org\/fedens\/files\/2021\/02\/logo_cgt_ense_huesca_170x250.png\",\"contentUrl\":\"https:\/\/www.cgtaragonlarioja.org\/fedens\/files\/2021\/02\/logo_cgt_ense_huesca_170x250.png\",\"width\":170,\"height\":250,\"caption\":\"CGT Arag\u00f3n y La Rioja - Ense\u00f1anza\"},\"image\":{\"@id\":\"https:\/\/www.cgtaragonlarioja.org\/fedens\/#\/schema\/logo\/image\/\"},\"sameAs\":[\"https:\/\/www.facebook.com\/CGTEnseAragon\/\",\"https:\/\/x.com\/CGTeduAragon\"]},{\"@type\":\"Person\",\"@id\":\"https:\/\/www.cgtaragonlarioja.org\/fedens\/#\/schema\/person\/dfa7d1616615d62a6d79c9593aa09fc3\",\"name\":\"kike\",\"image\":{\"@type\":\"ImageObject\",\"inLanguage\":\"es\",\"@id\":\"https:\/\/www.cgtaragonlarioja.org\/fedens\/#\/schema\/person\/image\/\",\"url\":\"https:\/\/secure.gravatar.com\/avatar\/f1c0788a733c3717c5f8c071e064a9c188df22c90b22388027f4ed27abaa4f3b?s=96&d=mm&r=g\",\"contentUrl\":\"https:\/\/secure.gravatar.com\/avatar\/f1c0788a733c3717c5f8c071e064a9c188df22c90b22388027f4ed27abaa4f3b?s=96&d=mm&r=g\",\"caption\":\"kike\"},\"url\":\"https:\/\/www.cgtaragonlarioja.org\/fedens\/author\/kike\/\"}]}<\/script>\n<!-- \/ Yoast SEO plugin. -->","yoast_head_json":{"title":"Orientaciones para las oposiciones.","description":"Se acerca la fecha del inicio de las pruebas del sistema de acceso al cuerpo de Maestros. En la Mesa Sectorial del pasado viernes 3 de junio nos","robots":{"index":"index","follow":"follow","max-snippet":"max-snippet:-1","max-image-preview":"max-image-preview:large","max-video-preview":"max-video-preview:-1"},"canonical":"https:\/\/www.cgtaragonlarioja.org\/fedens\/orientaciones-para-las-oposiciones\/","og_locale":"es_ES","og_type":"article","og_title":"Orientaciones para las oposiciones.","og_description":"Se acerca la fecha del inicio de las pruebas del sistema de acceso al cuerpo de Maestros. En la Mesa Sectorial del pasado viernes 3 de junio nos","og_url":"https:\/\/www.cgtaragonlarioja.org\/fedens\/orientaciones-para-las-oposiciones\/","og_site_name":"CGT Arag\u00f3n - La Rioja. ENSE\u00d1ANZA","article_publisher":"https:\/\/www.facebook.com\/CGTEnseAragon\/","article_published_time":"2022-06-06T11:25:27+00:00","article_modified_time":"2022-06-06T11:25:28+00:00","og_image":[{"width":1280,"height":1280,"url":"https:\/\/www.cgtaragonlarioja.org\/fedens\/files\/2022\/05\/opos.jpg","type":"image\/jpeg"}],"author":"kike","twitter_card":"summary_large_image","twitter_creator":"@CGTeduAragon","twitter_site":"@CGTeduAragon","twitter_misc":{"Escrito por":"kike","Tiempo de lectura":"1 minuto"},"schema":{"@context":"https:\/\/schema.org","@graph":[{"@type":"Article","@id":"https:\/\/www.cgtaragonlarioja.org\/fedens\/orientaciones-para-las-oposiciones\/#article","isPartOf":{"@id":"https:\/\/www.cgtaragonlarioja.org\/fedens\/orientaciones-para-las-oposiciones\/"},"author":{"name":"kike","@id":"https:\/\/www.cgtaragonlarioja.org\/fedens\/#\/schema\/person\/dfa7d1616615d62a6d79c9593aa09fc3"},"headline":"Orientaciones para las oposiciones.","datePublished":"2022-06-06T11:25:27+00:00","dateModified":"2022-06-06T11:25:28+00:00","mainEntityOfPage":{"@id":"https:\/\/www.cgtaragonlarioja.org\/fedens\/orientaciones-para-las-oposiciones\/"},"wordCount":150,"commentCount":0,"publisher":{"@id":"https:\/\/www.cgtaragonlarioja.org\/fedens\/#organization"},"articleSection":["Interinas","Noticias"],"inLanguage":"es","potentialAction":[{"@type":"CommentAction","name":"Comment","target":["https:\/\/www.cgtaragonlarioja.org\/fedens\/orientaciones-para-las-oposiciones\/#respond"]}]},{"@type":"WebPage","@id":"https:\/\/www.cgtaragonlarioja.org\/fedens\/orientaciones-para-las-oposiciones\/","url":"https:\/\/www.cgtaragonlarioja.org\/fedens\/orientaciones-para-las-oposiciones\/","name":"Orientaciones para las oposiciones.","isPartOf":{"@id":"https:\/\/www.cgtaragonlarioja.org\/fedens\/#website"},"datePublished":"2022-06-06T11:25:27+00:00","dateModified":"2022-06-06T11:25:28+00:00","description":"Se acerca la fecha del inicio de las pruebas del sistema de acceso al cuerpo de Maestros. En la Mesa Sectorial del pasado viernes 3 de junio nos","breadcrumb":{"@id":"https:\/\/www.cgtaragonlarioja.org\/fedens\/orientaciones-para-las-oposiciones\/#breadcrumb"},"inLanguage":"es","potentialAction":[{"@type":"ReadAction","target":["https:\/\/www.cgtaragonlarioja.org\/fedens\/orientaciones-para-las-oposiciones\/"]}]},{"@type":"BreadcrumbList","@id":"https:\/\/www.cgtaragonlarioja.org\/fedens\/orientaciones-para-las-oposiciones\/#breadcrumb","itemListElement":[{"@type":"ListItem","position":1,"name":"Portada","item":"https:\/\/www.cgtaragonlarioja.org\/fedens\/"},{"@type":"ListItem","position":2,"name":"Orientaciones para las oposiciones."}]},{"@type":"WebSite","@id":"https:\/\/www.cgtaragonlarioja.org\/fedens\/#website","url":"https:\/\/www.cgtaragonlarioja.org\/fedens\/","name":"CGT Arag\u00f3n - La Rioja. ENSE\u00d1ANZA","description":"CONTACTAR: Calatayud-Aranda: 654897973 \/ Huesca: 974238404 \/ Teruel: 978619265 \/ Zaragoza: 976922002","publisher":{"@id":"https:\/\/www.cgtaragonlarioja.org\/fedens\/#organization"},"potentialAction":[{"@type":"SearchAction","target":{"@type":"EntryPoint","urlTemplate":"https:\/\/www.cgtaragonlarioja.org\/fedens\/?s={search_term_string}"},"query-input":{"@type":"PropertyValueSpecification","valueRequired":true,"valueName":"search_term_string"}}],"inLanguage":"es"},{"@type":"Organization","@id":"https:\/\/www.cgtaragonlarioja.org\/fedens\/#organization","name":"CGT Arag\u00f3n y La Rioja - Ense\u00f1anza","url":"https:\/\/www.cgtaragonlarioja.org\/fedens\/","logo":{"@type":"ImageObject","inLanguage":"es","@id":"https:\/\/www.cgtaragonlarioja.org\/fedens\/#\/schema\/logo\/image\/","url":"https:\/\/www.cgtaragonlarioja.org\/fedens\/files\/2021\/02\/logo_cgt_ense_huesca_170x250.png","contentUrl":"https:\/\/www.cgtaragonlarioja.org\/fedens\/files\/2021\/02\/logo_cgt_ense_huesca_170x250.png","width":170,"height":250,"caption":"CGT Arag\u00f3n y La Rioja - Ense\u00f1anza"},"image":{"@id":"https:\/\/www.cgtaragonlarioja.org\/fedens\/#\/schema\/logo\/image\/"},"sameAs":["https:\/\/www.facebook.com\/CGTEnseAragon\/","https:\/\/x.com\/CGTeduAragon"]},{"@type":"Person","@id":"https:\/\/www.cgtaragonlarioja.org\/fedens\/#\/schema\/person\/dfa7d1616615d62a6d79c9593aa09fc3","name":"kike","image":{"@type":"ImageObject","inLanguage":"es","@id":"https:\/\/www.cgtaragonlarioja.org\/fedens\/#\/schema\/person\/image\/","url":"https:\/\/secure.gravatar.com\/avatar\/f1c0788a733c3717c5f8c071e064a9c188df22c90b22388027f4ed27abaa4f3b?s=96&d=mm&r=g","contentUrl":"https:\/\/secure.gravatar.com\/avatar\/f1c0788a733c3717c5f8c071e064a9c188df22c90b22388027f4ed27abaa4f3b?s=96&d=mm&r=g","caption":"kike"},"url":"https:\/\/www.cgtaragonlarioja.org\/fedens\/author\/kike\/"}]}},"_links":{"self":[{"href":"https:\/\/www.cgtaragonlarioja.org\/fedens\/wp-json\/wp\/v2\/posts\/14835","targetHints":{"allow":["GET"]}}],"collection":[{"href":"https:\/\/www.cgtaragonlarioja.org\/fedens\/wp-json\/wp\/v2\/posts"}],"about":[{"href":"https:\/\/www.cgtaragonlarioja.org\/fedens\/wp-json\/wp\/v2\/types\/post"}],"author":[{"embeddable":true,"href":"https:\/\/www.cgtaragonlarioja.org\/fedens\/wp-json\/wp\/v2\/users\/486"}],"replies":[{"embeddable":true,"href":"https:\/\/www.cgtaragonlarioja.org\/fedens\/wp-json\/wp\/v2\/comments?post=14835"}],"version-history":[{"count":2,"href":"https:\/\/www.cgtaragonlarioja.org\/fedens\/wp-json\/wp\/v2\/posts\/14835\/revisions"}],"predecessor-version":[{"id":14838,"href":"https:\/\/www.cgtaragonlarioja.org\/fedens\/wp-json\/wp\/v2\/posts\/14835\/revisions\/14838"}],"wp:attachment":[{"href":"https:\/\/www.cgtaragonlarioja.org\/fedens\/wp-json\/wp\/v2\/media?parent=14835"}],"wp:term":[{"taxonomy":"category","embeddable":true,"href":"https:\/\/www.cgtaragonlarioja.org\/fedens\/wp-json\/wp\/v2\/categories?post=14835"},{"taxonomy":"post_tag","embeddable":true,"href":"https:\/\/www.cgtaragonlarioja.org\/fedens\/wp-json\/wp\/v2\/tags?post=14835"}],"curies":[{"name":"wp","href":"https:\/\/api.w.org\/{rel}","templated":true}]}}