{"id":14701,"date":"2022-05-11T17:00:30","date_gmt":"2022-05-11T15:00:30","guid":{"rendered":"https:\/\/www.cgtaragonlarioja.org\/fedens\/?p=14701"},"modified":"2022-05-27T11:17:12","modified_gmt":"2022-05-27T09:17:12","slug":"amplicacion-listas-fp-y-rree","status":"publish","type":"post","link":"https:\/\/www.cgtaragonlarioja.org\/fedens\/amplicacion-listas-fp-y-rree\/","title":{"rendered":"Amplicaci\u00f3n listas FP y RREE"},"content":{"rendered":"<p>Se han abierto listas de varias especialidades de RREE y FP.<\/p>\n<p>-Fotograf\u00eda: desde las 00:00 horas del jueves 26 de mayo hasta las 14 horas del lunes 6 de junio de 2022. Prueba 7 de junio en Huesca: Pulsa <a href=\"https:\/\/educa.aragon.es\/-\/secundaria-ampliacion-listas-fotograf%C3%ADa-papd\">aqu\u00ed<\/a>.<\/p>\n<p>-Medios audiovisuales; desde las 00:00 horas del jueves 26 de mayo hasta las 14 horas del martes 7 de junio de 2022.. Prueba 8 de junio en Huesca. Pulsa <a href=\"https:\/\/educa.aragon.es\/-\/secundaria-ampliacion-listas-medios-audiovisuales-papd\">aqu\u00ed<\/a>.<\/p>\n<p>CERRADAS:<\/p>\n<p>-Historia de la M\u00fasica; plazo desde las 00:00 horas del jueves 12 de mayo hasta las 14 horas del lunes 16 de mayo de 2022. Prueba el d\u00eda 17 a las 9:00. Pulsa <a href=\"https:\/\/educa.aragon.es\/-\/secundaria-ampliacion-listas-historia-musica-pmae\">aqu\u00ed<\/a>.<\/p>\n<p>-Mantenimiento de veh\u00edculos; desde las 00:00 horas del jueves 12 de mayo hasta las 14 horas del mi\u00e9rcoles 25 de mayo de 2022. Prueba el d\u00eda 26 de mayo. Pulsa <a href=\"https:\/\/educa.aragon.es\/-\/secundaria-ampliacion-listas-mantenimiento-de-vehiculos-ptfp\">aqu\u00ed<\/a>.<\/p>\n<p>-Dise\u00f1o de Moda; desde las 00:00 horas del mi\u00e9rcoles 11 de mayo hasta las 14 horas del jueves 19 de mayo de 2022. Prueba el d\u00eda 20 de mayo. Pulsa <a href=\"https:\/\/educa.aragon.es\/documents\/20126\/0\/Anexo+II+Prueba+0595+510.pdf\/65afcb66-76f1-26fb-5ef8-5add7eaa37a4?t=1652168114111\">aqu\u00ed<\/a>.<\/p>\n<p>-Materiales y tecnolog\u00eda; Dise\u00f1o. Desde las 00:00 horas del martes 10 de mayo hasta las 14 horas del jueves 19 de mayo de 2022. Prueba el 20 de mayo. Pulsa <a href=\"https:\/\/educa.aragon.es\/-\/secundaria-ampliacion-listas-materiales-tecnologia-dise%C3%B1o\">aqu\u00ed<\/a>.<\/p>\n<p>-Instalaciones electrot\u00e9cnicas, desde las 00:00 horas del jueves 5 de mayo hasta las 14 horas del martes 24 de mayo de 2022. Prueba el 25 de mayo. Pulsa <a href=\"https:\/\/educa.aragon.es\/-\/secundaria-ampliacion-listas-instalaciones-electrotecnicas\">aqu\u00ed<\/a>.<\/p>\n<p>-Organizaci\u00f3n industrial y legislaci\u00f3n, desde las 00:00 horas del jueves 12 de mayo hasta las 14 horas del mi\u00e9rcoles 25 de mayo de 2022. Prueba el 26 de mayo. Pulsa <a href=\"https:\/\/educa.aragon.es\/-\/secundaria-ampliacion-listas-organizacion-industrial-legislacion-papd\">aqu\u00ed<\/a>.<\/p>\n<p>&nbsp;<\/p>\n<p>&nbsp;<\/p>\n","protected":false},"excerpt":{"rendered":"<p>Se han abierto listas de varias especialidades de RREE y FP. -Fotograf\u00eda: desde las 00:00<\/p>\n","protected":false},"author":486,"featured_media":0,"comment_status":"open","ping_status":"open","sticky":false,"template":"","format":"standard","meta":{"footnotes":""},"categories":[568,480],"tags":[],"class_list":["post-14701","post","type-post","status-publish","format-standard","hentry","category-interinas","category-noticias"],"yoast_head":"<!-- This site is optimized with the Yoast SEO plugin v26.7 - https:\/\/yoast.com\/wordpress\/plugins\/seo\/ -->\n<title>Amplicaci\u00f3n listas FP y RREE<\/title>\n<meta name=\"description\" content=\"Se han abierto listas de varias especialidades de RREE y FP. -Fotograf\u00eda: desde las 00:00 horas del jueves 26 de mayo hasta las 14 horas del lunes 6 de\" \/>\n<meta name=\"robots\" content=\"index, follow, max-snippet:-1, max-image-preview:large, max-video-preview:-1\" \/>\n<link rel=\"canonical\" href=\"https:\/\/www.cgtaragonlarioja.org\/fedens\/amplicacion-listas-fp-y-rree\/\" \/>\n<meta property=\"og:locale\" content=\"es_ES\" \/>\n<meta property=\"og:type\" content=\"article\" \/>\n<meta property=\"og:title\" content=\"Amplicaci\u00f3n listas FP y RREE\" \/>\n<meta property=\"og:description\" content=\"Se han abierto listas de varias especialidades de RREE y FP. -Fotograf\u00eda: desde las 00:00 horas del jueves 26 de mayo hasta las 14 horas del lunes 6 de\" \/>\n<meta property=\"og:url\" content=\"https:\/\/www.cgtaragonlarioja.org\/fedens\/amplicacion-listas-fp-y-rree\/\" \/>\n<meta property=\"og:site_name\" content=\"CGT Arag\u00f3n - La Rioja. ENSE\u00d1ANZA\" \/>\n<meta property=\"article:publisher\" content=\"https:\/\/www.facebook.com\/CGTEnseAragon\/\" \/>\n<meta property=\"article:published_time\" content=\"2022-05-11T15:00:30+00:00\" \/>\n<meta property=\"article:modified_time\" content=\"2022-05-27T09:17:12+00:00\" \/>\n<meta property=\"og:image\" content=\"https:\/\/www.cgtaragonlarioja.org\/fedens\/files\/2020\/06\/AMPLIACION_DE_LISTAS_2_-4.jpg\" \/>\n\t<meta property=\"og:image:width\" content=\"940\" \/>\n\t<meta property=\"og:image:height\" content=\"788\" \/>\n\t<meta property=\"og:image:type\" content=\"image\/jpeg\" \/>\n<meta name=\"author\" content=\"kike\" \/>\n<meta name=\"twitter:card\" content=\"summary_large_image\" \/>\n<meta name=\"twitter:creator\" content=\"@CGTeduAragon\" \/>\n<meta name=\"twitter:site\" content=\"@CGTeduAragon\" \/>\n<meta name=\"twitter:label1\" content=\"Escrito por\" \/>\n\t<meta name=\"twitter:data1\" content=\"kike\" \/>\n\t<meta name=\"twitter:label2\" content=\"Tiempo de lectura\" \/>\n\t<meta name=\"twitter:data2\" content=\"2 minutos\" \/>\n<script type=\"application\/ld+json\" class=\"yoast-schema-graph\">{\"@context\":\"https:\/\/schema.org\",\"@graph\":[{\"@type\":\"Article\",\"@id\":\"https:\/\/www.cgtaragonlarioja.org\/fedens\/amplicacion-listas-fp-y-rree\/#article\",\"isPartOf\":{\"@id\":\"https:\/\/www.cgtaragonlarioja.org\/fedens\/amplicacion-listas-fp-y-rree\/\"},\"author\":{\"name\":\"kike\",\"@id\":\"https:\/\/www.cgtaragonlarioja.org\/fedens\/#\/schema\/person\/dfa7d1616615d62a6d79c9593aa09fc3\"},\"headline\":\"Amplicaci\u00f3n listas FP y RREE\",\"datePublished\":\"2022-05-11T15:00:30+00:00\",\"dateModified\":\"2022-05-27T09:17:12+00:00\",\"mainEntityOfPage\":{\"@id\":\"https:\/\/www.cgtaragonlarioja.org\/fedens\/amplicacion-listas-fp-y-rree\/\"},\"wordCount\":232,\"commentCount\":0,\"publisher\":{\"@id\":\"https:\/\/www.cgtaragonlarioja.org\/fedens\/#organization\"},\"articleSection\":[\"Interinas\",\"Noticias\"],\"inLanguage\":\"es\",\"potentialAction\":[{\"@type\":\"CommentAction\",\"name\":\"Comment\",\"target\":[\"https:\/\/www.cgtaragonlarioja.org\/fedens\/amplicacion-listas-fp-y-rree\/#respond\"]}]},{\"@type\":\"WebPage\",\"@id\":\"https:\/\/www.cgtaragonlarioja.org\/fedens\/amplicacion-listas-fp-y-rree\/\",\"url\":\"https:\/\/www.cgtaragonlarioja.org\/fedens\/amplicacion-listas-fp-y-rree\/\",\"name\":\"Amplicaci\u00f3n listas FP y RREE\",\"isPartOf\":{\"@id\":\"https:\/\/www.cgtaragonlarioja.org\/fedens\/#website\"},\"datePublished\":\"2022-05-11T15:00:30+00:00\",\"dateModified\":\"2022-05-27T09:17:12+00:00\",\"description\":\"Se han abierto listas de varias especialidades de RREE y FP. -Fotograf\u00eda: desde las 00:00 horas del jueves 26 de mayo hasta las 14 horas del lunes 6 de\",\"breadcrumb\":{\"@id\":\"https:\/\/www.cgtaragonlarioja.org\/fedens\/amplicacion-listas-fp-y-rree\/#breadcrumb\"},\"inLanguage\":\"es\",\"potentialAction\":[{\"@type\":\"ReadAction\",\"target\":[\"https:\/\/www.cgtaragonlarioja.org\/fedens\/amplicacion-listas-fp-y-rree\/\"]}]},{\"@type\":\"BreadcrumbList\",\"@id\":\"https:\/\/www.cgtaragonlarioja.org\/fedens\/amplicacion-listas-fp-y-rree\/#breadcrumb\",\"itemListElement\":[{\"@type\":\"ListItem\",\"position\":1,\"name\":\"Portada\",\"item\":\"https:\/\/www.cgtaragonlarioja.org\/fedens\/\"},{\"@type\":\"ListItem\",\"position\":2,\"name\":\"Amplicaci\u00f3n listas FP y RREE\"}]},{\"@type\":\"WebSite\",\"@id\":\"https:\/\/www.cgtaragonlarioja.org\/fedens\/#website\",\"url\":\"https:\/\/www.cgtaragonlarioja.org\/fedens\/\",\"name\":\"CGT Arag\u00f3n - La Rioja. ENSE\u00d1ANZA\",\"description\":\"CONTACTAR: Calatayud-Aranda: 654897973 \/ Huesca: 974238404 \/ Teruel: 978619265 \/ Zaragoza: 976922002\",\"publisher\":{\"@id\":\"https:\/\/www.cgtaragonlarioja.org\/fedens\/#organization\"},\"potentialAction\":[{\"@type\":\"SearchAction\",\"target\":{\"@type\":\"EntryPoint\",\"urlTemplate\":\"https:\/\/www.cgtaragonlarioja.org\/fedens\/?s={search_term_string}\"},\"query-input\":{\"@type\":\"PropertyValueSpecification\",\"valueRequired\":true,\"valueName\":\"search_term_string\"}}],\"inLanguage\":\"es\"},{\"@type\":\"Organization\",\"@id\":\"https:\/\/www.cgtaragonlarioja.org\/fedens\/#organization\",\"name\":\"CGT Arag\u00f3n y La Rioja - Ense\u00f1anza\",\"url\":\"https:\/\/www.cgtaragonlarioja.org\/fedens\/\",\"logo\":{\"@type\":\"ImageObject\",\"inLanguage\":\"es\",\"@id\":\"https:\/\/www.cgtaragonlarioja.org\/fedens\/#\/schema\/logo\/image\/\",\"url\":\"https:\/\/www.cgtaragonlarioja.org\/fedens\/files\/2021\/02\/logo_cgt_ense_huesca_170x250.png\",\"contentUrl\":\"https:\/\/www.cgtaragonlarioja.org\/fedens\/files\/2021\/02\/logo_cgt_ense_huesca_170x250.png\",\"width\":170,\"height\":250,\"caption\":\"CGT Arag\u00f3n y La Rioja - Ense\u00f1anza\"},\"image\":{\"@id\":\"https:\/\/www.cgtaragonlarioja.org\/fedens\/#\/schema\/logo\/image\/\"},\"sameAs\":[\"https:\/\/www.facebook.com\/CGTEnseAragon\/\",\"https:\/\/x.com\/CGTeduAragon\"]},{\"@type\":\"Person\",\"@id\":\"https:\/\/www.cgtaragonlarioja.org\/fedens\/#\/schema\/person\/dfa7d1616615d62a6d79c9593aa09fc3\",\"name\":\"kike\",\"image\":{\"@type\":\"ImageObject\",\"inLanguage\":\"es\",\"@id\":\"https:\/\/www.cgtaragonlarioja.org\/fedens\/#\/schema\/person\/image\/\",\"url\":\"https:\/\/secure.gravatar.com\/avatar\/f1c0788a733c3717c5f8c071e064a9c188df22c90b22388027f4ed27abaa4f3b?s=96&d=mm&r=g\",\"contentUrl\":\"https:\/\/secure.gravatar.com\/avatar\/f1c0788a733c3717c5f8c071e064a9c188df22c90b22388027f4ed27abaa4f3b?s=96&d=mm&r=g\",\"caption\":\"kike\"},\"url\":\"https:\/\/www.cgtaragonlarioja.org\/fedens\/author\/kike\/\"}]}<\/script>\n<!-- \/ Yoast SEO plugin. -->","yoast_head_json":{"title":"Amplicaci\u00f3n listas FP y RREE","description":"Se han abierto listas de varias especialidades de RREE y FP. -Fotograf\u00eda: desde las 00:00 horas del jueves 26 de mayo hasta las 14 horas del lunes 6 de","robots":{"index":"index","follow":"follow","max-snippet":"max-snippet:-1","max-image-preview":"max-image-preview:large","max-video-preview":"max-video-preview:-1"},"canonical":"https:\/\/www.cgtaragonlarioja.org\/fedens\/amplicacion-listas-fp-y-rree\/","og_locale":"es_ES","og_type":"article","og_title":"Amplicaci\u00f3n listas FP y RREE","og_description":"Se han abierto listas de varias especialidades de RREE y FP. -Fotograf\u00eda: desde las 00:00 horas del jueves 26 de mayo hasta las 14 horas del lunes 6 de","og_url":"https:\/\/www.cgtaragonlarioja.org\/fedens\/amplicacion-listas-fp-y-rree\/","og_site_name":"CGT Arag\u00f3n - La Rioja. ENSE\u00d1ANZA","article_publisher":"https:\/\/www.facebook.com\/CGTEnseAragon\/","article_published_time":"2022-05-11T15:00:30+00:00","article_modified_time":"2022-05-27T09:17:12+00:00","og_image":[{"width":940,"height":788,"url":"https:\/\/www.cgtaragonlarioja.org\/fedens\/files\/2020\/06\/AMPLIACION_DE_LISTAS_2_-4.jpg","type":"image\/jpeg"}],"author":"kike","twitter_card":"summary_large_image","twitter_creator":"@CGTeduAragon","twitter_site":"@CGTeduAragon","twitter_misc":{"Escrito por":"kike","Tiempo de lectura":"2 minutos"},"schema":{"@context":"https:\/\/schema.org","@graph":[{"@type":"Article","@id":"https:\/\/www.cgtaragonlarioja.org\/fedens\/amplicacion-listas-fp-y-rree\/#article","isPartOf":{"@id":"https:\/\/www.cgtaragonlarioja.org\/fedens\/amplicacion-listas-fp-y-rree\/"},"author":{"name":"kike","@id":"https:\/\/www.cgtaragonlarioja.org\/fedens\/#\/schema\/person\/dfa7d1616615d62a6d79c9593aa09fc3"},"headline":"Amplicaci\u00f3n listas FP y RREE","datePublished":"2022-05-11T15:00:30+00:00","dateModified":"2022-05-27T09:17:12+00:00","mainEntityOfPage":{"@id":"https:\/\/www.cgtaragonlarioja.org\/fedens\/amplicacion-listas-fp-y-rree\/"},"wordCount":232,"commentCount":0,"publisher":{"@id":"https:\/\/www.cgtaragonlarioja.org\/fedens\/#organization"},"articleSection":["Interinas","Noticias"],"inLanguage":"es","potentialAction":[{"@type":"CommentAction","name":"Comment","target":["https:\/\/www.cgtaragonlarioja.org\/fedens\/amplicacion-listas-fp-y-rree\/#respond"]}]},{"@type":"WebPage","@id":"https:\/\/www.cgtaragonlarioja.org\/fedens\/amplicacion-listas-fp-y-rree\/","url":"https:\/\/www.cgtaragonlarioja.org\/fedens\/amplicacion-listas-fp-y-rree\/","name":"Amplicaci\u00f3n listas FP y RREE","isPartOf":{"@id":"https:\/\/www.cgtaragonlarioja.org\/fedens\/#website"},"datePublished":"2022-05-11T15:00:30+00:00","dateModified":"2022-05-27T09:17:12+00:00","description":"Se han abierto listas de varias especialidades de RREE y FP. -Fotograf\u00eda: desde las 00:00 horas del jueves 26 de mayo hasta las 14 horas del lunes 6 de","breadcrumb":{"@id":"https:\/\/www.cgtaragonlarioja.org\/fedens\/amplicacion-listas-fp-y-rree\/#breadcrumb"},"inLanguage":"es","potentialAction":[{"@type":"ReadAction","target":["https:\/\/www.cgtaragonlarioja.org\/fedens\/amplicacion-listas-fp-y-rree\/"]}]},{"@type":"BreadcrumbList","@id":"https:\/\/www.cgtaragonlarioja.org\/fedens\/amplicacion-listas-fp-y-rree\/#breadcrumb","itemListElement":[{"@type":"ListItem","position":1,"name":"Portada","item":"https:\/\/www.cgtaragonlarioja.org\/fedens\/"},{"@type":"ListItem","position":2,"name":"Amplicaci\u00f3n listas FP y RREE"}]},{"@type":"WebSite","@id":"https:\/\/www.cgtaragonlarioja.org\/fedens\/#website","url":"https:\/\/www.cgtaragonlarioja.org\/fedens\/","name":"CGT Arag\u00f3n - La Rioja. ENSE\u00d1ANZA","description":"CONTACTAR: Calatayud-Aranda: 654897973 \/ Huesca: 974238404 \/ Teruel: 978619265 \/ Zaragoza: 976922002","publisher":{"@id":"https:\/\/www.cgtaragonlarioja.org\/fedens\/#organization"},"potentialAction":[{"@type":"SearchAction","target":{"@type":"EntryPoint","urlTemplate":"https:\/\/www.cgtaragonlarioja.org\/fedens\/?s={search_term_string}"},"query-input":{"@type":"PropertyValueSpecification","valueRequired":true,"valueName":"search_term_string"}}],"inLanguage":"es"},{"@type":"Organization","@id":"https:\/\/www.cgtaragonlarioja.org\/fedens\/#organization","name":"CGT Arag\u00f3n y La Rioja - Ense\u00f1anza","url":"https:\/\/www.cgtaragonlarioja.org\/fedens\/","logo":{"@type":"ImageObject","inLanguage":"es","@id":"https:\/\/www.cgtaragonlarioja.org\/fedens\/#\/schema\/logo\/image\/","url":"https:\/\/www.cgtaragonlarioja.org\/fedens\/files\/2021\/02\/logo_cgt_ense_huesca_170x250.png","contentUrl":"https:\/\/www.cgtaragonlarioja.org\/fedens\/files\/2021\/02\/logo_cgt_ense_huesca_170x250.png","width":170,"height":250,"caption":"CGT Arag\u00f3n y La Rioja - Ense\u00f1anza"},"image":{"@id":"https:\/\/www.cgtaragonlarioja.org\/fedens\/#\/schema\/logo\/image\/"},"sameAs":["https:\/\/www.facebook.com\/CGTEnseAragon\/","https:\/\/x.com\/CGTeduAragon"]},{"@type":"Person","@id":"https:\/\/www.cgtaragonlarioja.org\/fedens\/#\/schema\/person\/dfa7d1616615d62a6d79c9593aa09fc3","name":"kike","image":{"@type":"ImageObject","inLanguage":"es","@id":"https:\/\/www.cgtaragonlarioja.org\/fedens\/#\/schema\/person\/image\/","url":"https:\/\/secure.gravatar.com\/avatar\/f1c0788a733c3717c5f8c071e064a9c188df22c90b22388027f4ed27abaa4f3b?s=96&d=mm&r=g","contentUrl":"https:\/\/secure.gravatar.com\/avatar\/f1c0788a733c3717c5f8c071e064a9c188df22c90b22388027f4ed27abaa4f3b?s=96&d=mm&r=g","caption":"kike"},"url":"https:\/\/www.cgtaragonlarioja.org\/fedens\/author\/kike\/"}]}},"_links":{"self":[{"href":"https:\/\/www.cgtaragonlarioja.org\/fedens\/wp-json\/wp\/v2\/posts\/14701","targetHints":{"allow":["GET"]}}],"collection":[{"href":"https:\/\/www.cgtaragonlarioja.org\/fedens\/wp-json\/wp\/v2\/posts"}],"about":[{"href":"https:\/\/www.cgtaragonlarioja.org\/fedens\/wp-json\/wp\/v2\/types\/post"}],"author":[{"embeddable":true,"href":"https:\/\/www.cgtaragonlarioja.org\/fedens\/wp-json\/wp\/v2\/users\/486"}],"replies":[{"embeddable":true,"href":"https:\/\/www.cgtaragonlarioja.org\/fedens\/wp-json\/wp\/v2\/comments?post=14701"}],"version-history":[{"count":6,"href":"https:\/\/www.cgtaragonlarioja.org\/fedens\/wp-json\/wp\/v2\/posts\/14701\/revisions"}],"predecessor-version":[{"id":14745,"href":"https:\/\/www.cgtaragonlarioja.org\/fedens\/wp-json\/wp\/v2\/posts\/14701\/revisions\/14745"}],"wp:attachment":[{"href":"https:\/\/www.cgtaragonlarioja.org\/fedens\/wp-json\/wp\/v2\/media?parent=14701"}],"wp:term":[{"taxonomy":"category","embeddable":true,"href":"https:\/\/www.cgtaragonlarioja.org\/fedens\/wp-json\/wp\/v2\/categories?post=14701"},{"taxonomy":"post_tag","embeddable":true,"href":"https:\/\/www.cgtaragonlarioja.org\/fedens\/wp-json\/wp\/v2\/tags?post=14701"}],"curies":[{"name":"wp","href":"https:\/\/api.w.org\/{rel}","templated":true}]}}