{"id":14622,"date":"2022-04-25T09:29:28","date_gmt":"2022-04-25T07:29:28","guid":{"rendered":"https:\/\/www.cgtaragonlarioja.org\/fedens\/?p=14622"},"modified":"2022-04-25T09:38:01","modified_gmt":"2022-04-25T07:38:01","slug":"publicados-tribunales-de-oposiciones-cuerpo-de-maestros","status":"publish","type":"post","link":"https:\/\/www.cgtaragonlarioja.org\/fedens\/publicados-tribunales-de-oposiciones-cuerpo-de-maestros\/","title":{"rendered":"Publicados Tribunales de Oposiciones Cuerpo de Maestros"},"content":{"rendered":"<p><span id=\"page1030R_mcid6\" class=\"markedContent\"><span dir=\"ltr\" role=\"presentation\">RESOLUCI\u00d3N de 13 de abril de 2022, de la Directora General de Personal, por la que se <\/span><\/span><span id=\"page1030R_mcid7\" class=\"markedContent\"><span dir=\"ltr\" role=\"presentation\">determina la composici\u00f3n de los Tribunales correspondientes al procedimiento selec<\/span><\/span><span id=\"page1030R_mcid8\" class=\"markedContent\"><span dir=\"ltr\" role=\"presentation\">&#8211;<\/span><\/span><span id=\"page1030R_mcid9\" class=\"markedContent\"><span dir=\"ltr\" role=\"presentation\">tivo de ingreso y acceso al Cuerpo de Maestros.<\/span><\/span><\/p>\n<p>Las personas nombradas Tribunal que sean causa de abstenci\u00f3n seg\u00fan el <span id=\"page1030R_mcid26\" class=\"markedContent\"><span dir=\"ltr\" role=\"presentation\">art\u00edculo 23 de la Ley 40\/2015, de 1 de octubre, de R\u00e9<\/span><\/span><span id=\"page1030R_mcid28\" class=\"markedContent\"><span dir=\"ltr\" role=\"presentation\">gimen Jur\u00eddico del Sector P\u00fablico<\/span><\/span> deber\u00e1n comunicarlo a la Direcci\u00f3n General de Personal.<\/p>\n<p><em><span id=\"page3R_mcid42\" class=\"markedContent\"><span dir=\"ltr\" role=\"presentation\"><span class=\"highlight begin selected appended\">Art\u00edculo<\/span><\/span><\/span><span id=\"page3R_mcid43\" class=\"markedContent\"><\/span><span id=\"page3R_mcid44\" class=\"markedContent\"> <span dir=\"ltr\" role=\"presentation\">23. Abstenci\u00f3n.<\/span><\/span><span id=\"page3R_mcid45\" class=\"markedContent\"><\/span><span id=\"page3R_mcid46\" class=\"markedContent\"><\/span><span id=\"page3R_mcid47\" class=\"markedContent\"><br role=\"presentation\" \/><span dir=\"ltr\" role=\"presentation\">1. Las autoridades y el personal al servicio de las Administraciones en quienes se <\/span><\/span><span id=\"page3R_mcid48\" class=\"markedContent\"><span dir=\"ltr\" role=\"presentation\">den algunas de las circunstancias se\u00f1aladas en el apartado siguiente se abstendr\u00e1n de <\/span><\/span><span id=\"page3R_mcid49\" class=\"markedContent\"><span dir=\"ltr\" role=\"presentation\">intervenir<\/span> <span dir=\"ltr\" role=\"presentation\">en<\/span> <span dir=\"ltr\" role=\"presentation\">el<\/span> <span dir=\"ltr\" role=\"presentation\">procedimiento<\/span> <span dir=\"ltr\" role=\"presentation\">y<\/span> <span dir=\"ltr\" role=\"presentation\">lo<\/span> <span dir=\"ltr\" role=\"presentation\">comunicar\u00e1n<\/span> <span class=\"\" dir=\"ltr\" role=\"presentation\">a<\/span> <span dir=\"ltr\" role=\"presentation\">su<\/span> <span dir=\"ltr\" role=\"presentation\">superior<\/span> <span dir=\"ltr\" role=\"presentation\">inmediato,<\/span> <span dir=\"ltr\" role=\"presentation\">quien <\/span><\/span><span id=\"page3R_mcid50\" class=\"markedContent\"><span dir=\"ltr\" role=\"presentation\">resolver<\/span><\/span><span id=\"page3R_mcid51\" class=\"markedContent\"><span dir=\"ltr\" role=\"presentation\">\u00e1 lo procedente.<\/span><\/span><span id=\"page3R_mcid52\" class=\"markedContent\"><\/span><span id=\"page3R_mcid53\" class=\"markedContent\"><\/span><span id=\"page3R_mcid54\" class=\"markedContent\"><br role=\"presentation\" \/><span dir=\"ltr\" role=\"presentation\">2. Son motivos de abstenci\u00f3n los siguientes:<\/span><\/span><span id=\"page3R_mcid55\" class=\"markedContent\"><\/span><span id=\"page3R_mcid56\" class=\"markedContent\"><\/span><span id=\"page3R_mcid57\" class=\"markedContent\"><br role=\"presentation\" \/><span class=\"\" dir=\"ltr\" role=\"presentation\">a) Tener inter\u00e9s personal en el asunto de que se trate o en otro en cuya resoluci\u00f3n <\/span><\/span><span id=\"page3R_mcid58\" class=\"markedContent\"><span dir=\"ltr\" role=\"presentation\">pudiera influir la de aqu\u00e9l; ser administrador de sociedad o entidad interesada, o tener<\/span><\/span><span id=\"page3R_mcid59\" class=\"markedContent\"><span dir=\"ltr\" role=\"presentation\"> cuesti\u00f3n litigiosa pe<\/span><\/span><span id=\"page3R_mcid60\" class=\"markedContent\"><span dir=\"ltr\" role=\"presentation\">ndiente con alg\u00fan interesado.<\/span><\/span><span id=\"page3R_mcid61\" class=\"markedContent\"><\/span><span id=\"page3R_mcid62\" class=\"markedContent\"><\/span><span id=\"page3R_mcid63\" class=\"markedContent\"><br role=\"presentation\" \/><span dir=\"ltr\" role=\"presentation\">b) Tener un v\u00ednculo matrimonial o situaci\u00f3n de hecho asimilable y el parentesco de <\/span><\/span><span id=\"page3R_mcid64\" class=\"markedContent\"><span dir=\"ltr\" role=\"presentation\">consanguinidad<\/span> <span dir=\"ltr\" role=\"presentation\">dentro<\/span> <span dir=\"ltr\" role=\"presentation\">del<\/span> <span dir=\"ltr\" role=\"presentation\">cuarto<\/span> <span dir=\"ltr\" role=\"presentation\">grado<\/span> <span dir=\"ltr\" role=\"presentation\">o<\/span> <span dir=\"ltr\" role=\"presentation\">de<\/span> <span dir=\"ltr\" role=\"presentation\">afinidad<\/span> <span dir=\"ltr\" role=\"presentation\">dentro<\/span> <span dir=\"ltr\" role=\"presentation\">del<\/span> <span dir=\"ltr\" role=\"presentation\">segundo,<\/span> <span dir=\"ltr\" role=\"presentation\">con <\/span><\/span><span id=\"page3R_mcid65\" class=\"markedContent\"><span dir=\"ltr\" role=\"presentation\">cualquiera<\/span> <span dir=\"ltr\" role=\"presentation\">de<\/span> <span dir=\"ltr\" role=\"presentation\">los<\/span> <span dir=\"ltr\" role=\"presentation\">interesados,<\/span> <span dir=\"ltr\" role=\"presentation\">con<\/span> <span dir=\"ltr\" role=\"presentation\">los<\/span> <span dir=\"ltr\" role=\"presentation\">administradores<\/span> <span dir=\"ltr\" role=\"presentation\">de<\/span> <span dir=\"ltr\" role=\"presentation\">entidade<\/span><\/span><span id=\"page3R_mcid66\" class=\"markedContent\"><span dir=\"ltr\" role=\"presentation\">s<\/span> <span dir=\"ltr\" role=\"presentation\">o<\/span> <span dir=\"ltr\" role=\"presentation\">sociedades <\/span><\/span><span id=\"page3R_mcid67\" class=\"markedContent\"><span dir=\"ltr\" role=\"presentation\">interesadas<\/span> <span dir=\"ltr\" role=\"presentation\">y<\/span> <span dir=\"ltr\" role=\"presentation\">tambi\u00e9n<\/span> <span dir=\"ltr\" role=\"presentation\">con<\/span> <span dir=\"ltr\" role=\"presentation\">los<\/span> <span dir=\"ltr\" role=\"presentation\">asesores,<\/span> <span dir=\"ltr\" role=\"presentation\">representantes<\/span> <span dir=\"ltr\" role=\"presentation\">legales<\/span> <span dir=\"ltr\" role=\"presentation\">o<\/span> <span dir=\"ltr\" role=\"presentation\">mandatarios<\/span> <span dir=\"ltr\" role=\"presentation\">que <\/span><\/span><span id=\"page3R_mcid68\" class=\"markedContent\"><span dir=\"ltr\" role=\"presentation\">intervengan<\/span> <span dir=\"ltr\" role=\"presentation\">en<\/span> <span dir=\"ltr\" role=\"presentation\">el<\/span> <span dir=\"ltr\" role=\"presentation\">procedimiento,<\/span> <span dir=\"ltr\" role=\"presentation\">as\u00ed<\/span> <span dir=\"ltr\" role=\"presentation\">como<\/span> <span dir=\"ltr\" role=\"presentation\">compartir<\/span> <span dir=\"ltr\" role=\"presentation\">despacho<\/span> <span dir=\"ltr\" role=\"presentation\">profesional<\/span> <span dir=\"ltr\" role=\"presentation\">o<\/span> <span dir=\"ltr\" role=\"presentation\">estar<\/span><\/span><span id=\"page3R_mcid69\" class=\"markedContent\"><span dir=\"ltr\" role=\"presentation\"> asociado con \u00e9stos para el asesoramiento, la representaci\u00f3n o el mandato.<\/span><\/span><span id=\"page3R_mcid70\" class=\"markedContent\"><\/span><span id=\"page3R_mcid71\" class=\"markedContent\"><\/span><span id=\"page3R_mcid72\" class=\"markedContent\"><br role=\"presentation\" \/><span dir=\"ltr\" role=\"presentation\">c)<\/span> <span dir=\"ltr\" role=\"presentation\">Te<\/span><\/span><span id=\"page3R_mcid73\" class=\"markedContent\"><span dir=\"ltr\" role=\"presentation\">ner<\/span> <span dir=\"ltr\" role=\"presentation\">amistad<\/span> <span dir=\"ltr\" role=\"presentation\">\u00edntima<\/span> <span dir=\"ltr\" role=\"presentation\">o<\/span> <span dir=\"ltr\" role=\"presentation\">enemistad<\/span> <span dir=\"ltr\" role=\"presentation\">manifiesta<\/span> <span dir=\"ltr\" role=\"presentation\">con<\/span> <span dir=\"ltr\" role=\"presentation\">alguna<\/span> <span dir=\"ltr\" role=\"presentation\">de<\/span> <span dir=\"ltr\" role=\"presentation\">las<\/span> <span dir=\"ltr\" role=\"presentation\">personas <\/span><\/span><span id=\"page3R_mcid74\" class=\"markedContent\"><span dir=\"ltr\" role=\"presentation\">mencionadas en el apartado anterior.<\/span><\/span><span id=\"page3R_mcid75\" class=\"markedContent\"><\/span><span id=\"page3R_mcid76\" class=\"markedContent\"><\/span><span id=\"page3R_mcid77\" class=\"markedContent\"><br role=\"presentation\" \/><span dir=\"ltr\" role=\"presentation\">d) Haber intervenido como perito o como testigo en el procedimiento de que se <\/span><\/span><span id=\"page3R_mcid78\" class=\"markedContent\"><span dir=\"ltr\" role=\"presentation\">trate.<\/span><\/span><span id=\"page3R_mcid79\" class=\"markedContent\"><\/span><span id=\"page3R_mcid80\" class=\"markedContent\"><\/span><span id=\"page3R_mcid81\" class=\"markedContent\"><br role=\"presentation\" \/><span dir=\"ltr\" role=\"presentation\">e) Tener relaci\u00f3n de servicio con persona natural o jur\u00eddica inte<\/span><\/span><span id=\"page3R_mcid82\" class=\"markedContent\"><span dir=\"ltr\" role=\"presentation\">resada directamente <\/span><\/span><span id=\"page3R_mcid83\" class=\"markedContent\"><span dir=\"ltr\" role=\"presentation\">en el asunto, o haberle prestado en los dos \u00faltimos a\u00f1os servicios profesionales de <\/span><\/span><span id=\"page3R_mcid84\" class=\"markedContent\"><span dir=\"ltr\" role=\"presentation\">cualquier tipo y en cualquier circunstancia o lugar.<br \/>\n<\/span><\/span><span id=\"page3R_mcid85\" class=\"markedContent\"><\/span><span id=\"page25R_mcid0\" class=\"markedContent\"><\/span><span id=\"page25R_mcid1\" class=\"markedContent\"><span dir=\"ltr\" role=\"presentation\">3. Los \u00f3rganos jer\u00e1rquicamente superiores a quien se encuentre en alguna de las<\/span><\/span><span id=\"page25R_mcid2\" class=\"markedContent\"><span dir=\"ltr\" role=\"presentation\"> circunstancias se\u00f1a<\/span><\/span><span id=\"page25R_mcid3\" class=\"markedContent\"><span dir=\"ltr\" role=\"presentation\">ladas en el punto anterior podr\u00e1n ordenarle que se abstengan de<\/span><\/span><span id=\"page25R_mcid4\" class=\"markedContent\"><span dir=\"ltr\" role=\"presentation\"> toda intervenci\u00f3n en el expediente.<\/span><\/span><span id=\"page25R_mcid5\" class=\"markedContent\"><\/span><span id=\"page25R_mcid6\" class=\"markedContent\"><\/span><span id=\"page25R_mcid7\" class=\"markedContent\"><br role=\"presentation\" \/><span dir=\"ltr\" role=\"presentation\">4.<\/span> <span dir=\"ltr\" role=\"presentation\">La<\/span> <span dir=\"ltr\" role=\"presentation\">actuaci\u00f3n<\/span> <span dir=\"ltr\" role=\"presentation\">de<\/span> <span dir=\"ltr\" role=\"presentation\">autoridades<\/span> <span dir=\"ltr\" role=\"presentation\">y<\/span> <span dir=\"ltr\" role=\"presentation\">personal<\/span> <span dir=\"ltr\" role=\"presentation\">al<\/span> <span dir=\"ltr\" role=\"presentation\">servicio<\/span> <span dir=\"ltr\" role=\"presentation\">de<\/span> <span dir=\"ltr\" role=\"presentation\">las<\/span> <span dir=\"ltr\" role=\"presentation\">Administraciones<\/span><\/span><span id=\"page25R_mcid8\" class=\"markedContent\"><span dir=\"ltr\" role=\"presentation\"> P\u00fablicas en los que concurran motivos de abstenci\u00f3n no implicar\u00e1, necesariamen<\/span><\/span><span id=\"page25R_mcid9\" class=\"markedContent\"><span dir=\"ltr\" role=\"presentation\">te, y en <\/span><\/span><span id=\"page25R_mcid10\" class=\"markedContent\"><span dir=\"ltr\" role=\"presentation\">todo caso, la invalidez de los actos en que hayan intervenido.<\/span><\/span><span id=\"page25R_mcid11\" class=\"markedContent\"><\/span><span id=\"page25R_mcid12\" class=\"markedContent\"><\/span><span id=\"page25R_mcid13\" class=\"markedContent\"><br role=\"presentation\" \/><span dir=\"ltr\" role=\"presentation\">5. La no abstenci\u00f3n en los casos en que concurra alguna de esas circunstancias dar\u00e1<\/span><\/span><span id=\"page25R_mcid14\" class=\"markedContent\"><span dir=\"ltr\" role=\"presentation\"> lugar a la responsabilidad que proceda<\/span><\/span><\/em><\/p>\n<p>&nbsp;<\/p>\n<p>Contra esta Resoluci\u00f3nde nombramiento de Tribunales cabe Recurso de Alzada ante <span id=\"page1030R_mcid57\" class=\"markedContent\"><span dir=\"ltr\" role=\"presentation\">el Consejero del De<\/span><\/span><span id=\"page1030R_mcid59\" class=\"markedContent\"><span dir=\"ltr\" role=\"presentation\">partamento de Educaci\u00f3n, Cultura y Deporte, en el plazo de un mes contado a partir del d\u00eda <\/span><\/span><span id=\"page1030R_mcid60\" class=\"markedContent\"><span dir=\"ltr\" role=\"presentation\">siguiente al de su publicaci\u00f3n. <span id=\"page1030R_mcid68\" class=\"markedContent\">\u00c9stos podr\u00e1n presentarse a trav\u00e9s del Servicio de Soporte a la Tramitaci\u00f3n <\/span><span id=\"page1030R_mcid69\" class=\"markedContent\">(<\/span><span id=\"page1030R_mcid70\" class=\"markedContent\">https:\/\/www.aragon.es\/tramites\/interponer-recursos-ante-la-administracion<\/span><span id=\"page1030R_mcid71\" class=\"markedContent\">) o en cualquiera <span id=\"page1R_mcid77\" class=\"markedContent\">de los otros Registros P\u00fablicos contemplados en el art\u00edculo 16.4.a) de la Ley 39\/2015, de 1 de <\/span><span id=\"page1R_mcid78\" class=\"markedContent\">octubre.<\/span><\/span><br \/>\n<\/span><\/span><\/p>\n<p><a href=\"https:\/\/www.cgtaragonlarioja.org\/fedens\/publicados-tribunales-de-oposiciones-cuerpo-de-maestros\/tribunales-2\/\" rel=\"attachment wp-att-14623\">tribunales<\/a><\/p>\n<p>&nbsp;<\/p>\n","protected":false},"excerpt":{"rendered":"<p>RESOLUCI\u00d3N de 13 de abril de 2022, de la Directora General de Personal, por la<\/p>\n","protected":false},"author":486,"featured_media":0,"comment_status":"open","ping_status":"open","sticky":false,"template":"","format":"standard","meta":{"footnotes":""},"categories":[568,480],"tags":[],"class_list":["post-14622","post","type-post","status-publish","format-standard","hentry","category-interinas","category-noticias"],"yoast_head":"<!-- This site is optimized with the Yoast SEO plugin v26.7 - https:\/\/yoast.com\/wordpress\/plugins\/seo\/ -->\n<title>Publicados Tribunales de Oposiciones Cuerpo de Maestros<\/title>\n<meta name=\"description\" content=\"RESOLUCI\u00d3N de 13 de abril de 2022, de la Directora General de Personal, por la que se determina la composici\u00f3n de los Tribunales correspondientes al\" \/>\n<meta name=\"robots\" content=\"index, follow, max-snippet:-1, max-image-preview:large, max-video-preview:-1\" \/>\n<link rel=\"canonical\" href=\"https:\/\/www.cgtaragonlarioja.org\/fedens\/publicados-tribunales-de-oposiciones-cuerpo-de-maestros\/\" \/>\n<meta property=\"og:locale\" content=\"es_ES\" \/>\n<meta property=\"og:type\" content=\"article\" \/>\n<meta property=\"og:title\" content=\"Publicados Tribunales de Oposiciones Cuerpo de Maestros\" \/>\n<meta property=\"og:description\" content=\"RESOLUCI\u00d3N de 13 de abril de 2022, de la Directora General de Personal, por la que se determina la composici\u00f3n de los Tribunales correspondientes al\" \/>\n<meta property=\"og:url\" content=\"https:\/\/www.cgtaragonlarioja.org\/fedens\/publicados-tribunales-de-oposiciones-cuerpo-de-maestros\/\" \/>\n<meta property=\"og:site_name\" content=\"CGT Arag\u00f3n - La Rioja. ENSE\u00d1ANZA\" \/>\n<meta property=\"article:publisher\" content=\"https:\/\/www.facebook.com\/CGTEnseAragon\/\" \/>\n<meta property=\"article:published_time\" content=\"2022-04-25T07:29:28+00:00\" \/>\n<meta property=\"article:modified_time\" content=\"2022-04-25T07:38:01+00:00\" \/>\n<meta property=\"og:image\" content=\"https:\/\/www.cgtaragonlarioja.org\/fedens\/files\/2018\/02\/26733906_1554681847913244_8673083645265129356_n.jpg\" \/>\n\t<meta property=\"og:image:width\" content=\"500\" \/>\n\t<meta property=\"og:image:height\" content=\"300\" \/>\n\t<meta property=\"og:image:type\" content=\"image\/jpeg\" \/>\n<meta name=\"author\" content=\"kike\" \/>\n<meta name=\"twitter:card\" content=\"summary_large_image\" \/>\n<meta name=\"twitter:creator\" content=\"@CGTeduAragon\" \/>\n<meta name=\"twitter:site\" content=\"@CGTeduAragon\" \/>\n<meta name=\"twitter:label1\" content=\"Escrito por\" \/>\n\t<meta name=\"twitter:data1\" content=\"kike\" \/>\n\t<meta name=\"twitter:label2\" content=\"Tiempo de lectura\" \/>\n\t<meta name=\"twitter:data2\" content=\"3 minutos\" \/>\n<script type=\"application\/ld+json\" class=\"yoast-schema-graph\">{\"@context\":\"https:\/\/schema.org\",\"@graph\":[{\"@type\":\"Article\",\"@id\":\"https:\/\/www.cgtaragonlarioja.org\/fedens\/publicados-tribunales-de-oposiciones-cuerpo-de-maestros\/#article\",\"isPartOf\":{\"@id\":\"https:\/\/www.cgtaragonlarioja.org\/fedens\/publicados-tribunales-de-oposiciones-cuerpo-de-maestros\/\"},\"author\":{\"name\":\"kike\",\"@id\":\"https:\/\/www.cgtaragonlarioja.org\/fedens\/#\/schema\/person\/dfa7d1616615d62a6d79c9593aa09fc3\"},\"headline\":\"Publicados Tribunales de Oposiciones Cuerpo de Maestros\",\"datePublished\":\"2022-04-25T07:29:28+00:00\",\"dateModified\":\"2022-04-25T07:38:01+00:00\",\"mainEntityOfPage\":{\"@id\":\"https:\/\/www.cgtaragonlarioja.org\/fedens\/publicados-tribunales-de-oposiciones-cuerpo-de-maestros\/\"},\"wordCount\":508,\"commentCount\":0,\"publisher\":{\"@id\":\"https:\/\/www.cgtaragonlarioja.org\/fedens\/#organization\"},\"articleSection\":[\"Interinas\",\"Noticias\"],\"inLanguage\":\"es\",\"potentialAction\":[{\"@type\":\"CommentAction\",\"name\":\"Comment\",\"target\":[\"https:\/\/www.cgtaragonlarioja.org\/fedens\/publicados-tribunales-de-oposiciones-cuerpo-de-maestros\/#respond\"]}]},{\"@type\":\"WebPage\",\"@id\":\"https:\/\/www.cgtaragonlarioja.org\/fedens\/publicados-tribunales-de-oposiciones-cuerpo-de-maestros\/\",\"url\":\"https:\/\/www.cgtaragonlarioja.org\/fedens\/publicados-tribunales-de-oposiciones-cuerpo-de-maestros\/\",\"name\":\"Publicados Tribunales de Oposiciones Cuerpo de Maestros\",\"isPartOf\":{\"@id\":\"https:\/\/www.cgtaragonlarioja.org\/fedens\/#website\"},\"datePublished\":\"2022-04-25T07:29:28+00:00\",\"dateModified\":\"2022-04-25T07:38:01+00:00\",\"description\":\"RESOLUCI\u00d3N de 13 de abril de 2022, de la Directora General de Personal, por la que se determina la composici\u00f3n de los Tribunales correspondientes al\",\"breadcrumb\":{\"@id\":\"https:\/\/www.cgtaragonlarioja.org\/fedens\/publicados-tribunales-de-oposiciones-cuerpo-de-maestros\/#breadcrumb\"},\"inLanguage\":\"es\",\"potentialAction\":[{\"@type\":\"ReadAction\",\"target\":[\"https:\/\/www.cgtaragonlarioja.org\/fedens\/publicados-tribunales-de-oposiciones-cuerpo-de-maestros\/\"]}]},{\"@type\":\"BreadcrumbList\",\"@id\":\"https:\/\/www.cgtaragonlarioja.org\/fedens\/publicados-tribunales-de-oposiciones-cuerpo-de-maestros\/#breadcrumb\",\"itemListElement\":[{\"@type\":\"ListItem\",\"position\":1,\"name\":\"Portada\",\"item\":\"https:\/\/www.cgtaragonlarioja.org\/fedens\/\"},{\"@type\":\"ListItem\",\"position\":2,\"name\":\"Publicados Tribunales de Oposiciones Cuerpo de Maestros\"}]},{\"@type\":\"WebSite\",\"@id\":\"https:\/\/www.cgtaragonlarioja.org\/fedens\/#website\",\"url\":\"https:\/\/www.cgtaragonlarioja.org\/fedens\/\",\"name\":\"CGT Arag\u00f3n - La Rioja. ENSE\u00d1ANZA\",\"description\":\"CONTACTAR: Calatayud-Aranda: 654897973 \/ Huesca: 974238404 \/ Teruel: 978619265 \/ Zaragoza: 976922002\",\"publisher\":{\"@id\":\"https:\/\/www.cgtaragonlarioja.org\/fedens\/#organization\"},\"potentialAction\":[{\"@type\":\"SearchAction\",\"target\":{\"@type\":\"EntryPoint\",\"urlTemplate\":\"https:\/\/www.cgtaragonlarioja.org\/fedens\/?s={search_term_string}\"},\"query-input\":{\"@type\":\"PropertyValueSpecification\",\"valueRequired\":true,\"valueName\":\"search_term_string\"}}],\"inLanguage\":\"es\"},{\"@type\":\"Organization\",\"@id\":\"https:\/\/www.cgtaragonlarioja.org\/fedens\/#organization\",\"name\":\"CGT Arag\u00f3n y La Rioja - Ense\u00f1anza\",\"url\":\"https:\/\/www.cgtaragonlarioja.org\/fedens\/\",\"logo\":{\"@type\":\"ImageObject\",\"inLanguage\":\"es\",\"@id\":\"https:\/\/www.cgtaragonlarioja.org\/fedens\/#\/schema\/logo\/image\/\",\"url\":\"https:\/\/www.cgtaragonlarioja.org\/fedens\/files\/2021\/02\/logo_cgt_ense_huesca_170x250.png\",\"contentUrl\":\"https:\/\/www.cgtaragonlarioja.org\/fedens\/files\/2021\/02\/logo_cgt_ense_huesca_170x250.png\",\"width\":170,\"height\":250,\"caption\":\"CGT Arag\u00f3n y La Rioja - Ense\u00f1anza\"},\"image\":{\"@id\":\"https:\/\/www.cgtaragonlarioja.org\/fedens\/#\/schema\/logo\/image\/\"},\"sameAs\":[\"https:\/\/www.facebook.com\/CGTEnseAragon\/\",\"https:\/\/x.com\/CGTeduAragon\"]},{\"@type\":\"Person\",\"@id\":\"https:\/\/www.cgtaragonlarioja.org\/fedens\/#\/schema\/person\/dfa7d1616615d62a6d79c9593aa09fc3\",\"name\":\"kike\",\"image\":{\"@type\":\"ImageObject\",\"inLanguage\":\"es\",\"@id\":\"https:\/\/www.cgtaragonlarioja.org\/fedens\/#\/schema\/person\/image\/\",\"url\":\"https:\/\/secure.gravatar.com\/avatar\/f1c0788a733c3717c5f8c071e064a9c188df22c90b22388027f4ed27abaa4f3b?s=96&d=mm&r=g\",\"contentUrl\":\"https:\/\/secure.gravatar.com\/avatar\/f1c0788a733c3717c5f8c071e064a9c188df22c90b22388027f4ed27abaa4f3b?s=96&d=mm&r=g\",\"caption\":\"kike\"},\"url\":\"https:\/\/www.cgtaragonlarioja.org\/fedens\/author\/kike\/\"}]}<\/script>\n<!-- \/ Yoast SEO plugin. -->","yoast_head_json":{"title":"Publicados Tribunales de Oposiciones Cuerpo de Maestros","description":"RESOLUCI\u00d3N de 13 de abril de 2022, de la Directora General de Personal, por la que se determina la composici\u00f3n de los Tribunales correspondientes al","robots":{"index":"index","follow":"follow","max-snippet":"max-snippet:-1","max-image-preview":"max-image-preview:large","max-video-preview":"max-video-preview:-1"},"canonical":"https:\/\/www.cgtaragonlarioja.org\/fedens\/publicados-tribunales-de-oposiciones-cuerpo-de-maestros\/","og_locale":"es_ES","og_type":"article","og_title":"Publicados Tribunales de Oposiciones Cuerpo de Maestros","og_description":"RESOLUCI\u00d3N de 13 de abril de 2022, de la Directora General de Personal, por la que se determina la composici\u00f3n de los Tribunales correspondientes al","og_url":"https:\/\/www.cgtaragonlarioja.org\/fedens\/publicados-tribunales-de-oposiciones-cuerpo-de-maestros\/","og_site_name":"CGT Arag\u00f3n - La Rioja. ENSE\u00d1ANZA","article_publisher":"https:\/\/www.facebook.com\/CGTEnseAragon\/","article_published_time":"2022-04-25T07:29:28+00:00","article_modified_time":"2022-04-25T07:38:01+00:00","og_image":[{"width":500,"height":300,"url":"https:\/\/www.cgtaragonlarioja.org\/fedens\/files\/2018\/02\/26733906_1554681847913244_8673083645265129356_n.jpg","type":"image\/jpeg"}],"author":"kike","twitter_card":"summary_large_image","twitter_creator":"@CGTeduAragon","twitter_site":"@CGTeduAragon","twitter_misc":{"Escrito por":"kike","Tiempo de lectura":"3 minutos"},"schema":{"@context":"https:\/\/schema.org","@graph":[{"@type":"Article","@id":"https:\/\/www.cgtaragonlarioja.org\/fedens\/publicados-tribunales-de-oposiciones-cuerpo-de-maestros\/#article","isPartOf":{"@id":"https:\/\/www.cgtaragonlarioja.org\/fedens\/publicados-tribunales-de-oposiciones-cuerpo-de-maestros\/"},"author":{"name":"kike","@id":"https:\/\/www.cgtaragonlarioja.org\/fedens\/#\/schema\/person\/dfa7d1616615d62a6d79c9593aa09fc3"},"headline":"Publicados Tribunales de Oposiciones Cuerpo de Maestros","datePublished":"2022-04-25T07:29:28+00:00","dateModified":"2022-04-25T07:38:01+00:00","mainEntityOfPage":{"@id":"https:\/\/www.cgtaragonlarioja.org\/fedens\/publicados-tribunales-de-oposiciones-cuerpo-de-maestros\/"},"wordCount":508,"commentCount":0,"publisher":{"@id":"https:\/\/www.cgtaragonlarioja.org\/fedens\/#organization"},"articleSection":["Interinas","Noticias"],"inLanguage":"es","potentialAction":[{"@type":"CommentAction","name":"Comment","target":["https:\/\/www.cgtaragonlarioja.org\/fedens\/publicados-tribunales-de-oposiciones-cuerpo-de-maestros\/#respond"]}]},{"@type":"WebPage","@id":"https:\/\/www.cgtaragonlarioja.org\/fedens\/publicados-tribunales-de-oposiciones-cuerpo-de-maestros\/","url":"https:\/\/www.cgtaragonlarioja.org\/fedens\/publicados-tribunales-de-oposiciones-cuerpo-de-maestros\/","name":"Publicados Tribunales de Oposiciones Cuerpo de Maestros","isPartOf":{"@id":"https:\/\/www.cgtaragonlarioja.org\/fedens\/#website"},"datePublished":"2022-04-25T07:29:28+00:00","dateModified":"2022-04-25T07:38:01+00:00","description":"RESOLUCI\u00d3N de 13 de abril de 2022, de la Directora General de Personal, por la que se determina la composici\u00f3n de los Tribunales correspondientes al","breadcrumb":{"@id":"https:\/\/www.cgtaragonlarioja.org\/fedens\/publicados-tribunales-de-oposiciones-cuerpo-de-maestros\/#breadcrumb"},"inLanguage":"es","potentialAction":[{"@type":"ReadAction","target":["https:\/\/www.cgtaragonlarioja.org\/fedens\/publicados-tribunales-de-oposiciones-cuerpo-de-maestros\/"]}]},{"@type":"BreadcrumbList","@id":"https:\/\/www.cgtaragonlarioja.org\/fedens\/publicados-tribunales-de-oposiciones-cuerpo-de-maestros\/#breadcrumb","itemListElement":[{"@type":"ListItem","position":1,"name":"Portada","item":"https:\/\/www.cgtaragonlarioja.org\/fedens\/"},{"@type":"ListItem","position":2,"name":"Publicados Tribunales de Oposiciones Cuerpo de Maestros"}]},{"@type":"WebSite","@id":"https:\/\/www.cgtaragonlarioja.org\/fedens\/#website","url":"https:\/\/www.cgtaragonlarioja.org\/fedens\/","name":"CGT Arag\u00f3n - La Rioja. ENSE\u00d1ANZA","description":"CONTACTAR: Calatayud-Aranda: 654897973 \/ Huesca: 974238404 \/ Teruel: 978619265 \/ Zaragoza: 976922002","publisher":{"@id":"https:\/\/www.cgtaragonlarioja.org\/fedens\/#organization"},"potentialAction":[{"@type":"SearchAction","target":{"@type":"EntryPoint","urlTemplate":"https:\/\/www.cgtaragonlarioja.org\/fedens\/?s={search_term_string}"},"query-input":{"@type":"PropertyValueSpecification","valueRequired":true,"valueName":"search_term_string"}}],"inLanguage":"es"},{"@type":"Organization","@id":"https:\/\/www.cgtaragonlarioja.org\/fedens\/#organization","name":"CGT Arag\u00f3n y La Rioja - Ense\u00f1anza","url":"https:\/\/www.cgtaragonlarioja.org\/fedens\/","logo":{"@type":"ImageObject","inLanguage":"es","@id":"https:\/\/www.cgtaragonlarioja.org\/fedens\/#\/schema\/logo\/image\/","url":"https:\/\/www.cgtaragonlarioja.org\/fedens\/files\/2021\/02\/logo_cgt_ense_huesca_170x250.png","contentUrl":"https:\/\/www.cgtaragonlarioja.org\/fedens\/files\/2021\/02\/logo_cgt_ense_huesca_170x250.png","width":170,"height":250,"caption":"CGT Arag\u00f3n y La Rioja - Ense\u00f1anza"},"image":{"@id":"https:\/\/www.cgtaragonlarioja.org\/fedens\/#\/schema\/logo\/image\/"},"sameAs":["https:\/\/www.facebook.com\/CGTEnseAragon\/","https:\/\/x.com\/CGTeduAragon"]},{"@type":"Person","@id":"https:\/\/www.cgtaragonlarioja.org\/fedens\/#\/schema\/person\/dfa7d1616615d62a6d79c9593aa09fc3","name":"kike","image":{"@type":"ImageObject","inLanguage":"es","@id":"https:\/\/www.cgtaragonlarioja.org\/fedens\/#\/schema\/person\/image\/","url":"https:\/\/secure.gravatar.com\/avatar\/f1c0788a733c3717c5f8c071e064a9c188df22c90b22388027f4ed27abaa4f3b?s=96&d=mm&r=g","contentUrl":"https:\/\/secure.gravatar.com\/avatar\/f1c0788a733c3717c5f8c071e064a9c188df22c90b22388027f4ed27abaa4f3b?s=96&d=mm&r=g","caption":"kike"},"url":"https:\/\/www.cgtaragonlarioja.org\/fedens\/author\/kike\/"}]}},"_links":{"self":[{"href":"https:\/\/www.cgtaragonlarioja.org\/fedens\/wp-json\/wp\/v2\/posts\/14622","targetHints":{"allow":["GET"]}}],"collection":[{"href":"https:\/\/www.cgtaragonlarioja.org\/fedens\/wp-json\/wp\/v2\/posts"}],"about":[{"href":"https:\/\/www.cgtaragonlarioja.org\/fedens\/wp-json\/wp\/v2\/types\/post"}],"author":[{"embeddable":true,"href":"https:\/\/www.cgtaragonlarioja.org\/fedens\/wp-json\/wp\/v2\/users\/486"}],"replies":[{"embeddable":true,"href":"https:\/\/www.cgtaragonlarioja.org\/fedens\/wp-json\/wp\/v2\/comments?post=14622"}],"version-history":[{"count":3,"href":"https:\/\/www.cgtaragonlarioja.org\/fedens\/wp-json\/wp\/v2\/posts\/14622\/revisions"}],"predecessor-version":[{"id":14626,"href":"https:\/\/www.cgtaragonlarioja.org\/fedens\/wp-json\/wp\/v2\/posts\/14622\/revisions\/14626"}],"wp:attachment":[{"href":"https:\/\/www.cgtaragonlarioja.org\/fedens\/wp-json\/wp\/v2\/media?parent=14622"}],"wp:term":[{"taxonomy":"category","embeddable":true,"href":"https:\/\/www.cgtaragonlarioja.org\/fedens\/wp-json\/wp\/v2\/categories?post=14622"},{"taxonomy":"post_tag","embeddable":true,"href":"https:\/\/www.cgtaragonlarioja.org\/fedens\/wp-json\/wp\/v2\/tags?post=14622"}],"curies":[{"name":"wp","href":"https:\/\/api.w.org\/{rel}","templated":true}]}}